{"id":24257,"date":"2022-12-07T12:31:18","date_gmt":"2022-12-07T11:31:18","guid":{"rendered":"https:\/\/www.mines-stetienne.fr\/panoramines\/?p=24257"},"modified":"2022-12-07T12:34:17","modified_gmt":"2022-12-07T11:34:17","slug":"rencontre-avec-la-delegation-developpement-durable-et-responsabilite-societale","status":"publish","type":"post","link":"https:\/\/www.mines-stetienne.fr\/panoramines\/2022\/12\/07\/rencontre-avec-la-delegation-developpement-durable-et-responsabilite-societale\/","title":{"rendered":"Rencontre avec la d\u00e9l\u00e9gation D\u00e9veloppement Durable et Responsabilit\u00e9 Soci\u00e9tale"},"content":{"rendered":"\n<h2 class=\"wp-block-heading\">D\u00e8s 2005, l&rsquo;\u00c9cole s&rsquo;est dot\u00e9e d&rsquo;une d\u00e9l\u00e9gation D\u00e9veloppement Durable et Responsabilit\u00e9 Soci\u00e9tale (DDRS). Elle a en charge la mise en \u0153uvre et de la promotion de la transition \u00e9cologique et de la responsabilit\u00e9 soci\u00e9tale dans l&rsquo;ensemble des activit\u00e9s de l&rsquo;\u00c9cole : enseignements (enseignants et \u00e9l\u00e8ves), recherche, administratif et vie des campus. Rencontre avec la d\u00e9l\u00e9gation :<\/h2>\n\n\n\n<h3 class=\"wp-block-heading\">Qu&rsquo;est-ce que la d\u00e9l\u00e9gation DDRS ?<\/h3>\n\n\n\n<blockquote class=\"wp-block-quote is-layout-flow wp-block-quote-is-layout-flow\">\n<p><em>Elle est compos\u00e9e d&rsquo;une vingtaine de personnes volontaires et repr\u00e9sentants les diff\u00e9rents services, campus ou centre de recherche, ainsi que, depuis cette ann\u00e9e, d&rsquo;\u00e9l\u00e8ves des cycles ICM et ISMIN.<\/em><\/p>\n<\/blockquote>\n\n\n\n<p>\u00ab\u00a0<em>La d\u00e9l\u00e9gation DDRS (D\u00e9veloppement Durable et responsabilit\u00e9 soci\u00e9tale) est en charge de la mise en \u0153uvre et de la promotion de la transition \u00e9cologique et de notre responsabilit\u00e9 soci\u00e9tale dans l&rsquo;ensemble de nos activit\u00e9s : enseignements (enseignants et \u00e9l\u00e8ves), recherche, administratif et vie des campus. Elle est compos\u00e9e d&rsquo;une vingtaine de personnes volontaires et repr\u00e9sentants les diff\u00e9rents services, campus ou centre de recherche, ainsi que, depuis cette ann\u00e9e, d&rsquo;\u00e9l\u00e8ves des cycles ICM et ISMIN. Elle est co-anim\u00e9e par la d\u00e9l\u00e9gu\u00e9e DDRS, Natacha Gondran et par Sandrine Bonny, Ing\u00e9nieur Qualit\u00e9 S\u00e9curit\u00e9 S\u00fbret\u00e9 Environnement. La d\u00e9l\u00e9gation se r\u00e9unit tous les deux mois environ pour \u00e9changer sur les actions men\u00e9es, les initiatives en cours ou propos\u00e9es et \u00e9galement sur les \u00e9changes avec la direction. Une liste de diffusion rassemblant les membres de la d\u00e9l\u00e9gation permet \u00e9galement d&rsquo;\u00e9changer de l&rsquo;information sur le sujet de la transition \u00e9cologique et de la responsabilit\u00e9 soci\u00e9tale. Tous les 6 mois, les animatrices de la d\u00e9l\u00e9gation pr\u00e9sentent les diff\u00e9rentes actions et les propositions de la d\u00e9l\u00e9gation aupr\u00e8s&nbsp;&nbsp;du comit\u00e9 de direction de l&rsquo;\u00e9cole dans le cadre&nbsp;des \u00ab\u00a0CoRSE\u00a0\u00bb (Comit\u00e9 d&rsquo;orientation sur la responsabilit\u00e9 soci\u00e9tale de l&rsquo;\u00e9tablissement).\u00a0\u00bb&nbsp;<\/em><\/p>\n\n\n\n<h3 class=\"wp-block-heading\">Quel est le r\u00f4le de la d\u00e9l\u00e9gation ?&nbsp;<\/h3>\n\n\n\n<blockquote class=\"wp-block-quote is-layout-flow wp-block-quote-is-layout-flow\">\n<p>\u00c9changer<em> sur les actions que l&rsquo;\u00e9cole met, ou pourrait mettre, en place pour r\u00e9duire ses impacts sur l&rsquo;environnement<\/em> <em>et am\u00e9liorer sa responsabilit\u00e9 soci\u00e9tale<\/em><\/p>\n<\/blockquote>\n\n\n\n<p><em>L&rsquo;objectif de la d\u00e9l\u00e9gation DD RS est de permettre \u00e0 un r\u00e9seau de personnes travaillant ou \u00e9tudiant au sein de Mines Saint-Etienne d&rsquo;\u00e9changer sur les actions que l&rsquo;\u00e9cole met, ou pourrait mettre, en place pour r\u00e9duire ses impacts sur l&rsquo;environnement (gestion des d\u00e9chets, promotion des mobilit\u00e9s actives, par exemple) et am\u00e9liorer sa responsabilit\u00e9 soci\u00e9tale (en particulier \u00e0 travers la mission diversit\u00e9 anim\u00e9e par H\u00e9l\u00e8ne Pangot). La d\u00e9l\u00e9gation DDRS est ainsi d&rsquo;abord un lieu d&rsquo;\u00e9changes, entre des gens qui ne se connaissaient pas forc\u00e9ment avant d&rsquo;en faire partie, mais qui partagent ces pr\u00e9occupations communes de \u00ab\u00a0faire mieux\u00a0\u00bb nos diff\u00e9rents m\u00e9tiers afin de mieux respecter l&rsquo;environnement et d&rsquo;avoir un r\u00f4le soci\u00e9tal affirm\u00e9, en tant qu&rsquo;\u00e9tablissement public d&rsquo;enseignement sup\u00e9rieur. Dans l&rsquo;organigramme de l&rsquo;Ecole, la d\u00e9l\u00e9gation DD RS est&nbsp; rattach\u00e9e directement au Directeur de l\u2019\u00c9cole. C&rsquo;est pour cela que, tous les 6 mois, nous animons un Comit\u00e9 d&rsquo;orientation sur la Responsabilit\u00e9 Sociale et Environnementale (CoRSE) afin de pr\u00e9senter les actions men\u00e9es au sein de la d\u00e9l\u00e9gation aux membres du comit\u00e9 de direction. Cette d\u00e9marche est formalis\u00e9e dans le cadre du&nbsp;label DD&amp;RS de la Conf\u00e9rence des Grandes \u00c9coles (CGE) et de la Conf\u00e9rence des Pr\u00e9sidents d\u2019Universit\u00e9 (CPU) que nous avons renouvel\u00e9 en 2021.<\/em><\/p>\n\n\n\n<h3 class=\"wp-block-heading\">En quoi consiste le plan sobri\u00e9t\u00e9 d\u00e9velopp\u00e9 par l&rsquo;\u00c9cole ?<\/h3>\n\n\n\n<blockquote class=\"wp-block-quote is-layout-flow wp-block-quote-is-layout-flow\">\n<p><em>Le plan sobri\u00e9t\u00e9 de Mines Saint-Etienne s&rsquo;appuie sur trois th\u00e8mes : les \u00e9nergies, la mobilit\u00e9 et le num\u00e9rique.<\/em> <em>L&rsquo;ensemble des actions men\u00e9es s&rsquo;articulent autour de ces trois th\u00e8mes par le biais d&rsquo;\u00e9cogestes, de consommation raisonnable et raisonn\u00e9e, d&rsquo;achats responsable et de sensibilisation.<\/em><\/p>\n<\/blockquote>\n\n\n\n<p><em>Le plan Sobri\u00e9t\u00e9 de l&rsquo;Ecole s&rsquo;inscrit dans <a href=\"https:\/\/www.ecologie.gouv.fr\/sobriete-energetique-plan-reduire-notre-consommation-denergie\" target=\"_blank\" rel=\"noreferrer noopener\">la d\u00e9marche de l&rsquo;Etat<\/a> qui vise \u00e0 permettre \u00e0 la France de sortir de sa d\u00e9pendance aux \u00e9nergies fossiles et de r\u00e9duire de 40 % sa consommation d\u2019\u00e9nergie d&rsquo;ici 2050. Ces objectifs supposent de transformer durablement nos habitudes et nos comportements. Concr\u00e8tement, le plan sobri\u00e9t\u00e9 de Mines Saint-Etienne s&rsquo;appuie sur trois th\u00e8mes : les \u00e9nergies, la mobilit\u00e9 et le num\u00e9rique. L&rsquo;ensemble des actions men\u00e9es s&rsquo;articulent autour de ces trois th\u00e8mes par le biais d&rsquo;\u00e9cogestes, de consommation raisonnable et raisonn\u00e9e, d&rsquo;achats responsable et de sensibilisation. Ces actions viennent en compl\u00e9ment d&rsquo;investissements lourds qui sont par ailleurs men\u00e9s dans les b\u00e2timents (en particulier au 158 en ce moment) pour am\u00e9liorer leur efficacit\u00e9 \u00e9nerg\u00e9tique. Le plan Sobri\u00e9t\u00e9 de l&rsquo;Ecole vient appuyer les mesures mises en \u0153uvre pour atteindre les engagements pris pour la r\u00e9duction des gaz \u00e0 effets de serre \u00e9mis dans la&nbsp;<a href=\"https:\/\/www.mines-stetienne.fr\/panoramines\/wp-content\/uploads\/sites\/3\/2020\/08\/Plaquette-DDRSE-web.pdf\" target=\"_blank\" rel=\"noreferrer noopener\">strat\u00e9gie d\u00e9veloppement durable de Mines Saint-Etienne<\/a>.&nbsp;&nbsp;<\/em><\/p>\n\n\n\n<p><em>En guise de conclusion, si ces sujets vous int\u00e9ressent et\/ou que vous avez des id\u00e9es de choses concr\u00e8tent que Mines Saint-\u00c9tienne pourrait faire pour r\u00e9duire ses impacts sur l&rsquo;environnement et am\u00e9liorer sa responsabilit\u00e9 soci\u00e9tale, n&rsquo;h\u00e9sitez pas \u00e0 contacter Sandrine Bonny ou Natacha Gondran, ou \u00e0 faire remonter vos id\u00e9es d&rsquo;actions pour la sobri\u00e9t\u00e9 via les bo\u00eetes \u00e0 id\u00e9es dans les b\u00e2timents ou sur&nbsp;le <a href=\"https:\/\/portail.emse.fr\/kanboard\/?controller=BoardViewController&amp;action=show&amp;project_id=174\" target=\"_blank\" rel=\"noreferrer noopener\">portail interne<\/a>.&nbsp;&nbsp;<\/em><\/p>\n","protected":false},"excerpt":{"rendered":"<p>D\u00e8s 2005, l&rsquo;\u00c9cole s&rsquo;est dot\u00e9e d&rsquo;une d\u00e9l\u00e9gation D\u00e9veloppement Durable et Responsabilit\u00e9 Soci\u00e9tale (DDRS). Elle a en charge la mise en \u0153uvre et de la promotion de la transition \u00e9cologique et de la responsabilit\u00e9 soci\u00e9tale dans l&rsquo;ensemble des activit\u00e9s de l&rsquo;\u00c9cole &hellip;<\/p>\n","protected":false},"author":6823,"featured_media":24277,"comment_status":"closed","ping_status":"open","sticky":false,"template":"","format":"standard","meta":{"_relevanssi_hide_post":"","_relevanssi_hide_content":"","_relevanssi_pin_for_all":"","_relevanssi_pin_keywords":"","_relevanssi_unpin_keywords":"","_relevanssi_related_keywords":"","_relevanssi_related_include_ids":"","_relevanssi_related_exclude_ids":"","_relevanssi_related_no_append":"","_relevanssi_related_not_related":"","_relevanssi_related_posts":"6560,463,3817,650,967,1362","_relevanssi_noindex_reason":"","footnotes":""},"categories":[11],"tags":[834,833,78,707,705,253],"class_list":["post-24257","post","type-post","status-publish","format-standard","has-post-thumbnail","hentry","category-vie-de-l-ecole","tag-delagation","tag-delegation-ddrs","tag-developpement-durable","tag-ecologie-2","tag-responsabilite-societale","tag-transition-energetique"],"pp_statuses_selecting_workflow":false,"pp_workflow_action":"current","pp_status_selection":"publish","pp_force_visibility":null,"pp_subpost_visibility":null,"pp_inherited_force_visibility":null,"pp_inherited_subpost_visibility":null,"yoast_head":"<!-- This site is optimized with the Yoast SEO plugin v27.4 - https:\/\/yoast.com\/product\/yoast-seo-wordpress\/ -->\n<title>Rencontre avec la d\u00e9l\u00e9gation D\u00e9veloppement Durable et Responsabilit\u00e9 Soci\u00e9tale - Panoramines<\/title>\n<meta name=\"robots\" content=\"index, follow, max-snippet:-1, max-image-preview:large, max-video-preview:-1\" \/>\n<link rel=\"canonical\" href=\"https:\/\/www.mines-stetienne.fr\/panoramines\/2022\/12\/07\/rencontre-avec-la-delegation-developpement-durable-et-responsabilite-societale\/\" \/>\n<meta property=\"og:locale\" content=\"fr_FR\" \/>\n<meta property=\"og:type\" content=\"article\" \/>\n<meta property=\"og:title\" content=\"Rencontre avec la d\u00e9l\u00e9gation D\u00e9veloppement Durable et Responsabilit\u00e9 Soci\u00e9tale - Panoramines\" \/>\n<meta property=\"og:description\" content=\"D\u00e8s 2005, l&rsquo;\u00c9cole s&rsquo;est dot\u00e9e d&rsquo;une d\u00e9l\u00e9gation D\u00e9veloppement Durable et Responsabilit\u00e9 Soci\u00e9tale (DDRS). Elle a en charge la mise en \u0153uvre et de la promotion de la transition \u00e9cologique et de la responsabilit\u00e9 soci\u00e9tale dans l&rsquo;ensemble des activit\u00e9s de l&rsquo;\u00c9cole &hellip;\" \/>\n<meta property=\"og:url\" content=\"https:\/\/www.mines-stetienne.fr\/panoramines\/2022\/12\/07\/rencontre-avec-la-delegation-developpement-durable-et-responsabilite-societale\/\" \/>\n<meta property=\"og:site_name\" content=\"Panoramines\" \/>\n<meta property=\"article:published_time\" content=\"2022-12-07T11:31:18+00:00\" \/>\n<meta property=\"article:modified_time\" content=\"2022-12-07T11:34:17+00:00\" \/>\n<meta property=\"og:image\" content=\"https:\/\/www.mines-stetienne.fr\/panoramines\/wp-content\/uploads\/sites\/3\/2022\/12\/1604932456674-1024x576.png\" \/>\n\t<meta property=\"og:image:width\" content=\"1024\" \/>\n\t<meta property=\"og:image:height\" content=\"576\" \/>\n\t<meta property=\"og:image:type\" content=\"image\/png\" \/>\n<meta name=\"author\" content=\"CORTES Lucas\" \/>\n<meta name=\"twitter:card\" content=\"summary_large_image\" \/>\n<meta name=\"twitter:label1\" content=\"\u00c9crit par\" \/>\n\t<meta name=\"twitter:data1\" content=\"CORTES Lucas\" \/>\n\t<meta name=\"twitter:label2\" content=\"Dur\u00e9e de lecture estim\u00e9e\" \/>\n\t<meta name=\"twitter:data2\" content=\"4 minutes\" \/>\n<script type=\"application\/ld+json\" class=\"yoast-schema-graph\">{\"@context\":\"https:\\\/\\\/schema.org\",\"@graph\":[{\"@type\":\"Article\",\"@id\":\"https:\\\/\\\/www.mines-stetienne.fr\\\/panoramines\\\/2022\\\/12\\\/07\\\/rencontre-avec-la-delegation-developpement-durable-et-responsabilite-societale\\\/#article\",\"isPartOf\":{\"@id\":\"https:\\\/\\\/www.mines-stetienne.fr\\\/panoramines\\\/2022\\\/12\\\/07\\\/rencontre-avec-la-delegation-developpement-durable-et-responsabilite-societale\\\/\"},\"author\":{\"name\":\"CORTES Lucas\",\"@id\":\"https:\\\/\\\/www.mines-stetienne.fr\\\/panoramines\\\/#\\\/schema\\\/person\\\/f93b3567fe25af690eb69a1501646912\"},\"headline\":\"Rencontre avec la d\u00e9l\u00e9gation D\u00e9veloppement Durable et Responsabilit\u00e9 Soci\u00e9tale\",\"datePublished\":\"2022-12-07T11:31:18+00:00\",\"dateModified\":\"2022-12-07T11:34:17+00:00\",\"mainEntityOfPage\":{\"@id\":\"https:\\\/\\\/www.mines-stetienne.fr\\\/panoramines\\\/2022\\\/12\\\/07\\\/rencontre-avec-la-delegation-developpement-durable-et-responsabilite-societale\\\/\"},\"wordCount\":934,\"image\":{\"@id\":\"https:\\\/\\\/www.mines-stetienne.fr\\\/panoramines\\\/2022\\\/12\\\/07\\\/rencontre-avec-la-delegation-developpement-durable-et-responsabilite-societale\\\/#primaryimage\"},\"thumbnailUrl\":\"https:\\\/\\\/www.mines-stetienne.fr\\\/panoramines\\\/wp-content\\\/uploads\\\/sites\\\/3\\\/2022\\\/12\\\/1604932456674.png\",\"keywords\":[\"D\u00e9lagation\",\"D\u00e9l\u00e9gation DDRS\",\"D\u00e9veloppement durable\",\"Ecologie\",\"Responsabilit\u00e9 soci\u00e9tale\",\"Transition \u00e9nerg\u00e9tique\"],\"articleSection\":[\"Vie de l'\u00c9cole\"],\"inLanguage\":\"fr-FR\"},{\"@type\":\"WebPage\",\"@id\":\"https:\\\/\\\/www.mines-stetienne.fr\\\/panoramines\\\/2022\\\/12\\\/07\\\/rencontre-avec-la-delegation-developpement-durable-et-responsabilite-societale\\\/\",\"url\":\"https:\\\/\\\/www.mines-stetienne.fr\\\/panoramines\\\/2022\\\/12\\\/07\\\/rencontre-avec-la-delegation-developpement-durable-et-responsabilite-societale\\\/\",\"name\":\"Rencontre avec la d\u00e9l\u00e9gation D\u00e9veloppement Durable et Responsabilit\u00e9 Soci\u00e9tale - Panoramines\",\"isPartOf\":{\"@id\":\"https:\\\/\\\/www.mines-stetienne.fr\\\/panoramines\\\/#website\"},\"primaryImageOfPage\":{\"@id\":\"https:\\\/\\\/www.mines-stetienne.fr\\\/panoramines\\\/2022\\\/12\\\/07\\\/rencontre-avec-la-delegation-developpement-durable-et-responsabilite-societale\\\/#primaryimage\"},\"image\":{\"@id\":\"https:\\\/\\\/www.mines-stetienne.fr\\\/panoramines\\\/2022\\\/12\\\/07\\\/rencontre-avec-la-delegation-developpement-durable-et-responsabilite-societale\\\/#primaryimage\"},\"thumbnailUrl\":\"https:\\\/\\\/www.mines-stetienne.fr\\\/panoramines\\\/wp-content\\\/uploads\\\/sites\\\/3\\\/2022\\\/12\\\/1604932456674.png\",\"datePublished\":\"2022-12-07T11:31:18+00:00\",\"dateModified\":\"2022-12-07T11:34:17+00:00\",\"author\":{\"@id\":\"https:\\\/\\\/www.mines-stetienne.fr\\\/panoramines\\\/#\\\/schema\\\/person\\\/f93b3567fe25af690eb69a1501646912\"},\"breadcrumb\":{\"@id\":\"https:\\\/\\\/www.mines-stetienne.fr\\\/panoramines\\\/2022\\\/12\\\/07\\\/rencontre-avec-la-delegation-developpement-durable-et-responsabilite-societale\\\/#breadcrumb\"},\"inLanguage\":\"fr-FR\",\"potentialAction\":[{\"@type\":\"ReadAction\",\"target\":[\"https:\\\/\\\/www.mines-stetienne.fr\\\/panoramines\\\/2022\\\/12\\\/07\\\/rencontre-avec-la-delegation-developpement-durable-et-responsabilite-societale\\\/\"]}]},{\"@type\":\"ImageObject\",\"inLanguage\":\"fr-FR\",\"@id\":\"https:\\\/\\\/www.mines-stetienne.fr\\\/panoramines\\\/2022\\\/12\\\/07\\\/rencontre-avec-la-delegation-developpement-durable-et-responsabilite-societale\\\/#primaryimage\",\"url\":\"https:\\\/\\\/www.mines-stetienne.fr\\\/panoramines\\\/wp-content\\\/uploads\\\/sites\\\/3\\\/2022\\\/12\\\/1604932456674.png\",\"contentUrl\":\"https:\\\/\\\/www.mines-stetienne.fr\\\/panoramines\\\/wp-content\\\/uploads\\\/sites\\\/3\\\/2022\\\/12\\\/1604932456674.png\",\"width\":1280,\"height\":720},{\"@type\":\"BreadcrumbList\",\"@id\":\"https:\\\/\\\/www.mines-stetienne.fr\\\/panoramines\\\/2022\\\/12\\\/07\\\/rencontre-avec-la-delegation-developpement-durable-et-responsabilite-societale\\\/#breadcrumb\",\"itemListElement\":[{\"@type\":\"ListItem\",\"position\":1,\"name\":\"Accueil\",\"item\":\"https:\\\/\\\/www.mines-stetienne.fr\\\/panoramines\\\/\"},{\"@type\":\"ListItem\",\"position\":2,\"name\":\"Rencontre avec la d\u00e9l\u00e9gation D\u00e9veloppement Durable et Responsabilit\u00e9 Soci\u00e9tale\"}]},{\"@type\":\"WebSite\",\"@id\":\"https:\\\/\\\/www.mines-stetienne.fr\\\/panoramines\\\/#website\",\"url\":\"https:\\\/\\\/www.mines-stetienne.fr\\\/panoramines\\\/\",\"name\":\"Panoramines\",\"description\":\"Panoramines, l\u2019actualit\u00e9 de MINES Saint-\u00c9tienne\",\"potentialAction\":[{\"@type\":\"SearchAction\",\"target\":{\"@type\":\"EntryPoint\",\"urlTemplate\":\"https:\\\/\\\/www.mines-stetienne.fr\\\/panoramines\\\/?s={search_term_string}\"},\"query-input\":{\"@type\":\"PropertyValueSpecification\",\"valueRequired\":true,\"valueName\":\"search_term_string\"}}],\"inLanguage\":\"fr-FR\"},{\"@type\":\"Person\",\"@id\":\"https:\\\/\\\/www.mines-stetienne.fr\\\/panoramines\\\/#\\\/schema\\\/person\\\/f93b3567fe25af690eb69a1501646912\",\"name\":\"CORTES Lucas\",\"image\":{\"@type\":\"ImageObject\",\"inLanguage\":\"fr-FR\",\"@id\":\"https:\\\/\\\/www.mines-stetienne.fr\\\/panoramines\\\/wp-content\\\/uploads\\\/sites\\\/3\\\/2021\\\/07\\\/logo-75x75-1.png\",\"url\":\"https:\\\/\\\/www.mines-stetienne.fr\\\/panoramines\\\/wp-content\\\/uploads\\\/sites\\\/3\\\/2021\\\/07\\\/logo-75x75-1.png\",\"contentUrl\":\"https:\\\/\\\/www.mines-stetienne.fr\\\/panoramines\\\/wp-content\\\/uploads\\\/sites\\\/3\\\/2021\\\/07\\\/logo-75x75-1.png\",\"caption\":\"CORTES Lucas\"},\"url\":\"https:\\\/\\\/www.mines-stetienne.fr\\\/panoramines\\\/author\\\/lucas-cortes\\\/\"}]}<\/script>\n<!-- \/ Yoast SEO plugin. -->","yoast_head_json":{"title":"Rencontre avec la d\u00e9l\u00e9gation D\u00e9veloppement Durable et Responsabilit\u00e9 Soci\u00e9tale - Panoramines","robots":{"index":"index","follow":"follow","max-snippet":"max-snippet:-1","max-image-preview":"max-image-preview:large","max-video-preview":"max-video-preview:-1"},"canonical":"https:\/\/www.mines-stetienne.fr\/panoramines\/2022\/12\/07\/rencontre-avec-la-delegation-developpement-durable-et-responsabilite-societale\/","og_locale":"fr_FR","og_type":"article","og_title":"Rencontre avec la d\u00e9l\u00e9gation D\u00e9veloppement Durable et Responsabilit\u00e9 Soci\u00e9tale - Panoramines","og_description":"D\u00e8s 2005, l&rsquo;\u00c9cole s&rsquo;est dot\u00e9e d&rsquo;une d\u00e9l\u00e9gation D\u00e9veloppement Durable et Responsabilit\u00e9 Soci\u00e9tale (DDRS). Elle a en charge la mise en \u0153uvre et de la promotion de la transition \u00e9cologique et de la responsabilit\u00e9 soci\u00e9tale dans l&rsquo;ensemble des activit\u00e9s de l&rsquo;\u00c9cole &hellip;","og_url":"https:\/\/www.mines-stetienne.fr\/panoramines\/2022\/12\/07\/rencontre-avec-la-delegation-developpement-durable-et-responsabilite-societale\/","og_site_name":"Panoramines","article_published_time":"2022-12-07T11:31:18+00:00","article_modified_time":"2022-12-07T11:34:17+00:00","og_image":[{"width":1024,"height":576,"url":"https:\/\/www.mines-stetienne.fr\/panoramines\/wp-content\/uploads\/sites\/3\/2022\/12\/1604932456674-1024x576.png","type":"image\/png"}],"author":"CORTES Lucas","twitter_card":"summary_large_image","twitter_misc":{"\u00c9crit par":"CORTES Lucas","Dur\u00e9e de lecture estim\u00e9e":"4 minutes"},"schema":{"@context":"https:\/\/schema.org","@graph":[{"@type":"Article","@id":"https:\/\/www.mines-stetienne.fr\/panoramines\/2022\/12\/07\/rencontre-avec-la-delegation-developpement-durable-et-responsabilite-societale\/#article","isPartOf":{"@id":"https:\/\/www.mines-stetienne.fr\/panoramines\/2022\/12\/07\/rencontre-avec-la-delegation-developpement-durable-et-responsabilite-societale\/"},"author":{"name":"CORTES Lucas","@id":"https:\/\/www.mines-stetienne.fr\/panoramines\/#\/schema\/person\/f93b3567fe25af690eb69a1501646912"},"headline":"Rencontre avec la d\u00e9l\u00e9gation D\u00e9veloppement Durable et Responsabilit\u00e9 Soci\u00e9tale","datePublished":"2022-12-07T11:31:18+00:00","dateModified":"2022-12-07T11:34:17+00:00","mainEntityOfPage":{"@id":"https:\/\/www.mines-stetienne.fr\/panoramines\/2022\/12\/07\/rencontre-avec-la-delegation-developpement-durable-et-responsabilite-societale\/"},"wordCount":934,"image":{"@id":"https:\/\/www.mines-stetienne.fr\/panoramines\/2022\/12\/07\/rencontre-avec-la-delegation-developpement-durable-et-responsabilite-societale\/#primaryimage"},"thumbnailUrl":"https:\/\/www.mines-stetienne.fr\/panoramines\/wp-content\/uploads\/sites\/3\/2022\/12\/1604932456674.png","keywords":["D\u00e9lagation","D\u00e9l\u00e9gation DDRS","D\u00e9veloppement durable","Ecologie","Responsabilit\u00e9 soci\u00e9tale","Transition \u00e9nerg\u00e9tique"],"articleSection":["Vie de l'\u00c9cole"],"inLanguage":"fr-FR"},{"@type":"WebPage","@id":"https:\/\/www.mines-stetienne.fr\/panoramines\/2022\/12\/07\/rencontre-avec-la-delegation-developpement-durable-et-responsabilite-societale\/","url":"https:\/\/www.mines-stetienne.fr\/panoramines\/2022\/12\/07\/rencontre-avec-la-delegation-developpement-durable-et-responsabilite-societale\/","name":"Rencontre avec la d\u00e9l\u00e9gation D\u00e9veloppement Durable et Responsabilit\u00e9 Soci\u00e9tale - Panoramines","isPartOf":{"@id":"https:\/\/www.mines-stetienne.fr\/panoramines\/#website"},"primaryImageOfPage":{"@id":"https:\/\/www.mines-stetienne.fr\/panoramines\/2022\/12\/07\/rencontre-avec-la-delegation-developpement-durable-et-responsabilite-societale\/#primaryimage"},"image":{"@id":"https:\/\/www.mines-stetienne.fr\/panoramines\/2022\/12\/07\/rencontre-avec-la-delegation-developpement-durable-et-responsabilite-societale\/#primaryimage"},"thumbnailUrl":"https:\/\/www.mines-stetienne.fr\/panoramines\/wp-content\/uploads\/sites\/3\/2022\/12\/1604932456674.png","datePublished":"2022-12-07T11:31:18+00:00","dateModified":"2022-12-07T11:34:17+00:00","author":{"@id":"https:\/\/www.mines-stetienne.fr\/panoramines\/#\/schema\/person\/f93b3567fe25af690eb69a1501646912"},"breadcrumb":{"@id":"https:\/\/www.mines-stetienne.fr\/panoramines\/2022\/12\/07\/rencontre-avec-la-delegation-developpement-durable-et-responsabilite-societale\/#breadcrumb"},"inLanguage":"fr-FR","potentialAction":[{"@type":"ReadAction","target":["https:\/\/www.mines-stetienne.fr\/panoramines\/2022\/12\/07\/rencontre-avec-la-delegation-developpement-durable-et-responsabilite-societale\/"]}]},{"@type":"ImageObject","inLanguage":"fr-FR","@id":"https:\/\/www.mines-stetienne.fr\/panoramines\/2022\/12\/07\/rencontre-avec-la-delegation-developpement-durable-et-responsabilite-societale\/#primaryimage","url":"https:\/\/www.mines-stetienne.fr\/panoramines\/wp-content\/uploads\/sites\/3\/2022\/12\/1604932456674.png","contentUrl":"https:\/\/www.mines-stetienne.fr\/panoramines\/wp-content\/uploads\/sites\/3\/2022\/12\/1604932456674.png","width":1280,"height":720},{"@type":"BreadcrumbList","@id":"https:\/\/www.mines-stetienne.fr\/panoramines\/2022\/12\/07\/rencontre-avec-la-delegation-developpement-durable-et-responsabilite-societale\/#breadcrumb","itemListElement":[{"@type":"ListItem","position":1,"name":"Accueil","item":"https:\/\/www.mines-stetienne.fr\/panoramines\/"},{"@type":"ListItem","position":2,"name":"Rencontre avec la d\u00e9l\u00e9gation D\u00e9veloppement Durable et Responsabilit\u00e9 Soci\u00e9tale"}]},{"@type":"WebSite","@id":"https:\/\/www.mines-stetienne.fr\/panoramines\/#website","url":"https:\/\/www.mines-stetienne.fr\/panoramines\/","name":"Panoramines","description":"Panoramines, l\u2019actualit\u00e9 de MINES Saint-\u00c9tienne","potentialAction":[{"@type":"SearchAction","target":{"@type":"EntryPoint","urlTemplate":"https:\/\/www.mines-stetienne.fr\/panoramines\/?s={search_term_string}"},"query-input":{"@type":"PropertyValueSpecification","valueRequired":true,"valueName":"search_term_string"}}],"inLanguage":"fr-FR"},{"@type":"Person","@id":"https:\/\/www.mines-stetienne.fr\/panoramines\/#\/schema\/person\/f93b3567fe25af690eb69a1501646912","name":"CORTES Lucas","image":{"@type":"ImageObject","inLanguage":"fr-FR","@id":"https:\/\/www.mines-stetienne.fr\/panoramines\/wp-content\/uploads\/sites\/3\/2021\/07\/logo-75x75-1.png","url":"https:\/\/www.mines-stetienne.fr\/panoramines\/wp-content\/uploads\/sites\/3\/2021\/07\/logo-75x75-1.png","contentUrl":"https:\/\/www.mines-stetienne.fr\/panoramines\/wp-content\/uploads\/sites\/3\/2021\/07\/logo-75x75-1.png","caption":"CORTES Lucas"},"url":"https:\/\/www.mines-stetienne.fr\/panoramines\/author\/lucas-cortes\/"}]}},"_links":{"self":[{"href":"https:\/\/www.mines-stetienne.fr\/panoramines\/wp-json\/wp\/v2\/posts\/24257","targetHints":{"allow":["GET"]}}],"collection":[{"href":"https:\/\/www.mines-stetienne.fr\/panoramines\/wp-json\/wp\/v2\/posts"}],"about":[{"href":"https:\/\/www.mines-stetienne.fr\/panoramines\/wp-json\/wp\/v2\/types\/post"}],"author":[{"embeddable":true,"href":"https:\/\/www.mines-stetienne.fr\/panoramines\/wp-json\/wp\/v2\/users\/6823"}],"replies":[{"embeddable":true,"href":"https:\/\/www.mines-stetienne.fr\/panoramines\/wp-json\/wp\/v2\/comments?post=24257"}],"version-history":[{"count":6,"href":"https:\/\/www.mines-stetienne.fr\/panoramines\/wp-json\/wp\/v2\/posts\/24257\/revisions"}],"predecessor-version":[{"id":24295,"href":"https:\/\/www.mines-stetienne.fr\/panoramines\/wp-json\/wp\/v2\/posts\/24257\/revisions\/24295"}],"wp:featuredmedia":[{"embeddable":true,"href":"https:\/\/www.mines-stetienne.fr\/panoramines\/wp-json\/wp\/v2\/media\/24277"}],"wp:attachment":[{"href":"https:\/\/www.mines-stetienne.fr\/panoramines\/wp-json\/wp\/v2\/media?parent=24257"}],"wp:term":[{"taxonomy":"category","embeddable":true,"href":"https:\/\/www.mines-stetienne.fr\/panoramines\/wp-json\/wp\/v2\/categories?post=24257"},{"taxonomy":"post_tag","embeddable":true,"href":"https:\/\/www.mines-stetienne.fr\/panoramines\/wp-json\/wp\/v2\/tags?post=24257"}],"curies":[{"name":"wp","href":"https:\/\/api.w.org\/{rel}","templated":true}]}}