{"id":24234,"date":"2022-11-30T16:34:57","date_gmt":"2022-11-30T15:34:57","guid":{"rendered":"https:\/\/www.mines-stetienne.fr\/panoramines\/?p=24234"},"modified":"2022-12-01T11:02:07","modified_gmt":"2022-12-01T10:02:07","slug":"centrale-lyon-lentpe-linsa-lyon-et-mines-saint-etienne-creent-le-college-dingenierie-lyon-saint-etienne","status":"publish","type":"post","link":"https:\/\/www.mines-stetienne.fr\/panoramines\/2022\/11\/30\/centrale-lyon-lentpe-linsa-lyon-et-mines-saint-etienne-creent-le-college-dingenierie-lyon-saint-etienne\/","title":{"rendered":"<strong>Centrale Lyon, l\u2019ENTPE, l\u2019INSA Lyon et Mines Saint-\u00c9tienne cr\u00e9ent le Coll\u00e8ge d\u2019Ing\u00e9nierie Lyon Saint-\u00c9tienne<\/strong>"},"content":{"rendered":"\n<h2 class=\"wp-block-heading\">Le 23 novembre 2022 Pascal Ray, C\u00e9cile Delolme, Fr\u00e9d\u00e9ric Fotiadu et Jacques Fayolle, respectivement directeurs et directrice de <a href=\"https:\/\/www.ec-lyon.fr\/\" target=\"_blank\" rel=\"noreferrer noopener\">l\u2019\u00c9cole Centrale de Lyon<\/a>, de <a href=\"https:\/\/www.entpe.fr\/\" target=\"_blank\" rel=\"noreferrer noopener\">l\u2019ENTPE<\/a>, de <a href=\"https:\/\/www.insa-lyon.fr\/\" target=\"_blank\" rel=\"noreferrer noopener\">l\u2019INSA Lyon<\/a> et de <a href=\"https:\/\/www.mines-stetienne.fr\/\" target=\"_blank\" rel=\"noreferrer noopener\">Mines Saint-\u00c9tienne<\/a>, ont officialis\u00e9 l\u2019alliance entre leurs quatre \u00e9coles avec la cr\u00e9ation du Coll\u00e8ge d\u2019Ing\u00e9nierie Lyon Saint-\u00c9tienne.<\/h2>\n\n\n<div class=\"wp-block-image\">\n<figure class=\"alignleft size-large is-resized\"><img loading=\"lazy\" decoding=\"async\" src=\"https:\/\/www.mines-stetienne.fr\/panoramines\/wp-content\/uploads\/sites\/3\/2022\/11\/Seminaire-strategique-avec-les-4-ecoles-dingenieurs-du-site-987x1024.png\" alt=\"\" class=\"wp-image-24238\" width=\"385\" height=\"399\" srcset=\"https:\/\/www.mines-stetienne.fr\/panoramines\/wp-content\/uploads\/sites\/3\/2022\/11\/Seminaire-strategique-avec-les-4-ecoles-dingenieurs-du-site-987x1024.png 987w, https:\/\/www.mines-stetienne.fr\/panoramines\/wp-content\/uploads\/sites\/3\/2022\/11\/Seminaire-strategique-avec-les-4-ecoles-dingenieurs-du-site-289x300.png 289w, https:\/\/www.mines-stetienne.fr\/panoramines\/wp-content\/uploads\/sites\/3\/2022\/11\/Seminaire-strategique-avec-les-4-ecoles-dingenieurs-du-site-768x796.png 768w, https:\/\/www.mines-stetienne.fr\/panoramines\/wp-content\/uploads\/sites\/3\/2022\/11\/Seminaire-strategique-avec-les-4-ecoles-dingenieurs-du-site.png 1000w\" sizes=\"auto, (max-width: 385px) 100vw, 385px\" \/><figcaption class=\"wp-element-caption\"><em>\u00c9quipes dirigeantes des \u00e9coles d&rsquo;ing\u00e9nieurs du territoire Lyon Saint-\u00c9tienne \u00e0 l&rsquo;occasion du \u00ab\u00a0S\u00e9minaire strat\u00e9gique du coll\u00e8ge d&rsquo;Ing\u00e9nierie\u00a0\u00bb.<\/em><\/figcaption><\/figure>\n<\/div>\n\n\n<p>Ouvert aux acteurs \u00e9conomiques et collectivit\u00e9s, <strong>le Coll\u00e8ge d\u2019Ing\u00e9nierie Lyon Saint-\u00c9tienne<\/strong> a pour objectif de r\u00e9pondre aux enjeux des grandes transitions. Il vise \u00e0 \u00eatre le d\u00e9monstrateur de nouveaux mod\u00e8les de <strong>coop\u00e9ration territoriale entre acteurs acad\u00e9miques et acteurs socio-\u00e9conomiques.<\/strong> Dans ce cadre, les \u00e9coles s\u2019engagent \u00e0 impulser des projets collaboratifs, ouverts aux autres acteurs universitaires du site, et \u00e0 d\u00e9velopper des actions communes en ing\u00e9nierie permettant de mettre en \u0153uvre des synergies <strong>dans les domaines de la formation, de la recherche, de l\u2019innovation et du transfert technologique, de l\u2019entrepreneuriat et de la diffusion des connaissances.<\/strong><\/p>\n\n\n\n<p>Initi\u00e9e op\u00e9rationnellement depuis 2019, cette alliance aujourd&rsquo;hui officialis\u00e9e, s&rsquo;articule autour de trois enjeux soci\u00e9taux prioritaires : <strong>industrie et soci\u00e9t\u00e9 d\u00e9carbon\u00e9es, \u00e9conomie circulaire, soci\u00e9t\u00e9 num\u00e9rique responsable.<\/strong><\/p>\n\n\n\n<p>Le Coll\u00e8ge d\u2019Ing\u00e9nierie entend \u00e9toffer et structurer ses collaborations autour d&rsquo;actions telles que :<\/p>\n\n\n\n<ul class=\"wp-block-list\">\n<li>Le d\u00e9veloppement de <strong>masters internationaux<\/strong>&nbsp;;<\/li>\n\n\n\n<li>La coordination des <strong>fili\u00e8res entrepreneuriat \u00e9tudiant<\/strong>, en lien avec la I-Factory, sur le campus Lyon Tech &#8211; la Doua&nbsp;;<\/li>\n\n\n\n<li>Le d\u00e9veloppement de <strong>chaires industrielles et de recherche<\/strong>&nbsp;;<\/li>\n\n\n\n<li>L\u2019organisation d\u2019<strong>\u00e9coles d\u2019\u00e9t\u00e9<\/strong> sur des th\u00e9matiques de pointe&nbsp;;<\/li>\n\n\n\n<li>La mise en synergie des <strong>plateformes de recherche<\/strong> avec des offres de services crois\u00e9es au profit des entreprises&nbsp;;<\/li>\n\n\n\n<li>La r\u00e9alisation en commun d\u2019actions de <strong>diffusion des connaissances<\/strong> et de promotion de l\u2019ing\u00e9nierie.<\/li>\n<\/ul>\n\n\n\n<p>Les quatre \u00e9coles partenaires ont d&rsquo;ores et d\u00e9j\u00e0 mis en \u0153uvre un certain nombre d&rsquo;actions, comme par exemple la cr\u00e9ation d\u2019un Bachelor pour former des assistants ing\u00e9nieurs sur les mutations industrielles en partenariat avec six p\u00f4les de comp\u00e9titivit\u00e9 et la <a href=\"https:\/\/www.auvergnerhonealpes.fr\/\" target=\"_blank\" rel=\"noreferrer noopener\">R\u00e9gion Auvergne-Rh\u00f4ne-Alpes<\/a>.<\/p>\n\n\n<div class=\"wp-block-image\">\n<figure class=\"alignleft size-large is-resized\"><img loading=\"lazy\" decoding=\"async\" src=\"https:\/\/www.mines-stetienne.fr\/panoramines\/wp-content\/uploads\/sites\/3\/2022\/03\/Jacques-Fayolle-2-768x1024.jpg\" alt=\"\" class=\"wp-image-23815\" width=\"154\" height=\"205\" srcset=\"https:\/\/www.mines-stetienne.fr\/panoramines\/wp-content\/uploads\/sites\/3\/2022\/03\/Jacques-Fayolle-2-768x1024.jpg 768w, https:\/\/www.mines-stetienne.fr\/panoramines\/wp-content\/uploads\/sites\/3\/2022\/03\/Jacques-Fayolle-2-225x300.jpg 225w, https:\/\/www.mines-stetienne.fr\/panoramines\/wp-content\/uploads\/sites\/3\/2022\/03\/Jacques-Fayolle-2-1152x1536.jpg 1152w, https:\/\/www.mines-stetienne.fr\/panoramines\/wp-content\/uploads\/sites\/3\/2022\/03\/Jacques-Fayolle-2-1536x2048.jpg 1536w, https:\/\/www.mines-stetienne.fr\/panoramines\/wp-content\/uploads\/sites\/3\/2022\/03\/Jacques-Fayolle-2-scaled.jpg 1920w\" sizes=\"auto, (max-width: 154px) 100vw, 154px\" \/><\/figure>\n<\/div>\n\n\n<blockquote class=\"wp-block-quote is-layout-flow wp-block-quote-is-layout-flow\">\n<p><em>\u00a0\u00ab\u00a0En collaborant avec les autres \u00e9coles d\u2019ing\u00e9nieurs, les branches professionnelles et les collectivit\u00e9s, <a href=\"https:\/\/www.mines-stetienne.fr\/\" target=\"_blank\" rel=\"noreferrer noopener\">Mines Saint-\u00c9tienne<\/a>, \u00e9cole de <a href=\"https:\/\/www.imt.fr\/\" target=\"_blank\" rel=\"noreferrer noopener\">l&rsquo;Institut Mines T\u00e9l\u00e9com<\/a> (IMT) renforce sa pr\u00e9sence territoriale au sein de l&rsquo;\u00e9cosyst\u00e8me ing\u00e9nierie de la r\u00e9gion Auvergne Rh\u00f4ne-Alpes. Mines Saint-\u00c9tienne est ravie de cet accord qui se concr\u00e9tise notamment autour de projets contribuant \u00e0 sa strat\u00e9gie et \u00e0 celle de l&rsquo;IMT d&rsquo;une part et \u00e0 son ancrage territorial d&rsquo;autre part.\u00a0\u00bb<\/em><\/p>\n<cite>Jacques FAYOLLE, Directeur de Mines Saint-\u00c9tienne.<\/cite><\/blockquote>\n\n\n\n<p>Par sa volont\u00e9 d\u2019ouverture aux autres acteurs acad\u00e9miques du territoire, le Coll\u00e8ge d\u2019Ing\u00e9nierie s\u2019inscrit pleinement dans la <strong>d\u00e9marche de dialogue et de concertation port\u00e9e par la ComUE <a href=\"https:\/\/www.universite-lyon.fr\/\" target=\"_blank\" rel=\"noreferrer noopener\">Universit\u00e9 de Lyon<\/a> pour contribuer \u00e0 la structuration et \u00e0 la dynamique du site.<\/strong><\/p>\n\n\n\n<div class=\"wp-block-buttons is-content-justification-center is-layout-flex wp-container-core-buttons-is-layout-16018d1d wp-block-buttons-is-layout-flex\">\n<div class=\"wp-block-button is-style-fill\"><a class=\"wp-block-button__link wp-element-button\" href=\"https:\/\/www.mines-stetienne.fr\/wp-content\/uploads\/2022\/11\/20221128_CP_CollegeIngenierie_.pdf\">Communiqu\u00e9 de presse<\/a><\/div>\n<\/div>\n","protected":false},"excerpt":{"rendered":"<p>Le 23 novembre 2022 Pascal Ray, C\u00e9cile Delolme, Fr\u00e9d\u00e9ric Fotiadu et Jacques Fayolle, respectivement directeurs et directrice de l\u2019\u00c9cole Centrale de Lyon, de l\u2019ENTPE, de l\u2019INSA Lyon et de Mines Saint-\u00c9tienne, ont officialis\u00e9 l\u2019alliance entre leurs quatre \u00e9coles avec la &hellip;<\/p>\n","protected":false},"author":6823,"featured_media":24237,"comment_status":"closed","ping_status":"open","sticky":false,"template":"","format":"standard","meta":{"_relevanssi_hide_post":"","_relevanssi_hide_content":"","_relevanssi_pin_for_all":"","_relevanssi_pin_keywords":"","_relevanssi_unpin_keywords":"","_relevanssi_related_keywords":"","_relevanssi_related_include_ids":"","_relevanssi_related_exclude_ids":"","_relevanssi_related_no_append":"","_relevanssi_related_not_related":"","_relevanssi_related_posts":"810,1488,818,1405,55,19390","_relevanssi_noindex_reason":"","footnotes":""},"categories":[11],"tags":[24,443,115,800],"class_list":["post-24234","post","type-post","status-publish","format-standard","has-post-thumbnail","hentry","category-vie-de-l-ecole","tag-formation","tag-lyon","tag-partenariat","tag-saint-etienne-2"],"pp_statuses_selecting_workflow":false,"pp_workflow_action":"current","pp_status_selection":"publish","pp_force_visibility":null,"pp_subpost_visibility":null,"pp_inherited_force_visibility":null,"pp_inherited_subpost_visibility":null,"yoast_head":"<!-- This site is optimized with the Yoast SEO plugin v27.5 - https:\/\/yoast.com\/product\/yoast-seo-wordpress\/ -->\n<title>Centrale Lyon, l\u2019ENTPE, l\u2019INSA Lyon et Mines Saint-\u00c9tienne cr\u00e9ent le Coll\u00e8ge d\u2019Ing\u00e9nierie Lyon Saint-\u00c9tienne - Panoramines<\/title>\n<meta name=\"robots\" content=\"index, follow, max-snippet:-1, max-image-preview:large, max-video-preview:-1\" \/>\n<link rel=\"canonical\" href=\"https:\/\/www.mines-stetienne.fr\/panoramines\/2022\/11\/30\/centrale-lyon-lentpe-linsa-lyon-et-mines-saint-etienne-creent-le-college-dingenierie-lyon-saint-etienne\/\" \/>\n<meta property=\"og:locale\" content=\"fr_FR\" \/>\n<meta property=\"og:type\" content=\"article\" \/>\n<meta property=\"og:title\" content=\"Centrale Lyon, l\u2019ENTPE, l\u2019INSA Lyon et Mines Saint-\u00c9tienne cr\u00e9ent le Coll\u00e8ge d\u2019Ing\u00e9nierie Lyon Saint-\u00c9tienne - Panoramines\" \/>\n<meta property=\"og:description\" content=\"Le 23 novembre 2022 Pascal Ray, C\u00e9cile Delolme, Fr\u00e9d\u00e9ric Fotiadu et Jacques Fayolle, respectivement directeurs et directrice de l\u2019\u00c9cole Centrale de Lyon, de l\u2019ENTPE, de l\u2019INSA Lyon et de Mines Saint-\u00c9tienne, ont officialis\u00e9 l\u2019alliance entre leurs quatre \u00e9coles avec la &hellip;\" \/>\n<meta property=\"og:url\" content=\"https:\/\/www.mines-stetienne.fr\/panoramines\/2022\/11\/30\/centrale-lyon-lentpe-linsa-lyon-et-mines-saint-etienne-creent-le-college-dingenierie-lyon-saint-etienne\/\" \/>\n<meta property=\"og:site_name\" content=\"Panoramines\" \/>\n<meta property=\"article:published_time\" content=\"2022-11-30T15:34:57+00:00\" \/>\n<meta property=\"article:modified_time\" content=\"2022-12-01T10:02:07+00:00\" \/>\n<meta property=\"og:image\" content=\"https:\/\/www.mines-stetienne.fr\/panoramines\/wp-content\/uploads\/sites\/3\/2022\/11\/College-Ingenierie_COBRAND-HORIZONTAL.png\" \/>\n\t<meta property=\"og:image:width\" content=\"23368\" \/>\n\t<meta property=\"og:image:height\" content=\"4501\" \/>\n\t<meta property=\"og:image:type\" content=\"image\/png\" \/>\n<meta name=\"author\" content=\"CORTES Lucas\" \/>\n<meta name=\"twitter:card\" content=\"summary_large_image\" \/>\n<meta name=\"twitter:label1\" content=\"\u00c9crit par\" \/>\n\t<meta name=\"twitter:data1\" content=\"CORTES Lucas\" \/>\n\t<meta name=\"twitter:label2\" content=\"Dur\u00e9e de lecture estim\u00e9e\" \/>\n\t<meta name=\"twitter:data2\" content=\"3 minutes\" \/>\n<script type=\"application\/ld+json\" class=\"yoast-schema-graph\">{\"@context\":\"https:\\\/\\\/schema.org\",\"@graph\":[{\"@type\":\"Article\",\"@id\":\"https:\\\/\\\/www.mines-stetienne.fr\\\/panoramines\\\/2022\\\/11\\\/30\\\/centrale-lyon-lentpe-linsa-lyon-et-mines-saint-etienne-creent-le-college-dingenierie-lyon-saint-etienne\\\/#article\",\"isPartOf\":{\"@id\":\"https:\\\/\\\/www.mines-stetienne.fr\\\/panoramines\\\/2022\\\/11\\\/30\\\/centrale-lyon-lentpe-linsa-lyon-et-mines-saint-etienne-creent-le-college-dingenierie-lyon-saint-etienne\\\/\"},\"author\":{\"name\":\"CORTES Lucas\",\"@id\":\"https:\\\/\\\/www.mines-stetienne.fr\\\/panoramines\\\/#\\\/schema\\\/person\\\/f93b3567fe25af690eb69a1501646912\"},\"headline\":\"Centrale Lyon, l\u2019ENTPE, l\u2019INSA Lyon et Mines Saint-\u00c9tienne cr\u00e9ent le Coll\u00e8ge d\u2019Ing\u00e9nierie Lyon Saint-\u00c9tienne\",\"datePublished\":\"2022-11-30T15:34:57+00:00\",\"dateModified\":\"2022-12-01T10:02:07+00:00\",\"mainEntityOfPage\":{\"@id\":\"https:\\\/\\\/www.mines-stetienne.fr\\\/panoramines\\\/2022\\\/11\\\/30\\\/centrale-lyon-lentpe-linsa-lyon-et-mines-saint-etienne-creent-le-college-dingenierie-lyon-saint-etienne\\\/\"},\"wordCount\":532,\"image\":{\"@id\":\"https:\\\/\\\/www.mines-stetienne.fr\\\/panoramines\\\/2022\\\/11\\\/30\\\/centrale-lyon-lentpe-linsa-lyon-et-mines-saint-etienne-creent-le-college-dingenierie-lyon-saint-etienne\\\/#primaryimage\"},\"thumbnailUrl\":\"https:\\\/\\\/www.mines-stetienne.fr\\\/panoramines\\\/wp-content\\\/uploads\\\/sites\\\/3\\\/2022\\\/11\\\/College-Ingenierie_COBRAND-HORIZONTAL.png\",\"keywords\":[\"Formation\",\"Lyon\",\"Partenariat\",\"Saint-Etienne\"],\"articleSection\":[\"Vie de l'\u00c9cole\"],\"inLanguage\":\"fr-FR\"},{\"@type\":\"WebPage\",\"@id\":\"https:\\\/\\\/www.mines-stetienne.fr\\\/panoramines\\\/2022\\\/11\\\/30\\\/centrale-lyon-lentpe-linsa-lyon-et-mines-saint-etienne-creent-le-college-dingenierie-lyon-saint-etienne\\\/\",\"url\":\"https:\\\/\\\/www.mines-stetienne.fr\\\/panoramines\\\/2022\\\/11\\\/30\\\/centrale-lyon-lentpe-linsa-lyon-et-mines-saint-etienne-creent-le-college-dingenierie-lyon-saint-etienne\\\/\",\"name\":\"Centrale Lyon, l\u2019ENTPE, l\u2019INSA Lyon et Mines Saint-\u00c9tienne cr\u00e9ent le Coll\u00e8ge d\u2019Ing\u00e9nierie Lyon Saint-\u00c9tienne - Panoramines\",\"isPartOf\":{\"@id\":\"https:\\\/\\\/www.mines-stetienne.fr\\\/panoramines\\\/#website\"},\"primaryImageOfPage\":{\"@id\":\"https:\\\/\\\/www.mines-stetienne.fr\\\/panoramines\\\/2022\\\/11\\\/30\\\/centrale-lyon-lentpe-linsa-lyon-et-mines-saint-etienne-creent-le-college-dingenierie-lyon-saint-etienne\\\/#primaryimage\"},\"image\":{\"@id\":\"https:\\\/\\\/www.mines-stetienne.fr\\\/panoramines\\\/2022\\\/11\\\/30\\\/centrale-lyon-lentpe-linsa-lyon-et-mines-saint-etienne-creent-le-college-dingenierie-lyon-saint-etienne\\\/#primaryimage\"},\"thumbnailUrl\":\"https:\\\/\\\/www.mines-stetienne.fr\\\/panoramines\\\/wp-content\\\/uploads\\\/sites\\\/3\\\/2022\\\/11\\\/College-Ingenierie_COBRAND-HORIZONTAL.png\",\"datePublished\":\"2022-11-30T15:34:57+00:00\",\"dateModified\":\"2022-12-01T10:02:07+00:00\",\"author\":{\"@id\":\"https:\\\/\\\/www.mines-stetienne.fr\\\/panoramines\\\/#\\\/schema\\\/person\\\/f93b3567fe25af690eb69a1501646912\"},\"breadcrumb\":{\"@id\":\"https:\\\/\\\/www.mines-stetienne.fr\\\/panoramines\\\/2022\\\/11\\\/30\\\/centrale-lyon-lentpe-linsa-lyon-et-mines-saint-etienne-creent-le-college-dingenierie-lyon-saint-etienne\\\/#breadcrumb\"},\"inLanguage\":\"fr-FR\",\"potentialAction\":[{\"@type\":\"ReadAction\",\"target\":[\"https:\\\/\\\/www.mines-stetienne.fr\\\/panoramines\\\/2022\\\/11\\\/30\\\/centrale-lyon-lentpe-linsa-lyon-et-mines-saint-etienne-creent-le-college-dingenierie-lyon-saint-etienne\\\/\"]}]},{\"@type\":\"ImageObject\",\"inLanguage\":\"fr-FR\",\"@id\":\"https:\\\/\\\/www.mines-stetienne.fr\\\/panoramines\\\/2022\\\/11\\\/30\\\/centrale-lyon-lentpe-linsa-lyon-et-mines-saint-etienne-creent-le-college-dingenierie-lyon-saint-etienne\\\/#primaryimage\",\"url\":\"https:\\\/\\\/www.mines-stetienne.fr\\\/panoramines\\\/wp-content\\\/uploads\\\/sites\\\/3\\\/2022\\\/11\\\/College-Ingenierie_COBRAND-HORIZONTAL.png\",\"contentUrl\":\"https:\\\/\\\/www.mines-stetienne.fr\\\/panoramines\\\/wp-content\\\/uploads\\\/sites\\\/3\\\/2022\\\/11\\\/College-Ingenierie_COBRAND-HORIZONTAL.png\",\"width\":23368,\"height\":4501},{\"@type\":\"BreadcrumbList\",\"@id\":\"https:\\\/\\\/www.mines-stetienne.fr\\\/panoramines\\\/2022\\\/11\\\/30\\\/centrale-lyon-lentpe-linsa-lyon-et-mines-saint-etienne-creent-le-college-dingenierie-lyon-saint-etienne\\\/#breadcrumb\",\"itemListElement\":[{\"@type\":\"ListItem\",\"position\":1,\"name\":\"Accueil\",\"item\":\"https:\\\/\\\/www.mines-stetienne.fr\\\/panoramines\\\/\"},{\"@type\":\"ListItem\",\"position\":2,\"name\":\"Centrale Lyon, l\u2019ENTPE, l\u2019INSA Lyon et Mines Saint-\u00c9tienne cr\u00e9ent le Coll\u00e8ge d\u2019Ing\u00e9nierie Lyon Saint-\u00c9tienne\"}]},{\"@type\":\"WebSite\",\"@id\":\"https:\\\/\\\/www.mines-stetienne.fr\\\/panoramines\\\/#website\",\"url\":\"https:\\\/\\\/www.mines-stetienne.fr\\\/panoramines\\\/\",\"name\":\"Panoramines\",\"description\":\"Panoramines, l\u2019actualit\u00e9 de MINES Saint-\u00c9tienne\",\"potentialAction\":[{\"@type\":\"SearchAction\",\"target\":{\"@type\":\"EntryPoint\",\"urlTemplate\":\"https:\\\/\\\/www.mines-stetienne.fr\\\/panoramines\\\/?s={search_term_string}\"},\"query-input\":{\"@type\":\"PropertyValueSpecification\",\"valueRequired\":true,\"valueName\":\"search_term_string\"}}],\"inLanguage\":\"fr-FR\"},{\"@type\":\"Person\",\"@id\":\"https:\\\/\\\/www.mines-stetienne.fr\\\/panoramines\\\/#\\\/schema\\\/person\\\/f93b3567fe25af690eb69a1501646912\",\"name\":\"CORTES Lucas\",\"image\":{\"@type\":\"ImageObject\",\"inLanguage\":\"fr-FR\",\"@id\":\"https:\\\/\\\/www.mines-stetienne.fr\\\/panoramines\\\/wp-content\\\/uploads\\\/sites\\\/3\\\/2021\\\/07\\\/logo-75x75-1.png\",\"url\":\"https:\\\/\\\/www.mines-stetienne.fr\\\/panoramines\\\/wp-content\\\/uploads\\\/sites\\\/3\\\/2021\\\/07\\\/logo-75x75-1.png\",\"contentUrl\":\"https:\\\/\\\/www.mines-stetienne.fr\\\/panoramines\\\/wp-content\\\/uploads\\\/sites\\\/3\\\/2021\\\/07\\\/logo-75x75-1.png\",\"caption\":\"CORTES Lucas\"},\"url\":\"https:\\\/\\\/www.mines-stetienne.fr\\\/panoramines\\\/author\\\/lucas-cortes\\\/\"}]}<\/script>\n<!-- \/ Yoast SEO plugin. -->","yoast_head_json":{"title":"Centrale Lyon, l\u2019ENTPE, l\u2019INSA Lyon et Mines Saint-\u00c9tienne cr\u00e9ent le Coll\u00e8ge d\u2019Ing\u00e9nierie Lyon Saint-\u00c9tienne - Panoramines","robots":{"index":"index","follow":"follow","max-snippet":"max-snippet:-1","max-image-preview":"max-image-preview:large","max-video-preview":"max-video-preview:-1"},"canonical":"https:\/\/www.mines-stetienne.fr\/panoramines\/2022\/11\/30\/centrale-lyon-lentpe-linsa-lyon-et-mines-saint-etienne-creent-le-college-dingenierie-lyon-saint-etienne\/","og_locale":"fr_FR","og_type":"article","og_title":"Centrale Lyon, l\u2019ENTPE, l\u2019INSA Lyon et Mines Saint-\u00c9tienne cr\u00e9ent le Coll\u00e8ge d\u2019Ing\u00e9nierie Lyon Saint-\u00c9tienne - Panoramines","og_description":"Le 23 novembre 2022 Pascal Ray, C\u00e9cile Delolme, Fr\u00e9d\u00e9ric Fotiadu et Jacques Fayolle, respectivement directeurs et directrice de l\u2019\u00c9cole Centrale de Lyon, de l\u2019ENTPE, de l\u2019INSA Lyon et de Mines Saint-\u00c9tienne, ont officialis\u00e9 l\u2019alliance entre leurs quatre \u00e9coles avec la &hellip;","og_url":"https:\/\/www.mines-stetienne.fr\/panoramines\/2022\/11\/30\/centrale-lyon-lentpe-linsa-lyon-et-mines-saint-etienne-creent-le-college-dingenierie-lyon-saint-etienne\/","og_site_name":"Panoramines","article_published_time":"2022-11-30T15:34:57+00:00","article_modified_time":"2022-12-01T10:02:07+00:00","og_image":[{"width":23368,"height":4501,"url":"https:\/\/www.mines-stetienne.fr\/panoramines\/wp-content\/uploads\/sites\/3\/2022\/11\/College-Ingenierie_COBRAND-HORIZONTAL.png","type":"image\/png"}],"author":"CORTES Lucas","twitter_card":"summary_large_image","twitter_misc":{"\u00c9crit par":"CORTES Lucas","Dur\u00e9e de lecture estim\u00e9e":"3 minutes"},"schema":{"@context":"https:\/\/schema.org","@graph":[{"@type":"Article","@id":"https:\/\/www.mines-stetienne.fr\/panoramines\/2022\/11\/30\/centrale-lyon-lentpe-linsa-lyon-et-mines-saint-etienne-creent-le-college-dingenierie-lyon-saint-etienne\/#article","isPartOf":{"@id":"https:\/\/www.mines-stetienne.fr\/panoramines\/2022\/11\/30\/centrale-lyon-lentpe-linsa-lyon-et-mines-saint-etienne-creent-le-college-dingenierie-lyon-saint-etienne\/"},"author":{"name":"CORTES Lucas","@id":"https:\/\/www.mines-stetienne.fr\/panoramines\/#\/schema\/person\/f93b3567fe25af690eb69a1501646912"},"headline":"Centrale Lyon, l\u2019ENTPE, l\u2019INSA Lyon et Mines Saint-\u00c9tienne cr\u00e9ent le Coll\u00e8ge d\u2019Ing\u00e9nierie Lyon Saint-\u00c9tienne","datePublished":"2022-11-30T15:34:57+00:00","dateModified":"2022-12-01T10:02:07+00:00","mainEntityOfPage":{"@id":"https:\/\/www.mines-stetienne.fr\/panoramines\/2022\/11\/30\/centrale-lyon-lentpe-linsa-lyon-et-mines-saint-etienne-creent-le-college-dingenierie-lyon-saint-etienne\/"},"wordCount":532,"image":{"@id":"https:\/\/www.mines-stetienne.fr\/panoramines\/2022\/11\/30\/centrale-lyon-lentpe-linsa-lyon-et-mines-saint-etienne-creent-le-college-dingenierie-lyon-saint-etienne\/#primaryimage"},"thumbnailUrl":"https:\/\/www.mines-stetienne.fr\/panoramines\/wp-content\/uploads\/sites\/3\/2022\/11\/College-Ingenierie_COBRAND-HORIZONTAL.png","keywords":["Formation","Lyon","Partenariat","Saint-Etienne"],"articleSection":["Vie de l'\u00c9cole"],"inLanguage":"fr-FR"},{"@type":"WebPage","@id":"https:\/\/www.mines-stetienne.fr\/panoramines\/2022\/11\/30\/centrale-lyon-lentpe-linsa-lyon-et-mines-saint-etienne-creent-le-college-dingenierie-lyon-saint-etienne\/","url":"https:\/\/www.mines-stetienne.fr\/panoramines\/2022\/11\/30\/centrale-lyon-lentpe-linsa-lyon-et-mines-saint-etienne-creent-le-college-dingenierie-lyon-saint-etienne\/","name":"Centrale Lyon, l\u2019ENTPE, l\u2019INSA Lyon et Mines Saint-\u00c9tienne cr\u00e9ent le Coll\u00e8ge d\u2019Ing\u00e9nierie Lyon Saint-\u00c9tienne - Panoramines","isPartOf":{"@id":"https:\/\/www.mines-stetienne.fr\/panoramines\/#website"},"primaryImageOfPage":{"@id":"https:\/\/www.mines-stetienne.fr\/panoramines\/2022\/11\/30\/centrale-lyon-lentpe-linsa-lyon-et-mines-saint-etienne-creent-le-college-dingenierie-lyon-saint-etienne\/#primaryimage"},"image":{"@id":"https:\/\/www.mines-stetienne.fr\/panoramines\/2022\/11\/30\/centrale-lyon-lentpe-linsa-lyon-et-mines-saint-etienne-creent-le-college-dingenierie-lyon-saint-etienne\/#primaryimage"},"thumbnailUrl":"https:\/\/www.mines-stetienne.fr\/panoramines\/wp-content\/uploads\/sites\/3\/2022\/11\/College-Ingenierie_COBRAND-HORIZONTAL.png","datePublished":"2022-11-30T15:34:57+00:00","dateModified":"2022-12-01T10:02:07+00:00","author":{"@id":"https:\/\/www.mines-stetienne.fr\/panoramines\/#\/schema\/person\/f93b3567fe25af690eb69a1501646912"},"breadcrumb":{"@id":"https:\/\/www.mines-stetienne.fr\/panoramines\/2022\/11\/30\/centrale-lyon-lentpe-linsa-lyon-et-mines-saint-etienne-creent-le-college-dingenierie-lyon-saint-etienne\/#breadcrumb"},"inLanguage":"fr-FR","potentialAction":[{"@type":"ReadAction","target":["https:\/\/www.mines-stetienne.fr\/panoramines\/2022\/11\/30\/centrale-lyon-lentpe-linsa-lyon-et-mines-saint-etienne-creent-le-college-dingenierie-lyon-saint-etienne\/"]}]},{"@type":"ImageObject","inLanguage":"fr-FR","@id":"https:\/\/www.mines-stetienne.fr\/panoramines\/2022\/11\/30\/centrale-lyon-lentpe-linsa-lyon-et-mines-saint-etienne-creent-le-college-dingenierie-lyon-saint-etienne\/#primaryimage","url":"https:\/\/www.mines-stetienne.fr\/panoramines\/wp-content\/uploads\/sites\/3\/2022\/11\/College-Ingenierie_COBRAND-HORIZONTAL.png","contentUrl":"https:\/\/www.mines-stetienne.fr\/panoramines\/wp-content\/uploads\/sites\/3\/2022\/11\/College-Ingenierie_COBRAND-HORIZONTAL.png","width":23368,"height":4501},{"@type":"BreadcrumbList","@id":"https:\/\/www.mines-stetienne.fr\/panoramines\/2022\/11\/30\/centrale-lyon-lentpe-linsa-lyon-et-mines-saint-etienne-creent-le-college-dingenierie-lyon-saint-etienne\/#breadcrumb","itemListElement":[{"@type":"ListItem","position":1,"name":"Accueil","item":"https:\/\/www.mines-stetienne.fr\/panoramines\/"},{"@type":"ListItem","position":2,"name":"Centrale Lyon, l\u2019ENTPE, l\u2019INSA Lyon et Mines Saint-\u00c9tienne cr\u00e9ent le Coll\u00e8ge d\u2019Ing\u00e9nierie Lyon Saint-\u00c9tienne"}]},{"@type":"WebSite","@id":"https:\/\/www.mines-stetienne.fr\/panoramines\/#website","url":"https:\/\/www.mines-stetienne.fr\/panoramines\/","name":"Panoramines","description":"Panoramines, l\u2019actualit\u00e9 de MINES Saint-\u00c9tienne","potentialAction":[{"@type":"SearchAction","target":{"@type":"EntryPoint","urlTemplate":"https:\/\/www.mines-stetienne.fr\/panoramines\/?s={search_term_string}"},"query-input":{"@type":"PropertyValueSpecification","valueRequired":true,"valueName":"search_term_string"}}],"inLanguage":"fr-FR"},{"@type":"Person","@id":"https:\/\/www.mines-stetienne.fr\/panoramines\/#\/schema\/person\/f93b3567fe25af690eb69a1501646912","name":"CORTES Lucas","image":{"@type":"ImageObject","inLanguage":"fr-FR","@id":"https:\/\/www.mines-stetienne.fr\/panoramines\/wp-content\/uploads\/sites\/3\/2021\/07\/logo-75x75-1.png","url":"https:\/\/www.mines-stetienne.fr\/panoramines\/wp-content\/uploads\/sites\/3\/2021\/07\/logo-75x75-1.png","contentUrl":"https:\/\/www.mines-stetienne.fr\/panoramines\/wp-content\/uploads\/sites\/3\/2021\/07\/logo-75x75-1.png","caption":"CORTES Lucas"},"url":"https:\/\/www.mines-stetienne.fr\/panoramines\/author\/lucas-cortes\/"}]}},"_links":{"self":[{"href":"https:\/\/www.mines-stetienne.fr\/panoramines\/wp-json\/wp\/v2\/posts\/24234","targetHints":{"allow":["GET"]}}],"collection":[{"href":"https:\/\/www.mines-stetienne.fr\/panoramines\/wp-json\/wp\/v2\/posts"}],"about":[{"href":"https:\/\/www.mines-stetienne.fr\/panoramines\/wp-json\/wp\/v2\/types\/post"}],"author":[{"embeddable":true,"href":"https:\/\/www.mines-stetienne.fr\/panoramines\/wp-json\/wp\/v2\/users\/6823"}],"replies":[{"embeddable":true,"href":"https:\/\/www.mines-stetienne.fr\/panoramines\/wp-json\/wp\/v2\/comments?post=24234"}],"version-history":[{"count":6,"href":"https:\/\/www.mines-stetienne.fr\/panoramines\/wp-json\/wp\/v2\/posts\/24234\/revisions"}],"predecessor-version":[{"id":24248,"href":"https:\/\/www.mines-stetienne.fr\/panoramines\/wp-json\/wp\/v2\/posts\/24234\/revisions\/24248"}],"wp:featuredmedia":[{"embeddable":true,"href":"https:\/\/www.mines-stetienne.fr\/panoramines\/wp-json\/wp\/v2\/media\/24237"}],"wp:attachment":[{"href":"https:\/\/www.mines-stetienne.fr\/panoramines\/wp-json\/wp\/v2\/media?parent=24234"}],"wp:term":[{"taxonomy":"category","embeddable":true,"href":"https:\/\/www.mines-stetienne.fr\/panoramines\/wp-json\/wp\/v2\/categories?post=24234"},{"taxonomy":"post_tag","embeddable":true,"href":"https:\/\/www.mines-stetienne.fr\/panoramines\/wp-json\/wp\/v2\/tags?post=24234"}],"curies":[{"name":"wp","href":"https:\/\/api.w.org\/{rel}","templated":true}]}}