{"id":24191,"date":"2023-02-01T09:45:16","date_gmt":"2023-02-01T08:45:16","guid":{"rendered":"https:\/\/www.mines-stetienne.fr\/panoramines\/?p=24191"},"modified":"2024-03-07T16:59:37","modified_gmt":"2024-03-07T15:59:37","slug":"interview-margaux-forner-en-double-diplome-a-luniversite-de-cambridge","status":"publish","type":"post","link":"https:\/\/www.mines-stetienne.fr\/panoramines\/2023\/02\/01\/interview-margaux-forner-en-double-diplome-a-luniversite-de-cambridge\/","title":{"rendered":"Interview : Margaux Forner en double dipl\u00f4me \u00e0 l&rsquo;Universit\u00e9 de Cambridge"},"content":{"rendered":"\n<h2 class=\"wp-block-heading\">Margaux Forner est \u00e9tudiante en 3e ann\u00e9e du cursus ISMIN. Actuellement, elle effectue un double dipl\u00f4me \u00e0 <a href=\"https:\/\/www.cam.ac.uk\/\" target=\"_blank\" rel=\"noreferrer noopener\">l&rsquo;Universit\u00e9 de Cambridge<\/a> (Royaume-Uni). Depuis le Queen&rsquo;s College, elle nous partage son quotidien.<\/h2>\n\n\n\n<figure class=\"wp-block-pullquote is-style-default\"><blockquote><p>J&rsquo;en retiens \u00e9norm\u00e9ment d\u2019apport en connaissance, d\u2019apports culturels et de bons moments !<\/p><cite>Margaux Forner<\/cite><\/blockquote><\/figure>\n\n\n<div class=\"wp-block-image\">\n<figure class=\"alignleft size-full is-resized\"><img loading=\"lazy\" decoding=\"async\" src=\"https:\/\/www.mines-stetienne.fr\/panoramines\/wp-content\/uploads\/sites\/3\/2022\/11\/1-20221013b7c44926-220930QUE3-38222.jpg\" alt=\"\" class=\"wp-image-24189\" width=\"199\" height=\"298\" srcset=\"https:\/\/www.mines-stetienne.fr\/panoramines\/wp-content\/uploads\/sites\/3\/2022\/11\/1-20221013b7c44926-220930QUE3-38222.jpg 534w, https:\/\/www.mines-stetienne.fr\/panoramines\/wp-content\/uploads\/sites\/3\/2022\/11\/1-20221013b7c44926-220930QUE3-38222-200x300.jpg 200w\" sizes=\"auto, (max-width: 199px) 100vw, 199px\" \/><\/figure>\n<\/div>\n\n\n<h4 class=\"wp-block-heading\"><strong>Peux-tu te pr\u00e9senter&nbsp;?<\/strong><\/h4>\n\n\n\n<p>Je m\u2019appelle Margaux Forner, j\u2019ai 23 ans et je suis actuellement en Master en Ing\u00e9nierie avec une sp\u00e9cialit\u00e9 en ing\u00e9nierie \u00e9lectrique et \u00e9lectronique \u00e0 <a href=\"https:\/\/www.cam.ac.uk\/\" target=\"_blank\" rel=\"noreferrer noopener\">l\u2019Universit\u00e9 de Cambridge<\/a> au Royaume-Uni. Je suis \u00e9galement affili\u00e9e \u00e0 <a href=\"https:\/\/www.mines-stetienne.fr\/\" target=\"_blank\" rel=\"noreferrer noopener\">Mines Saint-Etienne<\/a> en cursus <a href=\"https:\/\/www.mines-stetienne.fr\/formation\/ismin\/\" target=\"_blank\" rel=\"noreferrer noopener\">ISMIN (Ing\u00e9nieur Sp\u00e9cialis\u00e9 en Micro\u00e9lectronique et INformatique)<\/a>.<\/p>\n\n\n\n<h4 class=\"wp-block-heading\"><strong>\u00c0 quel moment es-tu parti \u00e0 l\u2019\u00e9tranger&nbsp;?<\/strong><\/h4>\n\n\n\n<p>Je suis partie \u00e0 l\u2019\u00e9tranger en 2<sup>\u00e8me<\/sup> ann\u00e9e dans le cadre d&rsquo;un stage international. Je l&rsquo;ai effectu\u00e9 \u00e0 l&rsquo;Universit\u00e9 de Cambridge dans le laboratoire de bio \u00e9lectronique. Et en 3\u00e8me ann\u00e9e, cette ann\u00e9e donc, j&rsquo;ai d\u00e9cid\u00e9 de pr\u00e9parer un double dipl\u00f4me hors convention, toujours \u00e0 l&rsquo;Universit\u00e9 de Cambridge. Je tiens \u00e0 nouveau \u00e0 remercier grandement le Dr. David Moreau et Michel Fiocchi de m&rsquo;avoir soutenue et accompagn\u00e9e.<\/p>\n\n\n\n<h4 class=\"wp-block-heading\"><strong>Comment se d\u00e9roulent les cours dans ton universit\u00e9 d\u2019accueil&nbsp;?<\/strong><\/h4>\n\n\n\n<p>La plupart de mon temps est d\u00e9di\u00e9 \u00e0 mes activit\u00e9s de recherche. Je suis affili\u00e9e au laboratoire de bio \u00e9lectronique du Professeur George Malliaras o\u00f9 j&rsquo;\u00e9tudie dans le domaine des implants bio hybrides. Outre mes activit\u00e9s de recherche, j\u2019ai deux unit\u00e9s de cours, trois maximums, par trimestre pendant deux trimestres. Les cours suivies sont ceux que j\u2019ai s\u00e9lectionn\u00e9s&nbsp;: Quantum and Nanotechnology, Computational neuroscience, Bioelectronics and biosensors, Strategic management et Researcher Development Course in Electrical Engineering. J\u2019ai cours trois jours par semaine durant 1 ou 2h. Les cours sont de grande qualit\u00e9, les suivre est un r\u00e9el plaisir.<\/p>\n\n\n\n<h4 class=\"wp-block-heading\"><strong>Que retiens-tu de cette exp\u00e9rience&nbsp;?<\/strong><\/h4>\n\n\n<div class=\"wp-block-image\">\n<figure class=\"alignleft size-full is-resized\"><img loading=\"lazy\" decoding=\"async\" src=\"https:\/\/www.mines-stetienne.fr\/panoramines\/wp-content\/uploads\/sites\/3\/2022\/11\/316144806_1138509153537859_1051649143702541555_n-2.jpg\" alt=\"\" class=\"wp-image-24196\" width=\"368\" height=\"211\" srcset=\"https:\/\/www.mines-stetienne.fr\/panoramines\/wp-content\/uploads\/sites\/3\/2022\/11\/316144806_1138509153537859_1051649143702541555_n-2.jpg 1024w, https:\/\/www.mines-stetienne.fr\/panoramines\/wp-content\/uploads\/sites\/3\/2022\/11\/316144806_1138509153537859_1051649143702541555_n-2-300x173.jpg 300w, https:\/\/www.mines-stetienne.fr\/panoramines\/wp-content\/uploads\/sites\/3\/2022\/11\/316144806_1138509153537859_1051649143702541555_n-2-768x442.jpg 768w\" sizes=\"auto, (max-width: 368px) 100vw, 368px\" \/><\/figure>\n<\/div>\n\n\n<p>Cette exp\u00e9rience est bien loin d\u2019\u00eatre fini, j\u2019ai encore beaucoup de choses \u00e0 vivre ! Pour l\u2019instant, j\u2019en retiens \u00e9norm\u00e9ment d\u2019apport en connaissance, d\u2019apports culturels et de bons moments. Ma vie ici est partag\u00e9e entre mes cours, mes recherches, mon college (<a href=\"https:\/\/www.queens.cam.ac.uk\/\" target=\"_blank\" rel=\"noreferrer noopener\">le Queens\u2019<\/a>) et le club d\u2019aviron de mon college. Je passe beaucoup de temps sur un v\u00e9lo aussi, c\u2019est le moyen de transport par excellence \u00e0 Cambridge. Ma journ\u00e9e commence \u00e0 6h ou 7h au sein du club d\u2019aviron. Notre college a un grand club et la comp\u00e9tition est dure. Je m\u2019entraine 6 \u00e0 7 fois par semaine et j\u2019effectue un grand nombre de sorties sur la rivi\u00e8re avec mon \u00e9quipage&nbsp;! Pour pouvoir repr\u00e9senter le college, il faut donc sortir son \u00e9pingle du jeu et, m\u00eame si une partie de ces entrainements, notamment ceux sur les rameurs, ne sont pas impos\u00e9s, les faire permet de montrer sa d\u00e9termination et de s\u2019am\u00e9liorer. <\/p>\n\n\n\n<blockquote class=\"wp-block-quote is-layout-flow wp-block-quote-is-layout-flow\">\n<p>Je suis tr\u00e8s \u00e9panouie ici et je ne regrette absolument pas mon choix&nbsp;!<\/p>\n<\/blockquote>\n\n\n\n<p><\/p>\n\n\n\n<p>Ensuite, si j\u2019ai des cours, c\u2019est de 9h \u00e0 10h ou 11h sinon je me rends directement aux b\u00e2timents de la division d\u2019\u00e9lectronique qui contiennent les laboratoires du groupe de bio\u00e9lectronique. Ils disposent \u00e9galement de plusieurs salles blanches (pi\u00e8ce o\u00f9 le taux de particules est en dessous de certains seuils). Je reste aux laboratoires jusqu\u2019\u00e0 18h ou 19h, si ce n\u2019est plus, cela d\u00e9pend de mes objectifs de la semaine. Apr\u00e8s cela, j\u2019ai souvent des \u00ab&nbsp;socials&nbsp;\u00bb et des \u00e9v\u00e8nements, que ce soit avec mon college, des coll\u00e8gues, des amis ou mes colocataires. Je suis tr\u00e8s \u00e9panouie ici et je ne regrette absolument pas mon choix&nbsp;!<\/p>\n\n\n\n<h4 class=\"wp-block-heading\"><strong>En quoi ta mobilit\u00e9 internationale peut t\u2019aider dans ta future carri\u00e8re professionnelle&nbsp;?<\/strong><\/h4>\n\n\n\n<p>Pour \u00eatre totalement honn\u00eate, j\u2019avais choisi d\u2019aller \u00e0 Mines Saint-Etienne en cursus ISMIN parce que je souhaitais faire de la recherche en bio \u00e9lectronique. De part mon int\u00e9r\u00eat pour ce domaine, je savais que le Professeur George Malliaras \u00e9tait, \u00e0 l\u2019\u00e9poque, directeur du <a href=\"https:\/\/www.mines-stetienne.fr\/recherche\/centres-et-departements\/bioelectronique-bel\/\" target=\"_blank\" rel=\"noreferrer noopener\">laboratoire de bio \u00e9lectronique<\/a> du campus George Charpak Provence. Ce qui a d\u2019autant plus motiv\u00e9 mon choix. Travailler \u00e0 ses c\u00f4t\u00e9s \u00e0 Cambridge est, pour moi, une opportunit\u00e9 d\u00e9cisive. En plus de travailler avec une figure dans le milieu de la bio \u00e9lectronique, je travaille sur le sujet qui sera probablement celui que je continuerai en th\u00e8se. Cela me permet de me former \u00e0 la microfabrication, \u00e0 la culture de cellules et d\u2019avoir une ann\u00e9e pour d\u00e9couvrir le sujet avant de l\u2019approfondir en th\u00e8se. Ce master est donc une premi\u00e8re \u00e9tape vers un doctorat passionnant.<\/p>\n\n\n\n<h4 class=\"wp-block-heading\"><strong>As-tu un souvenir, une anecdote \u00e0 nous partager&nbsp;?<\/strong><\/h4>\n\n\n\n<p>Je ne pourrais malheureusement pas en retenir qu\u2019un donc voici mes pr\u00e9f\u00e9r\u00e9s. <\/p>\n\n\n\n<p>De tr\u00e8s bons moments sont ceux o\u00f9 on r\u00e9ussit \u00e0 faire marcher certaines composantes li\u00e9es au projet de recherche. Apr\u00e8s des semaines, voire des mois sans succ\u00e8s, arriver \u00e0 un r\u00e9sultat, aussi minime soit-il, est \u00e9lectrisant. <\/p>\n\n\n\n<blockquote class=\"wp-block-quote is-layout-flow wp-block-quote-is-layout-flow\">\n<p class=\"is-style-default\">La culture des pubs n\u2019est pas qu\u2019un mythe !<\/p>\n<\/blockquote>\n\n\n\n<p>Un autre bon moment date de la mi-novembre durant lequel j\u2019ai particip\u00e9 \u00e0 une comp\u00e9tition d\u2019aviron : <a href=\"https:\/\/ebc.soc.srcf.net\/sprints\/\" target=\"_blank\" rel=\"noreferrer noopener\">Emma sprints<\/a>. Il s&rsquo;agit d&rsquo;une regatta pour novice (sprint de 750m). L\u2019ambiance \u00e9tait superbe, les supporters du club au rendez-vous. Je me suis \u00e9norm\u00e9ment amus\u00e9e et il y r\u00e9gnait une excellente ambiance d\u2019\u00e9quipe&nbsp;! J\u2019ai \u00e9galement d\u2019excellents souvenirs des personnes que j\u2019ai pu rencontrer ici. La culture des pubs n\u2019est pas qu\u2019un mythe. De temps en temps, je m\u2019y rends avec l\u2019\u00e9quipe de mon laboratoire.<\/p>\n\n\n\n<figure class=\"wp-block-gallery has-nested-images columns-default is-cropped wp-block-gallery-2 is-layout-flex wp-block-gallery-is-layout-flex\">\n<figure class=\"wp-block-image size-large\"><img loading=\"lazy\" decoding=\"async\" width=\"1024\" height=\"782\" data-id=\"24197\" src=\"https:\/\/www.mines-stetienne.fr\/panoramines\/wp-content\/uploads\/sites\/3\/2022\/11\/316129812_445230417784132_1350455958093419742_n-1.jpg\" alt=\"\" class=\"wp-image-24197\" srcset=\"https:\/\/www.mines-stetienne.fr\/panoramines\/wp-content\/uploads\/sites\/3\/2022\/11\/316129812_445230417784132_1350455958093419742_n-1.jpg 1024w, https:\/\/www.mines-stetienne.fr\/panoramines\/wp-content\/uploads\/sites\/3\/2022\/11\/316129812_445230417784132_1350455958093419742_n-1-300x229.jpg 300w, https:\/\/www.mines-stetienne.fr\/panoramines\/wp-content\/uploads\/sites\/3\/2022\/11\/316129812_445230417784132_1350455958093419742_n-1-768x587.jpg 768w\" sizes=\"auto, (max-width: 1024px) 100vw, 1024px\" \/><\/figure>\n\n\n\n<figure class=\"wp-block-image size-large\"><img loading=\"lazy\" decoding=\"async\" width=\"1024\" height=\"768\" data-id=\"24316\" src=\"https:\/\/www.mines-stetienne.fr\/panoramines\/wp-content\/uploads\/sites\/3\/2022\/12\/286440566_544772567126713_9045801143988401591_n-1024x768.jpg\" alt=\"\" class=\"wp-image-24316\" srcset=\"https:\/\/www.mines-stetienne.fr\/panoramines\/wp-content\/uploads\/sites\/3\/2022\/12\/286440566_544772567126713_9045801143988401591_n-1024x768.jpg 1024w, https:\/\/www.mines-stetienne.fr\/panoramines\/wp-content\/uploads\/sites\/3\/2022\/12\/286440566_544772567126713_9045801143988401591_n-300x225.jpg 300w, https:\/\/www.mines-stetienne.fr\/panoramines\/wp-content\/uploads\/sites\/3\/2022\/12\/286440566_544772567126713_9045801143988401591_n-768x576.jpg 768w, https:\/\/www.mines-stetienne.fr\/panoramines\/wp-content\/uploads\/sites\/3\/2022\/12\/286440566_544772567126713_9045801143988401591_n-1536x1152.jpg 1536w, https:\/\/www.mines-stetienne.fr\/panoramines\/wp-content\/uploads\/sites\/3\/2022\/12\/286440566_544772567126713_9045801143988401591_n-2048x1536.jpg 2048w\" sizes=\"auto, (max-width: 1024px) 100vw, 1024px\" \/><\/figure>\n\n\n\n<figure class=\"wp-block-image size-large\"><img loading=\"lazy\" decoding=\"async\" width=\"1024\" height=\"768\" data-id=\"24207\" src=\"https:\/\/www.mines-stetienne.fr\/panoramines\/wp-content\/uploads\/sites\/3\/2022\/11\/316378022_703801000843345_6902191469664978651_n-1024x768.jpg\" alt=\"\" class=\"wp-image-24207\" srcset=\"https:\/\/www.mines-stetienne.fr\/panoramines\/wp-content\/uploads\/sites\/3\/2022\/11\/316378022_703801000843345_6902191469664978651_n-1024x768.jpg 1024w, https:\/\/www.mines-stetienne.fr\/panoramines\/wp-content\/uploads\/sites\/3\/2022\/11\/316378022_703801000843345_6902191469664978651_n-300x225.jpg 300w, https:\/\/www.mines-stetienne.fr\/panoramines\/wp-content\/uploads\/sites\/3\/2022\/11\/316378022_703801000843345_6902191469664978651_n-768x576.jpg 768w, https:\/\/www.mines-stetienne.fr\/panoramines\/wp-content\/uploads\/sites\/3\/2022\/11\/316378022_703801000843345_6902191469664978651_n-1536x1152.jpg 1536w, https:\/\/www.mines-stetienne.fr\/panoramines\/wp-content\/uploads\/sites\/3\/2022\/11\/316378022_703801000843345_6902191469664978651_n.jpg 1600w\" sizes=\"auto, (max-width: 1024px) 100vw, 1024px\" \/><\/figure>\n<\/figure>\n","protected":false},"excerpt":{"rendered":"<p>Margaux Forner est \u00e9tudiante en 3e ann\u00e9e du cursus ISMIN. Actuellement, elle effectue un double dipl\u00f4me \u00e0 l&rsquo;Universit\u00e9 de Cambridge (Royaume-Uni). Depuis le Queen&rsquo;s College, elle nous partage son quotidien. J&rsquo;en retiens \u00e9norm\u00e9ment d\u2019apport en connaissance, d\u2019apports culturels et de &hellip;<\/p>\n","protected":false},"author":6823,"featured_media":24195,"comment_status":"closed","ping_status":"open","sticky":false,"template":"","format":"standard","meta":{"_relevanssi_hide_post":"","_relevanssi_hide_content":"","_relevanssi_pin_for_all":"","_relevanssi_pin_keywords":"","_relevanssi_unpin_keywords":"","_relevanssi_related_keywords":"","_relevanssi_related_include_ids":"","_relevanssi_related_exclude_ids":"","_relevanssi_related_no_append":"","_relevanssi_related_not_related":"","_relevanssi_related_posts":"1272,189,473,841,1056,22392","_relevanssi_noindex_reason":"","footnotes":""},"categories":[1018],"tags":[370,53,826,42,421,257],"class_list":["post-24191","post","type-post","status-publish","format-standard","has-post-thumbnail","hentry","category-international","tag-campus-gc-provence","tag-international","tag-interview","tag-ismin","tag-mobilite-internationale","tag-mobilites"],"pp_statuses_selecting_workflow":false,"pp_workflow_action":"current","pp_status_selection":"publish","pp_force_visibility":null,"pp_subpost_visibility":null,"pp_inherited_force_visibility":null,"pp_inherited_subpost_visibility":null,"yoast_head":"<!-- This site is optimized with the Yoast SEO plugin v27.5 - https:\/\/yoast.com\/product\/yoast-seo-wordpress\/ -->\n<title>Interview : Margaux Forner en double dipl\u00f4me \u00e0 l&#039;Universit\u00e9 de Cambridge - Panoramines<\/title>\n<meta name=\"description\" content=\"Margaux Forner, \u00e9tudiante en 3e ann\u00e9e en cursus ISMIN, effectue un double dipl\u00f4me \u00e0 l&#039;Universit\u00e9 de Cambridge (Royaume-Uni).\" \/>\n<meta name=\"robots\" content=\"index, follow, max-snippet:-1, max-image-preview:large, max-video-preview:-1\" \/>\n<link rel=\"canonical\" href=\"https:\/\/www.mines-stetienne.fr\/panoramines\/2023\/02\/01\/interview-margaux-forner-en-double-diplome-a-luniversite-de-cambridge\/\" \/>\n<meta property=\"og:locale\" content=\"fr_FR\" \/>\n<meta property=\"og:type\" content=\"article\" \/>\n<meta property=\"og:title\" content=\"Interview : Margaux Forner en double dipl\u00f4me \u00e0 l&#039;Universit\u00e9 de Cambridge - Panoramines\" \/>\n<meta property=\"og:description\" content=\"Margaux Forner, \u00e9tudiante en 3e ann\u00e9e en cursus ISMIN, effectue un double dipl\u00f4me \u00e0 l&#039;Universit\u00e9 de Cambridge (Royaume-Uni).\" \/>\n<meta property=\"og:url\" content=\"https:\/\/www.mines-stetienne.fr\/panoramines\/2023\/02\/01\/interview-margaux-forner-en-double-diplome-a-luniversite-de-cambridge\/\" \/>\n<meta property=\"og:site_name\" content=\"Panoramines\" \/>\n<meta property=\"article:published_time\" content=\"2023-02-01T08:45:16+00:00\" \/>\n<meta property=\"article:modified_time\" content=\"2024-03-07T15:59:37+00:00\" \/>\n<meta property=\"og:image\" content=\"https:\/\/www.mines-stetienne.fr\/panoramines\/wp-content\/uploads\/sites\/3\/2022\/11\/289028055_2364818723657958_8640717434002393854_n-1.jpg\" \/>\n\t<meta property=\"og:image:width\" content=\"1920\" \/>\n\t<meta property=\"og:image:height\" content=\"1080\" \/>\n\t<meta property=\"og:image:type\" content=\"image\/jpeg\" \/>\n<meta name=\"author\" content=\"CORTES Lucas\" \/>\n<meta name=\"twitter:card\" content=\"summary_large_image\" \/>\n<meta name=\"twitter:label1\" content=\"\u00c9crit par\" \/>\n\t<meta name=\"twitter:data1\" content=\"CORTES Lucas\" \/>\n\t<meta name=\"twitter:label2\" content=\"Dur\u00e9e de lecture estim\u00e9e\" \/>\n\t<meta name=\"twitter:data2\" content=\"6 minutes\" \/>\n<script type=\"application\/ld+json\" class=\"yoast-schema-graph\">{\"@context\":\"https:\\\/\\\/schema.org\",\"@graph\":[{\"@type\":\"Article\",\"@id\":\"https:\\\/\\\/www.mines-stetienne.fr\\\/panoramines\\\/2023\\\/02\\\/01\\\/interview-margaux-forner-en-double-diplome-a-luniversite-de-cambridge\\\/#article\",\"isPartOf\":{\"@id\":\"https:\\\/\\\/www.mines-stetienne.fr\\\/panoramines\\\/2023\\\/02\\\/01\\\/interview-margaux-forner-en-double-diplome-a-luniversite-de-cambridge\\\/\"},\"author\":{\"name\":\"CORTES Lucas\",\"@id\":\"https:\\\/\\\/www.mines-stetienne.fr\\\/panoramines\\\/#\\\/schema\\\/person\\\/f93b3567fe25af690eb69a1501646912\"},\"headline\":\"Interview : Margaux Forner en double dipl\u00f4me \u00e0 l&rsquo;Universit\u00e9 de Cambridge\",\"datePublished\":\"2023-02-01T08:45:16+00:00\",\"dateModified\":\"2024-03-07T15:59:37+00:00\",\"mainEntityOfPage\":{\"@id\":\"https:\\\/\\\/www.mines-stetienne.fr\\\/panoramines\\\/2023\\\/02\\\/01\\\/interview-margaux-forner-en-double-diplome-a-luniversite-de-cambridge\\\/\"},\"wordCount\":957,\"image\":{\"@id\":\"https:\\\/\\\/www.mines-stetienne.fr\\\/panoramines\\\/2023\\\/02\\\/01\\\/interview-margaux-forner-en-double-diplome-a-luniversite-de-cambridge\\\/#primaryimage\"},\"thumbnailUrl\":\"https:\\\/\\\/www.mines-stetienne.fr\\\/panoramines\\\/wp-content\\\/uploads\\\/sites\\\/3\\\/2022\\\/11\\\/289028055_2364818723657958_8640717434002393854_n-1.jpg\",\"keywords\":[\"Campus GC Provence\",\"International\",\"Interview\",\"ISMIN\",\"Mobilit\u00e9 internationale\",\"Mobilit\u00e9s\"],\"articleSection\":[\"International\"],\"inLanguage\":\"fr-FR\"},{\"@type\":\"WebPage\",\"@id\":\"https:\\\/\\\/www.mines-stetienne.fr\\\/panoramines\\\/2023\\\/02\\\/01\\\/interview-margaux-forner-en-double-diplome-a-luniversite-de-cambridge\\\/\",\"url\":\"https:\\\/\\\/www.mines-stetienne.fr\\\/panoramines\\\/2023\\\/02\\\/01\\\/interview-margaux-forner-en-double-diplome-a-luniversite-de-cambridge\\\/\",\"name\":\"Interview : Margaux Forner en double dipl\u00f4me \u00e0 l'Universit\u00e9 de Cambridge - Panoramines\",\"isPartOf\":{\"@id\":\"https:\\\/\\\/www.mines-stetienne.fr\\\/panoramines\\\/#website\"},\"primaryImageOfPage\":{\"@id\":\"https:\\\/\\\/www.mines-stetienne.fr\\\/panoramines\\\/2023\\\/02\\\/01\\\/interview-margaux-forner-en-double-diplome-a-luniversite-de-cambridge\\\/#primaryimage\"},\"image\":{\"@id\":\"https:\\\/\\\/www.mines-stetienne.fr\\\/panoramines\\\/2023\\\/02\\\/01\\\/interview-margaux-forner-en-double-diplome-a-luniversite-de-cambridge\\\/#primaryimage\"},\"thumbnailUrl\":\"https:\\\/\\\/www.mines-stetienne.fr\\\/panoramines\\\/wp-content\\\/uploads\\\/sites\\\/3\\\/2022\\\/11\\\/289028055_2364818723657958_8640717434002393854_n-1.jpg\",\"datePublished\":\"2023-02-01T08:45:16+00:00\",\"dateModified\":\"2024-03-07T15:59:37+00:00\",\"author\":{\"@id\":\"https:\\\/\\\/www.mines-stetienne.fr\\\/panoramines\\\/#\\\/schema\\\/person\\\/f93b3567fe25af690eb69a1501646912\"},\"description\":\"Margaux Forner, \u00e9tudiante en 3e ann\u00e9e en cursus ISMIN, effectue un double dipl\u00f4me \u00e0 l'Universit\u00e9 de Cambridge (Royaume-Uni).\",\"breadcrumb\":{\"@id\":\"https:\\\/\\\/www.mines-stetienne.fr\\\/panoramines\\\/2023\\\/02\\\/01\\\/interview-margaux-forner-en-double-diplome-a-luniversite-de-cambridge\\\/#breadcrumb\"},\"inLanguage\":\"fr-FR\",\"potentialAction\":[{\"@type\":\"ReadAction\",\"target\":[\"https:\\\/\\\/www.mines-stetienne.fr\\\/panoramines\\\/2023\\\/02\\\/01\\\/interview-margaux-forner-en-double-diplome-a-luniversite-de-cambridge\\\/\"]}]},{\"@type\":\"ImageObject\",\"inLanguage\":\"fr-FR\",\"@id\":\"https:\\\/\\\/www.mines-stetienne.fr\\\/panoramines\\\/2023\\\/02\\\/01\\\/interview-margaux-forner-en-double-diplome-a-luniversite-de-cambridge\\\/#primaryimage\",\"url\":\"https:\\\/\\\/www.mines-stetienne.fr\\\/panoramines\\\/wp-content\\\/uploads\\\/sites\\\/3\\\/2022\\\/11\\\/289028055_2364818723657958_8640717434002393854_n-1.jpg\",\"contentUrl\":\"https:\\\/\\\/www.mines-stetienne.fr\\\/panoramines\\\/wp-content\\\/uploads\\\/sites\\\/3\\\/2022\\\/11\\\/289028055_2364818723657958_8640717434002393854_n-1.jpg\",\"width\":1920,\"height\":1080},{\"@type\":\"BreadcrumbList\",\"@id\":\"https:\\\/\\\/www.mines-stetienne.fr\\\/panoramines\\\/2023\\\/02\\\/01\\\/interview-margaux-forner-en-double-diplome-a-luniversite-de-cambridge\\\/#breadcrumb\",\"itemListElement\":[{\"@type\":\"ListItem\",\"position\":1,\"name\":\"Accueil\",\"item\":\"https:\\\/\\\/www.mines-stetienne.fr\\\/panoramines\\\/\"},{\"@type\":\"ListItem\",\"position\":2,\"name\":\"Interview : Margaux Forner en double dipl\u00f4me \u00e0 l&rsquo;Universit\u00e9 de Cambridge\"}]},{\"@type\":\"WebSite\",\"@id\":\"https:\\\/\\\/www.mines-stetienne.fr\\\/panoramines\\\/#website\",\"url\":\"https:\\\/\\\/www.mines-stetienne.fr\\\/panoramines\\\/\",\"name\":\"Panoramines\",\"description\":\"Panoramines, l\u2019actualit\u00e9 de MINES Saint-\u00c9tienne\",\"potentialAction\":[{\"@type\":\"SearchAction\",\"target\":{\"@type\":\"EntryPoint\",\"urlTemplate\":\"https:\\\/\\\/www.mines-stetienne.fr\\\/panoramines\\\/?s={search_term_string}\"},\"query-input\":{\"@type\":\"PropertyValueSpecification\",\"valueRequired\":true,\"valueName\":\"search_term_string\"}}],\"inLanguage\":\"fr-FR\"},{\"@type\":\"Person\",\"@id\":\"https:\\\/\\\/www.mines-stetienne.fr\\\/panoramines\\\/#\\\/schema\\\/person\\\/f93b3567fe25af690eb69a1501646912\",\"name\":\"CORTES Lucas\",\"image\":{\"@type\":\"ImageObject\",\"inLanguage\":\"fr-FR\",\"@id\":\"https:\\\/\\\/www.mines-stetienne.fr\\\/panoramines\\\/wp-content\\\/uploads\\\/sites\\\/3\\\/2021\\\/07\\\/logo-75x75-1.png\",\"url\":\"https:\\\/\\\/www.mines-stetienne.fr\\\/panoramines\\\/wp-content\\\/uploads\\\/sites\\\/3\\\/2021\\\/07\\\/logo-75x75-1.png\",\"contentUrl\":\"https:\\\/\\\/www.mines-stetienne.fr\\\/panoramines\\\/wp-content\\\/uploads\\\/sites\\\/3\\\/2021\\\/07\\\/logo-75x75-1.png\",\"caption\":\"CORTES Lucas\"},\"url\":\"https:\\\/\\\/www.mines-stetienne.fr\\\/panoramines\\\/author\\\/lucas-cortes\\\/\"}]}<\/script>\n<!-- \/ Yoast SEO plugin. -->","yoast_head_json":{"title":"Interview : Margaux Forner en double dipl\u00f4me \u00e0 l'Universit\u00e9 de Cambridge - Panoramines","description":"Margaux Forner, \u00e9tudiante en 3e ann\u00e9e en cursus ISMIN, effectue un double dipl\u00f4me \u00e0 l'Universit\u00e9 de Cambridge (Royaume-Uni).","robots":{"index":"index","follow":"follow","max-snippet":"max-snippet:-1","max-image-preview":"max-image-preview:large","max-video-preview":"max-video-preview:-1"},"canonical":"https:\/\/www.mines-stetienne.fr\/panoramines\/2023\/02\/01\/interview-margaux-forner-en-double-diplome-a-luniversite-de-cambridge\/","og_locale":"fr_FR","og_type":"article","og_title":"Interview : Margaux Forner en double dipl\u00f4me \u00e0 l'Universit\u00e9 de Cambridge - Panoramines","og_description":"Margaux Forner, \u00e9tudiante en 3e ann\u00e9e en cursus ISMIN, effectue un double dipl\u00f4me \u00e0 l'Universit\u00e9 de Cambridge (Royaume-Uni).","og_url":"https:\/\/www.mines-stetienne.fr\/panoramines\/2023\/02\/01\/interview-margaux-forner-en-double-diplome-a-luniversite-de-cambridge\/","og_site_name":"Panoramines","article_published_time":"2023-02-01T08:45:16+00:00","article_modified_time":"2024-03-07T15:59:37+00:00","og_image":[{"width":1920,"height":1080,"url":"https:\/\/www.mines-stetienne.fr\/panoramines\/wp-content\/uploads\/sites\/3\/2022\/11\/289028055_2364818723657958_8640717434002393854_n-1.jpg","type":"image\/jpeg"}],"author":"CORTES Lucas","twitter_card":"summary_large_image","twitter_misc":{"\u00c9crit par":"CORTES Lucas","Dur\u00e9e de lecture estim\u00e9e":"6 minutes"},"schema":{"@context":"https:\/\/schema.org","@graph":[{"@type":"Article","@id":"https:\/\/www.mines-stetienne.fr\/panoramines\/2023\/02\/01\/interview-margaux-forner-en-double-diplome-a-luniversite-de-cambridge\/#article","isPartOf":{"@id":"https:\/\/www.mines-stetienne.fr\/panoramines\/2023\/02\/01\/interview-margaux-forner-en-double-diplome-a-luniversite-de-cambridge\/"},"author":{"name":"CORTES Lucas","@id":"https:\/\/www.mines-stetienne.fr\/panoramines\/#\/schema\/person\/f93b3567fe25af690eb69a1501646912"},"headline":"Interview : Margaux Forner en double dipl\u00f4me \u00e0 l&rsquo;Universit\u00e9 de Cambridge","datePublished":"2023-02-01T08:45:16+00:00","dateModified":"2024-03-07T15:59:37+00:00","mainEntityOfPage":{"@id":"https:\/\/www.mines-stetienne.fr\/panoramines\/2023\/02\/01\/interview-margaux-forner-en-double-diplome-a-luniversite-de-cambridge\/"},"wordCount":957,"image":{"@id":"https:\/\/www.mines-stetienne.fr\/panoramines\/2023\/02\/01\/interview-margaux-forner-en-double-diplome-a-luniversite-de-cambridge\/#primaryimage"},"thumbnailUrl":"https:\/\/www.mines-stetienne.fr\/panoramines\/wp-content\/uploads\/sites\/3\/2022\/11\/289028055_2364818723657958_8640717434002393854_n-1.jpg","keywords":["Campus GC Provence","International","Interview","ISMIN","Mobilit\u00e9 internationale","Mobilit\u00e9s"],"articleSection":["International"],"inLanguage":"fr-FR"},{"@type":"WebPage","@id":"https:\/\/www.mines-stetienne.fr\/panoramines\/2023\/02\/01\/interview-margaux-forner-en-double-diplome-a-luniversite-de-cambridge\/","url":"https:\/\/www.mines-stetienne.fr\/panoramines\/2023\/02\/01\/interview-margaux-forner-en-double-diplome-a-luniversite-de-cambridge\/","name":"Interview : Margaux Forner en double dipl\u00f4me \u00e0 l'Universit\u00e9 de Cambridge - Panoramines","isPartOf":{"@id":"https:\/\/www.mines-stetienne.fr\/panoramines\/#website"},"primaryImageOfPage":{"@id":"https:\/\/www.mines-stetienne.fr\/panoramines\/2023\/02\/01\/interview-margaux-forner-en-double-diplome-a-luniversite-de-cambridge\/#primaryimage"},"image":{"@id":"https:\/\/www.mines-stetienne.fr\/panoramines\/2023\/02\/01\/interview-margaux-forner-en-double-diplome-a-luniversite-de-cambridge\/#primaryimage"},"thumbnailUrl":"https:\/\/www.mines-stetienne.fr\/panoramines\/wp-content\/uploads\/sites\/3\/2022\/11\/289028055_2364818723657958_8640717434002393854_n-1.jpg","datePublished":"2023-02-01T08:45:16+00:00","dateModified":"2024-03-07T15:59:37+00:00","author":{"@id":"https:\/\/www.mines-stetienne.fr\/panoramines\/#\/schema\/person\/f93b3567fe25af690eb69a1501646912"},"description":"Margaux Forner, \u00e9tudiante en 3e ann\u00e9e en cursus ISMIN, effectue un double dipl\u00f4me \u00e0 l'Universit\u00e9 de Cambridge (Royaume-Uni).","breadcrumb":{"@id":"https:\/\/www.mines-stetienne.fr\/panoramines\/2023\/02\/01\/interview-margaux-forner-en-double-diplome-a-luniversite-de-cambridge\/#breadcrumb"},"inLanguage":"fr-FR","potentialAction":[{"@type":"ReadAction","target":["https:\/\/www.mines-stetienne.fr\/panoramines\/2023\/02\/01\/interview-margaux-forner-en-double-diplome-a-luniversite-de-cambridge\/"]}]},{"@type":"ImageObject","inLanguage":"fr-FR","@id":"https:\/\/www.mines-stetienne.fr\/panoramines\/2023\/02\/01\/interview-margaux-forner-en-double-diplome-a-luniversite-de-cambridge\/#primaryimage","url":"https:\/\/www.mines-stetienne.fr\/panoramines\/wp-content\/uploads\/sites\/3\/2022\/11\/289028055_2364818723657958_8640717434002393854_n-1.jpg","contentUrl":"https:\/\/www.mines-stetienne.fr\/panoramines\/wp-content\/uploads\/sites\/3\/2022\/11\/289028055_2364818723657958_8640717434002393854_n-1.jpg","width":1920,"height":1080},{"@type":"BreadcrumbList","@id":"https:\/\/www.mines-stetienne.fr\/panoramines\/2023\/02\/01\/interview-margaux-forner-en-double-diplome-a-luniversite-de-cambridge\/#breadcrumb","itemListElement":[{"@type":"ListItem","position":1,"name":"Accueil","item":"https:\/\/www.mines-stetienne.fr\/panoramines\/"},{"@type":"ListItem","position":2,"name":"Interview : Margaux Forner en double dipl\u00f4me \u00e0 l&rsquo;Universit\u00e9 de Cambridge"}]},{"@type":"WebSite","@id":"https:\/\/www.mines-stetienne.fr\/panoramines\/#website","url":"https:\/\/www.mines-stetienne.fr\/panoramines\/","name":"Panoramines","description":"Panoramines, l\u2019actualit\u00e9 de MINES Saint-\u00c9tienne","potentialAction":[{"@type":"SearchAction","target":{"@type":"EntryPoint","urlTemplate":"https:\/\/www.mines-stetienne.fr\/panoramines\/?s={search_term_string}"},"query-input":{"@type":"PropertyValueSpecification","valueRequired":true,"valueName":"search_term_string"}}],"inLanguage":"fr-FR"},{"@type":"Person","@id":"https:\/\/www.mines-stetienne.fr\/panoramines\/#\/schema\/person\/f93b3567fe25af690eb69a1501646912","name":"CORTES Lucas","image":{"@type":"ImageObject","inLanguage":"fr-FR","@id":"https:\/\/www.mines-stetienne.fr\/panoramines\/wp-content\/uploads\/sites\/3\/2021\/07\/logo-75x75-1.png","url":"https:\/\/www.mines-stetienne.fr\/panoramines\/wp-content\/uploads\/sites\/3\/2021\/07\/logo-75x75-1.png","contentUrl":"https:\/\/www.mines-stetienne.fr\/panoramines\/wp-content\/uploads\/sites\/3\/2021\/07\/logo-75x75-1.png","caption":"CORTES Lucas"},"url":"https:\/\/www.mines-stetienne.fr\/panoramines\/author\/lucas-cortes\/"}]}},"_links":{"self":[{"href":"https:\/\/www.mines-stetienne.fr\/panoramines\/wp-json\/wp\/v2\/posts\/24191","targetHints":{"allow":["GET"]}}],"collection":[{"href":"https:\/\/www.mines-stetienne.fr\/panoramines\/wp-json\/wp\/v2\/posts"}],"about":[{"href":"https:\/\/www.mines-stetienne.fr\/panoramines\/wp-json\/wp\/v2\/types\/post"}],"author":[{"embeddable":true,"href":"https:\/\/www.mines-stetienne.fr\/panoramines\/wp-json\/wp\/v2\/users\/6823"}],"replies":[{"embeddable":true,"href":"https:\/\/www.mines-stetienne.fr\/panoramines\/wp-json\/wp\/v2\/comments?post=24191"}],"version-history":[{"count":16,"href":"https:\/\/www.mines-stetienne.fr\/panoramines\/wp-json\/wp\/v2\/posts\/24191\/revisions"}],"predecessor-version":[{"id":24465,"href":"https:\/\/www.mines-stetienne.fr\/panoramines\/wp-json\/wp\/v2\/posts\/24191\/revisions\/24465"}],"wp:featuredmedia":[{"embeddable":true,"href":"https:\/\/www.mines-stetienne.fr\/panoramines\/wp-json\/wp\/v2\/media\/24195"}],"wp:attachment":[{"href":"https:\/\/www.mines-stetienne.fr\/panoramines\/wp-json\/wp\/v2\/media?parent=24191"}],"wp:term":[{"taxonomy":"category","embeddable":true,"href":"https:\/\/www.mines-stetienne.fr\/panoramines\/wp-json\/wp\/v2\/categories?post=24191"},{"taxonomy":"post_tag","embeddable":true,"href":"https:\/\/www.mines-stetienne.fr\/panoramines\/wp-json\/wp\/v2\/tags?post=24191"}],"curies":[{"name":"wp","href":"https:\/\/api.w.org\/{rel}","templated":true}]}}