{"id":23771,"date":"2022-03-21T14:25:00","date_gmt":"2022-03-21T13:25:00","guid":{"rendered":"https:\/\/www.mines-stetienne.fr\/panoramines\/?p=23771"},"modified":"2022-10-19T14:28:54","modified_gmt":"2022-10-19T12:28:54","slug":"lecole-renouvelle-son-partenariat-avec-aesio-mutuelle-et-aesio-sante","status":"publish","type":"post","link":"https:\/\/www.mines-stetienne.fr\/panoramines\/2022\/03\/21\/lecole-renouvelle-son-partenariat-avec-aesio-mutuelle-et-aesio-sante\/","title":{"rendered":"L&rsquo;\u00c9cole renouvelle son partenariat avec Aesio mutuelle et Aesio sant\u00e9"},"content":{"rendered":"\n<h2 class=\"wp-block-heading\"><a href=\"https:\/\/www.mines-stetienne.fr\/\" target=\"_blank\" rel=\"noreferrer noopener\">Mines Saint-\u00c9tienne<\/a>, <a href=\"https:\/\/www.aesio.fr\/\" target=\"_blank\" rel=\"noreferrer noopener\">A\u00e9sio mutuelle<\/a> et <a href=\"https:\/\/www.aesio-sante.fr\/\" target=\"_blank\" rel=\"noreferrer noopener\">A\u00e9sio sant\u00e9<\/a> ont sign\u00e9, le 14 mars dernier, une convention de partenariat strat\u00e9gique. <br>Objectif : unir nos comp\u00e9tences pour d\u00e9velopper des outils et des services innovants dans le domaine de la Sant\u00e9, au service de la qualit\u00e9 de vie des s\u00e9niors et du maintien \u00e0 domicile des personnes \u00e2g\u00e9es.<\/h2>\n\n\n\n<h3 class=\"wp-block-heading\">Une collaboration de longue date au service de la sant\u00e9<\/h3>\n\n\n<div class=\"wp-block-image\">\n<figure class=\"alignleft size-large is-resized\"><img loading=\"lazy\" decoding=\"async\" src=\"https:\/\/www.mines-stetienne.fr\/panoramines\/wp-content\/uploads\/sites\/3\/2022\/03\/Signature-EMSE-et-Aesio-7-1024x768.jpg\" alt=\"\" class=\"wp-image-23776\" width=\"256\" height=\"192\" srcset=\"https:\/\/www.mines-stetienne.fr\/panoramines\/wp-content\/uploads\/sites\/3\/2022\/03\/Signature-EMSE-et-Aesio-7-1024x768.jpg 1024w, https:\/\/www.mines-stetienne.fr\/panoramines\/wp-content\/uploads\/sites\/3\/2022\/03\/Signature-EMSE-et-Aesio-7-300x225.jpg 300w, https:\/\/www.mines-stetienne.fr\/panoramines\/wp-content\/uploads\/sites\/3\/2022\/03\/Signature-EMSE-et-Aesio-7-768x576.jpg 768w, https:\/\/www.mines-stetienne.fr\/panoramines\/wp-content\/uploads\/sites\/3\/2022\/03\/Signature-EMSE-et-Aesio-7-1536x1152.jpg 1536w, https:\/\/www.mines-stetienne.fr\/panoramines\/wp-content\/uploads\/sites\/3\/2022\/03\/Signature-EMSE-et-Aesio-7-2048x1536.jpg 2048w\" sizes=\"auto, (max-width: 256px) 100vw, 256px\" \/><\/figure>\n<\/div>\n\n\n<p>Lundi 14 mars, c&rsquo;est au sein de la Maison du parc que David Delafosse (directeur par int\u00e9rim de l&rsquo;\u00c9cole),  Patrick Brothier (pr\u00e9sident d&rsquo;<a href=\"https:\/\/www.aesio.fr\/\" target=\"_blank\" rel=\"noreferrer noopener\">Aesio mutuelle<\/a>) et Pascal Haury (pr\u00e9sident d&rsquo;<a href=\"https:\/\/www.aesio-sante.fr\/\" target=\"_blank\" rel=\"noreferrer noopener\">Aesio sant\u00e9<\/a>) ont sign\u00e9 la nouvelle convention de partenariat. L&rsquo;accord renouvelle et \u00e9tend la collaboration initi\u00e9e en 2018 entre <a href=\"https:\/\/www.mines-stetienne.fr\/\" target=\"_blank\" rel=\"noreferrer noopener\">Mines Saint-\u00c9tienne<\/a> et Eovi Mcd (A\u00e9sio Mutuelle et A\u00e9sio Sant\u00e9 depuis sa fusion en janvier 2021 avec les mutuelles Adr\u00e9a et Apr\u00e9va). Le pr\u00e9c\u00e9dent accord a donn\u00e9 naissance au <a href=\"https:\/\/www.mines-stetienne.fr\/future-medicine-fr\/futuremedicine-2021\/le-medtechlab\/\" target=\"_blank\" rel=\"noreferrer noopener\">MedTechLab\u00ae<\/a>, un living lab d\u00e9di\u00e9 \u00e0 l\u2019exp\u00e9rimentation terrain et aux tests grandeur nature de produits ou services int\u00e9grant de nouvelles technologies de sant\u00e9 living lab et un espace d\u2019exp\u00e9rimentation reproduisant grandeur nature l\u2019appartement connect\u00e9 d\u2019une personne \u00e2g\u00e9e ou fragile.<\/p>\n\n\n\n<figure class=\"wp-block-pullquote is-style-default\"><blockquote><p>L\u2019accord avec A\u00e9sio mutuelle et A\u00e9sio sant\u00e9 nous permettra de continuer \u00e0 innover pour apporter les solutions de demain et \u0153uvrer \u00e0 l\u2019am\u00e9lioration de la qualit\u00e9 de vie de nos concitoyens.<\/p><cite>David Delafosse, directeur par int\u00e9rim<\/cite><\/blockquote><\/figure>\n\n\n\n<h3 class=\"wp-block-heading\">Penser d\u00e8s maintenant la m\u00e9decine du Futur<\/h3>\n\n\n<div class=\"wp-block-image\">\n<figure class=\"alignright size-large is-resized\"><img loading=\"lazy\" decoding=\"async\" src=\"https:\/\/www.mines-stetienne.fr\/panoramines\/wp-content\/uploads\/sites\/3\/2022\/03\/Signature-EMSE-et-Aesio-3-1024x768.jpg\" alt=\"\" class=\"wp-image-23785\" width=\"330\" height=\"248\" srcset=\"https:\/\/www.mines-stetienne.fr\/panoramines\/wp-content\/uploads\/sites\/3\/2022\/03\/Signature-EMSE-et-Aesio-3-1024x768.jpg 1024w, https:\/\/www.mines-stetienne.fr\/panoramines\/wp-content\/uploads\/sites\/3\/2022\/03\/Signature-EMSE-et-Aesio-3-300x225.jpg 300w, https:\/\/www.mines-stetienne.fr\/panoramines\/wp-content\/uploads\/sites\/3\/2022\/03\/Signature-EMSE-et-Aesio-3-768x576.jpg 768w, https:\/\/www.mines-stetienne.fr\/panoramines\/wp-content\/uploads\/sites\/3\/2022\/03\/Signature-EMSE-et-Aesio-3-1536x1152.jpg 1536w, https:\/\/www.mines-stetienne.fr\/panoramines\/wp-content\/uploads\/sites\/3\/2022\/03\/Signature-EMSE-et-Aesio-3-2048x1536.jpg 2048w\" sizes=\"auto, (max-width: 330px) 100vw, 330px\" \/><\/figure>\n<\/div>\n\n\n<p>Le nouvel accord pr\u00e9voit la r\u00e9alisation de nombreux projets sur 3 th\u00e8mes diff\u00e9rents : <\/p>\n\n\n\n<ul class=\"wp-block-list\"><li>Le bien-\u00eatre des s\u00e9niors en EPHAD<\/li><li>Le maintien \u00e0 domicile des personnes \u00e2g\u00e9es<\/li><li>La M\u00e9decine du Futur<\/li><\/ul>\n\n\n\n<p> Notons que dans le cadre du partenariat, les entit\u00e9s ont lanc\u00e9 en 2021 le Projet LISE. Un projet qui consiste \u00e0 exp\u00e9rimenter le dispositif de g\u00e9olocalisation cartobat\u00ae aupr\u00e8s des personnes \u00e2g\u00e9es atteintes d&rsquo;Alzheimer r\u00e9sidant en Unit\u00e9 de Vie Prot\u00e9g\u00e9e en EPHAD. L&rsquo;objectif est de leur permettre d&rsquo;acc\u00e9der \u00e0 des espaces de vie suppl\u00e9mentaires notamment.<\/p>\n\n\n\n<p>Un autre projet est quant \u00e0 lui test\u00e9 en conditions r\u00e9elles depuis d\u00e9but 2022. Il s&rsquo;agit de la Box des fragilit\u00e9s en partenariat avec les CHU de <a href=\"https:\/\/www.chu-st-etienne.fr\/\" target=\"_blank\" rel=\"noreferrer noopener\">Saint-Etienne<\/a> et de <a href=\"https:\/\/www.chu-lyon.fr\/\" target=\"_blank\" rel=\"noreferrer noopener\">Lyon<\/a>. C&rsquo;est une solution innovante pour s\u00e9curiser le maintien \u00e0 domicile des personnes \u00e2g\u00e9es.<\/p>\n\n\n\n<p>Le partenariat pr\u00e9voit aussi des projets en m\u00e9decine du futur :<\/p>\n\n\n\n<ul class=\"wp-block-list\"><li>R\u00e9alisation du concept du cabinet dentaire du futur qui vise \u00e0 am\u00e9liorer l&rsquo;exp\u00e9rience patient (diminuer le stress et optimiser le parcours) et l&rsquo;organisation des lieux (simulation r\u00e9alit\u00e9 virtuelle)<\/li><li>\u00c9valuation de l\u2019impact de l\u2019usage de la t\u00e9l\u00e9m\u00e9decine pour les \u00e9tablissements du handicap<\/li><li>Financement d\u2019une th\u00e8se CIFRE pour simplifier et fluidifier leur parcours de soin des personnes qui se font implanter une proth\u00e8se de hanche ou de genou.<\/li><\/ul>\n\n\n\n<hr class=\"wp-block-separator has-css-opacity is-style-dots\" \/>\n\n\n\n<div class=\"wp-block-buttons is-content-justification-center is-layout-flex wp-container-core-buttons-is-layout-16018d1d wp-block-buttons-is-layout-flex\">\n<div class=\"wp-block-button is-style-fill\"><a class=\"wp-block-button__link has-white-color has-vivid-purple-background-color has-text-color has-background\" href=\"https:\/\/www.mines-stetienne.fr\/wp-content\/uploads\/2022\/03\/Communique-partenariat-AESIO-MinesSE.pdf\" target=\"_blank\" rel=\"noreferrer noopener\">Lire le communiqu\u00e9 de presse<\/a><\/div>\n<\/div>\n\n\n\n<hr class=\"wp-block-separator has-css-opacity is-style-dots\" \/>\n","protected":false},"excerpt":{"rendered":"<p>Mines Saint-\u00c9tienne, A\u00e9sio mutuelle et A\u00e9sio sant\u00e9 ont sign\u00e9, le 14 mars dernier, une convention de partenariat strat\u00e9gique. Objectif : unir nos comp\u00e9tences pour d\u00e9velopper des outils et des services innovants dans le domaine de la Sant\u00e9, au service de &hellip;<\/p>\n","protected":false},"author":6823,"featured_media":23773,"comment_status":"closed","ping_status":"open","sticky":false,"template":"","format":"standard","meta":{"_relevanssi_hide_post":"","_relevanssi_hide_content":"","_relevanssi_pin_for_all":"","_relevanssi_pin_keywords":"","_relevanssi_unpin_keywords":"","_relevanssi_related_keywords":"","_relevanssi_related_include_ids":"","_relevanssi_related_exclude_ids":"","_relevanssi_related_no_append":"","_relevanssi_related_not_related":"","_relevanssi_related_posts":"7697,7485,11386,15805,6989,15855","_relevanssi_noindex_reason":"","footnotes":""},"categories":[19],"tags":[581,272,797,743,796,785,115,111,744],"class_list":["post-23771","post","type-post","status-publish","format-standard","has-post-thumbnail","hentry","category-entreprise","tag-campus-sante-innovations","tag-cis","tag-ephad","tag-futuremedcine","tag-medecine-du-futur","tag-medtechlab","tag-partenariat","tag-sante","tag-sante-du-futur"],"pp_statuses_selecting_workflow":false,"pp_workflow_action":"current","pp_status_selection":"publish","pp_force_visibility":null,"pp_subpost_visibility":null,"pp_inherited_force_visibility":null,"pp_inherited_subpost_visibility":null,"yoast_head":"<!-- This site is optimized with the Yoast SEO plugin v27.4 - https:\/\/yoast.com\/product\/yoast-seo-wordpress\/ -->\n<title>L&#039;\u00c9cole renouvelle son partenariat avec Aesio mutuelle et Aesio sant\u00e9 - Panoramines<\/title>\n<meta name=\"robots\" content=\"index, follow, max-snippet:-1, max-image-preview:large, max-video-preview:-1\" \/>\n<link rel=\"canonical\" href=\"https:\/\/www.mines-stetienne.fr\/panoramines\/2022\/03\/21\/lecole-renouvelle-son-partenariat-avec-aesio-mutuelle-et-aesio-sante\/\" \/>\n<meta property=\"og:locale\" content=\"fr_FR\" \/>\n<meta property=\"og:type\" content=\"article\" \/>\n<meta property=\"og:title\" content=\"L&#039;\u00c9cole renouvelle son partenariat avec Aesio mutuelle et Aesio sant\u00e9 - Panoramines\" \/>\n<meta property=\"og:description\" content=\"Mines Saint-\u00c9tienne, A\u00e9sio mutuelle et A\u00e9sio sant\u00e9 ont sign\u00e9, le 14 mars dernier, une convention de partenariat strat\u00e9gique. Objectif : unir nos comp\u00e9tences pour d\u00e9velopper des outils et des services innovants dans le domaine de la Sant\u00e9, au service de &hellip;\" \/>\n<meta property=\"og:url\" content=\"https:\/\/www.mines-stetienne.fr\/panoramines\/2022\/03\/21\/lecole-renouvelle-son-partenariat-avec-aesio-mutuelle-et-aesio-sante\/\" \/>\n<meta property=\"og:site_name\" content=\"Panoramines\" \/>\n<meta property=\"article:published_time\" content=\"2022-03-21T13:25:00+00:00\" \/>\n<meta property=\"article:modified_time\" content=\"2022-10-19T12:28:54+00:00\" \/>\n<meta property=\"og:image\" content=\"https:\/\/www.mines-stetienne.fr\/panoramines\/wp-content\/uploads\/sites\/3\/2022\/03\/Signature-EMSE-et-Aesio-1-scaled.jpg\" \/>\n\t<meta property=\"og:image:width\" content=\"2560\" \/>\n\t<meta property=\"og:image:height\" content=\"1920\" \/>\n\t<meta property=\"og:image:type\" content=\"image\/jpeg\" \/>\n<meta name=\"author\" content=\"CORTES Lucas\" \/>\n<meta name=\"twitter:card\" content=\"summary_large_image\" \/>\n<meta name=\"twitter:label1\" content=\"\u00c9crit par\" \/>\n\t<meta name=\"twitter:data1\" content=\"CORTES Lucas\" \/>\n\t<meta name=\"twitter:label2\" content=\"Dur\u00e9e de lecture estim\u00e9e\" \/>\n\t<meta name=\"twitter:data2\" content=\"3 minutes\" \/>\n<script type=\"application\/ld+json\" class=\"yoast-schema-graph\">{\"@context\":\"https:\\\/\\\/schema.org\",\"@graph\":[{\"@type\":\"Article\",\"@id\":\"https:\\\/\\\/www.mines-stetienne.fr\\\/panoramines\\\/2022\\\/03\\\/21\\\/lecole-renouvelle-son-partenariat-avec-aesio-mutuelle-et-aesio-sante\\\/#article\",\"isPartOf\":{\"@id\":\"https:\\\/\\\/www.mines-stetienne.fr\\\/panoramines\\\/2022\\\/03\\\/21\\\/lecole-renouvelle-son-partenariat-avec-aesio-mutuelle-et-aesio-sante\\\/\"},\"author\":{\"name\":\"CORTES Lucas\",\"@id\":\"https:\\\/\\\/www.mines-stetienne.fr\\\/panoramines\\\/#\\\/schema\\\/person\\\/f93b3567fe25af690eb69a1501646912\"},\"headline\":\"L&rsquo;\u00c9cole renouvelle son partenariat avec Aesio mutuelle et Aesio sant\u00e9\",\"datePublished\":\"2022-03-21T13:25:00+00:00\",\"dateModified\":\"2022-10-19T12:28:54+00:00\",\"mainEntityOfPage\":{\"@id\":\"https:\\\/\\\/www.mines-stetienne.fr\\\/panoramines\\\/2022\\\/03\\\/21\\\/lecole-renouvelle-son-partenariat-avec-aesio-mutuelle-et-aesio-sante\\\/\"},\"wordCount\":498,\"image\":{\"@id\":\"https:\\\/\\\/www.mines-stetienne.fr\\\/panoramines\\\/2022\\\/03\\\/21\\\/lecole-renouvelle-son-partenariat-avec-aesio-mutuelle-et-aesio-sante\\\/#primaryimage\"},\"thumbnailUrl\":\"https:\\\/\\\/www.mines-stetienne.fr\\\/panoramines\\\/wp-content\\\/uploads\\\/sites\\\/3\\\/2022\\\/03\\\/Signature-EMSE-et-Aesio-1-scaled.jpg\",\"keywords\":[\"Campus Sant\u00e9 Innovations\",\"CIS\",\"Ephad\",\"FutureMedcine\",\"M\u00e9decine du futur\",\"MedTechLab\",\"Partenariat\",\"Sant\u00e9\",\"Sant\u00e9 du futur\"],\"articleSection\":[\"Entreprise\"],\"inLanguage\":\"fr-FR\"},{\"@type\":\"WebPage\",\"@id\":\"https:\\\/\\\/www.mines-stetienne.fr\\\/panoramines\\\/2022\\\/03\\\/21\\\/lecole-renouvelle-son-partenariat-avec-aesio-mutuelle-et-aesio-sante\\\/\",\"url\":\"https:\\\/\\\/www.mines-stetienne.fr\\\/panoramines\\\/2022\\\/03\\\/21\\\/lecole-renouvelle-son-partenariat-avec-aesio-mutuelle-et-aesio-sante\\\/\",\"name\":\"L'\u00c9cole renouvelle son partenariat avec Aesio mutuelle et Aesio sant\u00e9 - Panoramines\",\"isPartOf\":{\"@id\":\"https:\\\/\\\/www.mines-stetienne.fr\\\/panoramines\\\/#website\"},\"primaryImageOfPage\":{\"@id\":\"https:\\\/\\\/www.mines-stetienne.fr\\\/panoramines\\\/2022\\\/03\\\/21\\\/lecole-renouvelle-son-partenariat-avec-aesio-mutuelle-et-aesio-sante\\\/#primaryimage\"},\"image\":{\"@id\":\"https:\\\/\\\/www.mines-stetienne.fr\\\/panoramines\\\/2022\\\/03\\\/21\\\/lecole-renouvelle-son-partenariat-avec-aesio-mutuelle-et-aesio-sante\\\/#primaryimage\"},\"thumbnailUrl\":\"https:\\\/\\\/www.mines-stetienne.fr\\\/panoramines\\\/wp-content\\\/uploads\\\/sites\\\/3\\\/2022\\\/03\\\/Signature-EMSE-et-Aesio-1-scaled.jpg\",\"datePublished\":\"2022-03-21T13:25:00+00:00\",\"dateModified\":\"2022-10-19T12:28:54+00:00\",\"author\":{\"@id\":\"https:\\\/\\\/www.mines-stetienne.fr\\\/panoramines\\\/#\\\/schema\\\/person\\\/f93b3567fe25af690eb69a1501646912\"},\"breadcrumb\":{\"@id\":\"https:\\\/\\\/www.mines-stetienne.fr\\\/panoramines\\\/2022\\\/03\\\/21\\\/lecole-renouvelle-son-partenariat-avec-aesio-mutuelle-et-aesio-sante\\\/#breadcrumb\"},\"inLanguage\":\"fr-FR\",\"potentialAction\":[{\"@type\":\"ReadAction\",\"target\":[\"https:\\\/\\\/www.mines-stetienne.fr\\\/panoramines\\\/2022\\\/03\\\/21\\\/lecole-renouvelle-son-partenariat-avec-aesio-mutuelle-et-aesio-sante\\\/\"]}]},{\"@type\":\"ImageObject\",\"inLanguage\":\"fr-FR\",\"@id\":\"https:\\\/\\\/www.mines-stetienne.fr\\\/panoramines\\\/2022\\\/03\\\/21\\\/lecole-renouvelle-son-partenariat-avec-aesio-mutuelle-et-aesio-sante\\\/#primaryimage\",\"url\":\"https:\\\/\\\/www.mines-stetienne.fr\\\/panoramines\\\/wp-content\\\/uploads\\\/sites\\\/3\\\/2022\\\/03\\\/Signature-EMSE-et-Aesio-1-scaled.jpg\",\"contentUrl\":\"https:\\\/\\\/www.mines-stetienne.fr\\\/panoramines\\\/wp-content\\\/uploads\\\/sites\\\/3\\\/2022\\\/03\\\/Signature-EMSE-et-Aesio-1-scaled.jpg\",\"width\":2560,\"height\":1920},{\"@type\":\"BreadcrumbList\",\"@id\":\"https:\\\/\\\/www.mines-stetienne.fr\\\/panoramines\\\/2022\\\/03\\\/21\\\/lecole-renouvelle-son-partenariat-avec-aesio-mutuelle-et-aesio-sante\\\/#breadcrumb\",\"itemListElement\":[{\"@type\":\"ListItem\",\"position\":1,\"name\":\"Accueil\",\"item\":\"https:\\\/\\\/www.mines-stetienne.fr\\\/panoramines\\\/\"},{\"@type\":\"ListItem\",\"position\":2,\"name\":\"L&rsquo;\u00c9cole renouvelle son partenariat avec Aesio mutuelle et Aesio sant\u00e9\"}]},{\"@type\":\"WebSite\",\"@id\":\"https:\\\/\\\/www.mines-stetienne.fr\\\/panoramines\\\/#website\",\"url\":\"https:\\\/\\\/www.mines-stetienne.fr\\\/panoramines\\\/\",\"name\":\"Panoramines\",\"description\":\"Panoramines, l\u2019actualit\u00e9 de MINES Saint-\u00c9tienne\",\"potentialAction\":[{\"@type\":\"SearchAction\",\"target\":{\"@type\":\"EntryPoint\",\"urlTemplate\":\"https:\\\/\\\/www.mines-stetienne.fr\\\/panoramines\\\/?s={search_term_string}\"},\"query-input\":{\"@type\":\"PropertyValueSpecification\",\"valueRequired\":true,\"valueName\":\"search_term_string\"}}],\"inLanguage\":\"fr-FR\"},{\"@type\":\"Person\",\"@id\":\"https:\\\/\\\/www.mines-stetienne.fr\\\/panoramines\\\/#\\\/schema\\\/person\\\/f93b3567fe25af690eb69a1501646912\",\"name\":\"CORTES Lucas\",\"image\":{\"@type\":\"ImageObject\",\"inLanguage\":\"fr-FR\",\"@id\":\"https:\\\/\\\/www.mines-stetienne.fr\\\/panoramines\\\/wp-content\\\/uploads\\\/sites\\\/3\\\/2021\\\/07\\\/logo-75x75-1.png\",\"url\":\"https:\\\/\\\/www.mines-stetienne.fr\\\/panoramines\\\/wp-content\\\/uploads\\\/sites\\\/3\\\/2021\\\/07\\\/logo-75x75-1.png\",\"contentUrl\":\"https:\\\/\\\/www.mines-stetienne.fr\\\/panoramines\\\/wp-content\\\/uploads\\\/sites\\\/3\\\/2021\\\/07\\\/logo-75x75-1.png\",\"caption\":\"CORTES Lucas\"},\"url\":\"https:\\\/\\\/www.mines-stetienne.fr\\\/panoramines\\\/author\\\/lucas-cortes\\\/\"}]}<\/script>\n<!-- \/ Yoast SEO plugin. -->","yoast_head_json":{"title":"L'\u00c9cole renouvelle son partenariat avec Aesio mutuelle et Aesio sant\u00e9 - Panoramines","robots":{"index":"index","follow":"follow","max-snippet":"max-snippet:-1","max-image-preview":"max-image-preview:large","max-video-preview":"max-video-preview:-1"},"canonical":"https:\/\/www.mines-stetienne.fr\/panoramines\/2022\/03\/21\/lecole-renouvelle-son-partenariat-avec-aesio-mutuelle-et-aesio-sante\/","og_locale":"fr_FR","og_type":"article","og_title":"L'\u00c9cole renouvelle son partenariat avec Aesio mutuelle et Aesio sant\u00e9 - Panoramines","og_description":"Mines Saint-\u00c9tienne, A\u00e9sio mutuelle et A\u00e9sio sant\u00e9 ont sign\u00e9, le 14 mars dernier, une convention de partenariat strat\u00e9gique. Objectif : unir nos comp\u00e9tences pour d\u00e9velopper des outils et des services innovants dans le domaine de la Sant\u00e9, au service de &hellip;","og_url":"https:\/\/www.mines-stetienne.fr\/panoramines\/2022\/03\/21\/lecole-renouvelle-son-partenariat-avec-aesio-mutuelle-et-aesio-sante\/","og_site_name":"Panoramines","article_published_time":"2022-03-21T13:25:00+00:00","article_modified_time":"2022-10-19T12:28:54+00:00","og_image":[{"width":2560,"height":1920,"url":"https:\/\/www.mines-stetienne.fr\/panoramines\/wp-content\/uploads\/sites\/3\/2022\/03\/Signature-EMSE-et-Aesio-1-scaled.jpg","type":"image\/jpeg"}],"author":"CORTES Lucas","twitter_card":"summary_large_image","twitter_misc":{"\u00c9crit par":"CORTES Lucas","Dur\u00e9e de lecture estim\u00e9e":"3 minutes"},"schema":{"@context":"https:\/\/schema.org","@graph":[{"@type":"Article","@id":"https:\/\/www.mines-stetienne.fr\/panoramines\/2022\/03\/21\/lecole-renouvelle-son-partenariat-avec-aesio-mutuelle-et-aesio-sante\/#article","isPartOf":{"@id":"https:\/\/www.mines-stetienne.fr\/panoramines\/2022\/03\/21\/lecole-renouvelle-son-partenariat-avec-aesio-mutuelle-et-aesio-sante\/"},"author":{"name":"CORTES Lucas","@id":"https:\/\/www.mines-stetienne.fr\/panoramines\/#\/schema\/person\/f93b3567fe25af690eb69a1501646912"},"headline":"L&rsquo;\u00c9cole renouvelle son partenariat avec Aesio mutuelle et Aesio sant\u00e9","datePublished":"2022-03-21T13:25:00+00:00","dateModified":"2022-10-19T12:28:54+00:00","mainEntityOfPage":{"@id":"https:\/\/www.mines-stetienne.fr\/panoramines\/2022\/03\/21\/lecole-renouvelle-son-partenariat-avec-aesio-mutuelle-et-aesio-sante\/"},"wordCount":498,"image":{"@id":"https:\/\/www.mines-stetienne.fr\/panoramines\/2022\/03\/21\/lecole-renouvelle-son-partenariat-avec-aesio-mutuelle-et-aesio-sante\/#primaryimage"},"thumbnailUrl":"https:\/\/www.mines-stetienne.fr\/panoramines\/wp-content\/uploads\/sites\/3\/2022\/03\/Signature-EMSE-et-Aesio-1-scaled.jpg","keywords":["Campus Sant\u00e9 Innovations","CIS","Ephad","FutureMedcine","M\u00e9decine du futur","MedTechLab","Partenariat","Sant\u00e9","Sant\u00e9 du futur"],"articleSection":["Entreprise"],"inLanguage":"fr-FR"},{"@type":"WebPage","@id":"https:\/\/www.mines-stetienne.fr\/panoramines\/2022\/03\/21\/lecole-renouvelle-son-partenariat-avec-aesio-mutuelle-et-aesio-sante\/","url":"https:\/\/www.mines-stetienne.fr\/panoramines\/2022\/03\/21\/lecole-renouvelle-son-partenariat-avec-aesio-mutuelle-et-aesio-sante\/","name":"L'\u00c9cole renouvelle son partenariat avec Aesio mutuelle et Aesio sant\u00e9 - Panoramines","isPartOf":{"@id":"https:\/\/www.mines-stetienne.fr\/panoramines\/#website"},"primaryImageOfPage":{"@id":"https:\/\/www.mines-stetienne.fr\/panoramines\/2022\/03\/21\/lecole-renouvelle-son-partenariat-avec-aesio-mutuelle-et-aesio-sante\/#primaryimage"},"image":{"@id":"https:\/\/www.mines-stetienne.fr\/panoramines\/2022\/03\/21\/lecole-renouvelle-son-partenariat-avec-aesio-mutuelle-et-aesio-sante\/#primaryimage"},"thumbnailUrl":"https:\/\/www.mines-stetienne.fr\/panoramines\/wp-content\/uploads\/sites\/3\/2022\/03\/Signature-EMSE-et-Aesio-1-scaled.jpg","datePublished":"2022-03-21T13:25:00+00:00","dateModified":"2022-10-19T12:28:54+00:00","author":{"@id":"https:\/\/www.mines-stetienne.fr\/panoramines\/#\/schema\/person\/f93b3567fe25af690eb69a1501646912"},"breadcrumb":{"@id":"https:\/\/www.mines-stetienne.fr\/panoramines\/2022\/03\/21\/lecole-renouvelle-son-partenariat-avec-aesio-mutuelle-et-aesio-sante\/#breadcrumb"},"inLanguage":"fr-FR","potentialAction":[{"@type":"ReadAction","target":["https:\/\/www.mines-stetienne.fr\/panoramines\/2022\/03\/21\/lecole-renouvelle-son-partenariat-avec-aesio-mutuelle-et-aesio-sante\/"]}]},{"@type":"ImageObject","inLanguage":"fr-FR","@id":"https:\/\/www.mines-stetienne.fr\/panoramines\/2022\/03\/21\/lecole-renouvelle-son-partenariat-avec-aesio-mutuelle-et-aesio-sante\/#primaryimage","url":"https:\/\/www.mines-stetienne.fr\/panoramines\/wp-content\/uploads\/sites\/3\/2022\/03\/Signature-EMSE-et-Aesio-1-scaled.jpg","contentUrl":"https:\/\/www.mines-stetienne.fr\/panoramines\/wp-content\/uploads\/sites\/3\/2022\/03\/Signature-EMSE-et-Aesio-1-scaled.jpg","width":2560,"height":1920},{"@type":"BreadcrumbList","@id":"https:\/\/www.mines-stetienne.fr\/panoramines\/2022\/03\/21\/lecole-renouvelle-son-partenariat-avec-aesio-mutuelle-et-aesio-sante\/#breadcrumb","itemListElement":[{"@type":"ListItem","position":1,"name":"Accueil","item":"https:\/\/www.mines-stetienne.fr\/panoramines\/"},{"@type":"ListItem","position":2,"name":"L&rsquo;\u00c9cole renouvelle son partenariat avec Aesio mutuelle et Aesio sant\u00e9"}]},{"@type":"WebSite","@id":"https:\/\/www.mines-stetienne.fr\/panoramines\/#website","url":"https:\/\/www.mines-stetienne.fr\/panoramines\/","name":"Panoramines","description":"Panoramines, l\u2019actualit\u00e9 de MINES Saint-\u00c9tienne","potentialAction":[{"@type":"SearchAction","target":{"@type":"EntryPoint","urlTemplate":"https:\/\/www.mines-stetienne.fr\/panoramines\/?s={search_term_string}"},"query-input":{"@type":"PropertyValueSpecification","valueRequired":true,"valueName":"search_term_string"}}],"inLanguage":"fr-FR"},{"@type":"Person","@id":"https:\/\/www.mines-stetienne.fr\/panoramines\/#\/schema\/person\/f93b3567fe25af690eb69a1501646912","name":"CORTES Lucas","image":{"@type":"ImageObject","inLanguage":"fr-FR","@id":"https:\/\/www.mines-stetienne.fr\/panoramines\/wp-content\/uploads\/sites\/3\/2021\/07\/logo-75x75-1.png","url":"https:\/\/www.mines-stetienne.fr\/panoramines\/wp-content\/uploads\/sites\/3\/2021\/07\/logo-75x75-1.png","contentUrl":"https:\/\/www.mines-stetienne.fr\/panoramines\/wp-content\/uploads\/sites\/3\/2021\/07\/logo-75x75-1.png","caption":"CORTES Lucas"},"url":"https:\/\/www.mines-stetienne.fr\/panoramines\/author\/lucas-cortes\/"}]}},"_links":{"self":[{"href":"https:\/\/www.mines-stetienne.fr\/panoramines\/wp-json\/wp\/v2\/posts\/23771","targetHints":{"allow":["GET"]}}],"collection":[{"href":"https:\/\/www.mines-stetienne.fr\/panoramines\/wp-json\/wp\/v2\/posts"}],"about":[{"href":"https:\/\/www.mines-stetienne.fr\/panoramines\/wp-json\/wp\/v2\/types\/post"}],"author":[{"embeddable":true,"href":"https:\/\/www.mines-stetienne.fr\/panoramines\/wp-json\/wp\/v2\/users\/6823"}],"replies":[{"embeddable":true,"href":"https:\/\/www.mines-stetienne.fr\/panoramines\/wp-json\/wp\/v2\/comments?post=23771"}],"version-history":[{"count":24,"href":"https:\/\/www.mines-stetienne.fr\/panoramines\/wp-json\/wp\/v2\/posts\/23771\/revisions"}],"predecessor-version":[{"id":24103,"href":"https:\/\/www.mines-stetienne.fr\/panoramines\/wp-json\/wp\/v2\/posts\/23771\/revisions\/24103"}],"wp:featuredmedia":[{"embeddable":true,"href":"https:\/\/www.mines-stetienne.fr\/panoramines\/wp-json\/wp\/v2\/media\/23773"}],"wp:attachment":[{"href":"https:\/\/www.mines-stetienne.fr\/panoramines\/wp-json\/wp\/v2\/media?parent=23771"}],"wp:term":[{"taxonomy":"category","embeddable":true,"href":"https:\/\/www.mines-stetienne.fr\/panoramines\/wp-json\/wp\/v2\/categories?post=23771"},{"taxonomy":"post_tag","embeddable":true,"href":"https:\/\/www.mines-stetienne.fr\/panoramines\/wp-json\/wp\/v2\/tags?post=23771"}],"curies":[{"name":"wp","href":"https:\/\/api.w.org\/{rel}","templated":true}]}}