{"id":23709,"date":"2022-01-28T08:50:10","date_gmt":"2022-01-28T07:50:10","guid":{"rendered":"https:\/\/www.mines-stetienne.fr\/panoramines\/?p=23709"},"modified":"2022-01-28T08:56:59","modified_gmt":"2022-01-28T07:56:59","slug":"tendre-vers-le-zero-rejet-deaux-pluviales-dans-les-reseaux-dassainissement-est-ce-possible","status":"publish","type":"post","link":"https:\/\/www.mines-stetienne.fr\/panoramines\/2022\/01\/28\/tendre-vers-le-zero-rejet-deaux-pluviales-dans-les-reseaux-dassainissement-est-ce-possible\/","title":{"rendered":"Tendre vers le z\u00e9ro rejet d\u2019eaux pluviales dans les r\u00e9seaux d\u2019assainissement, est-ce possible ?"},"content":{"rendered":"\n<p><\/p>\n\n\n\n<h2 class=\"wp-block-heading\">Depuis quelques semaines d\u00e9j\u00e0, <a href=\"https:\/\/www.mines-stetienne.fr\/\" target=\"_blank\" rel=\"noreferrer noopener\">Mines Saint-Etienne<\/a> exp\u00e9rimente une toiture terrasse v\u00e9g\u00e9talis\u00e9e compl\u00e9t\u00e9e d\u2019un jardin de pluie urbain. Des \u00e9tudes ant\u00e9rieures ont montr\u00e9 qu\u2019une toiture terrasse v\u00e9g\u00e9talis\u00e9e (TTV) seule permet d\u2019abattre 70% des eaux pluviales. Mais jamais un tel dispositif qui couple une TTV et un jardin de pluie urbain (JPU) n\u2019a \u00e9t\u00e9 suivi. <br>Explication :<\/h2>\n\n\n\n<h3 class=\"wp-block-heading\">Gestion de l&rsquo;eau pour une ville durable<\/h3>\n\n\n\n<p>La construction d\u2019une nouvelle chaufferie a permis \u00e0 l\u2019\u00c9cole de mettre en place une toiture terrasse v\u00e9g\u00e9talis\u00e9e (TTV) accompagn\u00e9e par un jardin de pluie urbain. Install\u00e9 sur le <a href=\"https:\/\/www.mines-stetienne.fr\/campus\/campus-de-saint-etienne\/\" target=\"_blank\" rel=\"noreferrer noopener\">campus de Saint-Etienne<\/a>, la TVV s\u2019\u00e9tend sur environ 150m\u00b2, quant au JPU sur 4m\u00b2. L\u2019int\u00e9r\u00eat de ce type de dispositif est de retenir l\u2019eau de pluie en \u00e9vitant l\u2019effet de ruissellement provocant notamment les inondations. Ainsi, l\u2019impact des pluies est att\u00e9nu\u00e9 tout en contribuant au rafraichissement local urbain.<\/p>\n\n\n\n<div class=\"wp-block-image is-style-default\"><figure class=\"aligncenter size-full\"><img loading=\"lazy\" decoding=\"async\" width=\"1346\" height=\"819\" src=\"https:\/\/www.mines-stetienne.fr\/panoramines\/wp-content\/uploads\/sites\/3\/2022\/01\/Image1.png\" alt=\"\" class=\"wp-image-23715\" srcset=\"https:\/\/www.mines-stetienne.fr\/panoramines\/wp-content\/uploads\/sites\/3\/2022\/01\/Image1.png 1346w, https:\/\/www.mines-stetienne.fr\/panoramines\/wp-content\/uploads\/sites\/3\/2022\/01\/Image1-300x183.png 300w, https:\/\/www.mines-stetienne.fr\/panoramines\/wp-content\/uploads\/sites\/3\/2022\/01\/Image1-1024x623.png 1024w, https:\/\/www.mines-stetienne.fr\/panoramines\/wp-content\/uploads\/sites\/3\/2022\/01\/Image1-768x467.png 768w\" sizes=\"auto, (max-width: 1346px) 100vw, 1346px\" \/><figcaption>Sch\u00e9ma de la toiture terrasse v\u00e9g\u00e9talis\u00e9e<\/figcaption><\/figure><\/div>\n\n\n\n<div class=\"wp-block-image\"><figure class=\"alignleft size-large is-resized\"><img loading=\"lazy\" decoding=\"async\" src=\"https:\/\/www.mines-stetienne.fr\/panoramines\/wp-content\/uploads\/sites\/3\/2022\/01\/TTV-JPU-3-1024x768.jpg\" alt=\"\" class=\"wp-image-23710\" width=\"248\" height=\"186\" srcset=\"https:\/\/www.mines-stetienne.fr\/panoramines\/wp-content\/uploads\/sites\/3\/2022\/01\/TTV-JPU-3-1024x768.jpg 1024w, https:\/\/www.mines-stetienne.fr\/panoramines\/wp-content\/uploads\/sites\/3\/2022\/01\/TTV-JPU-3-300x225.jpg 300w, https:\/\/www.mines-stetienne.fr\/panoramines\/wp-content\/uploads\/sites\/3\/2022\/01\/TTV-JPU-3-768x576.jpg 768w, https:\/\/www.mines-stetienne.fr\/panoramines\/wp-content\/uploads\/sites\/3\/2022\/01\/TTV-JPU-3-1536x1152.jpg 1536w, https:\/\/www.mines-stetienne.fr\/panoramines\/wp-content\/uploads\/sites\/3\/2022\/01\/TTV-JPU-3.jpg 1849w\" sizes=\"auto, (max-width: 248px) 100vw, 248px\" \/><figcaption><span style=\"color:#9b51e0\" class=\"tadv-color\">Installation des capteurs de niveau et d&rsquo;humidit\u00e9 du sol<\/span><\/figcaption><\/figure><\/div>\n\n\n\n<p>Via ce syst\u00e8me, l\u2019eau de pluie ne part plus directement vers le r\u00e9seau d\u2019assainissement, mais est d\u2019abord stock\u00e9e et \u00e9vapotranspir\u00e9e. En effet, la toiture est recouverte de substrat (de la terre) et de plantes. Lors de pluies, \u00ab&nbsp;une partie de l\u2019eau va \u00eatre r\u00e9cup\u00e9r\u00e9e par les plantes pour leur croissance&nbsp;\u00bb, explique Eric Piatyszek, enseignant-chercheur en charge du projet. Le surplus, quant \u00e0 lui \u00ab&nbsp;est stock\u00e9 dans la terre&nbsp;\u00bb et dans un r\u00e9servoir. Il s\u2019agit \u00ab&nbsp;d\u2019une r\u00e9serve alv\u00e9olaire&nbsp;\u00bb situ\u00e9e sous le substrat, poursuit Eric, \u00ab&nbsp;ce sont des petites alv\u00e9oles en PVC. Cela va permettre lors de p\u00e9riodes de s\u00e9cheresse relativement longue, o\u00f9 la terre va commencer \u00e0 se dess\u00e9cher, \u00e0 l\u2019eau stock\u00e9e dans les alv\u00e9oles de s\u2019\u00e9vaporer et rejoindre le substrat pour \u00eatre ensuite utilis\u00e9e par les plantes&nbsp;\u00bb. Une fois le r\u00e9servoir de la toiture plein, le jardin de pluie urbain entre en jeu. Con\u00e7u par la <a href=\"https:\/\/sourceurbaine.fr\/\" target=\"_blank\" rel=\"noreferrer noopener\">soci\u00e9t\u00e9 Source Urbaine<\/a>, il va r\u00e9cup\u00e9rer l\u2019eau de la TTV. Il fonctionne comme la TTV mais avec un r\u00e9servoir plus petit. En dernier recours, lorsque tous les r\u00e9servoirs sont pleins, alors l\u2019eau est rejet\u00e9e dans les canalisations du r\u00e9seau d\u2019assainissement.<\/p>\n\n\n\n<p>Pour suivre le dispositif, des capteurs ont \u00e9t\u00e9 install\u00e9s sur la TTV et le JPU. Imagin\u00e9s par la <a href=\"https:\/\/agrove.fr\/\" target=\"_blank\" rel=\"noreferrer noopener\">soci\u00e9t\u00e9 Agrove<\/a>, ils permettent de suivre l\u2019humidit\u00e9 du sol et le niveau de l\u2019eau dans la r\u00e9serve alv\u00e9olaire. En plus, une station m\u00e9t\u00e9o a \u00e9t\u00e9 dress\u00e9e afin de suivre des param\u00e8tres climatiques (pluie, vent, temp\u00e9rature, \u2026)<\/p>\n\n\n\n<figure class=\"wp-block-gallery columns-4 is-cropped wp-block-gallery-2 is-layout-flex wp-block-gallery-is-layout-flex\"><ul class=\"blocks-gallery-grid\"><li class=\"blocks-gallery-item\"><figure><a href=\"https:\/\/www.mines-stetienne.fr\/panoramines\/wp-content\/uploads\/sites\/3\/2022\/01\/ok-2-scaled.jpg\"><img loading=\"lazy\" decoding=\"async\" width=\"225\" height=\"300\" src=\"https:\/\/www.mines-stetienne.fr\/panoramines\/wp-content\/uploads\/sites\/3\/2022\/01\/ok-2-225x300.jpg\" alt=\"\" data-id=\"23734\" data-full-url=\"https:\/\/www.mines-stetienne.fr\/panoramines\/wp-content\/uploads\/sites\/3\/2022\/01\/ok-2-scaled.jpg\" data-link=\"https:\/\/www.mines-stetienne.fr\/panoramines\/ok-2\/\" class=\"wp-image-23734\" srcset=\"https:\/\/www.mines-stetienne.fr\/panoramines\/wp-content\/uploads\/sites\/3\/2022\/01\/ok-2-225x300.jpg 225w, https:\/\/www.mines-stetienne.fr\/panoramines\/wp-content\/uploads\/sites\/3\/2022\/01\/ok-2-768x1024.jpg 768w, https:\/\/www.mines-stetienne.fr\/panoramines\/wp-content\/uploads\/sites\/3\/2022\/01\/ok-2-1152x1536.jpg 1152w, https:\/\/www.mines-stetienne.fr\/panoramines\/wp-content\/uploads\/sites\/3\/2022\/01\/ok-2-1536x2048.jpg 1536w, https:\/\/www.mines-stetienne.fr\/panoramines\/wp-content\/uploads\/sites\/3\/2022\/01\/ok-2-scaled.jpg 1920w\" sizes=\"auto, (max-width: 225px) 100vw, 225px\" \/><\/a><\/figure><\/li><li class=\"blocks-gallery-item\"><figure><a href=\"https:\/\/www.mines-stetienne.fr\/panoramines\/wp-content\/uploads\/sites\/3\/2022\/01\/ok-scaled.jpg\"><img loading=\"lazy\" decoding=\"async\" width=\"300\" height=\"225\" src=\"https:\/\/www.mines-stetienne.fr\/panoramines\/wp-content\/uploads\/sites\/3\/2022\/01\/ok-300x225.jpg\" alt=\"\" data-id=\"23739\" data-full-url=\"https:\/\/www.mines-stetienne.fr\/panoramines\/wp-content\/uploads\/sites\/3\/2022\/01\/ok-scaled.jpg\" data-link=\"https:\/\/www.mines-stetienne.fr\/panoramines\/ok\/\" class=\"wp-image-23739\" srcset=\"https:\/\/www.mines-stetienne.fr\/panoramines\/wp-content\/uploads\/sites\/3\/2022\/01\/ok-300x225.jpg 300w, https:\/\/www.mines-stetienne.fr\/panoramines\/wp-content\/uploads\/sites\/3\/2022\/01\/ok-1024x768.jpg 1024w, https:\/\/www.mines-stetienne.fr\/panoramines\/wp-content\/uploads\/sites\/3\/2022\/01\/ok-768x576.jpg 768w, https:\/\/www.mines-stetienne.fr\/panoramines\/wp-content\/uploads\/sites\/3\/2022\/01\/ok-1536x1152.jpg 1536w, https:\/\/www.mines-stetienne.fr\/panoramines\/wp-content\/uploads\/sites\/3\/2022\/01\/ok-2048x1536.jpg 2048w\" sizes=\"auto, (max-width: 300px) 100vw, 300px\" \/><\/a><\/figure><\/li><li class=\"blocks-gallery-item\"><figure><a href=\"https:\/\/www.mines-stetienne.fr\/panoramines\/wp-content\/uploads\/sites\/3\/2022\/01\/ok-4-scaled.jpg\"><img loading=\"lazy\" decoding=\"async\" width=\"300\" height=\"225\" src=\"https:\/\/www.mines-stetienne.fr\/panoramines\/wp-content\/uploads\/sites\/3\/2022\/01\/ok-4-300x225.jpg\" alt=\"\" data-id=\"23736\" data-full-url=\"https:\/\/www.mines-stetienne.fr\/panoramines\/wp-content\/uploads\/sites\/3\/2022\/01\/ok-4-scaled.jpg\" data-link=\"https:\/\/www.mines-stetienne.fr\/panoramines\/ok-4\/\" class=\"wp-image-23736\" srcset=\"https:\/\/www.mines-stetienne.fr\/panoramines\/wp-content\/uploads\/sites\/3\/2022\/01\/ok-4-300x225.jpg 300w, https:\/\/www.mines-stetienne.fr\/panoramines\/wp-content\/uploads\/sites\/3\/2022\/01\/ok-4-1024x768.jpg 1024w, https:\/\/www.mines-stetienne.fr\/panoramines\/wp-content\/uploads\/sites\/3\/2022\/01\/ok-4-768x576.jpg 768w, https:\/\/www.mines-stetienne.fr\/panoramines\/wp-content\/uploads\/sites\/3\/2022\/01\/ok-4-1536x1152.jpg 1536w, https:\/\/www.mines-stetienne.fr\/panoramines\/wp-content\/uploads\/sites\/3\/2022\/01\/ok-4-2048x1536.jpg 2048w\" sizes=\"auto, (max-width: 300px) 100vw, 300px\" \/><\/a><\/figure><\/li><li class=\"blocks-gallery-item\"><figure><a href=\"https:\/\/www.mines-stetienne.fr\/panoramines\/wp-content\/uploads\/sites\/3\/2022\/01\/ok-5-scaled.jpg\"><img loading=\"lazy\" decoding=\"async\" width=\"300\" height=\"225\" src=\"https:\/\/www.mines-stetienne.fr\/panoramines\/wp-content\/uploads\/sites\/3\/2022\/01\/ok-5-300x225.jpg\" alt=\"\" data-id=\"23737\" data-full-url=\"https:\/\/www.mines-stetienne.fr\/panoramines\/wp-content\/uploads\/sites\/3\/2022\/01\/ok-5-scaled.jpg\" data-link=\"https:\/\/www.mines-stetienne.fr\/panoramines\/ok-5\/\" class=\"wp-image-23737\" srcset=\"https:\/\/www.mines-stetienne.fr\/panoramines\/wp-content\/uploads\/sites\/3\/2022\/01\/ok-5-300x225.jpg 300w, https:\/\/www.mines-stetienne.fr\/panoramines\/wp-content\/uploads\/sites\/3\/2022\/01\/ok-5-1024x768.jpg 1024w, https:\/\/www.mines-stetienne.fr\/panoramines\/wp-content\/uploads\/sites\/3\/2022\/01\/ok-5-768x576.jpg 768w, https:\/\/www.mines-stetienne.fr\/panoramines\/wp-content\/uploads\/sites\/3\/2022\/01\/ok-5-1536x1152.jpg 1536w, https:\/\/www.mines-stetienne.fr\/panoramines\/wp-content\/uploads\/sites\/3\/2022\/01\/ok-5-2048x1536.jpg 2048w\" sizes=\"auto, (max-width: 300px) 100vw, 300px\" \/><\/a><\/figure><\/li><li class=\"blocks-gallery-item\"><figure><a href=\"https:\/\/www.mines-stetienne.fr\/panoramines\/wp-content\/uploads\/sites\/3\/2022\/01\/ok-3-scaled.jpg\"><img loading=\"lazy\" decoding=\"async\" width=\"300\" height=\"225\" src=\"https:\/\/www.mines-stetienne.fr\/panoramines\/wp-content\/uploads\/sites\/3\/2022\/01\/ok-3-300x225.jpg\" alt=\"\" data-id=\"23735\" data-full-url=\"https:\/\/www.mines-stetienne.fr\/panoramines\/wp-content\/uploads\/sites\/3\/2022\/01\/ok-3-scaled.jpg\" data-link=\"https:\/\/www.mines-stetienne.fr\/panoramines\/ok-3\/\" class=\"wp-image-23735\" srcset=\"https:\/\/www.mines-stetienne.fr\/panoramines\/wp-content\/uploads\/sites\/3\/2022\/01\/ok-3-300x225.jpg 300w, https:\/\/www.mines-stetienne.fr\/panoramines\/wp-content\/uploads\/sites\/3\/2022\/01\/ok-3-1024x768.jpg 1024w, https:\/\/www.mines-stetienne.fr\/panoramines\/wp-content\/uploads\/sites\/3\/2022\/01\/ok-3-768x576.jpg 768w, https:\/\/www.mines-stetienne.fr\/panoramines\/wp-content\/uploads\/sites\/3\/2022\/01\/ok-3-1536x1152.jpg 1536w, https:\/\/www.mines-stetienne.fr\/panoramines\/wp-content\/uploads\/sites\/3\/2022\/01\/ok-3-2048x1536.jpg 2048w\" sizes=\"auto, (max-width: 300px) 100vw, 300px\" \/><\/a><\/figure><\/li><li class=\"blocks-gallery-item\"><figure><a href=\"https:\/\/www.mines-stetienne.fr\/panoramines\/wp-content\/uploads\/sites\/3\/2022\/01\/ok-6-scaled.jpg\"><img loading=\"lazy\" decoding=\"async\" width=\"225\" height=\"300\" src=\"https:\/\/www.mines-stetienne.fr\/panoramines\/wp-content\/uploads\/sites\/3\/2022\/01\/ok-6-225x300.jpg\" alt=\"\" data-id=\"23738\" data-full-url=\"https:\/\/www.mines-stetienne.fr\/panoramines\/wp-content\/uploads\/sites\/3\/2022\/01\/ok-6-scaled.jpg\" data-link=\"https:\/\/www.mines-stetienne.fr\/panoramines\/ok-6\/\" class=\"wp-image-23738\" srcset=\"https:\/\/www.mines-stetienne.fr\/panoramines\/wp-content\/uploads\/sites\/3\/2022\/01\/ok-6-225x300.jpg 225w, https:\/\/www.mines-stetienne.fr\/panoramines\/wp-content\/uploads\/sites\/3\/2022\/01\/ok-6-768x1024.jpg 768w, https:\/\/www.mines-stetienne.fr\/panoramines\/wp-content\/uploads\/sites\/3\/2022\/01\/ok-6-1152x1536.jpg 1152w, https:\/\/www.mines-stetienne.fr\/panoramines\/wp-content\/uploads\/sites\/3\/2022\/01\/ok-6-1536x2048.jpg 1536w, https:\/\/www.mines-stetienne.fr\/panoramines\/wp-content\/uploads\/sites\/3\/2022\/01\/ok-6-scaled.jpg 1920w\" sizes=\"auto, (max-width: 225px) 100vw, 225px\" \/><\/a><\/figure><\/li><li class=\"blocks-gallery-item\"><figure><a href=\"https:\/\/www.mines-stetienne.fr\/panoramines\/wp-content\/uploads\/sites\/3\/2022\/01\/TTV-JPU-2-1.jpg\"><img loading=\"lazy\" decoding=\"async\" width=\"300\" height=\"225\" src=\"https:\/\/www.mines-stetienne.fr\/panoramines\/wp-content\/uploads\/sites\/3\/2022\/01\/TTV-JPU-2-1-300x225.jpg\" alt=\"\" data-id=\"23740\" data-full-url=\"https:\/\/www.mines-stetienne.fr\/panoramines\/wp-content\/uploads\/sites\/3\/2022\/01\/TTV-JPU-2-1.jpg\" data-link=\"https:\/\/www.mines-stetienne.fr\/panoramines\/ttv-jpu-2-1\/\" class=\"wp-image-23740\" srcset=\"https:\/\/www.mines-stetienne.fr\/panoramines\/wp-content\/uploads\/sites\/3\/2022\/01\/TTV-JPU-2-1-300x225.jpg 300w, https:\/\/www.mines-stetienne.fr\/panoramines\/wp-content\/uploads\/sites\/3\/2022\/01\/TTV-JPU-2-1-1024x768.jpg 1024w, https:\/\/www.mines-stetienne.fr\/panoramines\/wp-content\/uploads\/sites\/3\/2022\/01\/TTV-JPU-2-1-768x576.jpg 768w, https:\/\/www.mines-stetienne.fr\/panoramines\/wp-content\/uploads\/sites\/3\/2022\/01\/TTV-JPU-2-1.jpg 1386w\" sizes=\"auto, (max-width: 300px) 100vw, 300px\" \/><\/a><\/figure><\/li><\/ul><figcaption class=\"blocks-gallery-caption\"><span style=\"color:#9b51e0\" class=\"tadv-color\">La nouvelle chaufferie de l\u2019\u00c9cole recouverte d\u2019une toiture terrasse v\u00e9g\u00e9talis\u00e9e. Substrat, plantes, capteurs et stations m\u00e9t\u00e9o ont \u00e9t\u00e9 install\u00e9s pour suivre l\u2019exp\u00e9rimentation. En compl\u00e9ment de la toiture terrasse v\u00e9g\u00e9talis\u00e9e, a \u00e9t\u00e9 construit un jardin de pluie urbain.<\/span><\/figcaption><\/figure>\n\n\n\n<h3 class=\"wp-block-heading\">Lutter contre le changement climatique et l&rsquo;urbanisation<\/h3>\n\n\n\n<div class=\"wp-block-image\"><figure class=\"alignleft size-large is-resized\"><img loading=\"lazy\" decoding=\"async\" src=\"https:\/\/www.mines-stetienne.fr\/panoramines\/wp-content\/uploads\/sites\/3\/2022\/01\/Presentation1-1024x576.jpg\" alt=\"\" class=\"wp-image-23747\" width=\"347\" height=\"195\" srcset=\"https:\/\/www.mines-stetienne.fr\/panoramines\/wp-content\/uploads\/sites\/3\/2022\/01\/Presentation1-1024x576.jpg 1024w, https:\/\/www.mines-stetienne.fr\/panoramines\/wp-content\/uploads\/sites\/3\/2022\/01\/Presentation1-300x169.jpg 300w, https:\/\/www.mines-stetienne.fr\/panoramines\/wp-content\/uploads\/sites\/3\/2022\/01\/Presentation1-768x432.jpg 768w, https:\/\/www.mines-stetienne.fr\/panoramines\/wp-content\/uploads\/sites\/3\/2022\/01\/Presentation1.jpg 1280w\" sizes=\"auto, (max-width: 347px) 100vw, 347px\" \/><\/figure><\/div>\n\n\n\n<p>Les villes denses et urbanis\u00e9es emp\u00eachent l\u2019eau de pluie de s\u2019infiltrer. Elle ruisselle et cela peut provoquer des inondations. Autre ph\u00e9nom\u00e8ne, les ilots de chaleurs urbains. Avec une hausse des temp\u00e9ratures due au changement climatique et des canicules de plus en plus fr\u00e9quentes, on assiste \u00e0 des ilots de chaleurs urbains (temp\u00e9ratures des centres urbains sup\u00e9rieures \u00e0 celles des territoires limitrophes).<\/p>\n\n\n\n<p>Ainsi, un tel dispositif mis en place par <a href=\"https:\/\/www.mines-stetienne.fr\/\" target=\"_blank\" rel=\"noreferrer noopener\">Mines Saint-Etienne<\/a> a vocation \u00e0 att\u00e9nuer les inondations via le stockage de l\u2019eau et l\u2019\u00e9vapotranspiration et de v\u00e9g\u00e9taliser les villes donc les rafraichir.<\/p>\n\n\n\n<hr class=\"wp-block-separator has-text-color has-background has-black-background-color has-black-color is-style-wide\" \/>\n\n\n\n<p>Le projet financ\u00e9 par <a href=\"https:\/\/agence.eau-loire-bretagne.fr\/home.html\" target=\"_blank\" rel=\"noreferrer noopener\">l\u2019Agence de l\u2019Eau Loire Bretagne<\/a> est op\u00e9rationnel depuis novembre 2021. Les premiers r\u00e9sultats sont attendus dans un an environ.<\/p>\n\n\n\n<p><\/p>\n","protected":false},"excerpt":{"rendered":"<p>Depuis quelques semaines d\u00e9j\u00e0, Mines Saint-Etienne exp\u00e9rimente une toiture terrasse v\u00e9g\u00e9talis\u00e9e compl\u00e9t\u00e9e d\u2019un jardin de pluie urbain. Des \u00e9tudes ant\u00e9rieures ont montr\u00e9 qu\u2019une toiture terrasse v\u00e9g\u00e9talis\u00e9e (TTV) seule permet d\u2019abattre 70% des eaux pluviales. Mais jamais un tel dispositif qui &hellip;<\/p>\n","protected":false},"author":6823,"featured_media":23711,"comment_status":"closed","ping_status":"open","sticky":false,"template":"","format":"standard","meta":{"_relevanssi_hide_post":"","_relevanssi_hide_content":"","_relevanssi_pin_for_all":"","_relevanssi_pin_keywords":"","_relevanssi_unpin_keywords":"","_relevanssi_related_keywords":"","_relevanssi_related_include_ids":"","_relevanssi_related_exclude_ids":"","_relevanssi_related_no_append":"","_relevanssi_related_not_related":"","_relevanssi_related_posts":"17481,18197,682,987,7697,15805","_relevanssi_noindex_reason":"","footnotes":""},"categories":[14],"tags":[528,389,91,794],"class_list":["post-23709","post","type-post","status-publish","format-standard","has-post-thumbnail","hentry","category-recherche","tag-campus-saint-etienne","tag-fayol","tag-recherche","tag-ville-durable"],"pp_statuses_selecting_workflow":false,"pp_workflow_action":"current","pp_status_selection":"publish","pp_force_visibility":null,"pp_subpost_visibility":null,"pp_inherited_force_visibility":null,"pp_inherited_subpost_visibility":null,"yoast_head":"<!-- This site is optimized with the Yoast SEO plugin v27.4 - https:\/\/yoast.com\/product\/yoast-seo-wordpress\/ -->\n<title>Tendre vers le z\u00e9ro rejet d\u2019eaux pluviales dans les r\u00e9seaux d\u2019assainissement, est-ce possible ? - Panoramines<\/title>\n<meta name=\"robots\" content=\"index, follow, max-snippet:-1, max-image-preview:large, max-video-preview:-1\" \/>\n<link rel=\"canonical\" href=\"https:\/\/www.mines-stetienne.fr\/panoramines\/2022\/01\/28\/tendre-vers-le-zero-rejet-deaux-pluviales-dans-les-reseaux-dassainissement-est-ce-possible\/\" \/>\n<meta property=\"og:locale\" content=\"fr_FR\" \/>\n<meta property=\"og:type\" content=\"article\" \/>\n<meta property=\"og:title\" content=\"Tendre vers le z\u00e9ro rejet d\u2019eaux pluviales dans les r\u00e9seaux d\u2019assainissement, est-ce possible ? - Panoramines\" \/>\n<meta property=\"og:description\" content=\"Depuis quelques semaines d\u00e9j\u00e0, Mines Saint-Etienne exp\u00e9rimente une toiture terrasse v\u00e9g\u00e9talis\u00e9e compl\u00e9t\u00e9e d\u2019un jardin de pluie urbain. Des \u00e9tudes ant\u00e9rieures ont montr\u00e9 qu\u2019une toiture terrasse v\u00e9g\u00e9talis\u00e9e (TTV) seule permet d\u2019abattre 70% des eaux pluviales. Mais jamais un tel dispositif qui &hellip;\" \/>\n<meta property=\"og:url\" content=\"https:\/\/www.mines-stetienne.fr\/panoramines\/2022\/01\/28\/tendre-vers-le-zero-rejet-deaux-pluviales-dans-les-reseaux-dassainissement-est-ce-possible\/\" \/>\n<meta property=\"og:site_name\" content=\"Panoramines\" \/>\n<meta property=\"article:published_time\" content=\"2022-01-28T07:50:10+00:00\" \/>\n<meta property=\"article:modified_time\" content=\"2022-01-28T07:56:59+00:00\" \/>\n<meta property=\"og:image\" content=\"https:\/\/www.mines-stetienne.fr\/panoramines\/wp-content\/uploads\/sites\/3\/2022\/01\/20220107_151305-scaled.jpg\" \/>\n\t<meta property=\"og:image:width\" content=\"2560\" \/>\n\t<meta property=\"og:image:height\" content=\"1920\" \/>\n\t<meta property=\"og:image:type\" content=\"image\/jpeg\" \/>\n<meta name=\"author\" content=\"CORTES Lucas\" \/>\n<meta name=\"twitter:card\" content=\"summary_large_image\" \/>\n<meta name=\"twitter:label1\" content=\"\u00c9crit par\" \/>\n\t<meta name=\"twitter:data1\" content=\"CORTES Lucas\" \/>\n\t<meta name=\"twitter:label2\" content=\"Dur\u00e9e de lecture estim\u00e9e\" \/>\n\t<meta name=\"twitter:data2\" content=\"5 minutes\" \/>\n<script type=\"application\/ld+json\" class=\"yoast-schema-graph\">{\"@context\":\"https:\\\/\\\/schema.org\",\"@graph\":[{\"@type\":\"Article\",\"@id\":\"https:\\\/\\\/www.mines-stetienne.fr\\\/panoramines\\\/2022\\\/01\\\/28\\\/tendre-vers-le-zero-rejet-deaux-pluviales-dans-les-reseaux-dassainissement-est-ce-possible\\\/#article\",\"isPartOf\":{\"@id\":\"https:\\\/\\\/www.mines-stetienne.fr\\\/panoramines\\\/2022\\\/01\\\/28\\\/tendre-vers-le-zero-rejet-deaux-pluviales-dans-les-reseaux-dassainissement-est-ce-possible\\\/\"},\"author\":{\"name\":\"CORTES Lucas\",\"@id\":\"https:\\\/\\\/www.mines-stetienne.fr\\\/panoramines\\\/#\\\/schema\\\/person\\\/f93b3567fe25af690eb69a1501646912\"},\"headline\":\"Tendre vers le z\u00e9ro rejet d\u2019eaux pluviales dans les r\u00e9seaux d\u2019assainissement, est-ce possible ?\",\"datePublished\":\"2022-01-28T07:50:10+00:00\",\"dateModified\":\"2022-01-28T07:56:59+00:00\",\"mainEntityOfPage\":{\"@id\":\"https:\\\/\\\/www.mines-stetienne.fr\\\/panoramines\\\/2022\\\/01\\\/28\\\/tendre-vers-le-zero-rejet-deaux-pluviales-dans-les-reseaux-dassainissement-est-ce-possible\\\/\"},\"wordCount\":682,\"image\":{\"@id\":\"https:\\\/\\\/www.mines-stetienne.fr\\\/panoramines\\\/2022\\\/01\\\/28\\\/tendre-vers-le-zero-rejet-deaux-pluviales-dans-les-reseaux-dassainissement-est-ce-possible\\\/#primaryimage\"},\"thumbnailUrl\":\"https:\\\/\\\/www.mines-stetienne.fr\\\/panoramines\\\/wp-content\\\/uploads\\\/sites\\\/3\\\/2022\\\/01\\\/20220107_151305-scaled.jpg\",\"keywords\":[\"Campus Saint-\u00c9tienne\",\"Fayol\",\"Recherche\",\"Ville durable\"],\"articleSection\":[\"Recherche\"],\"inLanguage\":\"fr-FR\"},{\"@type\":\"WebPage\",\"@id\":\"https:\\\/\\\/www.mines-stetienne.fr\\\/panoramines\\\/2022\\\/01\\\/28\\\/tendre-vers-le-zero-rejet-deaux-pluviales-dans-les-reseaux-dassainissement-est-ce-possible\\\/\",\"url\":\"https:\\\/\\\/www.mines-stetienne.fr\\\/panoramines\\\/2022\\\/01\\\/28\\\/tendre-vers-le-zero-rejet-deaux-pluviales-dans-les-reseaux-dassainissement-est-ce-possible\\\/\",\"name\":\"Tendre vers le z\u00e9ro rejet d\u2019eaux pluviales dans les r\u00e9seaux d\u2019assainissement, est-ce possible ? - Panoramines\",\"isPartOf\":{\"@id\":\"https:\\\/\\\/www.mines-stetienne.fr\\\/panoramines\\\/#website\"},\"primaryImageOfPage\":{\"@id\":\"https:\\\/\\\/www.mines-stetienne.fr\\\/panoramines\\\/2022\\\/01\\\/28\\\/tendre-vers-le-zero-rejet-deaux-pluviales-dans-les-reseaux-dassainissement-est-ce-possible\\\/#primaryimage\"},\"image\":{\"@id\":\"https:\\\/\\\/www.mines-stetienne.fr\\\/panoramines\\\/2022\\\/01\\\/28\\\/tendre-vers-le-zero-rejet-deaux-pluviales-dans-les-reseaux-dassainissement-est-ce-possible\\\/#primaryimage\"},\"thumbnailUrl\":\"https:\\\/\\\/www.mines-stetienne.fr\\\/panoramines\\\/wp-content\\\/uploads\\\/sites\\\/3\\\/2022\\\/01\\\/20220107_151305-scaled.jpg\",\"datePublished\":\"2022-01-28T07:50:10+00:00\",\"dateModified\":\"2022-01-28T07:56:59+00:00\",\"author\":{\"@id\":\"https:\\\/\\\/www.mines-stetienne.fr\\\/panoramines\\\/#\\\/schema\\\/person\\\/f93b3567fe25af690eb69a1501646912\"},\"breadcrumb\":{\"@id\":\"https:\\\/\\\/www.mines-stetienne.fr\\\/panoramines\\\/2022\\\/01\\\/28\\\/tendre-vers-le-zero-rejet-deaux-pluviales-dans-les-reseaux-dassainissement-est-ce-possible\\\/#breadcrumb\"},\"inLanguage\":\"fr-FR\",\"potentialAction\":[{\"@type\":\"ReadAction\",\"target\":[\"https:\\\/\\\/www.mines-stetienne.fr\\\/panoramines\\\/2022\\\/01\\\/28\\\/tendre-vers-le-zero-rejet-deaux-pluviales-dans-les-reseaux-dassainissement-est-ce-possible\\\/\"]}]},{\"@type\":\"ImageObject\",\"inLanguage\":\"fr-FR\",\"@id\":\"https:\\\/\\\/www.mines-stetienne.fr\\\/panoramines\\\/2022\\\/01\\\/28\\\/tendre-vers-le-zero-rejet-deaux-pluviales-dans-les-reseaux-dassainissement-est-ce-possible\\\/#primaryimage\",\"url\":\"https:\\\/\\\/www.mines-stetienne.fr\\\/panoramines\\\/wp-content\\\/uploads\\\/sites\\\/3\\\/2022\\\/01\\\/20220107_151305-scaled.jpg\",\"contentUrl\":\"https:\\\/\\\/www.mines-stetienne.fr\\\/panoramines\\\/wp-content\\\/uploads\\\/sites\\\/3\\\/2022\\\/01\\\/20220107_151305-scaled.jpg\",\"width\":2560,\"height\":1920},{\"@type\":\"BreadcrumbList\",\"@id\":\"https:\\\/\\\/www.mines-stetienne.fr\\\/panoramines\\\/2022\\\/01\\\/28\\\/tendre-vers-le-zero-rejet-deaux-pluviales-dans-les-reseaux-dassainissement-est-ce-possible\\\/#breadcrumb\",\"itemListElement\":[{\"@type\":\"ListItem\",\"position\":1,\"name\":\"Accueil\",\"item\":\"https:\\\/\\\/www.mines-stetienne.fr\\\/panoramines\\\/\"},{\"@type\":\"ListItem\",\"position\":2,\"name\":\"Tendre vers le z\u00e9ro rejet d\u2019eaux pluviales dans les r\u00e9seaux d\u2019assainissement, est-ce possible ?\"}]},{\"@type\":\"WebSite\",\"@id\":\"https:\\\/\\\/www.mines-stetienne.fr\\\/panoramines\\\/#website\",\"url\":\"https:\\\/\\\/www.mines-stetienne.fr\\\/panoramines\\\/\",\"name\":\"Panoramines\",\"description\":\"Panoramines, l\u2019actualit\u00e9 de MINES Saint-\u00c9tienne\",\"potentialAction\":[{\"@type\":\"SearchAction\",\"target\":{\"@type\":\"EntryPoint\",\"urlTemplate\":\"https:\\\/\\\/www.mines-stetienne.fr\\\/panoramines\\\/?s={search_term_string}\"},\"query-input\":{\"@type\":\"PropertyValueSpecification\",\"valueRequired\":true,\"valueName\":\"search_term_string\"}}],\"inLanguage\":\"fr-FR\"},{\"@type\":\"Person\",\"@id\":\"https:\\\/\\\/www.mines-stetienne.fr\\\/panoramines\\\/#\\\/schema\\\/person\\\/f93b3567fe25af690eb69a1501646912\",\"name\":\"CORTES Lucas\",\"image\":{\"@type\":\"ImageObject\",\"inLanguage\":\"fr-FR\",\"@id\":\"https:\\\/\\\/www.mines-stetienne.fr\\\/panoramines\\\/wp-content\\\/uploads\\\/sites\\\/3\\\/2021\\\/07\\\/logo-75x75-1.png\",\"url\":\"https:\\\/\\\/www.mines-stetienne.fr\\\/panoramines\\\/wp-content\\\/uploads\\\/sites\\\/3\\\/2021\\\/07\\\/logo-75x75-1.png\",\"contentUrl\":\"https:\\\/\\\/www.mines-stetienne.fr\\\/panoramines\\\/wp-content\\\/uploads\\\/sites\\\/3\\\/2021\\\/07\\\/logo-75x75-1.png\",\"caption\":\"CORTES Lucas\"},\"url\":\"https:\\\/\\\/www.mines-stetienne.fr\\\/panoramines\\\/author\\\/lucas-cortes\\\/\"}]}<\/script>\n<!-- \/ Yoast SEO plugin. -->","yoast_head_json":{"title":"Tendre vers le z\u00e9ro rejet d\u2019eaux pluviales dans les r\u00e9seaux d\u2019assainissement, est-ce possible ? - Panoramines","robots":{"index":"index","follow":"follow","max-snippet":"max-snippet:-1","max-image-preview":"max-image-preview:large","max-video-preview":"max-video-preview:-1"},"canonical":"https:\/\/www.mines-stetienne.fr\/panoramines\/2022\/01\/28\/tendre-vers-le-zero-rejet-deaux-pluviales-dans-les-reseaux-dassainissement-est-ce-possible\/","og_locale":"fr_FR","og_type":"article","og_title":"Tendre vers le z\u00e9ro rejet d\u2019eaux pluviales dans les r\u00e9seaux d\u2019assainissement, est-ce possible ? - Panoramines","og_description":"Depuis quelques semaines d\u00e9j\u00e0, Mines Saint-Etienne exp\u00e9rimente une toiture terrasse v\u00e9g\u00e9talis\u00e9e compl\u00e9t\u00e9e d\u2019un jardin de pluie urbain. Des \u00e9tudes ant\u00e9rieures ont montr\u00e9 qu\u2019une toiture terrasse v\u00e9g\u00e9talis\u00e9e (TTV) seule permet d\u2019abattre 70% des eaux pluviales. Mais jamais un tel dispositif qui &hellip;","og_url":"https:\/\/www.mines-stetienne.fr\/panoramines\/2022\/01\/28\/tendre-vers-le-zero-rejet-deaux-pluviales-dans-les-reseaux-dassainissement-est-ce-possible\/","og_site_name":"Panoramines","article_published_time":"2022-01-28T07:50:10+00:00","article_modified_time":"2022-01-28T07:56:59+00:00","og_image":[{"width":2560,"height":1920,"url":"https:\/\/www.mines-stetienne.fr\/panoramines\/wp-content\/uploads\/sites\/3\/2022\/01\/20220107_151305-scaled.jpg","type":"image\/jpeg"}],"author":"CORTES Lucas","twitter_card":"summary_large_image","twitter_misc":{"\u00c9crit par":"CORTES Lucas","Dur\u00e9e de lecture estim\u00e9e":"5 minutes"},"schema":{"@context":"https:\/\/schema.org","@graph":[{"@type":"Article","@id":"https:\/\/www.mines-stetienne.fr\/panoramines\/2022\/01\/28\/tendre-vers-le-zero-rejet-deaux-pluviales-dans-les-reseaux-dassainissement-est-ce-possible\/#article","isPartOf":{"@id":"https:\/\/www.mines-stetienne.fr\/panoramines\/2022\/01\/28\/tendre-vers-le-zero-rejet-deaux-pluviales-dans-les-reseaux-dassainissement-est-ce-possible\/"},"author":{"name":"CORTES Lucas","@id":"https:\/\/www.mines-stetienne.fr\/panoramines\/#\/schema\/person\/f93b3567fe25af690eb69a1501646912"},"headline":"Tendre vers le z\u00e9ro rejet d\u2019eaux pluviales dans les r\u00e9seaux d\u2019assainissement, est-ce possible ?","datePublished":"2022-01-28T07:50:10+00:00","dateModified":"2022-01-28T07:56:59+00:00","mainEntityOfPage":{"@id":"https:\/\/www.mines-stetienne.fr\/panoramines\/2022\/01\/28\/tendre-vers-le-zero-rejet-deaux-pluviales-dans-les-reseaux-dassainissement-est-ce-possible\/"},"wordCount":682,"image":{"@id":"https:\/\/www.mines-stetienne.fr\/panoramines\/2022\/01\/28\/tendre-vers-le-zero-rejet-deaux-pluviales-dans-les-reseaux-dassainissement-est-ce-possible\/#primaryimage"},"thumbnailUrl":"https:\/\/www.mines-stetienne.fr\/panoramines\/wp-content\/uploads\/sites\/3\/2022\/01\/20220107_151305-scaled.jpg","keywords":["Campus Saint-\u00c9tienne","Fayol","Recherche","Ville durable"],"articleSection":["Recherche"],"inLanguage":"fr-FR"},{"@type":"WebPage","@id":"https:\/\/www.mines-stetienne.fr\/panoramines\/2022\/01\/28\/tendre-vers-le-zero-rejet-deaux-pluviales-dans-les-reseaux-dassainissement-est-ce-possible\/","url":"https:\/\/www.mines-stetienne.fr\/panoramines\/2022\/01\/28\/tendre-vers-le-zero-rejet-deaux-pluviales-dans-les-reseaux-dassainissement-est-ce-possible\/","name":"Tendre vers le z\u00e9ro rejet d\u2019eaux pluviales dans les r\u00e9seaux d\u2019assainissement, est-ce possible ? - Panoramines","isPartOf":{"@id":"https:\/\/www.mines-stetienne.fr\/panoramines\/#website"},"primaryImageOfPage":{"@id":"https:\/\/www.mines-stetienne.fr\/panoramines\/2022\/01\/28\/tendre-vers-le-zero-rejet-deaux-pluviales-dans-les-reseaux-dassainissement-est-ce-possible\/#primaryimage"},"image":{"@id":"https:\/\/www.mines-stetienne.fr\/panoramines\/2022\/01\/28\/tendre-vers-le-zero-rejet-deaux-pluviales-dans-les-reseaux-dassainissement-est-ce-possible\/#primaryimage"},"thumbnailUrl":"https:\/\/www.mines-stetienne.fr\/panoramines\/wp-content\/uploads\/sites\/3\/2022\/01\/20220107_151305-scaled.jpg","datePublished":"2022-01-28T07:50:10+00:00","dateModified":"2022-01-28T07:56:59+00:00","author":{"@id":"https:\/\/www.mines-stetienne.fr\/panoramines\/#\/schema\/person\/f93b3567fe25af690eb69a1501646912"},"breadcrumb":{"@id":"https:\/\/www.mines-stetienne.fr\/panoramines\/2022\/01\/28\/tendre-vers-le-zero-rejet-deaux-pluviales-dans-les-reseaux-dassainissement-est-ce-possible\/#breadcrumb"},"inLanguage":"fr-FR","potentialAction":[{"@type":"ReadAction","target":["https:\/\/www.mines-stetienne.fr\/panoramines\/2022\/01\/28\/tendre-vers-le-zero-rejet-deaux-pluviales-dans-les-reseaux-dassainissement-est-ce-possible\/"]}]},{"@type":"ImageObject","inLanguage":"fr-FR","@id":"https:\/\/www.mines-stetienne.fr\/panoramines\/2022\/01\/28\/tendre-vers-le-zero-rejet-deaux-pluviales-dans-les-reseaux-dassainissement-est-ce-possible\/#primaryimage","url":"https:\/\/www.mines-stetienne.fr\/panoramines\/wp-content\/uploads\/sites\/3\/2022\/01\/20220107_151305-scaled.jpg","contentUrl":"https:\/\/www.mines-stetienne.fr\/panoramines\/wp-content\/uploads\/sites\/3\/2022\/01\/20220107_151305-scaled.jpg","width":2560,"height":1920},{"@type":"BreadcrumbList","@id":"https:\/\/www.mines-stetienne.fr\/panoramines\/2022\/01\/28\/tendre-vers-le-zero-rejet-deaux-pluviales-dans-les-reseaux-dassainissement-est-ce-possible\/#breadcrumb","itemListElement":[{"@type":"ListItem","position":1,"name":"Accueil","item":"https:\/\/www.mines-stetienne.fr\/panoramines\/"},{"@type":"ListItem","position":2,"name":"Tendre vers le z\u00e9ro rejet d\u2019eaux pluviales dans les r\u00e9seaux d\u2019assainissement, est-ce possible ?"}]},{"@type":"WebSite","@id":"https:\/\/www.mines-stetienne.fr\/panoramines\/#website","url":"https:\/\/www.mines-stetienne.fr\/panoramines\/","name":"Panoramines","description":"Panoramines, l\u2019actualit\u00e9 de MINES Saint-\u00c9tienne","potentialAction":[{"@type":"SearchAction","target":{"@type":"EntryPoint","urlTemplate":"https:\/\/www.mines-stetienne.fr\/panoramines\/?s={search_term_string}"},"query-input":{"@type":"PropertyValueSpecification","valueRequired":true,"valueName":"search_term_string"}}],"inLanguage":"fr-FR"},{"@type":"Person","@id":"https:\/\/www.mines-stetienne.fr\/panoramines\/#\/schema\/person\/f93b3567fe25af690eb69a1501646912","name":"CORTES Lucas","image":{"@type":"ImageObject","inLanguage":"fr-FR","@id":"https:\/\/www.mines-stetienne.fr\/panoramines\/wp-content\/uploads\/sites\/3\/2021\/07\/logo-75x75-1.png","url":"https:\/\/www.mines-stetienne.fr\/panoramines\/wp-content\/uploads\/sites\/3\/2021\/07\/logo-75x75-1.png","contentUrl":"https:\/\/www.mines-stetienne.fr\/panoramines\/wp-content\/uploads\/sites\/3\/2021\/07\/logo-75x75-1.png","caption":"CORTES Lucas"},"url":"https:\/\/www.mines-stetienne.fr\/panoramines\/author\/lucas-cortes\/"}]}},"_links":{"self":[{"href":"https:\/\/www.mines-stetienne.fr\/panoramines\/wp-json\/wp\/v2\/posts\/23709","targetHints":{"allow":["GET"]}}],"collection":[{"href":"https:\/\/www.mines-stetienne.fr\/panoramines\/wp-json\/wp\/v2\/posts"}],"about":[{"href":"https:\/\/www.mines-stetienne.fr\/panoramines\/wp-json\/wp\/v2\/types\/post"}],"author":[{"embeddable":true,"href":"https:\/\/www.mines-stetienne.fr\/panoramines\/wp-json\/wp\/v2\/users\/6823"}],"replies":[{"embeddable":true,"href":"https:\/\/www.mines-stetienne.fr\/panoramines\/wp-json\/wp\/v2\/comments?post=23709"}],"version-history":[{"count":16,"href":"https:\/\/www.mines-stetienne.fr\/panoramines\/wp-json\/wp\/v2\/posts\/23709\/revisions"}],"predecessor-version":[{"id":23751,"href":"https:\/\/www.mines-stetienne.fr\/panoramines\/wp-json\/wp\/v2\/posts\/23709\/revisions\/23751"}],"wp:featuredmedia":[{"embeddable":true,"href":"https:\/\/www.mines-stetienne.fr\/panoramines\/wp-json\/wp\/v2\/media\/23711"}],"wp:attachment":[{"href":"https:\/\/www.mines-stetienne.fr\/panoramines\/wp-json\/wp\/v2\/media?parent=23709"}],"wp:term":[{"taxonomy":"category","embeddable":true,"href":"https:\/\/www.mines-stetienne.fr\/panoramines\/wp-json\/wp\/v2\/categories?post=23709"},{"taxonomy":"post_tag","embeddable":true,"href":"https:\/\/www.mines-stetienne.fr\/panoramines\/wp-json\/wp\/v2\/tags?post=23709"}],"curies":[{"name":"wp","href":"https:\/\/api.w.org\/{rel}","templated":true}]}}