{"id":23465,"date":"2021-11-15T14:39:42","date_gmt":"2021-11-15T13:39:42","guid":{"rendered":"https:\/\/www.mines-stetienne.fr\/panoramines\/?p=23465"},"modified":"2021-11-15T14:39:43","modified_gmt":"2021-11-15T13:39:43","slug":"le-consortium-europeen-bonefix-accueilli-a-mines-saint-etienne-pour-sa-premiere-reunion-annuelle","status":"publish","type":"post","link":"https:\/\/www.mines-stetienne.fr\/panoramines\/2021\/11\/15\/le-consortium-europeen-bonefix-accueilli-a-mines-saint-etienne-pour-sa-premiere-reunion-annuelle\/","title":{"rendered":"Le consortium europ\u00e9en BoneFix accueilli \u00e0 Mines Saint-\u00c9tienne pour sa premi\u00e8re r\u00e9union annuelle"},"content":{"rendered":"\n<h2 class=\"wp-block-heading\">Durant 2 jours, les 7 partenaires europ\u00e9ens du consortium BoneFix se sont retrouv\u00e9s \u00e0 Mines Saint-Etienne. De nombreuses pr\u00e9sentations sur l&rsquo;avanc\u00e9e des travaux scientifiques \u00e9taient au programme avec de riches et vivantes discussions.<\/h2>\n\n\n\n<div class=\"wp-block-image\"><figure class=\"alignleft size-full is-resized\"><img loading=\"lazy\" decoding=\"async\" src=\"https:\/\/www.mines-stetienne.fr\/panoramines\/wp-content\/uploads\/sites\/3\/2021\/11\/4-D.Eglin_.jpg\" alt=\"\" class=\"wp-image-23468\" width=\"178\" height=\"236\" srcset=\"https:\/\/www.mines-stetienne.fr\/panoramines\/wp-content\/uploads\/sites\/3\/2021\/11\/4-D.Eglin_.jpg 450w, https:\/\/www.mines-stetienne.fr\/panoramines\/wp-content\/uploads\/sites\/3\/2021\/11\/4-D.Eglin_-227x300.jpg 227w\" sizes=\"auto, (max-width: 178px) 100vw, 178px\" \/><figcaption><em><span style=\"color:#9b51e0\" class=\"tadv-color\">Pr. David Eglin (Mines Saint-Etienne) pr\u00e9sente les laboratoires du  Centre Ing\u00e9nierie et Sant\u00e9<\/span><\/em><\/figcaption><\/figure><\/div>\n\n\n\n<p>Les quatorze participants repr\u00e9sentant les 7 partenaires europ\u00e9ens du consortium <a href=\"https:\/\/www.bonefix.org\/\" target=\"_blank\" rel=\"noreferrer noopener\">BoneFix<\/a> se sont retrouv\u00e9s au <a href=\"https:\/\/www.mines-stetienne.fr\/recherche\/5-centres-de-formation-et-de-recherche\/centre-ingenierie-et-sante\/\" target=\"_blank\" rel=\"noreferrer noopener\">Centre Ing\u00e9nierie et Sant\u00e9 (CIS)<\/a> de <a href=\"https:\/\/www.mines-stetienne.fr\/\" target=\"_blank\" rel=\"noreferrer noopener\">Mines Saint-\u00c9tienne<\/a>. Ils ont \u00e9t\u00e9 accueillis par Vincent Augusto, directeur du CIS, les 30 septembre et 1er octobre 2021. Il s&rsquo;agissait de la premi\u00e8re r\u00e9union en pr\u00e9sentiel depuis le d\u00e9but du projet en 2020. Elle a \u00e9t\u00e9 tr\u00e8s appr\u00e9ci\u00e9e par les participants gr\u00e2ce \u00e0 l&rsquo;environnement collaboratif et social qui ne peut \u00eatre r\u00e9alis\u00e9 qu&rsquo;en face-\u00e0-face.<\/p>\n\n\n\n<p>Le programme, intense et stimulant, a compt\u00e9 de nombreuses pr\u00e9sentations sur l\u2019avanc\u00e9e des travaux scientifiques. Il a donn\u00e9 lieu \u00e0 de riches et vivantes discussions. \u00a0Au cours d\u2019un atelier pratique anim\u00e9 par l\u2019\u00e9quipe du <a href=\"https:\/\/www.kth.se\/en\" target=\"_blank\" rel=\"noreferrer noopener\">KTH Royal Institute of Technology<\/a> (Su\u00e8de) et organis\u00e9 par l\u2019\u00e9quipe Biomat\u00e9riaux de l\u2019\u00c9cole, les participants ont construit des patchs de fixation sur des os m\u00e9tacarpiens de porc fractur\u00e9s. Ils ont ainsi mis en pratique la nouvelle m\u00e9thode de fixation innovante d\u00e9velopp\u00e9e dans le projet BoneFix.<\/p>\n\n\n\n<p>Ces journ\u00e9es ont connu un vif succ\u00e8s et se sont termin\u00e9es par une visite de l&rsquo;exposition Antarctique au <a href=\"https:\/\/www.larotonde-sciences.com\/\" target=\"_blank\" rel=\"noreferrer noopener\">CCSTI La Rotonde<\/a>. La prochaine r\u00e9union du Consortium sera organis\u00e9e par l&rsquo;\u00e9quipe de <a href=\"https:\/\/www.uib.no\/en\" target=\"_blank\" rel=\"noreferrer noopener\">l&rsquo;Universit\u00e9 de Bergen<\/a> en juin 2022 en Norv\u00e8ge.<\/p>\n\n\n\n<hr class=\"wp-block-separator is-style-wide\" \/>\n\n\n\n<figure class=\"wp-block-gallery columns-3 is-cropped wp-block-gallery-2 is-layout-flex wp-block-gallery-is-layout-flex\"><ul class=\"blocks-gallery-grid\"><li class=\"blocks-gallery-item\"><figure><a href=\"https:\/\/www.mines-stetienne.fr\/panoramines\/wp-content\/uploads\/sites\/3\/2021\/11\/1-Dr-Ahmad-Elsebahy.jpg\"><img loading=\"lazy\" decoding=\"async\" width=\"300\" height=\"200\" src=\"https:\/\/www.mines-stetienne.fr\/panoramines\/wp-content\/uploads\/sites\/3\/2021\/11\/1-Dr-Ahmad-Elsebahy-300x200.jpg\" alt=\"\" data-id=\"23469\" data-full-url=\"https:\/\/www.mines-stetienne.fr\/panoramines\/wp-content\/uploads\/sites\/3\/2021\/11\/1-Dr-Ahmad-Elsebahy.jpg\" data-link=\"https:\/\/www.mines-stetienne.fr\/panoramines\/?attachment_id=23469\" class=\"wp-image-23469\" srcset=\"https:\/\/www.mines-stetienne.fr\/panoramines\/wp-content\/uploads\/sites\/3\/2021\/11\/1-Dr-Ahmad-Elsebahy-300x200.jpg 300w, https:\/\/www.mines-stetienne.fr\/panoramines\/wp-content\/uploads\/sites\/3\/2021\/11\/1-Dr-Ahmad-Elsebahy.jpg 660w\" sizes=\"auto, (max-width: 300px) 100vw, 300px\" \/><\/a><figcaption class=\"blocks-gallery-item__caption\">Dr Ahmad Elsebahy (Universit\u00e9 de Bergen, N) pr\u00e9parant un patch de fixation composite avec Dr Peter Schwarzenberg (AO Research Institute Davos, CH)<\/figcaption><\/figure><\/li><li class=\"blocks-gallery-item\"><figure><a href=\"https:\/\/www.mines-stetienne.fr\/panoramines\/wp-content\/uploads\/sites\/3\/2021\/11\/2-Dr-Peter-Varga.jpg\"><img loading=\"lazy\" decoding=\"async\" width=\"300\" height=\"200\" src=\"https:\/\/www.mines-stetienne.fr\/panoramines\/wp-content\/uploads\/sites\/3\/2021\/11\/2-Dr-Peter-Varga-300x200.jpg\" alt=\"\" data-id=\"23466\" data-full-url=\"https:\/\/www.mines-stetienne.fr\/panoramines\/wp-content\/uploads\/sites\/3\/2021\/11\/2-Dr-Peter-Varga.jpg\" data-link=\"https:\/\/www.mines-stetienne.fr\/panoramines\/?attachment_id=23466\" class=\"wp-image-23466\" srcset=\"https:\/\/www.mines-stetienne.fr\/panoramines\/wp-content\/uploads\/sites\/3\/2021\/11\/2-Dr-Peter-Varga-300x200.jpg 300w, https:\/\/www.mines-stetienne.fr\/panoramines\/wp-content\/uploads\/sites\/3\/2021\/11\/2-Dr-Peter-Varga.jpg 660w\" sizes=\"auto, (max-width: 300px) 100vw, 300px\" \/><\/a><figcaption class=\"blocks-gallery-item__caption\">Dr Peter Varga (AO Research Institute Davos, CH) avec l\u2019os nouvellement fix\u00e9<\/figcaption><\/figure><\/li><li class=\"blocks-gallery-item\"><figure><a href=\"https:\/\/www.mines-stetienne.fr\/panoramines\/wp-content\/uploads\/sites\/3\/2021\/11\/3-AlaRotonde.jpg\"><img loading=\"lazy\" decoding=\"async\" width=\"300\" height=\"200\" src=\"https:\/\/www.mines-stetienne.fr\/panoramines\/wp-content\/uploads\/sites\/3\/2021\/11\/3-AlaRotonde-300x200.jpg\" alt=\"\" data-id=\"23467\" data-full-url=\"https:\/\/www.mines-stetienne.fr\/panoramines\/wp-content\/uploads\/sites\/3\/2021\/11\/3-AlaRotonde.jpg\" data-link=\"https:\/\/www.mines-stetienne.fr\/panoramines\/?attachment_id=23467\" class=\"wp-image-23467\" srcset=\"https:\/\/www.mines-stetienne.fr\/panoramines\/wp-content\/uploads\/sites\/3\/2021\/11\/3-AlaRotonde-300x200.jpg 300w, https:\/\/www.mines-stetienne.fr\/panoramines\/wp-content\/uploads\/sites\/3\/2021\/11\/3-AlaRotonde.jpg 674w\" sizes=\"auto, (max-width: 300px) 100vw, 300px\" \/><\/a><figcaption class=\"blocks-gallery-item__caption\">Les partenaires du projet Europ\u00e9en BoneFix \u00e0 La Rotonde<\/figcaption><\/figure><\/li><\/ul><\/figure>\n\n\n\n<hr class=\"wp-block-separator is-style-wide\" \/>\n\n\n\n<p><em>Le Consortium <a href=\"https:\/\/www.bonefix.org\/\" target=\"_blank\" rel=\"noreferrer noopener\">BoneFix<\/a> est la r\u00e9union d&rsquo;experts renomm\u00e9s de toute l&rsquo;Europe poss\u00e9dant une formation pertinente en chimie, science des mat\u00e9riaux, bio-ing\u00e9nierie, biologie cellulaire, \u00e9valuation clinique, chirurgie et innovation. <a href=\"https:\/\/www.bonefix.org\/\" target=\"_blank\" rel=\"noreferrer noopener\">BoneFix<\/a> est une nouvelle technologie de fixation et de restauration osseuse \u00e0 base d&rsquo;adh\u00e9sifs qui vise \u00e0 supplanter les fixateurs m\u00e9talliques et les greffes en tant que r\u00e9f\u00e9rence en mati\u00e8re de fixation et de reconstruction de fractures.<\/em><\/p>\n\n\n\n<p><\/p>\n","protected":false},"excerpt":{"rendered":"<p>Durant 2 jours, les 7 partenaires europ\u00e9ens du consortium BoneFix se sont retrouv\u00e9s \u00e0 Mines Saint-Etienne. De nombreuses pr\u00e9sentations sur l&rsquo;avanc\u00e9e des travaux scientifiques \u00e9taient au programme avec de riches et vivantes discussions. Les quatorze participants repr\u00e9sentant les 7 partenaires &hellip;<\/p>\n","protected":false},"author":6823,"featured_media":23470,"comment_status":"closed","ping_status":"open","sticky":false,"template":"","format":"standard","meta":{"_relevanssi_hide_post":"","_relevanssi_hide_content":"","_relevanssi_pin_for_all":"","_relevanssi_pin_keywords":"","_relevanssi_unpin_keywords":"","_relevanssi_related_keywords":"","_relevanssi_related_include_ids":"","_relevanssi_related_exclude_ids":"","_relevanssi_related_no_append":"","_relevanssi_related_not_related":"","_relevanssi_related_posts":"","_relevanssi_noindex_reason":"","footnotes":""},"categories":[14],"tags":[769,767,272,770,768,91,111,709],"class_list":["post-23465","post","type-post","status-publish","format-standard","has-post-thumbnail","hentry","category-recherche","tag-bonefix","tag-chercheur","tag-cis","tag-consortium","tag-professeur","tag-recherche","tag-sante","tag-scientifique"],"pp_statuses_selecting_workflow":false,"pp_workflow_action":"current","pp_status_selection":"publish","pp_force_visibility":null,"pp_subpost_visibility":null,"pp_inherited_force_visibility":null,"pp_inherited_subpost_visibility":null,"yoast_head":"<!-- This site is optimized with the Yoast SEO plugin v27.4 - https:\/\/yoast.com\/product\/yoast-seo-wordpress\/ -->\n<title>Le consortium europ\u00e9en BoneFix accueilli \u00e0 Mines Saint-\u00c9tienne pour sa premi\u00e8re r\u00e9union annuelle - Panoramines<\/title>\n<meta name=\"robots\" content=\"index, follow, max-snippet:-1, max-image-preview:large, max-video-preview:-1\" \/>\n<link rel=\"canonical\" href=\"https:\/\/www.mines-stetienne.fr\/panoramines\/2021\/11\/15\/le-consortium-europeen-bonefix-accueilli-a-mines-saint-etienne-pour-sa-premiere-reunion-annuelle\/\" \/>\n<meta property=\"og:locale\" content=\"fr_FR\" \/>\n<meta property=\"og:type\" content=\"article\" \/>\n<meta property=\"og:title\" content=\"Le consortium europ\u00e9en BoneFix accueilli \u00e0 Mines Saint-\u00c9tienne pour sa premi\u00e8re r\u00e9union annuelle - Panoramines\" \/>\n<meta property=\"og:description\" content=\"Durant 2 jours, les 7 partenaires europ\u00e9ens du consortium BoneFix se sont retrouv\u00e9s \u00e0 Mines Saint-Etienne. De nombreuses pr\u00e9sentations sur l&rsquo;avanc\u00e9e des travaux scientifiques \u00e9taient au programme avec de riches et vivantes discussions. Les quatorze participants repr\u00e9sentant les 7 partenaires &hellip;\" \/>\n<meta property=\"og:url\" content=\"https:\/\/www.mines-stetienne.fr\/panoramines\/2021\/11\/15\/le-consortium-europeen-bonefix-accueilli-a-mines-saint-etienne-pour-sa-premiere-reunion-annuelle\/\" \/>\n<meta property=\"og:site_name\" content=\"Panoramines\" \/>\n<meta property=\"article:published_time\" content=\"2021-11-15T13:39:42+00:00\" \/>\n<meta property=\"article:modified_time\" content=\"2021-11-15T13:39:43+00:00\" \/>\n<meta property=\"og:image\" content=\"https:\/\/www.mines-stetienne.fr\/panoramines\/wp-content\/uploads\/sites\/3\/2021\/11\/Une_Bonefix-scaled.jpg\" \/>\n\t<meta property=\"og:image:width\" content=\"2560\" \/>\n\t<meta property=\"og:image:height\" content=\"1542\" \/>\n\t<meta property=\"og:image:type\" content=\"image\/jpeg\" \/>\n<meta name=\"author\" content=\"CORTES Lucas\" \/>\n<meta name=\"twitter:card\" content=\"summary_large_image\" \/>\n<meta name=\"twitter:label1\" content=\"\u00c9crit par\" \/>\n\t<meta name=\"twitter:data1\" content=\"CORTES Lucas\" \/>\n\t<meta name=\"twitter:label2\" content=\"Dur\u00e9e de lecture estim\u00e9e\" \/>\n\t<meta name=\"twitter:data2\" content=\"3 minutes\" \/>\n<script type=\"application\/ld+json\" class=\"yoast-schema-graph\">{\"@context\":\"https:\\\/\\\/schema.org\",\"@graph\":[{\"@type\":\"Article\",\"@id\":\"https:\\\/\\\/www.mines-stetienne.fr\\\/panoramines\\\/2021\\\/11\\\/15\\\/le-consortium-europeen-bonefix-accueilli-a-mines-saint-etienne-pour-sa-premiere-reunion-annuelle\\\/#article\",\"isPartOf\":{\"@id\":\"https:\\\/\\\/www.mines-stetienne.fr\\\/panoramines\\\/2021\\\/11\\\/15\\\/le-consortium-europeen-bonefix-accueilli-a-mines-saint-etienne-pour-sa-premiere-reunion-annuelle\\\/\"},\"author\":{\"name\":\"CORTES Lucas\",\"@id\":\"https:\\\/\\\/www.mines-stetienne.fr\\\/panoramines\\\/#\\\/schema\\\/person\\\/f93b3567fe25af690eb69a1501646912\"},\"headline\":\"Le consortium europ\u00e9en BoneFix accueilli \u00e0 Mines Saint-\u00c9tienne pour sa premi\u00e8re r\u00e9union annuelle\",\"datePublished\":\"2021-11-15T13:39:42+00:00\",\"dateModified\":\"2021-11-15T13:39:43+00:00\",\"mainEntityOfPage\":{\"@id\":\"https:\\\/\\\/www.mines-stetienne.fr\\\/panoramines\\\/2021\\\/11\\\/15\\\/le-consortium-europeen-bonefix-accueilli-a-mines-saint-etienne-pour-sa-premiere-reunion-annuelle\\\/\"},\"wordCount\":406,\"image\":{\"@id\":\"https:\\\/\\\/www.mines-stetienne.fr\\\/panoramines\\\/2021\\\/11\\\/15\\\/le-consortium-europeen-bonefix-accueilli-a-mines-saint-etienne-pour-sa-premiere-reunion-annuelle\\\/#primaryimage\"},\"thumbnailUrl\":\"https:\\\/\\\/www.mines-stetienne.fr\\\/panoramines\\\/wp-content\\\/uploads\\\/sites\\\/3\\\/2021\\\/11\\\/Une_Bonefix-scaled.jpg\",\"keywords\":[\"BoneFix\",\"Chercheur\",\"CIS\",\"Consortium\",\"Professeur\",\"Recherche\",\"Sant\u00e9\",\"Scientifique\"],\"articleSection\":[\"Recherche\"],\"inLanguage\":\"fr-FR\"},{\"@type\":\"WebPage\",\"@id\":\"https:\\\/\\\/www.mines-stetienne.fr\\\/panoramines\\\/2021\\\/11\\\/15\\\/le-consortium-europeen-bonefix-accueilli-a-mines-saint-etienne-pour-sa-premiere-reunion-annuelle\\\/\",\"url\":\"https:\\\/\\\/www.mines-stetienne.fr\\\/panoramines\\\/2021\\\/11\\\/15\\\/le-consortium-europeen-bonefix-accueilli-a-mines-saint-etienne-pour-sa-premiere-reunion-annuelle\\\/\",\"name\":\"Le consortium europ\u00e9en BoneFix accueilli \u00e0 Mines Saint-\u00c9tienne pour sa premi\u00e8re r\u00e9union annuelle - Panoramines\",\"isPartOf\":{\"@id\":\"https:\\\/\\\/www.mines-stetienne.fr\\\/panoramines\\\/#website\"},\"primaryImageOfPage\":{\"@id\":\"https:\\\/\\\/www.mines-stetienne.fr\\\/panoramines\\\/2021\\\/11\\\/15\\\/le-consortium-europeen-bonefix-accueilli-a-mines-saint-etienne-pour-sa-premiere-reunion-annuelle\\\/#primaryimage\"},\"image\":{\"@id\":\"https:\\\/\\\/www.mines-stetienne.fr\\\/panoramines\\\/2021\\\/11\\\/15\\\/le-consortium-europeen-bonefix-accueilli-a-mines-saint-etienne-pour-sa-premiere-reunion-annuelle\\\/#primaryimage\"},\"thumbnailUrl\":\"https:\\\/\\\/www.mines-stetienne.fr\\\/panoramines\\\/wp-content\\\/uploads\\\/sites\\\/3\\\/2021\\\/11\\\/Une_Bonefix-scaled.jpg\",\"datePublished\":\"2021-11-15T13:39:42+00:00\",\"dateModified\":\"2021-11-15T13:39:43+00:00\",\"author\":{\"@id\":\"https:\\\/\\\/www.mines-stetienne.fr\\\/panoramines\\\/#\\\/schema\\\/person\\\/f93b3567fe25af690eb69a1501646912\"},\"breadcrumb\":{\"@id\":\"https:\\\/\\\/www.mines-stetienne.fr\\\/panoramines\\\/2021\\\/11\\\/15\\\/le-consortium-europeen-bonefix-accueilli-a-mines-saint-etienne-pour-sa-premiere-reunion-annuelle\\\/#breadcrumb\"},\"inLanguage\":\"fr-FR\",\"potentialAction\":[{\"@type\":\"ReadAction\",\"target\":[\"https:\\\/\\\/www.mines-stetienne.fr\\\/panoramines\\\/2021\\\/11\\\/15\\\/le-consortium-europeen-bonefix-accueilli-a-mines-saint-etienne-pour-sa-premiere-reunion-annuelle\\\/\"]}]},{\"@type\":\"ImageObject\",\"inLanguage\":\"fr-FR\",\"@id\":\"https:\\\/\\\/www.mines-stetienne.fr\\\/panoramines\\\/2021\\\/11\\\/15\\\/le-consortium-europeen-bonefix-accueilli-a-mines-saint-etienne-pour-sa-premiere-reunion-annuelle\\\/#primaryimage\",\"url\":\"https:\\\/\\\/www.mines-stetienne.fr\\\/panoramines\\\/wp-content\\\/uploads\\\/sites\\\/3\\\/2021\\\/11\\\/Une_Bonefix-scaled.jpg\",\"contentUrl\":\"https:\\\/\\\/www.mines-stetienne.fr\\\/panoramines\\\/wp-content\\\/uploads\\\/sites\\\/3\\\/2021\\\/11\\\/Une_Bonefix-scaled.jpg\",\"width\":2560,\"height\":1542},{\"@type\":\"BreadcrumbList\",\"@id\":\"https:\\\/\\\/www.mines-stetienne.fr\\\/panoramines\\\/2021\\\/11\\\/15\\\/le-consortium-europeen-bonefix-accueilli-a-mines-saint-etienne-pour-sa-premiere-reunion-annuelle\\\/#breadcrumb\",\"itemListElement\":[{\"@type\":\"ListItem\",\"position\":1,\"name\":\"Accueil\",\"item\":\"https:\\\/\\\/www.mines-stetienne.fr\\\/panoramines\\\/\"},{\"@type\":\"ListItem\",\"position\":2,\"name\":\"Le consortium europ\u00e9en BoneFix accueilli \u00e0 Mines Saint-\u00c9tienne pour sa premi\u00e8re r\u00e9union annuelle\"}]},{\"@type\":\"WebSite\",\"@id\":\"https:\\\/\\\/www.mines-stetienne.fr\\\/panoramines\\\/#website\",\"url\":\"https:\\\/\\\/www.mines-stetienne.fr\\\/panoramines\\\/\",\"name\":\"Panoramines\",\"description\":\"Panoramines, l\u2019actualit\u00e9 de MINES Saint-\u00c9tienne\",\"potentialAction\":[{\"@type\":\"SearchAction\",\"target\":{\"@type\":\"EntryPoint\",\"urlTemplate\":\"https:\\\/\\\/www.mines-stetienne.fr\\\/panoramines\\\/?s={search_term_string}\"},\"query-input\":{\"@type\":\"PropertyValueSpecification\",\"valueRequired\":true,\"valueName\":\"search_term_string\"}}],\"inLanguage\":\"fr-FR\"},{\"@type\":\"Person\",\"@id\":\"https:\\\/\\\/www.mines-stetienne.fr\\\/panoramines\\\/#\\\/schema\\\/person\\\/f93b3567fe25af690eb69a1501646912\",\"name\":\"CORTES Lucas\",\"image\":{\"@type\":\"ImageObject\",\"inLanguage\":\"fr-FR\",\"@id\":\"https:\\\/\\\/www.mines-stetienne.fr\\\/panoramines\\\/wp-content\\\/uploads\\\/sites\\\/3\\\/2021\\\/07\\\/logo-75x75-1.png\",\"url\":\"https:\\\/\\\/www.mines-stetienne.fr\\\/panoramines\\\/wp-content\\\/uploads\\\/sites\\\/3\\\/2021\\\/07\\\/logo-75x75-1.png\",\"contentUrl\":\"https:\\\/\\\/www.mines-stetienne.fr\\\/panoramines\\\/wp-content\\\/uploads\\\/sites\\\/3\\\/2021\\\/07\\\/logo-75x75-1.png\",\"caption\":\"CORTES Lucas\"},\"url\":\"https:\\\/\\\/www.mines-stetienne.fr\\\/panoramines\\\/author\\\/lucas-cortes\\\/\"}]}<\/script>\n<!-- \/ Yoast SEO plugin. -->","yoast_head_json":{"title":"Le consortium europ\u00e9en BoneFix accueilli \u00e0 Mines Saint-\u00c9tienne pour sa premi\u00e8re r\u00e9union annuelle - Panoramines","robots":{"index":"index","follow":"follow","max-snippet":"max-snippet:-1","max-image-preview":"max-image-preview:large","max-video-preview":"max-video-preview:-1"},"canonical":"https:\/\/www.mines-stetienne.fr\/panoramines\/2021\/11\/15\/le-consortium-europeen-bonefix-accueilli-a-mines-saint-etienne-pour-sa-premiere-reunion-annuelle\/","og_locale":"fr_FR","og_type":"article","og_title":"Le consortium europ\u00e9en BoneFix accueilli \u00e0 Mines Saint-\u00c9tienne pour sa premi\u00e8re r\u00e9union annuelle - Panoramines","og_description":"Durant 2 jours, les 7 partenaires europ\u00e9ens du consortium BoneFix se sont retrouv\u00e9s \u00e0 Mines Saint-Etienne. De nombreuses pr\u00e9sentations sur l&rsquo;avanc\u00e9e des travaux scientifiques \u00e9taient au programme avec de riches et vivantes discussions. Les quatorze participants repr\u00e9sentant les 7 partenaires &hellip;","og_url":"https:\/\/www.mines-stetienne.fr\/panoramines\/2021\/11\/15\/le-consortium-europeen-bonefix-accueilli-a-mines-saint-etienne-pour-sa-premiere-reunion-annuelle\/","og_site_name":"Panoramines","article_published_time":"2021-11-15T13:39:42+00:00","article_modified_time":"2021-11-15T13:39:43+00:00","og_image":[{"width":2560,"height":1542,"url":"https:\/\/www.mines-stetienne.fr\/panoramines\/wp-content\/uploads\/sites\/3\/2021\/11\/Une_Bonefix-scaled.jpg","type":"image\/jpeg"}],"author":"CORTES Lucas","twitter_card":"summary_large_image","twitter_misc":{"\u00c9crit par":"CORTES Lucas","Dur\u00e9e de lecture estim\u00e9e":"3 minutes"},"schema":{"@context":"https:\/\/schema.org","@graph":[{"@type":"Article","@id":"https:\/\/www.mines-stetienne.fr\/panoramines\/2021\/11\/15\/le-consortium-europeen-bonefix-accueilli-a-mines-saint-etienne-pour-sa-premiere-reunion-annuelle\/#article","isPartOf":{"@id":"https:\/\/www.mines-stetienne.fr\/panoramines\/2021\/11\/15\/le-consortium-europeen-bonefix-accueilli-a-mines-saint-etienne-pour-sa-premiere-reunion-annuelle\/"},"author":{"name":"CORTES Lucas","@id":"https:\/\/www.mines-stetienne.fr\/panoramines\/#\/schema\/person\/f93b3567fe25af690eb69a1501646912"},"headline":"Le consortium europ\u00e9en BoneFix accueilli \u00e0 Mines Saint-\u00c9tienne pour sa premi\u00e8re r\u00e9union annuelle","datePublished":"2021-11-15T13:39:42+00:00","dateModified":"2021-11-15T13:39:43+00:00","mainEntityOfPage":{"@id":"https:\/\/www.mines-stetienne.fr\/panoramines\/2021\/11\/15\/le-consortium-europeen-bonefix-accueilli-a-mines-saint-etienne-pour-sa-premiere-reunion-annuelle\/"},"wordCount":406,"image":{"@id":"https:\/\/www.mines-stetienne.fr\/panoramines\/2021\/11\/15\/le-consortium-europeen-bonefix-accueilli-a-mines-saint-etienne-pour-sa-premiere-reunion-annuelle\/#primaryimage"},"thumbnailUrl":"https:\/\/www.mines-stetienne.fr\/panoramines\/wp-content\/uploads\/sites\/3\/2021\/11\/Une_Bonefix-scaled.jpg","keywords":["BoneFix","Chercheur","CIS","Consortium","Professeur","Recherche","Sant\u00e9","Scientifique"],"articleSection":["Recherche"],"inLanguage":"fr-FR"},{"@type":"WebPage","@id":"https:\/\/www.mines-stetienne.fr\/panoramines\/2021\/11\/15\/le-consortium-europeen-bonefix-accueilli-a-mines-saint-etienne-pour-sa-premiere-reunion-annuelle\/","url":"https:\/\/www.mines-stetienne.fr\/panoramines\/2021\/11\/15\/le-consortium-europeen-bonefix-accueilli-a-mines-saint-etienne-pour-sa-premiere-reunion-annuelle\/","name":"Le consortium europ\u00e9en BoneFix accueilli \u00e0 Mines Saint-\u00c9tienne pour sa premi\u00e8re r\u00e9union annuelle - Panoramines","isPartOf":{"@id":"https:\/\/www.mines-stetienne.fr\/panoramines\/#website"},"primaryImageOfPage":{"@id":"https:\/\/www.mines-stetienne.fr\/panoramines\/2021\/11\/15\/le-consortium-europeen-bonefix-accueilli-a-mines-saint-etienne-pour-sa-premiere-reunion-annuelle\/#primaryimage"},"image":{"@id":"https:\/\/www.mines-stetienne.fr\/panoramines\/2021\/11\/15\/le-consortium-europeen-bonefix-accueilli-a-mines-saint-etienne-pour-sa-premiere-reunion-annuelle\/#primaryimage"},"thumbnailUrl":"https:\/\/www.mines-stetienne.fr\/panoramines\/wp-content\/uploads\/sites\/3\/2021\/11\/Une_Bonefix-scaled.jpg","datePublished":"2021-11-15T13:39:42+00:00","dateModified":"2021-11-15T13:39:43+00:00","author":{"@id":"https:\/\/www.mines-stetienne.fr\/panoramines\/#\/schema\/person\/f93b3567fe25af690eb69a1501646912"},"breadcrumb":{"@id":"https:\/\/www.mines-stetienne.fr\/panoramines\/2021\/11\/15\/le-consortium-europeen-bonefix-accueilli-a-mines-saint-etienne-pour-sa-premiere-reunion-annuelle\/#breadcrumb"},"inLanguage":"fr-FR","potentialAction":[{"@type":"ReadAction","target":["https:\/\/www.mines-stetienne.fr\/panoramines\/2021\/11\/15\/le-consortium-europeen-bonefix-accueilli-a-mines-saint-etienne-pour-sa-premiere-reunion-annuelle\/"]}]},{"@type":"ImageObject","inLanguage":"fr-FR","@id":"https:\/\/www.mines-stetienne.fr\/panoramines\/2021\/11\/15\/le-consortium-europeen-bonefix-accueilli-a-mines-saint-etienne-pour-sa-premiere-reunion-annuelle\/#primaryimage","url":"https:\/\/www.mines-stetienne.fr\/panoramines\/wp-content\/uploads\/sites\/3\/2021\/11\/Une_Bonefix-scaled.jpg","contentUrl":"https:\/\/www.mines-stetienne.fr\/panoramines\/wp-content\/uploads\/sites\/3\/2021\/11\/Une_Bonefix-scaled.jpg","width":2560,"height":1542},{"@type":"BreadcrumbList","@id":"https:\/\/www.mines-stetienne.fr\/panoramines\/2021\/11\/15\/le-consortium-europeen-bonefix-accueilli-a-mines-saint-etienne-pour-sa-premiere-reunion-annuelle\/#breadcrumb","itemListElement":[{"@type":"ListItem","position":1,"name":"Accueil","item":"https:\/\/www.mines-stetienne.fr\/panoramines\/"},{"@type":"ListItem","position":2,"name":"Le consortium europ\u00e9en BoneFix accueilli \u00e0 Mines Saint-\u00c9tienne pour sa premi\u00e8re r\u00e9union annuelle"}]},{"@type":"WebSite","@id":"https:\/\/www.mines-stetienne.fr\/panoramines\/#website","url":"https:\/\/www.mines-stetienne.fr\/panoramines\/","name":"Panoramines","description":"Panoramines, l\u2019actualit\u00e9 de MINES Saint-\u00c9tienne","potentialAction":[{"@type":"SearchAction","target":{"@type":"EntryPoint","urlTemplate":"https:\/\/www.mines-stetienne.fr\/panoramines\/?s={search_term_string}"},"query-input":{"@type":"PropertyValueSpecification","valueRequired":true,"valueName":"search_term_string"}}],"inLanguage":"fr-FR"},{"@type":"Person","@id":"https:\/\/www.mines-stetienne.fr\/panoramines\/#\/schema\/person\/f93b3567fe25af690eb69a1501646912","name":"CORTES Lucas","image":{"@type":"ImageObject","inLanguage":"fr-FR","@id":"https:\/\/www.mines-stetienne.fr\/panoramines\/wp-content\/uploads\/sites\/3\/2021\/07\/logo-75x75-1.png","url":"https:\/\/www.mines-stetienne.fr\/panoramines\/wp-content\/uploads\/sites\/3\/2021\/07\/logo-75x75-1.png","contentUrl":"https:\/\/www.mines-stetienne.fr\/panoramines\/wp-content\/uploads\/sites\/3\/2021\/07\/logo-75x75-1.png","caption":"CORTES Lucas"},"url":"https:\/\/www.mines-stetienne.fr\/panoramines\/author\/lucas-cortes\/"}]}},"_links":{"self":[{"href":"https:\/\/www.mines-stetienne.fr\/panoramines\/wp-json\/wp\/v2\/posts\/23465","targetHints":{"allow":["GET"]}}],"collection":[{"href":"https:\/\/www.mines-stetienne.fr\/panoramines\/wp-json\/wp\/v2\/posts"}],"about":[{"href":"https:\/\/www.mines-stetienne.fr\/panoramines\/wp-json\/wp\/v2\/types\/post"}],"author":[{"embeddable":true,"href":"https:\/\/www.mines-stetienne.fr\/panoramines\/wp-json\/wp\/v2\/users\/6823"}],"replies":[{"embeddable":true,"href":"https:\/\/www.mines-stetienne.fr\/panoramines\/wp-json\/wp\/v2\/comments?post=23465"}],"version-history":[{"count":17,"href":"https:\/\/www.mines-stetienne.fr\/panoramines\/wp-json\/wp\/v2\/posts\/23465\/revisions"}],"predecessor-version":[{"id":23529,"href":"https:\/\/www.mines-stetienne.fr\/panoramines\/wp-json\/wp\/v2\/posts\/23465\/revisions\/23529"}],"wp:featuredmedia":[{"embeddable":true,"href":"https:\/\/www.mines-stetienne.fr\/panoramines\/wp-json\/wp\/v2\/media\/23470"}],"wp:attachment":[{"href":"https:\/\/www.mines-stetienne.fr\/panoramines\/wp-json\/wp\/v2\/media?parent=23465"}],"wp:term":[{"taxonomy":"category","embeddable":true,"href":"https:\/\/www.mines-stetienne.fr\/panoramines\/wp-json\/wp\/v2\/categories?post=23465"},{"taxonomy":"post_tag","embeddable":true,"href":"https:\/\/www.mines-stetienne.fr\/panoramines\/wp-json\/wp\/v2\/tags?post=23465"}],"curies":[{"name":"wp","href":"https:\/\/api.w.org\/{rel}","templated":true}]}}