{"id":23464,"date":"2021-11-18T09:21:36","date_gmt":"2021-11-18T08:21:36","guid":{"rendered":"https:\/\/www.mines-stetienne.fr\/panoramines\/?p=23464"},"modified":"2021-11-18T09:21:37","modified_gmt":"2021-11-18T08:21:37","slug":"encore-une-reussite-pour-le-forum-entreprises-ismin","status":"publish","type":"post","link":"https:\/\/www.mines-stetienne.fr\/panoramines\/2021\/11\/18\/encore-une-reussite-pour-le-forum-entreprises-ismin\/","title":{"rendered":"Encore une r\u00e9ussite pour le Forum Entreprises ISMIN !"},"content":{"rendered":"\n<h2 class=\"wp-block-heading\"><strong><strong>Jeudi 14 octobre, s\u2019est tenu l\u2019\u00e9dition 2021 du <\/strong><a href=\"https:\/\/www.forum-ismin.com\/\" target=\"_blank\" rel=\"noreferrer noopener\"><strong>Forum Entreprises ISMIN<\/strong><\/a><strong>. Il est organis\u00e9 chaque ann\u00e9e par des \u00e9tudiants du cursus ISMIN sur le campus Georges Charpak Provence \u00e0 Gardanne. Il s\u2019agit d\u2019un point de rencontres entre les entreprises et les \u00e9tudiants autour d\u2019entretiens individuels.<\/strong><br>41 entreprises pr\u00e9sentes. Plus de 600 entretiens individuels r\u00e9alis\u00e9s.<\/strong><\/h2>\n\n\n\n<div class=\"wp-block-image\"><figure class=\"alignleft size-large is-resized\"><img loading=\"lazy\" decoding=\"async\" src=\"https:\/\/www.mines-stetienne.fr\/panoramines\/wp-content\/uploads\/sites\/3\/2021\/11\/HCN_0587-1024x683.jpg\" alt=\"\" class=\"wp-image-23519\" width=\"251\" height=\"167\" srcset=\"https:\/\/www.mines-stetienne.fr\/panoramines\/wp-content\/uploads\/sites\/3\/2021\/11\/HCN_0587-1024x683.jpg 1024w, https:\/\/www.mines-stetienne.fr\/panoramines\/wp-content\/uploads\/sites\/3\/2021\/11\/HCN_0587-300x200.jpg 300w, https:\/\/www.mines-stetienne.fr\/panoramines\/wp-content\/uploads\/sites\/3\/2021\/11\/HCN_0587-768x512.jpg 768w, https:\/\/www.mines-stetienne.fr\/panoramines\/wp-content\/uploads\/sites\/3\/2021\/11\/HCN_0587-1536x1024.jpg 1536w, https:\/\/www.mines-stetienne.fr\/panoramines\/wp-content\/uploads\/sites\/3\/2021\/11\/HCN_0587-2048x1365.jpg 2048w\" sizes=\"auto, (max-width: 251px) 100vw, 251px\" \/><\/figure><\/div>\n\n\n\n<p>Durant une journ\u00e9e, entreprises et \u00e9tudiants se donnent rendez-vous sur le <a href=\"https:\/\/www.mines-stetienne.fr\/campus\/campus-georges-charpak-provence\/\" target=\"_blank\" rel=\"noreferrer noopener\">campus Georges Charpak Provence<\/a> de l\u2019\u00c9cole pour le <a href=\"https:\/\/www.forum-ismin.com\/\" target=\"_blank\" rel=\"noreferrer noopener\">Forum Entreprises ISMIN<\/a>. Il aide notamment les futurs ing\u00e9nieurs \u00e0 trouver un stage&nbsp;; plus de 450 offres leur \u00e9taient propos\u00e9es. Pour cela, les \u00e9tudiants rencontrent des entreprises via des entretiens individuels. L\u2019\u00e9dition 2021 a rassembl\u00e9 41 entreprises dont de nouvelles entreprises : <a href=\"https:\/\/www.3ds.com\/fr\/\" target=\"_blank\" rel=\"noreferrer noopener\">Dassault System<\/a>, <a href=\"https:\/\/www.technicatome.com\/\" target=\"_blank\" rel=\"noreferrer noopener\">Technic Atom<\/a>, <a href=\"https:\/\/www.accenture.com\/fr-fr\" target=\"_blank\" rel=\"noreferrer noopener\">Accenture<\/a>, <a href=\"https:\/\/www.cite-gestion.com\/fr\/accueil\" target=\"_blank\" rel=\"noreferrer noopener\">Cit\u00e9gestion<\/a> \u2026<\/p>\n\n\n\n<div class=\"wp-block-image\"><figure class=\"alignright size-large is-resized\"><img loading=\"lazy\" decoding=\"async\" src=\"https:\/\/www.mines-stetienne.fr\/panoramines\/wp-content\/uploads\/sites\/3\/2021\/11\/HCN_0550-1024x683.jpg\" alt=\"\" class=\"wp-image-23520\" width=\"254\" height=\"169\" srcset=\"https:\/\/www.mines-stetienne.fr\/panoramines\/wp-content\/uploads\/sites\/3\/2021\/11\/HCN_0550-1024x683.jpg 1024w, https:\/\/www.mines-stetienne.fr\/panoramines\/wp-content\/uploads\/sites\/3\/2021\/11\/HCN_0550-300x200.jpg 300w, https:\/\/www.mines-stetienne.fr\/panoramines\/wp-content\/uploads\/sites\/3\/2021\/11\/HCN_0550-768x512.jpg 768w, https:\/\/www.mines-stetienne.fr\/panoramines\/wp-content\/uploads\/sites\/3\/2021\/11\/HCN_0550-1536x1024.jpg 1536w, https:\/\/www.mines-stetienne.fr\/panoramines\/wp-content\/uploads\/sites\/3\/2021\/11\/HCN_0550-2048x1365.jpg 2048w\" sizes=\"auto, (max-width: 254px) 100vw, 254px\" \/><\/figure><\/div>\n\n\n\n<p>Les \u00e9tudiants des 3 promotions du cursus ISMIN ainsi que les \u00e9tudiants de <a href=\"https:\/\/www.centrale-marseille.fr\/\" target=\"_blank\" rel=\"noreferrer noopener\">Centrale Marseille<\/a>, des <a href=\"https:\/\/artsetmetiers.fr\/fr\/campus\/campus-daix-en-provence\" target=\"_blank\" rel=\"noreferrer noopener\">Arts et M\u00e9tiers<\/a>, de <a href=\"https:\/\/www.univ-amu.fr\/\" target=\"_blank\" rel=\"noreferrer noopener\">l\u2019Universit\u00e9 Aix-Marseille<\/a> ont \u00e9t\u00e9 convi\u00e9s \u00e0 ce forum. Avant le jour J, 521 entretiens avaient \u00e9t\u00e9 programm\u00e9s. Finalement, plus de 600 ont \u00e9t\u00e9 r\u00e9alis\u00e9s. Un grand succ\u00e8s et un \u00e9v\u00e9nement toujours tr\u00e8s attendu par les futurs ing\u00e9nieurs. Le Forum Entreprises ISMIN permet chaque ann\u00e9e des \u00e9changes concrets et tr\u00e8s professionnels.<\/p>\n\n\n\n<p><\/p>\n\n\n\n<p>Nous vous donnons rendez-vous l\u2019ann\u00e9e prochaine pour l\u2019\u00e9dition 2022. En attendant, retrouvez toutes les informations sur le forum sur www.forum-ismin.com<\/p>\n","protected":false},"excerpt":{"rendered":"<p>Jeudi 14 octobre, s\u2019est tenu l\u2019\u00e9dition 2021 du Forum Entreprises ISMIN. Il est organis\u00e9 chaque ann\u00e9e par des \u00e9tudiants du cursus ISMIN sur le campus Georges Charpak Provence \u00e0 Gardanne. Il s\u2019agit d\u2019un point de rencontres entre les entreprises et &hellip;<\/p>\n","protected":false},"author":6823,"featured_media":23518,"comment_status":"closed","ping_status":"open","sticky":false,"template":"","format":"standard","meta":{"_relevanssi_hide_post":"","_relevanssi_hide_content":"","_relevanssi_pin_for_all":"","_relevanssi_pin_keywords":"","_relevanssi_unpin_keywords":"","_relevanssi_related_keywords":"","_relevanssi_related_include_ids":"","_relevanssi_related_exclude_ids":"","_relevanssi_related_no_append":"","_relevanssi_related_not_related":"","_relevanssi_related_posts":"","_relevanssi_noindex_reason":"","footnotes":""},"categories":[19],"tags":[370,201,470,775,776,42],"class_list":["post-23464","post","type-post","status-publish","format-standard","has-post-thumbnail","hentry","category-entreprise","tag-campus-gc-provence","tag-entreprise","tag-fei","tag-forum-entreprises","tag-forum-entreprises-ismin","tag-ismin"],"pp_statuses_selecting_workflow":false,"pp_workflow_action":"current","pp_status_selection":"publish","pp_force_visibility":null,"pp_subpost_visibility":null,"pp_inherited_force_visibility":null,"pp_inherited_subpost_visibility":null,"yoast_head":"<!-- This site is optimized with the Yoast SEO plugin v27.5 - https:\/\/yoast.com\/product\/yoast-seo-wordpress\/ -->\n<title>Encore une r\u00e9ussite pour le Forum Entreprises ISMIN ! - Panoramines<\/title>\n<meta name=\"robots\" content=\"index, follow, max-snippet:-1, max-image-preview:large, max-video-preview:-1\" \/>\n<link rel=\"canonical\" href=\"https:\/\/www.mines-stetienne.fr\/panoramines\/2021\/11\/18\/encore-une-reussite-pour-le-forum-entreprises-ismin\/\" \/>\n<meta property=\"og:locale\" content=\"fr_FR\" \/>\n<meta property=\"og:type\" content=\"article\" \/>\n<meta property=\"og:title\" content=\"Encore une r\u00e9ussite pour le Forum Entreprises ISMIN ! - Panoramines\" \/>\n<meta property=\"og:description\" content=\"Jeudi 14 octobre, s\u2019est tenu l\u2019\u00e9dition 2021 du Forum Entreprises ISMIN. Il est organis\u00e9 chaque ann\u00e9e par des \u00e9tudiants du cursus ISMIN sur le campus Georges Charpak Provence \u00e0 Gardanne. Il s\u2019agit d\u2019un point de rencontres entre les entreprises et &hellip;\" \/>\n<meta property=\"og:url\" content=\"https:\/\/www.mines-stetienne.fr\/panoramines\/2021\/11\/18\/encore-une-reussite-pour-le-forum-entreprises-ismin\/\" \/>\n<meta property=\"og:site_name\" content=\"Panoramines\" \/>\n<meta property=\"article:published_time\" content=\"2021-11-18T08:21:36+00:00\" \/>\n<meta property=\"article:modified_time\" content=\"2021-11-18T08:21:37+00:00\" \/>\n<meta property=\"og:image\" content=\"https:\/\/www.mines-stetienne.fr\/panoramines\/wp-content\/uploads\/sites\/3\/2021\/11\/1634294259802.jpg\" \/>\n\t<meta property=\"og:image:width\" content=\"798\" \/>\n\t<meta property=\"og:image:height\" content=\"599\" \/>\n\t<meta property=\"og:image:type\" content=\"image\/jpeg\" \/>\n<meta name=\"author\" content=\"CORTES Lucas\" \/>\n<meta name=\"twitter:card\" content=\"summary_large_image\" \/>\n<meta name=\"twitter:label1\" content=\"\u00c9crit par\" \/>\n\t<meta name=\"twitter:data1\" content=\"CORTES Lucas\" \/>\n\t<meta name=\"twitter:label2\" content=\"Dur\u00e9e de lecture estim\u00e9e\" \/>\n\t<meta name=\"twitter:data2\" content=\"2 minutes\" \/>\n<script type=\"application\/ld+json\" class=\"yoast-schema-graph\">{\"@context\":\"https:\\\/\\\/schema.org\",\"@graph\":[{\"@type\":\"Article\",\"@id\":\"https:\\\/\\\/www.mines-stetienne.fr\\\/panoramines\\\/2021\\\/11\\\/18\\\/encore-une-reussite-pour-le-forum-entreprises-ismin\\\/#article\",\"isPartOf\":{\"@id\":\"https:\\\/\\\/www.mines-stetienne.fr\\\/panoramines\\\/2021\\\/11\\\/18\\\/encore-une-reussite-pour-le-forum-entreprises-ismin\\\/\"},\"author\":{\"name\":\"CORTES Lucas\",\"@id\":\"https:\\\/\\\/www.mines-stetienne.fr\\\/panoramines\\\/#\\\/schema\\\/person\\\/f93b3567fe25af690eb69a1501646912\"},\"headline\":\"Encore une r\u00e9ussite pour le Forum Entreprises ISMIN !\",\"datePublished\":\"2021-11-18T08:21:36+00:00\",\"dateModified\":\"2021-11-18T08:21:37+00:00\",\"mainEntityOfPage\":{\"@id\":\"https:\\\/\\\/www.mines-stetienne.fr\\\/panoramines\\\/2021\\\/11\\\/18\\\/encore-une-reussite-pour-le-forum-entreprises-ismin\\\/\"},\"wordCount\":238,\"image\":{\"@id\":\"https:\\\/\\\/www.mines-stetienne.fr\\\/panoramines\\\/2021\\\/11\\\/18\\\/encore-une-reussite-pour-le-forum-entreprises-ismin\\\/#primaryimage\"},\"thumbnailUrl\":\"https:\\\/\\\/www.mines-stetienne.fr\\\/panoramines\\\/wp-content\\\/uploads\\\/sites\\\/3\\\/2021\\\/11\\\/1634294259802.jpg\",\"keywords\":[\"Campus GC Provence\",\"Entreprise\",\"FEI\",\"Forum Entreprises\",\"Forum Entreprises ISMIN\",\"ISMIN\"],\"articleSection\":[\"Entreprise\"],\"inLanguage\":\"fr-FR\"},{\"@type\":\"WebPage\",\"@id\":\"https:\\\/\\\/www.mines-stetienne.fr\\\/panoramines\\\/2021\\\/11\\\/18\\\/encore-une-reussite-pour-le-forum-entreprises-ismin\\\/\",\"url\":\"https:\\\/\\\/www.mines-stetienne.fr\\\/panoramines\\\/2021\\\/11\\\/18\\\/encore-une-reussite-pour-le-forum-entreprises-ismin\\\/\",\"name\":\"Encore une r\u00e9ussite pour le Forum Entreprises ISMIN ! - Panoramines\",\"isPartOf\":{\"@id\":\"https:\\\/\\\/www.mines-stetienne.fr\\\/panoramines\\\/#website\"},\"primaryImageOfPage\":{\"@id\":\"https:\\\/\\\/www.mines-stetienne.fr\\\/panoramines\\\/2021\\\/11\\\/18\\\/encore-une-reussite-pour-le-forum-entreprises-ismin\\\/#primaryimage\"},\"image\":{\"@id\":\"https:\\\/\\\/www.mines-stetienne.fr\\\/panoramines\\\/2021\\\/11\\\/18\\\/encore-une-reussite-pour-le-forum-entreprises-ismin\\\/#primaryimage\"},\"thumbnailUrl\":\"https:\\\/\\\/www.mines-stetienne.fr\\\/panoramines\\\/wp-content\\\/uploads\\\/sites\\\/3\\\/2021\\\/11\\\/1634294259802.jpg\",\"datePublished\":\"2021-11-18T08:21:36+00:00\",\"dateModified\":\"2021-11-18T08:21:37+00:00\",\"author\":{\"@id\":\"https:\\\/\\\/www.mines-stetienne.fr\\\/panoramines\\\/#\\\/schema\\\/person\\\/f93b3567fe25af690eb69a1501646912\"},\"breadcrumb\":{\"@id\":\"https:\\\/\\\/www.mines-stetienne.fr\\\/panoramines\\\/2021\\\/11\\\/18\\\/encore-une-reussite-pour-le-forum-entreprises-ismin\\\/#breadcrumb\"},\"inLanguage\":\"fr-FR\",\"potentialAction\":[{\"@type\":\"ReadAction\",\"target\":[\"https:\\\/\\\/www.mines-stetienne.fr\\\/panoramines\\\/2021\\\/11\\\/18\\\/encore-une-reussite-pour-le-forum-entreprises-ismin\\\/\"]}]},{\"@type\":\"ImageObject\",\"inLanguage\":\"fr-FR\",\"@id\":\"https:\\\/\\\/www.mines-stetienne.fr\\\/panoramines\\\/2021\\\/11\\\/18\\\/encore-une-reussite-pour-le-forum-entreprises-ismin\\\/#primaryimage\",\"url\":\"https:\\\/\\\/www.mines-stetienne.fr\\\/panoramines\\\/wp-content\\\/uploads\\\/sites\\\/3\\\/2021\\\/11\\\/1634294259802.jpg\",\"contentUrl\":\"https:\\\/\\\/www.mines-stetienne.fr\\\/panoramines\\\/wp-content\\\/uploads\\\/sites\\\/3\\\/2021\\\/11\\\/1634294259802.jpg\",\"width\":798,\"height\":599},{\"@type\":\"BreadcrumbList\",\"@id\":\"https:\\\/\\\/www.mines-stetienne.fr\\\/panoramines\\\/2021\\\/11\\\/18\\\/encore-une-reussite-pour-le-forum-entreprises-ismin\\\/#breadcrumb\",\"itemListElement\":[{\"@type\":\"ListItem\",\"position\":1,\"name\":\"Accueil\",\"item\":\"https:\\\/\\\/www.mines-stetienne.fr\\\/panoramines\\\/\"},{\"@type\":\"ListItem\",\"position\":2,\"name\":\"Encore une r\u00e9ussite pour le Forum Entreprises ISMIN !\"}]},{\"@type\":\"WebSite\",\"@id\":\"https:\\\/\\\/www.mines-stetienne.fr\\\/panoramines\\\/#website\",\"url\":\"https:\\\/\\\/www.mines-stetienne.fr\\\/panoramines\\\/\",\"name\":\"Panoramines\",\"description\":\"Panoramines, l\u2019actualit\u00e9 de MINES Saint-\u00c9tienne\",\"potentialAction\":[{\"@type\":\"SearchAction\",\"target\":{\"@type\":\"EntryPoint\",\"urlTemplate\":\"https:\\\/\\\/www.mines-stetienne.fr\\\/panoramines\\\/?s={search_term_string}\"},\"query-input\":{\"@type\":\"PropertyValueSpecification\",\"valueRequired\":true,\"valueName\":\"search_term_string\"}}],\"inLanguage\":\"fr-FR\"},{\"@type\":\"Person\",\"@id\":\"https:\\\/\\\/www.mines-stetienne.fr\\\/panoramines\\\/#\\\/schema\\\/person\\\/f93b3567fe25af690eb69a1501646912\",\"name\":\"CORTES Lucas\",\"image\":{\"@type\":\"ImageObject\",\"inLanguage\":\"fr-FR\",\"@id\":\"https:\\\/\\\/www.mines-stetienne.fr\\\/panoramines\\\/wp-content\\\/uploads\\\/sites\\\/3\\\/2021\\\/07\\\/logo-75x75-1.png\",\"url\":\"https:\\\/\\\/www.mines-stetienne.fr\\\/panoramines\\\/wp-content\\\/uploads\\\/sites\\\/3\\\/2021\\\/07\\\/logo-75x75-1.png\",\"contentUrl\":\"https:\\\/\\\/www.mines-stetienne.fr\\\/panoramines\\\/wp-content\\\/uploads\\\/sites\\\/3\\\/2021\\\/07\\\/logo-75x75-1.png\",\"caption\":\"CORTES Lucas\"},\"url\":\"https:\\\/\\\/www.mines-stetienne.fr\\\/panoramines\\\/author\\\/lucas-cortes\\\/\"}]}<\/script>\n<!-- \/ Yoast SEO plugin. -->","yoast_head_json":{"title":"Encore une r\u00e9ussite pour le Forum Entreprises ISMIN ! - Panoramines","robots":{"index":"index","follow":"follow","max-snippet":"max-snippet:-1","max-image-preview":"max-image-preview:large","max-video-preview":"max-video-preview:-1"},"canonical":"https:\/\/www.mines-stetienne.fr\/panoramines\/2021\/11\/18\/encore-une-reussite-pour-le-forum-entreprises-ismin\/","og_locale":"fr_FR","og_type":"article","og_title":"Encore une r\u00e9ussite pour le Forum Entreprises ISMIN ! - Panoramines","og_description":"Jeudi 14 octobre, s\u2019est tenu l\u2019\u00e9dition 2021 du Forum Entreprises ISMIN. Il est organis\u00e9 chaque ann\u00e9e par des \u00e9tudiants du cursus ISMIN sur le campus Georges Charpak Provence \u00e0 Gardanne. Il s\u2019agit d\u2019un point de rencontres entre les entreprises et &hellip;","og_url":"https:\/\/www.mines-stetienne.fr\/panoramines\/2021\/11\/18\/encore-une-reussite-pour-le-forum-entreprises-ismin\/","og_site_name":"Panoramines","article_published_time":"2021-11-18T08:21:36+00:00","article_modified_time":"2021-11-18T08:21:37+00:00","og_image":[{"width":798,"height":599,"url":"https:\/\/www.mines-stetienne.fr\/panoramines\/wp-content\/uploads\/sites\/3\/2021\/11\/1634294259802.jpg","type":"image\/jpeg"}],"author":"CORTES Lucas","twitter_card":"summary_large_image","twitter_misc":{"\u00c9crit par":"CORTES Lucas","Dur\u00e9e de lecture estim\u00e9e":"2 minutes"},"schema":{"@context":"https:\/\/schema.org","@graph":[{"@type":"Article","@id":"https:\/\/www.mines-stetienne.fr\/panoramines\/2021\/11\/18\/encore-une-reussite-pour-le-forum-entreprises-ismin\/#article","isPartOf":{"@id":"https:\/\/www.mines-stetienne.fr\/panoramines\/2021\/11\/18\/encore-une-reussite-pour-le-forum-entreprises-ismin\/"},"author":{"name":"CORTES Lucas","@id":"https:\/\/www.mines-stetienne.fr\/panoramines\/#\/schema\/person\/f93b3567fe25af690eb69a1501646912"},"headline":"Encore une r\u00e9ussite pour le Forum Entreprises ISMIN !","datePublished":"2021-11-18T08:21:36+00:00","dateModified":"2021-11-18T08:21:37+00:00","mainEntityOfPage":{"@id":"https:\/\/www.mines-stetienne.fr\/panoramines\/2021\/11\/18\/encore-une-reussite-pour-le-forum-entreprises-ismin\/"},"wordCount":238,"image":{"@id":"https:\/\/www.mines-stetienne.fr\/panoramines\/2021\/11\/18\/encore-une-reussite-pour-le-forum-entreprises-ismin\/#primaryimage"},"thumbnailUrl":"https:\/\/www.mines-stetienne.fr\/panoramines\/wp-content\/uploads\/sites\/3\/2021\/11\/1634294259802.jpg","keywords":["Campus GC Provence","Entreprise","FEI","Forum Entreprises","Forum Entreprises ISMIN","ISMIN"],"articleSection":["Entreprise"],"inLanguage":"fr-FR"},{"@type":"WebPage","@id":"https:\/\/www.mines-stetienne.fr\/panoramines\/2021\/11\/18\/encore-une-reussite-pour-le-forum-entreprises-ismin\/","url":"https:\/\/www.mines-stetienne.fr\/panoramines\/2021\/11\/18\/encore-une-reussite-pour-le-forum-entreprises-ismin\/","name":"Encore une r\u00e9ussite pour le Forum Entreprises ISMIN ! - Panoramines","isPartOf":{"@id":"https:\/\/www.mines-stetienne.fr\/panoramines\/#website"},"primaryImageOfPage":{"@id":"https:\/\/www.mines-stetienne.fr\/panoramines\/2021\/11\/18\/encore-une-reussite-pour-le-forum-entreprises-ismin\/#primaryimage"},"image":{"@id":"https:\/\/www.mines-stetienne.fr\/panoramines\/2021\/11\/18\/encore-une-reussite-pour-le-forum-entreprises-ismin\/#primaryimage"},"thumbnailUrl":"https:\/\/www.mines-stetienne.fr\/panoramines\/wp-content\/uploads\/sites\/3\/2021\/11\/1634294259802.jpg","datePublished":"2021-11-18T08:21:36+00:00","dateModified":"2021-11-18T08:21:37+00:00","author":{"@id":"https:\/\/www.mines-stetienne.fr\/panoramines\/#\/schema\/person\/f93b3567fe25af690eb69a1501646912"},"breadcrumb":{"@id":"https:\/\/www.mines-stetienne.fr\/panoramines\/2021\/11\/18\/encore-une-reussite-pour-le-forum-entreprises-ismin\/#breadcrumb"},"inLanguage":"fr-FR","potentialAction":[{"@type":"ReadAction","target":["https:\/\/www.mines-stetienne.fr\/panoramines\/2021\/11\/18\/encore-une-reussite-pour-le-forum-entreprises-ismin\/"]}]},{"@type":"ImageObject","inLanguage":"fr-FR","@id":"https:\/\/www.mines-stetienne.fr\/panoramines\/2021\/11\/18\/encore-une-reussite-pour-le-forum-entreprises-ismin\/#primaryimage","url":"https:\/\/www.mines-stetienne.fr\/panoramines\/wp-content\/uploads\/sites\/3\/2021\/11\/1634294259802.jpg","contentUrl":"https:\/\/www.mines-stetienne.fr\/panoramines\/wp-content\/uploads\/sites\/3\/2021\/11\/1634294259802.jpg","width":798,"height":599},{"@type":"BreadcrumbList","@id":"https:\/\/www.mines-stetienne.fr\/panoramines\/2021\/11\/18\/encore-une-reussite-pour-le-forum-entreprises-ismin\/#breadcrumb","itemListElement":[{"@type":"ListItem","position":1,"name":"Accueil","item":"https:\/\/www.mines-stetienne.fr\/panoramines\/"},{"@type":"ListItem","position":2,"name":"Encore une r\u00e9ussite pour le Forum Entreprises ISMIN !"}]},{"@type":"WebSite","@id":"https:\/\/www.mines-stetienne.fr\/panoramines\/#website","url":"https:\/\/www.mines-stetienne.fr\/panoramines\/","name":"Panoramines","description":"Panoramines, l\u2019actualit\u00e9 de MINES Saint-\u00c9tienne","potentialAction":[{"@type":"SearchAction","target":{"@type":"EntryPoint","urlTemplate":"https:\/\/www.mines-stetienne.fr\/panoramines\/?s={search_term_string}"},"query-input":{"@type":"PropertyValueSpecification","valueRequired":true,"valueName":"search_term_string"}}],"inLanguage":"fr-FR"},{"@type":"Person","@id":"https:\/\/www.mines-stetienne.fr\/panoramines\/#\/schema\/person\/f93b3567fe25af690eb69a1501646912","name":"CORTES Lucas","image":{"@type":"ImageObject","inLanguage":"fr-FR","@id":"https:\/\/www.mines-stetienne.fr\/panoramines\/wp-content\/uploads\/sites\/3\/2021\/07\/logo-75x75-1.png","url":"https:\/\/www.mines-stetienne.fr\/panoramines\/wp-content\/uploads\/sites\/3\/2021\/07\/logo-75x75-1.png","contentUrl":"https:\/\/www.mines-stetienne.fr\/panoramines\/wp-content\/uploads\/sites\/3\/2021\/07\/logo-75x75-1.png","caption":"CORTES Lucas"},"url":"https:\/\/www.mines-stetienne.fr\/panoramines\/author\/lucas-cortes\/"}]}},"_links":{"self":[{"href":"https:\/\/www.mines-stetienne.fr\/panoramines\/wp-json\/wp\/v2\/posts\/23464","targetHints":{"allow":["GET"]}}],"collection":[{"href":"https:\/\/www.mines-stetienne.fr\/panoramines\/wp-json\/wp\/v2\/posts"}],"about":[{"href":"https:\/\/www.mines-stetienne.fr\/panoramines\/wp-json\/wp\/v2\/types\/post"}],"author":[{"embeddable":true,"href":"https:\/\/www.mines-stetienne.fr\/panoramines\/wp-json\/wp\/v2\/users\/6823"}],"replies":[{"embeddable":true,"href":"https:\/\/www.mines-stetienne.fr\/panoramines\/wp-json\/wp\/v2\/comments?post=23464"}],"version-history":[{"count":13,"href":"https:\/\/www.mines-stetienne.fr\/panoramines\/wp-json\/wp\/v2\/posts\/23464\/revisions"}],"predecessor-version":[{"id":23550,"href":"https:\/\/www.mines-stetienne.fr\/panoramines\/wp-json\/wp\/v2\/posts\/23464\/revisions\/23550"}],"wp:featuredmedia":[{"embeddable":true,"href":"https:\/\/www.mines-stetienne.fr\/panoramines\/wp-json\/wp\/v2\/media\/23518"}],"wp:attachment":[{"href":"https:\/\/www.mines-stetienne.fr\/panoramines\/wp-json\/wp\/v2\/media?parent=23464"}],"wp:term":[{"taxonomy":"category","embeddable":true,"href":"https:\/\/www.mines-stetienne.fr\/panoramines\/wp-json\/wp\/v2\/categories?post=23464"},{"taxonomy":"post_tag","embeddable":true,"href":"https:\/\/www.mines-stetienne.fr\/panoramines\/wp-json\/wp\/v2\/tags?post=23464"}],"curies":[{"name":"wp","href":"https:\/\/api.w.org\/{rel}","templated":true}]}}