{"id":23425,"date":"2021-11-15T14:56:01","date_gmt":"2021-11-15T13:56:01","guid":{"rendered":"https:\/\/www.mines-stetienne.fr\/panoramines\/?p=23425"},"modified":"2021-11-15T15:09:55","modified_gmt":"2021-11-15T14:09:55","slug":"une-video-en-realite-augmentee-pour-lutter-contre-les-violences-sexistes-et-sexuelles","status":"publish","type":"post","link":"https:\/\/www.mines-stetienne.fr\/panoramines\/2021\/11\/15\/une-video-en-realite-augmentee-pour-lutter-contre-les-violences-sexistes-et-sexuelles\/","title":{"rendered":"Une vid\u00e9o en r\u00e9alit\u00e9 augment\u00e9e pour lutter contre les violences sexistes et sexuelles"},"content":{"rendered":"\n<h2 class=\"wp-block-heading\"><strong>Mardi 19 octobre, <a href=\"https:\/\/www.mines-stetienne.fr\/\" target=\"_blank\" rel=\"noreferrer noopener\">Mines Saint-Etienne<\/a> organisait une soir\u00e9e de lancement de la vid\u00e9o en r\u00e9alit\u00e9 augment\u00e9e \u00ab&nbsp;Le Consentement&nbsp;\u00bb en partenariat avec la soci\u00e9t\u00e9 <a href=\"https:\/\/reverto.fr\/\" target=\"_blank\" rel=\"noreferrer noopener\">Reverto<\/a>. Cet outil p\u00e9dagogique intervient dans le cadre du plan de lutte contre les violences sexistes et sexuelles adopt\u00e9es par <a href=\"https:\/\/www.imt.fr\/\" target=\"_blank\" rel=\"noreferrer noopener\">l\u2019Institut Mines T\u00e9l\u00e9com (IMT)<\/a> auquel l&rsquo;\u00c9cole est membre. Objectif : sensibiliser les \u00e9l\u00e8ves \u00e0 ces enjeux.<\/strong><\/h2>\n\n\n\n<h3 class=\"wp-block-heading\">R\u00e9alit\u00e9 augment\u00e9e<\/h3>\n\n\n\n<div class=\"wp-block-image\"><figure class=\"alignleft size-large is-resized\"><img loading=\"lazy\" decoding=\"async\" src=\"https:\/\/www.mines-stetienne.fr\/panoramines\/wp-content\/uploads\/sites\/3\/2021\/11\/Soiree-lancement-video-realite-augmentee-VSS-2-1024x768.jpg\" alt=\"\" class=\"wp-image-23501\" width=\"256\" height=\"192\" srcset=\"https:\/\/www.mines-stetienne.fr\/panoramines\/wp-content\/uploads\/sites\/3\/2021\/11\/Soiree-lancement-video-realite-augmentee-VSS-2-1024x768.jpg 1024w, https:\/\/www.mines-stetienne.fr\/panoramines\/wp-content\/uploads\/sites\/3\/2021\/11\/Soiree-lancement-video-realite-augmentee-VSS-2-300x225.jpg 300w, https:\/\/www.mines-stetienne.fr\/panoramines\/wp-content\/uploads\/sites\/3\/2021\/11\/Soiree-lancement-video-realite-augmentee-VSS-2-768x576.jpg 768w, https:\/\/www.mines-stetienne.fr\/panoramines\/wp-content\/uploads\/sites\/3\/2021\/11\/Soiree-lancement-video-realite-augmentee-VSS-2-1536x1152.jpg 1536w, https:\/\/www.mines-stetienne.fr\/panoramines\/wp-content\/uploads\/sites\/3\/2021\/11\/Soiree-lancement-video-realite-augmentee-VSS-2-2048x1536.jpg 2048w\" sizes=\"auto, (max-width: 256px) 100vw, 256px\" \/><\/figure><\/div>\n\n\n\n<p>Durant une soir\u00e9e, les membres de la direction et de la commission \u00e9galit\u00e9 homme\/femme de l\u2019\u00c9cole avec des personnels et des \u00e9tudiants ont particip\u00e9 au lancement de la vid\u00e9o en r\u00e9alit\u00e9 augment\u00e9e \u00ab&nbsp;Le Consentement&nbsp;\u00bb. Cette vid\u00e9o met le participant dans la peau d\u2019une victime de violences sexistes et sexuelles. Elle a \u00e9t\u00e9 r\u00e9alis\u00e9e en partenariat avec la Soci\u00e9t\u00e9 <a href=\"https:\/\/reverto.fr\/\" target=\"_blank\" rel=\"noreferrer noopener\">Reverto<\/a> en lien avec des \u00e9tudiants. \u00ab&nbsp;On a voulu montrer des sc\u00e8nes tir\u00e9es de faits r\u00e9els ou qui se rapprochent de la r\u00e9alit\u00e9&nbsp;\u00bb, explique Camille, \u00e9tudiante en 2e ann\u00e9e ICM. Le tournage de la vid\u00e9o s\u2019est effectu\u00e9 sur le campus de Saint-Etienne de l\u2019\u00c9cole. H\u00e9l\u00e8ne Pangot, responsable de la mission diversit\u00e9 de l\u2019\u00c9cole, pr\u00e9cise que \u00ab&nbsp;l\u2019id\u00e9e est de parler aux \u00e9tudiants avec un discours adapt\u00e9 et pas moralisateur&nbsp;\u00bb. <\/p>\n\n\n\n<div class=\"wp-block-image\"><figure class=\"alignright size-large is-resized\"><img loading=\"lazy\" decoding=\"async\" src=\"https:\/\/www.mines-stetienne.fr\/panoramines\/wp-content\/uploads\/sites\/3\/2021\/11\/Soiree-lancement-video-realite-augmentee-VSS-3-edited-scaled-e1636535502283-1024x908.jpg\" alt=\"\" class=\"wp-image-23510\" width=\"222\" height=\"196\" srcset=\"https:\/\/www.mines-stetienne.fr\/panoramines\/wp-content\/uploads\/sites\/3\/2021\/11\/Soiree-lancement-video-realite-augmentee-VSS-3-edited-scaled-e1636535502283-1024x908.jpg 1024w, https:\/\/www.mines-stetienne.fr\/panoramines\/wp-content\/uploads\/sites\/3\/2021\/11\/Soiree-lancement-video-realite-augmentee-VSS-3-edited-scaled-e1636535502283-300x266.jpg 300w, https:\/\/www.mines-stetienne.fr\/panoramines\/wp-content\/uploads\/sites\/3\/2021\/11\/Soiree-lancement-video-realite-augmentee-VSS-3-edited-scaled-e1636535502283-768x681.jpg 768w, https:\/\/www.mines-stetienne.fr\/panoramines\/wp-content\/uploads\/sites\/3\/2021\/11\/Soiree-lancement-video-realite-augmentee-VSS-3-edited-scaled-e1636535502283-1536x1362.jpg 1536w, https:\/\/www.mines-stetienne.fr\/panoramines\/wp-content\/uploads\/sites\/3\/2021\/11\/Soiree-lancement-video-realite-augmentee-VSS-3-edited-scaled-e1636535502283.jpg 1920w\" sizes=\"auto, (max-width: 222px) 100vw, 222px\" \/><\/figure><\/div>\n\n\n\n<figure class=\"wp-block-pullquote is-style-default\"><blockquote><p>L&rsquo;id\u00e9e est de parler aux \u00e9tudiants avec un discours adapt\u00e9 et pas moralisateur.<\/p><cite>H\u00e9l\u00e8ne Pangot, responsable de la mission diversit\u00e9 de l&rsquo;\u00c9cole<\/cite><\/blockquote><\/figure>\n\n\n\n<p>La soir\u00e9e a permis de partager un moment convivial et de d\u00e9couvrir cet outil p\u00e9dagogique. A la fin de l\u2019exp\u00e9rience, les participants ont fait part de leurs retours. Emilie, \u00e9tudiante en 2\u1d49 ann\u00e9e ICM, nous confie que \u00ab parfois, c\u2019est un peu dur \u00e0 regarder, \u00e9motionnellement, mais c\u2019est surtout enrichissant, \u00e7a donne des pistes pour savoir comment agir, comment r\u00e9agir, c\u2019est important \u00bb. Krzystof Wolski (directeur des formations) ajoute qu\u2019\u00ab on se trouve \u00e0 la place de la victime \u00bb. Il \u00ab pense que \u00e7a contribue \u00e0 mieux ressentir les \u00e9motions \u00bb. \u00ab C\u2019est plus marquant quand on le vit que quand on en parle ou qu\u2019on lit des choses. De ressentir les \u00e9motions, \u00e7a me para\u00eet quelque chose de super important \u00bb, explique Christine Jamen (directrice des ressources humaines), \u00e9mue par l\u2019exp\u00e9rience.<\/p>\n\n\n\n<h3 class=\"wp-block-heading\">\u00ab\u00a0Se confronter \u00e0 la notion de consentement sur un campus \u00e9tudiant\u00a0\u00bb<\/h3>\n\n\n\n<p>L\u2019exp\u00e9rience immersive de cette vid\u00e9o met le lecteur dans la peau d\u2019une \u00e9tudiante&nbsp;: L\u00e9a.<\/p>\n\n\n\n<p>L\u00e9a est en 1\u00e8re ann\u00e9e de cursus ing\u00e9nieur. L\u00e9a conna\u00eet des remarques sexistes tout au long de la journ\u00e9e. Lors d\u2019une soir\u00e9e \u00e9tudiante, des gar\u00e7ons l\u2019abordent. L\u00e9a discute notamment avec l\u2019un d\u2019eux, Thomas. L\u00e9a se sent \u00e9m\u00e9ch\u00e9e. L\u00e9a veut rentrer chez elle. Thomas la raccompagne. L\u00e9a subit une agression. Le lendemain, L\u00e9a est en cours. Ses amis ne sont pas l\u00e0. Ses camarades la scrutent. Ils commentent la soir\u00e9e d\u2019hier. L\u00e9a n\u2019est pas accompagn\u00e9e en tant que victime. L\u2019institution n\u2019est pas inform\u00e9e.<\/p>\n\n\n\n<p>Tout au long de la vid\u00e9o, le participant peut consulter les textes en vigueur et les diff\u00e9rences de notions entre les formes de violence et d\u2019in\u00e9galit\u00e9. A la fin des s\u00e9quences, il est interrog\u00e9 sur son ressentit et doit r\u00e9pondre \u00e0 des questions sous forme de QCM sur ce qu\u2019il vient de voir.<\/p>\n\n\n\n<figure class=\"wp-block-embed is-type-video is-provider-dailymotion wp-block-embed-dailymotion wp-embed-aspect-16-9 wp-has-aspect-ratio\"><div class=\"wp-block-embed__wrapper\">\n<iframe loading=\"lazy\" title=\"A l&#039;\u00c9cole des Mines de Saint-Etienne, la r\u00e9alit\u00e9 virtuelle pour lutter contre les violences sexistes et sexuelles\" frameborder=\"0\" width=\"640\" height=\"359\" src=\"https:\/\/geo.dailymotion.com\/player.html?video=x8504zd&#038;\" allowfullscreen allow=\"autoplay; fullscreen; picture-in-picture; web-share\"><\/iframe>\n<\/div><figcaption><span style=\"color:#9b51e0\" class=\"tadv-color\"><em>A l&rsquo;Ecole des Mines de Saint-Etienne, la r\u00e9alit\u00e9 virtuelle pour lutter contre les violences sexistes et sexuelles. Un reportage de France 3<\/em><\/span><\/figcaption><\/figure>\n\n\n\n<h3 class=\"wp-block-heading\">\u00ab\u00a0Le message \u00e0 faire passer : c&rsquo;est tol\u00e9rance z\u00e9ro\u00a0\u00bb<\/h3>\n\n\n\n<p>Engag\u00e9e depuis longtemps sur ces sujets de violences sexistes et sexuelles, l\u2019\u00c9cole renforce sa pr\u00e9vention avec cet outil. En f\u00e9vrier dernier, elle avait d\u00e9j\u00e0 mise en place une cellule d\u2019\u00e9coute suite \u00e0 des signalements d\u2019agressions sexuelles au sein de l\u2019\u00e9tablissement.<\/p>\n\n\n\n<p>Cette vid\u00e9o en r\u00e9alit\u00e9 augment\u00e9e est \u00e0 destination notamment des \u00e9tudiants de l\u2019\u00c9cole. En effet, ils b\u00e9n\u00e9ficieront dans le cadre de leur cursus d\u2019une formation \u00e0 ces enjeux. Elle d\u00e9butera d\u00e8s la mi-novembre pour les ICM et d\u00e8s f\u00e9vrier 2022 pour les \u00e9l\u00e8ves ISMIN de 1\u00e8re ann\u00e9e. Ils travailleront en petits groupes avec un accompagnement solide.<\/p>\n\n\n\n<p><\/p>\n","protected":false},"excerpt":{"rendered":"<p>Mardi 19 octobre, Mines Saint-Etienne organisait une soir\u00e9e de lancement de la vid\u00e9o en r\u00e9alit\u00e9 augment\u00e9e \u00ab&nbsp;Le Consentement&nbsp;\u00bb en partenariat avec la soci\u00e9t\u00e9 Reverto. Cet outil p\u00e9dagogique intervient dans le cadre du plan de lutte contre les violences sexistes et &hellip;<\/p>\n","protected":false},"author":6823,"featured_media":23498,"comment_status":"closed","ping_status":"open","sticky":false,"template":"","format":"standard","meta":{"_relevanssi_hide_post":"","_relevanssi_hide_content":"","_relevanssi_pin_for_all":"","_relevanssi_pin_keywords":"","_relevanssi_unpin_keywords":"","_relevanssi_related_keywords":"","_relevanssi_related_include_ids":"","_relevanssi_related_exclude_ids":"","_relevanssi_related_no_append":"","_relevanssi_related_not_related":"","_relevanssi_related_posts":"","_relevanssi_noindex_reason":"","footnotes":""},"categories":[11],"tags":[538,773,24,37,42,774,123,772,771],"class_list":["post-23425","post","type-post","status-publish","format-standard","has-post-thumbnail","hentry","category-vie-de-l-ecole","tag-diversite","tag-engagement","tag-formation","tag-icm","tag-ismin","tag-outil","tag-video","tag-violence","tag-vss"],"pp_statuses_selecting_workflow":false,"pp_workflow_action":"current","pp_status_selection":"publish","pp_force_visibility":null,"pp_subpost_visibility":null,"pp_inherited_force_visibility":null,"pp_inherited_subpost_visibility":null,"yoast_head":"<!-- This site is optimized with the Yoast SEO plugin v27.5 - https:\/\/yoast.com\/product\/yoast-seo-wordpress\/ -->\n<title>Une vid\u00e9o en r\u00e9alit\u00e9 augment\u00e9e pour lutter contre les violences sexistes et sexuelles - Panoramines<\/title>\n<meta name=\"robots\" content=\"index, follow, max-snippet:-1, max-image-preview:large, max-video-preview:-1\" \/>\n<link rel=\"canonical\" href=\"https:\/\/www.mines-stetienne.fr\/panoramines\/2021\/11\/15\/une-video-en-realite-augmentee-pour-lutter-contre-les-violences-sexistes-et-sexuelles\/\" \/>\n<meta property=\"og:locale\" content=\"fr_FR\" \/>\n<meta property=\"og:type\" content=\"article\" \/>\n<meta property=\"og:title\" content=\"Une vid\u00e9o en r\u00e9alit\u00e9 augment\u00e9e pour lutter contre les violences sexistes et sexuelles - Panoramines\" \/>\n<meta property=\"og:description\" content=\"Mardi 19 octobre, Mines Saint-Etienne organisait une soir\u00e9e de lancement de la vid\u00e9o en r\u00e9alit\u00e9 augment\u00e9e \u00ab&nbsp;Le Consentement&nbsp;\u00bb en partenariat avec la soci\u00e9t\u00e9 Reverto. Cet outil p\u00e9dagogique intervient dans le cadre du plan de lutte contre les violences sexistes et &hellip;\" \/>\n<meta property=\"og:url\" content=\"https:\/\/www.mines-stetienne.fr\/panoramines\/2021\/11\/15\/une-video-en-realite-augmentee-pour-lutter-contre-les-violences-sexistes-et-sexuelles\/\" \/>\n<meta property=\"og:site_name\" content=\"Panoramines\" \/>\n<meta property=\"article:published_time\" content=\"2021-11-15T13:56:01+00:00\" \/>\n<meta property=\"article:modified_time\" content=\"2021-11-15T14:09:55+00:00\" \/>\n<meta property=\"og:image\" content=\"https:\/\/www.mines-stetienne.fr\/panoramines\/wp-content\/uploads\/sites\/3\/2021\/11\/Soiree-lancement-video-realite-augmentee-VSS-scaled-e1636462658997.jpg\" \/>\n\t<meta property=\"og:image:width\" content=\"1920\" \/>\n\t<meta property=\"og:image:height\" content=\"1772\" \/>\n\t<meta property=\"og:image:type\" content=\"image\/jpeg\" \/>\n<meta name=\"author\" content=\"CORTES Lucas\" \/>\n<meta name=\"twitter:card\" content=\"summary_large_image\" \/>\n<meta name=\"twitter:label1\" content=\"\u00c9crit par\" \/>\n\t<meta name=\"twitter:data1\" content=\"CORTES Lucas\" \/>\n\t<meta name=\"twitter:label2\" content=\"Dur\u00e9e de lecture estim\u00e9e\" \/>\n\t<meta name=\"twitter:data2\" content=\"4 minutes\" \/>\n<script type=\"application\/ld+json\" class=\"yoast-schema-graph\">{\"@context\":\"https:\\\/\\\/schema.org\",\"@graph\":[{\"@type\":\"Article\",\"@id\":\"https:\\\/\\\/www.mines-stetienne.fr\\\/panoramines\\\/2021\\\/11\\\/15\\\/une-video-en-realite-augmentee-pour-lutter-contre-les-violences-sexistes-et-sexuelles\\\/#article\",\"isPartOf\":{\"@id\":\"https:\\\/\\\/www.mines-stetienne.fr\\\/panoramines\\\/2021\\\/11\\\/15\\\/une-video-en-realite-augmentee-pour-lutter-contre-les-violences-sexistes-et-sexuelles\\\/\"},\"author\":{\"name\":\"CORTES Lucas\",\"@id\":\"https:\\\/\\\/www.mines-stetienne.fr\\\/panoramines\\\/#\\\/schema\\\/person\\\/f93b3567fe25af690eb69a1501646912\"},\"headline\":\"Une vid\u00e9o en r\u00e9alit\u00e9 augment\u00e9e pour lutter contre les violences sexistes et sexuelles\",\"datePublished\":\"2021-11-15T13:56:01+00:00\",\"dateModified\":\"2021-11-15T14:09:55+00:00\",\"mainEntityOfPage\":{\"@id\":\"https:\\\/\\\/www.mines-stetienne.fr\\\/panoramines\\\/2021\\\/11\\\/15\\\/une-video-en-realite-augmentee-pour-lutter-contre-les-violences-sexistes-et-sexuelles\\\/\"},\"wordCount\":759,\"image\":{\"@id\":\"https:\\\/\\\/www.mines-stetienne.fr\\\/panoramines\\\/2021\\\/11\\\/15\\\/une-video-en-realite-augmentee-pour-lutter-contre-les-violences-sexistes-et-sexuelles\\\/#primaryimage\"},\"thumbnailUrl\":\"https:\\\/\\\/www.mines-stetienne.fr\\\/panoramines\\\/wp-content\\\/uploads\\\/sites\\\/3\\\/2021\\\/11\\\/Soiree-lancement-video-realite-augmentee-VSS-scaled-e1636462658997.jpg\",\"keywords\":[\"Diversit\u00e9\",\"Engagement\",\"Formation\",\"ICM\",\"ISMIN\",\"Outil\",\"Vid\u00e9o\",\"Violence\",\"VSS\"],\"articleSection\":[\"Vie de l'\u00c9cole\"],\"inLanguage\":\"fr-FR\"},{\"@type\":\"WebPage\",\"@id\":\"https:\\\/\\\/www.mines-stetienne.fr\\\/panoramines\\\/2021\\\/11\\\/15\\\/une-video-en-realite-augmentee-pour-lutter-contre-les-violences-sexistes-et-sexuelles\\\/\",\"url\":\"https:\\\/\\\/www.mines-stetienne.fr\\\/panoramines\\\/2021\\\/11\\\/15\\\/une-video-en-realite-augmentee-pour-lutter-contre-les-violences-sexistes-et-sexuelles\\\/\",\"name\":\"Une vid\u00e9o en r\u00e9alit\u00e9 augment\u00e9e pour lutter contre les violences sexistes et sexuelles - Panoramines\",\"isPartOf\":{\"@id\":\"https:\\\/\\\/www.mines-stetienne.fr\\\/panoramines\\\/#website\"},\"primaryImageOfPage\":{\"@id\":\"https:\\\/\\\/www.mines-stetienne.fr\\\/panoramines\\\/2021\\\/11\\\/15\\\/une-video-en-realite-augmentee-pour-lutter-contre-les-violences-sexistes-et-sexuelles\\\/#primaryimage\"},\"image\":{\"@id\":\"https:\\\/\\\/www.mines-stetienne.fr\\\/panoramines\\\/2021\\\/11\\\/15\\\/une-video-en-realite-augmentee-pour-lutter-contre-les-violences-sexistes-et-sexuelles\\\/#primaryimage\"},\"thumbnailUrl\":\"https:\\\/\\\/www.mines-stetienne.fr\\\/panoramines\\\/wp-content\\\/uploads\\\/sites\\\/3\\\/2021\\\/11\\\/Soiree-lancement-video-realite-augmentee-VSS-scaled-e1636462658997.jpg\",\"datePublished\":\"2021-11-15T13:56:01+00:00\",\"dateModified\":\"2021-11-15T14:09:55+00:00\",\"author\":{\"@id\":\"https:\\\/\\\/www.mines-stetienne.fr\\\/panoramines\\\/#\\\/schema\\\/person\\\/f93b3567fe25af690eb69a1501646912\"},\"breadcrumb\":{\"@id\":\"https:\\\/\\\/www.mines-stetienne.fr\\\/panoramines\\\/2021\\\/11\\\/15\\\/une-video-en-realite-augmentee-pour-lutter-contre-les-violences-sexistes-et-sexuelles\\\/#breadcrumb\"},\"inLanguage\":\"fr-FR\",\"potentialAction\":[{\"@type\":\"ReadAction\",\"target\":[\"https:\\\/\\\/www.mines-stetienne.fr\\\/panoramines\\\/2021\\\/11\\\/15\\\/une-video-en-realite-augmentee-pour-lutter-contre-les-violences-sexistes-et-sexuelles\\\/\"]}]},{\"@type\":\"ImageObject\",\"inLanguage\":\"fr-FR\",\"@id\":\"https:\\\/\\\/www.mines-stetienne.fr\\\/panoramines\\\/2021\\\/11\\\/15\\\/une-video-en-realite-augmentee-pour-lutter-contre-les-violences-sexistes-et-sexuelles\\\/#primaryimage\",\"url\":\"https:\\\/\\\/www.mines-stetienne.fr\\\/panoramines\\\/wp-content\\\/uploads\\\/sites\\\/3\\\/2021\\\/11\\\/Soiree-lancement-video-realite-augmentee-VSS-scaled-e1636462658997.jpg\",\"contentUrl\":\"https:\\\/\\\/www.mines-stetienne.fr\\\/panoramines\\\/wp-content\\\/uploads\\\/sites\\\/3\\\/2021\\\/11\\\/Soiree-lancement-video-realite-augmentee-VSS-scaled-e1636462658997.jpg\",\"width\":1920,\"height\":1772},{\"@type\":\"BreadcrumbList\",\"@id\":\"https:\\\/\\\/www.mines-stetienne.fr\\\/panoramines\\\/2021\\\/11\\\/15\\\/une-video-en-realite-augmentee-pour-lutter-contre-les-violences-sexistes-et-sexuelles\\\/#breadcrumb\",\"itemListElement\":[{\"@type\":\"ListItem\",\"position\":1,\"name\":\"Accueil\",\"item\":\"https:\\\/\\\/www.mines-stetienne.fr\\\/panoramines\\\/\"},{\"@type\":\"ListItem\",\"position\":2,\"name\":\"Une vid\u00e9o en r\u00e9alit\u00e9 augment\u00e9e pour lutter contre les violences sexistes et sexuelles\"}]},{\"@type\":\"WebSite\",\"@id\":\"https:\\\/\\\/www.mines-stetienne.fr\\\/panoramines\\\/#website\",\"url\":\"https:\\\/\\\/www.mines-stetienne.fr\\\/panoramines\\\/\",\"name\":\"Panoramines\",\"description\":\"Panoramines, l\u2019actualit\u00e9 de MINES Saint-\u00c9tienne\",\"potentialAction\":[{\"@type\":\"SearchAction\",\"target\":{\"@type\":\"EntryPoint\",\"urlTemplate\":\"https:\\\/\\\/www.mines-stetienne.fr\\\/panoramines\\\/?s={search_term_string}\"},\"query-input\":{\"@type\":\"PropertyValueSpecification\",\"valueRequired\":true,\"valueName\":\"search_term_string\"}}],\"inLanguage\":\"fr-FR\"},{\"@type\":\"Person\",\"@id\":\"https:\\\/\\\/www.mines-stetienne.fr\\\/panoramines\\\/#\\\/schema\\\/person\\\/f93b3567fe25af690eb69a1501646912\",\"name\":\"CORTES Lucas\",\"image\":{\"@type\":\"ImageObject\",\"inLanguage\":\"fr-FR\",\"@id\":\"https:\\\/\\\/www.mines-stetienne.fr\\\/panoramines\\\/wp-content\\\/uploads\\\/sites\\\/3\\\/2021\\\/07\\\/logo-75x75-1.png\",\"url\":\"https:\\\/\\\/www.mines-stetienne.fr\\\/panoramines\\\/wp-content\\\/uploads\\\/sites\\\/3\\\/2021\\\/07\\\/logo-75x75-1.png\",\"contentUrl\":\"https:\\\/\\\/www.mines-stetienne.fr\\\/panoramines\\\/wp-content\\\/uploads\\\/sites\\\/3\\\/2021\\\/07\\\/logo-75x75-1.png\",\"caption\":\"CORTES Lucas\"},\"url\":\"https:\\\/\\\/www.mines-stetienne.fr\\\/panoramines\\\/author\\\/lucas-cortes\\\/\"}]}<\/script>\n<!-- \/ Yoast SEO plugin. -->","yoast_head_json":{"title":"Une vid\u00e9o en r\u00e9alit\u00e9 augment\u00e9e pour lutter contre les violences sexistes et sexuelles - Panoramines","robots":{"index":"index","follow":"follow","max-snippet":"max-snippet:-1","max-image-preview":"max-image-preview:large","max-video-preview":"max-video-preview:-1"},"canonical":"https:\/\/www.mines-stetienne.fr\/panoramines\/2021\/11\/15\/une-video-en-realite-augmentee-pour-lutter-contre-les-violences-sexistes-et-sexuelles\/","og_locale":"fr_FR","og_type":"article","og_title":"Une vid\u00e9o en r\u00e9alit\u00e9 augment\u00e9e pour lutter contre les violences sexistes et sexuelles - Panoramines","og_description":"Mardi 19 octobre, Mines Saint-Etienne organisait une soir\u00e9e de lancement de la vid\u00e9o en r\u00e9alit\u00e9 augment\u00e9e \u00ab&nbsp;Le Consentement&nbsp;\u00bb en partenariat avec la soci\u00e9t\u00e9 Reverto. Cet outil p\u00e9dagogique intervient dans le cadre du plan de lutte contre les violences sexistes et &hellip;","og_url":"https:\/\/www.mines-stetienne.fr\/panoramines\/2021\/11\/15\/une-video-en-realite-augmentee-pour-lutter-contre-les-violences-sexistes-et-sexuelles\/","og_site_name":"Panoramines","article_published_time":"2021-11-15T13:56:01+00:00","article_modified_time":"2021-11-15T14:09:55+00:00","og_image":[{"width":1920,"height":1772,"url":"https:\/\/www.mines-stetienne.fr\/panoramines\/wp-content\/uploads\/sites\/3\/2021\/11\/Soiree-lancement-video-realite-augmentee-VSS-scaled-e1636462658997.jpg","type":"image\/jpeg"}],"author":"CORTES Lucas","twitter_card":"summary_large_image","twitter_misc":{"\u00c9crit par":"CORTES Lucas","Dur\u00e9e de lecture estim\u00e9e":"4 minutes"},"schema":{"@context":"https:\/\/schema.org","@graph":[{"@type":"Article","@id":"https:\/\/www.mines-stetienne.fr\/panoramines\/2021\/11\/15\/une-video-en-realite-augmentee-pour-lutter-contre-les-violences-sexistes-et-sexuelles\/#article","isPartOf":{"@id":"https:\/\/www.mines-stetienne.fr\/panoramines\/2021\/11\/15\/une-video-en-realite-augmentee-pour-lutter-contre-les-violences-sexistes-et-sexuelles\/"},"author":{"name":"CORTES Lucas","@id":"https:\/\/www.mines-stetienne.fr\/panoramines\/#\/schema\/person\/f93b3567fe25af690eb69a1501646912"},"headline":"Une vid\u00e9o en r\u00e9alit\u00e9 augment\u00e9e pour lutter contre les violences sexistes et sexuelles","datePublished":"2021-11-15T13:56:01+00:00","dateModified":"2021-11-15T14:09:55+00:00","mainEntityOfPage":{"@id":"https:\/\/www.mines-stetienne.fr\/panoramines\/2021\/11\/15\/une-video-en-realite-augmentee-pour-lutter-contre-les-violences-sexistes-et-sexuelles\/"},"wordCount":759,"image":{"@id":"https:\/\/www.mines-stetienne.fr\/panoramines\/2021\/11\/15\/une-video-en-realite-augmentee-pour-lutter-contre-les-violences-sexistes-et-sexuelles\/#primaryimage"},"thumbnailUrl":"https:\/\/www.mines-stetienne.fr\/panoramines\/wp-content\/uploads\/sites\/3\/2021\/11\/Soiree-lancement-video-realite-augmentee-VSS-scaled-e1636462658997.jpg","keywords":["Diversit\u00e9","Engagement","Formation","ICM","ISMIN","Outil","Vid\u00e9o","Violence","VSS"],"articleSection":["Vie de l'\u00c9cole"],"inLanguage":"fr-FR"},{"@type":"WebPage","@id":"https:\/\/www.mines-stetienne.fr\/panoramines\/2021\/11\/15\/une-video-en-realite-augmentee-pour-lutter-contre-les-violences-sexistes-et-sexuelles\/","url":"https:\/\/www.mines-stetienne.fr\/panoramines\/2021\/11\/15\/une-video-en-realite-augmentee-pour-lutter-contre-les-violences-sexistes-et-sexuelles\/","name":"Une vid\u00e9o en r\u00e9alit\u00e9 augment\u00e9e pour lutter contre les violences sexistes et sexuelles - Panoramines","isPartOf":{"@id":"https:\/\/www.mines-stetienne.fr\/panoramines\/#website"},"primaryImageOfPage":{"@id":"https:\/\/www.mines-stetienne.fr\/panoramines\/2021\/11\/15\/une-video-en-realite-augmentee-pour-lutter-contre-les-violences-sexistes-et-sexuelles\/#primaryimage"},"image":{"@id":"https:\/\/www.mines-stetienne.fr\/panoramines\/2021\/11\/15\/une-video-en-realite-augmentee-pour-lutter-contre-les-violences-sexistes-et-sexuelles\/#primaryimage"},"thumbnailUrl":"https:\/\/www.mines-stetienne.fr\/panoramines\/wp-content\/uploads\/sites\/3\/2021\/11\/Soiree-lancement-video-realite-augmentee-VSS-scaled-e1636462658997.jpg","datePublished":"2021-11-15T13:56:01+00:00","dateModified":"2021-11-15T14:09:55+00:00","author":{"@id":"https:\/\/www.mines-stetienne.fr\/panoramines\/#\/schema\/person\/f93b3567fe25af690eb69a1501646912"},"breadcrumb":{"@id":"https:\/\/www.mines-stetienne.fr\/panoramines\/2021\/11\/15\/une-video-en-realite-augmentee-pour-lutter-contre-les-violences-sexistes-et-sexuelles\/#breadcrumb"},"inLanguage":"fr-FR","potentialAction":[{"@type":"ReadAction","target":["https:\/\/www.mines-stetienne.fr\/panoramines\/2021\/11\/15\/une-video-en-realite-augmentee-pour-lutter-contre-les-violences-sexistes-et-sexuelles\/"]}]},{"@type":"ImageObject","inLanguage":"fr-FR","@id":"https:\/\/www.mines-stetienne.fr\/panoramines\/2021\/11\/15\/une-video-en-realite-augmentee-pour-lutter-contre-les-violences-sexistes-et-sexuelles\/#primaryimage","url":"https:\/\/www.mines-stetienne.fr\/panoramines\/wp-content\/uploads\/sites\/3\/2021\/11\/Soiree-lancement-video-realite-augmentee-VSS-scaled-e1636462658997.jpg","contentUrl":"https:\/\/www.mines-stetienne.fr\/panoramines\/wp-content\/uploads\/sites\/3\/2021\/11\/Soiree-lancement-video-realite-augmentee-VSS-scaled-e1636462658997.jpg","width":1920,"height":1772},{"@type":"BreadcrumbList","@id":"https:\/\/www.mines-stetienne.fr\/panoramines\/2021\/11\/15\/une-video-en-realite-augmentee-pour-lutter-contre-les-violences-sexistes-et-sexuelles\/#breadcrumb","itemListElement":[{"@type":"ListItem","position":1,"name":"Accueil","item":"https:\/\/www.mines-stetienne.fr\/panoramines\/"},{"@type":"ListItem","position":2,"name":"Une vid\u00e9o en r\u00e9alit\u00e9 augment\u00e9e pour lutter contre les violences sexistes et sexuelles"}]},{"@type":"WebSite","@id":"https:\/\/www.mines-stetienne.fr\/panoramines\/#website","url":"https:\/\/www.mines-stetienne.fr\/panoramines\/","name":"Panoramines","description":"Panoramines, l\u2019actualit\u00e9 de MINES Saint-\u00c9tienne","potentialAction":[{"@type":"SearchAction","target":{"@type":"EntryPoint","urlTemplate":"https:\/\/www.mines-stetienne.fr\/panoramines\/?s={search_term_string}"},"query-input":{"@type":"PropertyValueSpecification","valueRequired":true,"valueName":"search_term_string"}}],"inLanguage":"fr-FR"},{"@type":"Person","@id":"https:\/\/www.mines-stetienne.fr\/panoramines\/#\/schema\/person\/f93b3567fe25af690eb69a1501646912","name":"CORTES Lucas","image":{"@type":"ImageObject","inLanguage":"fr-FR","@id":"https:\/\/www.mines-stetienne.fr\/panoramines\/wp-content\/uploads\/sites\/3\/2021\/07\/logo-75x75-1.png","url":"https:\/\/www.mines-stetienne.fr\/panoramines\/wp-content\/uploads\/sites\/3\/2021\/07\/logo-75x75-1.png","contentUrl":"https:\/\/www.mines-stetienne.fr\/panoramines\/wp-content\/uploads\/sites\/3\/2021\/07\/logo-75x75-1.png","caption":"CORTES Lucas"},"url":"https:\/\/www.mines-stetienne.fr\/panoramines\/author\/lucas-cortes\/"}]}},"_links":{"self":[{"href":"https:\/\/www.mines-stetienne.fr\/panoramines\/wp-json\/wp\/v2\/posts\/23425","targetHints":{"allow":["GET"]}}],"collection":[{"href":"https:\/\/www.mines-stetienne.fr\/panoramines\/wp-json\/wp\/v2\/posts"}],"about":[{"href":"https:\/\/www.mines-stetienne.fr\/panoramines\/wp-json\/wp\/v2\/types\/post"}],"author":[{"embeddable":true,"href":"https:\/\/www.mines-stetienne.fr\/panoramines\/wp-json\/wp\/v2\/users\/6823"}],"replies":[{"embeddable":true,"href":"https:\/\/www.mines-stetienne.fr\/panoramines\/wp-json\/wp\/v2\/comments?post=23425"}],"version-history":[{"count":28,"href":"https:\/\/www.mines-stetienne.fr\/panoramines\/wp-json\/wp\/v2\/posts\/23425\/revisions"}],"predecessor-version":[{"id":23531,"href":"https:\/\/www.mines-stetienne.fr\/panoramines\/wp-json\/wp\/v2\/posts\/23425\/revisions\/23531"}],"wp:featuredmedia":[{"embeddable":true,"href":"https:\/\/www.mines-stetienne.fr\/panoramines\/wp-json\/wp\/v2\/media\/23498"}],"wp:attachment":[{"href":"https:\/\/www.mines-stetienne.fr\/panoramines\/wp-json\/wp\/v2\/media?parent=23425"}],"wp:term":[{"taxonomy":"category","embeddable":true,"href":"https:\/\/www.mines-stetienne.fr\/panoramines\/wp-json\/wp\/v2\/categories?post=23425"},{"taxonomy":"post_tag","embeddable":true,"href":"https:\/\/www.mines-stetienne.fr\/panoramines\/wp-json\/wp\/v2\/tags?post=23425"}],"curies":[{"name":"wp","href":"https:\/\/api.w.org\/{rel}","templated":true}]}}