{"id":23349,"date":"2021-09-29T09:22:49","date_gmt":"2021-09-29T07:22:49","guid":{"rendered":"https:\/\/www.mines-stetienne.fr\/panoramines\/?p=23349"},"modified":"2021-09-29T09:22:51","modified_gmt":"2021-09-29T07:22:51","slug":"une-participation-record-au-congres-ieee-case-2021","status":"publish","type":"post","link":"https:\/\/www.mines-stetienne.fr\/panoramines\/2021\/09\/29\/une-participation-record-au-congres-ieee-case-2021\/","title":{"rendered":"Une participation record au congr\u00e8s IEEE CASE 2021"},"content":{"rendered":"\n<h2 class=\"wp-block-heading\"><strong><strong><strong>Du 23 au 27 ao\u00fbt 2021 \u00e0 Lyon, <a href=\"https:\/\/www.mines-stetienne.fr\/\" target=\"_blank\" rel=\"noreferrer noopener\">Mines Saint-Etienne<\/a> a organis\u00e9 la \u00ab\u00a0<a href=\"https:\/\/case2021.sciencesconf.org\/\" target=\"_blank\" rel=\"noreferrer noopener\">IEEE 17th International Conference on Automation Science and Engineering<\/a>\u00a0\u00bb. Une semaine autour du th\u00e8me de \u00ab\u00a0Data Driven Automation\u00a0\u00bb en format hybride et un record de participants (555 dont 170 en pr\u00e9sentiel).<\/strong><\/strong><\/strong><\/h2>\n\n\n\n<div class=\"wp-block-image\"><figure class=\"alignleft size-large is-resized\"><img loading=\"lazy\" decoding=\"async\" src=\"https:\/\/www.mines-stetienne.fr\/panoramines\/wp-content\/uploads\/sites\/3\/2021\/09\/4keynotes-1024x687.jpg\" alt=\"\" class=\"wp-image-23352\" width=\"196\" height=\"131\" srcset=\"https:\/\/www.mines-stetienne.fr\/panoramines\/wp-content\/uploads\/sites\/3\/2021\/09\/4keynotes-1024x687.jpg 1024w, https:\/\/www.mines-stetienne.fr\/panoramines\/wp-content\/uploads\/sites\/3\/2021\/09\/4keynotes-300x201.jpg 300w, https:\/\/www.mines-stetienne.fr\/panoramines\/wp-content\/uploads\/sites\/3\/2021\/09\/4keynotes-768x515.jpg 768w, https:\/\/www.mines-stetienne.fr\/panoramines\/wp-content\/uploads\/sites\/3\/2021\/09\/4keynotes-1536x1030.jpg 1536w, https:\/\/www.mines-stetienne.fr\/panoramines\/wp-content\/uploads\/sites\/3\/2021\/09\/4keynotes-750x505.jpg 750w, https:\/\/www.mines-stetienne.fr\/panoramines\/wp-content\/uploads\/sites\/3\/2021\/09\/4keynotes.jpg 2000w\" sizes=\"auto, (max-width: 196px) 100vw, 196px\" \/><\/figure><\/div>\n\n\n\n<p><a href=\"https:\/\/www.ieee-ras.org\/\" target=\"_blank\" rel=\"noreferrer noopener\">L\u2019IEEE<\/a> CASE avait lieu pour la premi\u00e8re fois en France \u00e0 Lyon. Cet \u00e9v\u00e9nement constitue chaque ann\u00e9e le principal forum international de recherche en automatisation. L\u2019ambition est de favoriser la valorisation de la recherche, le transfert de technologies et la promotion du territoire en accueillant durant une semaine congressistes fran\u00e7ais et internationaux.<\/p>\n\n\n\n<p>Le congr\u00e8s de cette ann\u00e9e couvrait les th\u00e9matiques phares des sciences et des technologies d\u2019automatisation dans tous les secteurs de la soci\u00e9t\u00e9\u00a0: production soutenable, sant\u00e9 num\u00e9rique, ville intelligente, logistique, homme dans l\u2019automatisation, sciences de donn\u00e9es, I.A, robotique industrielle \u2026 Et pour cette 1\u00e8re \u00e9dition en format hybride, une participation (555 participants de 40 pays diff\u00e9rents) et un nombre record de soumissions (629 dont 33 propositions de sessions sp\u00e9ciales, 5 workshops et 591 articles) ont \u00e9t\u00e9 enregistr\u00e9s.<\/p>\n\n\n\n<h3 class=\"wp-block-heading\"><strong>L\u2019\u00e9dition 2021 en chiffres<\/strong><\/h3>\n\n\n\n<ul class=\"wp-block-list\"><li>435 articles dans 11 sessions parall\u00e8les (Chine 95, \u00c9tats-Unis 88, Allemagne 51, France 46, Italie 22, Japon 19, Su\u00e8de 13, Taiwan 12, Cor\u00e9e du Sud 11, Royaume-Uni 9, \u2026)<\/li><li>555 participants de 40 pays diff\u00e9rents<\/li><li>Pr\u00e8s de 170 congressistes pr\u00e9sents \u00e0 Lyon<\/li><li>5 workshops sur des sujets d\u2019actualit\u00e9 en automatisation bas\u00e9e sur les donn\u00e9es<\/li><li>1 table ronde industrielle (<em>Industry Panel<\/em>) en pr\u00e9sence de St Microelectronics, Heva, La Ruche industrielle, Alibaba group, Amazon et Schneider Electric<\/li><li>Plusieurs sessions industrielles (d\u00e9di\u00e9es IRD)<\/li><li>2 visites techniques : SNCF-Technicentre et Volvo Trucks<\/li><li>2 activit\u00e9s organis\u00e9es par le Comit\u00e9 \u00e9tudiant (\u00ab Lunch with leaders \u00bb et \u00ab Women &amp; Young professionals in engineering \u00bb)<\/li><li>4 prix sp\u00e9ciaux d\u00e9cern\u00e9s (meilleur article, meilleur article \u00e9tudiant, meilleur article sur les applications, meilleur article sur l\u2019automatisation des soins de sant\u00e9)<\/li><\/ul>\n\n\n\n<div class=\"wp-block-image\"><figure class=\"alignleft size-large is-resized\"><img loading=\"lazy\" decoding=\"async\" src=\"https:\/\/www.mines-stetienne.fr\/panoramines\/wp-content\/uploads\/sites\/3\/2021\/09\/AbbayeCollonges-1024x688.jpg\" alt=\"\" class=\"wp-image-23355\" width=\"226\" height=\"150\" \/><\/figure><\/div>\n\n\n\n<p>Des temps conviviaux ont \u00e9t\u00e9 \u00e9galement propos\u00e9s aux participants qui ont \u00e9t\u00e9 chaleureusement accueillis dans les salons de l\u2019H\u00f4tel de ville pour la \u00ab\u00a0Welcome reception\u00a0\u00bb. Par la suite, le traditionnel banquet s\u2019est d\u00e9roul\u00e9 \u00e0 l\u2019Abbaye de Collonge et la c\u00e9r\u00e9monie de cl\u00f4ture a fait voguer les congressistes entre Rh\u00f4ne et Sa\u00f4ne.<\/p>\n\n\n\n<p><\/p>\n\n\n\n<p><\/p>\n\n\n\n<p><\/p>\n\n\n\n<h3 class=\"wp-block-heading\">Une conf\u00e9rence internationale de haut niveau<\/h3>\n\n\n\n<p>Avec pour th\u00e8me phare la \u00ab&nbsp;Data Driven Automation&nbsp;\u00bb, <a href=\"https:\/\/case2021.sciencesconf.org\/\" target=\"_blank\" rel=\"noreferrer noopener\">l\u2019IEEE CASE 2021<\/a> a permis une v\u00e9ritable exp\u00e9rience de conf\u00e9rence avec des \u00e9changes en face \u00e0 face et un riche programme social. L\u2019\u00ab&nbsp;Automatisation bas\u00e9e sur les donn\u00e9es&nbsp;\u00bb \u00e9tait au c\u0153ur de ces \u00e9changes et des pr\u00e9sentations. Ces domaines d\u2019innovations r\u00e9pondent aux enjeux de notre soci\u00e9t\u00e9&nbsp;: technologies, num\u00e9riques, organisationnels, humains, environnementaux. Chercheurs, experts, industriels travaillent au d\u00e9cloisonnement de leurs travaux pour mettre les sciences de l\u2019ing\u00e9nieur au service des applications multidisciplinaires que permet ce type de congr\u00e8s.<\/p>\n\n\n\n<figure class=\"wp-block-gallery columns-3 is-cropped wp-block-gallery-2 is-layout-flex wp-block-gallery-is-layout-flex\"><ul class=\"blocks-gallery-grid\"><li class=\"blocks-gallery-item\"><figure><img loading=\"lazy\" decoding=\"async\" width=\"1024\" height=\"683\" src=\"https:\/\/www.mines-stetienne.fr\/panoramines\/wp-content\/uploads\/sites\/3\/2021\/09\/ieeeCase_Accueil-1024x683.jpg\" alt=\"\" data-id=\"23356\" data-full-url=\"https:\/\/www.mines-stetienne.fr\/panoramines\/wp-content\/uploads\/sites\/3\/2021\/09\/ieeeCase_Accueil.jpg\" data-link=\"https:\/\/www.mines-stetienne.fr\/panoramines\/?attachment_id=23356\" class=\"wp-image-23356\" srcset=\"https:\/\/www.mines-stetienne.fr\/panoramines\/wp-content\/uploads\/sites\/3\/2021\/09\/ieeeCase_Accueil-1024x683.jpg 1024w, https:\/\/www.mines-stetienne.fr\/panoramines\/wp-content\/uploads\/sites\/3\/2021\/09\/ieeeCase_Accueil-300x200.jpg 300w, https:\/\/www.mines-stetienne.fr\/panoramines\/wp-content\/uploads\/sites\/3\/2021\/09\/ieeeCase_Accueil-768x512.jpg 768w, https:\/\/www.mines-stetienne.fr\/panoramines\/wp-content\/uploads\/sites\/3\/2021\/09\/ieeeCase_Accueil-1536x1025.jpg 1536w, https:\/\/www.mines-stetienne.fr\/panoramines\/wp-content\/uploads\/sites\/3\/2021\/09\/ieeeCase_Accueil-2048x1366.jpg 2048w\" sizes=\"auto, (max-width: 1024px) 100vw, 1024px\" \/><\/figure><\/li><li class=\"blocks-gallery-item\"><figure><img loading=\"lazy\" decoding=\"async\" width=\"1024\" height=\"674\" src=\"https:\/\/www.mines-stetienne.fr\/panoramines\/wp-content\/uploads\/sites\/3\/2021\/09\/210823-_ieeeCase21-1024x674.jpg\" alt=\"\" data-id=\"23353\" data-full-url=\"https:\/\/www.mines-stetienne.fr\/panoramines\/wp-content\/uploads\/sites\/3\/2021\/09\/210823-_ieeeCase21.jpg\" data-link=\"https:\/\/www.mines-stetienne.fr\/panoramines\/?attachment_id=23353\" class=\"wp-image-23353\" srcset=\"https:\/\/www.mines-stetienne.fr\/panoramines\/wp-content\/uploads\/sites\/3\/2021\/09\/210823-_ieeeCase21-1024x674.jpg 1024w, https:\/\/www.mines-stetienne.fr\/panoramines\/wp-content\/uploads\/sites\/3\/2021\/09\/210823-_ieeeCase21-300x197.jpg 300w, https:\/\/www.mines-stetienne.fr\/panoramines\/wp-content\/uploads\/sites\/3\/2021\/09\/210823-_ieeeCase21-768x505.jpg 768w, https:\/\/www.mines-stetienne.fr\/panoramines\/wp-content\/uploads\/sites\/3\/2021\/09\/210823-_ieeeCase21-1536x1011.jpg 1536w, https:\/\/www.mines-stetienne.fr\/panoramines\/wp-content\/uploads\/sites\/3\/2021\/09\/210823-_ieeeCase21-2048x1348.jpg 2048w, https:\/\/www.mines-stetienne.fr\/panoramines\/wp-content\/uploads\/sites\/3\/2021\/09\/210823-_ieeeCase21-350x230.jpg 350w\" sizes=\"auto, (max-width: 1024px) 100vw, 1024px\" \/><\/figure><\/li><li class=\"blocks-gallery-item\"><figure><img loading=\"lazy\" decoding=\"async\" width=\"1024\" height=\"677\" src=\"https:\/\/www.mines-stetienne.fr\/panoramines\/wp-content\/uploads\/sites\/3\/2021\/09\/IndustryPanel-1024x677.jpg\" alt=\"\" data-id=\"23357\" data-full-url=\"https:\/\/www.mines-stetienne.fr\/panoramines\/wp-content\/uploads\/sites\/3\/2021\/09\/IndustryPanel.jpg\" data-link=\"https:\/\/www.mines-stetienne.fr\/panoramines\/?attachment_id=23357\" class=\"wp-image-23357\" srcset=\"https:\/\/www.mines-stetienne.fr\/panoramines\/wp-content\/uploads\/sites\/3\/2021\/09\/IndustryPanel-1024x677.jpg 1024w, https:\/\/www.mines-stetienne.fr\/panoramines\/wp-content\/uploads\/sites\/3\/2021\/09\/IndustryPanel-300x198.jpg 300w, https:\/\/www.mines-stetienne.fr\/panoramines\/wp-content\/uploads\/sites\/3\/2021\/09\/IndustryPanel-768x508.jpg 768w, https:\/\/www.mines-stetienne.fr\/panoramines\/wp-content\/uploads\/sites\/3\/2021\/09\/IndustryPanel-1536x1016.jpg 1536w, https:\/\/www.mines-stetienne.fr\/panoramines\/wp-content\/uploads\/sites\/3\/2021\/09\/IndustryPanel-2048x1354.jpg 2048w, https:\/\/www.mines-stetienne.fr\/panoramines\/wp-content\/uploads\/sites\/3\/2021\/09\/IndustryPanel-350x230.jpg 350w\" sizes=\"auto, (max-width: 1024px) 100vw, 1024px\" \/><\/figure><\/li><\/ul><\/figure>\n\n\n\n<h3 class=\"wp-block-heading\"><strong>4 <em>Keynote Speakers<\/em> renomm\u00e9s pour les conf\u00e9rences pl\u00e9ni\u00e8res<\/strong><\/h3>\n\n\n\n<p><strong>Jean-Bernard LASSERE<\/strong>, Directeur de Recherche emeritus, LAAS-CNRS<\/p>\n\n\n\n<p><strong>Doroles ROMERO MORALES<\/strong>, Professeur en Recherche op\u00e9rationnelle, Copenhagen Business School<\/p>\n\n\n\n<p><strong>Dr Jianjun SHI<\/strong>, Carolyn J. Stewart, Professeur in the H. Milton Stewart School of Industrial and Systems Engineering, Georgia Institute of Technology, Membre de la \u2018National Academy of Engineering\u2019 des Etats-Unis<\/p>\n\n\n\n<p><strong>Philippe VIALLETELLE<\/strong>, Ing\u00e9nieur de recherche, STMicroelectronics, Crolles<\/p>\n\n\n\n<hr class=\"wp-block-separator is-style-wide\" \/>\n\n\n\n<p><em>IEEE CASE 2021 a b\u00e9n\u00e9fici\u00e9 du soutien financier de l\u2019IMT, du Conseil r\u00e9gional Auvergne Rh\u00f4ne-Alpes, du laboratoire LIMOS, de la M\u00e9tropole de Lyon, de l\u2019INSA de Lyon et de plusieurs sponsorings scientifiques\u00a0: Roadef, GdR Macs, GdR Recherche op\u00e9rationnelle et de la Sagip.<\/em><\/p>\n","protected":false},"excerpt":{"rendered":"<p>Du 23 au 27 ao\u00fbt 2021 \u00e0 Lyon, Mines Saint-Etienne a organis\u00e9 la \u00ab\u00a0IEEE 17th International Conference on Automation Science and Engineering\u00a0\u00bb. Une semaine autour du th\u00e8me de \u00ab\u00a0Data Driven Automation\u00a0\u00bb en format hybride et un record de participants (555 &hellip;<\/p>\n","protected":false},"author":6823,"featured_media":23354,"comment_status":"closed","ping_status":"open","sticky":false,"template":"","format":"standard","meta":{"_relevanssi_hide_post":"","_relevanssi_hide_content":"","_relevanssi_pin_for_all":"","_relevanssi_pin_keywords":"","_relevanssi_unpin_keywords":"","_relevanssi_related_keywords":"","_relevanssi_related_include_ids":"","_relevanssi_related_exclude_ids":"","_relevanssi_related_no_append":"","_relevanssi_related_not_related":"","_relevanssi_related_posts":"","_relevanssi_noindex_reason":"","footnotes":""},"categories":[14],"tags":[748,712,710,272,167,747,746,90,197,77],"class_list":["post-23349","post","type-post","status-publish","format-standard","has-post-thumbnail","hentry","category-recherche","tag-automatisation","tag-case","tag-chercheurs","tag-cis","tag-cmp","tag-conference-internationale","tag-ieee","tag-institut-fayol","tag-iot","tag-numerique"],"pp_statuses_selecting_workflow":false,"pp_workflow_action":"current","pp_status_selection":"publish","pp_force_visibility":null,"pp_subpost_visibility":null,"pp_inherited_force_visibility":null,"pp_inherited_subpost_visibility":null,"yoast_head":"<!-- This site is optimized with the Yoast SEO plugin v27.4 - https:\/\/yoast.com\/product\/yoast-seo-wordpress\/ -->\n<title>Une participation record au congr\u00e8s IEEE CASE 2021 - Panoramines<\/title>\n<meta name=\"robots\" content=\"index, follow, max-snippet:-1, max-image-preview:large, max-video-preview:-1\" \/>\n<link rel=\"canonical\" href=\"https:\/\/www.mines-stetienne.fr\/panoramines\/2021\/09\/29\/une-participation-record-au-congres-ieee-case-2021\/\" \/>\n<meta property=\"og:locale\" content=\"fr_FR\" \/>\n<meta property=\"og:type\" content=\"article\" \/>\n<meta property=\"og:title\" content=\"Une participation record au congr\u00e8s IEEE CASE 2021 - Panoramines\" \/>\n<meta property=\"og:description\" content=\"Du 23 au 27 ao\u00fbt 2021 \u00e0 Lyon, Mines Saint-Etienne a organis\u00e9 la \u00ab\u00a0IEEE 17th International Conference on Automation Science and Engineering\u00a0\u00bb. Une semaine autour du th\u00e8me de \u00ab\u00a0Data Driven Automation\u00a0\u00bb en format hybride et un record de participants (555 &hellip;\" \/>\n<meta property=\"og:url\" content=\"https:\/\/www.mines-stetienne.fr\/panoramines\/2021\/09\/29\/une-participation-record-au-congres-ieee-case-2021\/\" \/>\n<meta property=\"og:site_name\" content=\"Panoramines\" \/>\n<meta property=\"article:published_time\" content=\"2021-09-29T07:22:49+00:00\" \/>\n<meta property=\"article:modified_time\" content=\"2021-09-29T07:22:51+00:00\" \/>\n<meta property=\"og:image\" content=\"https:\/\/www.mines-stetienne.fr\/panoramines\/wp-content\/uploads\/sites\/3\/2021\/09\/210824_Opening.jpg\" \/>\n\t<meta property=\"og:image:width\" content=\"2500\" \/>\n\t<meta property=\"og:image:height\" content=\"1667\" \/>\n\t<meta property=\"og:image:type\" content=\"image\/jpeg\" \/>\n<meta name=\"author\" content=\"CORTES Lucas\" \/>\n<meta name=\"twitter:card\" content=\"summary_large_image\" \/>\n<meta name=\"twitter:label1\" content=\"\u00c9crit par\" \/>\n\t<meta name=\"twitter:data1\" content=\"CORTES Lucas\" \/>\n\t<meta name=\"twitter:label2\" content=\"Dur\u00e9e de lecture estim\u00e9e\" \/>\n\t<meta name=\"twitter:data2\" content=\"4 minutes\" \/>\n<script type=\"application\/ld+json\" class=\"yoast-schema-graph\">{\"@context\":\"https:\\\/\\\/schema.org\",\"@graph\":[{\"@type\":\"Article\",\"@id\":\"https:\\\/\\\/www.mines-stetienne.fr\\\/panoramines\\\/2021\\\/09\\\/29\\\/une-participation-record-au-congres-ieee-case-2021\\\/#article\",\"isPartOf\":{\"@id\":\"https:\\\/\\\/www.mines-stetienne.fr\\\/panoramines\\\/2021\\\/09\\\/29\\\/une-participation-record-au-congres-ieee-case-2021\\\/\"},\"author\":{\"name\":\"CORTES Lucas\",\"@id\":\"https:\\\/\\\/www.mines-stetienne.fr\\\/panoramines\\\/#\\\/schema\\\/person\\\/f93b3567fe25af690eb69a1501646912\"},\"headline\":\"Une participation record au congr\u00e8s IEEE CASE 2021\",\"datePublished\":\"2021-09-29T07:22:49+00:00\",\"dateModified\":\"2021-09-29T07:22:51+00:00\",\"mainEntityOfPage\":{\"@id\":\"https:\\\/\\\/www.mines-stetienne.fr\\\/panoramines\\\/2021\\\/09\\\/29\\\/une-participation-record-au-congres-ieee-case-2021\\\/\"},\"wordCount\":603,\"image\":{\"@id\":\"https:\\\/\\\/www.mines-stetienne.fr\\\/panoramines\\\/2021\\\/09\\\/29\\\/une-participation-record-au-congres-ieee-case-2021\\\/#primaryimage\"},\"thumbnailUrl\":\"https:\\\/\\\/www.mines-stetienne.fr\\\/panoramines\\\/wp-content\\\/uploads\\\/sites\\\/3\\\/2021\\\/09\\\/210824_Opening.jpg\",\"keywords\":[\"Automatisation\",\"CASE\",\"Chercheurs\",\"CIS\",\"CMP\",\"Conf\u00e9rence internationale\",\"IEEE\",\"Institut Fayol\",\"IoT\",\"Num\u00e9rique\"],\"articleSection\":[\"Recherche\"],\"inLanguage\":\"fr-FR\"},{\"@type\":\"WebPage\",\"@id\":\"https:\\\/\\\/www.mines-stetienne.fr\\\/panoramines\\\/2021\\\/09\\\/29\\\/une-participation-record-au-congres-ieee-case-2021\\\/\",\"url\":\"https:\\\/\\\/www.mines-stetienne.fr\\\/panoramines\\\/2021\\\/09\\\/29\\\/une-participation-record-au-congres-ieee-case-2021\\\/\",\"name\":\"Une participation record au congr\u00e8s IEEE CASE 2021 - Panoramines\",\"isPartOf\":{\"@id\":\"https:\\\/\\\/www.mines-stetienne.fr\\\/panoramines\\\/#website\"},\"primaryImageOfPage\":{\"@id\":\"https:\\\/\\\/www.mines-stetienne.fr\\\/panoramines\\\/2021\\\/09\\\/29\\\/une-participation-record-au-congres-ieee-case-2021\\\/#primaryimage\"},\"image\":{\"@id\":\"https:\\\/\\\/www.mines-stetienne.fr\\\/panoramines\\\/2021\\\/09\\\/29\\\/une-participation-record-au-congres-ieee-case-2021\\\/#primaryimage\"},\"thumbnailUrl\":\"https:\\\/\\\/www.mines-stetienne.fr\\\/panoramines\\\/wp-content\\\/uploads\\\/sites\\\/3\\\/2021\\\/09\\\/210824_Opening.jpg\",\"datePublished\":\"2021-09-29T07:22:49+00:00\",\"dateModified\":\"2021-09-29T07:22:51+00:00\",\"author\":{\"@id\":\"https:\\\/\\\/www.mines-stetienne.fr\\\/panoramines\\\/#\\\/schema\\\/person\\\/f93b3567fe25af690eb69a1501646912\"},\"breadcrumb\":{\"@id\":\"https:\\\/\\\/www.mines-stetienne.fr\\\/panoramines\\\/2021\\\/09\\\/29\\\/une-participation-record-au-congres-ieee-case-2021\\\/#breadcrumb\"},\"inLanguage\":\"fr-FR\",\"potentialAction\":[{\"@type\":\"ReadAction\",\"target\":[\"https:\\\/\\\/www.mines-stetienne.fr\\\/panoramines\\\/2021\\\/09\\\/29\\\/une-participation-record-au-congres-ieee-case-2021\\\/\"]}]},{\"@type\":\"ImageObject\",\"inLanguage\":\"fr-FR\",\"@id\":\"https:\\\/\\\/www.mines-stetienne.fr\\\/panoramines\\\/2021\\\/09\\\/29\\\/une-participation-record-au-congres-ieee-case-2021\\\/#primaryimage\",\"url\":\"https:\\\/\\\/www.mines-stetienne.fr\\\/panoramines\\\/wp-content\\\/uploads\\\/sites\\\/3\\\/2021\\\/09\\\/210824_Opening.jpg\",\"contentUrl\":\"https:\\\/\\\/www.mines-stetienne.fr\\\/panoramines\\\/wp-content\\\/uploads\\\/sites\\\/3\\\/2021\\\/09\\\/210824_Opening.jpg\",\"width\":2500,\"height\":1667},{\"@type\":\"BreadcrumbList\",\"@id\":\"https:\\\/\\\/www.mines-stetienne.fr\\\/panoramines\\\/2021\\\/09\\\/29\\\/une-participation-record-au-congres-ieee-case-2021\\\/#breadcrumb\",\"itemListElement\":[{\"@type\":\"ListItem\",\"position\":1,\"name\":\"Accueil\",\"item\":\"https:\\\/\\\/www.mines-stetienne.fr\\\/panoramines\\\/\"},{\"@type\":\"ListItem\",\"position\":2,\"name\":\"Une participation record au congr\u00e8s IEEE CASE 2021\"}]},{\"@type\":\"WebSite\",\"@id\":\"https:\\\/\\\/www.mines-stetienne.fr\\\/panoramines\\\/#website\",\"url\":\"https:\\\/\\\/www.mines-stetienne.fr\\\/panoramines\\\/\",\"name\":\"Panoramines\",\"description\":\"Panoramines, l\u2019actualit\u00e9 de MINES Saint-\u00c9tienne\",\"potentialAction\":[{\"@type\":\"SearchAction\",\"target\":{\"@type\":\"EntryPoint\",\"urlTemplate\":\"https:\\\/\\\/www.mines-stetienne.fr\\\/panoramines\\\/?s={search_term_string}\"},\"query-input\":{\"@type\":\"PropertyValueSpecification\",\"valueRequired\":true,\"valueName\":\"search_term_string\"}}],\"inLanguage\":\"fr-FR\"},{\"@type\":\"Person\",\"@id\":\"https:\\\/\\\/www.mines-stetienne.fr\\\/panoramines\\\/#\\\/schema\\\/person\\\/f93b3567fe25af690eb69a1501646912\",\"name\":\"CORTES Lucas\",\"image\":{\"@type\":\"ImageObject\",\"inLanguage\":\"fr-FR\",\"@id\":\"https:\\\/\\\/www.mines-stetienne.fr\\\/panoramines\\\/wp-content\\\/uploads\\\/sites\\\/3\\\/2021\\\/07\\\/logo-75x75-1.png\",\"url\":\"https:\\\/\\\/www.mines-stetienne.fr\\\/panoramines\\\/wp-content\\\/uploads\\\/sites\\\/3\\\/2021\\\/07\\\/logo-75x75-1.png\",\"contentUrl\":\"https:\\\/\\\/www.mines-stetienne.fr\\\/panoramines\\\/wp-content\\\/uploads\\\/sites\\\/3\\\/2021\\\/07\\\/logo-75x75-1.png\",\"caption\":\"CORTES Lucas\"},\"url\":\"https:\\\/\\\/www.mines-stetienne.fr\\\/panoramines\\\/author\\\/lucas-cortes\\\/\"}]}<\/script>\n<!-- \/ Yoast SEO plugin. -->","yoast_head_json":{"title":"Une participation record au congr\u00e8s IEEE CASE 2021 - Panoramines","robots":{"index":"index","follow":"follow","max-snippet":"max-snippet:-1","max-image-preview":"max-image-preview:large","max-video-preview":"max-video-preview:-1"},"canonical":"https:\/\/www.mines-stetienne.fr\/panoramines\/2021\/09\/29\/une-participation-record-au-congres-ieee-case-2021\/","og_locale":"fr_FR","og_type":"article","og_title":"Une participation record au congr\u00e8s IEEE CASE 2021 - Panoramines","og_description":"Du 23 au 27 ao\u00fbt 2021 \u00e0 Lyon, Mines Saint-Etienne a organis\u00e9 la \u00ab\u00a0IEEE 17th International Conference on Automation Science and Engineering\u00a0\u00bb. Une semaine autour du th\u00e8me de \u00ab\u00a0Data Driven Automation\u00a0\u00bb en format hybride et un record de participants (555 &hellip;","og_url":"https:\/\/www.mines-stetienne.fr\/panoramines\/2021\/09\/29\/une-participation-record-au-congres-ieee-case-2021\/","og_site_name":"Panoramines","article_published_time":"2021-09-29T07:22:49+00:00","article_modified_time":"2021-09-29T07:22:51+00:00","og_image":[{"width":2500,"height":1667,"url":"https:\/\/www.mines-stetienne.fr\/panoramines\/wp-content\/uploads\/sites\/3\/2021\/09\/210824_Opening.jpg","type":"image\/jpeg"}],"author":"CORTES Lucas","twitter_card":"summary_large_image","twitter_misc":{"\u00c9crit par":"CORTES Lucas","Dur\u00e9e de lecture estim\u00e9e":"4 minutes"},"schema":{"@context":"https:\/\/schema.org","@graph":[{"@type":"Article","@id":"https:\/\/www.mines-stetienne.fr\/panoramines\/2021\/09\/29\/une-participation-record-au-congres-ieee-case-2021\/#article","isPartOf":{"@id":"https:\/\/www.mines-stetienne.fr\/panoramines\/2021\/09\/29\/une-participation-record-au-congres-ieee-case-2021\/"},"author":{"name":"CORTES Lucas","@id":"https:\/\/www.mines-stetienne.fr\/panoramines\/#\/schema\/person\/f93b3567fe25af690eb69a1501646912"},"headline":"Une participation record au congr\u00e8s IEEE CASE 2021","datePublished":"2021-09-29T07:22:49+00:00","dateModified":"2021-09-29T07:22:51+00:00","mainEntityOfPage":{"@id":"https:\/\/www.mines-stetienne.fr\/panoramines\/2021\/09\/29\/une-participation-record-au-congres-ieee-case-2021\/"},"wordCount":603,"image":{"@id":"https:\/\/www.mines-stetienne.fr\/panoramines\/2021\/09\/29\/une-participation-record-au-congres-ieee-case-2021\/#primaryimage"},"thumbnailUrl":"https:\/\/www.mines-stetienne.fr\/panoramines\/wp-content\/uploads\/sites\/3\/2021\/09\/210824_Opening.jpg","keywords":["Automatisation","CASE","Chercheurs","CIS","CMP","Conf\u00e9rence internationale","IEEE","Institut Fayol","IoT","Num\u00e9rique"],"articleSection":["Recherche"],"inLanguage":"fr-FR"},{"@type":"WebPage","@id":"https:\/\/www.mines-stetienne.fr\/panoramines\/2021\/09\/29\/une-participation-record-au-congres-ieee-case-2021\/","url":"https:\/\/www.mines-stetienne.fr\/panoramines\/2021\/09\/29\/une-participation-record-au-congres-ieee-case-2021\/","name":"Une participation record au congr\u00e8s IEEE CASE 2021 - Panoramines","isPartOf":{"@id":"https:\/\/www.mines-stetienne.fr\/panoramines\/#website"},"primaryImageOfPage":{"@id":"https:\/\/www.mines-stetienne.fr\/panoramines\/2021\/09\/29\/une-participation-record-au-congres-ieee-case-2021\/#primaryimage"},"image":{"@id":"https:\/\/www.mines-stetienne.fr\/panoramines\/2021\/09\/29\/une-participation-record-au-congres-ieee-case-2021\/#primaryimage"},"thumbnailUrl":"https:\/\/www.mines-stetienne.fr\/panoramines\/wp-content\/uploads\/sites\/3\/2021\/09\/210824_Opening.jpg","datePublished":"2021-09-29T07:22:49+00:00","dateModified":"2021-09-29T07:22:51+00:00","author":{"@id":"https:\/\/www.mines-stetienne.fr\/panoramines\/#\/schema\/person\/f93b3567fe25af690eb69a1501646912"},"breadcrumb":{"@id":"https:\/\/www.mines-stetienne.fr\/panoramines\/2021\/09\/29\/une-participation-record-au-congres-ieee-case-2021\/#breadcrumb"},"inLanguage":"fr-FR","potentialAction":[{"@type":"ReadAction","target":["https:\/\/www.mines-stetienne.fr\/panoramines\/2021\/09\/29\/une-participation-record-au-congres-ieee-case-2021\/"]}]},{"@type":"ImageObject","inLanguage":"fr-FR","@id":"https:\/\/www.mines-stetienne.fr\/panoramines\/2021\/09\/29\/une-participation-record-au-congres-ieee-case-2021\/#primaryimage","url":"https:\/\/www.mines-stetienne.fr\/panoramines\/wp-content\/uploads\/sites\/3\/2021\/09\/210824_Opening.jpg","contentUrl":"https:\/\/www.mines-stetienne.fr\/panoramines\/wp-content\/uploads\/sites\/3\/2021\/09\/210824_Opening.jpg","width":2500,"height":1667},{"@type":"BreadcrumbList","@id":"https:\/\/www.mines-stetienne.fr\/panoramines\/2021\/09\/29\/une-participation-record-au-congres-ieee-case-2021\/#breadcrumb","itemListElement":[{"@type":"ListItem","position":1,"name":"Accueil","item":"https:\/\/www.mines-stetienne.fr\/panoramines\/"},{"@type":"ListItem","position":2,"name":"Une participation record au congr\u00e8s IEEE CASE 2021"}]},{"@type":"WebSite","@id":"https:\/\/www.mines-stetienne.fr\/panoramines\/#website","url":"https:\/\/www.mines-stetienne.fr\/panoramines\/","name":"Panoramines","description":"Panoramines, l\u2019actualit\u00e9 de MINES Saint-\u00c9tienne","potentialAction":[{"@type":"SearchAction","target":{"@type":"EntryPoint","urlTemplate":"https:\/\/www.mines-stetienne.fr\/panoramines\/?s={search_term_string}"},"query-input":{"@type":"PropertyValueSpecification","valueRequired":true,"valueName":"search_term_string"}}],"inLanguage":"fr-FR"},{"@type":"Person","@id":"https:\/\/www.mines-stetienne.fr\/panoramines\/#\/schema\/person\/f93b3567fe25af690eb69a1501646912","name":"CORTES Lucas","image":{"@type":"ImageObject","inLanguage":"fr-FR","@id":"https:\/\/www.mines-stetienne.fr\/panoramines\/wp-content\/uploads\/sites\/3\/2021\/07\/logo-75x75-1.png","url":"https:\/\/www.mines-stetienne.fr\/panoramines\/wp-content\/uploads\/sites\/3\/2021\/07\/logo-75x75-1.png","contentUrl":"https:\/\/www.mines-stetienne.fr\/panoramines\/wp-content\/uploads\/sites\/3\/2021\/07\/logo-75x75-1.png","caption":"CORTES Lucas"},"url":"https:\/\/www.mines-stetienne.fr\/panoramines\/author\/lucas-cortes\/"}]}},"_links":{"self":[{"href":"https:\/\/www.mines-stetienne.fr\/panoramines\/wp-json\/wp\/v2\/posts\/23349","targetHints":{"allow":["GET"]}}],"collection":[{"href":"https:\/\/www.mines-stetienne.fr\/panoramines\/wp-json\/wp\/v2\/posts"}],"about":[{"href":"https:\/\/www.mines-stetienne.fr\/panoramines\/wp-json\/wp\/v2\/types\/post"}],"author":[{"embeddable":true,"href":"https:\/\/www.mines-stetienne.fr\/panoramines\/wp-json\/wp\/v2\/users\/6823"}],"replies":[{"embeddable":true,"href":"https:\/\/www.mines-stetienne.fr\/panoramines\/wp-json\/wp\/v2\/comments?post=23349"}],"version-history":[{"count":15,"href":"https:\/\/www.mines-stetienne.fr\/panoramines\/wp-json\/wp\/v2\/posts\/23349\/revisions"}],"predecessor-version":[{"id":23371,"href":"https:\/\/www.mines-stetienne.fr\/panoramines\/wp-json\/wp\/v2\/posts\/23349\/revisions\/23371"}],"wp:featuredmedia":[{"embeddable":true,"href":"https:\/\/www.mines-stetienne.fr\/panoramines\/wp-json\/wp\/v2\/media\/23354"}],"wp:attachment":[{"href":"https:\/\/www.mines-stetienne.fr\/panoramines\/wp-json\/wp\/v2\/media?parent=23349"}],"wp:term":[{"taxonomy":"category","embeddable":true,"href":"https:\/\/www.mines-stetienne.fr\/panoramines\/wp-json\/wp\/v2\/categories?post=23349"},{"taxonomy":"post_tag","embeddable":true,"href":"https:\/\/www.mines-stetienne.fr\/panoramines\/wp-json\/wp\/v2\/tags?post=23349"}],"curies":[{"name":"wp","href":"https:\/\/api.w.org\/{rel}","templated":true}]}}