{"id":23231,"date":"2021-09-10T09:55:57","date_gmt":"2021-09-10T07:55:57","guid":{"rendered":"https:\/\/www.mines-stetienne.fr\/panoramines\/?p=23231"},"modified":"2021-09-29T14:55:35","modified_gmt":"2021-09-29T12:55:35","slug":"une-rentree-des-classes-marquee-par-le-retour-du-presentiel","status":"publish","type":"post","link":"https:\/\/www.mines-stetienne.fr\/panoramines\/2021\/09\/10\/une-rentree-des-classes-marquee-par-le-retour-du-presentiel\/","title":{"rendered":"Une rentr\u00e9e des classes marqu\u00e9e par le retour du pr\u00e9sentiel !"},"content":{"rendered":"\n<h3 class=\"wp-block-heading\">Fin ao\u00fbt, la qui\u00e9tude estivale de l&rsquo;\u00c9cole a \u00e9t\u00e9 troubl\u00e9e par un rituel ancestral, la rentr\u00e9e des classes. Le campus de Saint-Etienne s&rsquo;est r\u00e9veill\u00e9 en premier avec l&rsquo;accueil des nouveaux \u00e9tudiants ICM mardi 31 ao\u00fbt. Un jour plus tard, c&rsquo;est le campus Georges Charpak Provence qui a tronqu\u00e9 son calme ambiant pour la rentr\u00e9e des 3 niveaux du cycle ISMIN. Quant aux 2\u1d49 ann\u00e9e et 3\u1d49 ann\u00e9e ICM, ils sont rentr\u00e9s respectivement le jeudi 2 septembre et le mardi 7 septembre. Une rentr\u00e9e marqu\u00e9e par le retour des \u00e9tudiants en 100% pr\u00e9sentiel. Une fiert\u00e9 pour l&rsquo;\u00c9cole de revoir ses \u00e9tudiants arpenter ses couloirs.<\/h3>\n\n\n\n<h2 class=\"wp-block-heading\">Retour en images sur cette rentr\u00e9e<\/h2>\n\n\n\n<figure class=\"wp-block-gallery columns-3 is-cropped wp-block-gallery-2 is-layout-flex wp-block-gallery-is-layout-flex\"><ul class=\"blocks-gallery-grid\"><li class=\"blocks-gallery-item\"><figure><img loading=\"lazy\" decoding=\"async\" width=\"752\" height=\"560\" src=\"https:\/\/www.mines-stetienne.fr\/panoramines\/wp-content\/uploads\/sites\/3\/2021\/09\/Rentree-1A-ICM-2021-2.jpg\" alt=\"\" data-id=\"23233\" data-full-url=\"https:\/\/www.mines-stetienne.fr\/panoramines\/wp-content\/uploads\/sites\/3\/2021\/09\/Rentree-1A-ICM-2021-2.jpg\" data-link=\"https:\/\/www.mines-stetienne.fr\/panoramines\/rentree-1a-icm-2021-2\/\" class=\"wp-image-23233\" srcset=\"https:\/\/www.mines-stetienne.fr\/panoramines\/wp-content\/uploads\/sites\/3\/2021\/09\/Rentree-1A-ICM-2021-2.jpg 752w, https:\/\/www.mines-stetienne.fr\/panoramines\/wp-content\/uploads\/sites\/3\/2021\/09\/Rentree-1A-ICM-2021-2-300x223.jpg 300w\" sizes=\"auto, (max-width: 752px) 100vw, 752px\" \/><\/figure><\/li><li class=\"blocks-gallery-item\"><figure><img loading=\"lazy\" decoding=\"async\" width=\"960\" height=\"720\" src=\"https:\/\/www.mines-stetienne.fr\/panoramines\/wp-content\/uploads\/sites\/3\/2021\/09\/Rentree-1A-ICM-2021-3.jpg\" alt=\"\" data-id=\"23234\" data-full-url=\"https:\/\/www.mines-stetienne.fr\/panoramines\/wp-content\/uploads\/sites\/3\/2021\/09\/Rentree-1A-ICM-2021-3.jpg\" data-link=\"https:\/\/www.mines-stetienne.fr\/panoramines\/rentree-1a-icm-2021-3\/\" class=\"wp-image-23234\" srcset=\"https:\/\/www.mines-stetienne.fr\/panoramines\/wp-content\/uploads\/sites\/3\/2021\/09\/Rentree-1A-ICM-2021-3.jpg 960w, https:\/\/www.mines-stetienne.fr\/panoramines\/wp-content\/uploads\/sites\/3\/2021\/09\/Rentree-1A-ICM-2021-3-300x225.jpg 300w, https:\/\/www.mines-stetienne.fr\/panoramines\/wp-content\/uploads\/sites\/3\/2021\/09\/Rentree-1A-ICM-2021-3-768x576.jpg 768w\" sizes=\"auto, (max-width: 960px) 100vw, 960px\" \/><\/figure><\/li><li class=\"blocks-gallery-item\"><figure><img loading=\"lazy\" decoding=\"async\" width=\"756\" height=\"567\" src=\"https:\/\/www.mines-stetienne.fr\/panoramines\/wp-content\/uploads\/sites\/3\/2021\/09\/Rentree-1A-ICM-2021.jpg\" alt=\"\" data-id=\"23235\" data-full-url=\"https:\/\/www.mines-stetienne.fr\/panoramines\/wp-content\/uploads\/sites\/3\/2021\/09\/Rentree-1A-ICM-2021.jpg\" data-link=\"https:\/\/www.mines-stetienne.fr\/panoramines\/rentree-1a-icm-2021\/\" class=\"wp-image-23235\" srcset=\"https:\/\/www.mines-stetienne.fr\/panoramines\/wp-content\/uploads\/sites\/3\/2021\/09\/Rentree-1A-ICM-2021.jpg 756w, https:\/\/www.mines-stetienne.fr\/panoramines\/wp-content\/uploads\/sites\/3\/2021\/09\/Rentree-1A-ICM-2021-300x225.jpg 300w\" sizes=\"auto, (max-width: 756px) 100vw, 756px\" \/><\/figure><\/li><\/ul><figcaption class=\"blocks-gallery-caption\">Rentr\u00e9e des 139 nouveaux \u00e9tudiants ICM avec l&rsquo;intervention notamment de Pascal Ray, directeur de l&rsquo;\u00c9cole et Krzysztof Wolski, directeur des formations.<\/figcaption><\/figure>\n\n\n\n<p><\/p>\n\n\n\n<figure class=\"wp-block-gallery columns-2 is-cropped wp-block-gallery-3 is-layout-flex wp-block-gallery-is-layout-flex\"><ul class=\"blocks-gallery-grid\"><li class=\"blocks-gallery-item\"><figure><img loading=\"lazy\" decoding=\"async\" width=\"1024\" height=\"768\" src=\"https:\/\/www.mines-stetienne.fr\/panoramines\/wp-content\/uploads\/sites\/3\/2021\/09\/Rentree-ISMIN-1A-2-1024x768.jpg\" alt=\"\" data-id=\"23236\" data-link=\"https:\/\/www.mines-stetienne.fr\/panoramines\/rentree-ismin-1a-2\/\" class=\"wp-image-23236\" srcset=\"https:\/\/www.mines-stetienne.fr\/panoramines\/wp-content\/uploads\/sites\/3\/2021\/09\/Rentree-ISMIN-1A-2-1024x768.jpg 1024w, https:\/\/www.mines-stetienne.fr\/panoramines\/wp-content\/uploads\/sites\/3\/2021\/09\/Rentree-ISMIN-1A-2-300x225.jpg 300w, https:\/\/www.mines-stetienne.fr\/panoramines\/wp-content\/uploads\/sites\/3\/2021\/09\/Rentree-ISMIN-1A-2-768x576.jpg 768w, https:\/\/www.mines-stetienne.fr\/panoramines\/wp-content\/uploads\/sites\/3\/2021\/09\/Rentree-ISMIN-1A-2-1536x1152.jpg 1536w, https:\/\/www.mines-stetienne.fr\/panoramines\/wp-content\/uploads\/sites\/3\/2021\/09\/Rentree-ISMIN-1A-2-2048x1536.jpg 2048w\" sizes=\"auto, (max-width: 1024px) 100vw, 1024px\" \/><\/figure><\/li><li class=\"blocks-gallery-item\"><figure><img loading=\"lazy\" decoding=\"async\" width=\"1024\" height=\"768\" src=\"https:\/\/www.mines-stetienne.fr\/panoramines\/wp-content\/uploads\/sites\/3\/2021\/09\/Rentree-ISMIN-1A-1024x768.jpg\" alt=\"\" data-id=\"23237\" data-link=\"https:\/\/www.mines-stetienne.fr\/panoramines\/rentree-ismin-1a\/\" class=\"wp-image-23237\" srcset=\"https:\/\/www.mines-stetienne.fr\/panoramines\/wp-content\/uploads\/sites\/3\/2021\/09\/Rentree-ISMIN-1A-1024x768.jpg 1024w, https:\/\/www.mines-stetienne.fr\/panoramines\/wp-content\/uploads\/sites\/3\/2021\/09\/Rentree-ISMIN-1A-300x225.jpg 300w, https:\/\/www.mines-stetienne.fr\/panoramines\/wp-content\/uploads\/sites\/3\/2021\/09\/Rentree-ISMIN-1A-768x576.jpg 768w, https:\/\/www.mines-stetienne.fr\/panoramines\/wp-content\/uploads\/sites\/3\/2021\/09\/Rentree-ISMIN-1A-1536x1152.jpg 1536w, https:\/\/www.mines-stetienne.fr\/panoramines\/wp-content\/uploads\/sites\/3\/2021\/09\/Rentree-ISMIN-1A-2048x1536.jpg 2048w\" sizes=\"auto, (max-width: 1024px) 100vw, 1024px\" \/><\/figure><\/li><\/ul><figcaption class=\"blocks-gallery-caption\">Une haie d&rsquo;honneur des 2\u1d49 ann\u00e9e ISMIN pour accueillir les 90 premi\u00e8res ann\u00e9es ISMIN.<\/figcaption><\/figure>\n","protected":false},"excerpt":{"rendered":"<p>Fin ao\u00fbt, la qui\u00e9tude estivale de l&rsquo;\u00c9cole a \u00e9t\u00e9 troubl\u00e9e par un rituel ancestral, la rentr\u00e9e des classes. Le campus de Saint-Etienne s&rsquo;est r\u00e9veill\u00e9 en premier avec l&rsquo;accueil des nouveaux \u00e9tudiants ICM mardi 31 ao\u00fbt. Un jour plus tard, c&rsquo;est &hellip;<\/p>\n","protected":false},"author":6823,"featured_media":23239,"comment_status":"closed","ping_status":"open","sticky":false,"template":"","format":"standard","meta":{"_relevanssi_hide_post":"","_relevanssi_hide_content":"","_relevanssi_pin_for_all":"","_relevanssi_pin_keywords":"","_relevanssi_unpin_keywords":"","_relevanssi_related_keywords":"","_relevanssi_related_include_ids":"","_relevanssi_related_exclude_ids":"","_relevanssi_related_no_append":"","_relevanssi_related_not_related":"","_relevanssi_related_posts":"","_relevanssi_noindex_reason":"","footnotes":""},"categories":[11],"tags":[732,733,370,734,37,42,730,731],"class_list":["post-23231","post","type-post","status-publish","format-standard","has-post-thumbnail","hentry","category-vie-de-l-ecole","tag-1a","tag-amphi","tag-campus-gc-provence","tag-campus-saint-etienne-2","tag-icm","tag-ismin","tag-rentree","tag-rentree-universitaire"],"pp_statuses_selecting_workflow":false,"pp_workflow_action":"current","pp_status_selection":"publish","pp_force_visibility":null,"pp_subpost_visibility":null,"pp_inherited_force_visibility":null,"pp_inherited_subpost_visibility":null,"yoast_head":"<!-- This site is optimized with the Yoast SEO plugin v27.5 - https:\/\/yoast.com\/product\/yoast-seo-wordpress\/ -->\n<title>Une rentr\u00e9e des classes marqu\u00e9e par le retour du pr\u00e9sentiel ! - Panoramines<\/title>\n<meta name=\"robots\" content=\"index, follow, max-snippet:-1, max-image-preview:large, max-video-preview:-1\" \/>\n<link rel=\"canonical\" href=\"https:\/\/www.mines-stetienne.fr\/panoramines\/2021\/09\/10\/une-rentree-des-classes-marquee-par-le-retour-du-presentiel\/\" \/>\n<meta property=\"og:locale\" content=\"fr_FR\" \/>\n<meta property=\"og:type\" content=\"article\" \/>\n<meta property=\"og:title\" content=\"Une rentr\u00e9e des classes marqu\u00e9e par le retour du pr\u00e9sentiel ! - Panoramines\" \/>\n<meta property=\"og:description\" content=\"Fin ao\u00fbt, la qui\u00e9tude estivale de l&rsquo;\u00c9cole a \u00e9t\u00e9 troubl\u00e9e par un rituel ancestral, la rentr\u00e9e des classes. Le campus de Saint-Etienne s&rsquo;est r\u00e9veill\u00e9 en premier avec l&rsquo;accueil des nouveaux \u00e9tudiants ICM mardi 31 ao\u00fbt. Un jour plus tard, c&rsquo;est &hellip;\" \/>\n<meta property=\"og:url\" content=\"https:\/\/www.mines-stetienne.fr\/panoramines\/2021\/09\/10\/une-rentree-des-classes-marquee-par-le-retour-du-presentiel\/\" \/>\n<meta property=\"og:site_name\" content=\"Panoramines\" \/>\n<meta property=\"article:published_time\" content=\"2021-09-10T07:55:57+00:00\" \/>\n<meta property=\"article:modified_time\" content=\"2021-09-29T12:55:35+00:00\" \/>\n<meta property=\"og:image\" content=\"https:\/\/www.mines-stetienne.fr\/panoramines\/wp-content\/uploads\/sites\/3\/2021\/09\/20210902_083033-scaled.jpg\" \/>\n\t<meta property=\"og:image:width\" content=\"2560\" \/>\n\t<meta property=\"og:image:height\" content=\"1920\" \/>\n\t<meta property=\"og:image:type\" content=\"image\/jpeg\" \/>\n<meta name=\"author\" content=\"CORTES Lucas\" \/>\n<meta name=\"twitter:card\" content=\"summary_large_image\" \/>\n<meta name=\"twitter:label1\" content=\"\u00c9crit par\" \/>\n\t<meta name=\"twitter:data1\" content=\"CORTES Lucas\" \/>\n\t<meta name=\"twitter:label2\" content=\"Dur\u00e9e de lecture estim\u00e9e\" \/>\n\t<meta name=\"twitter:data2\" content=\"2 minutes\" \/>\n<script type=\"application\/ld+json\" class=\"yoast-schema-graph\">{\"@context\":\"https:\\\/\\\/schema.org\",\"@graph\":[{\"@type\":\"Article\",\"@id\":\"https:\\\/\\\/www.mines-stetienne.fr\\\/panoramines\\\/2021\\\/09\\\/10\\\/une-rentree-des-classes-marquee-par-le-retour-du-presentiel\\\/#article\",\"isPartOf\":{\"@id\":\"https:\\\/\\\/www.mines-stetienne.fr\\\/panoramines\\\/2021\\\/09\\\/10\\\/une-rentree-des-classes-marquee-par-le-retour-du-presentiel\\\/\"},\"author\":{\"name\":\"CORTES Lucas\",\"@id\":\"https:\\\/\\\/www.mines-stetienne.fr\\\/panoramines\\\/#\\\/schema\\\/person\\\/f93b3567fe25af690eb69a1501646912\"},\"headline\":\"Une rentr\u00e9e des classes marqu\u00e9e par le retour du pr\u00e9sentiel !\",\"datePublished\":\"2021-09-10T07:55:57+00:00\",\"dateModified\":\"2021-09-29T12:55:35+00:00\",\"mainEntityOfPage\":{\"@id\":\"https:\\\/\\\/www.mines-stetienne.fr\\\/panoramines\\\/2021\\\/09\\\/10\\\/une-rentree-des-classes-marquee-par-le-retour-du-presentiel\\\/\"},\"wordCount\":168,\"image\":{\"@id\":\"https:\\\/\\\/www.mines-stetienne.fr\\\/panoramines\\\/2021\\\/09\\\/10\\\/une-rentree-des-classes-marquee-par-le-retour-du-presentiel\\\/#primaryimage\"},\"thumbnailUrl\":\"https:\\\/\\\/www.mines-stetienne.fr\\\/panoramines\\\/wp-content\\\/uploads\\\/sites\\\/3\\\/2021\\\/09\\\/20210902_083033-scaled.jpg\",\"keywords\":[\"1A\",\"Amphi\",\"Campus GC Provence\",\"Campus Saint-Etienne\",\"ICM\",\"ISMIN\",\"Rentr\u00e9e\",\"Rentr\u00e9e universitaire\"],\"articleSection\":[\"Vie de l'\u00c9cole\"],\"inLanguage\":\"fr-FR\"},{\"@type\":\"WebPage\",\"@id\":\"https:\\\/\\\/www.mines-stetienne.fr\\\/panoramines\\\/2021\\\/09\\\/10\\\/une-rentree-des-classes-marquee-par-le-retour-du-presentiel\\\/\",\"url\":\"https:\\\/\\\/www.mines-stetienne.fr\\\/panoramines\\\/2021\\\/09\\\/10\\\/une-rentree-des-classes-marquee-par-le-retour-du-presentiel\\\/\",\"name\":\"Une rentr\u00e9e des classes marqu\u00e9e par le retour du pr\u00e9sentiel ! - Panoramines\",\"isPartOf\":{\"@id\":\"https:\\\/\\\/www.mines-stetienne.fr\\\/panoramines\\\/#website\"},\"primaryImageOfPage\":{\"@id\":\"https:\\\/\\\/www.mines-stetienne.fr\\\/panoramines\\\/2021\\\/09\\\/10\\\/une-rentree-des-classes-marquee-par-le-retour-du-presentiel\\\/#primaryimage\"},\"image\":{\"@id\":\"https:\\\/\\\/www.mines-stetienne.fr\\\/panoramines\\\/2021\\\/09\\\/10\\\/une-rentree-des-classes-marquee-par-le-retour-du-presentiel\\\/#primaryimage\"},\"thumbnailUrl\":\"https:\\\/\\\/www.mines-stetienne.fr\\\/panoramines\\\/wp-content\\\/uploads\\\/sites\\\/3\\\/2021\\\/09\\\/20210902_083033-scaled.jpg\",\"datePublished\":\"2021-09-10T07:55:57+00:00\",\"dateModified\":\"2021-09-29T12:55:35+00:00\",\"author\":{\"@id\":\"https:\\\/\\\/www.mines-stetienne.fr\\\/panoramines\\\/#\\\/schema\\\/person\\\/f93b3567fe25af690eb69a1501646912\"},\"breadcrumb\":{\"@id\":\"https:\\\/\\\/www.mines-stetienne.fr\\\/panoramines\\\/2021\\\/09\\\/10\\\/une-rentree-des-classes-marquee-par-le-retour-du-presentiel\\\/#breadcrumb\"},\"inLanguage\":\"fr-FR\",\"potentialAction\":[{\"@type\":\"ReadAction\",\"target\":[\"https:\\\/\\\/www.mines-stetienne.fr\\\/panoramines\\\/2021\\\/09\\\/10\\\/une-rentree-des-classes-marquee-par-le-retour-du-presentiel\\\/\"]}]},{\"@type\":\"ImageObject\",\"inLanguage\":\"fr-FR\",\"@id\":\"https:\\\/\\\/www.mines-stetienne.fr\\\/panoramines\\\/2021\\\/09\\\/10\\\/une-rentree-des-classes-marquee-par-le-retour-du-presentiel\\\/#primaryimage\",\"url\":\"https:\\\/\\\/www.mines-stetienne.fr\\\/panoramines\\\/wp-content\\\/uploads\\\/sites\\\/3\\\/2021\\\/09\\\/20210902_083033-scaled.jpg\",\"contentUrl\":\"https:\\\/\\\/www.mines-stetienne.fr\\\/panoramines\\\/wp-content\\\/uploads\\\/sites\\\/3\\\/2021\\\/09\\\/20210902_083033-scaled.jpg\",\"width\":2560,\"height\":1920},{\"@type\":\"BreadcrumbList\",\"@id\":\"https:\\\/\\\/www.mines-stetienne.fr\\\/panoramines\\\/2021\\\/09\\\/10\\\/une-rentree-des-classes-marquee-par-le-retour-du-presentiel\\\/#breadcrumb\",\"itemListElement\":[{\"@type\":\"ListItem\",\"position\":1,\"name\":\"Accueil\",\"item\":\"https:\\\/\\\/www.mines-stetienne.fr\\\/panoramines\\\/\"},{\"@type\":\"ListItem\",\"position\":2,\"name\":\"Une rentr\u00e9e des classes marqu\u00e9e par le retour du pr\u00e9sentiel !\"}]},{\"@type\":\"WebSite\",\"@id\":\"https:\\\/\\\/www.mines-stetienne.fr\\\/panoramines\\\/#website\",\"url\":\"https:\\\/\\\/www.mines-stetienne.fr\\\/panoramines\\\/\",\"name\":\"Panoramines\",\"description\":\"Panoramines, l\u2019actualit\u00e9 de MINES Saint-\u00c9tienne\",\"potentialAction\":[{\"@type\":\"SearchAction\",\"target\":{\"@type\":\"EntryPoint\",\"urlTemplate\":\"https:\\\/\\\/www.mines-stetienne.fr\\\/panoramines\\\/?s={search_term_string}\"},\"query-input\":{\"@type\":\"PropertyValueSpecification\",\"valueRequired\":true,\"valueName\":\"search_term_string\"}}],\"inLanguage\":\"fr-FR\"},{\"@type\":\"Person\",\"@id\":\"https:\\\/\\\/www.mines-stetienne.fr\\\/panoramines\\\/#\\\/schema\\\/person\\\/f93b3567fe25af690eb69a1501646912\",\"name\":\"CORTES Lucas\",\"image\":{\"@type\":\"ImageObject\",\"inLanguage\":\"fr-FR\",\"@id\":\"https:\\\/\\\/www.mines-stetienne.fr\\\/panoramines\\\/wp-content\\\/uploads\\\/sites\\\/3\\\/2021\\\/07\\\/logo-75x75-1.png\",\"url\":\"https:\\\/\\\/www.mines-stetienne.fr\\\/panoramines\\\/wp-content\\\/uploads\\\/sites\\\/3\\\/2021\\\/07\\\/logo-75x75-1.png\",\"contentUrl\":\"https:\\\/\\\/www.mines-stetienne.fr\\\/panoramines\\\/wp-content\\\/uploads\\\/sites\\\/3\\\/2021\\\/07\\\/logo-75x75-1.png\",\"caption\":\"CORTES Lucas\"},\"url\":\"https:\\\/\\\/www.mines-stetienne.fr\\\/panoramines\\\/author\\\/lucas-cortes\\\/\"}]}<\/script>\n<!-- \/ Yoast SEO plugin. -->","yoast_head_json":{"title":"Une rentr\u00e9e des classes marqu\u00e9e par le retour du pr\u00e9sentiel ! - Panoramines","robots":{"index":"index","follow":"follow","max-snippet":"max-snippet:-1","max-image-preview":"max-image-preview:large","max-video-preview":"max-video-preview:-1"},"canonical":"https:\/\/www.mines-stetienne.fr\/panoramines\/2021\/09\/10\/une-rentree-des-classes-marquee-par-le-retour-du-presentiel\/","og_locale":"fr_FR","og_type":"article","og_title":"Une rentr\u00e9e des classes marqu\u00e9e par le retour du pr\u00e9sentiel ! - Panoramines","og_description":"Fin ao\u00fbt, la qui\u00e9tude estivale de l&rsquo;\u00c9cole a \u00e9t\u00e9 troubl\u00e9e par un rituel ancestral, la rentr\u00e9e des classes. Le campus de Saint-Etienne s&rsquo;est r\u00e9veill\u00e9 en premier avec l&rsquo;accueil des nouveaux \u00e9tudiants ICM mardi 31 ao\u00fbt. Un jour plus tard, c&rsquo;est &hellip;","og_url":"https:\/\/www.mines-stetienne.fr\/panoramines\/2021\/09\/10\/une-rentree-des-classes-marquee-par-le-retour-du-presentiel\/","og_site_name":"Panoramines","article_published_time":"2021-09-10T07:55:57+00:00","article_modified_time":"2021-09-29T12:55:35+00:00","og_image":[{"width":2560,"height":1920,"url":"https:\/\/www.mines-stetienne.fr\/panoramines\/wp-content\/uploads\/sites\/3\/2021\/09\/20210902_083033-scaled.jpg","type":"image\/jpeg"}],"author":"CORTES Lucas","twitter_card":"summary_large_image","twitter_misc":{"\u00c9crit par":"CORTES Lucas","Dur\u00e9e de lecture estim\u00e9e":"2 minutes"},"schema":{"@context":"https:\/\/schema.org","@graph":[{"@type":"Article","@id":"https:\/\/www.mines-stetienne.fr\/panoramines\/2021\/09\/10\/une-rentree-des-classes-marquee-par-le-retour-du-presentiel\/#article","isPartOf":{"@id":"https:\/\/www.mines-stetienne.fr\/panoramines\/2021\/09\/10\/une-rentree-des-classes-marquee-par-le-retour-du-presentiel\/"},"author":{"name":"CORTES Lucas","@id":"https:\/\/www.mines-stetienne.fr\/panoramines\/#\/schema\/person\/f93b3567fe25af690eb69a1501646912"},"headline":"Une rentr\u00e9e des classes marqu\u00e9e par le retour du pr\u00e9sentiel !","datePublished":"2021-09-10T07:55:57+00:00","dateModified":"2021-09-29T12:55:35+00:00","mainEntityOfPage":{"@id":"https:\/\/www.mines-stetienne.fr\/panoramines\/2021\/09\/10\/une-rentree-des-classes-marquee-par-le-retour-du-presentiel\/"},"wordCount":168,"image":{"@id":"https:\/\/www.mines-stetienne.fr\/panoramines\/2021\/09\/10\/une-rentree-des-classes-marquee-par-le-retour-du-presentiel\/#primaryimage"},"thumbnailUrl":"https:\/\/www.mines-stetienne.fr\/panoramines\/wp-content\/uploads\/sites\/3\/2021\/09\/20210902_083033-scaled.jpg","keywords":["1A","Amphi","Campus GC Provence","Campus Saint-Etienne","ICM","ISMIN","Rentr\u00e9e","Rentr\u00e9e universitaire"],"articleSection":["Vie de l'\u00c9cole"],"inLanguage":"fr-FR"},{"@type":"WebPage","@id":"https:\/\/www.mines-stetienne.fr\/panoramines\/2021\/09\/10\/une-rentree-des-classes-marquee-par-le-retour-du-presentiel\/","url":"https:\/\/www.mines-stetienne.fr\/panoramines\/2021\/09\/10\/une-rentree-des-classes-marquee-par-le-retour-du-presentiel\/","name":"Une rentr\u00e9e des classes marqu\u00e9e par le retour du pr\u00e9sentiel ! - Panoramines","isPartOf":{"@id":"https:\/\/www.mines-stetienne.fr\/panoramines\/#website"},"primaryImageOfPage":{"@id":"https:\/\/www.mines-stetienne.fr\/panoramines\/2021\/09\/10\/une-rentree-des-classes-marquee-par-le-retour-du-presentiel\/#primaryimage"},"image":{"@id":"https:\/\/www.mines-stetienne.fr\/panoramines\/2021\/09\/10\/une-rentree-des-classes-marquee-par-le-retour-du-presentiel\/#primaryimage"},"thumbnailUrl":"https:\/\/www.mines-stetienne.fr\/panoramines\/wp-content\/uploads\/sites\/3\/2021\/09\/20210902_083033-scaled.jpg","datePublished":"2021-09-10T07:55:57+00:00","dateModified":"2021-09-29T12:55:35+00:00","author":{"@id":"https:\/\/www.mines-stetienne.fr\/panoramines\/#\/schema\/person\/f93b3567fe25af690eb69a1501646912"},"breadcrumb":{"@id":"https:\/\/www.mines-stetienne.fr\/panoramines\/2021\/09\/10\/une-rentree-des-classes-marquee-par-le-retour-du-presentiel\/#breadcrumb"},"inLanguage":"fr-FR","potentialAction":[{"@type":"ReadAction","target":["https:\/\/www.mines-stetienne.fr\/panoramines\/2021\/09\/10\/une-rentree-des-classes-marquee-par-le-retour-du-presentiel\/"]}]},{"@type":"ImageObject","inLanguage":"fr-FR","@id":"https:\/\/www.mines-stetienne.fr\/panoramines\/2021\/09\/10\/une-rentree-des-classes-marquee-par-le-retour-du-presentiel\/#primaryimage","url":"https:\/\/www.mines-stetienne.fr\/panoramines\/wp-content\/uploads\/sites\/3\/2021\/09\/20210902_083033-scaled.jpg","contentUrl":"https:\/\/www.mines-stetienne.fr\/panoramines\/wp-content\/uploads\/sites\/3\/2021\/09\/20210902_083033-scaled.jpg","width":2560,"height":1920},{"@type":"BreadcrumbList","@id":"https:\/\/www.mines-stetienne.fr\/panoramines\/2021\/09\/10\/une-rentree-des-classes-marquee-par-le-retour-du-presentiel\/#breadcrumb","itemListElement":[{"@type":"ListItem","position":1,"name":"Accueil","item":"https:\/\/www.mines-stetienne.fr\/panoramines\/"},{"@type":"ListItem","position":2,"name":"Une rentr\u00e9e des classes marqu\u00e9e par le retour du pr\u00e9sentiel !"}]},{"@type":"WebSite","@id":"https:\/\/www.mines-stetienne.fr\/panoramines\/#website","url":"https:\/\/www.mines-stetienne.fr\/panoramines\/","name":"Panoramines","description":"Panoramines, l\u2019actualit\u00e9 de MINES Saint-\u00c9tienne","potentialAction":[{"@type":"SearchAction","target":{"@type":"EntryPoint","urlTemplate":"https:\/\/www.mines-stetienne.fr\/panoramines\/?s={search_term_string}"},"query-input":{"@type":"PropertyValueSpecification","valueRequired":true,"valueName":"search_term_string"}}],"inLanguage":"fr-FR"},{"@type":"Person","@id":"https:\/\/www.mines-stetienne.fr\/panoramines\/#\/schema\/person\/f93b3567fe25af690eb69a1501646912","name":"CORTES Lucas","image":{"@type":"ImageObject","inLanguage":"fr-FR","@id":"https:\/\/www.mines-stetienne.fr\/panoramines\/wp-content\/uploads\/sites\/3\/2021\/07\/logo-75x75-1.png","url":"https:\/\/www.mines-stetienne.fr\/panoramines\/wp-content\/uploads\/sites\/3\/2021\/07\/logo-75x75-1.png","contentUrl":"https:\/\/www.mines-stetienne.fr\/panoramines\/wp-content\/uploads\/sites\/3\/2021\/07\/logo-75x75-1.png","caption":"CORTES Lucas"},"url":"https:\/\/www.mines-stetienne.fr\/panoramines\/author\/lucas-cortes\/"}]}},"_links":{"self":[{"href":"https:\/\/www.mines-stetienne.fr\/panoramines\/wp-json\/wp\/v2\/posts\/23231","targetHints":{"allow":["GET"]}}],"collection":[{"href":"https:\/\/www.mines-stetienne.fr\/panoramines\/wp-json\/wp\/v2\/posts"}],"about":[{"href":"https:\/\/www.mines-stetienne.fr\/panoramines\/wp-json\/wp\/v2\/types\/post"}],"author":[{"embeddable":true,"href":"https:\/\/www.mines-stetienne.fr\/panoramines\/wp-json\/wp\/v2\/users\/6823"}],"replies":[{"embeddable":true,"href":"https:\/\/www.mines-stetienne.fr\/panoramines\/wp-json\/wp\/v2\/comments?post=23231"}],"version-history":[{"count":11,"href":"https:\/\/www.mines-stetienne.fr\/panoramines\/wp-json\/wp\/v2\/posts\/23231\/revisions"}],"predecessor-version":[{"id":23372,"href":"https:\/\/www.mines-stetienne.fr\/panoramines\/wp-json\/wp\/v2\/posts\/23231\/revisions\/23372"}],"wp:featuredmedia":[{"embeddable":true,"href":"https:\/\/www.mines-stetienne.fr\/panoramines\/wp-json\/wp\/v2\/media\/23239"}],"wp:attachment":[{"href":"https:\/\/www.mines-stetienne.fr\/panoramines\/wp-json\/wp\/v2\/media?parent=23231"}],"wp:term":[{"taxonomy":"category","embeddable":true,"href":"https:\/\/www.mines-stetienne.fr\/panoramines\/wp-json\/wp\/v2\/categories?post=23231"},{"taxonomy":"post_tag","embeddable":true,"href":"https:\/\/www.mines-stetienne.fr\/panoramines\/wp-json\/wp\/v2\/tags?post=23231"}],"curies":[{"name":"wp","href":"https:\/\/api.w.org\/{rel}","templated":true}]}}