{"id":22312,"date":"2020-09-30T15:50:10","date_gmt":"2020-09-30T13:50:10","guid":{"rendered":"https:\/\/www.mines-stetienne.fr\/panoramines\/?p=22312"},"modified":"2020-10-26T10:58:53","modified_gmt":"2020-10-26T09:58:53","slug":"mines-saint-etienne-participe-a-la-creation-du-1er-consortium-ouvert-pour-le-developpement-des-sciences-de-lingenieur-au-service-de-la-sante-publique","status":"publish","type":"post","link":"https:\/\/www.mines-stetienne.fr\/panoramines\/2020\/09\/30\/mines-saint-etienne-participe-a-la-creation-du-1er-consortium-ouvert-pour-le-developpement-des-sciences-de-lingenieur-au-service-de-la-sante-publique\/","title":{"rendered":"Mines Saint-Etienne participe \u00e0 la cr\u00e9ation du 1er consortium ouvert pour le d\u00e9veloppement des sciences de l\u2019ing\u00e9nieur au service de la sant\u00e9 publique !"},"content":{"rendered":"\n<p>Face \u00e0 l\u2019importance et \u00e0 la croissance des technologies innovantes dans le domaine de la sant\u00e9 publique et dans l\u2019organisation de nos syst\u00e8mes de sant\u00e9, ainsi que la n\u00e9cessit\u00e9 de mieux faire converger l\u2019enseignement de la sant\u00e9 publique et des sciences de l\u2019ing\u00e9nieur, <strong>7 \u00e9tablissements d\u2019enseignement sup\u00e9rieur<\/strong> se sont r\u00e9unis \u00e0 Rennes le 26 ao\u00fbt 2020 \u00e0 l\u2019initiative de l\u2019EHESP (\u00e9cole des hautes \u00e9tudes en sant\u00e9 publique) pour signer une d\u00e9claration de coop\u00e9ration inter-\u00e9coles en sant\u00e9 publique. L\u2019objectif est de <strong>permettre le d\u00e9veloppement de l\u2019innovation technique et technologique au sein des organisations des syst\u00e8mes de sant\u00e9<\/strong>, en France et \u00e0 l\u2019international. Pour cela, ce consortium s\u2019engage \u00e0 proposer \u00e9v\u00e9nements, formations, expertises et exp\u00e9rimentations pour la promotion et l\u2019application des sciences de l\u2019ing\u00e9nieur dans le domaine de la sant\u00e9 publique.<\/p>\n\n\n\n<figure class=\"wp-block-image size-large\"><img loading=\"lazy\" decoding=\"async\" width=\"1024\" height=\"110\" src=\"https:\/\/www.mines-stetienne.fr\/panoramines\/wp-content\/uploads\/sites\/3\/2020\/09\/ecoles-1024x110.jpg\" alt=\"\" class=\"wp-image-22313\" srcset=\"https:\/\/www.mines-stetienne.fr\/panoramines\/wp-content\/uploads\/sites\/3\/2020\/09\/ecoles-1024x110.jpg 1024w, https:\/\/www.mines-stetienne.fr\/panoramines\/wp-content\/uploads\/sites\/3\/2020\/09\/ecoles-300x32.jpg 300w, https:\/\/www.mines-stetienne.fr\/panoramines\/wp-content\/uploads\/sites\/3\/2020\/09\/ecoles-768x82.jpg 768w, https:\/\/www.mines-stetienne.fr\/panoramines\/wp-content\/uploads\/sites\/3\/2020\/09\/ecoles.jpg 1194w\" sizes=\"auto, (max-width: 1024px) 100vw, 1024px\" \/><\/figure>\n\n\n\n<p>Lire le communiqu\u00e9 de presse : <a href=\"https:\/\/www.mines-stetienne.fr\/panoramines\/wp-content\/uploads\/sites\/3\/2020\/09\/CP_declaration-cooperation-inter-ecole-sante-publique-sciences-ingenieur.pdf\" target=\"_blank\" rel=\"noreferrer noopener\">https:\/\/www.mines-stetienne.fr\/panoramines\/wp-content\/uploads\/sites\/3\/2020\/09\/CP_declaration-cooperation-inter-ecole-sante-publique-sciences-ingenieur.pdf<\/a><\/p>\n\n\n\n<p><\/p>\n","protected":false},"excerpt":{"rendered":"<p>Face \u00e0 l\u2019importance et \u00e0 la croissance des technologies innovantes dans le domaine de la sant\u00e9 publique et dans l\u2019organisation de nos syst\u00e8mes de sant\u00e9, ainsi que la n\u00e9cessit\u00e9 de mieux faire converger l\u2019enseignement de la sant\u00e9 publique et des &hellip;<\/p>\n","protected":false},"author":2073,"featured_media":22317,"comment_status":"closed","ping_status":"open","sticky":false,"template":"","format":"standard","meta":{"_relevanssi_hide_post":"","_relevanssi_hide_content":"","_relevanssi_pin_for_all":"","_relevanssi_pin_keywords":"","_relevanssi_unpin_keywords":"","_relevanssi_related_keywords":"","_relevanssi_related_include_ids":"","_relevanssi_related_exclude_ids":"","_relevanssi_related_no_append":"","_relevanssi_related_not_related":"","_relevanssi_related_posts":"","_relevanssi_noindex_reason":"","footnotes":""},"categories":[6],"tags":[134,111,141],"class_list":["post-22312","post","type-post","status-publish","format-standard","has-post-thumbnail","hentry","category-formation","tag-innovation-technique","tag-sante","tag-technologie"],"pp_statuses_selecting_workflow":false,"pp_workflow_action":"current","pp_status_selection":"publish","pp_force_visibility":null,"pp_subpost_visibility":null,"pp_inherited_force_visibility":null,"pp_inherited_subpost_visibility":null,"yoast_head":"<!-- This site is optimized with the Yoast SEO plugin v27.4 - https:\/\/yoast.com\/product\/yoast-seo-wordpress\/ -->\n<title>Mines Saint-Etienne participe \u00e0 la cr\u00e9ation du 1er consortium ouvert pour le d\u00e9veloppement des sciences de l\u2019ing\u00e9nieur au service de la sant\u00e9 publique ! - Panoramines<\/title>\n<meta name=\"robots\" content=\"index, follow, max-snippet:-1, max-image-preview:large, max-video-preview:-1\" \/>\n<link rel=\"canonical\" href=\"https:\/\/www.mines-stetienne.fr\/panoramines\/2020\/09\/30\/mines-saint-etienne-participe-a-la-creation-du-1er-consortium-ouvert-pour-le-developpement-des-sciences-de-lingenieur-au-service-de-la-sante-publique\/\" \/>\n<meta property=\"og:locale\" content=\"fr_FR\" \/>\n<meta property=\"og:type\" content=\"article\" \/>\n<meta property=\"og:title\" content=\"Mines Saint-Etienne participe \u00e0 la cr\u00e9ation du 1er consortium ouvert pour le d\u00e9veloppement des sciences de l\u2019ing\u00e9nieur au service de la sant\u00e9 publique ! - Panoramines\" \/>\n<meta property=\"og:description\" content=\"Face \u00e0 l\u2019importance et \u00e0 la croissance des technologies innovantes dans le domaine de la sant\u00e9 publique et dans l\u2019organisation de nos syst\u00e8mes de sant\u00e9, ainsi que la n\u00e9cessit\u00e9 de mieux faire converger l\u2019enseignement de la sant\u00e9 publique et des &hellip;\" \/>\n<meta property=\"og:url\" content=\"https:\/\/www.mines-stetienne.fr\/panoramines\/2020\/09\/30\/mines-saint-etienne-participe-a-la-creation-du-1er-consortium-ouvert-pour-le-developpement-des-sciences-de-lingenieur-au-service-de-la-sante-publique\/\" \/>\n<meta property=\"og:site_name\" content=\"Panoramines\" \/>\n<meta property=\"article:published_time\" content=\"2020-09-30T13:50:10+00:00\" \/>\n<meta property=\"article:modified_time\" content=\"2020-10-26T09:58:53+00:00\" \/>\n<meta property=\"og:image\" content=\"https:\/\/www.mines-stetienne.fr\/panoramines\/wp-content\/uploads\/sites\/3\/2020\/09\/consortium.jpg\" \/>\n\t<meta property=\"og:image:width\" content=\"640\" \/>\n\t<meta property=\"og:image:height\" content=\"360\" \/>\n\t<meta property=\"og:image:type\" content=\"image\/jpeg\" \/>\n<meta name=\"author\" content=\"MAGAND Sophie\" \/>\n<meta name=\"twitter:card\" content=\"summary_large_image\" \/>\n<meta name=\"twitter:label1\" content=\"\u00c9crit par\" \/>\n\t<meta name=\"twitter:data1\" content=\"MAGAND Sophie\" \/>\n\t<meta name=\"twitter:label2\" content=\"Dur\u00e9e de lecture estim\u00e9e\" \/>\n\t<meta name=\"twitter:data2\" content=\"1 minute\" \/>\n<script type=\"application\/ld+json\" class=\"yoast-schema-graph\">{\"@context\":\"https:\\\/\\\/schema.org\",\"@graph\":[{\"@type\":\"Article\",\"@id\":\"https:\\\/\\\/www.mines-stetienne.fr\\\/panoramines\\\/2020\\\/09\\\/30\\\/mines-saint-etienne-participe-a-la-creation-du-1er-consortium-ouvert-pour-le-developpement-des-sciences-de-lingenieur-au-service-de-la-sante-publique\\\/#article\",\"isPartOf\":{\"@id\":\"https:\\\/\\\/www.mines-stetienne.fr\\\/panoramines\\\/2020\\\/09\\\/30\\\/mines-saint-etienne-participe-a-la-creation-du-1er-consortium-ouvert-pour-le-developpement-des-sciences-de-lingenieur-au-service-de-la-sante-publique\\\/\"},\"author\":{\"name\":\"MAGAND Sophie\",\"@id\":\"https:\\\/\\\/www.mines-stetienne.fr\\\/panoramines\\\/#\\\/schema\\\/person\\\/922fd864c916079c0d955e11ada69d8a\"},\"headline\":\"Mines Saint-Etienne participe \u00e0 la cr\u00e9ation du 1er consortium ouvert pour le d\u00e9veloppement des sciences de l\u2019ing\u00e9nieur au service de la sant\u00e9 publique !\",\"datePublished\":\"2020-09-30T13:50:10+00:00\",\"dateModified\":\"2020-10-26T09:58:53+00:00\",\"mainEntityOfPage\":{\"@id\":\"https:\\\/\\\/www.mines-stetienne.fr\\\/panoramines\\\/2020\\\/09\\\/30\\\/mines-saint-etienne-participe-a-la-creation-du-1er-consortium-ouvert-pour-le-developpement-des-sciences-de-lingenieur-au-service-de-la-sante-publique\\\/\"},\"wordCount\":189,\"image\":{\"@id\":\"https:\\\/\\\/www.mines-stetienne.fr\\\/panoramines\\\/2020\\\/09\\\/30\\\/mines-saint-etienne-participe-a-la-creation-du-1er-consortium-ouvert-pour-le-developpement-des-sciences-de-lingenieur-au-service-de-la-sante-publique\\\/#primaryimage\"},\"thumbnailUrl\":\"https:\\\/\\\/www.mines-stetienne.fr\\\/panoramines\\\/wp-content\\\/uploads\\\/sites\\\/3\\\/2020\\\/09\\\/consortium.jpg\",\"keywords\":[\"Innovation technique\",\"Sant\u00e9\",\"Technologie\"],\"articleSection\":[\"Formation\"],\"inLanguage\":\"fr-FR\"},{\"@type\":\"WebPage\",\"@id\":\"https:\\\/\\\/www.mines-stetienne.fr\\\/panoramines\\\/2020\\\/09\\\/30\\\/mines-saint-etienne-participe-a-la-creation-du-1er-consortium-ouvert-pour-le-developpement-des-sciences-de-lingenieur-au-service-de-la-sante-publique\\\/\",\"url\":\"https:\\\/\\\/www.mines-stetienne.fr\\\/panoramines\\\/2020\\\/09\\\/30\\\/mines-saint-etienne-participe-a-la-creation-du-1er-consortium-ouvert-pour-le-developpement-des-sciences-de-lingenieur-au-service-de-la-sante-publique\\\/\",\"name\":\"Mines Saint-Etienne participe \u00e0 la cr\u00e9ation du 1er consortium ouvert pour le d\u00e9veloppement des sciences de l\u2019ing\u00e9nieur au service de la sant\u00e9 publique ! - Panoramines\",\"isPartOf\":{\"@id\":\"https:\\\/\\\/www.mines-stetienne.fr\\\/panoramines\\\/#website\"},\"primaryImageOfPage\":{\"@id\":\"https:\\\/\\\/www.mines-stetienne.fr\\\/panoramines\\\/2020\\\/09\\\/30\\\/mines-saint-etienne-participe-a-la-creation-du-1er-consortium-ouvert-pour-le-developpement-des-sciences-de-lingenieur-au-service-de-la-sante-publique\\\/#primaryimage\"},\"image\":{\"@id\":\"https:\\\/\\\/www.mines-stetienne.fr\\\/panoramines\\\/2020\\\/09\\\/30\\\/mines-saint-etienne-participe-a-la-creation-du-1er-consortium-ouvert-pour-le-developpement-des-sciences-de-lingenieur-au-service-de-la-sante-publique\\\/#primaryimage\"},\"thumbnailUrl\":\"https:\\\/\\\/www.mines-stetienne.fr\\\/panoramines\\\/wp-content\\\/uploads\\\/sites\\\/3\\\/2020\\\/09\\\/consortium.jpg\",\"datePublished\":\"2020-09-30T13:50:10+00:00\",\"dateModified\":\"2020-10-26T09:58:53+00:00\",\"author\":{\"@id\":\"https:\\\/\\\/www.mines-stetienne.fr\\\/panoramines\\\/#\\\/schema\\\/person\\\/922fd864c916079c0d955e11ada69d8a\"},\"breadcrumb\":{\"@id\":\"https:\\\/\\\/www.mines-stetienne.fr\\\/panoramines\\\/2020\\\/09\\\/30\\\/mines-saint-etienne-participe-a-la-creation-du-1er-consortium-ouvert-pour-le-developpement-des-sciences-de-lingenieur-au-service-de-la-sante-publique\\\/#breadcrumb\"},\"inLanguage\":\"fr-FR\",\"potentialAction\":[{\"@type\":\"ReadAction\",\"target\":[\"https:\\\/\\\/www.mines-stetienne.fr\\\/panoramines\\\/2020\\\/09\\\/30\\\/mines-saint-etienne-participe-a-la-creation-du-1er-consortium-ouvert-pour-le-developpement-des-sciences-de-lingenieur-au-service-de-la-sante-publique\\\/\"]}]},{\"@type\":\"ImageObject\",\"inLanguage\":\"fr-FR\",\"@id\":\"https:\\\/\\\/www.mines-stetienne.fr\\\/panoramines\\\/2020\\\/09\\\/30\\\/mines-saint-etienne-participe-a-la-creation-du-1er-consortium-ouvert-pour-le-developpement-des-sciences-de-lingenieur-au-service-de-la-sante-publique\\\/#primaryimage\",\"url\":\"https:\\\/\\\/www.mines-stetienne.fr\\\/panoramines\\\/wp-content\\\/uploads\\\/sites\\\/3\\\/2020\\\/09\\\/consortium.jpg\",\"contentUrl\":\"https:\\\/\\\/www.mines-stetienne.fr\\\/panoramines\\\/wp-content\\\/uploads\\\/sites\\\/3\\\/2020\\\/09\\\/consortium.jpg\",\"width\":640,\"height\":360},{\"@type\":\"BreadcrumbList\",\"@id\":\"https:\\\/\\\/www.mines-stetienne.fr\\\/panoramines\\\/2020\\\/09\\\/30\\\/mines-saint-etienne-participe-a-la-creation-du-1er-consortium-ouvert-pour-le-developpement-des-sciences-de-lingenieur-au-service-de-la-sante-publique\\\/#breadcrumb\",\"itemListElement\":[{\"@type\":\"ListItem\",\"position\":1,\"name\":\"Accueil\",\"item\":\"https:\\\/\\\/www.mines-stetienne.fr\\\/panoramines\\\/\"},{\"@type\":\"ListItem\",\"position\":2,\"name\":\"Mines Saint-Etienne participe \u00e0 la cr\u00e9ation du 1er consortium ouvert pour le d\u00e9veloppement des sciences de l\u2019ing\u00e9nieur au service de la sant\u00e9 publique !\"}]},{\"@type\":\"WebSite\",\"@id\":\"https:\\\/\\\/www.mines-stetienne.fr\\\/panoramines\\\/#website\",\"url\":\"https:\\\/\\\/www.mines-stetienne.fr\\\/panoramines\\\/\",\"name\":\"Panoramines\",\"description\":\"Panoramines, l\u2019actualit\u00e9 de MINES Saint-\u00c9tienne\",\"potentialAction\":[{\"@type\":\"SearchAction\",\"target\":{\"@type\":\"EntryPoint\",\"urlTemplate\":\"https:\\\/\\\/www.mines-stetienne.fr\\\/panoramines\\\/?s={search_term_string}\"},\"query-input\":{\"@type\":\"PropertyValueSpecification\",\"valueRequired\":true,\"valueName\":\"search_term_string\"}}],\"inLanguage\":\"fr-FR\"},{\"@type\":\"Person\",\"@id\":\"https:\\\/\\\/www.mines-stetienne.fr\\\/panoramines\\\/#\\\/schema\\\/person\\\/922fd864c916079c0d955e11ada69d8a\",\"name\":\"MAGAND Sophie\",\"image\":{\"@type\":\"ImageObject\",\"inLanguage\":\"fr-FR\",\"@id\":\"https:\\\/\\\/www.mines-stetienne.fr\\\/panoramines\\\/wp-content\\\/uploads\\\/sites\\\/3\\\/2021\\\/07\\\/logo-75x75-1.png\",\"url\":\"https:\\\/\\\/www.mines-stetienne.fr\\\/panoramines\\\/wp-content\\\/uploads\\\/sites\\\/3\\\/2021\\\/07\\\/logo-75x75-1.png\",\"contentUrl\":\"https:\\\/\\\/www.mines-stetienne.fr\\\/panoramines\\\/wp-content\\\/uploads\\\/sites\\\/3\\\/2021\\\/07\\\/logo-75x75-1.png\",\"caption\":\"MAGAND Sophie\"},\"url\":\"https:\\\/\\\/www.mines-stetienne.fr\\\/panoramines\\\/author\\\/sophie-magand\\\/\"}]}<\/script>\n<!-- \/ Yoast SEO plugin. -->","yoast_head_json":{"title":"Mines Saint-Etienne participe \u00e0 la cr\u00e9ation du 1er consortium ouvert pour le d\u00e9veloppement des sciences de l\u2019ing\u00e9nieur au service de la sant\u00e9 publique ! - Panoramines","robots":{"index":"index","follow":"follow","max-snippet":"max-snippet:-1","max-image-preview":"max-image-preview:large","max-video-preview":"max-video-preview:-1"},"canonical":"https:\/\/www.mines-stetienne.fr\/panoramines\/2020\/09\/30\/mines-saint-etienne-participe-a-la-creation-du-1er-consortium-ouvert-pour-le-developpement-des-sciences-de-lingenieur-au-service-de-la-sante-publique\/","og_locale":"fr_FR","og_type":"article","og_title":"Mines Saint-Etienne participe \u00e0 la cr\u00e9ation du 1er consortium ouvert pour le d\u00e9veloppement des sciences de l\u2019ing\u00e9nieur au service de la sant\u00e9 publique ! - Panoramines","og_description":"Face \u00e0 l\u2019importance et \u00e0 la croissance des technologies innovantes dans le domaine de la sant\u00e9 publique et dans l\u2019organisation de nos syst\u00e8mes de sant\u00e9, ainsi que la n\u00e9cessit\u00e9 de mieux faire converger l\u2019enseignement de la sant\u00e9 publique et des &hellip;","og_url":"https:\/\/www.mines-stetienne.fr\/panoramines\/2020\/09\/30\/mines-saint-etienne-participe-a-la-creation-du-1er-consortium-ouvert-pour-le-developpement-des-sciences-de-lingenieur-au-service-de-la-sante-publique\/","og_site_name":"Panoramines","article_published_time":"2020-09-30T13:50:10+00:00","article_modified_time":"2020-10-26T09:58:53+00:00","og_image":[{"width":640,"height":360,"url":"https:\/\/www.mines-stetienne.fr\/panoramines\/wp-content\/uploads\/sites\/3\/2020\/09\/consortium.jpg","type":"image\/jpeg"}],"author":"MAGAND Sophie","twitter_card":"summary_large_image","twitter_misc":{"\u00c9crit par":"MAGAND Sophie","Dur\u00e9e de lecture estim\u00e9e":"1 minute"},"schema":{"@context":"https:\/\/schema.org","@graph":[{"@type":"Article","@id":"https:\/\/www.mines-stetienne.fr\/panoramines\/2020\/09\/30\/mines-saint-etienne-participe-a-la-creation-du-1er-consortium-ouvert-pour-le-developpement-des-sciences-de-lingenieur-au-service-de-la-sante-publique\/#article","isPartOf":{"@id":"https:\/\/www.mines-stetienne.fr\/panoramines\/2020\/09\/30\/mines-saint-etienne-participe-a-la-creation-du-1er-consortium-ouvert-pour-le-developpement-des-sciences-de-lingenieur-au-service-de-la-sante-publique\/"},"author":{"name":"MAGAND Sophie","@id":"https:\/\/www.mines-stetienne.fr\/panoramines\/#\/schema\/person\/922fd864c916079c0d955e11ada69d8a"},"headline":"Mines Saint-Etienne participe \u00e0 la cr\u00e9ation du 1er consortium ouvert pour le d\u00e9veloppement des sciences de l\u2019ing\u00e9nieur au service de la sant\u00e9 publique !","datePublished":"2020-09-30T13:50:10+00:00","dateModified":"2020-10-26T09:58:53+00:00","mainEntityOfPage":{"@id":"https:\/\/www.mines-stetienne.fr\/panoramines\/2020\/09\/30\/mines-saint-etienne-participe-a-la-creation-du-1er-consortium-ouvert-pour-le-developpement-des-sciences-de-lingenieur-au-service-de-la-sante-publique\/"},"wordCount":189,"image":{"@id":"https:\/\/www.mines-stetienne.fr\/panoramines\/2020\/09\/30\/mines-saint-etienne-participe-a-la-creation-du-1er-consortium-ouvert-pour-le-developpement-des-sciences-de-lingenieur-au-service-de-la-sante-publique\/#primaryimage"},"thumbnailUrl":"https:\/\/www.mines-stetienne.fr\/panoramines\/wp-content\/uploads\/sites\/3\/2020\/09\/consortium.jpg","keywords":["Innovation technique","Sant\u00e9","Technologie"],"articleSection":["Formation"],"inLanguage":"fr-FR"},{"@type":"WebPage","@id":"https:\/\/www.mines-stetienne.fr\/panoramines\/2020\/09\/30\/mines-saint-etienne-participe-a-la-creation-du-1er-consortium-ouvert-pour-le-developpement-des-sciences-de-lingenieur-au-service-de-la-sante-publique\/","url":"https:\/\/www.mines-stetienne.fr\/panoramines\/2020\/09\/30\/mines-saint-etienne-participe-a-la-creation-du-1er-consortium-ouvert-pour-le-developpement-des-sciences-de-lingenieur-au-service-de-la-sante-publique\/","name":"Mines Saint-Etienne participe \u00e0 la cr\u00e9ation du 1er consortium ouvert pour le d\u00e9veloppement des sciences de l\u2019ing\u00e9nieur au service de la sant\u00e9 publique ! - Panoramines","isPartOf":{"@id":"https:\/\/www.mines-stetienne.fr\/panoramines\/#website"},"primaryImageOfPage":{"@id":"https:\/\/www.mines-stetienne.fr\/panoramines\/2020\/09\/30\/mines-saint-etienne-participe-a-la-creation-du-1er-consortium-ouvert-pour-le-developpement-des-sciences-de-lingenieur-au-service-de-la-sante-publique\/#primaryimage"},"image":{"@id":"https:\/\/www.mines-stetienne.fr\/panoramines\/2020\/09\/30\/mines-saint-etienne-participe-a-la-creation-du-1er-consortium-ouvert-pour-le-developpement-des-sciences-de-lingenieur-au-service-de-la-sante-publique\/#primaryimage"},"thumbnailUrl":"https:\/\/www.mines-stetienne.fr\/panoramines\/wp-content\/uploads\/sites\/3\/2020\/09\/consortium.jpg","datePublished":"2020-09-30T13:50:10+00:00","dateModified":"2020-10-26T09:58:53+00:00","author":{"@id":"https:\/\/www.mines-stetienne.fr\/panoramines\/#\/schema\/person\/922fd864c916079c0d955e11ada69d8a"},"breadcrumb":{"@id":"https:\/\/www.mines-stetienne.fr\/panoramines\/2020\/09\/30\/mines-saint-etienne-participe-a-la-creation-du-1er-consortium-ouvert-pour-le-developpement-des-sciences-de-lingenieur-au-service-de-la-sante-publique\/#breadcrumb"},"inLanguage":"fr-FR","potentialAction":[{"@type":"ReadAction","target":["https:\/\/www.mines-stetienne.fr\/panoramines\/2020\/09\/30\/mines-saint-etienne-participe-a-la-creation-du-1er-consortium-ouvert-pour-le-developpement-des-sciences-de-lingenieur-au-service-de-la-sante-publique\/"]}]},{"@type":"ImageObject","inLanguage":"fr-FR","@id":"https:\/\/www.mines-stetienne.fr\/panoramines\/2020\/09\/30\/mines-saint-etienne-participe-a-la-creation-du-1er-consortium-ouvert-pour-le-developpement-des-sciences-de-lingenieur-au-service-de-la-sante-publique\/#primaryimage","url":"https:\/\/www.mines-stetienne.fr\/panoramines\/wp-content\/uploads\/sites\/3\/2020\/09\/consortium.jpg","contentUrl":"https:\/\/www.mines-stetienne.fr\/panoramines\/wp-content\/uploads\/sites\/3\/2020\/09\/consortium.jpg","width":640,"height":360},{"@type":"BreadcrumbList","@id":"https:\/\/www.mines-stetienne.fr\/panoramines\/2020\/09\/30\/mines-saint-etienne-participe-a-la-creation-du-1er-consortium-ouvert-pour-le-developpement-des-sciences-de-lingenieur-au-service-de-la-sante-publique\/#breadcrumb","itemListElement":[{"@type":"ListItem","position":1,"name":"Accueil","item":"https:\/\/www.mines-stetienne.fr\/panoramines\/"},{"@type":"ListItem","position":2,"name":"Mines Saint-Etienne participe \u00e0 la cr\u00e9ation du 1er consortium ouvert pour le d\u00e9veloppement des sciences de l\u2019ing\u00e9nieur au service de la sant\u00e9 publique !"}]},{"@type":"WebSite","@id":"https:\/\/www.mines-stetienne.fr\/panoramines\/#website","url":"https:\/\/www.mines-stetienne.fr\/panoramines\/","name":"Panoramines","description":"Panoramines, l\u2019actualit\u00e9 de MINES Saint-\u00c9tienne","potentialAction":[{"@type":"SearchAction","target":{"@type":"EntryPoint","urlTemplate":"https:\/\/www.mines-stetienne.fr\/panoramines\/?s={search_term_string}"},"query-input":{"@type":"PropertyValueSpecification","valueRequired":true,"valueName":"search_term_string"}}],"inLanguage":"fr-FR"},{"@type":"Person","@id":"https:\/\/www.mines-stetienne.fr\/panoramines\/#\/schema\/person\/922fd864c916079c0d955e11ada69d8a","name":"MAGAND Sophie","image":{"@type":"ImageObject","inLanguage":"fr-FR","@id":"https:\/\/www.mines-stetienne.fr\/panoramines\/wp-content\/uploads\/sites\/3\/2021\/07\/logo-75x75-1.png","url":"https:\/\/www.mines-stetienne.fr\/panoramines\/wp-content\/uploads\/sites\/3\/2021\/07\/logo-75x75-1.png","contentUrl":"https:\/\/www.mines-stetienne.fr\/panoramines\/wp-content\/uploads\/sites\/3\/2021\/07\/logo-75x75-1.png","caption":"MAGAND Sophie"},"url":"https:\/\/www.mines-stetienne.fr\/panoramines\/author\/sophie-magand\/"}]}},"_links":{"self":[{"href":"https:\/\/www.mines-stetienne.fr\/panoramines\/wp-json\/wp\/v2\/posts\/22312","targetHints":{"allow":["GET"]}}],"collection":[{"href":"https:\/\/www.mines-stetienne.fr\/panoramines\/wp-json\/wp\/v2\/posts"}],"about":[{"href":"https:\/\/www.mines-stetienne.fr\/panoramines\/wp-json\/wp\/v2\/types\/post"}],"author":[{"embeddable":true,"href":"https:\/\/www.mines-stetienne.fr\/panoramines\/wp-json\/wp\/v2\/users\/2073"}],"replies":[{"embeddable":true,"href":"https:\/\/www.mines-stetienne.fr\/panoramines\/wp-json\/wp\/v2\/comments?post=22312"}],"version-history":[{"count":2,"href":"https:\/\/www.mines-stetienne.fr\/panoramines\/wp-json\/wp\/v2\/posts\/22312\/revisions"}],"predecessor-version":[{"id":22316,"href":"https:\/\/www.mines-stetienne.fr\/panoramines\/wp-json\/wp\/v2\/posts\/22312\/revisions\/22316"}],"wp:featuredmedia":[{"embeddable":true,"href":"https:\/\/www.mines-stetienne.fr\/panoramines\/wp-json\/wp\/v2\/media\/22317"}],"wp:attachment":[{"href":"https:\/\/www.mines-stetienne.fr\/panoramines\/wp-json\/wp\/v2\/media?parent=22312"}],"wp:term":[{"taxonomy":"category","embeddable":true,"href":"https:\/\/www.mines-stetienne.fr\/panoramines\/wp-json\/wp\/v2\/categories?post=22312"},{"taxonomy":"post_tag","embeddable":true,"href":"https:\/\/www.mines-stetienne.fr\/panoramines\/wp-json\/wp\/v2\/tags?post=22312"}],"curies":[{"name":"wp","href":"https:\/\/api.w.org\/{rel}","templated":true}]}}