{"id":22236,"date":"2020-08-28T15:18:35","date_gmt":"2020-08-28T13:18:35","guid":{"rendered":"https:\/\/www.mines-stetienne.fr\/panoramines\/?p=22236"},"modified":"2020-10-23T10:06:55","modified_gmt":"2020-10-23T08:06:55","slug":"cest-la-rentree-bienvenue-aux-nouveaux-eleves-ingenieurs-icm-et-ismin","status":"publish","type":"post","link":"https:\/\/www.mines-stetienne.fr\/panoramines\/2020\/08\/28\/cest-la-rentree-bienvenue-aux-nouveaux-eleves-ingenieurs-icm-et-ismin\/","title":{"rendered":"C\u2019est la rentr\u00e9e, bienvenue aux nouveaux \u00e9l\u00e8ves-ing\u00e9nieurs ICM et ISMIN !"},"content":{"rendered":"\n<p>Rendez-vous le 1<sup>er<\/sup> septembre pour nos \u00e9l\u00e8ves ICM et le 3 septembre pour nos ISMIN.<\/p>\n\n\n\n<p>S\u2019en suivra le tant attendu WANA (week-end d\u2019accueil des nouveaux arrivants) du jeudi 3 au samedi 5 septembre (ICM) et du 11 au 13 septembre (ISMIN)<\/p>\n\n\n\n<p>Bonne rentr\u00e9e \u00e0 tous&nbsp;!<\/p>\n","protected":false},"excerpt":{"rendered":"<p>Rendez-vous le 1er septembre pour nos \u00e9l\u00e8ves ICM et le 3 septembre pour nos ISMIN. S\u2019en suivra le tant attendu WANA (week-end d\u2019accueil des nouveaux arrivants) du jeudi 3 au samedi 5 septembre (ICM) et du 11 au 13 septembre &hellip;<\/p>\n","protected":false},"author":2073,"featured_media":22264,"comment_status":"closed","ping_status":"open","sticky":false,"template":"","format":"standard","meta":{"_relevanssi_hide_post":"","_relevanssi_hide_content":"","_relevanssi_pin_for_all":"","_relevanssi_pin_keywords":"","_relevanssi_unpin_keywords":"","_relevanssi_related_keywords":"","_relevanssi_related_include_ids":"","_relevanssi_related_exclude_ids":"","_relevanssi_related_no_append":"","_relevanssi_related_not_related":"","_relevanssi_related_posts":"","_relevanssi_noindex_reason":"","footnotes":""},"categories":[8],"tags":[24,37,42],"class_list":["post-22236","post","type-post","status-publish","format-standard","has-post-thumbnail","hentry","category-vie-etudiante","tag-formation","tag-icm","tag-ismin"],"pp_statuses_selecting_workflow":false,"pp_workflow_action":"current","pp_status_selection":"publish","pp_force_visibility":null,"pp_subpost_visibility":null,"pp_inherited_force_visibility":null,"pp_inherited_subpost_visibility":null,"yoast_head":"<!-- This site is optimized with the Yoast SEO plugin v27.4 - https:\/\/yoast.com\/product\/yoast-seo-wordpress\/ -->\n<title>C\u2019est la rentr\u00e9e, bienvenue aux nouveaux \u00e9l\u00e8ves-ing\u00e9nieurs ICM et ISMIN ! - Panoramines<\/title>\n<meta name=\"robots\" content=\"index, follow, max-snippet:-1, max-image-preview:large, max-video-preview:-1\" \/>\n<link rel=\"canonical\" href=\"https:\/\/www.mines-stetienne.fr\/panoramines\/2020\/08\/28\/cest-la-rentree-bienvenue-aux-nouveaux-eleves-ingenieurs-icm-et-ismin\/\" \/>\n<meta property=\"og:locale\" content=\"fr_FR\" \/>\n<meta property=\"og:type\" content=\"article\" \/>\n<meta property=\"og:title\" content=\"C\u2019est la rentr\u00e9e, bienvenue aux nouveaux \u00e9l\u00e8ves-ing\u00e9nieurs ICM et ISMIN ! - Panoramines\" \/>\n<meta property=\"og:description\" content=\"Rendez-vous le 1er septembre pour nos \u00e9l\u00e8ves ICM et le 3 septembre pour nos ISMIN. S\u2019en suivra le tant attendu WANA (week-end d\u2019accueil des nouveaux arrivants) du jeudi 3 au samedi 5 septembre (ICM) et du 11 au 13 septembre &hellip;\" \/>\n<meta property=\"og:url\" content=\"https:\/\/www.mines-stetienne.fr\/panoramines\/2020\/08\/28\/cest-la-rentree-bienvenue-aux-nouveaux-eleves-ingenieurs-icm-et-ismin\/\" \/>\n<meta property=\"og:site_name\" content=\"Panoramines\" \/>\n<meta property=\"article:published_time\" content=\"2020-08-28T13:18:35+00:00\" \/>\n<meta property=\"article:modified_time\" content=\"2020-10-23T08:06:55+00:00\" \/>\n<meta property=\"og:image\" content=\"https:\/\/www.mines-stetienne.fr\/panoramines\/wp-content\/uploads\/sites\/3\/2020\/08\/rentree-2.jpg\" \/>\n\t<meta property=\"og:image:width\" content=\"1227\" \/>\n\t<meta property=\"og:image:height\" content=\"458\" \/>\n\t<meta property=\"og:image:type\" content=\"image\/jpeg\" \/>\n<meta name=\"author\" content=\"MAGAND Sophie\" \/>\n<meta name=\"twitter:card\" content=\"summary_large_image\" \/>\n<meta name=\"twitter:label1\" content=\"\u00c9crit par\" \/>\n\t<meta name=\"twitter:data1\" content=\"MAGAND Sophie\" \/>\n<script type=\"application\/ld+json\" class=\"yoast-schema-graph\">{\"@context\":\"https:\\\/\\\/schema.org\",\"@graph\":[{\"@type\":\"Article\",\"@id\":\"https:\\\/\\\/www.mines-stetienne.fr\\\/panoramines\\\/2020\\\/08\\\/28\\\/cest-la-rentree-bienvenue-aux-nouveaux-eleves-ingenieurs-icm-et-ismin\\\/#article\",\"isPartOf\":{\"@id\":\"https:\\\/\\\/www.mines-stetienne.fr\\\/panoramines\\\/2020\\\/08\\\/28\\\/cest-la-rentree-bienvenue-aux-nouveaux-eleves-ingenieurs-icm-et-ismin\\\/\"},\"author\":{\"name\":\"MAGAND Sophie\",\"@id\":\"https:\\\/\\\/www.mines-stetienne.fr\\\/panoramines\\\/#\\\/schema\\\/person\\\/922fd864c916079c0d955e11ada69d8a\"},\"headline\":\"C\u2019est la rentr\u00e9e, bienvenue aux nouveaux \u00e9l\u00e8ves-ing\u00e9nieurs ICM et ISMIN !\",\"datePublished\":\"2020-08-28T13:18:35+00:00\",\"dateModified\":\"2020-10-23T08:06:55+00:00\",\"mainEntityOfPage\":{\"@id\":\"https:\\\/\\\/www.mines-stetienne.fr\\\/panoramines\\\/2020\\\/08\\\/28\\\/cest-la-rentree-bienvenue-aux-nouveaux-eleves-ingenieurs-icm-et-ismin\\\/\"},\"wordCount\":58,\"image\":{\"@id\":\"https:\\\/\\\/www.mines-stetienne.fr\\\/panoramines\\\/2020\\\/08\\\/28\\\/cest-la-rentree-bienvenue-aux-nouveaux-eleves-ingenieurs-icm-et-ismin\\\/#primaryimage\"},\"thumbnailUrl\":\"https:\\\/\\\/www.mines-stetienne.fr\\\/panoramines\\\/wp-content\\\/uploads\\\/sites\\\/3\\\/2020\\\/08\\\/rentree-2.jpg\",\"keywords\":[\"Formation\",\"ICM\",\"ISMIN\"],\"articleSection\":[\"Vie \u00e9tudiante\"],\"inLanguage\":\"fr-FR\"},{\"@type\":\"WebPage\",\"@id\":\"https:\\\/\\\/www.mines-stetienne.fr\\\/panoramines\\\/2020\\\/08\\\/28\\\/cest-la-rentree-bienvenue-aux-nouveaux-eleves-ingenieurs-icm-et-ismin\\\/\",\"url\":\"https:\\\/\\\/www.mines-stetienne.fr\\\/panoramines\\\/2020\\\/08\\\/28\\\/cest-la-rentree-bienvenue-aux-nouveaux-eleves-ingenieurs-icm-et-ismin\\\/\",\"name\":\"C\u2019est la rentr\u00e9e, bienvenue aux nouveaux \u00e9l\u00e8ves-ing\u00e9nieurs ICM et ISMIN ! - Panoramines\",\"isPartOf\":{\"@id\":\"https:\\\/\\\/www.mines-stetienne.fr\\\/panoramines\\\/#website\"},\"primaryImageOfPage\":{\"@id\":\"https:\\\/\\\/www.mines-stetienne.fr\\\/panoramines\\\/2020\\\/08\\\/28\\\/cest-la-rentree-bienvenue-aux-nouveaux-eleves-ingenieurs-icm-et-ismin\\\/#primaryimage\"},\"image\":{\"@id\":\"https:\\\/\\\/www.mines-stetienne.fr\\\/panoramines\\\/2020\\\/08\\\/28\\\/cest-la-rentree-bienvenue-aux-nouveaux-eleves-ingenieurs-icm-et-ismin\\\/#primaryimage\"},\"thumbnailUrl\":\"https:\\\/\\\/www.mines-stetienne.fr\\\/panoramines\\\/wp-content\\\/uploads\\\/sites\\\/3\\\/2020\\\/08\\\/rentree-2.jpg\",\"datePublished\":\"2020-08-28T13:18:35+00:00\",\"dateModified\":\"2020-10-23T08:06:55+00:00\",\"author\":{\"@id\":\"https:\\\/\\\/www.mines-stetienne.fr\\\/panoramines\\\/#\\\/schema\\\/person\\\/922fd864c916079c0d955e11ada69d8a\"},\"breadcrumb\":{\"@id\":\"https:\\\/\\\/www.mines-stetienne.fr\\\/panoramines\\\/2020\\\/08\\\/28\\\/cest-la-rentree-bienvenue-aux-nouveaux-eleves-ingenieurs-icm-et-ismin\\\/#breadcrumb\"},\"inLanguage\":\"fr-FR\",\"potentialAction\":[{\"@type\":\"ReadAction\",\"target\":[\"https:\\\/\\\/www.mines-stetienne.fr\\\/panoramines\\\/2020\\\/08\\\/28\\\/cest-la-rentree-bienvenue-aux-nouveaux-eleves-ingenieurs-icm-et-ismin\\\/\"]}]},{\"@type\":\"ImageObject\",\"inLanguage\":\"fr-FR\",\"@id\":\"https:\\\/\\\/www.mines-stetienne.fr\\\/panoramines\\\/2020\\\/08\\\/28\\\/cest-la-rentree-bienvenue-aux-nouveaux-eleves-ingenieurs-icm-et-ismin\\\/#primaryimage\",\"url\":\"https:\\\/\\\/www.mines-stetienne.fr\\\/panoramines\\\/wp-content\\\/uploads\\\/sites\\\/3\\\/2020\\\/08\\\/rentree-2.jpg\",\"contentUrl\":\"https:\\\/\\\/www.mines-stetienne.fr\\\/panoramines\\\/wp-content\\\/uploads\\\/sites\\\/3\\\/2020\\\/08\\\/rentree-2.jpg\",\"width\":1227,\"height\":458},{\"@type\":\"BreadcrumbList\",\"@id\":\"https:\\\/\\\/www.mines-stetienne.fr\\\/panoramines\\\/2020\\\/08\\\/28\\\/cest-la-rentree-bienvenue-aux-nouveaux-eleves-ingenieurs-icm-et-ismin\\\/#breadcrumb\",\"itemListElement\":[{\"@type\":\"ListItem\",\"position\":1,\"name\":\"Accueil\",\"item\":\"https:\\\/\\\/www.mines-stetienne.fr\\\/panoramines\\\/\"},{\"@type\":\"ListItem\",\"position\":2,\"name\":\"C\u2019est la rentr\u00e9e, bienvenue aux nouveaux \u00e9l\u00e8ves-ing\u00e9nieurs ICM et ISMIN !\"}]},{\"@type\":\"WebSite\",\"@id\":\"https:\\\/\\\/www.mines-stetienne.fr\\\/panoramines\\\/#website\",\"url\":\"https:\\\/\\\/www.mines-stetienne.fr\\\/panoramines\\\/\",\"name\":\"Panoramines\",\"description\":\"Panoramines, l\u2019actualit\u00e9 de MINES Saint-\u00c9tienne\",\"potentialAction\":[{\"@type\":\"SearchAction\",\"target\":{\"@type\":\"EntryPoint\",\"urlTemplate\":\"https:\\\/\\\/www.mines-stetienne.fr\\\/panoramines\\\/?s={search_term_string}\"},\"query-input\":{\"@type\":\"PropertyValueSpecification\",\"valueRequired\":true,\"valueName\":\"search_term_string\"}}],\"inLanguage\":\"fr-FR\"},{\"@type\":\"Person\",\"@id\":\"https:\\\/\\\/www.mines-stetienne.fr\\\/panoramines\\\/#\\\/schema\\\/person\\\/922fd864c916079c0d955e11ada69d8a\",\"name\":\"MAGAND Sophie\",\"image\":{\"@type\":\"ImageObject\",\"inLanguage\":\"fr-FR\",\"@id\":\"https:\\\/\\\/www.mines-stetienne.fr\\\/panoramines\\\/wp-content\\\/uploads\\\/sites\\\/3\\\/2021\\\/07\\\/logo-75x75-1.png\",\"url\":\"https:\\\/\\\/www.mines-stetienne.fr\\\/panoramines\\\/wp-content\\\/uploads\\\/sites\\\/3\\\/2021\\\/07\\\/logo-75x75-1.png\",\"contentUrl\":\"https:\\\/\\\/www.mines-stetienne.fr\\\/panoramines\\\/wp-content\\\/uploads\\\/sites\\\/3\\\/2021\\\/07\\\/logo-75x75-1.png\",\"caption\":\"MAGAND Sophie\"},\"url\":\"https:\\\/\\\/www.mines-stetienne.fr\\\/panoramines\\\/author\\\/sophie-magand\\\/\"}]}<\/script>\n<!-- \/ Yoast SEO plugin. -->","yoast_head_json":{"title":"C\u2019est la rentr\u00e9e, bienvenue aux nouveaux \u00e9l\u00e8ves-ing\u00e9nieurs ICM et ISMIN ! - Panoramines","robots":{"index":"index","follow":"follow","max-snippet":"max-snippet:-1","max-image-preview":"max-image-preview:large","max-video-preview":"max-video-preview:-1"},"canonical":"https:\/\/www.mines-stetienne.fr\/panoramines\/2020\/08\/28\/cest-la-rentree-bienvenue-aux-nouveaux-eleves-ingenieurs-icm-et-ismin\/","og_locale":"fr_FR","og_type":"article","og_title":"C\u2019est la rentr\u00e9e, bienvenue aux nouveaux \u00e9l\u00e8ves-ing\u00e9nieurs ICM et ISMIN ! - Panoramines","og_description":"Rendez-vous le 1er septembre pour nos \u00e9l\u00e8ves ICM et le 3 septembre pour nos ISMIN. S\u2019en suivra le tant attendu WANA (week-end d\u2019accueil des nouveaux arrivants) du jeudi 3 au samedi 5 septembre (ICM) et du 11 au 13 septembre &hellip;","og_url":"https:\/\/www.mines-stetienne.fr\/panoramines\/2020\/08\/28\/cest-la-rentree-bienvenue-aux-nouveaux-eleves-ingenieurs-icm-et-ismin\/","og_site_name":"Panoramines","article_published_time":"2020-08-28T13:18:35+00:00","article_modified_time":"2020-10-23T08:06:55+00:00","og_image":[{"width":1227,"height":458,"url":"https:\/\/www.mines-stetienne.fr\/panoramines\/wp-content\/uploads\/sites\/3\/2020\/08\/rentree-2.jpg","type":"image\/jpeg"}],"author":"MAGAND Sophie","twitter_card":"summary_large_image","twitter_misc":{"\u00c9crit par":"MAGAND Sophie"},"schema":{"@context":"https:\/\/schema.org","@graph":[{"@type":"Article","@id":"https:\/\/www.mines-stetienne.fr\/panoramines\/2020\/08\/28\/cest-la-rentree-bienvenue-aux-nouveaux-eleves-ingenieurs-icm-et-ismin\/#article","isPartOf":{"@id":"https:\/\/www.mines-stetienne.fr\/panoramines\/2020\/08\/28\/cest-la-rentree-bienvenue-aux-nouveaux-eleves-ingenieurs-icm-et-ismin\/"},"author":{"name":"MAGAND Sophie","@id":"https:\/\/www.mines-stetienne.fr\/panoramines\/#\/schema\/person\/922fd864c916079c0d955e11ada69d8a"},"headline":"C\u2019est la rentr\u00e9e, bienvenue aux nouveaux \u00e9l\u00e8ves-ing\u00e9nieurs ICM et ISMIN !","datePublished":"2020-08-28T13:18:35+00:00","dateModified":"2020-10-23T08:06:55+00:00","mainEntityOfPage":{"@id":"https:\/\/www.mines-stetienne.fr\/panoramines\/2020\/08\/28\/cest-la-rentree-bienvenue-aux-nouveaux-eleves-ingenieurs-icm-et-ismin\/"},"wordCount":58,"image":{"@id":"https:\/\/www.mines-stetienne.fr\/panoramines\/2020\/08\/28\/cest-la-rentree-bienvenue-aux-nouveaux-eleves-ingenieurs-icm-et-ismin\/#primaryimage"},"thumbnailUrl":"https:\/\/www.mines-stetienne.fr\/panoramines\/wp-content\/uploads\/sites\/3\/2020\/08\/rentree-2.jpg","keywords":["Formation","ICM","ISMIN"],"articleSection":["Vie \u00e9tudiante"],"inLanguage":"fr-FR"},{"@type":"WebPage","@id":"https:\/\/www.mines-stetienne.fr\/panoramines\/2020\/08\/28\/cest-la-rentree-bienvenue-aux-nouveaux-eleves-ingenieurs-icm-et-ismin\/","url":"https:\/\/www.mines-stetienne.fr\/panoramines\/2020\/08\/28\/cest-la-rentree-bienvenue-aux-nouveaux-eleves-ingenieurs-icm-et-ismin\/","name":"C\u2019est la rentr\u00e9e, bienvenue aux nouveaux \u00e9l\u00e8ves-ing\u00e9nieurs ICM et ISMIN ! - Panoramines","isPartOf":{"@id":"https:\/\/www.mines-stetienne.fr\/panoramines\/#website"},"primaryImageOfPage":{"@id":"https:\/\/www.mines-stetienne.fr\/panoramines\/2020\/08\/28\/cest-la-rentree-bienvenue-aux-nouveaux-eleves-ingenieurs-icm-et-ismin\/#primaryimage"},"image":{"@id":"https:\/\/www.mines-stetienne.fr\/panoramines\/2020\/08\/28\/cest-la-rentree-bienvenue-aux-nouveaux-eleves-ingenieurs-icm-et-ismin\/#primaryimage"},"thumbnailUrl":"https:\/\/www.mines-stetienne.fr\/panoramines\/wp-content\/uploads\/sites\/3\/2020\/08\/rentree-2.jpg","datePublished":"2020-08-28T13:18:35+00:00","dateModified":"2020-10-23T08:06:55+00:00","author":{"@id":"https:\/\/www.mines-stetienne.fr\/panoramines\/#\/schema\/person\/922fd864c916079c0d955e11ada69d8a"},"breadcrumb":{"@id":"https:\/\/www.mines-stetienne.fr\/panoramines\/2020\/08\/28\/cest-la-rentree-bienvenue-aux-nouveaux-eleves-ingenieurs-icm-et-ismin\/#breadcrumb"},"inLanguage":"fr-FR","potentialAction":[{"@type":"ReadAction","target":["https:\/\/www.mines-stetienne.fr\/panoramines\/2020\/08\/28\/cest-la-rentree-bienvenue-aux-nouveaux-eleves-ingenieurs-icm-et-ismin\/"]}]},{"@type":"ImageObject","inLanguage":"fr-FR","@id":"https:\/\/www.mines-stetienne.fr\/panoramines\/2020\/08\/28\/cest-la-rentree-bienvenue-aux-nouveaux-eleves-ingenieurs-icm-et-ismin\/#primaryimage","url":"https:\/\/www.mines-stetienne.fr\/panoramines\/wp-content\/uploads\/sites\/3\/2020\/08\/rentree-2.jpg","contentUrl":"https:\/\/www.mines-stetienne.fr\/panoramines\/wp-content\/uploads\/sites\/3\/2020\/08\/rentree-2.jpg","width":1227,"height":458},{"@type":"BreadcrumbList","@id":"https:\/\/www.mines-stetienne.fr\/panoramines\/2020\/08\/28\/cest-la-rentree-bienvenue-aux-nouveaux-eleves-ingenieurs-icm-et-ismin\/#breadcrumb","itemListElement":[{"@type":"ListItem","position":1,"name":"Accueil","item":"https:\/\/www.mines-stetienne.fr\/panoramines\/"},{"@type":"ListItem","position":2,"name":"C\u2019est la rentr\u00e9e, bienvenue aux nouveaux \u00e9l\u00e8ves-ing\u00e9nieurs ICM et ISMIN !"}]},{"@type":"WebSite","@id":"https:\/\/www.mines-stetienne.fr\/panoramines\/#website","url":"https:\/\/www.mines-stetienne.fr\/panoramines\/","name":"Panoramines","description":"Panoramines, l\u2019actualit\u00e9 de MINES Saint-\u00c9tienne","potentialAction":[{"@type":"SearchAction","target":{"@type":"EntryPoint","urlTemplate":"https:\/\/www.mines-stetienne.fr\/panoramines\/?s={search_term_string}"},"query-input":{"@type":"PropertyValueSpecification","valueRequired":true,"valueName":"search_term_string"}}],"inLanguage":"fr-FR"},{"@type":"Person","@id":"https:\/\/www.mines-stetienne.fr\/panoramines\/#\/schema\/person\/922fd864c916079c0d955e11ada69d8a","name":"MAGAND Sophie","image":{"@type":"ImageObject","inLanguage":"fr-FR","@id":"https:\/\/www.mines-stetienne.fr\/panoramines\/wp-content\/uploads\/sites\/3\/2021\/07\/logo-75x75-1.png","url":"https:\/\/www.mines-stetienne.fr\/panoramines\/wp-content\/uploads\/sites\/3\/2021\/07\/logo-75x75-1.png","contentUrl":"https:\/\/www.mines-stetienne.fr\/panoramines\/wp-content\/uploads\/sites\/3\/2021\/07\/logo-75x75-1.png","caption":"MAGAND Sophie"},"url":"https:\/\/www.mines-stetienne.fr\/panoramines\/author\/sophie-magand\/"}]}},"_links":{"self":[{"href":"https:\/\/www.mines-stetienne.fr\/panoramines\/wp-json\/wp\/v2\/posts\/22236","targetHints":{"allow":["GET"]}}],"collection":[{"href":"https:\/\/www.mines-stetienne.fr\/panoramines\/wp-json\/wp\/v2\/posts"}],"about":[{"href":"https:\/\/www.mines-stetienne.fr\/panoramines\/wp-json\/wp\/v2\/types\/post"}],"author":[{"embeddable":true,"href":"https:\/\/www.mines-stetienne.fr\/panoramines\/wp-json\/wp\/v2\/users\/2073"}],"replies":[{"embeddable":true,"href":"https:\/\/www.mines-stetienne.fr\/panoramines\/wp-json\/wp\/v2\/comments?post=22236"}],"version-history":[{"count":2,"href":"https:\/\/www.mines-stetienne.fr\/panoramines\/wp-json\/wp\/v2\/posts\/22236\/revisions"}],"predecessor-version":[{"id":22429,"href":"https:\/\/www.mines-stetienne.fr\/panoramines\/wp-json\/wp\/v2\/posts\/22236\/revisions\/22429"}],"wp:featuredmedia":[{"embeddable":true,"href":"https:\/\/www.mines-stetienne.fr\/panoramines\/wp-json\/wp\/v2\/media\/22264"}],"wp:attachment":[{"href":"https:\/\/www.mines-stetienne.fr\/panoramines\/wp-json\/wp\/v2\/media?parent=22236"}],"wp:term":[{"taxonomy":"category","embeddable":true,"href":"https:\/\/www.mines-stetienne.fr\/panoramines\/wp-json\/wp\/v2\/categories?post=22236"},{"taxonomy":"post_tag","embeddable":true,"href":"https:\/\/www.mines-stetienne.fr\/panoramines\/wp-json\/wp\/v2\/tags?post=22236"}],"curies":[{"name":"wp","href":"https:\/\/api.w.org\/{rel}","templated":true}]}}