{"id":22182,"date":"2020-07-03T14:21:57","date_gmt":"2020-07-03T12:21:57","guid":{"rendered":"https:\/\/www.mines-stetienne.fr\/panoramines\/?p=22182"},"modified":"2024-03-07T16:42:34","modified_gmt":"2024-03-07T15:42:34","slug":"mines-saint-etienne-a-lhonneur-dans-le-journal-le-monde-pour-le-prix-de-linnovation-urbaine-le-monde-cities-categorie-energie","status":"publish","type":"post","link":"https:\/\/www.mines-stetienne.fr\/panoramines\/2020\/07\/03\/mines-saint-etienne-a-lhonneur-dans-le-journal-le-monde-pour-le-prix-de-linnovation-urbaine-le-monde-cities-categorie-energie\/","title":{"rendered":"Mines Saint-Etienne \u00e0 l\u2019honneur dans le journal Le Monde pour le prix de l&rsquo;innovation urbaine \u00ab Le Monde Cities \u00bb, cat\u00e9gorie \u00ab\u00a0Energie\u00a0\u00bb"},"content":{"rendered":"\n<p><strong>Pour la 5\u00e8me ann\u00e9e cons\u00e9cutive, <em>Le Monde<\/em> d\u00e9cerne ses Prix de l\u2019innovation urbaine \u00abLe Monde\u00bb Cities.<\/strong><\/p>\n\n\n\n<p>61 projets ont \u00e9t\u00e9 soumis au jury par un comit\u00e9 de s\u00e9lection compos\u00e9 de personnalit\u00e9s du monde entier, d\u2019experts des mutations urbaines : \u00e9lus, chercheurs, dirigeants d\u2019entreprise ou de fondations, architectes, urbanistes\u2026<\/p>\n\n\n\n<p><strong>L\u2019heureuse gagnante est la start-up IMOPE by URBS<\/strong>, spin-off de l\u2019\u00e9cole et fond\u00e9e par Maximilien Brossard et Jonathan Villot, tous les 2 issus de Mines Saint-Etienne.<\/p>\n\n\n\n<p>Le journal <em>Le Monde<\/em> met en avant la gen\u00e8se du projet \u00e0 l\u2019\u00e9cole et les synergies avec le centre de recherche et le territoire st\u00e9phanois et lig\u00e9rien, dans une d\u00e9marche entrepreneuriale et scientifique.<br><\/p>\n\n\n\n<p>L&rsquo;actualit\u00e9 est riche pour cette start-up, puisque elle a \u00e9galement re\u00e7u 2 prix coup de c\u0153ur d\u00e9cern\u00e9s par le <strong>CEREMA<\/strong> et l&rsquo;<strong>IGN<\/strong>, dans le cadre du Hackathon <strong>RenovAction<\/strong> port\u00e9 par le <strong>Minist\u00e8re de la Transition \u00c9cologique et Solidaire <\/strong>; coup double salu\u00e9 par la Secr\u00e9taire d\u2019\u00c9tat, Mme Emmanuelle Wargon lors de la remise des prix : <a href=\"https:\/\/youtu.be\/n_mLT2q_hBQ\">https:\/\/youtu.be\/n_mLT2q_hBQ<\/a><\/p>\n\n\n\n<p>Retrouvez l\u2019article sur\u00a0:<br><a href=\"https:\/\/www.lemonde.fr\/smart-cities\/article\/2020\/06\/25\/a-saint-etienne-l-algorithmique-d-imope-aide-a-realiser-des-economies-d-energie_6044109_4811534.html\">https:\/\/www.lemonde.fr\/smart-cities\/article\/2020\/06\/25\/a-saint-etienne-l-algorithmique-d-imope-aide-a-realiser-des-economies-d-energie_6044109_4811534.html<\/a><\/p>\n","protected":false},"excerpt":{"rendered":"<p>Pour la 5\u00e8me ann\u00e9e cons\u00e9cutive, Le Monde d\u00e9cerne ses Prix de l\u2019innovation urbaine \u00abLe Monde\u00bb Cities. 61 projets ont \u00e9t\u00e9 soumis au jury par un comit\u00e9 de s\u00e9lection compos\u00e9 de personnalit\u00e9s du monde entier, d\u2019experts des mutations urbaines : \u00e9lus, &hellip;<\/p>\n","protected":false},"author":2073,"featured_media":22174,"comment_status":"closed","ping_status":"open","sticky":false,"template":"","format":"standard","meta":{"_relevanssi_hide_post":"","_relevanssi_hide_content":"","_relevanssi_pin_for_all":"","_relevanssi_pin_keywords":"","_relevanssi_unpin_keywords":"","_relevanssi_related_keywords":"","_relevanssi_related_include_ids":"","_relevanssi_related_exclude_ids":"","_relevanssi_related_no_append":"","_relevanssi_related_not_related":"","_relevanssi_related_posts":"","_relevanssi_noindex_reason":"","footnotes":""},"categories":[11],"tags":[40,115,561,27],"class_list":["post-22182","post","type-post","status-publish","format-standard","has-post-thumbnail","hentry","category-vie-de-l-ecole","tag-innovation","tag-partenariat","tag-spin-off","tag-start-up"],"pp_statuses_selecting_workflow":false,"pp_workflow_action":"current","pp_status_selection":"publish","pp_force_visibility":null,"pp_subpost_visibility":null,"pp_inherited_force_visibility":null,"pp_inherited_subpost_visibility":null,"yoast_head":"<!-- This site is optimized with the Yoast SEO plugin v27.5 - https:\/\/yoast.com\/product\/yoast-seo-wordpress\/ -->\n<title>Mines Saint-Etienne \u00e0 l\u2019honneur dans le journal Le Monde pour le prix de l&#039;innovation urbaine \u00ab Le Monde Cities \u00bb, cat\u00e9gorie &quot;Energie&quot; - Panoramines<\/title>\n<meta name=\"robots\" content=\"index, follow, max-snippet:-1, max-image-preview:large, max-video-preview:-1\" \/>\n<link rel=\"canonical\" href=\"https:\/\/www.mines-stetienne.fr\/panoramines\/2020\/07\/03\/mines-saint-etienne-a-lhonneur-dans-le-journal-le-monde-pour-le-prix-de-linnovation-urbaine-le-monde-cities-categorie-energie\/\" \/>\n<meta property=\"og:locale\" content=\"fr_FR\" \/>\n<meta property=\"og:type\" content=\"article\" \/>\n<meta property=\"og:title\" content=\"Mines Saint-Etienne \u00e0 l\u2019honneur dans le journal Le Monde pour le prix de l&#039;innovation urbaine \u00ab Le Monde Cities \u00bb, cat\u00e9gorie &quot;Energie&quot; - Panoramines\" \/>\n<meta property=\"og:description\" content=\"Pour la 5\u00e8me ann\u00e9e cons\u00e9cutive, Le Monde d\u00e9cerne ses Prix de l\u2019innovation urbaine \u00abLe Monde\u00bb Cities. 61 projets ont \u00e9t\u00e9 soumis au jury par un comit\u00e9 de s\u00e9lection compos\u00e9 de personnalit\u00e9s du monde entier, d\u2019experts des mutations urbaines : \u00e9lus, &hellip;\" \/>\n<meta property=\"og:url\" content=\"https:\/\/www.mines-stetienne.fr\/panoramines\/2020\/07\/03\/mines-saint-etienne-a-lhonneur-dans-le-journal-le-monde-pour-le-prix-de-linnovation-urbaine-le-monde-cities-categorie-energie\/\" \/>\n<meta property=\"og:site_name\" content=\"Panoramines\" \/>\n<meta property=\"article:published_time\" content=\"2020-07-03T12:21:57+00:00\" \/>\n<meta property=\"article:modified_time\" content=\"2024-03-07T15:42:34+00:00\" \/>\n<meta property=\"og:image\" content=\"https:\/\/www.mines-stetienne.fr\/panoramines\/wp-content\/uploads\/sites\/3\/2020\/07\/6-illustration.jpg\" \/>\n\t<meta property=\"og:image:width\" content=\"558\" \/>\n\t<meta property=\"og:image:height\" content=\"370\" \/>\n\t<meta property=\"og:image:type\" content=\"image\/jpeg\" \/>\n<meta name=\"author\" content=\"MAGAND Sophie\" \/>\n<meta name=\"twitter:card\" content=\"summary_large_image\" \/>\n<meta name=\"twitter:label1\" content=\"\u00c9crit par\" \/>\n\t<meta name=\"twitter:data1\" content=\"MAGAND Sophie\" \/>\n\t<meta name=\"twitter:label2\" content=\"Dur\u00e9e de lecture estim\u00e9e\" \/>\n\t<meta name=\"twitter:data2\" content=\"1 minute\" \/>\n<script type=\"application\/ld+json\" class=\"yoast-schema-graph\">{\"@context\":\"https:\\\/\\\/schema.org\",\"@graph\":[{\"@type\":\"Article\",\"@id\":\"https:\\\/\\\/www.mines-stetienne.fr\\\/panoramines\\\/2020\\\/07\\\/03\\\/mines-saint-etienne-a-lhonneur-dans-le-journal-le-monde-pour-le-prix-de-linnovation-urbaine-le-monde-cities-categorie-energie\\\/#article\",\"isPartOf\":{\"@id\":\"https:\\\/\\\/www.mines-stetienne.fr\\\/panoramines\\\/2020\\\/07\\\/03\\\/mines-saint-etienne-a-lhonneur-dans-le-journal-le-monde-pour-le-prix-de-linnovation-urbaine-le-monde-cities-categorie-energie\\\/\"},\"author\":{\"name\":\"MAGAND Sophie\",\"@id\":\"https:\\\/\\\/www.mines-stetienne.fr\\\/panoramines\\\/#\\\/schema\\\/person\\\/922fd864c916079c0d955e11ada69d8a\"},\"headline\":\"Mines Saint-Etienne \u00e0 l\u2019honneur dans le journal Le Monde pour le prix de l&rsquo;innovation urbaine \u00ab Le Monde Cities \u00bb, cat\u00e9gorie \u00ab\u00a0Energie\u00a0\u00bb\",\"datePublished\":\"2020-07-03T12:21:57+00:00\",\"dateModified\":\"2024-03-07T15:42:34+00:00\",\"mainEntityOfPage\":{\"@id\":\"https:\\\/\\\/www.mines-stetienne.fr\\\/panoramines\\\/2020\\\/07\\\/03\\\/mines-saint-etienne-a-lhonneur-dans-le-journal-le-monde-pour-le-prix-de-linnovation-urbaine-le-monde-cities-categorie-energie\\\/\"},\"wordCount\":219,\"image\":{\"@id\":\"https:\\\/\\\/www.mines-stetienne.fr\\\/panoramines\\\/2020\\\/07\\\/03\\\/mines-saint-etienne-a-lhonneur-dans-le-journal-le-monde-pour-le-prix-de-linnovation-urbaine-le-monde-cities-categorie-energie\\\/#primaryimage\"},\"thumbnailUrl\":\"https:\\\/\\\/www.mines-stetienne.fr\\\/panoramines\\\/wp-content\\\/uploads\\\/sites\\\/3\\\/2020\\\/07\\\/6-illustration.jpg\",\"keywords\":[\"Innovation\",\"Partenariat\",\"Spin-off\",\"Start-up\"],\"articleSection\":[\"Vie de l'\u00c9cole\"],\"inLanguage\":\"fr-FR\"},{\"@type\":\"WebPage\",\"@id\":\"https:\\\/\\\/www.mines-stetienne.fr\\\/panoramines\\\/2020\\\/07\\\/03\\\/mines-saint-etienne-a-lhonneur-dans-le-journal-le-monde-pour-le-prix-de-linnovation-urbaine-le-monde-cities-categorie-energie\\\/\",\"url\":\"https:\\\/\\\/www.mines-stetienne.fr\\\/panoramines\\\/2020\\\/07\\\/03\\\/mines-saint-etienne-a-lhonneur-dans-le-journal-le-monde-pour-le-prix-de-linnovation-urbaine-le-monde-cities-categorie-energie\\\/\",\"name\":\"Mines Saint-Etienne \u00e0 l\u2019honneur dans le journal Le Monde pour le prix de l'innovation urbaine \u00ab Le Monde Cities \u00bb, cat\u00e9gorie \\\"Energie\\\" - Panoramines\",\"isPartOf\":{\"@id\":\"https:\\\/\\\/www.mines-stetienne.fr\\\/panoramines\\\/#website\"},\"primaryImageOfPage\":{\"@id\":\"https:\\\/\\\/www.mines-stetienne.fr\\\/panoramines\\\/2020\\\/07\\\/03\\\/mines-saint-etienne-a-lhonneur-dans-le-journal-le-monde-pour-le-prix-de-linnovation-urbaine-le-monde-cities-categorie-energie\\\/#primaryimage\"},\"image\":{\"@id\":\"https:\\\/\\\/www.mines-stetienne.fr\\\/panoramines\\\/2020\\\/07\\\/03\\\/mines-saint-etienne-a-lhonneur-dans-le-journal-le-monde-pour-le-prix-de-linnovation-urbaine-le-monde-cities-categorie-energie\\\/#primaryimage\"},\"thumbnailUrl\":\"https:\\\/\\\/www.mines-stetienne.fr\\\/panoramines\\\/wp-content\\\/uploads\\\/sites\\\/3\\\/2020\\\/07\\\/6-illustration.jpg\",\"datePublished\":\"2020-07-03T12:21:57+00:00\",\"dateModified\":\"2024-03-07T15:42:34+00:00\",\"author\":{\"@id\":\"https:\\\/\\\/www.mines-stetienne.fr\\\/panoramines\\\/#\\\/schema\\\/person\\\/922fd864c916079c0d955e11ada69d8a\"},\"breadcrumb\":{\"@id\":\"https:\\\/\\\/www.mines-stetienne.fr\\\/panoramines\\\/2020\\\/07\\\/03\\\/mines-saint-etienne-a-lhonneur-dans-le-journal-le-monde-pour-le-prix-de-linnovation-urbaine-le-monde-cities-categorie-energie\\\/#breadcrumb\"},\"inLanguage\":\"fr-FR\",\"potentialAction\":[{\"@type\":\"ReadAction\",\"target\":[\"https:\\\/\\\/www.mines-stetienne.fr\\\/panoramines\\\/2020\\\/07\\\/03\\\/mines-saint-etienne-a-lhonneur-dans-le-journal-le-monde-pour-le-prix-de-linnovation-urbaine-le-monde-cities-categorie-energie\\\/\"]}]},{\"@type\":\"ImageObject\",\"inLanguage\":\"fr-FR\",\"@id\":\"https:\\\/\\\/www.mines-stetienne.fr\\\/panoramines\\\/2020\\\/07\\\/03\\\/mines-saint-etienne-a-lhonneur-dans-le-journal-le-monde-pour-le-prix-de-linnovation-urbaine-le-monde-cities-categorie-energie\\\/#primaryimage\",\"url\":\"https:\\\/\\\/www.mines-stetienne.fr\\\/panoramines\\\/wp-content\\\/uploads\\\/sites\\\/3\\\/2020\\\/07\\\/6-illustration.jpg\",\"contentUrl\":\"https:\\\/\\\/www.mines-stetienne.fr\\\/panoramines\\\/wp-content\\\/uploads\\\/sites\\\/3\\\/2020\\\/07\\\/6-illustration.jpg\",\"width\":558,\"height\":370},{\"@type\":\"BreadcrumbList\",\"@id\":\"https:\\\/\\\/www.mines-stetienne.fr\\\/panoramines\\\/2020\\\/07\\\/03\\\/mines-saint-etienne-a-lhonneur-dans-le-journal-le-monde-pour-le-prix-de-linnovation-urbaine-le-monde-cities-categorie-energie\\\/#breadcrumb\",\"itemListElement\":[{\"@type\":\"ListItem\",\"position\":1,\"name\":\"Accueil\",\"item\":\"https:\\\/\\\/www.mines-stetienne.fr\\\/panoramines\\\/\"},{\"@type\":\"ListItem\",\"position\":2,\"name\":\"Mines Saint-Etienne \u00e0 l\u2019honneur dans le journal Le Monde pour le prix de l&rsquo;innovation urbaine \u00ab Le Monde Cities \u00bb, cat\u00e9gorie \u00ab\u00a0Energie\u00a0\u00bb\"}]},{\"@type\":\"WebSite\",\"@id\":\"https:\\\/\\\/www.mines-stetienne.fr\\\/panoramines\\\/#website\",\"url\":\"https:\\\/\\\/www.mines-stetienne.fr\\\/panoramines\\\/\",\"name\":\"Panoramines\",\"description\":\"Panoramines, l\u2019actualit\u00e9 de MINES Saint-\u00c9tienne\",\"potentialAction\":[{\"@type\":\"SearchAction\",\"target\":{\"@type\":\"EntryPoint\",\"urlTemplate\":\"https:\\\/\\\/www.mines-stetienne.fr\\\/panoramines\\\/?s={search_term_string}\"},\"query-input\":{\"@type\":\"PropertyValueSpecification\",\"valueRequired\":true,\"valueName\":\"search_term_string\"}}],\"inLanguage\":\"fr-FR\"},{\"@type\":\"Person\",\"@id\":\"https:\\\/\\\/www.mines-stetienne.fr\\\/panoramines\\\/#\\\/schema\\\/person\\\/922fd864c916079c0d955e11ada69d8a\",\"name\":\"MAGAND Sophie\",\"image\":{\"@type\":\"ImageObject\",\"inLanguage\":\"fr-FR\",\"@id\":\"https:\\\/\\\/www.mines-stetienne.fr\\\/panoramines\\\/wp-content\\\/uploads\\\/sites\\\/3\\\/2021\\\/07\\\/logo-75x75-1.png\",\"url\":\"https:\\\/\\\/www.mines-stetienne.fr\\\/panoramines\\\/wp-content\\\/uploads\\\/sites\\\/3\\\/2021\\\/07\\\/logo-75x75-1.png\",\"contentUrl\":\"https:\\\/\\\/www.mines-stetienne.fr\\\/panoramines\\\/wp-content\\\/uploads\\\/sites\\\/3\\\/2021\\\/07\\\/logo-75x75-1.png\",\"caption\":\"MAGAND Sophie\"},\"url\":\"https:\\\/\\\/www.mines-stetienne.fr\\\/panoramines\\\/author\\\/sophie-magand\\\/\"}]}<\/script>\n<!-- \/ Yoast SEO plugin. -->","yoast_head_json":{"title":"Mines Saint-Etienne \u00e0 l\u2019honneur dans le journal Le Monde pour le prix de l'innovation urbaine \u00ab Le Monde Cities \u00bb, cat\u00e9gorie \"Energie\" - Panoramines","robots":{"index":"index","follow":"follow","max-snippet":"max-snippet:-1","max-image-preview":"max-image-preview:large","max-video-preview":"max-video-preview:-1"},"canonical":"https:\/\/www.mines-stetienne.fr\/panoramines\/2020\/07\/03\/mines-saint-etienne-a-lhonneur-dans-le-journal-le-monde-pour-le-prix-de-linnovation-urbaine-le-monde-cities-categorie-energie\/","og_locale":"fr_FR","og_type":"article","og_title":"Mines Saint-Etienne \u00e0 l\u2019honneur dans le journal Le Monde pour le prix de l'innovation urbaine \u00ab Le Monde Cities \u00bb, cat\u00e9gorie \"Energie\" - Panoramines","og_description":"Pour la 5\u00e8me ann\u00e9e cons\u00e9cutive, Le Monde d\u00e9cerne ses Prix de l\u2019innovation urbaine \u00abLe Monde\u00bb Cities. 61 projets ont \u00e9t\u00e9 soumis au jury par un comit\u00e9 de s\u00e9lection compos\u00e9 de personnalit\u00e9s du monde entier, d\u2019experts des mutations urbaines : \u00e9lus, &hellip;","og_url":"https:\/\/www.mines-stetienne.fr\/panoramines\/2020\/07\/03\/mines-saint-etienne-a-lhonneur-dans-le-journal-le-monde-pour-le-prix-de-linnovation-urbaine-le-monde-cities-categorie-energie\/","og_site_name":"Panoramines","article_published_time":"2020-07-03T12:21:57+00:00","article_modified_time":"2024-03-07T15:42:34+00:00","og_image":[{"width":558,"height":370,"url":"https:\/\/www.mines-stetienne.fr\/panoramines\/wp-content\/uploads\/sites\/3\/2020\/07\/6-illustration.jpg","type":"image\/jpeg"}],"author":"MAGAND Sophie","twitter_card":"summary_large_image","twitter_misc":{"\u00c9crit par":"MAGAND Sophie","Dur\u00e9e de lecture estim\u00e9e":"1 minute"},"schema":{"@context":"https:\/\/schema.org","@graph":[{"@type":"Article","@id":"https:\/\/www.mines-stetienne.fr\/panoramines\/2020\/07\/03\/mines-saint-etienne-a-lhonneur-dans-le-journal-le-monde-pour-le-prix-de-linnovation-urbaine-le-monde-cities-categorie-energie\/#article","isPartOf":{"@id":"https:\/\/www.mines-stetienne.fr\/panoramines\/2020\/07\/03\/mines-saint-etienne-a-lhonneur-dans-le-journal-le-monde-pour-le-prix-de-linnovation-urbaine-le-monde-cities-categorie-energie\/"},"author":{"name":"MAGAND Sophie","@id":"https:\/\/www.mines-stetienne.fr\/panoramines\/#\/schema\/person\/922fd864c916079c0d955e11ada69d8a"},"headline":"Mines Saint-Etienne \u00e0 l\u2019honneur dans le journal Le Monde pour le prix de l&rsquo;innovation urbaine \u00ab Le Monde Cities \u00bb, cat\u00e9gorie \u00ab\u00a0Energie\u00a0\u00bb","datePublished":"2020-07-03T12:21:57+00:00","dateModified":"2024-03-07T15:42:34+00:00","mainEntityOfPage":{"@id":"https:\/\/www.mines-stetienne.fr\/panoramines\/2020\/07\/03\/mines-saint-etienne-a-lhonneur-dans-le-journal-le-monde-pour-le-prix-de-linnovation-urbaine-le-monde-cities-categorie-energie\/"},"wordCount":219,"image":{"@id":"https:\/\/www.mines-stetienne.fr\/panoramines\/2020\/07\/03\/mines-saint-etienne-a-lhonneur-dans-le-journal-le-monde-pour-le-prix-de-linnovation-urbaine-le-monde-cities-categorie-energie\/#primaryimage"},"thumbnailUrl":"https:\/\/www.mines-stetienne.fr\/panoramines\/wp-content\/uploads\/sites\/3\/2020\/07\/6-illustration.jpg","keywords":["Innovation","Partenariat","Spin-off","Start-up"],"articleSection":["Vie de l'\u00c9cole"],"inLanguage":"fr-FR"},{"@type":"WebPage","@id":"https:\/\/www.mines-stetienne.fr\/panoramines\/2020\/07\/03\/mines-saint-etienne-a-lhonneur-dans-le-journal-le-monde-pour-le-prix-de-linnovation-urbaine-le-monde-cities-categorie-energie\/","url":"https:\/\/www.mines-stetienne.fr\/panoramines\/2020\/07\/03\/mines-saint-etienne-a-lhonneur-dans-le-journal-le-monde-pour-le-prix-de-linnovation-urbaine-le-monde-cities-categorie-energie\/","name":"Mines Saint-Etienne \u00e0 l\u2019honneur dans le journal Le Monde pour le prix de l'innovation urbaine \u00ab Le Monde Cities \u00bb, cat\u00e9gorie \"Energie\" - Panoramines","isPartOf":{"@id":"https:\/\/www.mines-stetienne.fr\/panoramines\/#website"},"primaryImageOfPage":{"@id":"https:\/\/www.mines-stetienne.fr\/panoramines\/2020\/07\/03\/mines-saint-etienne-a-lhonneur-dans-le-journal-le-monde-pour-le-prix-de-linnovation-urbaine-le-monde-cities-categorie-energie\/#primaryimage"},"image":{"@id":"https:\/\/www.mines-stetienne.fr\/panoramines\/2020\/07\/03\/mines-saint-etienne-a-lhonneur-dans-le-journal-le-monde-pour-le-prix-de-linnovation-urbaine-le-monde-cities-categorie-energie\/#primaryimage"},"thumbnailUrl":"https:\/\/www.mines-stetienne.fr\/panoramines\/wp-content\/uploads\/sites\/3\/2020\/07\/6-illustration.jpg","datePublished":"2020-07-03T12:21:57+00:00","dateModified":"2024-03-07T15:42:34+00:00","author":{"@id":"https:\/\/www.mines-stetienne.fr\/panoramines\/#\/schema\/person\/922fd864c916079c0d955e11ada69d8a"},"breadcrumb":{"@id":"https:\/\/www.mines-stetienne.fr\/panoramines\/2020\/07\/03\/mines-saint-etienne-a-lhonneur-dans-le-journal-le-monde-pour-le-prix-de-linnovation-urbaine-le-monde-cities-categorie-energie\/#breadcrumb"},"inLanguage":"fr-FR","potentialAction":[{"@type":"ReadAction","target":["https:\/\/www.mines-stetienne.fr\/panoramines\/2020\/07\/03\/mines-saint-etienne-a-lhonneur-dans-le-journal-le-monde-pour-le-prix-de-linnovation-urbaine-le-monde-cities-categorie-energie\/"]}]},{"@type":"ImageObject","inLanguage":"fr-FR","@id":"https:\/\/www.mines-stetienne.fr\/panoramines\/2020\/07\/03\/mines-saint-etienne-a-lhonneur-dans-le-journal-le-monde-pour-le-prix-de-linnovation-urbaine-le-monde-cities-categorie-energie\/#primaryimage","url":"https:\/\/www.mines-stetienne.fr\/panoramines\/wp-content\/uploads\/sites\/3\/2020\/07\/6-illustration.jpg","contentUrl":"https:\/\/www.mines-stetienne.fr\/panoramines\/wp-content\/uploads\/sites\/3\/2020\/07\/6-illustration.jpg","width":558,"height":370},{"@type":"BreadcrumbList","@id":"https:\/\/www.mines-stetienne.fr\/panoramines\/2020\/07\/03\/mines-saint-etienne-a-lhonneur-dans-le-journal-le-monde-pour-le-prix-de-linnovation-urbaine-le-monde-cities-categorie-energie\/#breadcrumb","itemListElement":[{"@type":"ListItem","position":1,"name":"Accueil","item":"https:\/\/www.mines-stetienne.fr\/panoramines\/"},{"@type":"ListItem","position":2,"name":"Mines Saint-Etienne \u00e0 l\u2019honneur dans le journal Le Monde pour le prix de l&rsquo;innovation urbaine \u00ab Le Monde Cities \u00bb, cat\u00e9gorie \u00ab\u00a0Energie\u00a0\u00bb"}]},{"@type":"WebSite","@id":"https:\/\/www.mines-stetienne.fr\/panoramines\/#website","url":"https:\/\/www.mines-stetienne.fr\/panoramines\/","name":"Panoramines","description":"Panoramines, l\u2019actualit\u00e9 de MINES Saint-\u00c9tienne","potentialAction":[{"@type":"SearchAction","target":{"@type":"EntryPoint","urlTemplate":"https:\/\/www.mines-stetienne.fr\/panoramines\/?s={search_term_string}"},"query-input":{"@type":"PropertyValueSpecification","valueRequired":true,"valueName":"search_term_string"}}],"inLanguage":"fr-FR"},{"@type":"Person","@id":"https:\/\/www.mines-stetienne.fr\/panoramines\/#\/schema\/person\/922fd864c916079c0d955e11ada69d8a","name":"MAGAND Sophie","image":{"@type":"ImageObject","inLanguage":"fr-FR","@id":"https:\/\/www.mines-stetienne.fr\/panoramines\/wp-content\/uploads\/sites\/3\/2021\/07\/logo-75x75-1.png","url":"https:\/\/www.mines-stetienne.fr\/panoramines\/wp-content\/uploads\/sites\/3\/2021\/07\/logo-75x75-1.png","contentUrl":"https:\/\/www.mines-stetienne.fr\/panoramines\/wp-content\/uploads\/sites\/3\/2021\/07\/logo-75x75-1.png","caption":"MAGAND Sophie"},"url":"https:\/\/www.mines-stetienne.fr\/panoramines\/author\/sophie-magand\/"}]}},"_links":{"self":[{"href":"https:\/\/www.mines-stetienne.fr\/panoramines\/wp-json\/wp\/v2\/posts\/22182","targetHints":{"allow":["GET"]}}],"collection":[{"href":"https:\/\/www.mines-stetienne.fr\/panoramines\/wp-json\/wp\/v2\/posts"}],"about":[{"href":"https:\/\/www.mines-stetienne.fr\/panoramines\/wp-json\/wp\/v2\/types\/post"}],"author":[{"embeddable":true,"href":"https:\/\/www.mines-stetienne.fr\/panoramines\/wp-json\/wp\/v2\/users\/2073"}],"replies":[{"embeddable":true,"href":"https:\/\/www.mines-stetienne.fr\/panoramines\/wp-json\/wp\/v2\/comments?post=22182"}],"version-history":[{"count":4,"href":"https:\/\/www.mines-stetienne.fr\/panoramines\/wp-json\/wp\/v2\/posts\/22182\/revisions"}],"predecessor-version":[{"id":22186,"href":"https:\/\/www.mines-stetienne.fr\/panoramines\/wp-json\/wp\/v2\/posts\/22182\/revisions\/22186"}],"wp:featuredmedia":[{"embeddable":true,"href":"https:\/\/www.mines-stetienne.fr\/panoramines\/wp-json\/wp\/v2\/media\/22174"}],"wp:attachment":[{"href":"https:\/\/www.mines-stetienne.fr\/panoramines\/wp-json\/wp\/v2\/media?parent=22182"}],"wp:term":[{"taxonomy":"category","embeddable":true,"href":"https:\/\/www.mines-stetienne.fr\/panoramines\/wp-json\/wp\/v2\/categories?post=22182"},{"taxonomy":"post_tag","embeddable":true,"href":"https:\/\/www.mines-stetienne.fr\/panoramines\/wp-json\/wp\/v2\/tags?post=22182"}],"curies":[{"name":"wp","href":"https:\/\/api.w.org\/{rel}","templated":true}]}}