{"id":22167,"date":"2020-07-03T14:28:22","date_gmt":"2020-07-03T12:28:22","guid":{"rendered":"https:\/\/www.mines-stetienne.fr\/panoramines\/?p=22167"},"modified":"2020-07-03T14:43:07","modified_gmt":"2020-07-03T12:43:07","slug":"appel-a-projets-industriels-pour-la-rentree-2020-2021","status":"publish","type":"post","link":"https:\/\/www.mines-stetienne.fr\/panoramines\/2020\/07\/03\/appel-a-projets-industriels-pour-la-rentree-2020-2021\/","title":{"rendered":"Appel \u00e0 projets industriels pour la rentr\u00e9e 2020\/2021"},"content":{"rendered":"\n<p>Cette ann\u00e9e, 120 \u00e9tudiants devront r\u00e9aliser un projet industriel au cours de leur formation.<\/p>\n\n\n\n<p>Vous \u00eates une entreprise avec un projet ou une id\u00e9e \u00e0 \u00e9valuer, contactez-nous&nbsp;!<\/p>\n\n\n\n<p>Nous vous offrons la possibilit\u00e9 \u00e0 la prochaine rentr\u00e9e universitaire de&nbsp;:<\/p>\n\n\n\n<ul class=\"wp-block-list\"><li>r\u00e9aliser une \u00e9tude de faisabilit\u00e9 de votre projet et\/ou un avant-projet<\/li><li>poursuivre la mission d\u2019un stage ou d\u2019une \u00e9tude d\u00e9j\u00e0 r\u00e9alis\u00e9e au sein de votre soci\u00e9t\u00e9.<\/li><\/ul>\n\n\n\n<p>Ces projets se d\u00e9roulent au cours du 1er semestre de la derni\u00e8re ann\u00e9e de formation, soit de mi-septembre \u00e0 fin janvier. Une journ\u00e9e par semaine est consacr\u00e9e au projet \u00e0 l\u2019emploi du temps et les \u00e9tudiants doivent aussi y consacrer un temps \u00e9quivalent en travail personnel.<\/p>\n\n\n\n<p>Pour soumettre un projet, la proposition doit \u00eatre adress\u00e9e avant <strong>le 30 juillet 2020<\/strong> en remplissant le formulaire : <a href=\"http:\/\/www.mines-stetienne.fr\/fiche-de-proposition-de-projet-industriel\/\">http:\/\/www.mines-stetienne.fr\/fiche-de-proposition-de-projet-industriel\/<\/a><\/p>\n\n\n\n<p>Les attributions des projets industriels aux \u00e9tudiants se feront courant septembre.<br><\/p>\n\n\n\n<p><a aria-label=\"undefined (s\u2019ouvre dans un nouvel onglet)\" href=\"https:\/\/www.mines-stetienne.fr\/panoramines\/wp-content\/uploads\/sites\/3\/2020\/07\/projets-industriels-ICM-2020-web.pdf\" target=\"_blank\" rel=\"noreferrer noopener\"><strong>Pour en savoir +&nbsp;:<\/strong><\/a><\/p>\n\n\n\n<figure class=\"wp-block-image size-large is-resized\"><img loading=\"lazy\" decoding=\"async\" src=\"https:\/\/www.mines-stetienne.fr\/panoramines\/wp-content\/uploads\/sites\/3\/2020\/07\/5-illustration.jpg\" alt=\"\" class=\"wp-image-22176\" width=\"119\" height=\"171\" srcset=\"https:\/\/www.mines-stetienne.fr\/panoramines\/wp-content\/uploads\/sites\/3\/2020\/07\/5-illustration.jpg 477w, https:\/\/www.mines-stetienne.fr\/panoramines\/wp-content\/uploads\/sites\/3\/2020\/07\/5-illustration-210x300.jpg 210w\" sizes=\"auto, (max-width: 119px) 100vw, 119px\" \/><\/figure>\n\n\n\n<p><\/p>\n\n\n\n<p><\/p>\n\n\n\n<p><\/p>\n","protected":false},"excerpt":{"rendered":"<p>Cette ann\u00e9e, 120 \u00e9tudiants devront r\u00e9aliser un projet industriel au cours de leur formation. Vous \u00eates une entreprise avec un projet ou une id\u00e9e \u00e0 \u00e9valuer, contactez-nous&nbsp;! Nous vous offrons la possibilit\u00e9 \u00e0 la prochaine rentr\u00e9e universitaire de&nbsp;: r\u00e9aliser une &hellip;<\/p>\n","protected":false},"author":2073,"featured_media":22176,"comment_status":"closed","ping_status":"open","sticky":false,"template":"","format":"standard","meta":{"_relevanssi_hide_post":"","_relevanssi_hide_content":"","_relevanssi_pin_for_all":"","_relevanssi_pin_keywords":"","_relevanssi_unpin_keywords":"","_relevanssi_related_keywords":"","_relevanssi_related_include_ids":"","_relevanssi_related_exclude_ids":"","_relevanssi_related_no_append":"","_relevanssi_related_not_related":"","_relevanssi_related_posts":"","_relevanssi_noindex_reason":"","footnotes":""},"categories":[6],"tags":[24,341,417,40,422],"class_list":["post-22167","post","type-post","status-publish","format-standard","has-post-thumbnail","hentry","category-formation","tag-formation","tag-industrie","tag-ingenieurs","tag-innovation","tag-projets-industriels"],"pp_statuses_selecting_workflow":false,"pp_workflow_action":"current","pp_status_selection":"publish","pp_force_visibility":null,"pp_subpost_visibility":null,"pp_inherited_force_visibility":null,"pp_inherited_subpost_visibility":null,"yoast_head":"<!-- This site is optimized with the Yoast SEO plugin v27.4 - https:\/\/yoast.com\/product\/yoast-seo-wordpress\/ -->\n<title>Appel \u00e0 projets industriels pour la rentr\u00e9e 2020\/2021 - Panoramines<\/title>\n<meta name=\"robots\" content=\"index, follow, max-snippet:-1, max-image-preview:large, max-video-preview:-1\" \/>\n<link rel=\"canonical\" href=\"https:\/\/www.mines-stetienne.fr\/panoramines\/2020\/07\/03\/appel-a-projets-industriels-pour-la-rentree-2020-2021\/\" \/>\n<meta property=\"og:locale\" content=\"fr_FR\" \/>\n<meta property=\"og:type\" content=\"article\" \/>\n<meta property=\"og:title\" content=\"Appel \u00e0 projets industriels pour la rentr\u00e9e 2020\/2021 - Panoramines\" \/>\n<meta property=\"og:description\" content=\"Cette ann\u00e9e, 120 \u00e9tudiants devront r\u00e9aliser un projet industriel au cours de leur formation. Vous \u00eates une entreprise avec un projet ou une id\u00e9e \u00e0 \u00e9valuer, contactez-nous&nbsp;! Nous vous offrons la possibilit\u00e9 \u00e0 la prochaine rentr\u00e9e universitaire de&nbsp;: r\u00e9aliser une &hellip;\" \/>\n<meta property=\"og:url\" content=\"https:\/\/www.mines-stetienne.fr\/panoramines\/2020\/07\/03\/appel-a-projets-industriels-pour-la-rentree-2020-2021\/\" \/>\n<meta property=\"og:site_name\" content=\"Panoramines\" \/>\n<meta property=\"article:published_time\" content=\"2020-07-03T12:28:22+00:00\" \/>\n<meta property=\"article:modified_time\" content=\"2020-07-03T12:43:07+00:00\" \/>\n<meta property=\"og:image\" content=\"https:\/\/www.mines-stetienne.fr\/panoramines\/wp-content\/uploads\/sites\/3\/2020\/07\/5-illustration.jpg\" \/>\n\t<meta property=\"og:image:width\" content=\"477\" \/>\n\t<meta property=\"og:image:height\" content=\"683\" \/>\n\t<meta property=\"og:image:type\" content=\"image\/jpeg\" \/>\n<meta name=\"author\" content=\"MAGAND Sophie\" \/>\n<meta name=\"twitter:card\" content=\"summary_large_image\" \/>\n<meta name=\"twitter:label1\" content=\"\u00c9crit par\" \/>\n\t<meta name=\"twitter:data1\" content=\"MAGAND Sophie\" \/>\n\t<meta name=\"twitter:label2\" content=\"Dur\u00e9e de lecture estim\u00e9e\" \/>\n\t<meta name=\"twitter:data2\" content=\"1 minute\" \/>\n<script type=\"application\/ld+json\" class=\"yoast-schema-graph\">{\"@context\":\"https:\\\/\\\/schema.org\",\"@graph\":[{\"@type\":\"Article\",\"@id\":\"https:\\\/\\\/www.mines-stetienne.fr\\\/panoramines\\\/2020\\\/07\\\/03\\\/appel-a-projets-industriels-pour-la-rentree-2020-2021\\\/#article\",\"isPartOf\":{\"@id\":\"https:\\\/\\\/www.mines-stetienne.fr\\\/panoramines\\\/2020\\\/07\\\/03\\\/appel-a-projets-industriels-pour-la-rentree-2020-2021\\\/\"},\"author\":{\"name\":\"MAGAND Sophie\",\"@id\":\"https:\\\/\\\/www.mines-stetienne.fr\\\/panoramines\\\/#\\\/schema\\\/person\\\/922fd864c916079c0d955e11ada69d8a\"},\"headline\":\"Appel \u00e0 projets industriels pour la rentr\u00e9e 2020\\\/2021\",\"datePublished\":\"2020-07-03T12:28:22+00:00\",\"dateModified\":\"2020-07-03T12:43:07+00:00\",\"mainEntityOfPage\":{\"@id\":\"https:\\\/\\\/www.mines-stetienne.fr\\\/panoramines\\\/2020\\\/07\\\/03\\\/appel-a-projets-industriels-pour-la-rentree-2020-2021\\\/\"},\"wordCount\":169,\"image\":{\"@id\":\"https:\\\/\\\/www.mines-stetienne.fr\\\/panoramines\\\/2020\\\/07\\\/03\\\/appel-a-projets-industriels-pour-la-rentree-2020-2021\\\/#primaryimage\"},\"thumbnailUrl\":\"https:\\\/\\\/www.mines-stetienne.fr\\\/panoramines\\\/wp-content\\\/uploads\\\/sites\\\/3\\\/2020\\\/07\\\/5-illustration.jpg\",\"keywords\":[\"Formation\",\"Industrie\",\"Ing\u00e9nieurs\",\"Innovation\",\"Projets industriels\"],\"articleSection\":[\"Formation\"],\"inLanguage\":\"fr-FR\"},{\"@type\":\"WebPage\",\"@id\":\"https:\\\/\\\/www.mines-stetienne.fr\\\/panoramines\\\/2020\\\/07\\\/03\\\/appel-a-projets-industriels-pour-la-rentree-2020-2021\\\/\",\"url\":\"https:\\\/\\\/www.mines-stetienne.fr\\\/panoramines\\\/2020\\\/07\\\/03\\\/appel-a-projets-industriels-pour-la-rentree-2020-2021\\\/\",\"name\":\"Appel \u00e0 projets industriels pour la rentr\u00e9e 2020\\\/2021 - Panoramines\",\"isPartOf\":{\"@id\":\"https:\\\/\\\/www.mines-stetienne.fr\\\/panoramines\\\/#website\"},\"primaryImageOfPage\":{\"@id\":\"https:\\\/\\\/www.mines-stetienne.fr\\\/panoramines\\\/2020\\\/07\\\/03\\\/appel-a-projets-industriels-pour-la-rentree-2020-2021\\\/#primaryimage\"},\"image\":{\"@id\":\"https:\\\/\\\/www.mines-stetienne.fr\\\/panoramines\\\/2020\\\/07\\\/03\\\/appel-a-projets-industriels-pour-la-rentree-2020-2021\\\/#primaryimage\"},\"thumbnailUrl\":\"https:\\\/\\\/www.mines-stetienne.fr\\\/panoramines\\\/wp-content\\\/uploads\\\/sites\\\/3\\\/2020\\\/07\\\/5-illustration.jpg\",\"datePublished\":\"2020-07-03T12:28:22+00:00\",\"dateModified\":\"2020-07-03T12:43:07+00:00\",\"author\":{\"@id\":\"https:\\\/\\\/www.mines-stetienne.fr\\\/panoramines\\\/#\\\/schema\\\/person\\\/922fd864c916079c0d955e11ada69d8a\"},\"breadcrumb\":{\"@id\":\"https:\\\/\\\/www.mines-stetienne.fr\\\/panoramines\\\/2020\\\/07\\\/03\\\/appel-a-projets-industriels-pour-la-rentree-2020-2021\\\/#breadcrumb\"},\"inLanguage\":\"fr-FR\",\"potentialAction\":[{\"@type\":\"ReadAction\",\"target\":[\"https:\\\/\\\/www.mines-stetienne.fr\\\/panoramines\\\/2020\\\/07\\\/03\\\/appel-a-projets-industriels-pour-la-rentree-2020-2021\\\/\"]}]},{\"@type\":\"ImageObject\",\"inLanguage\":\"fr-FR\",\"@id\":\"https:\\\/\\\/www.mines-stetienne.fr\\\/panoramines\\\/2020\\\/07\\\/03\\\/appel-a-projets-industriels-pour-la-rentree-2020-2021\\\/#primaryimage\",\"url\":\"https:\\\/\\\/www.mines-stetienne.fr\\\/panoramines\\\/wp-content\\\/uploads\\\/sites\\\/3\\\/2020\\\/07\\\/5-illustration.jpg\",\"contentUrl\":\"https:\\\/\\\/www.mines-stetienne.fr\\\/panoramines\\\/wp-content\\\/uploads\\\/sites\\\/3\\\/2020\\\/07\\\/5-illustration.jpg\",\"width\":477,\"height\":683},{\"@type\":\"BreadcrumbList\",\"@id\":\"https:\\\/\\\/www.mines-stetienne.fr\\\/panoramines\\\/2020\\\/07\\\/03\\\/appel-a-projets-industriels-pour-la-rentree-2020-2021\\\/#breadcrumb\",\"itemListElement\":[{\"@type\":\"ListItem\",\"position\":1,\"name\":\"Accueil\",\"item\":\"https:\\\/\\\/www.mines-stetienne.fr\\\/panoramines\\\/\"},{\"@type\":\"ListItem\",\"position\":2,\"name\":\"Appel \u00e0 projets industriels pour la rentr\u00e9e 2020\\\/2021\"}]},{\"@type\":\"WebSite\",\"@id\":\"https:\\\/\\\/www.mines-stetienne.fr\\\/panoramines\\\/#website\",\"url\":\"https:\\\/\\\/www.mines-stetienne.fr\\\/panoramines\\\/\",\"name\":\"Panoramines\",\"description\":\"Panoramines, l\u2019actualit\u00e9 de MINES Saint-\u00c9tienne\",\"potentialAction\":[{\"@type\":\"SearchAction\",\"target\":{\"@type\":\"EntryPoint\",\"urlTemplate\":\"https:\\\/\\\/www.mines-stetienne.fr\\\/panoramines\\\/?s={search_term_string}\"},\"query-input\":{\"@type\":\"PropertyValueSpecification\",\"valueRequired\":true,\"valueName\":\"search_term_string\"}}],\"inLanguage\":\"fr-FR\"},{\"@type\":\"Person\",\"@id\":\"https:\\\/\\\/www.mines-stetienne.fr\\\/panoramines\\\/#\\\/schema\\\/person\\\/922fd864c916079c0d955e11ada69d8a\",\"name\":\"MAGAND Sophie\",\"image\":{\"@type\":\"ImageObject\",\"inLanguage\":\"fr-FR\",\"@id\":\"https:\\\/\\\/www.mines-stetienne.fr\\\/panoramines\\\/wp-content\\\/uploads\\\/sites\\\/3\\\/2021\\\/07\\\/logo-75x75-1.png\",\"url\":\"https:\\\/\\\/www.mines-stetienne.fr\\\/panoramines\\\/wp-content\\\/uploads\\\/sites\\\/3\\\/2021\\\/07\\\/logo-75x75-1.png\",\"contentUrl\":\"https:\\\/\\\/www.mines-stetienne.fr\\\/panoramines\\\/wp-content\\\/uploads\\\/sites\\\/3\\\/2021\\\/07\\\/logo-75x75-1.png\",\"caption\":\"MAGAND Sophie\"},\"url\":\"https:\\\/\\\/www.mines-stetienne.fr\\\/panoramines\\\/author\\\/sophie-magand\\\/\"}]}<\/script>\n<!-- \/ Yoast SEO plugin. -->","yoast_head_json":{"title":"Appel \u00e0 projets industriels pour la rentr\u00e9e 2020\/2021 - Panoramines","robots":{"index":"index","follow":"follow","max-snippet":"max-snippet:-1","max-image-preview":"max-image-preview:large","max-video-preview":"max-video-preview:-1"},"canonical":"https:\/\/www.mines-stetienne.fr\/panoramines\/2020\/07\/03\/appel-a-projets-industriels-pour-la-rentree-2020-2021\/","og_locale":"fr_FR","og_type":"article","og_title":"Appel \u00e0 projets industriels pour la rentr\u00e9e 2020\/2021 - Panoramines","og_description":"Cette ann\u00e9e, 120 \u00e9tudiants devront r\u00e9aliser un projet industriel au cours de leur formation. Vous \u00eates une entreprise avec un projet ou une id\u00e9e \u00e0 \u00e9valuer, contactez-nous&nbsp;! Nous vous offrons la possibilit\u00e9 \u00e0 la prochaine rentr\u00e9e universitaire de&nbsp;: r\u00e9aliser une &hellip;","og_url":"https:\/\/www.mines-stetienne.fr\/panoramines\/2020\/07\/03\/appel-a-projets-industriels-pour-la-rentree-2020-2021\/","og_site_name":"Panoramines","article_published_time":"2020-07-03T12:28:22+00:00","article_modified_time":"2020-07-03T12:43:07+00:00","og_image":[{"width":477,"height":683,"url":"https:\/\/www.mines-stetienne.fr\/panoramines\/wp-content\/uploads\/sites\/3\/2020\/07\/5-illustration.jpg","type":"image\/jpeg"}],"author":"MAGAND Sophie","twitter_card":"summary_large_image","twitter_misc":{"\u00c9crit par":"MAGAND Sophie","Dur\u00e9e de lecture estim\u00e9e":"1 minute"},"schema":{"@context":"https:\/\/schema.org","@graph":[{"@type":"Article","@id":"https:\/\/www.mines-stetienne.fr\/panoramines\/2020\/07\/03\/appel-a-projets-industriels-pour-la-rentree-2020-2021\/#article","isPartOf":{"@id":"https:\/\/www.mines-stetienne.fr\/panoramines\/2020\/07\/03\/appel-a-projets-industriels-pour-la-rentree-2020-2021\/"},"author":{"name":"MAGAND Sophie","@id":"https:\/\/www.mines-stetienne.fr\/panoramines\/#\/schema\/person\/922fd864c916079c0d955e11ada69d8a"},"headline":"Appel \u00e0 projets industriels pour la rentr\u00e9e 2020\/2021","datePublished":"2020-07-03T12:28:22+00:00","dateModified":"2020-07-03T12:43:07+00:00","mainEntityOfPage":{"@id":"https:\/\/www.mines-stetienne.fr\/panoramines\/2020\/07\/03\/appel-a-projets-industriels-pour-la-rentree-2020-2021\/"},"wordCount":169,"image":{"@id":"https:\/\/www.mines-stetienne.fr\/panoramines\/2020\/07\/03\/appel-a-projets-industriels-pour-la-rentree-2020-2021\/#primaryimage"},"thumbnailUrl":"https:\/\/www.mines-stetienne.fr\/panoramines\/wp-content\/uploads\/sites\/3\/2020\/07\/5-illustration.jpg","keywords":["Formation","Industrie","Ing\u00e9nieurs","Innovation","Projets industriels"],"articleSection":["Formation"],"inLanguage":"fr-FR"},{"@type":"WebPage","@id":"https:\/\/www.mines-stetienne.fr\/panoramines\/2020\/07\/03\/appel-a-projets-industriels-pour-la-rentree-2020-2021\/","url":"https:\/\/www.mines-stetienne.fr\/panoramines\/2020\/07\/03\/appel-a-projets-industriels-pour-la-rentree-2020-2021\/","name":"Appel \u00e0 projets industriels pour la rentr\u00e9e 2020\/2021 - Panoramines","isPartOf":{"@id":"https:\/\/www.mines-stetienne.fr\/panoramines\/#website"},"primaryImageOfPage":{"@id":"https:\/\/www.mines-stetienne.fr\/panoramines\/2020\/07\/03\/appel-a-projets-industriels-pour-la-rentree-2020-2021\/#primaryimage"},"image":{"@id":"https:\/\/www.mines-stetienne.fr\/panoramines\/2020\/07\/03\/appel-a-projets-industriels-pour-la-rentree-2020-2021\/#primaryimage"},"thumbnailUrl":"https:\/\/www.mines-stetienne.fr\/panoramines\/wp-content\/uploads\/sites\/3\/2020\/07\/5-illustration.jpg","datePublished":"2020-07-03T12:28:22+00:00","dateModified":"2020-07-03T12:43:07+00:00","author":{"@id":"https:\/\/www.mines-stetienne.fr\/panoramines\/#\/schema\/person\/922fd864c916079c0d955e11ada69d8a"},"breadcrumb":{"@id":"https:\/\/www.mines-stetienne.fr\/panoramines\/2020\/07\/03\/appel-a-projets-industriels-pour-la-rentree-2020-2021\/#breadcrumb"},"inLanguage":"fr-FR","potentialAction":[{"@type":"ReadAction","target":["https:\/\/www.mines-stetienne.fr\/panoramines\/2020\/07\/03\/appel-a-projets-industriels-pour-la-rentree-2020-2021\/"]}]},{"@type":"ImageObject","inLanguage":"fr-FR","@id":"https:\/\/www.mines-stetienne.fr\/panoramines\/2020\/07\/03\/appel-a-projets-industriels-pour-la-rentree-2020-2021\/#primaryimage","url":"https:\/\/www.mines-stetienne.fr\/panoramines\/wp-content\/uploads\/sites\/3\/2020\/07\/5-illustration.jpg","contentUrl":"https:\/\/www.mines-stetienne.fr\/panoramines\/wp-content\/uploads\/sites\/3\/2020\/07\/5-illustration.jpg","width":477,"height":683},{"@type":"BreadcrumbList","@id":"https:\/\/www.mines-stetienne.fr\/panoramines\/2020\/07\/03\/appel-a-projets-industriels-pour-la-rentree-2020-2021\/#breadcrumb","itemListElement":[{"@type":"ListItem","position":1,"name":"Accueil","item":"https:\/\/www.mines-stetienne.fr\/panoramines\/"},{"@type":"ListItem","position":2,"name":"Appel \u00e0 projets industriels pour la rentr\u00e9e 2020\/2021"}]},{"@type":"WebSite","@id":"https:\/\/www.mines-stetienne.fr\/panoramines\/#website","url":"https:\/\/www.mines-stetienne.fr\/panoramines\/","name":"Panoramines","description":"Panoramines, l\u2019actualit\u00e9 de MINES Saint-\u00c9tienne","potentialAction":[{"@type":"SearchAction","target":{"@type":"EntryPoint","urlTemplate":"https:\/\/www.mines-stetienne.fr\/panoramines\/?s={search_term_string}"},"query-input":{"@type":"PropertyValueSpecification","valueRequired":true,"valueName":"search_term_string"}}],"inLanguage":"fr-FR"},{"@type":"Person","@id":"https:\/\/www.mines-stetienne.fr\/panoramines\/#\/schema\/person\/922fd864c916079c0d955e11ada69d8a","name":"MAGAND Sophie","image":{"@type":"ImageObject","inLanguage":"fr-FR","@id":"https:\/\/www.mines-stetienne.fr\/panoramines\/wp-content\/uploads\/sites\/3\/2021\/07\/logo-75x75-1.png","url":"https:\/\/www.mines-stetienne.fr\/panoramines\/wp-content\/uploads\/sites\/3\/2021\/07\/logo-75x75-1.png","contentUrl":"https:\/\/www.mines-stetienne.fr\/panoramines\/wp-content\/uploads\/sites\/3\/2021\/07\/logo-75x75-1.png","caption":"MAGAND Sophie"},"url":"https:\/\/www.mines-stetienne.fr\/panoramines\/author\/sophie-magand\/"}]}},"_links":{"self":[{"href":"https:\/\/www.mines-stetienne.fr\/panoramines\/wp-json\/wp\/v2\/posts\/22167","targetHints":{"allow":["GET"]}}],"collection":[{"href":"https:\/\/www.mines-stetienne.fr\/panoramines\/wp-json\/wp\/v2\/posts"}],"about":[{"href":"https:\/\/www.mines-stetienne.fr\/panoramines\/wp-json\/wp\/v2\/types\/post"}],"author":[{"embeddable":true,"href":"https:\/\/www.mines-stetienne.fr\/panoramines\/wp-json\/wp\/v2\/users\/2073"}],"replies":[{"embeddable":true,"href":"https:\/\/www.mines-stetienne.fr\/panoramines\/wp-json\/wp\/v2\/comments?post=22167"}],"version-history":[{"count":11,"href":"https:\/\/www.mines-stetienne.fr\/panoramines\/wp-json\/wp\/v2\/posts\/22167\/revisions"}],"predecessor-version":[{"id":22201,"href":"https:\/\/www.mines-stetienne.fr\/panoramines\/wp-json\/wp\/v2\/posts\/22167\/revisions\/22201"}],"wp:featuredmedia":[{"embeddable":true,"href":"https:\/\/www.mines-stetienne.fr\/panoramines\/wp-json\/wp\/v2\/media\/22176"}],"wp:attachment":[{"href":"https:\/\/www.mines-stetienne.fr\/panoramines\/wp-json\/wp\/v2\/media?parent=22167"}],"wp:term":[{"taxonomy":"category","embeddable":true,"href":"https:\/\/www.mines-stetienne.fr\/panoramines\/wp-json\/wp\/v2\/categories?post=22167"},{"taxonomy":"post_tag","embeddable":true,"href":"https:\/\/www.mines-stetienne.fr\/panoramines\/wp-json\/wp\/v2\/tags?post=22167"}],"curies":[{"name":"wp","href":"https:\/\/api.w.org\/{rel}","templated":true}]}}