{"id":22131,"date":"2020-06-25T14:45:40","date_gmt":"2020-06-25T12:45:40","guid":{"rendered":"https:\/\/www.mines-stetienne.fr\/panoramines\/?p=22131"},"modified":"2020-07-02T10:43:11","modified_gmt":"2020-07-02T08:43:11","slug":"mines-saint-etienne-propose-3-nouveaux-masters-specialises","status":"publish","type":"post","link":"https:\/\/www.mines-stetienne.fr\/panoramines\/2020\/06\/25\/mines-saint-etienne-propose-3-nouveaux-masters-specialises\/","title":{"rendered":"Mines Saint-Etienne propose 3 nouveaux masters sp\u00e9cialis\u00e9s"},"content":{"rendered":"\n<p><\/p>\n\n\n\n<h3 class=\"wp-block-heading\"><strong>Chef de projet sites et sols pollu\u00e9s<\/strong><\/h3>\n\n\n\n<p>Ce mast\u00e8re sp\u00e9cialis\u00e9, labellis\u00e9 par le p\u00f4le de comp\u00e9titivit\u00e9 Chimie et Environnement AXELERA, est con\u00e7u pour r\u00e9pondre \u00e0 une demande clairement identifi\u00e9e d\u2019expertise en gestion et fili\u00e8res de traitement SSP. Comment\u00a0? En octroyant les outils pour r\u00e9soudre tout probl\u00e8me ou d\u00e9fi li\u00e9 au traitement de ce secteur en constante mutation. Son champ d\u2019activit\u00e9 couvre autant l\u2019accompagnement, l\u2019orientation et le d\u00e9veloppement \u00e9conomique d\u2019un site \u00e0 r\u00e9habiliter que la validation des \u00e9tudes, le suivi du projet, depuis les phases amont jusqu\u2019aux phases aval, la participation au retour d\u2019exp\u00e9rience.<\/p>\n\n\n\n<p><a aria-label=\"undefined (s\u2019ouvre dans un nouvel onglet)\" href=\"https:\/\/www.mines-stetienne.fr\/panoramines\/wp-content\/uploads\/sites\/3\/2020\/06\/Plaquette-MS-SSP_web_05_2020v3.pdf\" target=\"_blank\" rel=\"noreferrer noopener\">Consultez la plaquette<\/a><\/p>\n\n\n\n<p><img loading=\"lazy\" decoding=\"async\" width=\"654\" height=\"857\" class=\"wp-image-22132\" style=\"width: 150px\" src=\"https:\/\/www.mines-stetienne.fr\/panoramines\/wp-content\/uploads\/sites\/3\/2020\/06\/conv-ssp.jpg\" alt=\"\" srcset=\"https:\/\/www.mines-stetienne.fr\/panoramines\/wp-content\/uploads\/sites\/3\/2020\/06\/conv-ssp.jpg 654w, https:\/\/www.mines-stetienne.fr\/panoramines\/wp-content\/uploads\/sites\/3\/2020\/06\/conv-ssp-229x300.jpg 229w\" sizes=\"auto, (max-width: 654px) 100vw, 654px\" \/><\/p>\n\n\n\n<p><\/p>\n\n\n\n<h3 class=\"wp-block-heading\"><strong>Management de la transition industrielle<\/strong><\/h3>\n\n\n\n<p>Ce mast\u00e8re sp\u00e9cialis\u00e9 vise \u00e0 :<\/p>\n\n\n\n<ul class=\"wp-block-list\"><li>R\u00e9pondre aux nouvelles contraintes \u00e9conomiques et opportunit\u00e9s en termes de mondialisation d\u2019initiatives de relocalisation, d\u2019\u00e9volution des march\u00e9s et des \u00e9volutions des comportements clients<\/li><li>Faciliter le d\u00e9ploiement de nouveaux business mod\u00e8les et s\u2019adapter aux \u00e9volutions soci\u00e9tales \u00e0 travers une offre technologique vari\u00e9e<\/li><li>Anticiper les contraintes structurelles sous-jacentes \u00e0 ces \u00e9volutions<\/li><li>Prendre en compte la dimension environnementale et \u00e9nerg\u00e9tique li\u00e9e \u00e0 l\u2019impact de l\u2019activit\u00e9 de l\u2019entreprise<\/li><\/ul>\n\n\n\n<p><a aria-label=\"undefined (s\u2019ouvre dans un nouvel onglet)\" href=\"https:\/\/www.mines-stetienne.fr\/panoramines\/wp-content\/uploads\/sites\/3\/2020\/06\/Plaquette-MS-MTI-web.pdf\" target=\"_blank\" rel=\"noreferrer noopener\">Consultez la plaquette<\/a><\/p>\n\n\n\n<p><img loading=\"lazy\" decoding=\"async\" width=\"576\" height=\"815\" class=\"wp-image-22133\" style=\"width: 150px\" src=\"https:\/\/www.mines-stetienne.fr\/panoramines\/wp-content\/uploads\/sites\/3\/2020\/06\/Couv-MTI.jpg\" alt=\"\" srcset=\"https:\/\/www.mines-stetienne.fr\/panoramines\/wp-content\/uploads\/sites\/3\/2020\/06\/Couv-MTI.jpg 576w, https:\/\/www.mines-stetienne.fr\/panoramines\/wp-content\/uploads\/sites\/3\/2020\/06\/Couv-MTI-212x300.jpg 212w\" sizes=\"auto, (max-width: 576px) 100vw, 576px\" \/><\/p>\n\n\n\n<h3 class=\"wp-block-heading\"><strong>Expert en efficacit\u00e9 \u00e9nerg\u00e9tique dans la r\u00e9novation des b\u00e2timents<\/strong><\/h3>\n\n\n\n<p><strong>Depuis pr\u00e8s de 10 ans, Mines Saint-Etienne au travers de l\u2019Institut Henri Fayol (centre de formation et de recherche) accompagne les acteurs du b\u00e2timent avec ce mast\u00e8re. <\/strong><\/p>\n\n\n\n<p>Seule formation Bac+5 ciblant sp\u00e9cifiquement le b\u00e2ti ancien, Mines Saint-Etienne a d\u00e9velopp\u00e9 des innovations p\u00e9dagogiques permettant d\u2019appr\u00e9hender l\u2019ensemble des probl\u00e9matiques du b\u00e2ti ancien (sociologique, technique, \u00e9conomique, etc.) afin de l\u2019orienter vers la performance \u00e9nerg\u00e9tique. Ainsi et au travers de 450 h de formation, vous couplerez apports th\u00e9oriques, mise en situations r\u00e9elles et \u00e9changes avec des professionnels exp\u00e9riment\u00e9s du b\u00e2timent.<\/p>\n\n\n\n<p><a aria-label=\"undefined (s\u2019ouvre dans un nouvel onglet)\" href=\"https:\/\/www.mines-stetienne.fr\/panoramines\/wp-content\/uploads\/sites\/3\/2020\/06\/Assemblage-Plaquette-MS-EERB-web-2020-05-05.pdf\" target=\"_blank\" rel=\"noreferrer noopener\">Consultez la plaquette<\/a><\/p>\n\n\n\n<p><img loading=\"lazy\" decoding=\"async\" width=\"581\" height=\"820\" class=\"wp-image-22134\" style=\"width: 150px\" src=\"https:\/\/www.mines-stetienne.fr\/panoramines\/wp-content\/uploads\/sites\/3\/2020\/06\/Couv-EERB.jpg\" alt=\"\" srcset=\"https:\/\/www.mines-stetienne.fr\/panoramines\/wp-content\/uploads\/sites\/3\/2020\/06\/Couv-EERB.jpg 581w, https:\/\/www.mines-stetienne.fr\/panoramines\/wp-content\/uploads\/sites\/3\/2020\/06\/Couv-EERB-213x300.jpg 213w\" sizes=\"auto, (max-width: 581px) 100vw, 581px\" \/><\/p>\n\n\n\n<p><\/p>\n\n\n\n<p><\/p>\n\n\n\n<p><\/p>\n\n\n\n<p><\/p>\n","protected":false},"excerpt":{"rendered":"<p>Chef de projet sites et sols pollu\u00e9s Ce mast\u00e8re sp\u00e9cialis\u00e9, labellis\u00e9 par le p\u00f4le de comp\u00e9titivit\u00e9 Chimie et Environnement AXELERA, est con\u00e7u pour r\u00e9pondre \u00e0 une demande clairement identifi\u00e9e d\u2019expertise en gestion et fili\u00e8res de traitement SSP. Comment\u00a0? En octroyant &hellip;<\/p>\n","protected":false},"author":2073,"featured_media":22150,"comment_status":"closed","ping_status":"open","sticky":false,"template":"","format":"standard","meta":{"_relevanssi_hide_post":"","_relevanssi_hide_content":"","_relevanssi_pin_for_all":"","_relevanssi_pin_keywords":"","_relevanssi_unpin_keywords":"","_relevanssi_related_keywords":"","_relevanssi_related_include_ids":"","_relevanssi_related_exclude_ids":"","_relevanssi_related_no_append":"","_relevanssi_related_not_related":"","_relevanssi_related_posts":"","_relevanssi_noindex_reason":"","footnotes":""},"categories":[6],"tags":[20,24,184],"class_list":["post-22131","post","type-post","status-publish","format-standard","has-post-thumbnail","hentry","category-formation","tag-environnement","tag-formation","tag-masters"],"pp_statuses_selecting_workflow":false,"pp_workflow_action":"current","pp_status_selection":"publish","pp_force_visibility":null,"pp_subpost_visibility":null,"pp_inherited_force_visibility":null,"pp_inherited_subpost_visibility":null,"yoast_head":"<!-- This site is optimized with the Yoast SEO plugin v27.5 - https:\/\/yoast.com\/product\/yoast-seo-wordpress\/ -->\n<title>Mines Saint-Etienne propose 3 nouveaux masters sp\u00e9cialis\u00e9s - Panoramines<\/title>\n<meta name=\"robots\" content=\"index, follow, max-snippet:-1, max-image-preview:large, max-video-preview:-1\" \/>\n<link rel=\"canonical\" href=\"https:\/\/www.mines-stetienne.fr\/panoramines\/2020\/06\/25\/mines-saint-etienne-propose-3-nouveaux-masters-specialises\/\" \/>\n<meta property=\"og:locale\" content=\"fr_FR\" \/>\n<meta property=\"og:type\" content=\"article\" \/>\n<meta property=\"og:title\" content=\"Mines Saint-Etienne propose 3 nouveaux masters sp\u00e9cialis\u00e9s - Panoramines\" \/>\n<meta property=\"og:description\" content=\"Chef de projet sites et sols pollu\u00e9s Ce mast\u00e8re sp\u00e9cialis\u00e9, labellis\u00e9 par le p\u00f4le de comp\u00e9titivit\u00e9 Chimie et Environnement AXELERA, est con\u00e7u pour r\u00e9pondre \u00e0 une demande clairement identifi\u00e9e d\u2019expertise en gestion et fili\u00e8res de traitement SSP. Comment\u00a0? En octroyant &hellip;\" \/>\n<meta property=\"og:url\" content=\"https:\/\/www.mines-stetienne.fr\/panoramines\/2020\/06\/25\/mines-saint-etienne-propose-3-nouveaux-masters-specialises\/\" \/>\n<meta property=\"og:site_name\" content=\"Panoramines\" \/>\n<meta property=\"article:published_time\" content=\"2020-06-25T12:45:40+00:00\" \/>\n<meta property=\"article:modified_time\" content=\"2020-07-02T08:43:11+00:00\" \/>\n<meta name=\"author\" content=\"MAGAND Sophie\" \/>\n<meta name=\"twitter:card\" content=\"summary_large_image\" \/>\n<meta name=\"twitter:label1\" content=\"\u00c9crit par\" \/>\n\t<meta name=\"twitter:data1\" content=\"MAGAND Sophie\" \/>\n\t<meta name=\"twitter:label2\" content=\"Dur\u00e9e de lecture estim\u00e9e\" \/>\n\t<meta name=\"twitter:data2\" content=\"2 minutes\" \/>\n<script type=\"application\/ld+json\" class=\"yoast-schema-graph\">{\"@context\":\"https:\\\/\\\/schema.org\",\"@graph\":[{\"@type\":\"Article\",\"@id\":\"https:\\\/\\\/www.mines-stetienne.fr\\\/panoramines\\\/2020\\\/06\\\/25\\\/mines-saint-etienne-propose-3-nouveaux-masters-specialises\\\/#article\",\"isPartOf\":{\"@id\":\"https:\\\/\\\/www.mines-stetienne.fr\\\/panoramines\\\/2020\\\/06\\\/25\\\/mines-saint-etienne-propose-3-nouveaux-masters-specialises\\\/\"},\"author\":{\"name\":\"MAGAND Sophie\",\"@id\":\"https:\\\/\\\/www.mines-stetienne.fr\\\/panoramines\\\/#\\\/schema\\\/person\\\/922fd864c916079c0d955e11ada69d8a\"},\"headline\":\"Mines Saint-Etienne propose 3 nouveaux masters sp\u00e9cialis\u00e9s\",\"datePublished\":\"2020-06-25T12:45:40+00:00\",\"dateModified\":\"2020-07-02T08:43:11+00:00\",\"mainEntityOfPage\":{\"@id\":\"https:\\\/\\\/www.mines-stetienne.fr\\\/panoramines\\\/2020\\\/06\\\/25\\\/mines-saint-etienne-propose-3-nouveaux-masters-specialises\\\/\"},\"wordCount\":333,\"image\":{\"@id\":\"https:\\\/\\\/www.mines-stetienne.fr\\\/panoramines\\\/2020\\\/06\\\/25\\\/mines-saint-etienne-propose-3-nouveaux-masters-specialises\\\/#primaryimage\"},\"thumbnailUrl\":\"https:\\\/\\\/www.mines-stetienne.fr\\\/panoramines\\\/wp-content\\\/uploads\\\/sites\\\/3\\\/2020\\\/06\\\/Pr\u00e9sentation1-2-pdf.jpg\",\"keywords\":[\"Environnement\",\"Formation\",\"Masters\"],\"articleSection\":[\"Formation\"],\"inLanguage\":\"fr-FR\"},{\"@type\":\"WebPage\",\"@id\":\"https:\\\/\\\/www.mines-stetienne.fr\\\/panoramines\\\/2020\\\/06\\\/25\\\/mines-saint-etienne-propose-3-nouveaux-masters-specialises\\\/\",\"url\":\"https:\\\/\\\/www.mines-stetienne.fr\\\/panoramines\\\/2020\\\/06\\\/25\\\/mines-saint-etienne-propose-3-nouveaux-masters-specialises\\\/\",\"name\":\"Mines Saint-Etienne propose 3 nouveaux masters sp\u00e9cialis\u00e9s - Panoramines\",\"isPartOf\":{\"@id\":\"https:\\\/\\\/www.mines-stetienne.fr\\\/panoramines\\\/#website\"},\"primaryImageOfPage\":{\"@id\":\"https:\\\/\\\/www.mines-stetienne.fr\\\/panoramines\\\/2020\\\/06\\\/25\\\/mines-saint-etienne-propose-3-nouveaux-masters-specialises\\\/#primaryimage\"},\"image\":{\"@id\":\"https:\\\/\\\/www.mines-stetienne.fr\\\/panoramines\\\/2020\\\/06\\\/25\\\/mines-saint-etienne-propose-3-nouveaux-masters-specialises\\\/#primaryimage\"},\"thumbnailUrl\":\"https:\\\/\\\/www.mines-stetienne.fr\\\/panoramines\\\/wp-content\\\/uploads\\\/sites\\\/3\\\/2020\\\/06\\\/Pr\u00e9sentation1-2-pdf.jpg\",\"datePublished\":\"2020-06-25T12:45:40+00:00\",\"dateModified\":\"2020-07-02T08:43:11+00:00\",\"author\":{\"@id\":\"https:\\\/\\\/www.mines-stetienne.fr\\\/panoramines\\\/#\\\/schema\\\/person\\\/922fd864c916079c0d955e11ada69d8a\"},\"breadcrumb\":{\"@id\":\"https:\\\/\\\/www.mines-stetienne.fr\\\/panoramines\\\/2020\\\/06\\\/25\\\/mines-saint-etienne-propose-3-nouveaux-masters-specialises\\\/#breadcrumb\"},\"inLanguage\":\"fr-FR\",\"potentialAction\":[{\"@type\":\"ReadAction\",\"target\":[\"https:\\\/\\\/www.mines-stetienne.fr\\\/panoramines\\\/2020\\\/06\\\/25\\\/mines-saint-etienne-propose-3-nouveaux-masters-specialises\\\/\"]}]},{\"@type\":\"ImageObject\",\"inLanguage\":\"fr-FR\",\"@id\":\"https:\\\/\\\/www.mines-stetienne.fr\\\/panoramines\\\/2020\\\/06\\\/25\\\/mines-saint-etienne-propose-3-nouveaux-masters-specialises\\\/#primaryimage\",\"url\":\"https:\\\/\\\/www.mines-stetienne.fr\\\/panoramines\\\/wp-content\\\/uploads\\\/sites\\\/3\\\/2020\\\/06\\\/Pr\u00e9sentation1-2-pdf.jpg\",\"contentUrl\":\"https:\\\/\\\/www.mines-stetienne.fr\\\/panoramines\\\/wp-content\\\/uploads\\\/sites\\\/3\\\/2020\\\/06\\\/Pr\u00e9sentation1-2-pdf.jpg\"},{\"@type\":\"BreadcrumbList\",\"@id\":\"https:\\\/\\\/www.mines-stetienne.fr\\\/panoramines\\\/2020\\\/06\\\/25\\\/mines-saint-etienne-propose-3-nouveaux-masters-specialises\\\/#breadcrumb\",\"itemListElement\":[{\"@type\":\"ListItem\",\"position\":1,\"name\":\"Accueil\",\"item\":\"https:\\\/\\\/www.mines-stetienne.fr\\\/panoramines\\\/\"},{\"@type\":\"ListItem\",\"position\":2,\"name\":\"Mines Saint-Etienne propose 3 nouveaux masters sp\u00e9cialis\u00e9s\"}]},{\"@type\":\"WebSite\",\"@id\":\"https:\\\/\\\/www.mines-stetienne.fr\\\/panoramines\\\/#website\",\"url\":\"https:\\\/\\\/www.mines-stetienne.fr\\\/panoramines\\\/\",\"name\":\"Panoramines\",\"description\":\"Panoramines, l\u2019actualit\u00e9 de MINES Saint-\u00c9tienne\",\"potentialAction\":[{\"@type\":\"SearchAction\",\"target\":{\"@type\":\"EntryPoint\",\"urlTemplate\":\"https:\\\/\\\/www.mines-stetienne.fr\\\/panoramines\\\/?s={search_term_string}\"},\"query-input\":{\"@type\":\"PropertyValueSpecification\",\"valueRequired\":true,\"valueName\":\"search_term_string\"}}],\"inLanguage\":\"fr-FR\"},{\"@type\":\"Person\",\"@id\":\"https:\\\/\\\/www.mines-stetienne.fr\\\/panoramines\\\/#\\\/schema\\\/person\\\/922fd864c916079c0d955e11ada69d8a\",\"name\":\"MAGAND Sophie\",\"image\":{\"@type\":\"ImageObject\",\"inLanguage\":\"fr-FR\",\"@id\":\"https:\\\/\\\/www.mines-stetienne.fr\\\/panoramines\\\/wp-content\\\/uploads\\\/sites\\\/3\\\/2021\\\/07\\\/logo-75x75-1.png\",\"url\":\"https:\\\/\\\/www.mines-stetienne.fr\\\/panoramines\\\/wp-content\\\/uploads\\\/sites\\\/3\\\/2021\\\/07\\\/logo-75x75-1.png\",\"contentUrl\":\"https:\\\/\\\/www.mines-stetienne.fr\\\/panoramines\\\/wp-content\\\/uploads\\\/sites\\\/3\\\/2021\\\/07\\\/logo-75x75-1.png\",\"caption\":\"MAGAND Sophie\"},\"url\":\"https:\\\/\\\/www.mines-stetienne.fr\\\/panoramines\\\/author\\\/sophie-magand\\\/\"}]}<\/script>\n<!-- \/ Yoast SEO plugin. -->","yoast_head_json":{"title":"Mines Saint-Etienne propose 3 nouveaux masters sp\u00e9cialis\u00e9s - Panoramines","robots":{"index":"index","follow":"follow","max-snippet":"max-snippet:-1","max-image-preview":"max-image-preview:large","max-video-preview":"max-video-preview:-1"},"canonical":"https:\/\/www.mines-stetienne.fr\/panoramines\/2020\/06\/25\/mines-saint-etienne-propose-3-nouveaux-masters-specialises\/","og_locale":"fr_FR","og_type":"article","og_title":"Mines Saint-Etienne propose 3 nouveaux masters sp\u00e9cialis\u00e9s - Panoramines","og_description":"Chef de projet sites et sols pollu\u00e9s Ce mast\u00e8re sp\u00e9cialis\u00e9, labellis\u00e9 par le p\u00f4le de comp\u00e9titivit\u00e9 Chimie et Environnement AXELERA, est con\u00e7u pour r\u00e9pondre \u00e0 une demande clairement identifi\u00e9e d\u2019expertise en gestion et fili\u00e8res de traitement SSP. Comment\u00a0? En octroyant &hellip;","og_url":"https:\/\/www.mines-stetienne.fr\/panoramines\/2020\/06\/25\/mines-saint-etienne-propose-3-nouveaux-masters-specialises\/","og_site_name":"Panoramines","article_published_time":"2020-06-25T12:45:40+00:00","article_modified_time":"2020-07-02T08:43:11+00:00","author":"MAGAND Sophie","twitter_card":"summary_large_image","twitter_misc":{"\u00c9crit par":"MAGAND Sophie","Dur\u00e9e de lecture estim\u00e9e":"2 minutes"},"schema":{"@context":"https:\/\/schema.org","@graph":[{"@type":"Article","@id":"https:\/\/www.mines-stetienne.fr\/panoramines\/2020\/06\/25\/mines-saint-etienne-propose-3-nouveaux-masters-specialises\/#article","isPartOf":{"@id":"https:\/\/www.mines-stetienne.fr\/panoramines\/2020\/06\/25\/mines-saint-etienne-propose-3-nouveaux-masters-specialises\/"},"author":{"name":"MAGAND Sophie","@id":"https:\/\/www.mines-stetienne.fr\/panoramines\/#\/schema\/person\/922fd864c916079c0d955e11ada69d8a"},"headline":"Mines Saint-Etienne propose 3 nouveaux masters sp\u00e9cialis\u00e9s","datePublished":"2020-06-25T12:45:40+00:00","dateModified":"2020-07-02T08:43:11+00:00","mainEntityOfPage":{"@id":"https:\/\/www.mines-stetienne.fr\/panoramines\/2020\/06\/25\/mines-saint-etienne-propose-3-nouveaux-masters-specialises\/"},"wordCount":333,"image":{"@id":"https:\/\/www.mines-stetienne.fr\/panoramines\/2020\/06\/25\/mines-saint-etienne-propose-3-nouveaux-masters-specialises\/#primaryimage"},"thumbnailUrl":"https:\/\/www.mines-stetienne.fr\/panoramines\/wp-content\/uploads\/sites\/3\/2020\/06\/Pr\u00e9sentation1-2-pdf.jpg","keywords":["Environnement","Formation","Masters"],"articleSection":["Formation"],"inLanguage":"fr-FR"},{"@type":"WebPage","@id":"https:\/\/www.mines-stetienne.fr\/panoramines\/2020\/06\/25\/mines-saint-etienne-propose-3-nouveaux-masters-specialises\/","url":"https:\/\/www.mines-stetienne.fr\/panoramines\/2020\/06\/25\/mines-saint-etienne-propose-3-nouveaux-masters-specialises\/","name":"Mines Saint-Etienne propose 3 nouveaux masters sp\u00e9cialis\u00e9s - Panoramines","isPartOf":{"@id":"https:\/\/www.mines-stetienne.fr\/panoramines\/#website"},"primaryImageOfPage":{"@id":"https:\/\/www.mines-stetienne.fr\/panoramines\/2020\/06\/25\/mines-saint-etienne-propose-3-nouveaux-masters-specialises\/#primaryimage"},"image":{"@id":"https:\/\/www.mines-stetienne.fr\/panoramines\/2020\/06\/25\/mines-saint-etienne-propose-3-nouveaux-masters-specialises\/#primaryimage"},"thumbnailUrl":"https:\/\/www.mines-stetienne.fr\/panoramines\/wp-content\/uploads\/sites\/3\/2020\/06\/Pr\u00e9sentation1-2-pdf.jpg","datePublished":"2020-06-25T12:45:40+00:00","dateModified":"2020-07-02T08:43:11+00:00","author":{"@id":"https:\/\/www.mines-stetienne.fr\/panoramines\/#\/schema\/person\/922fd864c916079c0d955e11ada69d8a"},"breadcrumb":{"@id":"https:\/\/www.mines-stetienne.fr\/panoramines\/2020\/06\/25\/mines-saint-etienne-propose-3-nouveaux-masters-specialises\/#breadcrumb"},"inLanguage":"fr-FR","potentialAction":[{"@type":"ReadAction","target":["https:\/\/www.mines-stetienne.fr\/panoramines\/2020\/06\/25\/mines-saint-etienne-propose-3-nouveaux-masters-specialises\/"]}]},{"@type":"ImageObject","inLanguage":"fr-FR","@id":"https:\/\/www.mines-stetienne.fr\/panoramines\/2020\/06\/25\/mines-saint-etienne-propose-3-nouveaux-masters-specialises\/#primaryimage","url":"https:\/\/www.mines-stetienne.fr\/panoramines\/wp-content\/uploads\/sites\/3\/2020\/06\/Pr\u00e9sentation1-2-pdf.jpg","contentUrl":"https:\/\/www.mines-stetienne.fr\/panoramines\/wp-content\/uploads\/sites\/3\/2020\/06\/Pr\u00e9sentation1-2-pdf.jpg"},{"@type":"BreadcrumbList","@id":"https:\/\/www.mines-stetienne.fr\/panoramines\/2020\/06\/25\/mines-saint-etienne-propose-3-nouveaux-masters-specialises\/#breadcrumb","itemListElement":[{"@type":"ListItem","position":1,"name":"Accueil","item":"https:\/\/www.mines-stetienne.fr\/panoramines\/"},{"@type":"ListItem","position":2,"name":"Mines Saint-Etienne propose 3 nouveaux masters sp\u00e9cialis\u00e9s"}]},{"@type":"WebSite","@id":"https:\/\/www.mines-stetienne.fr\/panoramines\/#website","url":"https:\/\/www.mines-stetienne.fr\/panoramines\/","name":"Panoramines","description":"Panoramines, l\u2019actualit\u00e9 de MINES Saint-\u00c9tienne","potentialAction":[{"@type":"SearchAction","target":{"@type":"EntryPoint","urlTemplate":"https:\/\/www.mines-stetienne.fr\/panoramines\/?s={search_term_string}"},"query-input":{"@type":"PropertyValueSpecification","valueRequired":true,"valueName":"search_term_string"}}],"inLanguage":"fr-FR"},{"@type":"Person","@id":"https:\/\/www.mines-stetienne.fr\/panoramines\/#\/schema\/person\/922fd864c916079c0d955e11ada69d8a","name":"MAGAND Sophie","image":{"@type":"ImageObject","inLanguage":"fr-FR","@id":"https:\/\/www.mines-stetienne.fr\/panoramines\/wp-content\/uploads\/sites\/3\/2021\/07\/logo-75x75-1.png","url":"https:\/\/www.mines-stetienne.fr\/panoramines\/wp-content\/uploads\/sites\/3\/2021\/07\/logo-75x75-1.png","contentUrl":"https:\/\/www.mines-stetienne.fr\/panoramines\/wp-content\/uploads\/sites\/3\/2021\/07\/logo-75x75-1.png","caption":"MAGAND Sophie"},"url":"https:\/\/www.mines-stetienne.fr\/panoramines\/author\/sophie-magand\/"}]}},"_links":{"self":[{"href":"https:\/\/www.mines-stetienne.fr\/panoramines\/wp-json\/wp\/v2\/posts\/22131","targetHints":{"allow":["GET"]}}],"collection":[{"href":"https:\/\/www.mines-stetienne.fr\/panoramines\/wp-json\/wp\/v2\/posts"}],"about":[{"href":"https:\/\/www.mines-stetienne.fr\/panoramines\/wp-json\/wp\/v2\/types\/post"}],"author":[{"embeddable":true,"href":"https:\/\/www.mines-stetienne.fr\/panoramines\/wp-json\/wp\/v2\/users\/2073"}],"replies":[{"embeddable":true,"href":"https:\/\/www.mines-stetienne.fr\/panoramines\/wp-json\/wp\/v2\/comments?post=22131"}],"version-history":[{"count":11,"href":"https:\/\/www.mines-stetienne.fr\/panoramines\/wp-json\/wp\/v2\/posts\/22131\/revisions"}],"predecessor-version":[{"id":22157,"href":"https:\/\/www.mines-stetienne.fr\/panoramines\/wp-json\/wp\/v2\/posts\/22131\/revisions\/22157"}],"wp:featuredmedia":[{"embeddable":true,"href":"https:\/\/www.mines-stetienne.fr\/panoramines\/wp-json\/wp\/v2\/media\/22150"}],"wp:attachment":[{"href":"https:\/\/www.mines-stetienne.fr\/panoramines\/wp-json\/wp\/v2\/media?parent=22131"}],"wp:term":[{"taxonomy":"category","embeddable":true,"href":"https:\/\/www.mines-stetienne.fr\/panoramines\/wp-json\/wp\/v2\/categories?post=22131"},{"taxonomy":"post_tag","embeddable":true,"href":"https:\/\/www.mines-stetienne.fr\/panoramines\/wp-json\/wp\/v2\/tags?post=22131"}],"curies":[{"name":"wp","href":"https:\/\/api.w.org\/{rel}","templated":true}]}}