{"id":21995,"date":"2020-03-27T16:08:00","date_gmt":"2020-03-27T15:08:00","guid":{"rendered":"https:\/\/www.mines-stetienne.fr\/panoramines\/?p=21995"},"modified":"2020-03-31T15:20:31","modified_gmt":"2020-03-31T13:20:31","slug":"la-vie-dans-nos-maisons-des-eleves","status":"publish","type":"post","link":"https:\/\/www.mines-stetienne.fr\/panoramines\/2020\/03\/27\/la-vie-dans-nos-maisons-des-eleves\/","title":{"rendered":"La vie dans nos maisons des \u00e9l\u00e8ves"},"content":{"rendered":"\n<h4 class=\"wp-block-heading\">Tous les \u00e9tudiants ne sont pas rentr\u00e9s chez eux. 180  d&rsquo;entre eux r\u00e9sident actuellement sur nos deux campus dans une ambiance calme et studieuse : 103 \u00e0 la Maison des \u00e9l\u00e8ves st\u00e9phanoise dont 45 \u00e9l\u00e8ves \u00e9trangers, 77 \u00e9tudiants dont 32 internationaux sur le Campus Georges Charpak Provence. <\/h4>\n\n\n\n<p>Un suivi particulier est en place pour garder le lien avec nos \u00e9l\u00e8ves, \u00e0 distance et sur place ; un comit\u00e9 de gestion Covid19 sera prochainement cr\u00e9\u00e9 au sein des ME pour adapter notre fonctionnement aux besoins qui pourraient \u00e9merger.<\/p>\n\n\n\n<blockquote class=\"wp-block-quote is-layout-flow wp-block-quote-is-layout-flow\"><p><em>\u00ab\u00a0Nos \u00e9l\u00e8ves respectent les consignes au sein des maisons des \u00e9l\u00e8ves, et profitent du parc pour s&rsquo;a\u00e9rer de temps de temps individuellement. Ils sont tous en bonne sant\u00e9, travaillent beaucoup sur leur cours et les fins de journ\u00e9e sont tr\u00e8s calmes !\u00a0\u00bb<\/em><\/p><\/blockquote>\n\n\n\n<p>\u00ab\u00a0<em>Ils sont aussi tr\u00e8s solidaires prenant des nouvelles r\u00e9guli\u00e8res les uns des autres.<\/em>\u00ab\u00a0<\/p>\n\n\n\n<p>L\u2019<a href=\"https:\/\/www.imt.fr\/covid-19-continuite-des-activites-a-linstitut-mines-telecom\/\" target=\"_blank\" rel=\"noreferrer noopener\" aria-label=\"IMT (opens in a new tab)\">IMT<\/a> a mis en place un fonds de solidarit\u00e9 covid-19 pour accompagner les \u00e9l\u00e8ves en difficult\u00e9, les collectivit\u00e9s territoriales et notre <a href=\"https:\/\/www.fondation-mines-telecom.org\/news\/lancement-dun-fonds-de-solidarite-a-destination-des-etudiants-en-reponse-a-lepidemie-de-covid-19\/\" target=\"_blank\" rel=\"noreferrer noopener\" aria-label=\"Fondation (opens in a new tab)\">Fondation<\/a> font de m\u00eame. La direction des formations et le p\u00f4le international sont en charge de l\u2019instruction des dossiers.<\/p>\n\n\n\n<p><em>\u00ab\u00a0Les r\u00e9sidents, \u00e9l\u00e8ves et salari\u00e9s pr\u00e9sents sur site nous feront prochainement part de leurs ressentis et t\u00e9moignages sur cette situation in\u00e9dite.\u00a0\u00bb<\/em><\/p>\n\n\n\n<blockquote class=\"wp-block-quote is-layout-flow wp-block-quote-is-layout-flow\"><p>Contacts : <strong><a href=\"&#x6d;&#x61;&#x69;&#x6c;&#x74;&#x6f;&#x3a;&#x70;&#x6f;&#x69;&#x6e;&#x73;&#x6f;&#x74;&#64;&#101;&#109;&#115;&#101;&#46;&#102;&#114;\">Carole Poinsot<\/a>, <a href=\"&#x6d;&#97;&#105;l&#x74;&#x6f;&#58;r&#x69;&#x63;&#111;r&#x64;&#x65;&#97;u&#x40;&#x65;&#109;s&#x65;&#x2e;&#102;r\">Thierry Ricordeau<\/a>, <a href=\"&#x6d;a&#x69;&#108;&#x74;&#111;:&#x63;&#97;&#x69;&#108;l&#x65;&#116;&#x40;&#101;m&#x73;e&#x2e;&#102;&#x72;\">Anne-Marie Caillet<\/a><\/strong>, Merci \u00e0 eux et aux \u00e9quipes pour leur mobilisation de tous les instants.<\/p><\/blockquote>\n\n\n\n<hr class=\"wp-block-separator\" \/>\n","protected":false},"excerpt":{"rendered":"<p>Tous les \u00e9tudiants ne sont pas rentr\u00e9s chez eux. 180 d&rsquo;entre eux r\u00e9sident actuellement sur nos deux campus dans une ambiance calme et studieuse : 103 \u00e0 la Maison des \u00e9l\u00e8ves st\u00e9phanoise dont 45 \u00e9l\u00e8ves \u00e9trangers, 77 \u00e9tudiants dont 32 &hellip;<\/p>\n","protected":false},"author":3,"featured_media":22001,"comment_status":"closed","ping_status":"open","sticky":false,"template":"","format":"standard","meta":{"_relevanssi_hide_post":"","_relevanssi_hide_content":"","_relevanssi_pin_for_all":"","_relevanssi_pin_keywords":"","_relevanssi_unpin_keywords":"","_relevanssi_related_keywords":"","_relevanssi_related_include_ids":"","_relevanssi_related_exclude_ids":"","_relevanssi_related_no_append":"","_relevanssi_related_not_related":"","_relevanssi_related_posts":"","_relevanssi_noindex_reason":"","footnotes":""},"categories":[8],"tags":[],"class_list":["post-21995","post","type-post","status-publish","format-standard","has-post-thumbnail","hentry","category-vie-etudiante"],"pp_statuses_selecting_workflow":false,"pp_workflow_action":"current","pp_status_selection":"publish","pp_force_visibility":null,"pp_subpost_visibility":null,"pp_inherited_force_visibility":null,"pp_inherited_subpost_visibility":null,"yoast_head":"<!-- This site is optimized with the Yoast SEO plugin v27.4 - https:\/\/yoast.com\/product\/yoast-seo-wordpress\/ -->\n<title>La vie dans nos maisons des \u00e9l\u00e8ves - Panoramines<\/title>\n<meta name=\"robots\" content=\"index, follow, max-snippet:-1, max-image-preview:large, max-video-preview:-1\" \/>\n<link rel=\"canonical\" href=\"https:\/\/www.mines-stetienne.fr\/panoramines\/2020\/03\/27\/la-vie-dans-nos-maisons-des-eleves\/\" \/>\n<meta property=\"og:locale\" content=\"fr_FR\" \/>\n<meta property=\"og:type\" content=\"article\" \/>\n<meta property=\"og:title\" content=\"La vie dans nos maisons des \u00e9l\u00e8ves - Panoramines\" \/>\n<meta property=\"og:description\" content=\"Tous les \u00e9tudiants ne sont pas rentr\u00e9s chez eux. 180 d&rsquo;entre eux r\u00e9sident actuellement sur nos deux campus dans une ambiance calme et studieuse : 103 \u00e0 la Maison des \u00e9l\u00e8ves st\u00e9phanoise dont 45 \u00e9l\u00e8ves \u00e9trangers, 77 \u00e9tudiants dont 32 &hellip;\" \/>\n<meta property=\"og:url\" content=\"https:\/\/www.mines-stetienne.fr\/panoramines\/2020\/03\/27\/la-vie-dans-nos-maisons-des-eleves\/\" \/>\n<meta property=\"og:site_name\" content=\"Panoramines\" \/>\n<meta property=\"article:published_time\" content=\"2020-03-27T15:08:00+00:00\" \/>\n<meta property=\"article:modified_time\" content=\"2020-03-31T13:20:31+00:00\" \/>\n<meta property=\"og:image\" content=\"https:\/\/www.mines-stetienne.fr\/panoramines\/wp-content\/uploads\/sites\/3\/2020\/03\/UneMeuhs.jpg\" \/>\n\t<meta property=\"og:image:width\" content=\"700\" \/>\n\t<meta property=\"og:image:height\" content=\"311\" \/>\n\t<meta property=\"og:image:type\" content=\"image\/jpeg\" \/>\n<meta name=\"author\" content=\"Nathalie\" \/>\n<meta name=\"twitter:card\" content=\"summary_large_image\" \/>\n<meta name=\"twitter:label1\" content=\"\u00c9crit par\" \/>\n\t<meta name=\"twitter:data1\" content=\" Nathalie\" \/>\n\t<meta name=\"twitter:label2\" content=\"Dur\u00e9e de lecture estim\u00e9e\" \/>\n\t<meta name=\"twitter:data2\" content=\"1 minute\" \/>\n<script type=\"application\/ld+json\" class=\"yoast-schema-graph\">{\"@context\":\"https:\\\/\\\/schema.org\",\"@graph\":[{\"@type\":\"Article\",\"@id\":\"https:\\\/\\\/www.mines-stetienne.fr\\\/panoramines\\\/2020\\\/03\\\/27\\\/la-vie-dans-nos-maisons-des-eleves\\\/#article\",\"isPartOf\":{\"@id\":\"https:\\\/\\\/www.mines-stetienne.fr\\\/panoramines\\\/2020\\\/03\\\/27\\\/la-vie-dans-nos-maisons-des-eleves\\\/\"},\"author\":{\"name\":\"Nathalie\",\"@id\":\"https:\\\/\\\/www.mines-stetienne.fr\\\/panoramines\\\/#\\\/schema\\\/person\\\/95e752e6dedac604ce4535123e0f8df7\"},\"headline\":\"La vie dans nos maisons des \u00e9l\u00e8ves\",\"datePublished\":\"2020-03-27T15:08:00+00:00\",\"dateModified\":\"2020-03-31T13:20:31+00:00\",\"mainEntityOfPage\":{\"@id\":\"https:\\\/\\\/www.mines-stetienne.fr\\\/panoramines\\\/2020\\\/03\\\/27\\\/la-vie-dans-nos-maisons-des-eleves\\\/\"},\"wordCount\":246,\"image\":{\"@id\":\"https:\\\/\\\/www.mines-stetienne.fr\\\/panoramines\\\/2020\\\/03\\\/27\\\/la-vie-dans-nos-maisons-des-eleves\\\/#primaryimage\"},\"thumbnailUrl\":\"https:\\\/\\\/www.mines-stetienne.fr\\\/panoramines\\\/wp-content\\\/uploads\\\/sites\\\/3\\\/2020\\\/03\\\/UneMeuhs.jpg\",\"articleSection\":[\"Vie \u00e9tudiante\"],\"inLanguage\":\"fr-FR\"},{\"@type\":\"WebPage\",\"@id\":\"https:\\\/\\\/www.mines-stetienne.fr\\\/panoramines\\\/2020\\\/03\\\/27\\\/la-vie-dans-nos-maisons-des-eleves\\\/\",\"url\":\"https:\\\/\\\/www.mines-stetienne.fr\\\/panoramines\\\/2020\\\/03\\\/27\\\/la-vie-dans-nos-maisons-des-eleves\\\/\",\"name\":\"La vie dans nos maisons des \u00e9l\u00e8ves - Panoramines\",\"isPartOf\":{\"@id\":\"https:\\\/\\\/www.mines-stetienne.fr\\\/panoramines\\\/#website\"},\"primaryImageOfPage\":{\"@id\":\"https:\\\/\\\/www.mines-stetienne.fr\\\/panoramines\\\/2020\\\/03\\\/27\\\/la-vie-dans-nos-maisons-des-eleves\\\/#primaryimage\"},\"image\":{\"@id\":\"https:\\\/\\\/www.mines-stetienne.fr\\\/panoramines\\\/2020\\\/03\\\/27\\\/la-vie-dans-nos-maisons-des-eleves\\\/#primaryimage\"},\"thumbnailUrl\":\"https:\\\/\\\/www.mines-stetienne.fr\\\/panoramines\\\/wp-content\\\/uploads\\\/sites\\\/3\\\/2020\\\/03\\\/UneMeuhs.jpg\",\"datePublished\":\"2020-03-27T15:08:00+00:00\",\"dateModified\":\"2020-03-31T13:20:31+00:00\",\"author\":{\"@id\":\"https:\\\/\\\/www.mines-stetienne.fr\\\/panoramines\\\/#\\\/schema\\\/person\\\/95e752e6dedac604ce4535123e0f8df7\"},\"breadcrumb\":{\"@id\":\"https:\\\/\\\/www.mines-stetienne.fr\\\/panoramines\\\/2020\\\/03\\\/27\\\/la-vie-dans-nos-maisons-des-eleves\\\/#breadcrumb\"},\"inLanguage\":\"fr-FR\",\"potentialAction\":[{\"@type\":\"ReadAction\",\"target\":[\"https:\\\/\\\/www.mines-stetienne.fr\\\/panoramines\\\/2020\\\/03\\\/27\\\/la-vie-dans-nos-maisons-des-eleves\\\/\"]}]},{\"@type\":\"ImageObject\",\"inLanguage\":\"fr-FR\",\"@id\":\"https:\\\/\\\/www.mines-stetienne.fr\\\/panoramines\\\/2020\\\/03\\\/27\\\/la-vie-dans-nos-maisons-des-eleves\\\/#primaryimage\",\"url\":\"https:\\\/\\\/www.mines-stetienne.fr\\\/panoramines\\\/wp-content\\\/uploads\\\/sites\\\/3\\\/2020\\\/03\\\/UneMeuhs.jpg\",\"contentUrl\":\"https:\\\/\\\/www.mines-stetienne.fr\\\/panoramines\\\/wp-content\\\/uploads\\\/sites\\\/3\\\/2020\\\/03\\\/UneMeuhs.jpg\",\"width\":700,\"height\":311},{\"@type\":\"BreadcrumbList\",\"@id\":\"https:\\\/\\\/www.mines-stetienne.fr\\\/panoramines\\\/2020\\\/03\\\/27\\\/la-vie-dans-nos-maisons-des-eleves\\\/#breadcrumb\",\"itemListElement\":[{\"@type\":\"ListItem\",\"position\":1,\"name\":\"Accueil\",\"item\":\"https:\\\/\\\/www.mines-stetienne.fr\\\/panoramines\\\/\"},{\"@type\":\"ListItem\",\"position\":2,\"name\":\"La vie dans nos maisons des \u00e9l\u00e8ves\"}]},{\"@type\":\"WebSite\",\"@id\":\"https:\\\/\\\/www.mines-stetienne.fr\\\/panoramines\\\/#website\",\"url\":\"https:\\\/\\\/www.mines-stetienne.fr\\\/panoramines\\\/\",\"name\":\"Panoramines\",\"description\":\"Panoramines, l\u2019actualit\u00e9 de MINES Saint-\u00c9tienne\",\"potentialAction\":[{\"@type\":\"SearchAction\",\"target\":{\"@type\":\"EntryPoint\",\"urlTemplate\":\"https:\\\/\\\/www.mines-stetienne.fr\\\/panoramines\\\/?s={search_term_string}\"},\"query-input\":{\"@type\":\"PropertyValueSpecification\",\"valueRequired\":true,\"valueName\":\"search_term_string\"}}],\"inLanguage\":\"fr-FR\"},{\"@type\":\"Person\",\"@id\":\"https:\\\/\\\/www.mines-stetienne.fr\\\/panoramines\\\/#\\\/schema\\\/person\\\/95e752e6dedac604ce4535123e0f8df7\",\"name\":\"Nathalie\",\"image\":{\"@type\":\"ImageObject\",\"inLanguage\":\"fr-FR\",\"@id\":\"https:\\\/\\\/www.mines-stetienne.fr\\\/panoramines\\\/wp-content\\\/uploads\\\/sites\\\/3\\\/2021\\\/07\\\/logo-75x75-1.png\",\"url\":\"https:\\\/\\\/www.mines-stetienne.fr\\\/panoramines\\\/wp-content\\\/uploads\\\/sites\\\/3\\\/2021\\\/07\\\/logo-75x75-1.png\",\"contentUrl\":\"https:\\\/\\\/www.mines-stetienne.fr\\\/panoramines\\\/wp-content\\\/uploads\\\/sites\\\/3\\\/2021\\\/07\\\/logo-75x75-1.png\",\"caption\":\"Nathalie\"},\"url\":\"https:\\\/\\\/www.mines-stetienne.fr\\\/panoramines\\\/author\\\/nathalie\\\/\"}]}<\/script>\n<!-- \/ Yoast SEO plugin. -->","yoast_head_json":{"title":"La vie dans nos maisons des \u00e9l\u00e8ves - Panoramines","robots":{"index":"index","follow":"follow","max-snippet":"max-snippet:-1","max-image-preview":"max-image-preview:large","max-video-preview":"max-video-preview:-1"},"canonical":"https:\/\/www.mines-stetienne.fr\/panoramines\/2020\/03\/27\/la-vie-dans-nos-maisons-des-eleves\/","og_locale":"fr_FR","og_type":"article","og_title":"La vie dans nos maisons des \u00e9l\u00e8ves - Panoramines","og_description":"Tous les \u00e9tudiants ne sont pas rentr\u00e9s chez eux. 180 d&rsquo;entre eux r\u00e9sident actuellement sur nos deux campus dans une ambiance calme et studieuse : 103 \u00e0 la Maison des \u00e9l\u00e8ves st\u00e9phanoise dont 45 \u00e9l\u00e8ves \u00e9trangers, 77 \u00e9tudiants dont 32 &hellip;","og_url":"https:\/\/www.mines-stetienne.fr\/panoramines\/2020\/03\/27\/la-vie-dans-nos-maisons-des-eleves\/","og_site_name":"Panoramines","article_published_time":"2020-03-27T15:08:00+00:00","article_modified_time":"2020-03-31T13:20:31+00:00","og_image":[{"width":700,"height":311,"url":"https:\/\/www.mines-stetienne.fr\/panoramines\/wp-content\/uploads\/sites\/3\/2020\/03\/UneMeuhs.jpg","type":"image\/jpeg"}],"author":"Nathalie","twitter_card":"summary_large_image","twitter_misc":{"\u00c9crit par":" Nathalie","Dur\u00e9e de lecture estim\u00e9e":"1 minute"},"schema":{"@context":"https:\/\/schema.org","@graph":[{"@type":"Article","@id":"https:\/\/www.mines-stetienne.fr\/panoramines\/2020\/03\/27\/la-vie-dans-nos-maisons-des-eleves\/#article","isPartOf":{"@id":"https:\/\/www.mines-stetienne.fr\/panoramines\/2020\/03\/27\/la-vie-dans-nos-maisons-des-eleves\/"},"author":{"name":"Nathalie","@id":"https:\/\/www.mines-stetienne.fr\/panoramines\/#\/schema\/person\/95e752e6dedac604ce4535123e0f8df7"},"headline":"La vie dans nos maisons des \u00e9l\u00e8ves","datePublished":"2020-03-27T15:08:00+00:00","dateModified":"2020-03-31T13:20:31+00:00","mainEntityOfPage":{"@id":"https:\/\/www.mines-stetienne.fr\/panoramines\/2020\/03\/27\/la-vie-dans-nos-maisons-des-eleves\/"},"wordCount":246,"image":{"@id":"https:\/\/www.mines-stetienne.fr\/panoramines\/2020\/03\/27\/la-vie-dans-nos-maisons-des-eleves\/#primaryimage"},"thumbnailUrl":"https:\/\/www.mines-stetienne.fr\/panoramines\/wp-content\/uploads\/sites\/3\/2020\/03\/UneMeuhs.jpg","articleSection":["Vie \u00e9tudiante"],"inLanguage":"fr-FR"},{"@type":"WebPage","@id":"https:\/\/www.mines-stetienne.fr\/panoramines\/2020\/03\/27\/la-vie-dans-nos-maisons-des-eleves\/","url":"https:\/\/www.mines-stetienne.fr\/panoramines\/2020\/03\/27\/la-vie-dans-nos-maisons-des-eleves\/","name":"La vie dans nos maisons des \u00e9l\u00e8ves - Panoramines","isPartOf":{"@id":"https:\/\/www.mines-stetienne.fr\/panoramines\/#website"},"primaryImageOfPage":{"@id":"https:\/\/www.mines-stetienne.fr\/panoramines\/2020\/03\/27\/la-vie-dans-nos-maisons-des-eleves\/#primaryimage"},"image":{"@id":"https:\/\/www.mines-stetienne.fr\/panoramines\/2020\/03\/27\/la-vie-dans-nos-maisons-des-eleves\/#primaryimage"},"thumbnailUrl":"https:\/\/www.mines-stetienne.fr\/panoramines\/wp-content\/uploads\/sites\/3\/2020\/03\/UneMeuhs.jpg","datePublished":"2020-03-27T15:08:00+00:00","dateModified":"2020-03-31T13:20:31+00:00","author":{"@id":"https:\/\/www.mines-stetienne.fr\/panoramines\/#\/schema\/person\/95e752e6dedac604ce4535123e0f8df7"},"breadcrumb":{"@id":"https:\/\/www.mines-stetienne.fr\/panoramines\/2020\/03\/27\/la-vie-dans-nos-maisons-des-eleves\/#breadcrumb"},"inLanguage":"fr-FR","potentialAction":[{"@type":"ReadAction","target":["https:\/\/www.mines-stetienne.fr\/panoramines\/2020\/03\/27\/la-vie-dans-nos-maisons-des-eleves\/"]}]},{"@type":"ImageObject","inLanguage":"fr-FR","@id":"https:\/\/www.mines-stetienne.fr\/panoramines\/2020\/03\/27\/la-vie-dans-nos-maisons-des-eleves\/#primaryimage","url":"https:\/\/www.mines-stetienne.fr\/panoramines\/wp-content\/uploads\/sites\/3\/2020\/03\/UneMeuhs.jpg","contentUrl":"https:\/\/www.mines-stetienne.fr\/panoramines\/wp-content\/uploads\/sites\/3\/2020\/03\/UneMeuhs.jpg","width":700,"height":311},{"@type":"BreadcrumbList","@id":"https:\/\/www.mines-stetienne.fr\/panoramines\/2020\/03\/27\/la-vie-dans-nos-maisons-des-eleves\/#breadcrumb","itemListElement":[{"@type":"ListItem","position":1,"name":"Accueil","item":"https:\/\/www.mines-stetienne.fr\/panoramines\/"},{"@type":"ListItem","position":2,"name":"La vie dans nos maisons des \u00e9l\u00e8ves"}]},{"@type":"WebSite","@id":"https:\/\/www.mines-stetienne.fr\/panoramines\/#website","url":"https:\/\/www.mines-stetienne.fr\/panoramines\/","name":"Panoramines","description":"Panoramines, l\u2019actualit\u00e9 de MINES Saint-\u00c9tienne","potentialAction":[{"@type":"SearchAction","target":{"@type":"EntryPoint","urlTemplate":"https:\/\/www.mines-stetienne.fr\/panoramines\/?s={search_term_string}"},"query-input":{"@type":"PropertyValueSpecification","valueRequired":true,"valueName":"search_term_string"}}],"inLanguage":"fr-FR"},{"@type":"Person","@id":"https:\/\/www.mines-stetienne.fr\/panoramines\/#\/schema\/person\/95e752e6dedac604ce4535123e0f8df7","name":"Nathalie","image":{"@type":"ImageObject","inLanguage":"fr-FR","@id":"https:\/\/www.mines-stetienne.fr\/panoramines\/wp-content\/uploads\/sites\/3\/2021\/07\/logo-75x75-1.png","url":"https:\/\/www.mines-stetienne.fr\/panoramines\/wp-content\/uploads\/sites\/3\/2021\/07\/logo-75x75-1.png","contentUrl":"https:\/\/www.mines-stetienne.fr\/panoramines\/wp-content\/uploads\/sites\/3\/2021\/07\/logo-75x75-1.png","caption":"Nathalie"},"url":"https:\/\/www.mines-stetienne.fr\/panoramines\/author\/nathalie\/"}]}},"_links":{"self":[{"href":"https:\/\/www.mines-stetienne.fr\/panoramines\/wp-json\/wp\/v2\/posts\/21995","targetHints":{"allow":["GET"]}}],"collection":[{"href":"https:\/\/www.mines-stetienne.fr\/panoramines\/wp-json\/wp\/v2\/posts"}],"about":[{"href":"https:\/\/www.mines-stetienne.fr\/panoramines\/wp-json\/wp\/v2\/types\/post"}],"author":[{"embeddable":true,"href":"https:\/\/www.mines-stetienne.fr\/panoramines\/wp-json\/wp\/v2\/users\/3"}],"replies":[{"embeddable":true,"href":"https:\/\/www.mines-stetienne.fr\/panoramines\/wp-json\/wp\/v2\/comments?post=21995"}],"version-history":[{"count":11,"href":"https:\/\/www.mines-stetienne.fr\/panoramines\/wp-json\/wp\/v2\/posts\/21995\/revisions"}],"predecessor-version":[{"id":22057,"href":"https:\/\/www.mines-stetienne.fr\/panoramines\/wp-json\/wp\/v2\/posts\/21995\/revisions\/22057"}],"wp:featuredmedia":[{"embeddable":true,"href":"https:\/\/www.mines-stetienne.fr\/panoramines\/wp-json\/wp\/v2\/media\/22001"}],"wp:attachment":[{"href":"https:\/\/www.mines-stetienne.fr\/panoramines\/wp-json\/wp\/v2\/media?parent=21995"}],"wp:term":[{"taxonomy":"category","embeddable":true,"href":"https:\/\/www.mines-stetienne.fr\/panoramines\/wp-json\/wp\/v2\/categories?post=21995"},{"taxonomy":"post_tag","embeddable":true,"href":"https:\/\/www.mines-stetienne.fr\/panoramines\/wp-json\/wp\/v2\/tags?post=21995"}],"curies":[{"name":"wp","href":"https:\/\/api.w.org\/{rel}","templated":true}]}}