{"id":21952,"date":"2020-03-30T09:57:35","date_gmt":"2020-03-30T07:57:35","guid":{"rendered":"https:\/\/www.mines-stetienne.fr\/panoramines\/?p=21952"},"modified":"2020-03-31T15:29:03","modified_gmt":"2020-03-31T13:29:03","slug":"mobilisation-et-engagement-s2","status":"publish","type":"post","link":"https:\/\/www.mines-stetienne.fr\/panoramines\/2020\/03\/30\/mobilisation-et-engagement-s2\/","title":{"rendered":"Mobilisation et engagement S2"},"content":{"rendered":"\n<h4 class=\"wp-block-heading\">Merci aux personnels et aux \u00e9tudiants qui apportent leur soutien, leur aide et leurs initiatives pour contribuer \u00e0 l&rsquo;effort collectif.<\/h4>\n\n\n\n<h3 class=\"wp-block-heading\">Production et don de gel hydroalcoolique \u00e0 la demande<\/h3>\n\n\n\n<p class=\"has-normal-font-size\"><strong>Apr\u00e8s avoir donn\u00e9 7500 masques et 500 gants de la salle blanche, le Campus Georges Charpak Provence&nbsp;a pr\u00e9par\u00e9 et fourni 20 litres de solution hydroalcoolique \u00e0 la mairie d\u2019Aix-en-Provence<\/strong> qui les redirigera vers son large r\u00e9seau de distribution (h\u00f4pitaux, cliniques, EHPAD, Croix-Rouge, agents de la ville ou b\u00e9n\u00e9voles\u2026). Il pourra en \u00eatre produit davantage sur demande. Bravo et merci aux \u00e9quipes de l&rsquo;\u00e9cole \u00e0 Gardanne.<br>Contact : <a href=\"m&#97;&#105;&#x6c;&#x74;o:&#114;&#111;&#x6e;&#x64;ea&#117;&#64;&#x65;&#x6d;se&#46;&#x66;&#x72;\">Ga\u00eblle Rondeau<\/a>, <a href=\"&#x6d;&#x61;&#105;&#108;&#116;o&#x3a;&#x6c;&#x61;&#108;&#101;ve&#x65;&#x40;&#x65;&#109;&#115;e&#x2e;&#x66;&#x72;\">Philippe Lalev\u00e9e<\/a><\/p>\n\n\n\n<hr class=\"wp-block-separator\" \/>\n\n\n\n<h3 class=\"wp-block-heading\">Nos \u00e9l\u00e8ves en renfort en officine et au service des urgences<\/h3>\n\n\n\n<p>\u00c9tudiant en double dipl\u00f4me pharmacie-ing\u00e9nieur ICM, <strong>Thomas Ledoux<\/strong> est actuellement mobilis\u00e9 pour apporter un renfort en officine. Il assure des vacations dans une pharmacie o\u00f9 il avait d\u00e9j\u00e0 travaill\u00e9 pendant ses \u00e9tudes. Merci \u00e0 lui pour son engagement.<\/p>\n\n\n\n<p><em>\u00ab\u00a0Suite \u00e0 la situation exceptionnelle caus\u00e9e par le COVID 19, j&rsquo;ai d\u00e9cid\u00e9 d&rsquo;aider \u00e0 ma mani\u00e8re. Ainsi, j&rsquo;ai r\u00e9pondu \u00e0 une pharmacie qui manquait de personnel en cette p\u00e9riode. En plus du m\u00e9tier habituel, nous informons au quotidien les patients de venir uniquement en cas de n\u00e9cessit\u00e9 et rappelons les gestes barri\u00e8res face au virus. De plus, nous distribuons gratuitement aux professionnels de sant\u00e9 des masques pour qu&rsquo;ils puissent continuer d&rsquo;exercer en s\u00e9curit\u00e9. Je suis heureux d&rsquo;apporter mon soutien dans ce moment o\u00f9 nous devons \u00eatre tous solidaires.\u00a0\u00bb<\/em><\/p>\n\n\n\n<p><strong>Yanir Choubane<\/strong>, \u00e9l\u00e8ve ICM 3A de fili\u00e8re m\u00e9decin-ing\u00e9nieur, est \u00e9galement mobilis\u00e9 dans la lutte contre le Covid19 en tant qu&rsquo;infirmier\/aide-soignant aux Urgences de Lariboisi\u00e8re. Bravo et grand merci \u00e0 lui aussi pour cette initiative solidaire.<\/p>\n\n\n\n<p><em>\u00a0\u00ab\u00a0Je suis dans le service 24-48h pour les patients des urgences en attente d&rsquo;une hospitalisation.<\/em> <em>Je suis en contact avec les patients pour les soins, les repas, \u00e9ventuellement prendre leurs constantes, d\u00e9sinfecter les chambres, le tout avec des protections covid-19. Je fais aussi du brancardage de patients. En cela, nous faisons aussi des gestes d&rsquo;infirmiers et devons toujours \u00eatre sur le qui-vive pour r\u00e9approvisionner ce qu&rsquo;il manque. \u00ab\u00a0<\/em><\/p>\n\n\n\n<hr class=\"wp-block-separator\" \/>\n\n\n\n<h3 class=\"wp-block-heading\">Fabrication de protections par impression 3D<\/h3>\n\n\n\n<p><strong>Fran\u00e7ois Bernier<\/strong>, responsable de la plateforme R&amp;D Id-Fab du Campus G. Charpak Provence a commenc\u00e9 la production de masques anti-projection le 21 mars \u00e0 domicile \u00e0 destination du centre m\u00e9dical et de la pharmacie du Rove principalement. <\/p>\n\n\n\n<figure class=\"wp-block-gallery columns-2 is-cropped wp-block-gallery-2 is-layout-flex wp-block-gallery-is-layout-flex\"><ul class=\"blocks-gallery-grid\"><li class=\"blocks-gallery-item\"><figure><img loading=\"lazy\" decoding=\"async\" width=\"550\" height=\"733\" src=\"https:\/\/www.mines-stetienne.fr\/panoramines\/wp-content\/uploads\/sites\/3\/2020\/03\/Rove1.jpg\" alt=\"\" data-id=\"22005\" data-full-url=\"https:\/\/www.mines-stetienne.fr\/panoramines\/wp-content\/uploads\/sites\/3\/2020\/03\/Rove1.jpg\" data-link=\"https:\/\/www.mines-stetienne.fr\/panoramines\/rove1\/\" class=\"wp-image-22005\" srcset=\"https:\/\/www.mines-stetienne.fr\/panoramines\/wp-content\/uploads\/sites\/3\/2020\/03\/Rove1.jpg 550w, https:\/\/www.mines-stetienne.fr\/panoramines\/wp-content\/uploads\/sites\/3\/2020\/03\/Rove1-225x300.jpg 225w\" sizes=\"auto, (max-width: 550px) 100vw, 550px\" \/><\/figure><\/li><li class=\"blocks-gallery-item\"><figure><img loading=\"lazy\" decoding=\"async\" width=\"550\" height=\"768\" src=\"https:\/\/www.mines-stetienne.fr\/panoramines\/wp-content\/uploads\/sites\/3\/2020\/03\/Rove2.jpg\" alt=\"\" data-id=\"22006\" data-full-url=\"https:\/\/www.mines-stetienne.fr\/panoramines\/wp-content\/uploads\/sites\/3\/2020\/03\/Rove2.jpg\" data-link=\"https:\/\/www.mines-stetienne.fr\/panoramines\/dav-3\/\" class=\"wp-image-22006\" srcset=\"https:\/\/www.mines-stetienne.fr\/panoramines\/wp-content\/uploads\/sites\/3\/2020\/03\/Rove2.jpg 550w, https:\/\/www.mines-stetienne.fr\/panoramines\/wp-content\/uploads\/sites\/3\/2020\/03\/Rove2-215x300.jpg 215w\" sizes=\"auto, (max-width: 550px) 100vw, 550px\" \/><figcaption class=\"blocks-gallery-item__caption\">dav<\/figcaption><\/figure><\/li><\/ul><figcaption class=\"blocks-gallery-caption\"><strong>F. Bernier a pu commander le mat\u00e9riel n\u00e9cessaire pour la fabrication et sera en mesure d&rsquo;en produire une centaine \u00e0 nouveau.  Bravo et merci \u00e0 lui pour cette nouvelle initiative.<\/strong><\/figcaption><\/figure>\n\n\n\n<hr class=\"wp-block-separator\" \/>\n\n\n\n<p><\/p>\n","protected":false},"excerpt":{"rendered":"<p>Merci aux personnels et aux \u00e9tudiants qui apportent leur soutien, leur aide et leurs initiatives pour contribuer \u00e0 l&rsquo;effort collectif. Production et don de gel hydroalcoolique \u00e0 la demande Apr\u00e8s avoir donn\u00e9 7500 masques et 500 gants de la salle &hellip;<\/p>\n","protected":false},"author":3,"featured_media":22000,"comment_status":"closed","ping_status":"open","sticky":false,"template":"","format":"standard","meta":{"_relevanssi_hide_post":"","_relevanssi_hide_content":"","_relevanssi_pin_for_all":"","_relevanssi_pin_keywords":"","_relevanssi_unpin_keywords":"","_relevanssi_related_keywords":"","_relevanssi_related_include_ids":"","_relevanssi_related_exclude_ids":"","_relevanssi_related_no_append":"","_relevanssi_related_not_related":"","_relevanssi_related_posts":"","_relevanssi_noindex_reason":"","footnotes":""},"categories":[11],"tags":[],"class_list":["post-21952","post","type-post","status-publish","format-standard","has-post-thumbnail","hentry","category-vie-de-l-ecole"],"pp_statuses_selecting_workflow":false,"pp_workflow_action":"current","pp_status_selection":"publish","pp_force_visibility":null,"pp_subpost_visibility":null,"pp_inherited_force_visibility":null,"pp_inherited_subpost_visibility":null,"yoast_head":"<!-- This site is optimized with the Yoast SEO plugin v27.5 - https:\/\/yoast.com\/product\/yoast-seo-wordpress\/ -->\n<title>Mobilisation et engagement S2 - Panoramines<\/title>\n<meta name=\"robots\" content=\"index, follow, max-snippet:-1, max-image-preview:large, max-video-preview:-1\" \/>\n<link rel=\"canonical\" href=\"https:\/\/www.mines-stetienne.fr\/panoramines\/2020\/03\/30\/mobilisation-et-engagement-s2\/\" \/>\n<meta property=\"og:locale\" content=\"fr_FR\" \/>\n<meta property=\"og:type\" content=\"article\" \/>\n<meta property=\"og:title\" content=\"Mobilisation et engagement S2 - Panoramines\" \/>\n<meta property=\"og:description\" content=\"Merci aux personnels et aux \u00e9tudiants qui apportent leur soutien, leur aide et leurs initiatives pour contribuer \u00e0 l&rsquo;effort collectif. Production et don de gel hydroalcoolique \u00e0 la demande Apr\u00e8s avoir donn\u00e9 7500 masques et 500 gants de la salle &hellip;\" \/>\n<meta property=\"og:url\" content=\"https:\/\/www.mines-stetienne.fr\/panoramines\/2020\/03\/30\/mobilisation-et-engagement-s2\/\" \/>\n<meta property=\"og:site_name\" content=\"Panoramines\" \/>\n<meta property=\"article:published_time\" content=\"2020-03-30T07:57:35+00:00\" \/>\n<meta property=\"article:modified_time\" content=\"2020-03-31T13:29:03+00:00\" \/>\n<meta property=\"og:image\" content=\"https:\/\/www.mines-stetienne.fr\/panoramines\/wp-content\/uploads\/sites\/3\/2020\/03\/UneMobilisation.jpg\" \/>\n\t<meta property=\"og:image:width\" content=\"700\" \/>\n\t<meta property=\"og:image:height\" content=\"395\" \/>\n\t<meta property=\"og:image:type\" content=\"image\/jpeg\" \/>\n<meta name=\"author\" content=\"Nathalie\" \/>\n<meta name=\"twitter:card\" content=\"summary_large_image\" \/>\n<meta name=\"twitter:label1\" content=\"\u00c9crit par\" \/>\n\t<meta name=\"twitter:data1\" content=\" Nathalie\" \/>\n\t<meta name=\"twitter:label2\" content=\"Dur\u00e9e de lecture estim\u00e9e\" \/>\n\t<meta name=\"twitter:data2\" content=\"2 minutes\" \/>\n<script type=\"application\/ld+json\" class=\"yoast-schema-graph\">{\"@context\":\"https:\\\/\\\/schema.org\",\"@graph\":[{\"@type\":\"Article\",\"@id\":\"https:\\\/\\\/www.mines-stetienne.fr\\\/panoramines\\\/2020\\\/03\\\/30\\\/mobilisation-et-engagement-s2\\\/#article\",\"isPartOf\":{\"@id\":\"https:\\\/\\\/www.mines-stetienne.fr\\\/panoramines\\\/2020\\\/03\\\/30\\\/mobilisation-et-engagement-s2\\\/\"},\"author\":{\"name\":\"Nathalie\",\"@id\":\"https:\\\/\\\/www.mines-stetienne.fr\\\/panoramines\\\/#\\\/schema\\\/person\\\/95e752e6dedac604ce4535123e0f8df7\"},\"headline\":\"Mobilisation et engagement S2\",\"datePublished\":\"2020-03-30T07:57:35+00:00\",\"dateModified\":\"2020-03-31T13:29:03+00:00\",\"mainEntityOfPage\":{\"@id\":\"https:\\\/\\\/www.mines-stetienne.fr\\\/panoramines\\\/2020\\\/03\\\/30\\\/mobilisation-et-engagement-s2\\\/\"},\"wordCount\":438,\"image\":{\"@id\":\"https:\\\/\\\/www.mines-stetienne.fr\\\/panoramines\\\/2020\\\/03\\\/30\\\/mobilisation-et-engagement-s2\\\/#primaryimage\"},\"thumbnailUrl\":\"https:\\\/\\\/www.mines-stetienne.fr\\\/panoramines\\\/wp-content\\\/uploads\\\/sites\\\/3\\\/2020\\\/03\\\/UneMobilisation.jpg\",\"articleSection\":[\"Vie de l'\u00c9cole\"],\"inLanguage\":\"fr-FR\"},{\"@type\":\"WebPage\",\"@id\":\"https:\\\/\\\/www.mines-stetienne.fr\\\/panoramines\\\/2020\\\/03\\\/30\\\/mobilisation-et-engagement-s2\\\/\",\"url\":\"https:\\\/\\\/www.mines-stetienne.fr\\\/panoramines\\\/2020\\\/03\\\/30\\\/mobilisation-et-engagement-s2\\\/\",\"name\":\"Mobilisation et engagement S2 - Panoramines\",\"isPartOf\":{\"@id\":\"https:\\\/\\\/www.mines-stetienne.fr\\\/panoramines\\\/#website\"},\"primaryImageOfPage\":{\"@id\":\"https:\\\/\\\/www.mines-stetienne.fr\\\/panoramines\\\/2020\\\/03\\\/30\\\/mobilisation-et-engagement-s2\\\/#primaryimage\"},\"image\":{\"@id\":\"https:\\\/\\\/www.mines-stetienne.fr\\\/panoramines\\\/2020\\\/03\\\/30\\\/mobilisation-et-engagement-s2\\\/#primaryimage\"},\"thumbnailUrl\":\"https:\\\/\\\/www.mines-stetienne.fr\\\/panoramines\\\/wp-content\\\/uploads\\\/sites\\\/3\\\/2020\\\/03\\\/UneMobilisation.jpg\",\"datePublished\":\"2020-03-30T07:57:35+00:00\",\"dateModified\":\"2020-03-31T13:29:03+00:00\",\"author\":{\"@id\":\"https:\\\/\\\/www.mines-stetienne.fr\\\/panoramines\\\/#\\\/schema\\\/person\\\/95e752e6dedac604ce4535123e0f8df7\"},\"breadcrumb\":{\"@id\":\"https:\\\/\\\/www.mines-stetienne.fr\\\/panoramines\\\/2020\\\/03\\\/30\\\/mobilisation-et-engagement-s2\\\/#breadcrumb\"},\"inLanguage\":\"fr-FR\",\"potentialAction\":[{\"@type\":\"ReadAction\",\"target\":[\"https:\\\/\\\/www.mines-stetienne.fr\\\/panoramines\\\/2020\\\/03\\\/30\\\/mobilisation-et-engagement-s2\\\/\"]}]},{\"@type\":\"ImageObject\",\"inLanguage\":\"fr-FR\",\"@id\":\"https:\\\/\\\/www.mines-stetienne.fr\\\/panoramines\\\/2020\\\/03\\\/30\\\/mobilisation-et-engagement-s2\\\/#primaryimage\",\"url\":\"https:\\\/\\\/www.mines-stetienne.fr\\\/panoramines\\\/wp-content\\\/uploads\\\/sites\\\/3\\\/2020\\\/03\\\/UneMobilisation.jpg\",\"contentUrl\":\"https:\\\/\\\/www.mines-stetienne.fr\\\/panoramines\\\/wp-content\\\/uploads\\\/sites\\\/3\\\/2020\\\/03\\\/UneMobilisation.jpg\",\"width\":700,\"height\":395},{\"@type\":\"BreadcrumbList\",\"@id\":\"https:\\\/\\\/www.mines-stetienne.fr\\\/panoramines\\\/2020\\\/03\\\/30\\\/mobilisation-et-engagement-s2\\\/#breadcrumb\",\"itemListElement\":[{\"@type\":\"ListItem\",\"position\":1,\"name\":\"Accueil\",\"item\":\"https:\\\/\\\/www.mines-stetienne.fr\\\/panoramines\\\/\"},{\"@type\":\"ListItem\",\"position\":2,\"name\":\"Mobilisation et engagement S2\"}]},{\"@type\":\"WebSite\",\"@id\":\"https:\\\/\\\/www.mines-stetienne.fr\\\/panoramines\\\/#website\",\"url\":\"https:\\\/\\\/www.mines-stetienne.fr\\\/panoramines\\\/\",\"name\":\"Panoramines\",\"description\":\"Panoramines, l\u2019actualit\u00e9 de MINES Saint-\u00c9tienne\",\"potentialAction\":[{\"@type\":\"SearchAction\",\"target\":{\"@type\":\"EntryPoint\",\"urlTemplate\":\"https:\\\/\\\/www.mines-stetienne.fr\\\/panoramines\\\/?s={search_term_string}\"},\"query-input\":{\"@type\":\"PropertyValueSpecification\",\"valueRequired\":true,\"valueName\":\"search_term_string\"}}],\"inLanguage\":\"fr-FR\"},{\"@type\":\"Person\",\"@id\":\"https:\\\/\\\/www.mines-stetienne.fr\\\/panoramines\\\/#\\\/schema\\\/person\\\/95e752e6dedac604ce4535123e0f8df7\",\"name\":\"Nathalie\",\"image\":{\"@type\":\"ImageObject\",\"inLanguage\":\"fr-FR\",\"@id\":\"https:\\\/\\\/www.mines-stetienne.fr\\\/panoramines\\\/wp-content\\\/uploads\\\/sites\\\/3\\\/2021\\\/07\\\/logo-75x75-1.png\",\"url\":\"https:\\\/\\\/www.mines-stetienne.fr\\\/panoramines\\\/wp-content\\\/uploads\\\/sites\\\/3\\\/2021\\\/07\\\/logo-75x75-1.png\",\"contentUrl\":\"https:\\\/\\\/www.mines-stetienne.fr\\\/panoramines\\\/wp-content\\\/uploads\\\/sites\\\/3\\\/2021\\\/07\\\/logo-75x75-1.png\",\"caption\":\"Nathalie\"},\"url\":\"https:\\\/\\\/www.mines-stetienne.fr\\\/panoramines\\\/author\\\/nathalie\\\/\"}]}<\/script>\n<!-- \/ Yoast SEO plugin. -->","yoast_head_json":{"title":"Mobilisation et engagement S2 - Panoramines","robots":{"index":"index","follow":"follow","max-snippet":"max-snippet:-1","max-image-preview":"max-image-preview:large","max-video-preview":"max-video-preview:-1"},"canonical":"https:\/\/www.mines-stetienne.fr\/panoramines\/2020\/03\/30\/mobilisation-et-engagement-s2\/","og_locale":"fr_FR","og_type":"article","og_title":"Mobilisation et engagement S2 - Panoramines","og_description":"Merci aux personnels et aux \u00e9tudiants qui apportent leur soutien, leur aide et leurs initiatives pour contribuer \u00e0 l&rsquo;effort collectif. Production et don de gel hydroalcoolique \u00e0 la demande Apr\u00e8s avoir donn\u00e9 7500 masques et 500 gants de la salle &hellip;","og_url":"https:\/\/www.mines-stetienne.fr\/panoramines\/2020\/03\/30\/mobilisation-et-engagement-s2\/","og_site_name":"Panoramines","article_published_time":"2020-03-30T07:57:35+00:00","article_modified_time":"2020-03-31T13:29:03+00:00","og_image":[{"width":700,"height":395,"url":"https:\/\/www.mines-stetienne.fr\/panoramines\/wp-content\/uploads\/sites\/3\/2020\/03\/UneMobilisation.jpg","type":"image\/jpeg"}],"author":"Nathalie","twitter_card":"summary_large_image","twitter_misc":{"\u00c9crit par":" Nathalie","Dur\u00e9e de lecture estim\u00e9e":"2 minutes"},"schema":{"@context":"https:\/\/schema.org","@graph":[{"@type":"Article","@id":"https:\/\/www.mines-stetienne.fr\/panoramines\/2020\/03\/30\/mobilisation-et-engagement-s2\/#article","isPartOf":{"@id":"https:\/\/www.mines-stetienne.fr\/panoramines\/2020\/03\/30\/mobilisation-et-engagement-s2\/"},"author":{"name":"Nathalie","@id":"https:\/\/www.mines-stetienne.fr\/panoramines\/#\/schema\/person\/95e752e6dedac604ce4535123e0f8df7"},"headline":"Mobilisation et engagement S2","datePublished":"2020-03-30T07:57:35+00:00","dateModified":"2020-03-31T13:29:03+00:00","mainEntityOfPage":{"@id":"https:\/\/www.mines-stetienne.fr\/panoramines\/2020\/03\/30\/mobilisation-et-engagement-s2\/"},"wordCount":438,"image":{"@id":"https:\/\/www.mines-stetienne.fr\/panoramines\/2020\/03\/30\/mobilisation-et-engagement-s2\/#primaryimage"},"thumbnailUrl":"https:\/\/www.mines-stetienne.fr\/panoramines\/wp-content\/uploads\/sites\/3\/2020\/03\/UneMobilisation.jpg","articleSection":["Vie de l'\u00c9cole"],"inLanguage":"fr-FR"},{"@type":"WebPage","@id":"https:\/\/www.mines-stetienne.fr\/panoramines\/2020\/03\/30\/mobilisation-et-engagement-s2\/","url":"https:\/\/www.mines-stetienne.fr\/panoramines\/2020\/03\/30\/mobilisation-et-engagement-s2\/","name":"Mobilisation et engagement S2 - Panoramines","isPartOf":{"@id":"https:\/\/www.mines-stetienne.fr\/panoramines\/#website"},"primaryImageOfPage":{"@id":"https:\/\/www.mines-stetienne.fr\/panoramines\/2020\/03\/30\/mobilisation-et-engagement-s2\/#primaryimage"},"image":{"@id":"https:\/\/www.mines-stetienne.fr\/panoramines\/2020\/03\/30\/mobilisation-et-engagement-s2\/#primaryimage"},"thumbnailUrl":"https:\/\/www.mines-stetienne.fr\/panoramines\/wp-content\/uploads\/sites\/3\/2020\/03\/UneMobilisation.jpg","datePublished":"2020-03-30T07:57:35+00:00","dateModified":"2020-03-31T13:29:03+00:00","author":{"@id":"https:\/\/www.mines-stetienne.fr\/panoramines\/#\/schema\/person\/95e752e6dedac604ce4535123e0f8df7"},"breadcrumb":{"@id":"https:\/\/www.mines-stetienne.fr\/panoramines\/2020\/03\/30\/mobilisation-et-engagement-s2\/#breadcrumb"},"inLanguage":"fr-FR","potentialAction":[{"@type":"ReadAction","target":["https:\/\/www.mines-stetienne.fr\/panoramines\/2020\/03\/30\/mobilisation-et-engagement-s2\/"]}]},{"@type":"ImageObject","inLanguage":"fr-FR","@id":"https:\/\/www.mines-stetienne.fr\/panoramines\/2020\/03\/30\/mobilisation-et-engagement-s2\/#primaryimage","url":"https:\/\/www.mines-stetienne.fr\/panoramines\/wp-content\/uploads\/sites\/3\/2020\/03\/UneMobilisation.jpg","contentUrl":"https:\/\/www.mines-stetienne.fr\/panoramines\/wp-content\/uploads\/sites\/3\/2020\/03\/UneMobilisation.jpg","width":700,"height":395},{"@type":"BreadcrumbList","@id":"https:\/\/www.mines-stetienne.fr\/panoramines\/2020\/03\/30\/mobilisation-et-engagement-s2\/#breadcrumb","itemListElement":[{"@type":"ListItem","position":1,"name":"Accueil","item":"https:\/\/www.mines-stetienne.fr\/panoramines\/"},{"@type":"ListItem","position":2,"name":"Mobilisation et engagement S2"}]},{"@type":"WebSite","@id":"https:\/\/www.mines-stetienne.fr\/panoramines\/#website","url":"https:\/\/www.mines-stetienne.fr\/panoramines\/","name":"Panoramines","description":"Panoramines, l\u2019actualit\u00e9 de MINES Saint-\u00c9tienne","potentialAction":[{"@type":"SearchAction","target":{"@type":"EntryPoint","urlTemplate":"https:\/\/www.mines-stetienne.fr\/panoramines\/?s={search_term_string}"},"query-input":{"@type":"PropertyValueSpecification","valueRequired":true,"valueName":"search_term_string"}}],"inLanguage":"fr-FR"},{"@type":"Person","@id":"https:\/\/www.mines-stetienne.fr\/panoramines\/#\/schema\/person\/95e752e6dedac604ce4535123e0f8df7","name":"Nathalie","image":{"@type":"ImageObject","inLanguage":"fr-FR","@id":"https:\/\/www.mines-stetienne.fr\/panoramines\/wp-content\/uploads\/sites\/3\/2021\/07\/logo-75x75-1.png","url":"https:\/\/www.mines-stetienne.fr\/panoramines\/wp-content\/uploads\/sites\/3\/2021\/07\/logo-75x75-1.png","contentUrl":"https:\/\/www.mines-stetienne.fr\/panoramines\/wp-content\/uploads\/sites\/3\/2021\/07\/logo-75x75-1.png","caption":"Nathalie"},"url":"https:\/\/www.mines-stetienne.fr\/panoramines\/author\/nathalie\/"}]}},"_links":{"self":[{"href":"https:\/\/www.mines-stetienne.fr\/panoramines\/wp-json\/wp\/v2\/posts\/21952","targetHints":{"allow":["GET"]}}],"collection":[{"href":"https:\/\/www.mines-stetienne.fr\/panoramines\/wp-json\/wp\/v2\/posts"}],"about":[{"href":"https:\/\/www.mines-stetienne.fr\/panoramines\/wp-json\/wp\/v2\/types\/post"}],"author":[{"embeddable":true,"href":"https:\/\/www.mines-stetienne.fr\/panoramines\/wp-json\/wp\/v2\/users\/3"}],"replies":[{"embeddable":true,"href":"https:\/\/www.mines-stetienne.fr\/panoramines\/wp-json\/wp\/v2\/comments?post=21952"}],"version-history":[{"count":19,"href":"https:\/\/www.mines-stetienne.fr\/panoramines\/wp-json\/wp\/v2\/posts\/21952\/revisions"}],"predecessor-version":[{"id":22075,"href":"https:\/\/www.mines-stetienne.fr\/panoramines\/wp-json\/wp\/v2\/posts\/21952\/revisions\/22075"}],"wp:featuredmedia":[{"embeddable":true,"href":"https:\/\/www.mines-stetienne.fr\/panoramines\/wp-json\/wp\/v2\/media\/22000"}],"wp:attachment":[{"href":"https:\/\/www.mines-stetienne.fr\/panoramines\/wp-json\/wp\/v2\/media?parent=21952"}],"wp:term":[{"taxonomy":"category","embeddable":true,"href":"https:\/\/www.mines-stetienne.fr\/panoramines\/wp-json\/wp\/v2\/categories?post=21952"},{"taxonomy":"post_tag","embeddable":true,"href":"https:\/\/www.mines-stetienne.fr\/panoramines\/wp-json\/wp\/v2\/tags?post=21952"}],"curies":[{"name":"wp","href":"https:\/\/api.w.org\/{rel}","templated":true}]}}