{"id":21901,"date":"2020-03-26T10:49:00","date_gmt":"2020-03-26T09:49:00","guid":{"rendered":"https:\/\/www.mines-stetienne.fr\/panoramines\/?p=21901"},"modified":"2020-03-30T17:12:10","modified_gmt":"2020-03-30T15:12:10","slug":"classes-virtuelles-continuite-reelle","status":"publish","type":"post","link":"https:\/\/www.mines-stetienne.fr\/panoramines\/2020\/03\/26\/classes-virtuelles-continuite-reelle\/","title":{"rendered":"Classes virtuelles, continuit\u00e9 r\u00e9elle"},"content":{"rendered":"\n<h4 class=\"wp-block-heading\">La direction des formations, les \u00e9quipes enseignantes et les services support sont totalement mobilis\u00e9s pour permettre une poursuite des formations dans les meilleures conditions possibles. 30 classes virtuelles sont ouvertes pour la continuit\u00e9 \u00e0 distance des cursus ICM, ISMIN, masters et Mast\u00e8res Sp\u00e9cialis\u00e9s.  MERCI. Sans eux, rien ne serait possible.<br><\/h4>\n\n\n\n<p>Tous les enseignements peuvent \u00eatre r\u00e9alis\u00e9s en utilisant ces classes virtuelles : tronc commun, cours \u00e9lectifs, langues ; certaines activit\u00e9s ne se pr\u00eatant pas \u00e0 cette modalit\u00e9 sont remplac\u00e9es par du travail en autonomie (mini-projets, \u00e9tudes bibliographiques).<br>La solution technique retenue pour ces classes virtuelles est la <a rel=\"noreferrer noopener\" aria-label=\"plateforme Zoom (opens in a new tab)\" href=\"http:\/\/zoom.us\/\" target=\"_blank\">plateforme Zoom<\/a>.<\/p>\n\n\n\n<p>Une infrastructure virtuelle (simulateur de r\u00e9seau et \u00e9quipements informatiques) a \u00e9galement \u00e9t\u00e9 mise en place pour assurer tous les TP \u00e0 distance.<\/p>\n\n\n\n<p>Merci \u00e0 l&rsquo;ensemble des enseignants pour leur r\u00e9activit\u00e9 et leur mobilisation, et aux \u00e9l\u00e8ves pour leur assiduit\u00e9 !<br>Contacts : <a href=\"&#x6d;&#97;&#105;&#x6c;&#x74;&#111;&#58;&#x72;&#x6f;&#101;&#108;&#x65;&#x6e;&#115;&#64;&#x65;&#x6d;&#115;&#101;&#x2e;&#x66;&#114;\">Marc Roelens<\/a> (cursus ICM), <a href=\"&#109;&#x61;&#105;&#x6c;&#116;&#x6f;&#58;&#x62;&#101;&#x6e;&#106;&#x61;m&#x69;n&#x2e;m&#x61;s&#x73;i&#x73;&#64;&#101;&#x6d;&#115;&#x65;&#46;&#x66;&#114;\">&#x62;&#101;n&#x6a;&#x61;&#109;i&#x6e;&#x2e;&#109;a&#x73;&#x73;&#105;s&#x40;&#x65;&#109;s&#x65;&#46;&#102;r<\/a> (cursus ISMIN) <\/p>\n\n\n\n<p>Les membres du r\u00e9seau COMETE, personnel d\u2019accompagnement \u00e0 la p\u00e9dagogie de l\u2019IMT, vous proposent \u00e9galement une <a href=\"https:\/\/mintel.imt.fr\/voir_archive.php?nomarch=1675%2FIMT_guide_pedagogique_mars-2020.pdf\">s\u00e9rie de&nbsp;conseils et de ressources<\/a> pour mieux adapter votre enseignement \u00e0 une modalit\u00e9 distancielle. <a rel=\"noreferrer noopener\" aria-label=\"En savoir + sur l'intranet IMT (opens in a new tab)\" href=\"https:\/\/mintel.imt.fr\/page_une.php\" target=\"_blank\">En savoir + sur l&rsquo;intranet IMT<\/a>.<\/p>\n\n\n\n<p>Des webinaires d\u00e9di\u00e9s \u00e0 l\u2019utilisation des ressources&nbsp;les plus adapt\u00e9es pour mettre en place ces changements p\u00e9dagogiques sont propos\u00e9s : <em>sc\u00e9nariser un cours en ligne sur Moodle<\/em>, <em>adapter son cours en pr\u00e9sentiel pour une utilisation \u00e0 distance<\/em>, a<em>ssurer le suivi des \u00e9tudiants \u00e0 distance sur Moodle<\/em>, <em>cr\u00e9er un diaporama sonoris\u00e9 \u00e0 la forme pps\/ppsx, comment enregistrer un podcast p\u00e9dagogique &#8230;<\/em><\/p>\n\n\n\n<p>Retrouvez aussi l\u2019espace web d\u00e9di\u00e9, accessible \u00e0 tout personnel de l\u2019IMT : <a rel=\"noreferrer noopener\" aria-label=\"https:\/\/imt-rama.fr\/focus-covid-19 (opens in a new tab)\" href=\"https:\/\/imt-rama.fr\/focus-covid-19\" target=\"_blank\">https:\/\/imt-rama.fr\/focus-covid-19<\/a><\/p>\n\n\n\n<hr class=\"wp-block-separator\" \/>\n","protected":false},"excerpt":{"rendered":"<p>La direction des formations, les \u00e9quipes enseignantes et les services support sont totalement mobilis\u00e9s pour permettre une poursuite des formations dans les meilleures conditions possibles. 30 classes virtuelles sont ouvertes pour la continuit\u00e9 \u00e0 distance des cursus ICM, ISMIN, masters &hellip;<\/p>\n","protected":false},"author":3,"featured_media":21963,"comment_status":"closed","ping_status":"open","sticky":false,"template":"","format":"standard","meta":{"_relevanssi_hide_post":"","_relevanssi_hide_content":"","_relevanssi_pin_for_all":"","_relevanssi_pin_keywords":"","_relevanssi_unpin_keywords":"","_relevanssi_related_keywords":"","_relevanssi_related_include_ids":"","_relevanssi_related_exclude_ids":"","_relevanssi_related_no_append":"","_relevanssi_related_not_related":"","_relevanssi_related_posts":"","_relevanssi_noindex_reason":"","footnotes":""},"categories":[6],"tags":[],"class_list":["post-21901","post","type-post","status-publish","format-standard","has-post-thumbnail","hentry","category-formation"],"pp_statuses_selecting_workflow":false,"pp_workflow_action":"current","pp_status_selection":"publish","pp_force_visibility":null,"pp_subpost_visibility":null,"pp_inherited_force_visibility":null,"pp_inherited_subpost_visibility":null,"yoast_head":"<!-- This site is optimized with the Yoast SEO plugin v27.5 - https:\/\/yoast.com\/product\/yoast-seo-wordpress\/ -->\n<title>Classes virtuelles, continuit\u00e9 r\u00e9elle - Panoramines<\/title>\n<meta name=\"robots\" content=\"index, follow, max-snippet:-1, max-image-preview:large, max-video-preview:-1\" \/>\n<link rel=\"canonical\" href=\"https:\/\/www.mines-stetienne.fr\/panoramines\/2020\/03\/26\/classes-virtuelles-continuite-reelle\/\" \/>\n<meta property=\"og:locale\" content=\"fr_FR\" \/>\n<meta property=\"og:type\" content=\"article\" \/>\n<meta property=\"og:title\" content=\"Classes virtuelles, continuit\u00e9 r\u00e9elle - Panoramines\" \/>\n<meta property=\"og:description\" content=\"La direction des formations, les \u00e9quipes enseignantes et les services support sont totalement mobilis\u00e9s pour permettre une poursuite des formations dans les meilleures conditions possibles. 30 classes virtuelles sont ouvertes pour la continuit\u00e9 \u00e0 distance des cursus ICM, ISMIN, masters &hellip;\" \/>\n<meta property=\"og:url\" content=\"https:\/\/www.mines-stetienne.fr\/panoramines\/2020\/03\/26\/classes-virtuelles-continuite-reelle\/\" \/>\n<meta property=\"og:site_name\" content=\"Panoramines\" \/>\n<meta property=\"article:published_time\" content=\"2020-03-26T09:49:00+00:00\" \/>\n<meta property=\"article:modified_time\" content=\"2020-03-30T15:12:10+00:00\" \/>\n<meta property=\"og:image\" content=\"https:\/\/www.mines-stetienne.fr\/panoramines\/wp-content\/uploads\/sites\/3\/2020\/03\/UneContinuite.jpg\" \/>\n\t<meta property=\"og:image:width\" content=\"700\" \/>\n\t<meta property=\"og:image:height\" content=\"361\" \/>\n\t<meta property=\"og:image:type\" content=\"image\/jpeg\" \/>\n<meta name=\"author\" content=\"Nathalie\" \/>\n<meta name=\"twitter:card\" content=\"summary_large_image\" \/>\n<meta name=\"twitter:label1\" content=\"\u00c9crit par\" \/>\n\t<meta name=\"twitter:data1\" content=\" Nathalie\" \/>\n\t<meta name=\"twitter:label2\" content=\"Dur\u00e9e de lecture estim\u00e9e\" \/>\n\t<meta name=\"twitter:data2\" content=\"1 minute\" \/>\n<script type=\"application\/ld+json\" class=\"yoast-schema-graph\">{\"@context\":\"https:\\\/\\\/schema.org\",\"@graph\":[{\"@type\":\"Article\",\"@id\":\"https:\\\/\\\/www.mines-stetienne.fr\\\/panoramines\\\/2020\\\/03\\\/26\\\/classes-virtuelles-continuite-reelle\\\/#article\",\"isPartOf\":{\"@id\":\"https:\\\/\\\/www.mines-stetienne.fr\\\/panoramines\\\/2020\\\/03\\\/26\\\/classes-virtuelles-continuite-reelle\\\/\"},\"author\":{\"name\":\"Nathalie\",\"@id\":\"https:\\\/\\\/www.mines-stetienne.fr\\\/panoramines\\\/#\\\/schema\\\/person\\\/95e752e6dedac604ce4535123e0f8df7\"},\"headline\":\"Classes virtuelles, continuit\u00e9 r\u00e9elle\",\"datePublished\":\"2020-03-26T09:49:00+00:00\",\"dateModified\":\"2020-03-30T15:12:10+00:00\",\"mainEntityOfPage\":{\"@id\":\"https:\\\/\\\/www.mines-stetienne.fr\\\/panoramines\\\/2020\\\/03\\\/26\\\/classes-virtuelles-continuite-reelle\\\/\"},\"wordCount\":282,\"image\":{\"@id\":\"https:\\\/\\\/www.mines-stetienne.fr\\\/panoramines\\\/2020\\\/03\\\/26\\\/classes-virtuelles-continuite-reelle\\\/#primaryimage\"},\"thumbnailUrl\":\"https:\\\/\\\/www.mines-stetienne.fr\\\/panoramines\\\/wp-content\\\/uploads\\\/sites\\\/3\\\/2020\\\/03\\\/UneContinuite.jpg\",\"articleSection\":[\"Formation\"],\"inLanguage\":\"fr-FR\"},{\"@type\":\"WebPage\",\"@id\":\"https:\\\/\\\/www.mines-stetienne.fr\\\/panoramines\\\/2020\\\/03\\\/26\\\/classes-virtuelles-continuite-reelle\\\/\",\"url\":\"https:\\\/\\\/www.mines-stetienne.fr\\\/panoramines\\\/2020\\\/03\\\/26\\\/classes-virtuelles-continuite-reelle\\\/\",\"name\":\"Classes virtuelles, continuit\u00e9 r\u00e9elle - Panoramines\",\"isPartOf\":{\"@id\":\"https:\\\/\\\/www.mines-stetienne.fr\\\/panoramines\\\/#website\"},\"primaryImageOfPage\":{\"@id\":\"https:\\\/\\\/www.mines-stetienne.fr\\\/panoramines\\\/2020\\\/03\\\/26\\\/classes-virtuelles-continuite-reelle\\\/#primaryimage\"},\"image\":{\"@id\":\"https:\\\/\\\/www.mines-stetienne.fr\\\/panoramines\\\/2020\\\/03\\\/26\\\/classes-virtuelles-continuite-reelle\\\/#primaryimage\"},\"thumbnailUrl\":\"https:\\\/\\\/www.mines-stetienne.fr\\\/panoramines\\\/wp-content\\\/uploads\\\/sites\\\/3\\\/2020\\\/03\\\/UneContinuite.jpg\",\"datePublished\":\"2020-03-26T09:49:00+00:00\",\"dateModified\":\"2020-03-30T15:12:10+00:00\",\"author\":{\"@id\":\"https:\\\/\\\/www.mines-stetienne.fr\\\/panoramines\\\/#\\\/schema\\\/person\\\/95e752e6dedac604ce4535123e0f8df7\"},\"breadcrumb\":{\"@id\":\"https:\\\/\\\/www.mines-stetienne.fr\\\/panoramines\\\/2020\\\/03\\\/26\\\/classes-virtuelles-continuite-reelle\\\/#breadcrumb\"},\"inLanguage\":\"fr-FR\",\"potentialAction\":[{\"@type\":\"ReadAction\",\"target\":[\"https:\\\/\\\/www.mines-stetienne.fr\\\/panoramines\\\/2020\\\/03\\\/26\\\/classes-virtuelles-continuite-reelle\\\/\"]}]},{\"@type\":\"ImageObject\",\"inLanguage\":\"fr-FR\",\"@id\":\"https:\\\/\\\/www.mines-stetienne.fr\\\/panoramines\\\/2020\\\/03\\\/26\\\/classes-virtuelles-continuite-reelle\\\/#primaryimage\",\"url\":\"https:\\\/\\\/www.mines-stetienne.fr\\\/panoramines\\\/wp-content\\\/uploads\\\/sites\\\/3\\\/2020\\\/03\\\/UneContinuite.jpg\",\"contentUrl\":\"https:\\\/\\\/www.mines-stetienne.fr\\\/panoramines\\\/wp-content\\\/uploads\\\/sites\\\/3\\\/2020\\\/03\\\/UneContinuite.jpg\",\"width\":700,\"height\":361},{\"@type\":\"BreadcrumbList\",\"@id\":\"https:\\\/\\\/www.mines-stetienne.fr\\\/panoramines\\\/2020\\\/03\\\/26\\\/classes-virtuelles-continuite-reelle\\\/#breadcrumb\",\"itemListElement\":[{\"@type\":\"ListItem\",\"position\":1,\"name\":\"Accueil\",\"item\":\"https:\\\/\\\/www.mines-stetienne.fr\\\/panoramines\\\/\"},{\"@type\":\"ListItem\",\"position\":2,\"name\":\"Classes virtuelles, continuit\u00e9 r\u00e9elle\"}]},{\"@type\":\"WebSite\",\"@id\":\"https:\\\/\\\/www.mines-stetienne.fr\\\/panoramines\\\/#website\",\"url\":\"https:\\\/\\\/www.mines-stetienne.fr\\\/panoramines\\\/\",\"name\":\"Panoramines\",\"description\":\"Panoramines, l\u2019actualit\u00e9 de MINES Saint-\u00c9tienne\",\"potentialAction\":[{\"@type\":\"SearchAction\",\"target\":{\"@type\":\"EntryPoint\",\"urlTemplate\":\"https:\\\/\\\/www.mines-stetienne.fr\\\/panoramines\\\/?s={search_term_string}\"},\"query-input\":{\"@type\":\"PropertyValueSpecification\",\"valueRequired\":true,\"valueName\":\"search_term_string\"}}],\"inLanguage\":\"fr-FR\"},{\"@type\":\"Person\",\"@id\":\"https:\\\/\\\/www.mines-stetienne.fr\\\/panoramines\\\/#\\\/schema\\\/person\\\/95e752e6dedac604ce4535123e0f8df7\",\"name\":\"Nathalie\",\"image\":{\"@type\":\"ImageObject\",\"inLanguage\":\"fr-FR\",\"@id\":\"https:\\\/\\\/www.mines-stetienne.fr\\\/panoramines\\\/wp-content\\\/uploads\\\/sites\\\/3\\\/2021\\\/07\\\/logo-75x75-1.png\",\"url\":\"https:\\\/\\\/www.mines-stetienne.fr\\\/panoramines\\\/wp-content\\\/uploads\\\/sites\\\/3\\\/2021\\\/07\\\/logo-75x75-1.png\",\"contentUrl\":\"https:\\\/\\\/www.mines-stetienne.fr\\\/panoramines\\\/wp-content\\\/uploads\\\/sites\\\/3\\\/2021\\\/07\\\/logo-75x75-1.png\",\"caption\":\"Nathalie\"},\"url\":\"https:\\\/\\\/www.mines-stetienne.fr\\\/panoramines\\\/author\\\/nathalie\\\/\"}]}<\/script>\n<!-- \/ Yoast SEO plugin. -->","yoast_head_json":{"title":"Classes virtuelles, continuit\u00e9 r\u00e9elle - Panoramines","robots":{"index":"index","follow":"follow","max-snippet":"max-snippet:-1","max-image-preview":"max-image-preview:large","max-video-preview":"max-video-preview:-1"},"canonical":"https:\/\/www.mines-stetienne.fr\/panoramines\/2020\/03\/26\/classes-virtuelles-continuite-reelle\/","og_locale":"fr_FR","og_type":"article","og_title":"Classes virtuelles, continuit\u00e9 r\u00e9elle - Panoramines","og_description":"La direction des formations, les \u00e9quipes enseignantes et les services support sont totalement mobilis\u00e9s pour permettre une poursuite des formations dans les meilleures conditions possibles. 30 classes virtuelles sont ouvertes pour la continuit\u00e9 \u00e0 distance des cursus ICM, ISMIN, masters &hellip;","og_url":"https:\/\/www.mines-stetienne.fr\/panoramines\/2020\/03\/26\/classes-virtuelles-continuite-reelle\/","og_site_name":"Panoramines","article_published_time":"2020-03-26T09:49:00+00:00","article_modified_time":"2020-03-30T15:12:10+00:00","og_image":[{"width":700,"height":361,"url":"https:\/\/www.mines-stetienne.fr\/panoramines\/wp-content\/uploads\/sites\/3\/2020\/03\/UneContinuite.jpg","type":"image\/jpeg"}],"author":"Nathalie","twitter_card":"summary_large_image","twitter_misc":{"\u00c9crit par":" Nathalie","Dur\u00e9e de lecture estim\u00e9e":"1 minute"},"schema":{"@context":"https:\/\/schema.org","@graph":[{"@type":"Article","@id":"https:\/\/www.mines-stetienne.fr\/panoramines\/2020\/03\/26\/classes-virtuelles-continuite-reelle\/#article","isPartOf":{"@id":"https:\/\/www.mines-stetienne.fr\/panoramines\/2020\/03\/26\/classes-virtuelles-continuite-reelle\/"},"author":{"name":"Nathalie","@id":"https:\/\/www.mines-stetienne.fr\/panoramines\/#\/schema\/person\/95e752e6dedac604ce4535123e0f8df7"},"headline":"Classes virtuelles, continuit\u00e9 r\u00e9elle","datePublished":"2020-03-26T09:49:00+00:00","dateModified":"2020-03-30T15:12:10+00:00","mainEntityOfPage":{"@id":"https:\/\/www.mines-stetienne.fr\/panoramines\/2020\/03\/26\/classes-virtuelles-continuite-reelle\/"},"wordCount":282,"image":{"@id":"https:\/\/www.mines-stetienne.fr\/panoramines\/2020\/03\/26\/classes-virtuelles-continuite-reelle\/#primaryimage"},"thumbnailUrl":"https:\/\/www.mines-stetienne.fr\/panoramines\/wp-content\/uploads\/sites\/3\/2020\/03\/UneContinuite.jpg","articleSection":["Formation"],"inLanguage":"fr-FR"},{"@type":"WebPage","@id":"https:\/\/www.mines-stetienne.fr\/panoramines\/2020\/03\/26\/classes-virtuelles-continuite-reelle\/","url":"https:\/\/www.mines-stetienne.fr\/panoramines\/2020\/03\/26\/classes-virtuelles-continuite-reelle\/","name":"Classes virtuelles, continuit\u00e9 r\u00e9elle - Panoramines","isPartOf":{"@id":"https:\/\/www.mines-stetienne.fr\/panoramines\/#website"},"primaryImageOfPage":{"@id":"https:\/\/www.mines-stetienne.fr\/panoramines\/2020\/03\/26\/classes-virtuelles-continuite-reelle\/#primaryimage"},"image":{"@id":"https:\/\/www.mines-stetienne.fr\/panoramines\/2020\/03\/26\/classes-virtuelles-continuite-reelle\/#primaryimage"},"thumbnailUrl":"https:\/\/www.mines-stetienne.fr\/panoramines\/wp-content\/uploads\/sites\/3\/2020\/03\/UneContinuite.jpg","datePublished":"2020-03-26T09:49:00+00:00","dateModified":"2020-03-30T15:12:10+00:00","author":{"@id":"https:\/\/www.mines-stetienne.fr\/panoramines\/#\/schema\/person\/95e752e6dedac604ce4535123e0f8df7"},"breadcrumb":{"@id":"https:\/\/www.mines-stetienne.fr\/panoramines\/2020\/03\/26\/classes-virtuelles-continuite-reelle\/#breadcrumb"},"inLanguage":"fr-FR","potentialAction":[{"@type":"ReadAction","target":["https:\/\/www.mines-stetienne.fr\/panoramines\/2020\/03\/26\/classes-virtuelles-continuite-reelle\/"]}]},{"@type":"ImageObject","inLanguage":"fr-FR","@id":"https:\/\/www.mines-stetienne.fr\/panoramines\/2020\/03\/26\/classes-virtuelles-continuite-reelle\/#primaryimage","url":"https:\/\/www.mines-stetienne.fr\/panoramines\/wp-content\/uploads\/sites\/3\/2020\/03\/UneContinuite.jpg","contentUrl":"https:\/\/www.mines-stetienne.fr\/panoramines\/wp-content\/uploads\/sites\/3\/2020\/03\/UneContinuite.jpg","width":700,"height":361},{"@type":"BreadcrumbList","@id":"https:\/\/www.mines-stetienne.fr\/panoramines\/2020\/03\/26\/classes-virtuelles-continuite-reelle\/#breadcrumb","itemListElement":[{"@type":"ListItem","position":1,"name":"Accueil","item":"https:\/\/www.mines-stetienne.fr\/panoramines\/"},{"@type":"ListItem","position":2,"name":"Classes virtuelles, continuit\u00e9 r\u00e9elle"}]},{"@type":"WebSite","@id":"https:\/\/www.mines-stetienne.fr\/panoramines\/#website","url":"https:\/\/www.mines-stetienne.fr\/panoramines\/","name":"Panoramines","description":"Panoramines, l\u2019actualit\u00e9 de MINES Saint-\u00c9tienne","potentialAction":[{"@type":"SearchAction","target":{"@type":"EntryPoint","urlTemplate":"https:\/\/www.mines-stetienne.fr\/panoramines\/?s={search_term_string}"},"query-input":{"@type":"PropertyValueSpecification","valueRequired":true,"valueName":"search_term_string"}}],"inLanguage":"fr-FR"},{"@type":"Person","@id":"https:\/\/www.mines-stetienne.fr\/panoramines\/#\/schema\/person\/95e752e6dedac604ce4535123e0f8df7","name":"Nathalie","image":{"@type":"ImageObject","inLanguage":"fr-FR","@id":"https:\/\/www.mines-stetienne.fr\/panoramines\/wp-content\/uploads\/sites\/3\/2021\/07\/logo-75x75-1.png","url":"https:\/\/www.mines-stetienne.fr\/panoramines\/wp-content\/uploads\/sites\/3\/2021\/07\/logo-75x75-1.png","contentUrl":"https:\/\/www.mines-stetienne.fr\/panoramines\/wp-content\/uploads\/sites\/3\/2021\/07\/logo-75x75-1.png","caption":"Nathalie"},"url":"https:\/\/www.mines-stetienne.fr\/panoramines\/author\/nathalie\/"}]}},"_links":{"self":[{"href":"https:\/\/www.mines-stetienne.fr\/panoramines\/wp-json\/wp\/v2\/posts\/21901","targetHints":{"allow":["GET"]}}],"collection":[{"href":"https:\/\/www.mines-stetienne.fr\/panoramines\/wp-json\/wp\/v2\/posts"}],"about":[{"href":"https:\/\/www.mines-stetienne.fr\/panoramines\/wp-json\/wp\/v2\/types\/post"}],"author":[{"embeddable":true,"href":"https:\/\/www.mines-stetienne.fr\/panoramines\/wp-json\/wp\/v2\/users\/3"}],"replies":[{"embeddable":true,"href":"https:\/\/www.mines-stetienne.fr\/panoramines\/wp-json\/wp\/v2\/comments?post=21901"}],"version-history":[{"count":18,"href":"https:\/\/www.mines-stetienne.fr\/panoramines\/wp-json\/wp\/v2\/posts\/21901\/revisions"}],"predecessor-version":[{"id":22059,"href":"https:\/\/www.mines-stetienne.fr\/panoramines\/wp-json\/wp\/v2\/posts\/21901\/revisions\/22059"}],"wp:featuredmedia":[{"embeddable":true,"href":"https:\/\/www.mines-stetienne.fr\/panoramines\/wp-json\/wp\/v2\/media\/21963"}],"wp:attachment":[{"href":"https:\/\/www.mines-stetienne.fr\/panoramines\/wp-json\/wp\/v2\/media?parent=21901"}],"wp:term":[{"taxonomy":"category","embeddable":true,"href":"https:\/\/www.mines-stetienne.fr\/panoramines\/wp-json\/wp\/v2\/categories?post=21901"},{"taxonomy":"post_tag","embeddable":true,"href":"https:\/\/www.mines-stetienne.fr\/panoramines\/wp-json\/wp\/v2\/tags?post=21901"}],"curies":[{"name":"wp","href":"https:\/\/api.w.org\/{rel}","templated":true}]}}