{"id":21754,"date":"2020-03-25T10:31:00","date_gmt":"2020-03-25T09:31:00","guid":{"rendered":"https:\/\/www.mines-stetienne.fr\/panoramines\/?p=21754"},"modified":"2024-03-07T16:35:33","modified_gmt":"2024-03-07T15:35:33","slug":"deux-alumni-icm-laureats-du-grand-prix-vie-russie","status":"publish","type":"post","link":"https:\/\/www.mines-stetienne.fr\/panoramines\/2020\/03\/25\/deux-alumni-icm-laureats-du-grand-prix-vie-russie\/","title":{"rendered":"Deux alumni ICM laur\u00e9ats du grand prix VIE Russie"},"content":{"rendered":"\n<h4 class=\"wp-block-heading\">Chaque ann\u00e9e, le Grand Prix VIE Russie organis\u00e9 par Business France, la CCI et les CCEF pr\u00e9sents \u00e0 Moscou couronne des parcours internationaux. Pour la deuxi\u00e8me ann\u00e9e cons\u00e9cutive, le laur\u00e9at est un ancien \u00e9l\u00e8ve ICM : Sacha Rouiller, E2015, r\u00e9compens\u00e9 lors de l&rsquo;\u00e9dition&nbsp;2019 succ\u00e8de \u00e0 Josselin Fuzier, E2013 laur\u00e9at 2018. Merci aux alumni qui participent au rayonnement de notre \u00e9cole !<\/h4>\n\n\n\n<p class=\"has-medium-font-size\"><a rel=\"noreferrer noopener\" aria-label=\"Pr\u00e9sentation du Grand Prix VIE Russie :  (opens in a new tab)\" href=\"https:\/\/russie.cnccef.org\/grand-prix-v-i-e-en-russie\/\" target=\"_blank\">Pr\u00e9sentation du Grand Prix VIE Russie : <\/a><\/p>\n\n\n\n<p><strong>Le jury r\u00e9compense les V.I.E. alliant les parcours professionnels et personnels les plus avanc\u00e9s en terme d&rsquo;engagement, d&rsquo;ouverture et d&rsquo;adaptation<\/strong>. Les prix sont remis par l&rsquo;ambassadeur de France ou une personnalit\u00e9 politique de passage \u00e0 Moscou. <a rel=\"noreferrer noopener\" aria-label=\"En savoir + (opens in a new tab)\" href=\"https:\/\/russie.cnccef.org\/grand-prix-v-i-e-en-russie\/\" target=\"_blank\">En savoir +<\/a> <\/p>\n\n\n\n<p class=\"has-medium-font-size\">F\u00e9licitations \u00e0 Sacha !<\/p>\n\n\n\n<p>\u00ab\u00a0Durant cette ann\u00e9e pass\u00e9e en Russie, j&rsquo;ai d\u00e9couvert l&rsquo;existence du programme des V.I.E. Int\u00e9ressant \u00e0 la fois pour l&rsquo;entreprise et pour la personne l&rsquo;effectuant, le V.I.E. est id\u00e9al pour commencer une carri\u00e8re \u00e0 l&rsquo;international. J&rsquo;ai donc prospect\u00e9 aupr\u00e8s des entreprises fran\u00e7aises implant\u00e9es \u00e0 Moscou et j&rsquo;ai trouv\u00e9 une oreille attentive chez FM Logistic qui m&rsquo;a fait confiance pour me recruter sous ce statut.\u00a0\u00bb<\/p>\n\n\n\n<blockquote class=\"wp-block-quote is-layout-flow wp-block-quote-is-layout-flow\"><p><em>\u00ab\u00a0Gr\u00e2ce \u00e0 la bourse d&rsquo;excellence Louis Neltner et \u00e0 une bourse de la fondation re\u00e7ues durant ma scolarit\u00e9, j&rsquo;ai pu financer une mobilit\u00e9 acad\u00e9mique durant la 3e ann\u00e9e de mon cursus. J&rsquo;ai choisi de l&rsquo;effectuer \u00e0 l&rsquo;institut Bauman de Moscou.\u00a0\u00bb<\/em><\/p><\/blockquote>\n\n\n\n<p><strong><a href=\"m&#97;&#105;&#x6c;&#x74;o:&#115;&#97;&#x63;&#x68;a&#46;&#114;&#111;&#x75;&#x69;ll&#101;&#x72;&#x40;&#x6d;i&#110;&#101;&#x73;&#x2d;&#x73;a&#105;&#110;&#x74;&#x2d;&#x65;t&#105;&#101;&#x6e;&#x6e;&#x65;&#46;&#111;&#114;&#x67;\">Sacha Rouiller<\/a><\/strong> a tr\u00e8s rapidement obtenu des responsabilit\u00e9s importantes en recevant la charge d&rsquo;un projet \u00e0 port\u00e9e internationale, sous la supervision des membres du Comex du groupe.<\/p>\n\n\n\n<blockquote class=\"wp-block-quote is-layout-flow wp-block-quote-is-layout-flow\"><p>\u00ab\u00a0<em><strong>L&rsquo;obtention de la premi\u00e8re place au Grand Prix V.I.E. 2019 est une reconnaissance forte du parcours international que j&rsquo;ai choisi d&rsquo;effectuer<\/strong> et de mon engagement dans ma vie de tous les jours. <\/em>\u00ab\u00a0<\/p><\/blockquote>\n\n\n\n<p>\u00ab\u00a0Cette nouvelle a \u00e9t\u00e9 tr\u00e8s bien re\u00e7ue par mon entreprise et a tout de suite fait l&rsquo;objet d&rsquo;une communication \u00e0 l&rsquo;\u00e9chelle du groupe. Gr\u00e2ce aux comp\u00e9tences que nous d\u00e9veloppons \u00e0 l\u2019\u00c9cole des Mines de Saint-\u00c9tienne, nous avons toutes les cartes en mains pour nous adapter \u00e0 l\u2019international. Il suffit de se lancer&nbsp;!\u00a0\u00bb<\/p>\n\n\n\n<p class=\"has-medium-font-size\">F\u00e9licitations \u00e0 Josselin ! <\/p>\n\n\n\n<figure class=\"wp-block-image size-large\"><img loading=\"lazy\" decoding=\"async\" width=\"689\" height=\"387\" src=\"https:\/\/www.mines-stetienne.fr\/panoramines\/wp-content\/uploads\/sites\/3\/2020\/03\/VIE2.jpg\" alt=\"\" class=\"wp-image-21925\" srcset=\"https:\/\/www.mines-stetienne.fr\/panoramines\/wp-content\/uploads\/sites\/3\/2020\/03\/VIE2.jpg 689w, https:\/\/www.mines-stetienne.fr\/panoramines\/wp-content\/uploads\/sites\/3\/2020\/03\/VIE2-300x169.jpg 300w\" sizes=\"auto, (max-width: 689px) 100vw, 689px\" \/><\/figure>\n\n\n\n<p>Pour <strong><a href=\"&#109;&#97;&#x69;l&#116;&#x6f;&#x3a;j&#111;&#x73;&#x73;e&#108;&#x69;&#x6e;&#46;&#102;&#x75;&#x7a;i&#101;&#x72;&#x40;m&#105;&#x6e;e&#115;&#45;&#x73;a&#105;&#x6e;&#x74;-&#101;&#x74;&#x69;e&#110;&#x6e;&#x65;&#46;&#111;&#x72;&#x67;\">Josselin Fuzier<\/a><\/strong>, avec les cours de LV2 obligatoires, les \u00e9tudiants en \u00e9change sur le campus et les possibilit\u00e9s de mobilit\u00e9 acad\u00e9mique, <strong>l\u2019\u00c9cole des Mines de Saint-\u00c9tienne donne \u00e0 ses ing\u00e9nieurs les cl\u00e9s pour accomplir de belles choses en milieu international !<\/strong> \u00ab\u00a0D\u2019abord en cours de russe LV2, puis en mobilit\u00e9 acad\u00e9mique \u00e0 Moscou, les Mines m\u2019ont permis de construire les bases de mon parcours en Russie.\u00a0\u00bb<\/p>\n\n\n\n<blockquote class=\"wp-block-quote is-layout-flow wp-block-quote-is-layout-flow\"><p><em>\u00ab\u00a04 ans apr\u00e8s mon arriv\u00e9e \u00e0 Moscou, j\u2019occupe le poste de &lsquo;Sales &amp; Service Manager Russia&rsquo; chez Plasma-Therm, un fournisseur international pour un segment hautement technique des micro\/nanotech.\u00a0\u00bb<\/em><\/p><\/blockquote>\n\n\n\n<p>\u00ab\u00a0<strong>Le VIE est une voie id\u00e9ale pour faire ses premiers pas dans le monde du travail \u00e0 l\u2019\u00e9tranger<\/strong>. Mes 2 ans de VIE ont offert de nouvelles perspectives en Russie \u00e0 mon entreprise grenobloise d\u2019alors, et m\u2019ont donn\u00e9 une formidable exp\u00e9rience source de comp\u00e9tences, de confiance et d\u2019ouverture. J\u2019ai ainsi \u00e9t\u00e9 r\u00e9compens\u00e9 par le Grand Prix VIE Russie 2018 un an avant Sacha, pour l\u2019ensemble de mon travail personnel et professionnel.<\/p>\n\n\n\n<blockquote class=\"wp-block-quote is-layout-flow wp-block-quote-is-layout-flow\"><p>\u00ab\u00a0<em>Le profil de l&rsquo;ing\u00e9nieur civil des mines non seulement pla\u00eet \u00e0 l\u2019international, mais r\u00e9ussit. La combinaison st\u00e9phanoise &#8211; cours, associations et vie \u00e0 la ME &#8211; semble produire des ing\u00e9nieurs ouverts et agiles \u00e0 l\u2019international, force d\u2019initiative dans les domaines tant personnels que professionnels<\/em> <em>!\u00a0\u00bb<\/em><\/p><\/blockquote>\n\n\n\n<p><em>Tous deux seront heureux de r\u00e9pondre aux questions des Mineurs sur le VIE ou tout autre aspect de leur parcours !<\/em><\/p>\n\n\n\n<hr class=\"wp-block-separator\" \/>\n","protected":false},"excerpt":{"rendered":"<p>Chaque ann\u00e9e, le Grand Prix VIE Russie organis\u00e9 par Business France, la CCI et les CCEF pr\u00e9sents \u00e0 Moscou couronne des parcours internationaux. Pour la deuxi\u00e8me ann\u00e9e cons\u00e9cutive, le laur\u00e9at est un ancien \u00e9l\u00e8ve ICM : Sacha Rouiller, E2015, r\u00e9compens\u00e9 &hellip;<\/p>\n","protected":false},"author":3,"featured_media":21924,"comment_status":"closed","ping_status":"open","sticky":false,"template":"","format":"standard","meta":{"_relevanssi_hide_post":"","_relevanssi_hide_content":"","_relevanssi_pin_for_all":"","_relevanssi_pin_keywords":"","_relevanssi_unpin_keywords":"","_relevanssi_related_keywords":"","_relevanssi_related_include_ids":"","_relevanssi_related_exclude_ids":"","_relevanssi_related_no_append":"","_relevanssi_related_not_related":"","_relevanssi_related_posts":"","_relevanssi_noindex_reason":"","footnotes":""},"categories":[1018],"tags":[164,22,37,53,578,686],"class_list":["post-21754","post","type-post","status-publish","format-standard","has-post-thumbnail","hentry","category-international","tag-alumni","tag-distinction","tag-icm","tag-international","tag-russie","tag-v-i-e"],"pp_statuses_selecting_workflow":false,"pp_workflow_action":"current","pp_status_selection":"publish","pp_force_visibility":null,"pp_subpost_visibility":null,"pp_inherited_force_visibility":null,"pp_inherited_subpost_visibility":null,"yoast_head":"<!-- This site is optimized with the Yoast SEO plugin v27.5 - https:\/\/yoast.com\/product\/yoast-seo-wordpress\/ -->\n<title>Deux alumni ICM laur\u00e9ats du grand prix VIE Russie - Panoramines<\/title>\n<meta name=\"robots\" content=\"index, follow, max-snippet:-1, max-image-preview:large, max-video-preview:-1\" \/>\n<link rel=\"canonical\" href=\"https:\/\/www.mines-stetienne.fr\/panoramines\/2020\/03\/25\/deux-alumni-icm-laureats-du-grand-prix-vie-russie\/\" \/>\n<meta property=\"og:locale\" content=\"fr_FR\" \/>\n<meta property=\"og:type\" content=\"article\" \/>\n<meta property=\"og:title\" content=\"Deux alumni ICM laur\u00e9ats du grand prix VIE Russie - Panoramines\" \/>\n<meta property=\"og:description\" content=\"Chaque ann\u00e9e, le Grand Prix VIE Russie organis\u00e9 par Business France, la CCI et les CCEF pr\u00e9sents \u00e0 Moscou couronne des parcours internationaux. Pour la deuxi\u00e8me ann\u00e9e cons\u00e9cutive, le laur\u00e9at est un ancien \u00e9l\u00e8ve ICM : Sacha Rouiller, E2015, r\u00e9compens\u00e9 &hellip;\" \/>\n<meta property=\"og:url\" content=\"https:\/\/www.mines-stetienne.fr\/panoramines\/2020\/03\/25\/deux-alumni-icm-laureats-du-grand-prix-vie-russie\/\" \/>\n<meta property=\"og:site_name\" content=\"Panoramines\" \/>\n<meta property=\"article:published_time\" content=\"2020-03-25T09:31:00+00:00\" \/>\n<meta property=\"article:modified_time\" content=\"2024-03-07T15:35:33+00:00\" \/>\n<meta property=\"og:image\" content=\"https:\/\/www.mines-stetienne.fr\/panoramines\/wp-content\/uploads\/sites\/3\/2020\/03\/UneVIE.jpg\" \/>\n\t<meta property=\"og:image:width\" content=\"700\" \/>\n\t<meta property=\"og:image:height\" content=\"379\" \/>\n\t<meta property=\"og:image:type\" content=\"image\/jpeg\" \/>\n<meta name=\"author\" content=\"Nathalie\" \/>\n<meta name=\"twitter:card\" content=\"summary_large_image\" \/>\n<meta name=\"twitter:label1\" content=\"\u00c9crit par\" \/>\n\t<meta name=\"twitter:data1\" content=\" Nathalie\" \/>\n\t<meta name=\"twitter:label2\" content=\"Dur\u00e9e de lecture estim\u00e9e\" \/>\n\t<meta name=\"twitter:data2\" content=\"3 minutes\" \/>\n<script type=\"application\/ld+json\" class=\"yoast-schema-graph\">{\"@context\":\"https:\\\/\\\/schema.org\",\"@graph\":[{\"@type\":\"Article\",\"@id\":\"https:\\\/\\\/www.mines-stetienne.fr\\\/panoramines\\\/2020\\\/03\\\/25\\\/deux-alumni-icm-laureats-du-grand-prix-vie-russie\\\/#article\",\"isPartOf\":{\"@id\":\"https:\\\/\\\/www.mines-stetienne.fr\\\/panoramines\\\/2020\\\/03\\\/25\\\/deux-alumni-icm-laureats-du-grand-prix-vie-russie\\\/\"},\"author\":{\"name\":\"Nathalie\",\"@id\":\"https:\\\/\\\/www.mines-stetienne.fr\\\/panoramines\\\/#\\\/schema\\\/person\\\/95e752e6dedac604ce4535123e0f8df7\"},\"headline\":\"Deux alumni ICM laur\u00e9ats du grand prix VIE Russie\",\"datePublished\":\"2020-03-25T09:31:00+00:00\",\"dateModified\":\"2024-03-07T15:35:33+00:00\",\"mainEntityOfPage\":{\"@id\":\"https:\\\/\\\/www.mines-stetienne.fr\\\/panoramines\\\/2020\\\/03\\\/25\\\/deux-alumni-icm-laureats-du-grand-prix-vie-russie\\\/\"},\"wordCount\":618,\"image\":{\"@id\":\"https:\\\/\\\/www.mines-stetienne.fr\\\/panoramines\\\/2020\\\/03\\\/25\\\/deux-alumni-icm-laureats-du-grand-prix-vie-russie\\\/#primaryimage\"},\"thumbnailUrl\":\"https:\\\/\\\/www.mines-stetienne.fr\\\/panoramines\\\/wp-content\\\/uploads\\\/sites\\\/3\\\/2020\\\/03\\\/UneVIE.jpg\",\"keywords\":[\"Alumni\",\"Distinction\",\"ICM\",\"International\",\"Russie\",\"VIE\"],\"articleSection\":[\"International\"],\"inLanguage\":\"fr-FR\"},{\"@type\":\"WebPage\",\"@id\":\"https:\\\/\\\/www.mines-stetienne.fr\\\/panoramines\\\/2020\\\/03\\\/25\\\/deux-alumni-icm-laureats-du-grand-prix-vie-russie\\\/\",\"url\":\"https:\\\/\\\/www.mines-stetienne.fr\\\/panoramines\\\/2020\\\/03\\\/25\\\/deux-alumni-icm-laureats-du-grand-prix-vie-russie\\\/\",\"name\":\"Deux alumni ICM laur\u00e9ats du grand prix VIE Russie - Panoramines\",\"isPartOf\":{\"@id\":\"https:\\\/\\\/www.mines-stetienne.fr\\\/panoramines\\\/#website\"},\"primaryImageOfPage\":{\"@id\":\"https:\\\/\\\/www.mines-stetienne.fr\\\/panoramines\\\/2020\\\/03\\\/25\\\/deux-alumni-icm-laureats-du-grand-prix-vie-russie\\\/#primaryimage\"},\"image\":{\"@id\":\"https:\\\/\\\/www.mines-stetienne.fr\\\/panoramines\\\/2020\\\/03\\\/25\\\/deux-alumni-icm-laureats-du-grand-prix-vie-russie\\\/#primaryimage\"},\"thumbnailUrl\":\"https:\\\/\\\/www.mines-stetienne.fr\\\/panoramines\\\/wp-content\\\/uploads\\\/sites\\\/3\\\/2020\\\/03\\\/UneVIE.jpg\",\"datePublished\":\"2020-03-25T09:31:00+00:00\",\"dateModified\":\"2024-03-07T15:35:33+00:00\",\"author\":{\"@id\":\"https:\\\/\\\/www.mines-stetienne.fr\\\/panoramines\\\/#\\\/schema\\\/person\\\/95e752e6dedac604ce4535123e0f8df7\"},\"breadcrumb\":{\"@id\":\"https:\\\/\\\/www.mines-stetienne.fr\\\/panoramines\\\/2020\\\/03\\\/25\\\/deux-alumni-icm-laureats-du-grand-prix-vie-russie\\\/#breadcrumb\"},\"inLanguage\":\"fr-FR\",\"potentialAction\":[{\"@type\":\"ReadAction\",\"target\":[\"https:\\\/\\\/www.mines-stetienne.fr\\\/panoramines\\\/2020\\\/03\\\/25\\\/deux-alumni-icm-laureats-du-grand-prix-vie-russie\\\/\"]}]},{\"@type\":\"ImageObject\",\"inLanguage\":\"fr-FR\",\"@id\":\"https:\\\/\\\/www.mines-stetienne.fr\\\/panoramines\\\/2020\\\/03\\\/25\\\/deux-alumni-icm-laureats-du-grand-prix-vie-russie\\\/#primaryimage\",\"url\":\"https:\\\/\\\/www.mines-stetienne.fr\\\/panoramines\\\/wp-content\\\/uploads\\\/sites\\\/3\\\/2020\\\/03\\\/UneVIE.jpg\",\"contentUrl\":\"https:\\\/\\\/www.mines-stetienne.fr\\\/panoramines\\\/wp-content\\\/uploads\\\/sites\\\/3\\\/2020\\\/03\\\/UneVIE.jpg\",\"width\":700,\"height\":379},{\"@type\":\"BreadcrumbList\",\"@id\":\"https:\\\/\\\/www.mines-stetienne.fr\\\/panoramines\\\/2020\\\/03\\\/25\\\/deux-alumni-icm-laureats-du-grand-prix-vie-russie\\\/#breadcrumb\",\"itemListElement\":[{\"@type\":\"ListItem\",\"position\":1,\"name\":\"Accueil\",\"item\":\"https:\\\/\\\/www.mines-stetienne.fr\\\/panoramines\\\/\"},{\"@type\":\"ListItem\",\"position\":2,\"name\":\"Deux alumni ICM laur\u00e9ats du grand prix VIE Russie\"}]},{\"@type\":\"WebSite\",\"@id\":\"https:\\\/\\\/www.mines-stetienne.fr\\\/panoramines\\\/#website\",\"url\":\"https:\\\/\\\/www.mines-stetienne.fr\\\/panoramines\\\/\",\"name\":\"Panoramines\",\"description\":\"Panoramines, l\u2019actualit\u00e9 de MINES Saint-\u00c9tienne\",\"potentialAction\":[{\"@type\":\"SearchAction\",\"target\":{\"@type\":\"EntryPoint\",\"urlTemplate\":\"https:\\\/\\\/www.mines-stetienne.fr\\\/panoramines\\\/?s={search_term_string}\"},\"query-input\":{\"@type\":\"PropertyValueSpecification\",\"valueRequired\":true,\"valueName\":\"search_term_string\"}}],\"inLanguage\":\"fr-FR\"},{\"@type\":\"Person\",\"@id\":\"https:\\\/\\\/www.mines-stetienne.fr\\\/panoramines\\\/#\\\/schema\\\/person\\\/95e752e6dedac604ce4535123e0f8df7\",\"name\":\"Nathalie\",\"image\":{\"@type\":\"ImageObject\",\"inLanguage\":\"fr-FR\",\"@id\":\"https:\\\/\\\/www.mines-stetienne.fr\\\/panoramines\\\/wp-content\\\/uploads\\\/sites\\\/3\\\/2021\\\/07\\\/logo-75x75-1.png\",\"url\":\"https:\\\/\\\/www.mines-stetienne.fr\\\/panoramines\\\/wp-content\\\/uploads\\\/sites\\\/3\\\/2021\\\/07\\\/logo-75x75-1.png\",\"contentUrl\":\"https:\\\/\\\/www.mines-stetienne.fr\\\/panoramines\\\/wp-content\\\/uploads\\\/sites\\\/3\\\/2021\\\/07\\\/logo-75x75-1.png\",\"caption\":\"Nathalie\"},\"url\":\"https:\\\/\\\/www.mines-stetienne.fr\\\/panoramines\\\/author\\\/nathalie\\\/\"}]}<\/script>\n<!-- \/ Yoast SEO plugin. -->","yoast_head_json":{"title":"Deux alumni ICM laur\u00e9ats du grand prix VIE Russie - Panoramines","robots":{"index":"index","follow":"follow","max-snippet":"max-snippet:-1","max-image-preview":"max-image-preview:large","max-video-preview":"max-video-preview:-1"},"canonical":"https:\/\/www.mines-stetienne.fr\/panoramines\/2020\/03\/25\/deux-alumni-icm-laureats-du-grand-prix-vie-russie\/","og_locale":"fr_FR","og_type":"article","og_title":"Deux alumni ICM laur\u00e9ats du grand prix VIE Russie - Panoramines","og_description":"Chaque ann\u00e9e, le Grand Prix VIE Russie organis\u00e9 par Business France, la CCI et les CCEF pr\u00e9sents \u00e0 Moscou couronne des parcours internationaux. Pour la deuxi\u00e8me ann\u00e9e cons\u00e9cutive, le laur\u00e9at est un ancien \u00e9l\u00e8ve ICM : Sacha Rouiller, E2015, r\u00e9compens\u00e9 &hellip;","og_url":"https:\/\/www.mines-stetienne.fr\/panoramines\/2020\/03\/25\/deux-alumni-icm-laureats-du-grand-prix-vie-russie\/","og_site_name":"Panoramines","article_published_time":"2020-03-25T09:31:00+00:00","article_modified_time":"2024-03-07T15:35:33+00:00","og_image":[{"width":700,"height":379,"url":"https:\/\/www.mines-stetienne.fr\/panoramines\/wp-content\/uploads\/sites\/3\/2020\/03\/UneVIE.jpg","type":"image\/jpeg"}],"author":"Nathalie","twitter_card":"summary_large_image","twitter_misc":{"\u00c9crit par":" Nathalie","Dur\u00e9e de lecture estim\u00e9e":"3 minutes"},"schema":{"@context":"https:\/\/schema.org","@graph":[{"@type":"Article","@id":"https:\/\/www.mines-stetienne.fr\/panoramines\/2020\/03\/25\/deux-alumni-icm-laureats-du-grand-prix-vie-russie\/#article","isPartOf":{"@id":"https:\/\/www.mines-stetienne.fr\/panoramines\/2020\/03\/25\/deux-alumni-icm-laureats-du-grand-prix-vie-russie\/"},"author":{"name":"Nathalie","@id":"https:\/\/www.mines-stetienne.fr\/panoramines\/#\/schema\/person\/95e752e6dedac604ce4535123e0f8df7"},"headline":"Deux alumni ICM laur\u00e9ats du grand prix VIE Russie","datePublished":"2020-03-25T09:31:00+00:00","dateModified":"2024-03-07T15:35:33+00:00","mainEntityOfPage":{"@id":"https:\/\/www.mines-stetienne.fr\/panoramines\/2020\/03\/25\/deux-alumni-icm-laureats-du-grand-prix-vie-russie\/"},"wordCount":618,"image":{"@id":"https:\/\/www.mines-stetienne.fr\/panoramines\/2020\/03\/25\/deux-alumni-icm-laureats-du-grand-prix-vie-russie\/#primaryimage"},"thumbnailUrl":"https:\/\/www.mines-stetienne.fr\/panoramines\/wp-content\/uploads\/sites\/3\/2020\/03\/UneVIE.jpg","keywords":["Alumni","Distinction","ICM","International","Russie","VIE"],"articleSection":["International"],"inLanguage":"fr-FR"},{"@type":"WebPage","@id":"https:\/\/www.mines-stetienne.fr\/panoramines\/2020\/03\/25\/deux-alumni-icm-laureats-du-grand-prix-vie-russie\/","url":"https:\/\/www.mines-stetienne.fr\/panoramines\/2020\/03\/25\/deux-alumni-icm-laureats-du-grand-prix-vie-russie\/","name":"Deux alumni ICM laur\u00e9ats du grand prix VIE Russie - Panoramines","isPartOf":{"@id":"https:\/\/www.mines-stetienne.fr\/panoramines\/#website"},"primaryImageOfPage":{"@id":"https:\/\/www.mines-stetienne.fr\/panoramines\/2020\/03\/25\/deux-alumni-icm-laureats-du-grand-prix-vie-russie\/#primaryimage"},"image":{"@id":"https:\/\/www.mines-stetienne.fr\/panoramines\/2020\/03\/25\/deux-alumni-icm-laureats-du-grand-prix-vie-russie\/#primaryimage"},"thumbnailUrl":"https:\/\/www.mines-stetienne.fr\/panoramines\/wp-content\/uploads\/sites\/3\/2020\/03\/UneVIE.jpg","datePublished":"2020-03-25T09:31:00+00:00","dateModified":"2024-03-07T15:35:33+00:00","author":{"@id":"https:\/\/www.mines-stetienne.fr\/panoramines\/#\/schema\/person\/95e752e6dedac604ce4535123e0f8df7"},"breadcrumb":{"@id":"https:\/\/www.mines-stetienne.fr\/panoramines\/2020\/03\/25\/deux-alumni-icm-laureats-du-grand-prix-vie-russie\/#breadcrumb"},"inLanguage":"fr-FR","potentialAction":[{"@type":"ReadAction","target":["https:\/\/www.mines-stetienne.fr\/panoramines\/2020\/03\/25\/deux-alumni-icm-laureats-du-grand-prix-vie-russie\/"]}]},{"@type":"ImageObject","inLanguage":"fr-FR","@id":"https:\/\/www.mines-stetienne.fr\/panoramines\/2020\/03\/25\/deux-alumni-icm-laureats-du-grand-prix-vie-russie\/#primaryimage","url":"https:\/\/www.mines-stetienne.fr\/panoramines\/wp-content\/uploads\/sites\/3\/2020\/03\/UneVIE.jpg","contentUrl":"https:\/\/www.mines-stetienne.fr\/panoramines\/wp-content\/uploads\/sites\/3\/2020\/03\/UneVIE.jpg","width":700,"height":379},{"@type":"BreadcrumbList","@id":"https:\/\/www.mines-stetienne.fr\/panoramines\/2020\/03\/25\/deux-alumni-icm-laureats-du-grand-prix-vie-russie\/#breadcrumb","itemListElement":[{"@type":"ListItem","position":1,"name":"Accueil","item":"https:\/\/www.mines-stetienne.fr\/panoramines\/"},{"@type":"ListItem","position":2,"name":"Deux alumni ICM laur\u00e9ats du grand prix VIE Russie"}]},{"@type":"WebSite","@id":"https:\/\/www.mines-stetienne.fr\/panoramines\/#website","url":"https:\/\/www.mines-stetienne.fr\/panoramines\/","name":"Panoramines","description":"Panoramines, l\u2019actualit\u00e9 de MINES Saint-\u00c9tienne","potentialAction":[{"@type":"SearchAction","target":{"@type":"EntryPoint","urlTemplate":"https:\/\/www.mines-stetienne.fr\/panoramines\/?s={search_term_string}"},"query-input":{"@type":"PropertyValueSpecification","valueRequired":true,"valueName":"search_term_string"}}],"inLanguage":"fr-FR"},{"@type":"Person","@id":"https:\/\/www.mines-stetienne.fr\/panoramines\/#\/schema\/person\/95e752e6dedac604ce4535123e0f8df7","name":"Nathalie","image":{"@type":"ImageObject","inLanguage":"fr-FR","@id":"https:\/\/www.mines-stetienne.fr\/panoramines\/wp-content\/uploads\/sites\/3\/2021\/07\/logo-75x75-1.png","url":"https:\/\/www.mines-stetienne.fr\/panoramines\/wp-content\/uploads\/sites\/3\/2021\/07\/logo-75x75-1.png","contentUrl":"https:\/\/www.mines-stetienne.fr\/panoramines\/wp-content\/uploads\/sites\/3\/2021\/07\/logo-75x75-1.png","caption":"Nathalie"},"url":"https:\/\/www.mines-stetienne.fr\/panoramines\/author\/nathalie\/"}]}},"_links":{"self":[{"href":"https:\/\/www.mines-stetienne.fr\/panoramines\/wp-json\/wp\/v2\/posts\/21754","targetHints":{"allow":["GET"]}}],"collection":[{"href":"https:\/\/www.mines-stetienne.fr\/panoramines\/wp-json\/wp\/v2\/posts"}],"about":[{"href":"https:\/\/www.mines-stetienne.fr\/panoramines\/wp-json\/wp\/v2\/types\/post"}],"author":[{"embeddable":true,"href":"https:\/\/www.mines-stetienne.fr\/panoramines\/wp-json\/wp\/v2\/users\/3"}],"replies":[{"embeddable":true,"href":"https:\/\/www.mines-stetienne.fr\/panoramines\/wp-json\/wp\/v2\/comments?post=21754"}],"version-history":[{"count":16,"href":"https:\/\/www.mines-stetienne.fr\/panoramines\/wp-json\/wp\/v2\/posts\/21754\/revisions"}],"predecessor-version":[{"id":21938,"href":"https:\/\/www.mines-stetienne.fr\/panoramines\/wp-json\/wp\/v2\/posts\/21754\/revisions\/21938"}],"wp:featuredmedia":[{"embeddable":true,"href":"https:\/\/www.mines-stetienne.fr\/panoramines\/wp-json\/wp\/v2\/media\/21924"}],"wp:attachment":[{"href":"https:\/\/www.mines-stetienne.fr\/panoramines\/wp-json\/wp\/v2\/media?parent=21754"}],"wp:term":[{"taxonomy":"category","embeddable":true,"href":"https:\/\/www.mines-stetienne.fr\/panoramines\/wp-json\/wp\/v2\/categories?post=21754"},{"taxonomy":"post_tag","embeddable":true,"href":"https:\/\/www.mines-stetienne.fr\/panoramines\/wp-json\/wp\/v2\/tags?post=21754"}],"curies":[{"name":"wp","href":"https:\/\/api.w.org\/{rel}","templated":true}]}}