{"id":21690,"date":"2020-03-06T09:48:00","date_gmt":"2020-03-06T08:48:00","guid":{"rendered":"https:\/\/www.mines-stetienne.fr\/panoramines\/?p=21690"},"modified":"2024-03-07T16:10:59","modified_gmt":"2024-03-07T15:10:59","slug":"dynamo-days-2020-deux-journees-de-co-working-sur-des-defis-societaux","status":"publish","type":"post","link":"https:\/\/www.mines-stetienne.fr\/panoramines\/2020\/03\/06\/dynamo-days-2020-deux-journees-de-co-working-sur-des-defis-societaux\/","title":{"rendered":"Dynamo Days 2020 : deux journ\u00e9es de co-working sur des d\u00e9fis soci\u00e9taux"},"content":{"rendered":"\n<h4 class=\"wp-block-heading\">L\u2019\u00e9v\u00e9nement d&rsquo;innovation collective et d\u2019engagement collaboratif a r\u00e9uni les 3 et 4 mars 450 participants sur le campus de Saint-\u00c9tienne : intervenants, coachs, porteurs de d\u00e9fis, une \u00e9quipe organisatrice performante et  400 \u00e9l\u00e8ves ICM qui ont relev\u00e9 17 d\u00e9fis <strong>en lien avec la th\u00e9matique de l&rsquo;alimentation.<\/strong> <\/h4>\n\n\n\n<p>Les \u00e9changes et le travail collaboratif ont illustr\u00e9 cette ann\u00e9e encore la d\u00e9marche ancr\u00e9e dans le r\u00e9el voulue par<a rel=\"noreferrer noopener\" aria-label=\" (opens in a new tab)\" href=\"https:\/\/portail.emse.fr\/syllabus\/ICM\/gp\/1546\/fr\" target=\"_blank\"> les Dynamo days<\/a> : <strong>une p\u00e9dagogie concr\u00e8te<\/strong> qui a cibl\u00e9 les \u00e9l\u00e8ves sur leurs sp\u00e9cificit\u00e9s techniques. Les \u00e9l\u00e8ves ont relev\u00e9 avec succ\u00e8s les 17 d\u00e9fis en lien avec la th\u00e9matique de l&rsquo;alimentation sous diff\u00e9rentes facettes&nbsp;: biodiversit\u00e9, z\u00e9ro d\u00e9chets, \u00e9thique, logistique, data, restauration, \u00e9nergie, transport, nutrition\u2026 des projets \u00e0 impacts soci\u00e9taux et environnementaux.<\/p>\n\n\n\n<p><strong>Les \u00e9quipes ont propos\u00e9 une belle diversit\u00e9 de concepts concrets et des livrables pertinents<\/strong> (prototypes, applications, tutoriels et outils p\u00e9dagogiques)&nbsp;: m\u00e9thodes d&rsquo;analyse de la sant\u00e9 des sols pour un usage agricole, faisabilit\u00e9 d\u2019une ferme-hostel, mise en place d\u2019une logistique d\u2019emballage z\u00e9ro d\u00e9chets, d\u00e9veloppement d\u2019une cuisine mobile et low-tech, r\u00e9alisation d\u2019un jeu p\u00e9dagogique imaginant un biodiversity score pour les aliments, nouveaux modes de conservation des l\u00e9gumes pour Fr\u00e8res des Hommes, d\u00e9veloppement de sous-produits pour les jeunes entrepreneurs de Dawn Project, mise en en \u0153uvre d\u2019un jardin ouvrier \u00e0 l\u2019\u00e9cole primaire, \u00e9valuation et la r\u00e9duction du gaspillage dans les cantines de la r\u00e9gion, ou encore \u00e9laboration d\u2019une grille d&rsquo;auto-\u00e9valuation pour un r\u00e9seau de professionnels du secteur alimentaire&#8230; <strong><a href=\"https:\/\/www.emse.fr\/DF\/fr\/xx272-2020-1.php\" target=\"_blank\" rel=\"noreferrer noopener\" aria-label=\" (opens in a new tab)\">(&#8230;)<\/a><\/strong><\/p>\n\n\n\n<figure class=\"wp-block-gallery columns-4 is-cropped wp-block-gallery-2 is-layout-flex wp-block-gallery-is-layout-flex\"><ul class=\"blocks-gallery-grid\"><li class=\"blocks-gallery-item\"><figure><a href=\"https:\/\/www.mines-stetienne.fr\/panoramines\/wp-content\/uploads\/sites\/3\/2020\/03\/IMG_4110.jpg\"><img loading=\"lazy\" decoding=\"async\" width=\"679\" height=\"500\" src=\"https:\/\/www.mines-stetienne.fr\/panoramines\/wp-content\/uploads\/sites\/3\/2020\/03\/IMG_4110.jpg\" alt=\"\" data-id=\"21691\" data-link=\"https:\/\/www.mines-stetienne.fr\/panoramines\/img_4110\/\" class=\"wp-image-21691\" srcset=\"https:\/\/www.mines-stetienne.fr\/panoramines\/wp-content\/uploads\/sites\/3\/2020\/03\/IMG_4110.jpg 679w, https:\/\/www.mines-stetienne.fr\/panoramines\/wp-content\/uploads\/sites\/3\/2020\/03\/IMG_4110-300x221.jpg 300w\" sizes=\"auto, (max-width: 679px) 100vw, 679px\" \/><\/a><\/figure><\/li><li class=\"blocks-gallery-item\"><figure><a href=\"https:\/\/www.mines-stetienne.fr\/panoramines\/wp-content\/uploads\/sites\/3\/2020\/03\/IMG_4134.jpg\"><img loading=\"lazy\" decoding=\"async\" width=\"807\" height=\"500\" src=\"https:\/\/www.mines-stetienne.fr\/panoramines\/wp-content\/uploads\/sites\/3\/2020\/03\/IMG_4134.jpg\" alt=\"\" data-id=\"21692\" data-link=\"https:\/\/www.mines-stetienne.fr\/panoramines\/img_4134\/\" class=\"wp-image-21692\" srcset=\"https:\/\/www.mines-stetienne.fr\/panoramines\/wp-content\/uploads\/sites\/3\/2020\/03\/IMG_4134.jpg 807w, https:\/\/www.mines-stetienne.fr\/panoramines\/wp-content\/uploads\/sites\/3\/2020\/03\/IMG_4134-300x186.jpg 300w, https:\/\/www.mines-stetienne.fr\/panoramines\/wp-content\/uploads\/sites\/3\/2020\/03\/IMG_4134-768x476.jpg 768w\" sizes=\"auto, (max-width: 807px) 100vw, 807px\" \/><\/a><\/figure><\/li><li class=\"blocks-gallery-item\"><figure><a href=\"https:\/\/www.mines-stetienne.fr\/panoramines\/wp-content\/uploads\/sites\/3\/2020\/03\/IMG_4141.jpg\"><img loading=\"lazy\" decoding=\"async\" width=\"750\" height=\"500\" src=\"https:\/\/www.mines-stetienne.fr\/panoramines\/wp-content\/uploads\/sites\/3\/2020\/03\/IMG_4141.jpg\" alt=\"\" data-id=\"21693\" data-link=\"https:\/\/www.mines-stetienne.fr\/panoramines\/img_4141\/\" class=\"wp-image-21693\" srcset=\"https:\/\/www.mines-stetienne.fr\/panoramines\/wp-content\/uploads\/sites\/3\/2020\/03\/IMG_4141.jpg 750w, https:\/\/www.mines-stetienne.fr\/panoramines\/wp-content\/uploads\/sites\/3\/2020\/03\/IMG_4141-300x200.jpg 300w\" sizes=\"auto, (max-width: 750px) 100vw, 750px\" \/><\/a><\/figure><\/li><li class=\"blocks-gallery-item\"><figure><a href=\"https:\/\/www.mines-stetienne.fr\/panoramines\/wp-content\/uploads\/sites\/3\/2020\/03\/IMG_4143.jpg\"><img loading=\"lazy\" decoding=\"async\" width=\"750\" height=\"500\" src=\"https:\/\/www.mines-stetienne.fr\/panoramines\/wp-content\/uploads\/sites\/3\/2020\/03\/IMG_4143.jpg\" alt=\"\" data-id=\"21694\" data-link=\"https:\/\/www.mines-stetienne.fr\/panoramines\/img_4143\/\" class=\"wp-image-21694\" srcset=\"https:\/\/www.mines-stetienne.fr\/panoramines\/wp-content\/uploads\/sites\/3\/2020\/03\/IMG_4143.jpg 750w, https:\/\/www.mines-stetienne.fr\/panoramines\/wp-content\/uploads\/sites\/3\/2020\/03\/IMG_4143-300x200.jpg 300w\" sizes=\"auto, (max-width: 750px) 100vw, 750px\" \/><\/a><\/figure><\/li><li class=\"blocks-gallery-item\"><figure><a href=\"https:\/\/www.mines-stetienne.fr\/panoramines\/wp-content\/uploads\/sites\/3\/2020\/03\/IMG_4145.jpg\"><img loading=\"lazy\" decoding=\"async\" width=\"750\" height=\"500\" src=\"https:\/\/www.mines-stetienne.fr\/panoramines\/wp-content\/uploads\/sites\/3\/2020\/03\/IMG_4145.jpg\" alt=\"\" data-id=\"21695\" data-link=\"https:\/\/www.mines-stetienne.fr\/panoramines\/img_4145\/\" class=\"wp-image-21695\" srcset=\"https:\/\/www.mines-stetienne.fr\/panoramines\/wp-content\/uploads\/sites\/3\/2020\/03\/IMG_4145.jpg 750w, https:\/\/www.mines-stetienne.fr\/panoramines\/wp-content\/uploads\/sites\/3\/2020\/03\/IMG_4145-300x200.jpg 300w\" sizes=\"auto, (max-width: 750px) 100vw, 750px\" \/><\/a><\/figure><\/li><li class=\"blocks-gallery-item\"><figure><a href=\"https:\/\/www.mines-stetienne.fr\/panoramines\/wp-content\/uploads\/sites\/3\/2020\/03\/IMG_4161.jpg\"><img loading=\"lazy\" decoding=\"async\" width=\"750\" height=\"500\" src=\"https:\/\/www.mines-stetienne.fr\/panoramines\/wp-content\/uploads\/sites\/3\/2020\/03\/IMG_4161.jpg\" alt=\"\" data-id=\"21696\" data-link=\"https:\/\/www.mines-stetienne.fr\/panoramines\/img_4161\/\" class=\"wp-image-21696\" srcset=\"https:\/\/www.mines-stetienne.fr\/panoramines\/wp-content\/uploads\/sites\/3\/2020\/03\/IMG_4161.jpg 750w, https:\/\/www.mines-stetienne.fr\/panoramines\/wp-content\/uploads\/sites\/3\/2020\/03\/IMG_4161-300x200.jpg 300w\" sizes=\"auto, (max-width: 750px) 100vw, 750px\" \/><\/a><\/figure><\/li><li class=\"blocks-gallery-item\"><figure><a href=\"https:\/\/www.mines-stetienne.fr\/panoramines\/wp-content\/uploads\/sites\/3\/2020\/03\/IMG_4168.jpg\"><img loading=\"lazy\" decoding=\"async\" width=\"750\" height=\"500\" src=\"https:\/\/www.mines-stetienne.fr\/panoramines\/wp-content\/uploads\/sites\/3\/2020\/03\/IMG_4168.jpg\" alt=\"\" data-id=\"21697\" data-link=\"https:\/\/www.mines-stetienne.fr\/panoramines\/img_4168\/\" class=\"wp-image-21697\" srcset=\"https:\/\/www.mines-stetienne.fr\/panoramines\/wp-content\/uploads\/sites\/3\/2020\/03\/IMG_4168.jpg 750w, https:\/\/www.mines-stetienne.fr\/panoramines\/wp-content\/uploads\/sites\/3\/2020\/03\/IMG_4168-300x200.jpg 300w\" sizes=\"auto, (max-width: 750px) 100vw, 750px\" \/><\/a><\/figure><\/li><li class=\"blocks-gallery-item\"><figure><a href=\"https:\/\/www.mines-stetienne.fr\/panoramines\/wp-content\/uploads\/sites\/3\/2020\/03\/IMG_4169.jpg\"><img loading=\"lazy\" decoding=\"async\" width=\"747\" height=\"500\" src=\"https:\/\/www.mines-stetienne.fr\/panoramines\/wp-content\/uploads\/sites\/3\/2020\/03\/IMG_4169.jpg\" alt=\"\" data-id=\"21698\" data-link=\"https:\/\/www.mines-stetienne.fr\/panoramines\/img_4169\/\" class=\"wp-image-21698\" srcset=\"https:\/\/www.mines-stetienne.fr\/panoramines\/wp-content\/uploads\/sites\/3\/2020\/03\/IMG_4169.jpg 747w, https:\/\/www.mines-stetienne.fr\/panoramines\/wp-content\/uploads\/sites\/3\/2020\/03\/IMG_4169-300x201.jpg 300w\" sizes=\"auto, (max-width: 747px) 100vw, 747px\" \/><\/a><\/figure><\/li><li class=\"blocks-gallery-item\"><figure><a href=\"https:\/\/www.mines-stetienne.fr\/panoramines\/wp-content\/uploads\/sites\/3\/2020\/03\/IMG_4189.jpg\"><img loading=\"lazy\" decoding=\"async\" width=\"748\" height=\"500\" src=\"https:\/\/www.mines-stetienne.fr\/panoramines\/wp-content\/uploads\/sites\/3\/2020\/03\/IMG_4189.jpg\" alt=\"\" data-id=\"21699\" data-link=\"https:\/\/www.mines-stetienne.fr\/panoramines\/img_4189\/\" class=\"wp-image-21699\" srcset=\"https:\/\/www.mines-stetienne.fr\/panoramines\/wp-content\/uploads\/sites\/3\/2020\/03\/IMG_4189.jpg 748w, https:\/\/www.mines-stetienne.fr\/panoramines\/wp-content\/uploads\/sites\/3\/2020\/03\/IMG_4189-300x201.jpg 300w\" sizes=\"auto, (max-width: 748px) 100vw, 748px\" \/><\/a><\/figure><\/li><li class=\"blocks-gallery-item\"><figure><a href=\"https:\/\/www.mines-stetienne.fr\/panoramines\/wp-content\/uploads\/sites\/3\/2020\/03\/IMG_4194.jpg\"><img loading=\"lazy\" decoding=\"async\" width=\"776\" height=\"500\" src=\"https:\/\/www.mines-stetienne.fr\/panoramines\/wp-content\/uploads\/sites\/3\/2020\/03\/IMG_4194.jpg\" alt=\"\" data-id=\"21700\" data-link=\"https:\/\/www.mines-stetienne.fr\/panoramines\/img_4194\/\" class=\"wp-image-21700\" srcset=\"https:\/\/www.mines-stetienne.fr\/panoramines\/wp-content\/uploads\/sites\/3\/2020\/03\/IMG_4194.jpg 776w, https:\/\/www.mines-stetienne.fr\/panoramines\/wp-content\/uploads\/sites\/3\/2020\/03\/IMG_4194-300x193.jpg 300w, https:\/\/www.mines-stetienne.fr\/panoramines\/wp-content\/uploads\/sites\/3\/2020\/03\/IMG_4194-768x495.jpg 768w\" sizes=\"auto, (max-width: 776px) 100vw, 776px\" \/><\/a><\/figure><\/li><li class=\"blocks-gallery-item\"><figure><a href=\"https:\/\/www.mines-stetienne.fr\/panoramines\/wp-content\/uploads\/sites\/3\/2020\/03\/IMG_4223.jpg\"><img loading=\"lazy\" decoding=\"async\" width=\"750\" height=\"500\" src=\"https:\/\/www.mines-stetienne.fr\/panoramines\/wp-content\/uploads\/sites\/3\/2020\/03\/IMG_4223.jpg\" alt=\"\" data-id=\"21701\" data-link=\"https:\/\/www.mines-stetienne.fr\/panoramines\/img_4223\/\" class=\"wp-image-21701\" srcset=\"https:\/\/www.mines-stetienne.fr\/panoramines\/wp-content\/uploads\/sites\/3\/2020\/03\/IMG_4223.jpg 750w, https:\/\/www.mines-stetienne.fr\/panoramines\/wp-content\/uploads\/sites\/3\/2020\/03\/IMG_4223-300x200.jpg 300w\" sizes=\"auto, (max-width: 750px) 100vw, 750px\" \/><\/a><\/figure><\/li><li class=\"blocks-gallery-item\"><figure><a href=\"https:\/\/www.mines-stetienne.fr\/panoramines\/wp-content\/uploads\/sites\/3\/2020\/03\/IMG_4244.jpg\"><img loading=\"lazy\" decoding=\"async\" width=\"782\" height=\"500\" src=\"https:\/\/www.mines-stetienne.fr\/panoramines\/wp-content\/uploads\/sites\/3\/2020\/03\/IMG_4244.jpg\" alt=\"\" data-id=\"21702\" data-link=\"https:\/\/www.mines-stetienne.fr\/panoramines\/img_4244\/\" class=\"wp-image-21702\" srcset=\"https:\/\/www.mines-stetienne.fr\/panoramines\/wp-content\/uploads\/sites\/3\/2020\/03\/IMG_4244.jpg 782w, https:\/\/www.mines-stetienne.fr\/panoramines\/wp-content\/uploads\/sites\/3\/2020\/03\/IMG_4244-300x192.jpg 300w, https:\/\/www.mines-stetienne.fr\/panoramines\/wp-content\/uploads\/sites\/3\/2020\/03\/IMG_4244-768x491.jpg 768w\" sizes=\"auto, (max-width: 782px) 100vw, 782px\" \/><\/a><\/figure><\/li><li class=\"blocks-gallery-item\"><figure><a href=\"https:\/\/www.mines-stetienne.fr\/panoramines\/wp-content\/uploads\/sites\/3\/2020\/03\/IMG_4172.jpg\"><img loading=\"lazy\" decoding=\"async\" width=\"750\" height=\"500\" src=\"https:\/\/www.mines-stetienne.fr\/panoramines\/wp-content\/uploads\/sites\/3\/2020\/03\/IMG_4172.jpg\" alt=\"\" data-id=\"21703\" data-link=\"https:\/\/www.mines-stetienne.fr\/panoramines\/img_4172\/\" class=\"wp-image-21703\" srcset=\"https:\/\/www.mines-stetienne.fr\/panoramines\/wp-content\/uploads\/sites\/3\/2020\/03\/IMG_4172.jpg 750w, https:\/\/www.mines-stetienne.fr\/panoramines\/wp-content\/uploads\/sites\/3\/2020\/03\/IMG_4172-300x200.jpg 300w\" sizes=\"auto, (max-width: 750px) 100vw, 750px\" \/><\/a><\/figure><\/li><li class=\"blocks-gallery-item\"><figure><a href=\"https:\/\/www.mines-stetienne.fr\/panoramines\/wp-content\/uploads\/sites\/3\/2020\/03\/IMG_4181.jpg\"><img loading=\"lazy\" decoding=\"async\" width=\"718\" height=\"500\" src=\"https:\/\/www.mines-stetienne.fr\/panoramines\/wp-content\/uploads\/sites\/3\/2020\/03\/IMG_4181.jpg\" alt=\"\" data-id=\"21704\" data-link=\"https:\/\/www.mines-stetienne.fr\/panoramines\/img_4181\/\" class=\"wp-image-21704\" srcset=\"https:\/\/www.mines-stetienne.fr\/panoramines\/wp-content\/uploads\/sites\/3\/2020\/03\/IMG_4181.jpg 718w, https:\/\/www.mines-stetienne.fr\/panoramines\/wp-content\/uploads\/sites\/3\/2020\/03\/IMG_4181-300x209.jpg 300w, https:\/\/www.mines-stetienne.fr\/panoramines\/wp-content\/uploads\/sites\/3\/2020\/03\/IMG_4181-185x130.jpg 185w\" sizes=\"auto, (max-width: 718px) 100vw, 718px\" \/><\/a><\/figure><\/li><li class=\"blocks-gallery-item\"><figure><a href=\"https:\/\/www.mines-stetienne.fr\/panoramines\/wp-content\/uploads\/sites\/3\/2020\/03\/IMG_4194-1.jpg\"><img loading=\"lazy\" decoding=\"async\" width=\"776\" height=\"500\" src=\"https:\/\/www.mines-stetienne.fr\/panoramines\/wp-content\/uploads\/sites\/3\/2020\/03\/IMG_4194-1.jpg\" alt=\"\" data-id=\"21705\" data-link=\"https:\/\/www.mines-stetienne.fr\/panoramines\/img_4194-1\/\" class=\"wp-image-21705\" srcset=\"https:\/\/www.mines-stetienne.fr\/panoramines\/wp-content\/uploads\/sites\/3\/2020\/03\/IMG_4194-1.jpg 776w, https:\/\/www.mines-stetienne.fr\/panoramines\/wp-content\/uploads\/sites\/3\/2020\/03\/IMG_4194-1-300x193.jpg 300w, https:\/\/www.mines-stetienne.fr\/panoramines\/wp-content\/uploads\/sites\/3\/2020\/03\/IMG_4194-1-768x495.jpg 768w\" sizes=\"auto, (max-width: 776px) 100vw, 776px\" \/><\/a><\/figure><\/li><li class=\"blocks-gallery-item\"><figure><a href=\"https:\/\/www.mines-stetienne.fr\/panoramines\/wp-content\/uploads\/sites\/3\/2020\/03\/IMG_4247.jpg\"><img loading=\"lazy\" decoding=\"async\" width=\"750\" height=\"500\" src=\"https:\/\/www.mines-stetienne.fr\/panoramines\/wp-content\/uploads\/sites\/3\/2020\/03\/IMG_4247.jpg\" alt=\"\" data-id=\"21706\" data-link=\"https:\/\/www.mines-stetienne.fr\/panoramines\/img_4247\/\" class=\"wp-image-21706\" srcset=\"https:\/\/www.mines-stetienne.fr\/panoramines\/wp-content\/uploads\/sites\/3\/2020\/03\/IMG_4247.jpg 750w, https:\/\/www.mines-stetienne.fr\/panoramines\/wp-content\/uploads\/sites\/3\/2020\/03\/IMG_4247-300x200.jpg 300w\" sizes=\"auto, (max-width: 750px) 100vw, 750px\" \/><\/a><\/figure><\/li><li class=\"blocks-gallery-item\"><figure><a href=\"https:\/\/www.mines-stetienne.fr\/panoramines\/wp-content\/uploads\/sites\/3\/2020\/03\/IMG_4252.jpg\"><img loading=\"lazy\" decoding=\"async\" width=\"817\" height=\"500\" src=\"https:\/\/www.mines-stetienne.fr\/panoramines\/wp-content\/uploads\/sites\/3\/2020\/03\/IMG_4252.jpg\" alt=\"\" data-id=\"21707\" data-link=\"https:\/\/www.mines-stetienne.fr\/panoramines\/img_4252\/\" class=\"wp-image-21707\" srcset=\"https:\/\/www.mines-stetienne.fr\/panoramines\/wp-content\/uploads\/sites\/3\/2020\/03\/IMG_4252.jpg 817w, https:\/\/www.mines-stetienne.fr\/panoramines\/wp-content\/uploads\/sites\/3\/2020\/03\/IMG_4252-300x184.jpg 300w, https:\/\/www.mines-stetienne.fr\/panoramines\/wp-content\/uploads\/sites\/3\/2020\/03\/IMG_4252-768x470.jpg 768w\" sizes=\"auto, (max-width: 817px) 100vw, 817px\" \/><\/a><\/figure><\/li><li class=\"blocks-gallery-item\"><figure><a href=\"https:\/\/www.mines-stetienne.fr\/panoramines\/wp-content\/uploads\/sites\/3\/2020\/03\/IMG_4255.jpg\"><img loading=\"lazy\" decoding=\"async\" width=\"778\" height=\"500\" src=\"https:\/\/www.mines-stetienne.fr\/panoramines\/wp-content\/uploads\/sites\/3\/2020\/03\/IMG_4255.jpg\" alt=\"\" data-id=\"21708\" data-link=\"https:\/\/www.mines-stetienne.fr\/panoramines\/img_4255\/\" class=\"wp-image-21708\" srcset=\"https:\/\/www.mines-stetienne.fr\/panoramines\/wp-content\/uploads\/sites\/3\/2020\/03\/IMG_4255.jpg 778w, https:\/\/www.mines-stetienne.fr\/panoramines\/wp-content\/uploads\/sites\/3\/2020\/03\/IMG_4255-300x193.jpg 300w, https:\/\/www.mines-stetienne.fr\/panoramines\/wp-content\/uploads\/sites\/3\/2020\/03\/IMG_4255-768x494.jpg 768w\" sizes=\"auto, (max-width: 778px) 100vw, 778px\" \/><\/a><\/figure><\/li><li class=\"blocks-gallery-item\"><figure><a href=\"https:\/\/www.mines-stetienne.fr\/panoramines\/wp-content\/uploads\/sites\/3\/2020\/03\/IMG_4221.jpg\"><img loading=\"lazy\" decoding=\"async\" width=\"750\" height=\"500\" src=\"https:\/\/www.mines-stetienne.fr\/panoramines\/wp-content\/uploads\/sites\/3\/2020\/03\/IMG_4221.jpg\" alt=\"\" data-id=\"21709\" data-link=\"https:\/\/www.mines-stetienne.fr\/panoramines\/img_4221\/\" class=\"wp-image-21709\" srcset=\"https:\/\/www.mines-stetienne.fr\/panoramines\/wp-content\/uploads\/sites\/3\/2020\/03\/IMG_4221.jpg 750w, https:\/\/www.mines-stetienne.fr\/panoramines\/wp-content\/uploads\/sites\/3\/2020\/03\/IMG_4221-300x200.jpg 300w\" sizes=\"auto, (max-width: 750px) 100vw, 750px\" \/><\/a><\/figure><\/li><li class=\"blocks-gallery-item\"><figure><a href=\"https:\/\/www.mines-stetienne.fr\/panoramines\/wp-content\/uploads\/sites\/3\/2020\/03\/IMG_4235.jpg\"><img loading=\"lazy\" decoding=\"async\" width=\"750\" height=\"500\" src=\"https:\/\/www.mines-stetienne.fr\/panoramines\/wp-content\/uploads\/sites\/3\/2020\/03\/IMG_4235.jpg\" alt=\"\" data-id=\"21710\" data-link=\"https:\/\/www.mines-stetienne.fr\/panoramines\/img_4235\/\" class=\"wp-image-21710\" srcset=\"https:\/\/www.mines-stetienne.fr\/panoramines\/wp-content\/uploads\/sites\/3\/2020\/03\/IMG_4235.jpg 750w, https:\/\/www.mines-stetienne.fr\/panoramines\/wp-content\/uploads\/sites\/3\/2020\/03\/IMG_4235-300x200.jpg 300w\" sizes=\"auto, (max-width: 750px) 100vw, 750px\" \/><\/a><\/figure><\/li><li class=\"blocks-gallery-item\"><figure><a href=\"https:\/\/www.mines-stetienne.fr\/panoramines\/wp-content\/uploads\/sites\/3\/2020\/03\/IMG_4239.jpg\"><img loading=\"lazy\" decoding=\"async\" width=\"750\" height=\"500\" src=\"https:\/\/www.mines-stetienne.fr\/panoramines\/wp-content\/uploads\/sites\/3\/2020\/03\/IMG_4239.jpg\" alt=\"\" data-id=\"21711\" data-link=\"https:\/\/www.mines-stetienne.fr\/panoramines\/img_4239\/\" class=\"wp-image-21711\" srcset=\"https:\/\/www.mines-stetienne.fr\/panoramines\/wp-content\/uploads\/sites\/3\/2020\/03\/IMG_4239.jpg 750w, https:\/\/www.mines-stetienne.fr\/panoramines\/wp-content\/uploads\/sites\/3\/2020\/03\/IMG_4239-300x200.jpg 300w\" sizes=\"auto, (max-width: 750px) 100vw, 750px\" \/><\/a><\/figure><\/li><li class=\"blocks-gallery-item\"><figure><a href=\"https:\/\/www.mines-stetienne.fr\/panoramines\/wp-content\/uploads\/sites\/3\/2020\/03\/IMG_4122.jpg\"><img loading=\"lazy\" decoding=\"async\" width=\"750\" height=\"500\" src=\"https:\/\/www.mines-stetienne.fr\/panoramines\/wp-content\/uploads\/sites\/3\/2020\/03\/IMG_4122.jpg\" alt=\"\" data-id=\"21713\" data-full-url=\"https:\/\/www.mines-stetienne.fr\/panoramines\/wp-content\/uploads\/sites\/3\/2020\/03\/IMG_4122.jpg\" data-link=\"https:\/\/www.mines-stetienne.fr\/panoramines\/img_4122\/\" class=\"wp-image-21713\" srcset=\"https:\/\/www.mines-stetienne.fr\/panoramines\/wp-content\/uploads\/sites\/3\/2020\/03\/IMG_4122.jpg 750w, https:\/\/www.mines-stetienne.fr\/panoramines\/wp-content\/uploads\/sites\/3\/2020\/03\/IMG_4122-300x200.jpg 300w\" sizes=\"auto, (max-width: 750px) 100vw, 750px\" \/><\/a><\/figure><\/li><li class=\"blocks-gallery-item\"><figure><a href=\"https:\/\/www.mines-stetienne.fr\/panoramines\/wp-content\/uploads\/sites\/3\/2020\/03\/IMG_4123.jpg\"><img loading=\"lazy\" decoding=\"async\" width=\"757\" height=\"500\" src=\"https:\/\/www.mines-stetienne.fr\/panoramines\/wp-content\/uploads\/sites\/3\/2020\/03\/IMG_4123.jpg\" alt=\"\" data-id=\"21714\" data-full-url=\"https:\/\/www.mines-stetienne.fr\/panoramines\/wp-content\/uploads\/sites\/3\/2020\/03\/IMG_4123.jpg\" data-link=\"https:\/\/www.mines-stetienne.fr\/panoramines\/img_4123\/\" class=\"wp-image-21714\" srcset=\"https:\/\/www.mines-stetienne.fr\/panoramines\/wp-content\/uploads\/sites\/3\/2020\/03\/IMG_4123.jpg 757w, https:\/\/www.mines-stetienne.fr\/panoramines\/wp-content\/uploads\/sites\/3\/2020\/03\/IMG_4123-300x198.jpg 300w, https:\/\/www.mines-stetienne.fr\/panoramines\/wp-content\/uploads\/sites\/3\/2020\/03\/IMG_4123-350x230.jpg 350w\" sizes=\"auto, (max-width: 757px) 100vw, 757px\" \/><\/a><\/figure><\/li><li class=\"blocks-gallery-item\"><figure><a href=\"https:\/\/www.mines-stetienne.fr\/panoramines\/wp-content\/uploads\/sites\/3\/2020\/03\/IMG_4130.jpg\"><img loading=\"lazy\" decoding=\"async\" width=\"733\" height=\"500\" src=\"https:\/\/www.mines-stetienne.fr\/panoramines\/wp-content\/uploads\/sites\/3\/2020\/03\/IMG_4130.jpg\" alt=\"\" data-id=\"21715\" data-full-url=\"https:\/\/www.mines-stetienne.fr\/panoramines\/wp-content\/uploads\/sites\/3\/2020\/03\/IMG_4130.jpg\" data-link=\"https:\/\/www.mines-stetienne.fr\/panoramines\/img_4130\/\" class=\"wp-image-21715\" srcset=\"https:\/\/www.mines-stetienne.fr\/panoramines\/wp-content\/uploads\/sites\/3\/2020\/03\/IMG_4130.jpg 733w, https:\/\/www.mines-stetienne.fr\/panoramines\/wp-content\/uploads\/sites\/3\/2020\/03\/IMG_4130-300x205.jpg 300w\" sizes=\"auto, (max-width: 733px) 100vw, 733px\" \/><\/a><\/figure><\/li><\/ul><\/figure>\n\n\n\n<p><strong>Bravo \u00e0 toutes et \u00e0 tous pour les solutions apport\u00e9es avec cr\u00e9ativit\u00e9, engagement et enthousiasme&nbsp;!<\/strong><\/p>\n\n\n\n<p><strong>Merci \u00e0 l\u2019ensemble des participants<\/strong>, des porteurs de projets, des partenaires&nbsp;: <strong>Isabelle Huynh<\/strong>, <a rel=\"noreferrer noopener\" aria-label=\"La Clavette (opens in a new tab)\" href=\"http:\/\/www.laclavette.fr\/fr\/a-propos\/\" target=\"_blank\">La Clavette<\/a>, et la <a href=\"https:\/\/www.auvergnerhonealpes.fr\/\" target=\"_blank\" rel=\"noreferrer noopener\" aria-label=\"r\u00e9gion Auvergne Rh\u00f4ne-Alpes (opens in a new tab)\">r\u00e9gion Auvergne Rh\u00f4ne-Alpes<\/a>, <a href=\"http:\/\/www.alart.in\/SCRIBISSIMO\" target=\"_blank\" rel=\"noreferrer noopener\" aria-label=\"Antoine Louisgrand, (opens in a new tab)\"><strong>Antoine Louisgrand<\/strong>,<\/a> facilitateur graphique, et <strong>Levent Acar<\/strong>, <a href=\"https:\/\/www.i-boycott.org\/page\/equipe\" target=\"_blank\" rel=\"noreferrer noopener\" aria-label=\"association I-boycott (opens in a new tab)\">association I-boycott<\/a> pour la keynote d&rsquo;ouverture.<\/p>\n\n\n\n<blockquote class=\"wp-block-quote is-layout-flow wp-block-quote-is-layout-flow\"><p>Interviews, reportages, t\u00e9moignages des porteurs de d\u00e9fis, des participants et coachs, revivez l&rsquo;\u00e9v\u00e9nement sur la page des \u00e9l\u00e8ves ICM du projet citoyen <a rel=\"noreferrer noopener\" aria-label=\"@dynamodays2020 (opens in a new tab)\" href=\"https:\/\/www.facebook.com\/DynamoDays2020\/\" target=\"_blank\">@dynamodays2020<\/a><\/p><\/blockquote>\n\n\n\n<p>Contacts pour l\u2019\u00e9quipe organisatrice&nbsp;: <strong><a href=\"&#109;a&#x69;l&#x74;o&#x3a;&#104;&#x65;&#108;&#x65;&#110;e&#x2e;p&#x61;n&#x67;&#111;&#x74;&#64;&#x65;&#109;&#x73;&#101;&#46;&#x66;r\">H\u00e9l\u00e8ne Pangot<\/a>, <a href=\"&#109;a&#x69;l&#x74;o&#x3a;k&#x61;r&#x69;n&#x65;&#46;&#x72;&#105;&#x63;&#104;&#x6f;&#117;&#x40;&#101;&#x6d;&#115;&#x65;&#46;f&#x72;\">Karine Richou<\/a>, <a href=\"&#109;&#x61;i&#x6c;t&#111;&#x3a;&#109;&#x69;c&#104;&#x61;&#101;&#x6c;&#46;&#x61;&#x6e;&#100;&#x72;e&#x40;e&#109;&#x73;&#101;&#x2e;f&#114;\">Micha\u00ebl Andr\u00e9<\/a><\/strong>, direction des formations <\/p>\n\n\n\n<hr class=\"wp-block-separator\" \/>\n","protected":false},"excerpt":{"rendered":"<p>L\u2019\u00e9v\u00e9nement d&rsquo;innovation collective et d\u2019engagement collaboratif a r\u00e9uni les 3 et 4 mars 450 participants sur le campus de Saint-\u00c9tienne : intervenants, coachs, porteurs de d\u00e9fis, une \u00e9quipe organisatrice performante et 400 \u00e9l\u00e8ves ICM qui ont relev\u00e9 17 d\u00e9fis en &hellip;<\/p>\n","protected":false},"author":3,"featured_media":21727,"comment_status":"closed","ping_status":"open","sticky":false,"template":"","format":"standard","meta":{"_relevanssi_hide_post":"","_relevanssi_hide_content":"","_relevanssi_pin_for_all":"","_relevanssi_pin_keywords":"","_relevanssi_unpin_keywords":"","_relevanssi_related_keywords":"","_relevanssi_related_include_ids":"","_relevanssi_related_exclude_ids":"","_relevanssi_related_no_append":"","_relevanssi_related_not_related":"","_relevanssi_related_posts":"7697,11908,20816,7485,11704,7254","_relevanssi_noindex_reason":"","footnotes":""},"categories":[6],"tags":[531,37,23,527,133,297,800],"class_list":["post-21690","post","type-post","status-publish","format-standard","has-post-thumbnail","hentry","category-formation","tag-dynamo-days","tag-icm","tag-innovation-pedagogique","tag-prototypage","tag-region-auvergne-rhone-alpes","tag-rse","tag-saint-etienne-2"],"pp_statuses_selecting_workflow":false,"pp_workflow_action":"current","pp_status_selection":"publish","pp_force_visibility":null,"pp_subpost_visibility":null,"pp_inherited_force_visibility":null,"pp_inherited_subpost_visibility":null,"yoast_head":"<!-- This site is optimized with the Yoast SEO plugin v27.5 - https:\/\/yoast.com\/product\/yoast-seo-wordpress\/ -->\n<title>Dynamo Days 2020 : deux journ\u00e9es de co-working sur des d\u00e9fis soci\u00e9taux - Panoramines<\/title>\n<meta name=\"robots\" content=\"index, follow, max-snippet:-1, max-image-preview:large, max-video-preview:-1\" \/>\n<link rel=\"canonical\" href=\"https:\/\/www.mines-stetienne.fr\/panoramines\/2020\/03\/06\/dynamo-days-2020-deux-journees-de-co-working-sur-des-defis-societaux\/\" \/>\n<meta property=\"og:locale\" content=\"fr_FR\" \/>\n<meta property=\"og:type\" content=\"article\" \/>\n<meta property=\"og:title\" content=\"Dynamo Days 2020 : deux journ\u00e9es de co-working sur des d\u00e9fis soci\u00e9taux - Panoramines\" \/>\n<meta property=\"og:description\" content=\"L\u2019\u00e9v\u00e9nement d&rsquo;innovation collective et d\u2019engagement collaboratif a r\u00e9uni les 3 et 4 mars 450 participants sur le campus de Saint-\u00c9tienne : intervenants, coachs, porteurs de d\u00e9fis, une \u00e9quipe organisatrice performante et 400 \u00e9l\u00e8ves ICM qui ont relev\u00e9 17 d\u00e9fis en &hellip;\" \/>\n<meta property=\"og:url\" content=\"https:\/\/www.mines-stetienne.fr\/panoramines\/2020\/03\/06\/dynamo-days-2020-deux-journees-de-co-working-sur-des-defis-societaux\/\" \/>\n<meta property=\"og:site_name\" content=\"Panoramines\" \/>\n<meta property=\"article:published_time\" content=\"2020-03-06T08:48:00+00:00\" \/>\n<meta property=\"article:modified_time\" content=\"2024-03-07T15:10:59+00:00\" \/>\n<meta property=\"og:image\" content=\"https:\/\/www.mines-stetienne.fr\/panoramines\/wp-content\/uploads\/sites\/3\/2020\/03\/UneDDays.jpg\" \/>\n\t<meta property=\"og:image:width\" content=\"700\" \/>\n\t<meta property=\"og:image:height\" content=\"354\" \/>\n\t<meta property=\"og:image:type\" content=\"image\/jpeg\" \/>\n<meta name=\"author\" content=\"Nathalie\" \/>\n<meta name=\"twitter:card\" content=\"summary_large_image\" \/>\n<meta name=\"twitter:label1\" content=\"\u00c9crit par\" \/>\n\t<meta name=\"twitter:data1\" content=\" Nathalie\" \/>\n\t<meta name=\"twitter:label2\" content=\"Dur\u00e9e de lecture estim\u00e9e\" \/>\n\t<meta name=\"twitter:data2\" content=\"2 minutes\" \/>\n<script type=\"application\/ld+json\" class=\"yoast-schema-graph\">{\"@context\":\"https:\\\/\\\/schema.org\",\"@graph\":[{\"@type\":\"Article\",\"@id\":\"https:\\\/\\\/www.mines-stetienne.fr\\\/panoramines\\\/2020\\\/03\\\/06\\\/dynamo-days-2020-deux-journees-de-co-working-sur-des-defis-societaux\\\/#article\",\"isPartOf\":{\"@id\":\"https:\\\/\\\/www.mines-stetienne.fr\\\/panoramines\\\/2020\\\/03\\\/06\\\/dynamo-days-2020-deux-journees-de-co-working-sur-des-defis-societaux\\\/\"},\"author\":{\"name\":\"Nathalie\",\"@id\":\"https:\\\/\\\/www.mines-stetienne.fr\\\/panoramines\\\/#\\\/schema\\\/person\\\/95e752e6dedac604ce4535123e0f8df7\"},\"headline\":\"Dynamo Days 2020 : deux journ\u00e9es de co-working sur des d\u00e9fis soci\u00e9taux\",\"datePublished\":\"2020-03-06T08:48:00+00:00\",\"dateModified\":\"2024-03-07T15:10:59+00:00\",\"mainEntityOfPage\":{\"@id\":\"https:\\\/\\\/www.mines-stetienne.fr\\\/panoramines\\\/2020\\\/03\\\/06\\\/dynamo-days-2020-deux-journees-de-co-working-sur-des-defis-societaux\\\/\"},\"wordCount\":383,\"image\":{\"@id\":\"https:\\\/\\\/www.mines-stetienne.fr\\\/panoramines\\\/2020\\\/03\\\/06\\\/dynamo-days-2020-deux-journees-de-co-working-sur-des-defis-societaux\\\/#primaryimage\"},\"thumbnailUrl\":\"https:\\\/\\\/www.mines-stetienne.fr\\\/panoramines\\\/wp-content\\\/uploads\\\/sites\\\/3\\\/2020\\\/03\\\/UneDDays.jpg\",\"keywords\":[\"Dynamo Days\",\"ICM\",\"Innovation p\u00e9dagogique\",\"Prototypage\",\"R\u00e9gion Auvergne Rh\u00f4ne-Alpes\",\"RSE\",\"Saint-Etienne\"],\"articleSection\":[\"Formation\"],\"inLanguage\":\"fr-FR\"},{\"@type\":\"WebPage\",\"@id\":\"https:\\\/\\\/www.mines-stetienne.fr\\\/panoramines\\\/2020\\\/03\\\/06\\\/dynamo-days-2020-deux-journees-de-co-working-sur-des-defis-societaux\\\/\",\"url\":\"https:\\\/\\\/www.mines-stetienne.fr\\\/panoramines\\\/2020\\\/03\\\/06\\\/dynamo-days-2020-deux-journees-de-co-working-sur-des-defis-societaux\\\/\",\"name\":\"Dynamo Days 2020 : deux journ\u00e9es de co-working sur des d\u00e9fis soci\u00e9taux - Panoramines\",\"isPartOf\":{\"@id\":\"https:\\\/\\\/www.mines-stetienne.fr\\\/panoramines\\\/#website\"},\"primaryImageOfPage\":{\"@id\":\"https:\\\/\\\/www.mines-stetienne.fr\\\/panoramines\\\/2020\\\/03\\\/06\\\/dynamo-days-2020-deux-journees-de-co-working-sur-des-defis-societaux\\\/#primaryimage\"},\"image\":{\"@id\":\"https:\\\/\\\/www.mines-stetienne.fr\\\/panoramines\\\/2020\\\/03\\\/06\\\/dynamo-days-2020-deux-journees-de-co-working-sur-des-defis-societaux\\\/#primaryimage\"},\"thumbnailUrl\":\"https:\\\/\\\/www.mines-stetienne.fr\\\/panoramines\\\/wp-content\\\/uploads\\\/sites\\\/3\\\/2020\\\/03\\\/UneDDays.jpg\",\"datePublished\":\"2020-03-06T08:48:00+00:00\",\"dateModified\":\"2024-03-07T15:10:59+00:00\",\"author\":{\"@id\":\"https:\\\/\\\/www.mines-stetienne.fr\\\/panoramines\\\/#\\\/schema\\\/person\\\/95e752e6dedac604ce4535123e0f8df7\"},\"breadcrumb\":{\"@id\":\"https:\\\/\\\/www.mines-stetienne.fr\\\/panoramines\\\/2020\\\/03\\\/06\\\/dynamo-days-2020-deux-journees-de-co-working-sur-des-defis-societaux\\\/#breadcrumb\"},\"inLanguage\":\"fr-FR\",\"potentialAction\":[{\"@type\":\"ReadAction\",\"target\":[\"https:\\\/\\\/www.mines-stetienne.fr\\\/panoramines\\\/2020\\\/03\\\/06\\\/dynamo-days-2020-deux-journees-de-co-working-sur-des-defis-societaux\\\/\"]}]},{\"@type\":\"ImageObject\",\"inLanguage\":\"fr-FR\",\"@id\":\"https:\\\/\\\/www.mines-stetienne.fr\\\/panoramines\\\/2020\\\/03\\\/06\\\/dynamo-days-2020-deux-journees-de-co-working-sur-des-defis-societaux\\\/#primaryimage\",\"url\":\"https:\\\/\\\/www.mines-stetienne.fr\\\/panoramines\\\/wp-content\\\/uploads\\\/sites\\\/3\\\/2020\\\/03\\\/UneDDays.jpg\",\"contentUrl\":\"https:\\\/\\\/www.mines-stetienne.fr\\\/panoramines\\\/wp-content\\\/uploads\\\/sites\\\/3\\\/2020\\\/03\\\/UneDDays.jpg\",\"width\":700,\"height\":354},{\"@type\":\"BreadcrumbList\",\"@id\":\"https:\\\/\\\/www.mines-stetienne.fr\\\/panoramines\\\/2020\\\/03\\\/06\\\/dynamo-days-2020-deux-journees-de-co-working-sur-des-defis-societaux\\\/#breadcrumb\",\"itemListElement\":[{\"@type\":\"ListItem\",\"position\":1,\"name\":\"Accueil\",\"item\":\"https:\\\/\\\/www.mines-stetienne.fr\\\/panoramines\\\/\"},{\"@type\":\"ListItem\",\"position\":2,\"name\":\"Dynamo Days 2020 : deux journ\u00e9es de co-working sur des d\u00e9fis soci\u00e9taux\"}]},{\"@type\":\"WebSite\",\"@id\":\"https:\\\/\\\/www.mines-stetienne.fr\\\/panoramines\\\/#website\",\"url\":\"https:\\\/\\\/www.mines-stetienne.fr\\\/panoramines\\\/\",\"name\":\"Panoramines\",\"description\":\"Panoramines, l\u2019actualit\u00e9 de MINES Saint-\u00c9tienne\",\"potentialAction\":[{\"@type\":\"SearchAction\",\"target\":{\"@type\":\"EntryPoint\",\"urlTemplate\":\"https:\\\/\\\/www.mines-stetienne.fr\\\/panoramines\\\/?s={search_term_string}\"},\"query-input\":{\"@type\":\"PropertyValueSpecification\",\"valueRequired\":true,\"valueName\":\"search_term_string\"}}],\"inLanguage\":\"fr-FR\"},{\"@type\":\"Person\",\"@id\":\"https:\\\/\\\/www.mines-stetienne.fr\\\/panoramines\\\/#\\\/schema\\\/person\\\/95e752e6dedac604ce4535123e0f8df7\",\"name\":\"Nathalie\",\"image\":{\"@type\":\"ImageObject\",\"inLanguage\":\"fr-FR\",\"@id\":\"https:\\\/\\\/www.mines-stetienne.fr\\\/panoramines\\\/wp-content\\\/uploads\\\/sites\\\/3\\\/2021\\\/07\\\/logo-75x75-1.png\",\"url\":\"https:\\\/\\\/www.mines-stetienne.fr\\\/panoramines\\\/wp-content\\\/uploads\\\/sites\\\/3\\\/2021\\\/07\\\/logo-75x75-1.png\",\"contentUrl\":\"https:\\\/\\\/www.mines-stetienne.fr\\\/panoramines\\\/wp-content\\\/uploads\\\/sites\\\/3\\\/2021\\\/07\\\/logo-75x75-1.png\",\"caption\":\"Nathalie\"},\"url\":\"https:\\\/\\\/www.mines-stetienne.fr\\\/panoramines\\\/author\\\/nathalie\\\/\"}]}<\/script>\n<!-- \/ Yoast SEO plugin. -->","yoast_head_json":{"title":"Dynamo Days 2020 : deux journ\u00e9es de co-working sur des d\u00e9fis soci\u00e9taux - Panoramines","robots":{"index":"index","follow":"follow","max-snippet":"max-snippet:-1","max-image-preview":"max-image-preview:large","max-video-preview":"max-video-preview:-1"},"canonical":"https:\/\/www.mines-stetienne.fr\/panoramines\/2020\/03\/06\/dynamo-days-2020-deux-journees-de-co-working-sur-des-defis-societaux\/","og_locale":"fr_FR","og_type":"article","og_title":"Dynamo Days 2020 : deux journ\u00e9es de co-working sur des d\u00e9fis soci\u00e9taux - Panoramines","og_description":"L\u2019\u00e9v\u00e9nement d&rsquo;innovation collective et d\u2019engagement collaboratif a r\u00e9uni les 3 et 4 mars 450 participants sur le campus de Saint-\u00c9tienne : intervenants, coachs, porteurs de d\u00e9fis, une \u00e9quipe organisatrice performante et 400 \u00e9l\u00e8ves ICM qui ont relev\u00e9 17 d\u00e9fis en &hellip;","og_url":"https:\/\/www.mines-stetienne.fr\/panoramines\/2020\/03\/06\/dynamo-days-2020-deux-journees-de-co-working-sur-des-defis-societaux\/","og_site_name":"Panoramines","article_published_time":"2020-03-06T08:48:00+00:00","article_modified_time":"2024-03-07T15:10:59+00:00","og_image":[{"width":700,"height":354,"url":"https:\/\/www.mines-stetienne.fr\/panoramines\/wp-content\/uploads\/sites\/3\/2020\/03\/UneDDays.jpg","type":"image\/jpeg"}],"author":"Nathalie","twitter_card":"summary_large_image","twitter_misc":{"\u00c9crit par":" Nathalie","Dur\u00e9e de lecture estim\u00e9e":"2 minutes"},"schema":{"@context":"https:\/\/schema.org","@graph":[{"@type":"Article","@id":"https:\/\/www.mines-stetienne.fr\/panoramines\/2020\/03\/06\/dynamo-days-2020-deux-journees-de-co-working-sur-des-defis-societaux\/#article","isPartOf":{"@id":"https:\/\/www.mines-stetienne.fr\/panoramines\/2020\/03\/06\/dynamo-days-2020-deux-journees-de-co-working-sur-des-defis-societaux\/"},"author":{"name":"Nathalie","@id":"https:\/\/www.mines-stetienne.fr\/panoramines\/#\/schema\/person\/95e752e6dedac604ce4535123e0f8df7"},"headline":"Dynamo Days 2020 : deux journ\u00e9es de co-working sur des d\u00e9fis soci\u00e9taux","datePublished":"2020-03-06T08:48:00+00:00","dateModified":"2024-03-07T15:10:59+00:00","mainEntityOfPage":{"@id":"https:\/\/www.mines-stetienne.fr\/panoramines\/2020\/03\/06\/dynamo-days-2020-deux-journees-de-co-working-sur-des-defis-societaux\/"},"wordCount":383,"image":{"@id":"https:\/\/www.mines-stetienne.fr\/panoramines\/2020\/03\/06\/dynamo-days-2020-deux-journees-de-co-working-sur-des-defis-societaux\/#primaryimage"},"thumbnailUrl":"https:\/\/www.mines-stetienne.fr\/panoramines\/wp-content\/uploads\/sites\/3\/2020\/03\/UneDDays.jpg","keywords":["Dynamo Days","ICM","Innovation p\u00e9dagogique","Prototypage","R\u00e9gion Auvergne Rh\u00f4ne-Alpes","RSE","Saint-Etienne"],"articleSection":["Formation"],"inLanguage":"fr-FR"},{"@type":"WebPage","@id":"https:\/\/www.mines-stetienne.fr\/panoramines\/2020\/03\/06\/dynamo-days-2020-deux-journees-de-co-working-sur-des-defis-societaux\/","url":"https:\/\/www.mines-stetienne.fr\/panoramines\/2020\/03\/06\/dynamo-days-2020-deux-journees-de-co-working-sur-des-defis-societaux\/","name":"Dynamo Days 2020 : deux journ\u00e9es de co-working sur des d\u00e9fis soci\u00e9taux - Panoramines","isPartOf":{"@id":"https:\/\/www.mines-stetienne.fr\/panoramines\/#website"},"primaryImageOfPage":{"@id":"https:\/\/www.mines-stetienne.fr\/panoramines\/2020\/03\/06\/dynamo-days-2020-deux-journees-de-co-working-sur-des-defis-societaux\/#primaryimage"},"image":{"@id":"https:\/\/www.mines-stetienne.fr\/panoramines\/2020\/03\/06\/dynamo-days-2020-deux-journees-de-co-working-sur-des-defis-societaux\/#primaryimage"},"thumbnailUrl":"https:\/\/www.mines-stetienne.fr\/panoramines\/wp-content\/uploads\/sites\/3\/2020\/03\/UneDDays.jpg","datePublished":"2020-03-06T08:48:00+00:00","dateModified":"2024-03-07T15:10:59+00:00","author":{"@id":"https:\/\/www.mines-stetienne.fr\/panoramines\/#\/schema\/person\/95e752e6dedac604ce4535123e0f8df7"},"breadcrumb":{"@id":"https:\/\/www.mines-stetienne.fr\/panoramines\/2020\/03\/06\/dynamo-days-2020-deux-journees-de-co-working-sur-des-defis-societaux\/#breadcrumb"},"inLanguage":"fr-FR","potentialAction":[{"@type":"ReadAction","target":["https:\/\/www.mines-stetienne.fr\/panoramines\/2020\/03\/06\/dynamo-days-2020-deux-journees-de-co-working-sur-des-defis-societaux\/"]}]},{"@type":"ImageObject","inLanguage":"fr-FR","@id":"https:\/\/www.mines-stetienne.fr\/panoramines\/2020\/03\/06\/dynamo-days-2020-deux-journees-de-co-working-sur-des-defis-societaux\/#primaryimage","url":"https:\/\/www.mines-stetienne.fr\/panoramines\/wp-content\/uploads\/sites\/3\/2020\/03\/UneDDays.jpg","contentUrl":"https:\/\/www.mines-stetienne.fr\/panoramines\/wp-content\/uploads\/sites\/3\/2020\/03\/UneDDays.jpg","width":700,"height":354},{"@type":"BreadcrumbList","@id":"https:\/\/www.mines-stetienne.fr\/panoramines\/2020\/03\/06\/dynamo-days-2020-deux-journees-de-co-working-sur-des-defis-societaux\/#breadcrumb","itemListElement":[{"@type":"ListItem","position":1,"name":"Accueil","item":"https:\/\/www.mines-stetienne.fr\/panoramines\/"},{"@type":"ListItem","position":2,"name":"Dynamo Days 2020 : deux journ\u00e9es de co-working sur des d\u00e9fis soci\u00e9taux"}]},{"@type":"WebSite","@id":"https:\/\/www.mines-stetienne.fr\/panoramines\/#website","url":"https:\/\/www.mines-stetienne.fr\/panoramines\/","name":"Panoramines","description":"Panoramines, l\u2019actualit\u00e9 de MINES Saint-\u00c9tienne","potentialAction":[{"@type":"SearchAction","target":{"@type":"EntryPoint","urlTemplate":"https:\/\/www.mines-stetienne.fr\/panoramines\/?s={search_term_string}"},"query-input":{"@type":"PropertyValueSpecification","valueRequired":true,"valueName":"search_term_string"}}],"inLanguage":"fr-FR"},{"@type":"Person","@id":"https:\/\/www.mines-stetienne.fr\/panoramines\/#\/schema\/person\/95e752e6dedac604ce4535123e0f8df7","name":"Nathalie","image":{"@type":"ImageObject","inLanguage":"fr-FR","@id":"https:\/\/www.mines-stetienne.fr\/panoramines\/wp-content\/uploads\/sites\/3\/2021\/07\/logo-75x75-1.png","url":"https:\/\/www.mines-stetienne.fr\/panoramines\/wp-content\/uploads\/sites\/3\/2021\/07\/logo-75x75-1.png","contentUrl":"https:\/\/www.mines-stetienne.fr\/panoramines\/wp-content\/uploads\/sites\/3\/2021\/07\/logo-75x75-1.png","caption":"Nathalie"},"url":"https:\/\/www.mines-stetienne.fr\/panoramines\/author\/nathalie\/"}]}},"_links":{"self":[{"href":"https:\/\/www.mines-stetienne.fr\/panoramines\/wp-json\/wp\/v2\/posts\/21690","targetHints":{"allow":["GET"]}}],"collection":[{"href":"https:\/\/www.mines-stetienne.fr\/panoramines\/wp-json\/wp\/v2\/posts"}],"about":[{"href":"https:\/\/www.mines-stetienne.fr\/panoramines\/wp-json\/wp\/v2\/types\/post"}],"author":[{"embeddable":true,"href":"https:\/\/www.mines-stetienne.fr\/panoramines\/wp-json\/wp\/v2\/users\/3"}],"replies":[{"embeddable":true,"href":"https:\/\/www.mines-stetienne.fr\/panoramines\/wp-json\/wp\/v2\/comments?post=21690"}],"version-history":[{"count":8,"href":"https:\/\/www.mines-stetienne.fr\/panoramines\/wp-json\/wp\/v2\/posts\/21690\/revisions"}],"predecessor-version":[{"id":21817,"href":"https:\/\/www.mines-stetienne.fr\/panoramines\/wp-json\/wp\/v2\/posts\/21690\/revisions\/21817"}],"wp:featuredmedia":[{"embeddable":true,"href":"https:\/\/www.mines-stetienne.fr\/panoramines\/wp-json\/wp\/v2\/media\/21727"}],"wp:attachment":[{"href":"https:\/\/www.mines-stetienne.fr\/panoramines\/wp-json\/wp\/v2\/media?parent=21690"}],"wp:term":[{"taxonomy":"category","embeddable":true,"href":"https:\/\/www.mines-stetienne.fr\/panoramines\/wp-json\/wp\/v2\/categories?post=21690"},{"taxonomy":"post_tag","embeddable":true,"href":"https:\/\/www.mines-stetienne.fr\/panoramines\/wp-json\/wp\/v2\/tags?post=21690"}],"curies":[{"name":"wp","href":"https:\/\/api.w.org\/{rel}","templated":true}]}}