{"id":21375,"date":"2020-02-17T15:51:00","date_gmt":"2020-02-17T14:51:00","guid":{"rendered":"https:\/\/www.mines-stetienne.fr\/panoramines\/?p=21375"},"modified":"2024-03-07T16:02:46","modified_gmt":"2024-03-07T15:02:46","slug":"les-eleves-ismin-entrepreneurs-a-lhonneur","status":"publish","type":"post","link":"https:\/\/www.mines-stetienne.fr\/panoramines\/2020\/02\/17\/les-eleves-ismin-entrepreneurs-a-lhonneur\/","title":{"rendered":"Les \u00e9l\u00e8ves ISMIN \u00ab\u00a0entrepreneurs\u00a0\u00bb \u00e0 l&rsquo;honneur !"},"content":{"rendered":"\n<h4 class=\"wp-block-heading\">Dans le cadre du module \u00ab\u00a0Management de l&rsquo;innovation\u00a0\u00bb, 7 \u00e9l\u00e8ves ont expos\u00e9 de belle mani\u00e8re leur projet entrepreneurial aux 200 professionnels pr\u00e9sents \u00e0 la soir\u00e9e de cl\u00f4ture du programme d\u2019acc\u00e9l\u00e9ration du <a rel=\"noreferrer noopener\" aria-label=\"Village by CA Alpes Provence (opens in a new tab)\" href=\"https:\/\/levillagebyca.com\/fr\/node\/14687\" target=\"_blank\">Village by CA Alpes Provence<\/a>. Cette c\u00e9r\u00e9monie s&rsquo;est d\u00e9roul\u00e9e dans le prestigieux cadre de <a href=\"https:\/\/thecamp.fr\/fr\" target=\"_blank\" rel=\"noreferrer noopener\" aria-label=\"The Camp (opens in a new tab)\">The Camp<\/a>.<\/h4>\n\n\n\n<p><strong>Cette premi\u00e8re s\u2019inscrivait dans le cadre de la mise en place du partenariat entre le Campus Georges Charpak Provence et le <a href=\"https:\/\/levillagebyca.com\/fr\/node\/14687\" target=\"_blank\" rel=\"noreferrer noopener\" aria-label=\" (opens in a new tab)\">Village by Ca Provence<\/a> <\/strong>: il couvre \u00e0 la fois les actions en relation directe avec notre dispositif <a href=\"https:\/\/www.mines-stetienne.fr\/entreprise\/entrepreneuriat\/\">TEAM@mines Saint-\u00c9tienne<\/a>, l\u2019entrepreneuriat \u00e9tudiant et la formation de nos \u00e9l\u00e8ves-ing\u00e9nieurs \u00e0 l\u2019innovation collaborative.<\/p>\n\n\n\n<p><a href=\"https:\/\/www.mines-stetienne.fr\/formation\/ismin\/\"><strong>Le module \u00e9lectif <\/strong>\u00ab\u00a0Management de l\u2019innovation et Cr\u00e9ation de valeur Entrepreneuriat &amp; Intrapreneuriat\u00a0\u00bb<\/a> \u00e9tait ouvert cette ann\u00e9e aux \u00e9l\u00e8ves-ing\u00e9nieurs ISMIN de 2e et 3e ann\u00e9es. Il s\u2019est conclu le 12 f\u00e9vrier lors la c\u00e9r\u00e9monie finale de la <a rel=\"noreferrer noopener\" aria-label=\"4e \u00e9dition du programme d\u2019acc\u00e9l\u00e9ration de startups de trois mois, Climb, du Village by CA Alpes Provence (opens in a new tab)\" href=\"https:\/\/thecamp.fr\/fr\/programmes\/startup-accelerator\/climb\" target=\"_blank\">4e \u00e9dition du programme d\u2019acc\u00e9l\u00e9ration de startups de trois mois, Climb, du Village by CA Alpes Provence<\/a> pour des startups \u00e0 impact. <\/p>\n\n\n\n<blockquote class=\"wp-block-quote is-layout-flow wp-block-quote-is-layout-flow\">\n<p><strong>Les cinq projets pr\u00e9sent\u00e9s ont fait forte impression aupr\u00e8s des 200 professionnels de la cr\u00e9ation et du financement des startups !<\/strong> <\/p>\n<\/blockquote>\n\n\n\n<p>La qualit\u00e9 des <em>pitchs<\/em>, le degr\u00e9 de maturit\u00e9 et le professionnalisme de nos \u00e9l\u00e8ves ont \u00e9t\u00e9 remarqu\u00e9s : plusieurs d\u2019entre eux sont invit\u00e9s \u00e0 rejoindre le programme d\u2019acc\u00e9l\u00e9ration \u00e0 la suite de leurs \u00e9tudes !<\/p>\n\n\n\n<figure class=\"wp-block-gallery has-nested-images columns-4 is-cropped wp-block-gallery-2 is-layout-flex wp-block-gallery-is-layout-flex\">\n<figure class=\"wp-block-image\"><a href=\"https:\/\/www.mines-stetienne.fr\/panoramines\/wp-content\/uploads\/sites\/3\/2020\/02\/IMG_9945.jpg\"><img loading=\"lazy\" decoding=\"async\" width=\"737\" height=\"487\" data-id=\"21378\" src=\"https:\/\/www.mines-stetienne.fr\/panoramines\/wp-content\/uploads\/sites\/3\/2020\/02\/IMG_9945.jpg\" alt=\"\" class=\"wp-image-21378\" srcset=\"https:\/\/www.mines-stetienne.fr\/panoramines\/wp-content\/uploads\/sites\/3\/2020\/02\/IMG_9945.jpg 737w, https:\/\/www.mines-stetienne.fr\/panoramines\/wp-content\/uploads\/sites\/3\/2020\/02\/IMG_9945-300x198.jpg 300w, https:\/\/www.mines-stetienne.fr\/panoramines\/wp-content\/uploads\/sites\/3\/2020\/02\/IMG_9945-350x230.jpg 350w\" sizes=\"auto, (max-width: 737px) 100vw, 737px\" \/><\/a><\/figure>\n\n\n\n<figure class=\"wp-block-image\"><a href=\"https:\/\/www.mines-stetienne.fr\/panoramines\/wp-content\/uploads\/sites\/3\/2020\/02\/IMG_9955.jpg\"><img loading=\"lazy\" decoding=\"async\" width=\"731\" height=\"487\" data-id=\"21379\" src=\"https:\/\/www.mines-stetienne.fr\/panoramines\/wp-content\/uploads\/sites\/3\/2020\/02\/IMG_9955.jpg\" alt=\"\" class=\"wp-image-21379\" srcset=\"https:\/\/www.mines-stetienne.fr\/panoramines\/wp-content\/uploads\/sites\/3\/2020\/02\/IMG_9955.jpg 731w, https:\/\/www.mines-stetienne.fr\/panoramines\/wp-content\/uploads\/sites\/3\/2020\/02\/IMG_9955-300x200.jpg 300w\" sizes=\"auto, (max-width: 731px) 100vw, 731px\" \/><\/a><figcaption class=\"wp-element-caption\">TransX : communaut\u00e9 d\u2019optimisation des transports en commun<\/figcaption><\/figure>\n\n\n\n<figure class=\"wp-block-image\"><a href=\"https:\/\/www.mines-stetienne.fr\/panoramines\/wp-content\/uploads\/sites\/3\/2020\/02\/IMG_9959.jpg\"><img loading=\"lazy\" decoding=\"async\" width=\"731\" height=\"487\" data-id=\"21380\" src=\"https:\/\/www.mines-stetienne.fr\/panoramines\/wp-content\/uploads\/sites\/3\/2020\/02\/IMG_9959.jpg\" alt=\"\" class=\"wp-image-21380\" srcset=\"https:\/\/www.mines-stetienne.fr\/panoramines\/wp-content\/uploads\/sites\/3\/2020\/02\/IMG_9959.jpg 731w, https:\/\/www.mines-stetienne.fr\/panoramines\/wp-content\/uploads\/sites\/3\/2020\/02\/IMG_9959-300x200.jpg 300w\" sizes=\"auto, (max-width: 731px) 100vw, 731px\" \/><\/a><figcaption class=\"wp-element-caption\">One : caf\u00e9 citoyen sur un mod\u00e8le \u00e9conomique innovant<\/figcaption><\/figure>\n\n\n\n<figure class=\"wp-block-image\"><a href=\"https:\/\/www.mines-stetienne.fr\/panoramines\/wp-content\/uploads\/sites\/3\/2020\/02\/IMG_9970.jpg\"><img loading=\"lazy\" decoding=\"async\" width=\"731\" height=\"487\" data-id=\"21381\" src=\"https:\/\/www.mines-stetienne.fr\/panoramines\/wp-content\/uploads\/sites\/3\/2020\/02\/IMG_9970.jpg\" alt=\"\" class=\"wp-image-21381\" srcset=\"https:\/\/www.mines-stetienne.fr\/panoramines\/wp-content\/uploads\/sites\/3\/2020\/02\/IMG_9970.jpg 731w, https:\/\/www.mines-stetienne.fr\/panoramines\/wp-content\/uploads\/sites\/3\/2020\/02\/IMG_9970-300x200.jpg 300w\" sizes=\"auto, (max-width: 731px) 100vw, 731px\" \/><\/a><figcaption class=\"wp-element-caption\">RoofLords : Projet de financement \u00e9co-quartiers solaires (d\u00e9ploiement en Australie en cours)<\/figcaption><\/figure>\n\n\n\n<figure class=\"wp-block-image\"><a href=\"https:\/\/www.mines-stetienne.fr\/panoramines\/wp-content\/uploads\/sites\/3\/2020\/02\/IMG_9973.jpg\"><img loading=\"lazy\" decoding=\"async\" width=\"731\" height=\"487\" data-id=\"21382\" src=\"https:\/\/www.mines-stetienne.fr\/panoramines\/wp-content\/uploads\/sites\/3\/2020\/02\/IMG_9973.jpg\" alt=\"\" class=\"wp-image-21382\" srcset=\"https:\/\/www.mines-stetienne.fr\/panoramines\/wp-content\/uploads\/sites\/3\/2020\/02\/IMG_9973.jpg 731w, https:\/\/www.mines-stetienne.fr\/panoramines\/wp-content\/uploads\/sites\/3\/2020\/02\/IMG_9973-300x200.jpg 300w\" sizes=\"auto, (max-width: 731px) 100vw, 731px\" \/><\/a><figcaption class=\"wp-element-caption\">MoDrone : un drone Air-Terre-Mer aux multiples applications<\/figcaption><\/figure>\n\n\n\n<figure class=\"wp-block-image\"><a href=\"https:\/\/www.mines-stetienne.fr\/panoramines\/wp-content\/uploads\/sites\/3\/2020\/02\/IMG_9976.jpg\"><img loading=\"lazy\" decoding=\"async\" width=\"731\" height=\"487\" data-id=\"21383\" src=\"https:\/\/www.mines-stetienne.fr\/panoramines\/wp-content\/uploads\/sites\/3\/2020\/02\/IMG_9976.jpg\" alt=\"\" class=\"wp-image-21383\" srcset=\"https:\/\/www.mines-stetienne.fr\/panoramines\/wp-content\/uploads\/sites\/3\/2020\/02\/IMG_9976.jpg 731w, https:\/\/www.mines-stetienne.fr\/panoramines\/wp-content\/uploads\/sites\/3\/2020\/02\/IMG_9976-300x200.jpg 300w\" sizes=\"auto, (max-width: 731px) 100vw, 731px\" \/><\/a><figcaption class=\"wp-element-caption\">Arztan : \u00e9quipements m\u00e9dicaux partag\u00e9s en C\u00f4te-d\u2019Ivoire<\/figcaption><\/figure>\n\n\n\n<figure class=\"wp-block-image\"><a href=\"https:\/\/www.mines-stetienne.fr\/panoramines\/wp-content\/uploads\/sites\/3\/2020\/02\/IMG_9951.jpg\"><img loading=\"lazy\" decoding=\"async\" width=\"731\" height=\"487\" data-id=\"21384\" src=\"https:\/\/www.mines-stetienne.fr\/panoramines\/wp-content\/uploads\/sites\/3\/2020\/02\/IMG_9951.jpg\" alt=\"\" class=\"wp-image-21384\" srcset=\"https:\/\/www.mines-stetienne.fr\/panoramines\/wp-content\/uploads\/sites\/3\/2020\/02\/IMG_9951.jpg 731w, https:\/\/www.mines-stetienne.fr\/panoramines\/wp-content\/uploads\/sites\/3\/2020\/02\/IMG_9951-300x200.jpg 300w\" sizes=\"auto, (max-width: 731px) 100vw, 731px\" \/><\/a><\/figure>\n\n\n\n<figure class=\"wp-block-image\"><a href=\"https:\/\/www.mines-stetienne.fr\/panoramines\/wp-content\/uploads\/sites\/3\/2020\/02\/IMG_9983.jpg\"><img loading=\"lazy\" decoding=\"async\" width=\"731\" height=\"487\" data-id=\"21385\" src=\"https:\/\/www.mines-stetienne.fr\/panoramines\/wp-content\/uploads\/sites\/3\/2020\/02\/IMG_9983.jpg\" alt=\"\" class=\"wp-image-21385\" srcset=\"https:\/\/www.mines-stetienne.fr\/panoramines\/wp-content\/uploads\/sites\/3\/2020\/02\/IMG_9983.jpg 731w, https:\/\/www.mines-stetienne.fr\/panoramines\/wp-content\/uploads\/sites\/3\/2020\/02\/IMG_9983-300x200.jpg 300w\" sizes=\"auto, (max-width: 731px) 100vw, 731px\" \/><\/a><\/figure>\n<\/figure>\n\n\n\n<p>Tous les \u00e9l\u00e8ves de l&rsquo;\u00e9lectif \u00e9tait pr\u00e9sente lors de cette soir\u00e9e de partage et de rencontres avec d\u2019autres startups, dont <a rel=\"noreferrer noopener\" aria-label=\"Agrove, accompagn\u00e9e par TEAM@Mines Saint-\u00c9tienne (opens in a new tab)\" href=\"https:\/\/www.mines-stetienne.fr\/panoramines\/2020\/01\/13\/agrove-la-solution-intelligente-pour-lagriculture-urbaine\/\" target=\"_blank\"><strong>Agrove<\/strong>, accompagn\u00e9e par TEAM@Mines Saint-\u00c9tienne<\/a> (qui suivait le programme d\u2019acc\u00e9l\u00e9ration Climb #4)<em>.<\/em><\/p>\n\n\n\n<p>La conclusion de cette premi\u00e8re session d\u00e9ploy\u00e9e sous ce format p\u00e9dagogique revient aux \u00e9l\u00e8ves :<\/p>\n\n\n\n<blockquote class=\"wp-block-quote is-layout-flow wp-block-quote-is-layout-flow\">\n<p><em>\u00ab&nbsp;Un \u00e9norme merci \u00e0 tous ! Nous avons v\u00e9cu une aventure fantastique et ce n&rsquo;est que le d\u00e9but ! Ces temps d&rsquo;apprentissage sont inoubliable<\/em>s<em> et cette soir\u00e9e \u00e0 The Camp marque un tournant dans notre parcours ! \u00bb<\/em>.<\/p>\n<\/blockquote>\n\n\n\n<p>Contacts : <a href=\"&#x6d;&#x61;&#105;lt&#x6f;&#x3a;&#102;&#105;o&#x63;&#x63;&#104;&#105;&#64;&#x65;&#x6d;&#x73;&#101;&#46;f&#x72;\">Michel Fiocchi<\/a>, <a href=\"&#x6d;a&#x69;&#108;&#x74;&#x6f;:&#x74;&#104;&#x69;&#x62;a&#x75;&#116;&#x2e;&#x6d;e&#x74;&#97;&#x69;&#x6c;l&#x65;&#114;&#x40;&#x65;m&#x73;&#101;&#x2e;&#x66;r\">Thibaut Metailler<\/a><\/p>\n\n\n\n<hr class=\"wp-block-separator has-css-opacity\"\/>\n","protected":false},"excerpt":{"rendered":"<p>Dans le cadre du module \u00ab\u00a0Management de l&rsquo;innovation\u00a0\u00bb, 7 \u00e9l\u00e8ves ont expos\u00e9 de belle mani\u00e8re leur projet entrepreneurial aux 200 professionnels pr\u00e9sents \u00e0 la soir\u00e9e de cl\u00f4ture du programme d\u2019acc\u00e9l\u00e9ration du Village by CA Alpes Provence. Cette c\u00e9r\u00e9monie s&rsquo;est d\u00e9roul\u00e9e &hellip;<\/p>\n","protected":false},"author":3,"featured_media":21387,"comment_status":"closed","ping_status":"open","sticky":false,"template":"","format":"standard","meta":{"_relevanssi_hide_post":"","_relevanssi_hide_content":"","_relevanssi_pin_for_all":"","_relevanssi_pin_keywords":"","_relevanssi_unpin_keywords":"","_relevanssi_related_keywords":"","_relevanssi_related_include_ids":"","_relevanssi_related_exclude_ids":"","_relevanssi_related_no_append":"","_relevanssi_related_not_related":"","_relevanssi_related_posts":"14940,10674,19071,22969,13626,14130","_relevanssi_noindex_reason":"","footnotes":""},"categories":[6],"tags":[673,370,116,42,140,674],"class_list":["post-21375","post","type-post","status-publish","format-standard","has-post-thumbnail","hentry","category-formation","tag-agrove","tag-campus-gc-provence","tag-entrepreneuriat-etudiant","tag-ismin","tag-team","tag-the-camp"],"pp_statuses_selecting_workflow":false,"pp_workflow_action":"current","pp_status_selection":"publish","pp_force_visibility":null,"pp_subpost_visibility":null,"pp_inherited_force_visibility":null,"pp_inherited_subpost_visibility":null,"yoast_head":"<!-- This site is optimized with the Yoast SEO plugin v27.5 - https:\/\/yoast.com\/product\/yoast-seo-wordpress\/ -->\n<title>Les \u00e9l\u00e8ves ISMIN &quot;entrepreneurs&quot; \u00e0 l&#039;honneur ! - Panoramines<\/title>\n<meta name=\"robots\" content=\"index, follow, max-snippet:-1, max-image-preview:large, max-video-preview:-1\" \/>\n<link rel=\"canonical\" href=\"https:\/\/www.mines-stetienne.fr\/panoramines\/2020\/02\/17\/les-eleves-ismin-entrepreneurs-a-lhonneur\/\" \/>\n<meta property=\"og:locale\" content=\"fr_FR\" \/>\n<meta property=\"og:type\" content=\"article\" \/>\n<meta property=\"og:title\" content=\"Les \u00e9l\u00e8ves ISMIN &quot;entrepreneurs&quot; \u00e0 l&#039;honneur ! - Panoramines\" \/>\n<meta property=\"og:description\" content=\"Dans le cadre du module \u00ab\u00a0Management de l&rsquo;innovation\u00a0\u00bb, 7 \u00e9l\u00e8ves ont expos\u00e9 de belle mani\u00e8re leur projet entrepreneurial aux 200 professionnels pr\u00e9sents \u00e0 la soir\u00e9e de cl\u00f4ture du programme d\u2019acc\u00e9l\u00e9ration du Village by CA Alpes Provence. Cette c\u00e9r\u00e9monie s&rsquo;est d\u00e9roul\u00e9e &hellip;\" \/>\n<meta property=\"og:url\" content=\"https:\/\/www.mines-stetienne.fr\/panoramines\/2020\/02\/17\/les-eleves-ismin-entrepreneurs-a-lhonneur\/\" \/>\n<meta property=\"og:site_name\" content=\"Panoramines\" \/>\n<meta property=\"article:published_time\" content=\"2020-02-17T14:51:00+00:00\" \/>\n<meta property=\"article:modified_time\" content=\"2024-03-07T15:02:46+00:00\" \/>\n<meta property=\"og:image\" content=\"https:\/\/www.mines-stetienne.fr\/panoramines\/wp-content\/uploads\/sites\/3\/2020\/02\/UneTheCamp.jpg\" \/>\n\t<meta property=\"og:image:width\" content=\"700\" \/>\n\t<meta property=\"og:image:height\" content=\"280\" \/>\n\t<meta property=\"og:image:type\" content=\"image\/jpeg\" \/>\n<meta name=\"author\" content=\"Nathalie\" \/>\n<meta name=\"twitter:card\" content=\"summary_large_image\" \/>\n<meta name=\"twitter:label1\" content=\"\u00c9crit par\" \/>\n\t<meta name=\"twitter:data1\" content=\" Nathalie\" \/>\n\t<meta name=\"twitter:label2\" content=\"Dur\u00e9e de lecture estim\u00e9e\" \/>\n\t<meta name=\"twitter:data2\" content=\"4 minutes\" \/>\n<script type=\"application\/ld+json\" class=\"yoast-schema-graph\">{\"@context\":\"https:\\\/\\\/schema.org\",\"@graph\":[{\"@type\":\"Article\",\"@id\":\"https:\\\/\\\/www.mines-stetienne.fr\\\/panoramines\\\/2020\\\/02\\\/17\\\/les-eleves-ismin-entrepreneurs-a-lhonneur\\\/#article\",\"isPartOf\":{\"@id\":\"https:\\\/\\\/www.mines-stetienne.fr\\\/panoramines\\\/2020\\\/02\\\/17\\\/les-eleves-ismin-entrepreneurs-a-lhonneur\\\/\"},\"author\":{\"name\":\"Nathalie\",\"@id\":\"https:\\\/\\\/www.mines-stetienne.fr\\\/panoramines\\\/#\\\/schema\\\/person\\\/95e752e6dedac604ce4535123e0f8df7\"},\"headline\":\"Les \u00e9l\u00e8ves ISMIN \u00ab\u00a0entrepreneurs\u00a0\u00bb \u00e0 l&rsquo;honneur !\",\"datePublished\":\"2020-02-17T14:51:00+00:00\",\"dateModified\":\"2024-03-07T15:02:46+00:00\",\"mainEntityOfPage\":{\"@id\":\"https:\\\/\\\/www.mines-stetienne.fr\\\/panoramines\\\/2020\\\/02\\\/17\\\/les-eleves-ismin-entrepreneurs-a-lhonneur\\\/\"},\"wordCount\":398,\"image\":{\"@id\":\"https:\\\/\\\/www.mines-stetienne.fr\\\/panoramines\\\/2020\\\/02\\\/17\\\/les-eleves-ismin-entrepreneurs-a-lhonneur\\\/#primaryimage\"},\"thumbnailUrl\":\"https:\\\/\\\/www.mines-stetienne.fr\\\/panoramines\\\/wp-content\\\/uploads\\\/sites\\\/3\\\/2020\\\/02\\\/UneTheCamp.jpg\",\"keywords\":[\"Agrove\",\"Campus GC Provence\",\"Entrepreneuriat \u00e9tudiant\",\"ISMIN\",\"TEAM\",\"The Camp\"],\"articleSection\":[\"Formation\"],\"inLanguage\":\"fr-FR\"},{\"@type\":\"WebPage\",\"@id\":\"https:\\\/\\\/www.mines-stetienne.fr\\\/panoramines\\\/2020\\\/02\\\/17\\\/les-eleves-ismin-entrepreneurs-a-lhonneur\\\/\",\"url\":\"https:\\\/\\\/www.mines-stetienne.fr\\\/panoramines\\\/2020\\\/02\\\/17\\\/les-eleves-ismin-entrepreneurs-a-lhonneur\\\/\",\"name\":\"Les \u00e9l\u00e8ves ISMIN \\\"entrepreneurs\\\" \u00e0 l'honneur ! - Panoramines\",\"isPartOf\":{\"@id\":\"https:\\\/\\\/www.mines-stetienne.fr\\\/panoramines\\\/#website\"},\"primaryImageOfPage\":{\"@id\":\"https:\\\/\\\/www.mines-stetienne.fr\\\/panoramines\\\/2020\\\/02\\\/17\\\/les-eleves-ismin-entrepreneurs-a-lhonneur\\\/#primaryimage\"},\"image\":{\"@id\":\"https:\\\/\\\/www.mines-stetienne.fr\\\/panoramines\\\/2020\\\/02\\\/17\\\/les-eleves-ismin-entrepreneurs-a-lhonneur\\\/#primaryimage\"},\"thumbnailUrl\":\"https:\\\/\\\/www.mines-stetienne.fr\\\/panoramines\\\/wp-content\\\/uploads\\\/sites\\\/3\\\/2020\\\/02\\\/UneTheCamp.jpg\",\"datePublished\":\"2020-02-17T14:51:00+00:00\",\"dateModified\":\"2024-03-07T15:02:46+00:00\",\"author\":{\"@id\":\"https:\\\/\\\/www.mines-stetienne.fr\\\/panoramines\\\/#\\\/schema\\\/person\\\/95e752e6dedac604ce4535123e0f8df7\"},\"breadcrumb\":{\"@id\":\"https:\\\/\\\/www.mines-stetienne.fr\\\/panoramines\\\/2020\\\/02\\\/17\\\/les-eleves-ismin-entrepreneurs-a-lhonneur\\\/#breadcrumb\"},\"inLanguage\":\"fr-FR\",\"potentialAction\":[{\"@type\":\"ReadAction\",\"target\":[\"https:\\\/\\\/www.mines-stetienne.fr\\\/panoramines\\\/2020\\\/02\\\/17\\\/les-eleves-ismin-entrepreneurs-a-lhonneur\\\/\"]}]},{\"@type\":\"ImageObject\",\"inLanguage\":\"fr-FR\",\"@id\":\"https:\\\/\\\/www.mines-stetienne.fr\\\/panoramines\\\/2020\\\/02\\\/17\\\/les-eleves-ismin-entrepreneurs-a-lhonneur\\\/#primaryimage\",\"url\":\"https:\\\/\\\/www.mines-stetienne.fr\\\/panoramines\\\/wp-content\\\/uploads\\\/sites\\\/3\\\/2020\\\/02\\\/UneTheCamp.jpg\",\"contentUrl\":\"https:\\\/\\\/www.mines-stetienne.fr\\\/panoramines\\\/wp-content\\\/uploads\\\/sites\\\/3\\\/2020\\\/02\\\/UneTheCamp.jpg\",\"width\":700,\"height\":280},{\"@type\":\"BreadcrumbList\",\"@id\":\"https:\\\/\\\/www.mines-stetienne.fr\\\/panoramines\\\/2020\\\/02\\\/17\\\/les-eleves-ismin-entrepreneurs-a-lhonneur\\\/#breadcrumb\",\"itemListElement\":[{\"@type\":\"ListItem\",\"position\":1,\"name\":\"Accueil\",\"item\":\"https:\\\/\\\/www.mines-stetienne.fr\\\/panoramines\\\/\"},{\"@type\":\"ListItem\",\"position\":2,\"name\":\"Les \u00e9l\u00e8ves ISMIN \u00ab\u00a0entrepreneurs\u00a0\u00bb \u00e0 l&rsquo;honneur !\"}]},{\"@type\":\"WebSite\",\"@id\":\"https:\\\/\\\/www.mines-stetienne.fr\\\/panoramines\\\/#website\",\"url\":\"https:\\\/\\\/www.mines-stetienne.fr\\\/panoramines\\\/\",\"name\":\"Panoramines\",\"description\":\"Panoramines, l\u2019actualit\u00e9 de MINES Saint-\u00c9tienne\",\"potentialAction\":[{\"@type\":\"SearchAction\",\"target\":{\"@type\":\"EntryPoint\",\"urlTemplate\":\"https:\\\/\\\/www.mines-stetienne.fr\\\/panoramines\\\/?s={search_term_string}\"},\"query-input\":{\"@type\":\"PropertyValueSpecification\",\"valueRequired\":true,\"valueName\":\"search_term_string\"}}],\"inLanguage\":\"fr-FR\"},{\"@type\":\"Person\",\"@id\":\"https:\\\/\\\/www.mines-stetienne.fr\\\/panoramines\\\/#\\\/schema\\\/person\\\/95e752e6dedac604ce4535123e0f8df7\",\"name\":\"Nathalie\",\"image\":{\"@type\":\"ImageObject\",\"inLanguage\":\"fr-FR\",\"@id\":\"https:\\\/\\\/www.mines-stetienne.fr\\\/panoramines\\\/wp-content\\\/uploads\\\/sites\\\/3\\\/2021\\\/07\\\/logo-75x75-1.png\",\"url\":\"https:\\\/\\\/www.mines-stetienne.fr\\\/panoramines\\\/wp-content\\\/uploads\\\/sites\\\/3\\\/2021\\\/07\\\/logo-75x75-1.png\",\"contentUrl\":\"https:\\\/\\\/www.mines-stetienne.fr\\\/panoramines\\\/wp-content\\\/uploads\\\/sites\\\/3\\\/2021\\\/07\\\/logo-75x75-1.png\",\"caption\":\"Nathalie\"},\"url\":\"https:\\\/\\\/www.mines-stetienne.fr\\\/panoramines\\\/author\\\/nathalie\\\/\"}]}<\/script>\n<!-- \/ Yoast SEO plugin. -->","yoast_head_json":{"title":"Les \u00e9l\u00e8ves ISMIN \"entrepreneurs\" \u00e0 l'honneur ! - Panoramines","robots":{"index":"index","follow":"follow","max-snippet":"max-snippet:-1","max-image-preview":"max-image-preview:large","max-video-preview":"max-video-preview:-1"},"canonical":"https:\/\/www.mines-stetienne.fr\/panoramines\/2020\/02\/17\/les-eleves-ismin-entrepreneurs-a-lhonneur\/","og_locale":"fr_FR","og_type":"article","og_title":"Les \u00e9l\u00e8ves ISMIN \"entrepreneurs\" \u00e0 l'honneur ! - Panoramines","og_description":"Dans le cadre du module \u00ab\u00a0Management de l&rsquo;innovation\u00a0\u00bb, 7 \u00e9l\u00e8ves ont expos\u00e9 de belle mani\u00e8re leur projet entrepreneurial aux 200 professionnels pr\u00e9sents \u00e0 la soir\u00e9e de cl\u00f4ture du programme d\u2019acc\u00e9l\u00e9ration du Village by CA Alpes Provence. Cette c\u00e9r\u00e9monie s&rsquo;est d\u00e9roul\u00e9e &hellip;","og_url":"https:\/\/www.mines-stetienne.fr\/panoramines\/2020\/02\/17\/les-eleves-ismin-entrepreneurs-a-lhonneur\/","og_site_name":"Panoramines","article_published_time":"2020-02-17T14:51:00+00:00","article_modified_time":"2024-03-07T15:02:46+00:00","og_image":[{"width":700,"height":280,"url":"https:\/\/www.mines-stetienne.fr\/panoramines\/wp-content\/uploads\/sites\/3\/2020\/02\/UneTheCamp.jpg","type":"image\/jpeg"}],"author":"Nathalie","twitter_card":"summary_large_image","twitter_misc":{"\u00c9crit par":" Nathalie","Dur\u00e9e de lecture estim\u00e9e":"4 minutes"},"schema":{"@context":"https:\/\/schema.org","@graph":[{"@type":"Article","@id":"https:\/\/www.mines-stetienne.fr\/panoramines\/2020\/02\/17\/les-eleves-ismin-entrepreneurs-a-lhonneur\/#article","isPartOf":{"@id":"https:\/\/www.mines-stetienne.fr\/panoramines\/2020\/02\/17\/les-eleves-ismin-entrepreneurs-a-lhonneur\/"},"author":{"name":"Nathalie","@id":"https:\/\/www.mines-stetienne.fr\/panoramines\/#\/schema\/person\/95e752e6dedac604ce4535123e0f8df7"},"headline":"Les \u00e9l\u00e8ves ISMIN \u00ab\u00a0entrepreneurs\u00a0\u00bb \u00e0 l&rsquo;honneur !","datePublished":"2020-02-17T14:51:00+00:00","dateModified":"2024-03-07T15:02:46+00:00","mainEntityOfPage":{"@id":"https:\/\/www.mines-stetienne.fr\/panoramines\/2020\/02\/17\/les-eleves-ismin-entrepreneurs-a-lhonneur\/"},"wordCount":398,"image":{"@id":"https:\/\/www.mines-stetienne.fr\/panoramines\/2020\/02\/17\/les-eleves-ismin-entrepreneurs-a-lhonneur\/#primaryimage"},"thumbnailUrl":"https:\/\/www.mines-stetienne.fr\/panoramines\/wp-content\/uploads\/sites\/3\/2020\/02\/UneTheCamp.jpg","keywords":["Agrove","Campus GC Provence","Entrepreneuriat \u00e9tudiant","ISMIN","TEAM","The Camp"],"articleSection":["Formation"],"inLanguage":"fr-FR"},{"@type":"WebPage","@id":"https:\/\/www.mines-stetienne.fr\/panoramines\/2020\/02\/17\/les-eleves-ismin-entrepreneurs-a-lhonneur\/","url":"https:\/\/www.mines-stetienne.fr\/panoramines\/2020\/02\/17\/les-eleves-ismin-entrepreneurs-a-lhonneur\/","name":"Les \u00e9l\u00e8ves ISMIN \"entrepreneurs\" \u00e0 l'honneur ! - Panoramines","isPartOf":{"@id":"https:\/\/www.mines-stetienne.fr\/panoramines\/#website"},"primaryImageOfPage":{"@id":"https:\/\/www.mines-stetienne.fr\/panoramines\/2020\/02\/17\/les-eleves-ismin-entrepreneurs-a-lhonneur\/#primaryimage"},"image":{"@id":"https:\/\/www.mines-stetienne.fr\/panoramines\/2020\/02\/17\/les-eleves-ismin-entrepreneurs-a-lhonneur\/#primaryimage"},"thumbnailUrl":"https:\/\/www.mines-stetienne.fr\/panoramines\/wp-content\/uploads\/sites\/3\/2020\/02\/UneTheCamp.jpg","datePublished":"2020-02-17T14:51:00+00:00","dateModified":"2024-03-07T15:02:46+00:00","author":{"@id":"https:\/\/www.mines-stetienne.fr\/panoramines\/#\/schema\/person\/95e752e6dedac604ce4535123e0f8df7"},"breadcrumb":{"@id":"https:\/\/www.mines-stetienne.fr\/panoramines\/2020\/02\/17\/les-eleves-ismin-entrepreneurs-a-lhonneur\/#breadcrumb"},"inLanguage":"fr-FR","potentialAction":[{"@type":"ReadAction","target":["https:\/\/www.mines-stetienne.fr\/panoramines\/2020\/02\/17\/les-eleves-ismin-entrepreneurs-a-lhonneur\/"]}]},{"@type":"ImageObject","inLanguage":"fr-FR","@id":"https:\/\/www.mines-stetienne.fr\/panoramines\/2020\/02\/17\/les-eleves-ismin-entrepreneurs-a-lhonneur\/#primaryimage","url":"https:\/\/www.mines-stetienne.fr\/panoramines\/wp-content\/uploads\/sites\/3\/2020\/02\/UneTheCamp.jpg","contentUrl":"https:\/\/www.mines-stetienne.fr\/panoramines\/wp-content\/uploads\/sites\/3\/2020\/02\/UneTheCamp.jpg","width":700,"height":280},{"@type":"BreadcrumbList","@id":"https:\/\/www.mines-stetienne.fr\/panoramines\/2020\/02\/17\/les-eleves-ismin-entrepreneurs-a-lhonneur\/#breadcrumb","itemListElement":[{"@type":"ListItem","position":1,"name":"Accueil","item":"https:\/\/www.mines-stetienne.fr\/panoramines\/"},{"@type":"ListItem","position":2,"name":"Les \u00e9l\u00e8ves ISMIN \u00ab\u00a0entrepreneurs\u00a0\u00bb \u00e0 l&rsquo;honneur !"}]},{"@type":"WebSite","@id":"https:\/\/www.mines-stetienne.fr\/panoramines\/#website","url":"https:\/\/www.mines-stetienne.fr\/panoramines\/","name":"Panoramines","description":"Panoramines, l\u2019actualit\u00e9 de MINES Saint-\u00c9tienne","potentialAction":[{"@type":"SearchAction","target":{"@type":"EntryPoint","urlTemplate":"https:\/\/www.mines-stetienne.fr\/panoramines\/?s={search_term_string}"},"query-input":{"@type":"PropertyValueSpecification","valueRequired":true,"valueName":"search_term_string"}}],"inLanguage":"fr-FR"},{"@type":"Person","@id":"https:\/\/www.mines-stetienne.fr\/panoramines\/#\/schema\/person\/95e752e6dedac604ce4535123e0f8df7","name":"Nathalie","image":{"@type":"ImageObject","inLanguage":"fr-FR","@id":"https:\/\/www.mines-stetienne.fr\/panoramines\/wp-content\/uploads\/sites\/3\/2021\/07\/logo-75x75-1.png","url":"https:\/\/www.mines-stetienne.fr\/panoramines\/wp-content\/uploads\/sites\/3\/2021\/07\/logo-75x75-1.png","contentUrl":"https:\/\/www.mines-stetienne.fr\/panoramines\/wp-content\/uploads\/sites\/3\/2021\/07\/logo-75x75-1.png","caption":"Nathalie"},"url":"https:\/\/www.mines-stetienne.fr\/panoramines\/author\/nathalie\/"}]}},"_links":{"self":[{"href":"https:\/\/www.mines-stetienne.fr\/panoramines\/wp-json\/wp\/v2\/posts\/21375","targetHints":{"allow":["GET"]}}],"collection":[{"href":"https:\/\/www.mines-stetienne.fr\/panoramines\/wp-json\/wp\/v2\/posts"}],"about":[{"href":"https:\/\/www.mines-stetienne.fr\/panoramines\/wp-json\/wp\/v2\/types\/post"}],"author":[{"embeddable":true,"href":"https:\/\/www.mines-stetienne.fr\/panoramines\/wp-json\/wp\/v2\/users\/3"}],"replies":[{"embeddable":true,"href":"https:\/\/www.mines-stetienne.fr\/panoramines\/wp-json\/wp\/v2\/comments?post=21375"}],"version-history":[{"count":17,"href":"https:\/\/www.mines-stetienne.fr\/panoramines\/wp-json\/wp\/v2\/posts\/21375\/revisions"}],"predecessor-version":[{"id":26754,"href":"https:\/\/www.mines-stetienne.fr\/panoramines\/wp-json\/wp\/v2\/posts\/21375\/revisions\/26754"}],"wp:featuredmedia":[{"embeddable":true,"href":"https:\/\/www.mines-stetienne.fr\/panoramines\/wp-json\/wp\/v2\/media\/21387"}],"wp:attachment":[{"href":"https:\/\/www.mines-stetienne.fr\/panoramines\/wp-json\/wp\/v2\/media?parent=21375"}],"wp:term":[{"taxonomy":"category","embeddable":true,"href":"https:\/\/www.mines-stetienne.fr\/panoramines\/wp-json\/wp\/v2\/categories?post=21375"},{"taxonomy":"post_tag","embeddable":true,"href":"https:\/\/www.mines-stetienne.fr\/panoramines\/wp-json\/wp\/v2\/tags?post=21375"}],"curies":[{"name":"wp","href":"https:\/\/api.w.org\/{rel}","templated":true}]}}