{"id":21295,"date":"2020-02-06T09:12:00","date_gmt":"2020-02-06T08:12:00","guid":{"rendered":"https:\/\/www.mines-stetienne.fr\/panoramines\/?p=21295"},"modified":"2024-03-07T15:27:03","modified_gmt":"2024-03-07T14:27:03","slug":"live-in-lab-lintelligence-artificielle","status":"publish","type":"post","link":"https:\/\/www.mines-stetienne.fr\/panoramines\/2020\/02\/06\/live-in-lab-lintelligence-artificielle\/","title":{"rendered":"LIVE-IN LAB : l\u2019Intelligence Artificielle"},"content":{"rendered":"\n<p>Riche d\u00e9bat entre les chercheurs et m\u00e9diateurs sur l\u2019Intelligence Artificielle : d\u00e9fis, interrogations, risques et r\u00e9alit\u00e9s dans notre vie quotidienne.<br><a rel=\"noreferrer noopener\" aria-label=\"En savoir + (opens in a new tab)\" href=\"http:\/\/www.larotonde-sciences.com\/cest-au-programme\/live-in-lab-intelligence-artificielle\/\" target=\"_blank\">En savoir +<\/a><\/p>\n","protected":false},"excerpt":{"rendered":"<p>Riche d\u00e9bat entre les chercheurs et m\u00e9diateurs sur l\u2019Intelligence Artificielle : d\u00e9fis, interrogations, risques et r\u00e9alit\u00e9s dans notre vie quotidienne.En savoir +<\/p>\n","protected":false},"author":3,"featured_media":21296,"comment_status":"closed","ping_status":"open","sticky":false,"template":"","format":"standard","meta":{"_relevanssi_hide_post":"","_relevanssi_hide_content":"","_relevanssi_pin_for_all":"","_relevanssi_pin_keywords":"","_relevanssi_unpin_keywords":"","_relevanssi_related_keywords":"","_relevanssi_related_include_ids":"","_relevanssi_related_exclude_ids":"","_relevanssi_related_no_append":"","_relevanssi_related_not_related":"","_relevanssi_related_posts":"23863,24507,18157,22726,26441,21005","_relevanssi_noindex_reason":"","footnotes":""},"categories":[10],"tags":[494,90,156,309],"class_list":["post-21295","post","type-post","status-publish","format-standard","has-post-thumbnail","hentry","category-culture-scientifique","tag-ia","tag-institut-fayol","tag-intelligence-artificielle","tag-la-rotonde"],"pp_statuses_selecting_workflow":false,"pp_workflow_action":"current","pp_status_selection":"publish","pp_force_visibility":null,"pp_subpost_visibility":null,"pp_inherited_force_visibility":null,"pp_inherited_subpost_visibility":null,"yoast_head":"<!-- This site is optimized with the Yoast SEO plugin v27.5 - https:\/\/yoast.com\/product\/yoast-seo-wordpress\/ -->\n<title>LIVE-IN LAB : l\u2019Intelligence Artificielle - Panoramines<\/title>\n<meta name=\"robots\" content=\"index, follow, max-snippet:-1, max-image-preview:large, max-video-preview:-1\" \/>\n<link rel=\"canonical\" href=\"https:\/\/www.mines-stetienne.fr\/panoramines\/2020\/02\/06\/live-in-lab-lintelligence-artificielle\/\" \/>\n<meta property=\"og:locale\" content=\"fr_FR\" \/>\n<meta property=\"og:type\" content=\"article\" \/>\n<meta property=\"og:title\" content=\"LIVE-IN LAB : l\u2019Intelligence Artificielle - Panoramines\" \/>\n<meta property=\"og:description\" content=\"Riche d\u00e9bat entre les chercheurs et m\u00e9diateurs sur l\u2019Intelligence Artificielle : d\u00e9fis, interrogations, risques et r\u00e9alit\u00e9s dans notre vie quotidienne.En savoir +\" \/>\n<meta property=\"og:url\" content=\"https:\/\/www.mines-stetienne.fr\/panoramines\/2020\/02\/06\/live-in-lab-lintelligence-artificielle\/\" \/>\n<meta property=\"og:site_name\" content=\"Panoramines\" \/>\n<meta property=\"article:published_time\" content=\"2020-02-06T08:12:00+00:00\" \/>\n<meta property=\"article:modified_time\" content=\"2024-03-07T14:27:03+00:00\" \/>\n<meta property=\"og:image\" content=\"https:\/\/www.mines-stetienne.fr\/panoramines\/wp-content\/uploads\/sites\/3\/2020\/02\/IMG_3789.jpg\" \/>\n\t<meta property=\"og:image:width\" content=\"2087\" \/>\n\t<meta property=\"og:image:height\" content=\"1391\" \/>\n\t<meta property=\"og:image:type\" content=\"image\/jpeg\" \/>\n<meta name=\"author\" content=\"Nathalie\" \/>\n<meta name=\"twitter:card\" content=\"summary_large_image\" \/>\n<meta name=\"twitter:label1\" content=\"\u00c9crit par\" \/>\n\t<meta name=\"twitter:data1\" content=\" Nathalie\" \/>\n\t<meta name=\"twitter:label2\" content=\"Dur\u00e9e de lecture estim\u00e9e\" \/>\n\t<meta name=\"twitter:data2\" content=\"1 minute\" \/>\n<script type=\"application\/ld+json\" class=\"yoast-schema-graph\">{\"@context\":\"https:\\\/\\\/schema.org\",\"@graph\":[{\"@type\":\"Article\",\"@id\":\"https:\\\/\\\/www.mines-stetienne.fr\\\/panoramines\\\/2020\\\/02\\\/06\\\/live-in-lab-lintelligence-artificielle\\\/#article\",\"isPartOf\":{\"@id\":\"https:\\\/\\\/www.mines-stetienne.fr\\\/panoramines\\\/2020\\\/02\\\/06\\\/live-in-lab-lintelligence-artificielle\\\/\"},\"author\":{\"name\":\"Nathalie\",\"@id\":\"https:\\\/\\\/www.mines-stetienne.fr\\\/panoramines\\\/#\\\/schema\\\/person\\\/95e752e6dedac604ce4535123e0f8df7\"},\"headline\":\"LIVE-IN LAB : l\u2019Intelligence Artificielle\",\"datePublished\":\"2020-02-06T08:12:00+00:00\",\"dateModified\":\"2024-03-07T14:27:03+00:00\",\"mainEntityOfPage\":{\"@id\":\"https:\\\/\\\/www.mines-stetienne.fr\\\/panoramines\\\/2020\\\/02\\\/06\\\/live-in-lab-lintelligence-artificielle\\\/\"},\"wordCount\":32,\"image\":{\"@id\":\"https:\\\/\\\/www.mines-stetienne.fr\\\/panoramines\\\/2020\\\/02\\\/06\\\/live-in-lab-lintelligence-artificielle\\\/#primaryimage\"},\"thumbnailUrl\":\"https:\\\/\\\/www.mines-stetienne.fr\\\/panoramines\\\/wp-content\\\/uploads\\\/sites\\\/3\\\/2020\\\/02\\\/IMG_3789.jpg\",\"keywords\":[\"IA\",\"Institut Fayol\",\"Intelligence artificielle\",\"La Rotonde\"],\"articleSection\":[\"Culture scientifique\"],\"inLanguage\":\"fr-FR\"},{\"@type\":\"WebPage\",\"@id\":\"https:\\\/\\\/www.mines-stetienne.fr\\\/panoramines\\\/2020\\\/02\\\/06\\\/live-in-lab-lintelligence-artificielle\\\/\",\"url\":\"https:\\\/\\\/www.mines-stetienne.fr\\\/panoramines\\\/2020\\\/02\\\/06\\\/live-in-lab-lintelligence-artificielle\\\/\",\"name\":\"LIVE-IN LAB : l\u2019Intelligence Artificielle - Panoramines\",\"isPartOf\":{\"@id\":\"https:\\\/\\\/www.mines-stetienne.fr\\\/panoramines\\\/#website\"},\"primaryImageOfPage\":{\"@id\":\"https:\\\/\\\/www.mines-stetienne.fr\\\/panoramines\\\/2020\\\/02\\\/06\\\/live-in-lab-lintelligence-artificielle\\\/#primaryimage\"},\"image\":{\"@id\":\"https:\\\/\\\/www.mines-stetienne.fr\\\/panoramines\\\/2020\\\/02\\\/06\\\/live-in-lab-lintelligence-artificielle\\\/#primaryimage\"},\"thumbnailUrl\":\"https:\\\/\\\/www.mines-stetienne.fr\\\/panoramines\\\/wp-content\\\/uploads\\\/sites\\\/3\\\/2020\\\/02\\\/IMG_3789.jpg\",\"datePublished\":\"2020-02-06T08:12:00+00:00\",\"dateModified\":\"2024-03-07T14:27:03+00:00\",\"author\":{\"@id\":\"https:\\\/\\\/www.mines-stetienne.fr\\\/panoramines\\\/#\\\/schema\\\/person\\\/95e752e6dedac604ce4535123e0f8df7\"},\"breadcrumb\":{\"@id\":\"https:\\\/\\\/www.mines-stetienne.fr\\\/panoramines\\\/2020\\\/02\\\/06\\\/live-in-lab-lintelligence-artificielle\\\/#breadcrumb\"},\"inLanguage\":\"fr-FR\",\"potentialAction\":[{\"@type\":\"ReadAction\",\"target\":[\"https:\\\/\\\/www.mines-stetienne.fr\\\/panoramines\\\/2020\\\/02\\\/06\\\/live-in-lab-lintelligence-artificielle\\\/\"]}]},{\"@type\":\"ImageObject\",\"inLanguage\":\"fr-FR\",\"@id\":\"https:\\\/\\\/www.mines-stetienne.fr\\\/panoramines\\\/2020\\\/02\\\/06\\\/live-in-lab-lintelligence-artificielle\\\/#primaryimage\",\"url\":\"https:\\\/\\\/www.mines-stetienne.fr\\\/panoramines\\\/wp-content\\\/uploads\\\/sites\\\/3\\\/2020\\\/02\\\/IMG_3789.jpg\",\"contentUrl\":\"https:\\\/\\\/www.mines-stetienne.fr\\\/panoramines\\\/wp-content\\\/uploads\\\/sites\\\/3\\\/2020\\\/02\\\/IMG_3789.jpg\",\"width\":2087,\"height\":1391},{\"@type\":\"BreadcrumbList\",\"@id\":\"https:\\\/\\\/www.mines-stetienne.fr\\\/panoramines\\\/2020\\\/02\\\/06\\\/live-in-lab-lintelligence-artificielle\\\/#breadcrumb\",\"itemListElement\":[{\"@type\":\"ListItem\",\"position\":1,\"name\":\"Accueil\",\"item\":\"https:\\\/\\\/www.mines-stetienne.fr\\\/panoramines\\\/\"},{\"@type\":\"ListItem\",\"position\":2,\"name\":\"LIVE-IN LAB : l\u2019Intelligence Artificielle\"}]},{\"@type\":\"WebSite\",\"@id\":\"https:\\\/\\\/www.mines-stetienne.fr\\\/panoramines\\\/#website\",\"url\":\"https:\\\/\\\/www.mines-stetienne.fr\\\/panoramines\\\/\",\"name\":\"Panoramines\",\"description\":\"Panoramines, l\u2019actualit\u00e9 de MINES Saint-\u00c9tienne\",\"potentialAction\":[{\"@type\":\"SearchAction\",\"target\":{\"@type\":\"EntryPoint\",\"urlTemplate\":\"https:\\\/\\\/www.mines-stetienne.fr\\\/panoramines\\\/?s={search_term_string}\"},\"query-input\":{\"@type\":\"PropertyValueSpecification\",\"valueRequired\":true,\"valueName\":\"search_term_string\"}}],\"inLanguage\":\"fr-FR\"},{\"@type\":\"Person\",\"@id\":\"https:\\\/\\\/www.mines-stetienne.fr\\\/panoramines\\\/#\\\/schema\\\/person\\\/95e752e6dedac604ce4535123e0f8df7\",\"name\":\"Nathalie\",\"image\":{\"@type\":\"ImageObject\",\"inLanguage\":\"fr-FR\",\"@id\":\"https:\\\/\\\/www.mines-stetienne.fr\\\/panoramines\\\/wp-content\\\/uploads\\\/sites\\\/3\\\/2021\\\/07\\\/logo-75x75-1.png\",\"url\":\"https:\\\/\\\/www.mines-stetienne.fr\\\/panoramines\\\/wp-content\\\/uploads\\\/sites\\\/3\\\/2021\\\/07\\\/logo-75x75-1.png\",\"contentUrl\":\"https:\\\/\\\/www.mines-stetienne.fr\\\/panoramines\\\/wp-content\\\/uploads\\\/sites\\\/3\\\/2021\\\/07\\\/logo-75x75-1.png\",\"caption\":\"Nathalie\"},\"url\":\"https:\\\/\\\/www.mines-stetienne.fr\\\/panoramines\\\/author\\\/nathalie\\\/\"}]}<\/script>\n<!-- \/ Yoast SEO plugin. -->","yoast_head_json":{"title":"LIVE-IN LAB : l\u2019Intelligence Artificielle - Panoramines","robots":{"index":"index","follow":"follow","max-snippet":"max-snippet:-1","max-image-preview":"max-image-preview:large","max-video-preview":"max-video-preview:-1"},"canonical":"https:\/\/www.mines-stetienne.fr\/panoramines\/2020\/02\/06\/live-in-lab-lintelligence-artificielle\/","og_locale":"fr_FR","og_type":"article","og_title":"LIVE-IN LAB : l\u2019Intelligence Artificielle - Panoramines","og_description":"Riche d\u00e9bat entre les chercheurs et m\u00e9diateurs sur l\u2019Intelligence Artificielle : d\u00e9fis, interrogations, risques et r\u00e9alit\u00e9s dans notre vie quotidienne.En savoir +","og_url":"https:\/\/www.mines-stetienne.fr\/panoramines\/2020\/02\/06\/live-in-lab-lintelligence-artificielle\/","og_site_name":"Panoramines","article_published_time":"2020-02-06T08:12:00+00:00","article_modified_time":"2024-03-07T14:27:03+00:00","og_image":[{"width":2087,"height":1391,"url":"https:\/\/www.mines-stetienne.fr\/panoramines\/wp-content\/uploads\/sites\/3\/2020\/02\/IMG_3789.jpg","type":"image\/jpeg"}],"author":"Nathalie","twitter_card":"summary_large_image","twitter_misc":{"\u00c9crit par":" Nathalie","Dur\u00e9e de lecture estim\u00e9e":"1 minute"},"schema":{"@context":"https:\/\/schema.org","@graph":[{"@type":"Article","@id":"https:\/\/www.mines-stetienne.fr\/panoramines\/2020\/02\/06\/live-in-lab-lintelligence-artificielle\/#article","isPartOf":{"@id":"https:\/\/www.mines-stetienne.fr\/panoramines\/2020\/02\/06\/live-in-lab-lintelligence-artificielle\/"},"author":{"name":"Nathalie","@id":"https:\/\/www.mines-stetienne.fr\/panoramines\/#\/schema\/person\/95e752e6dedac604ce4535123e0f8df7"},"headline":"LIVE-IN LAB : l\u2019Intelligence Artificielle","datePublished":"2020-02-06T08:12:00+00:00","dateModified":"2024-03-07T14:27:03+00:00","mainEntityOfPage":{"@id":"https:\/\/www.mines-stetienne.fr\/panoramines\/2020\/02\/06\/live-in-lab-lintelligence-artificielle\/"},"wordCount":32,"image":{"@id":"https:\/\/www.mines-stetienne.fr\/panoramines\/2020\/02\/06\/live-in-lab-lintelligence-artificielle\/#primaryimage"},"thumbnailUrl":"https:\/\/www.mines-stetienne.fr\/panoramines\/wp-content\/uploads\/sites\/3\/2020\/02\/IMG_3789.jpg","keywords":["IA","Institut Fayol","Intelligence artificielle","La Rotonde"],"articleSection":["Culture scientifique"],"inLanguage":"fr-FR"},{"@type":"WebPage","@id":"https:\/\/www.mines-stetienne.fr\/panoramines\/2020\/02\/06\/live-in-lab-lintelligence-artificielle\/","url":"https:\/\/www.mines-stetienne.fr\/panoramines\/2020\/02\/06\/live-in-lab-lintelligence-artificielle\/","name":"LIVE-IN LAB : l\u2019Intelligence Artificielle - Panoramines","isPartOf":{"@id":"https:\/\/www.mines-stetienne.fr\/panoramines\/#website"},"primaryImageOfPage":{"@id":"https:\/\/www.mines-stetienne.fr\/panoramines\/2020\/02\/06\/live-in-lab-lintelligence-artificielle\/#primaryimage"},"image":{"@id":"https:\/\/www.mines-stetienne.fr\/panoramines\/2020\/02\/06\/live-in-lab-lintelligence-artificielle\/#primaryimage"},"thumbnailUrl":"https:\/\/www.mines-stetienne.fr\/panoramines\/wp-content\/uploads\/sites\/3\/2020\/02\/IMG_3789.jpg","datePublished":"2020-02-06T08:12:00+00:00","dateModified":"2024-03-07T14:27:03+00:00","author":{"@id":"https:\/\/www.mines-stetienne.fr\/panoramines\/#\/schema\/person\/95e752e6dedac604ce4535123e0f8df7"},"breadcrumb":{"@id":"https:\/\/www.mines-stetienne.fr\/panoramines\/2020\/02\/06\/live-in-lab-lintelligence-artificielle\/#breadcrumb"},"inLanguage":"fr-FR","potentialAction":[{"@type":"ReadAction","target":["https:\/\/www.mines-stetienne.fr\/panoramines\/2020\/02\/06\/live-in-lab-lintelligence-artificielle\/"]}]},{"@type":"ImageObject","inLanguage":"fr-FR","@id":"https:\/\/www.mines-stetienne.fr\/panoramines\/2020\/02\/06\/live-in-lab-lintelligence-artificielle\/#primaryimage","url":"https:\/\/www.mines-stetienne.fr\/panoramines\/wp-content\/uploads\/sites\/3\/2020\/02\/IMG_3789.jpg","contentUrl":"https:\/\/www.mines-stetienne.fr\/panoramines\/wp-content\/uploads\/sites\/3\/2020\/02\/IMG_3789.jpg","width":2087,"height":1391},{"@type":"BreadcrumbList","@id":"https:\/\/www.mines-stetienne.fr\/panoramines\/2020\/02\/06\/live-in-lab-lintelligence-artificielle\/#breadcrumb","itemListElement":[{"@type":"ListItem","position":1,"name":"Accueil","item":"https:\/\/www.mines-stetienne.fr\/panoramines\/"},{"@type":"ListItem","position":2,"name":"LIVE-IN LAB : l\u2019Intelligence Artificielle"}]},{"@type":"WebSite","@id":"https:\/\/www.mines-stetienne.fr\/panoramines\/#website","url":"https:\/\/www.mines-stetienne.fr\/panoramines\/","name":"Panoramines","description":"Panoramines, l\u2019actualit\u00e9 de MINES Saint-\u00c9tienne","potentialAction":[{"@type":"SearchAction","target":{"@type":"EntryPoint","urlTemplate":"https:\/\/www.mines-stetienne.fr\/panoramines\/?s={search_term_string}"},"query-input":{"@type":"PropertyValueSpecification","valueRequired":true,"valueName":"search_term_string"}}],"inLanguage":"fr-FR"},{"@type":"Person","@id":"https:\/\/www.mines-stetienne.fr\/panoramines\/#\/schema\/person\/95e752e6dedac604ce4535123e0f8df7","name":"Nathalie","image":{"@type":"ImageObject","inLanguage":"fr-FR","@id":"https:\/\/www.mines-stetienne.fr\/panoramines\/wp-content\/uploads\/sites\/3\/2021\/07\/logo-75x75-1.png","url":"https:\/\/www.mines-stetienne.fr\/panoramines\/wp-content\/uploads\/sites\/3\/2021\/07\/logo-75x75-1.png","contentUrl":"https:\/\/www.mines-stetienne.fr\/panoramines\/wp-content\/uploads\/sites\/3\/2021\/07\/logo-75x75-1.png","caption":"Nathalie"},"url":"https:\/\/www.mines-stetienne.fr\/panoramines\/author\/nathalie\/"}]}},"_links":{"self":[{"href":"https:\/\/www.mines-stetienne.fr\/panoramines\/wp-json\/wp\/v2\/posts\/21295","targetHints":{"allow":["GET"]}}],"collection":[{"href":"https:\/\/www.mines-stetienne.fr\/panoramines\/wp-json\/wp\/v2\/posts"}],"about":[{"href":"https:\/\/www.mines-stetienne.fr\/panoramines\/wp-json\/wp\/v2\/types\/post"}],"author":[{"embeddable":true,"href":"https:\/\/www.mines-stetienne.fr\/panoramines\/wp-json\/wp\/v2\/users\/3"}],"replies":[{"embeddable":true,"href":"https:\/\/www.mines-stetienne.fr\/panoramines\/wp-json\/wp\/v2\/comments?post=21295"}],"version-history":[{"count":1,"href":"https:\/\/www.mines-stetienne.fr\/panoramines\/wp-json\/wp\/v2\/posts\/21295\/revisions"}],"predecessor-version":[{"id":21297,"href":"https:\/\/www.mines-stetienne.fr\/panoramines\/wp-json\/wp\/v2\/posts\/21295\/revisions\/21297"}],"wp:featuredmedia":[{"embeddable":true,"href":"https:\/\/www.mines-stetienne.fr\/panoramines\/wp-json\/wp\/v2\/media\/21296"}],"wp:attachment":[{"href":"https:\/\/www.mines-stetienne.fr\/panoramines\/wp-json\/wp\/v2\/media?parent=21295"}],"wp:term":[{"taxonomy":"category","embeddable":true,"href":"https:\/\/www.mines-stetienne.fr\/panoramines\/wp-json\/wp\/v2\/categories?post=21295"},{"taxonomy":"post_tag","embeddable":true,"href":"https:\/\/www.mines-stetienne.fr\/panoramines\/wp-json\/wp\/v2\/tags?post=21295"}],"curies":[{"name":"wp","href":"https:\/\/api.w.org\/{rel}","templated":true}]}}