{"id":21005,"date":"2020-01-23T14:11:00","date_gmt":"2020-01-23T13:11:00","guid":{"rendered":"https:\/\/www.mines-stetienne.fr\/panoramines\/?p=21005"},"modified":"2020-01-30T11:11:17","modified_gmt":"2020-01-30T10:11:17","slug":"oeuvre-ephemere-et-curiosite-durable","status":"publish","type":"post","link":"https:\/\/www.mines-stetienne.fr\/panoramines\/2020\/01\/23\/oeuvre-ephemere-et-curiosite-durable\/","title":{"rendered":"\u0152uvre \u00e9ph\u00e9m\u00e8re et curiosit\u00e9 durable !"},"content":{"rendered":"\n<h4 class=\"wp-block-heading\">\u00ab\u00a0La curiosit\u00e9 et l\u2019exp\u00e9rimentation sont les socles d\u2019une aventure souhait\u00e9e ludique et p\u00e9dagogique&#8230;\u00a0\u00bb<br><em>\u00ab\u00a0L&rsquo;IA comment \u00e7a marche ? L&rsquo;IA dans nos vies quotidiennes&#8230;\u00a0\u00bb<\/em> : rendez-vous le 5 f\u00e9vrier pour le Live-in Lab sur l&rsquo;intelligence artificielle.<br><em>\u00ab\u00a0Plonger dans l\u2019arch\u00e9ologie !\u00a0\u00bb <\/em>L\u2019exposition-ateliers Fouille farfouille est ouverte jusqu\u2019au 9 mars 2020.<\/h4>\n\n\n\n<h3 class=\"wp-block-heading\"><strong>Un terrain de jeu original <\/strong><\/h3>\n\n\n\n<p>Une \u0153uvre \u00e9ph\u00e9m\u00e8re est apparue d\u00e9but janvier sur le toit de La  Rotonde ! elle est le fruit du travail d\u2019<strong><a rel=\"noreferrer noopener\" aria-label=\" (opens in a new tab)\" href=\"http:\/\/www.ellapitr.com\/\" target=\"_blank\">Ella&amp;Pitr<\/a><\/strong>, artistes st\u00e9phanois, et s\u2019inscrit dans le cadre des 20 ans de La Rotonde.<br> <em>\u00ab\u00a0<a href=\"http:\/\/www.larotonde-sciences.com\/cest-au-programme\/plan-sur-la-gommette\/\">Cette \u0153uvre est con\u00e7ue \u00e0 l\u2019image de La Rotonde : <\/a><strong>la curiosit\u00e9 et l\u2019exp\u00e9rimentation<\/strong> sont les socles d\u2019une aventure souhait\u00e9e ludique, p\u00e9dagogique et emballante\u00a0\u00bb<a href=\"http:\/\/www.larotonde-sciences.com\/cest-au-programme\/plan-sur-la-gommette\/\">.<\/a> <\/em><a href=\"http:\/\/www.larotonde-sciences.com\/cest-au-programme\/plan-sur-la-gommette\/\">En savoir +<\/a><\/p>\n\n\n\n<hr class=\"wp-block-separator\" \/>\n\n\n\n<h3 class=\"wp-block-heading\"><strong>Live-in Lab<\/strong> : q<strong>u\u2019est-ce que l\u2019IA ?<\/strong><\/h3>\n\n\n\n<p>Le 5 f\u00e9vrier, La Rotonde accueille le d\u00e9partement Informatique et Syst\u00e8mes Intelligents (Institut  Fayol) pour \u00ab\u00a0<a href=\"http:\/\/www.larotonde-sciences.com\/cest-au-programme\/live-in-lab-intelligence-artificielle\/\">mettre en avant et d\u00e9cortiquer l\u2019Intelligence Artificielle<\/a>\u00ab\u00a0. <em>Qu\u2019est-ce que l\u2019IA&nbsp;? Dans quels domaines ? Quels avantages pour la soci\u00e9t\u00e9&nbsp;? Quels risques&nbsp;? Quels d\u00e9fis&nbsp;?\u2026<\/em><br>L&rsquo;\u00e9v\u00e9nement s&rsquo;organise en deux temps, en pr\u00e9sence des chercheurs de Mines Saint-\u00c9tienne et d&rsquo;invit\u00e9s :<br>&#8211;<strong>\u00e0 partir de 14h<\/strong> (espace Fauriel) : apr\u00e8s-midi interg\u00e9n\u00e9rationnel pour mieux comprendre le monde des algorithmes ;  <br>&#8211;<strong>\u00e0 18h<\/strong> \u00e0 la Maison du parc, un d\u00e9bat sur&nbsp;l\u2019Intelligence Artificielle dans notre vie quotidienne.<br><a rel=\"noreferrer noopener\" aria-label=\"En savoir +  (opens in a new tab)\" href=\"http:\/\/www.larotonde-sciences.com\/cest-au-programme\/live-in-lab-intelligence-artificielle\/\" target=\"_blank\">En savoir + <\/a><\/p>\n\n\n\n<hr class=\"wp-block-separator\" \/>\n\n\n\n<h3 class=\"wp-block-heading\">Fouille Farfouille est officiellement lanc\u00e9e \u00e0 La Rotonde ! <\/h3>\n\n\n\n<p><em>\u00ab\u00a0Comment plonger dans l\u2019arch\u00e9ologie quand on a entre 3 et 6 ans !\u00a0\u00bb <\/em>L\u2019exposition-ateliers est ouverte jusqu\u2019au 9 mars 2020.<br>Merci aux  partenaires pour leurs soutiens. Le vernissage a eu lieu en pr\u00e9sence de <strong>Marc Chassaubene<\/strong>, adjoint aux affaires culturelles <a rel=\"noreferrer noopener\" aria-label=\" (opens in a new tab)\" href=\"http:\/\/www.saint-etienne.fr\/\" target=\"_blank\">Ville de Saint-\u00c9tienne<\/a>, <strong>Laurence Bussi\u00e8re<\/strong>, conseill\u00e8re r\u00e9gionale <a rel=\"noreferrer noopener\" aria-label=\"R\u00e9gion Auvergne-Rh\u00f4ne-Alpes, (opens in a new tab)\" href=\"https:\/\/www.auvergnerhonealpes.fr\/\" target=\"_blank\">R\u00e9gion Auvergne-Rh\u00f4ne-Alpes,<\/a> <strong>Fabienne Perrin<\/strong>, conseill\u00e8re d\u00e9partementale d\u00e9l\u00e9gu\u00e9e <a rel=\"noreferrer noopener\" aria-label=\"D\u00e9partement de la Loire (opens in a new tab)\" href=\"https:\/\/www.loire.fr\/jcms\/j_4149\/accueil\" target=\"_blank\">D\u00e9partement de la Loire<\/a>.<\/p>\n\n\n\n<hr class=\"wp-block-separator\" \/>\n","protected":false},"excerpt":{"rendered":"<p>\u00ab\u00a0La curiosit\u00e9 et l\u2019exp\u00e9rimentation sont les socles d\u2019une aventure souhait\u00e9e ludique et p\u00e9dagogique&#8230;\u00a0\u00bb\u00ab\u00a0L&rsquo;IA comment \u00e7a marche ? L&rsquo;IA dans nos vies quotidiennes&#8230;\u00a0\u00bb : rendez-vous le 5 f\u00e9vrier pour le Live-in Lab sur l&rsquo;intelligence artificielle.\u00ab\u00a0Plonger dans l\u2019arch\u00e9ologie !\u00a0\u00bb L\u2019exposition-ateliers Fouille farfouille &hellip;<\/p>\n","protected":false},"author":3,"featured_media":21173,"comment_status":"closed","ping_status":"open","sticky":false,"template":"","format":"standard","meta":{"_relevanssi_hide_post":"","_relevanssi_hide_content":"","_relevanssi_pin_for_all":"","_relevanssi_pin_keywords":"","_relevanssi_unpin_keywords":"","_relevanssi_related_keywords":"","_relevanssi_related_include_ids":"","_relevanssi_related_exclude_ids":"","_relevanssi_related_no_append":"","_relevanssi_related_not_related":"","_relevanssi_related_posts":"","_relevanssi_noindex_reason":"","footnotes":""},"categories":[10],"tags":[36,494,90,156,309,492],"class_list":["post-21005","post","type-post","status-publish","format-standard","has-post-thumbnail","hentry","category-culture-scientifique","tag-exposition","tag-ia","tag-institut-fayol","tag-intelligence-artificielle","tag-la-rotonde","tag-live-in-lab"],"pp_statuses_selecting_workflow":false,"pp_workflow_action":"current","pp_status_selection":"publish","pp_force_visibility":null,"pp_subpost_visibility":null,"pp_inherited_force_visibility":null,"pp_inherited_subpost_visibility":null,"yoast_head":"<!-- This site is optimized with the Yoast SEO plugin v27.5 - https:\/\/yoast.com\/product\/yoast-seo-wordpress\/ -->\n<title>\u0152uvre \u00e9ph\u00e9m\u00e8re et curiosit\u00e9 durable ! - Panoramines<\/title>\n<meta name=\"robots\" content=\"index, follow, max-snippet:-1, max-image-preview:large, max-video-preview:-1\" \/>\n<link rel=\"canonical\" href=\"https:\/\/www.mines-stetienne.fr\/panoramines\/2020\/01\/23\/oeuvre-ephemere-et-curiosite-durable\/\" \/>\n<meta property=\"og:locale\" content=\"fr_FR\" \/>\n<meta property=\"og:type\" content=\"article\" \/>\n<meta property=\"og:title\" content=\"\u0152uvre \u00e9ph\u00e9m\u00e8re et curiosit\u00e9 durable ! - Panoramines\" \/>\n<meta property=\"og:description\" content=\"\u00ab\u00a0La curiosit\u00e9 et l\u2019exp\u00e9rimentation sont les socles d\u2019une aventure souhait\u00e9e ludique et p\u00e9dagogique&#8230;\u00a0\u00bb\u00ab\u00a0L&rsquo;IA comment \u00e7a marche ? L&rsquo;IA dans nos vies quotidiennes&#8230;\u00a0\u00bb : rendez-vous le 5 f\u00e9vrier pour le Live-in Lab sur l&rsquo;intelligence artificielle.\u00ab\u00a0Plonger dans l\u2019arch\u00e9ologie !\u00a0\u00bb L\u2019exposition-ateliers Fouille farfouille &hellip;\" \/>\n<meta property=\"og:url\" content=\"https:\/\/www.mines-stetienne.fr\/panoramines\/2020\/01\/23\/oeuvre-ephemere-et-curiosite-durable\/\" \/>\n<meta property=\"og:site_name\" content=\"Panoramines\" \/>\n<meta property=\"article:published_time\" content=\"2020-01-23T13:11:00+00:00\" \/>\n<meta property=\"article:modified_time\" content=\"2020-01-30T10:11:17+00:00\" \/>\n<meta property=\"og:image\" content=\"https:\/\/www.mines-stetienne.fr\/panoramines\/wp-content\/uploads\/sites\/3\/2020\/01\/Unecsti.jpg\" \/>\n\t<meta property=\"og:image:width\" content=\"700\" \/>\n\t<meta property=\"og:image:height\" content=\"302\" \/>\n\t<meta property=\"og:image:type\" content=\"image\/jpeg\" \/>\n<meta name=\"author\" content=\"Nathalie\" \/>\n<meta name=\"twitter:card\" content=\"summary_large_image\" \/>\n<meta name=\"twitter:label1\" content=\"\u00c9crit par\" \/>\n\t<meta name=\"twitter:data1\" content=\" Nathalie\" \/>\n\t<meta name=\"twitter:label2\" content=\"Dur\u00e9e de lecture estim\u00e9e\" \/>\n\t<meta name=\"twitter:data2\" content=\"2 minutes\" \/>\n<script type=\"application\/ld+json\" class=\"yoast-schema-graph\">{\"@context\":\"https:\\\/\\\/schema.org\",\"@graph\":[{\"@type\":\"Article\",\"@id\":\"https:\\\/\\\/www.mines-stetienne.fr\\\/panoramines\\\/2020\\\/01\\\/23\\\/oeuvre-ephemere-et-curiosite-durable\\\/#article\",\"isPartOf\":{\"@id\":\"https:\\\/\\\/www.mines-stetienne.fr\\\/panoramines\\\/2020\\\/01\\\/23\\\/oeuvre-ephemere-et-curiosite-durable\\\/\"},\"author\":{\"name\":\"Nathalie\",\"@id\":\"https:\\\/\\\/www.mines-stetienne.fr\\\/panoramines\\\/#\\\/schema\\\/person\\\/95e752e6dedac604ce4535123e0f8df7\"},\"headline\":\"\u0152uvre \u00e9ph\u00e9m\u00e8re et curiosit\u00e9 durable !\",\"datePublished\":\"2020-01-23T13:11:00+00:00\",\"dateModified\":\"2020-01-30T10:11:17+00:00\",\"mainEntityOfPage\":{\"@id\":\"https:\\\/\\\/www.mines-stetienne.fr\\\/panoramines\\\/2020\\\/01\\\/23\\\/oeuvre-ephemere-et-curiosite-durable\\\/\"},\"wordCount\":326,\"image\":{\"@id\":\"https:\\\/\\\/www.mines-stetienne.fr\\\/panoramines\\\/2020\\\/01\\\/23\\\/oeuvre-ephemere-et-curiosite-durable\\\/#primaryimage\"},\"thumbnailUrl\":\"https:\\\/\\\/www.mines-stetienne.fr\\\/panoramines\\\/wp-content\\\/uploads\\\/sites\\\/3\\\/2020\\\/01\\\/Unecsti.jpg\",\"keywords\":[\"Exposition\",\"IA\",\"Institut Fayol\",\"Intelligence artificielle\",\"La Rotonde\",\"Live-in Lab\"],\"articleSection\":[\"Culture scientifique\"],\"inLanguage\":\"fr-FR\"},{\"@type\":\"WebPage\",\"@id\":\"https:\\\/\\\/www.mines-stetienne.fr\\\/panoramines\\\/2020\\\/01\\\/23\\\/oeuvre-ephemere-et-curiosite-durable\\\/\",\"url\":\"https:\\\/\\\/www.mines-stetienne.fr\\\/panoramines\\\/2020\\\/01\\\/23\\\/oeuvre-ephemere-et-curiosite-durable\\\/\",\"name\":\"\u0152uvre \u00e9ph\u00e9m\u00e8re et curiosit\u00e9 durable ! - Panoramines\",\"isPartOf\":{\"@id\":\"https:\\\/\\\/www.mines-stetienne.fr\\\/panoramines\\\/#website\"},\"primaryImageOfPage\":{\"@id\":\"https:\\\/\\\/www.mines-stetienne.fr\\\/panoramines\\\/2020\\\/01\\\/23\\\/oeuvre-ephemere-et-curiosite-durable\\\/#primaryimage\"},\"image\":{\"@id\":\"https:\\\/\\\/www.mines-stetienne.fr\\\/panoramines\\\/2020\\\/01\\\/23\\\/oeuvre-ephemere-et-curiosite-durable\\\/#primaryimage\"},\"thumbnailUrl\":\"https:\\\/\\\/www.mines-stetienne.fr\\\/panoramines\\\/wp-content\\\/uploads\\\/sites\\\/3\\\/2020\\\/01\\\/Unecsti.jpg\",\"datePublished\":\"2020-01-23T13:11:00+00:00\",\"dateModified\":\"2020-01-30T10:11:17+00:00\",\"author\":{\"@id\":\"https:\\\/\\\/www.mines-stetienne.fr\\\/panoramines\\\/#\\\/schema\\\/person\\\/95e752e6dedac604ce4535123e0f8df7\"},\"breadcrumb\":{\"@id\":\"https:\\\/\\\/www.mines-stetienne.fr\\\/panoramines\\\/2020\\\/01\\\/23\\\/oeuvre-ephemere-et-curiosite-durable\\\/#breadcrumb\"},\"inLanguage\":\"fr-FR\",\"potentialAction\":[{\"@type\":\"ReadAction\",\"target\":[\"https:\\\/\\\/www.mines-stetienne.fr\\\/panoramines\\\/2020\\\/01\\\/23\\\/oeuvre-ephemere-et-curiosite-durable\\\/\"]}]},{\"@type\":\"ImageObject\",\"inLanguage\":\"fr-FR\",\"@id\":\"https:\\\/\\\/www.mines-stetienne.fr\\\/panoramines\\\/2020\\\/01\\\/23\\\/oeuvre-ephemere-et-curiosite-durable\\\/#primaryimage\",\"url\":\"https:\\\/\\\/www.mines-stetienne.fr\\\/panoramines\\\/wp-content\\\/uploads\\\/sites\\\/3\\\/2020\\\/01\\\/Unecsti.jpg\",\"contentUrl\":\"https:\\\/\\\/www.mines-stetienne.fr\\\/panoramines\\\/wp-content\\\/uploads\\\/sites\\\/3\\\/2020\\\/01\\\/Unecsti.jpg\",\"width\":700,\"height\":302},{\"@type\":\"BreadcrumbList\",\"@id\":\"https:\\\/\\\/www.mines-stetienne.fr\\\/panoramines\\\/2020\\\/01\\\/23\\\/oeuvre-ephemere-et-curiosite-durable\\\/#breadcrumb\",\"itemListElement\":[{\"@type\":\"ListItem\",\"position\":1,\"name\":\"Accueil\",\"item\":\"https:\\\/\\\/www.mines-stetienne.fr\\\/panoramines\\\/\"},{\"@type\":\"ListItem\",\"position\":2,\"name\":\"\u0152uvre \u00e9ph\u00e9m\u00e8re et curiosit\u00e9 durable !\"}]},{\"@type\":\"WebSite\",\"@id\":\"https:\\\/\\\/www.mines-stetienne.fr\\\/panoramines\\\/#website\",\"url\":\"https:\\\/\\\/www.mines-stetienne.fr\\\/panoramines\\\/\",\"name\":\"Panoramines\",\"description\":\"Panoramines, l\u2019actualit\u00e9 de MINES Saint-\u00c9tienne\",\"potentialAction\":[{\"@type\":\"SearchAction\",\"target\":{\"@type\":\"EntryPoint\",\"urlTemplate\":\"https:\\\/\\\/www.mines-stetienne.fr\\\/panoramines\\\/?s={search_term_string}\"},\"query-input\":{\"@type\":\"PropertyValueSpecification\",\"valueRequired\":true,\"valueName\":\"search_term_string\"}}],\"inLanguage\":\"fr-FR\"},{\"@type\":\"Person\",\"@id\":\"https:\\\/\\\/www.mines-stetienne.fr\\\/panoramines\\\/#\\\/schema\\\/person\\\/95e752e6dedac604ce4535123e0f8df7\",\"name\":\"Nathalie\",\"image\":{\"@type\":\"ImageObject\",\"inLanguage\":\"fr-FR\",\"@id\":\"https:\\\/\\\/www.mines-stetienne.fr\\\/panoramines\\\/wp-content\\\/uploads\\\/sites\\\/3\\\/2021\\\/07\\\/logo-75x75-1.png\",\"url\":\"https:\\\/\\\/www.mines-stetienne.fr\\\/panoramines\\\/wp-content\\\/uploads\\\/sites\\\/3\\\/2021\\\/07\\\/logo-75x75-1.png\",\"contentUrl\":\"https:\\\/\\\/www.mines-stetienne.fr\\\/panoramines\\\/wp-content\\\/uploads\\\/sites\\\/3\\\/2021\\\/07\\\/logo-75x75-1.png\",\"caption\":\"Nathalie\"},\"url\":\"https:\\\/\\\/www.mines-stetienne.fr\\\/panoramines\\\/author\\\/nathalie\\\/\"}]}<\/script>\n<!-- \/ Yoast SEO plugin. -->","yoast_head_json":{"title":"\u0152uvre \u00e9ph\u00e9m\u00e8re et curiosit\u00e9 durable ! - Panoramines","robots":{"index":"index","follow":"follow","max-snippet":"max-snippet:-1","max-image-preview":"max-image-preview:large","max-video-preview":"max-video-preview:-1"},"canonical":"https:\/\/www.mines-stetienne.fr\/panoramines\/2020\/01\/23\/oeuvre-ephemere-et-curiosite-durable\/","og_locale":"fr_FR","og_type":"article","og_title":"\u0152uvre \u00e9ph\u00e9m\u00e8re et curiosit\u00e9 durable ! - Panoramines","og_description":"\u00ab\u00a0La curiosit\u00e9 et l\u2019exp\u00e9rimentation sont les socles d\u2019une aventure souhait\u00e9e ludique et p\u00e9dagogique&#8230;\u00a0\u00bb\u00ab\u00a0L&rsquo;IA comment \u00e7a marche ? L&rsquo;IA dans nos vies quotidiennes&#8230;\u00a0\u00bb : rendez-vous le 5 f\u00e9vrier pour le Live-in Lab sur l&rsquo;intelligence artificielle.\u00ab\u00a0Plonger dans l\u2019arch\u00e9ologie !\u00a0\u00bb L\u2019exposition-ateliers Fouille farfouille &hellip;","og_url":"https:\/\/www.mines-stetienne.fr\/panoramines\/2020\/01\/23\/oeuvre-ephemere-et-curiosite-durable\/","og_site_name":"Panoramines","article_published_time":"2020-01-23T13:11:00+00:00","article_modified_time":"2020-01-30T10:11:17+00:00","og_image":[{"width":700,"height":302,"url":"https:\/\/www.mines-stetienne.fr\/panoramines\/wp-content\/uploads\/sites\/3\/2020\/01\/Unecsti.jpg","type":"image\/jpeg"}],"author":"Nathalie","twitter_card":"summary_large_image","twitter_misc":{"\u00c9crit par":" Nathalie","Dur\u00e9e de lecture estim\u00e9e":"2 minutes"},"schema":{"@context":"https:\/\/schema.org","@graph":[{"@type":"Article","@id":"https:\/\/www.mines-stetienne.fr\/panoramines\/2020\/01\/23\/oeuvre-ephemere-et-curiosite-durable\/#article","isPartOf":{"@id":"https:\/\/www.mines-stetienne.fr\/panoramines\/2020\/01\/23\/oeuvre-ephemere-et-curiosite-durable\/"},"author":{"name":"Nathalie","@id":"https:\/\/www.mines-stetienne.fr\/panoramines\/#\/schema\/person\/95e752e6dedac604ce4535123e0f8df7"},"headline":"\u0152uvre \u00e9ph\u00e9m\u00e8re et curiosit\u00e9 durable !","datePublished":"2020-01-23T13:11:00+00:00","dateModified":"2020-01-30T10:11:17+00:00","mainEntityOfPage":{"@id":"https:\/\/www.mines-stetienne.fr\/panoramines\/2020\/01\/23\/oeuvre-ephemere-et-curiosite-durable\/"},"wordCount":326,"image":{"@id":"https:\/\/www.mines-stetienne.fr\/panoramines\/2020\/01\/23\/oeuvre-ephemere-et-curiosite-durable\/#primaryimage"},"thumbnailUrl":"https:\/\/www.mines-stetienne.fr\/panoramines\/wp-content\/uploads\/sites\/3\/2020\/01\/Unecsti.jpg","keywords":["Exposition","IA","Institut Fayol","Intelligence artificielle","La Rotonde","Live-in Lab"],"articleSection":["Culture scientifique"],"inLanguage":"fr-FR"},{"@type":"WebPage","@id":"https:\/\/www.mines-stetienne.fr\/panoramines\/2020\/01\/23\/oeuvre-ephemere-et-curiosite-durable\/","url":"https:\/\/www.mines-stetienne.fr\/panoramines\/2020\/01\/23\/oeuvre-ephemere-et-curiosite-durable\/","name":"\u0152uvre \u00e9ph\u00e9m\u00e8re et curiosit\u00e9 durable ! - Panoramines","isPartOf":{"@id":"https:\/\/www.mines-stetienne.fr\/panoramines\/#website"},"primaryImageOfPage":{"@id":"https:\/\/www.mines-stetienne.fr\/panoramines\/2020\/01\/23\/oeuvre-ephemere-et-curiosite-durable\/#primaryimage"},"image":{"@id":"https:\/\/www.mines-stetienne.fr\/panoramines\/2020\/01\/23\/oeuvre-ephemere-et-curiosite-durable\/#primaryimage"},"thumbnailUrl":"https:\/\/www.mines-stetienne.fr\/panoramines\/wp-content\/uploads\/sites\/3\/2020\/01\/Unecsti.jpg","datePublished":"2020-01-23T13:11:00+00:00","dateModified":"2020-01-30T10:11:17+00:00","author":{"@id":"https:\/\/www.mines-stetienne.fr\/panoramines\/#\/schema\/person\/95e752e6dedac604ce4535123e0f8df7"},"breadcrumb":{"@id":"https:\/\/www.mines-stetienne.fr\/panoramines\/2020\/01\/23\/oeuvre-ephemere-et-curiosite-durable\/#breadcrumb"},"inLanguage":"fr-FR","potentialAction":[{"@type":"ReadAction","target":["https:\/\/www.mines-stetienne.fr\/panoramines\/2020\/01\/23\/oeuvre-ephemere-et-curiosite-durable\/"]}]},{"@type":"ImageObject","inLanguage":"fr-FR","@id":"https:\/\/www.mines-stetienne.fr\/panoramines\/2020\/01\/23\/oeuvre-ephemere-et-curiosite-durable\/#primaryimage","url":"https:\/\/www.mines-stetienne.fr\/panoramines\/wp-content\/uploads\/sites\/3\/2020\/01\/Unecsti.jpg","contentUrl":"https:\/\/www.mines-stetienne.fr\/panoramines\/wp-content\/uploads\/sites\/3\/2020\/01\/Unecsti.jpg","width":700,"height":302},{"@type":"BreadcrumbList","@id":"https:\/\/www.mines-stetienne.fr\/panoramines\/2020\/01\/23\/oeuvre-ephemere-et-curiosite-durable\/#breadcrumb","itemListElement":[{"@type":"ListItem","position":1,"name":"Accueil","item":"https:\/\/www.mines-stetienne.fr\/panoramines\/"},{"@type":"ListItem","position":2,"name":"\u0152uvre \u00e9ph\u00e9m\u00e8re et curiosit\u00e9 durable !"}]},{"@type":"WebSite","@id":"https:\/\/www.mines-stetienne.fr\/panoramines\/#website","url":"https:\/\/www.mines-stetienne.fr\/panoramines\/","name":"Panoramines","description":"Panoramines, l\u2019actualit\u00e9 de MINES Saint-\u00c9tienne","potentialAction":[{"@type":"SearchAction","target":{"@type":"EntryPoint","urlTemplate":"https:\/\/www.mines-stetienne.fr\/panoramines\/?s={search_term_string}"},"query-input":{"@type":"PropertyValueSpecification","valueRequired":true,"valueName":"search_term_string"}}],"inLanguage":"fr-FR"},{"@type":"Person","@id":"https:\/\/www.mines-stetienne.fr\/panoramines\/#\/schema\/person\/95e752e6dedac604ce4535123e0f8df7","name":"Nathalie","image":{"@type":"ImageObject","inLanguage":"fr-FR","@id":"https:\/\/www.mines-stetienne.fr\/panoramines\/wp-content\/uploads\/sites\/3\/2021\/07\/logo-75x75-1.png","url":"https:\/\/www.mines-stetienne.fr\/panoramines\/wp-content\/uploads\/sites\/3\/2021\/07\/logo-75x75-1.png","contentUrl":"https:\/\/www.mines-stetienne.fr\/panoramines\/wp-content\/uploads\/sites\/3\/2021\/07\/logo-75x75-1.png","caption":"Nathalie"},"url":"https:\/\/www.mines-stetienne.fr\/panoramines\/author\/nathalie\/"}]}},"_links":{"self":[{"href":"https:\/\/www.mines-stetienne.fr\/panoramines\/wp-json\/wp\/v2\/posts\/21005","targetHints":{"allow":["GET"]}}],"collection":[{"href":"https:\/\/www.mines-stetienne.fr\/panoramines\/wp-json\/wp\/v2\/posts"}],"about":[{"href":"https:\/\/www.mines-stetienne.fr\/panoramines\/wp-json\/wp\/v2\/types\/post"}],"author":[{"embeddable":true,"href":"https:\/\/www.mines-stetienne.fr\/panoramines\/wp-json\/wp\/v2\/users\/3"}],"replies":[{"embeddable":true,"href":"https:\/\/www.mines-stetienne.fr\/panoramines\/wp-json\/wp\/v2\/comments?post=21005"}],"version-history":[{"count":9,"href":"https:\/\/www.mines-stetienne.fr\/panoramines\/wp-json\/wp\/v2\/posts\/21005\/revisions"}],"predecessor-version":[{"id":21207,"href":"https:\/\/www.mines-stetienne.fr\/panoramines\/wp-json\/wp\/v2\/posts\/21005\/revisions\/21207"}],"wp:featuredmedia":[{"embeddable":true,"href":"https:\/\/www.mines-stetienne.fr\/panoramines\/wp-json\/wp\/v2\/media\/21173"}],"wp:attachment":[{"href":"https:\/\/www.mines-stetienne.fr\/panoramines\/wp-json\/wp\/v2\/media?parent=21005"}],"wp:term":[{"taxonomy":"category","embeddable":true,"href":"https:\/\/www.mines-stetienne.fr\/panoramines\/wp-json\/wp\/v2\/categories?post=21005"},{"taxonomy":"post_tag","embeddable":true,"href":"https:\/\/www.mines-stetienne.fr\/panoramines\/wp-json\/wp\/v2\/tags?post=21005"}],"curies":[{"name":"wp","href":"https:\/\/api.w.org\/{rel}","templated":true}]}}