{"id":20882,"date":"2020-02-11T18:11:00","date_gmt":"2020-02-11T17:11:00","guid":{"rendered":"https:\/\/www.mines-stetienne.fr\/panoramines\/?p=20882"},"modified":"2020-12-03T11:30:27","modified_gmt":"2020-12-03T10:30:27","slug":"felicitations-aux-192-nouveaux-diplomes-mines-saint-etienne","status":"publish","type":"post","link":"https:\/\/www.mines-stetienne.fr\/panoramines\/2020\/02\/11\/felicitations-aux-192-nouveaux-diplomes-mines-saint-etienne\/","title":{"rendered":"F\u00e9licitations aux 192 nouveaux dipl\u00f4m\u00e9s @Mines Saint-\u00c9tienne !"},"content":{"rendered":"\n<h4 class=\"wp-block-heading\">157 ing\u00e9nieurs civils des mines et 35 docteurs ont officiellement re\u00e7u leur dipl\u00f4me en pr\u00e9sence de 600 invit\u00e9s. Pascal Laurin, directeur division Bosch Rexroth France et directeur Industrie 4.0 Bosch France, a parrain\u00e9 cette tr\u00e8s belle c\u00e9r\u00e9monie rythm\u00e9e par de nombreuses animations, interventions et vives f\u00e9licitations.<\/h4>\n\n\n\n<blockquote class=\"wp-block-quote is-layout-flow wp-block-quote-is-layout-flow\"><p>&nbsp;\u00ab\u00a0L&rsquo;ing\u00e9nieur du futur devra \u00eatre ing\u00e9nieux, faire attention aux autres et inventer des mod\u00e8les soci\u00e9taux et \u00e9conomiques nouveaux\u00a0\u00bb <strong>Pascal Laurin<\/strong>, parrain de la remise des dipl\u00f4mes ICM<\/p><\/blockquote>\n\n\n\n<p>La c\u00e9r\u00e9monie a \u00e9t\u00e9 ouverte par <strong>Pascal Ray<\/strong>, directeur, <strong>Pascal Laurin<\/strong> parrain et <strong>Samy K\u00e9fi-J\u00e9r\u00f4me<\/strong>, vice-pr\u00e9sident de la R\u00e9gion Auvergne Rh\u00f4ne-Alpes qui a soulign\u00e9 \u00ab\u00a0l\u2019excellence sans cesse cultiv\u00e9e et la vision strat\u00e9gique de notre \u00e9cole\u00a0\u00bb.<\/p>\n\n\n\n<p>Les repr\u00e9sentants de la promotion ICM 2016, <strong>K\u00e9vin Cl\u00e9ment, Eloise Lewansdowski, Valentin Pouzet<\/strong> et <strong>Marie Vaillant,<\/strong> ont retrac\u00e9 leurs trois ann\u00e9es pass\u00e9es \u00e0 Saint-\u00c9tienne, rappelant \u00e0 la fois les souvenirs, temps forts partag\u00e9s au sein de la promotion. <\/p>\n\n\n\n<blockquote class=\"wp-block-quote is-layout-flow wp-block-quote-is-layout-flow\"><p>Ils ont \u00e9galement vivement remerci\u00e9 les enseignants et le personnel de l&rsquo;\u00e9cole, pr\u00e9sents et disponibles tout au long de leur cursus, ainsi que Pascal Laurin pour les messages transmis \u00e0 la promotion ce 8 f\u00e9vrier.<\/p><\/blockquote>\n\n\n\n<p>En \u00e9cho aux messages du parrain sur la Responsabilit\u00e9 Soci\u00e9tale des Entreprises (RSE), <strong>Xavier Olagne,<\/strong> directeur des formations et <strong>Marc Roelens, <\/strong>responsable de la scolarit\u00e9 du cursus ICM, ont rappel\u00e9 le r\u00f4le essentiel des jeunes ing\u00e9nieurs dans le monde d&rsquo;aujourd&rsquo;hui et la prise en compte des facteurs environnementaux et sociaux dans nos cursus.<br>Des messages \u00e9galement port\u00e9s par <strong>Serge Vigier<\/strong>, pr\u00e9sident de Mines Saint-\u00c9tienne Alumni<strong>, <\/strong>qui s&rsquo;est par ailleurs fait le porte parole de la Fondation Mines-T\u00e9l\u00e9com, son r\u00f4le et ses missions : <em>\u00ab\u00a0Les dipl\u00f4m\u00e9s sont les meilleurs ambassadeurs de notre \u00e9cole, ils repr\u00e9sentent le lien et la solidarit\u00e9 inter-g\u00e9n\u00e9rations\u00a0\u00bb.<\/em><\/p>\n\n\n\n<figure class=\"wp-block-gallery columns-3 is-cropped wp-block-gallery-2 is-layout-flex wp-block-gallery-is-layout-flex\"><ul class=\"blocks-gallery-grid\"><li class=\"blocks-gallery-item\"><figure><a href=\"https:\/\/www.mines-stetienne.fr\/panoramines\/wp-content\/uploads\/sites\/3\/2020\/02\/PascalLaurin2.jpg\"><img loading=\"lazy\" decoding=\"async\" width=\"325\" height=\"487\" src=\"https:\/\/www.mines-stetienne.fr\/panoramines\/wp-content\/uploads\/sites\/3\/2020\/02\/PascalLaurin2.jpg\" alt=\"\" data-id=\"21321\" data-full-url=\"https:\/\/www.mines-stetienne.fr\/panoramines\/wp-content\/uploads\/sites\/3\/2020\/02\/PascalLaurin2.jpg\" data-link=\"https:\/\/www.mines-stetienne.fr\/panoramines\/pascallaurin2\/\" class=\"wp-image-21321\" srcset=\"https:\/\/www.mines-stetienne.fr\/panoramines\/wp-content\/uploads\/sites\/3\/2020\/02\/PascalLaurin2.jpg 325w, https:\/\/www.mines-stetienne.fr\/panoramines\/wp-content\/uploads\/sites\/3\/2020\/02\/PascalLaurin2-200x300.jpg 200w\" sizes=\"auto, (max-width: 325px) 100vw, 325px\" \/><\/a><\/figure><\/li><li class=\"blocks-gallery-item\"><figure><a href=\"https:\/\/www.mines-stetienne.fr\/panoramines\/wp-content\/uploads\/sites\/3\/2020\/02\/PhotoBalconICM.jpg\"><img loading=\"lazy\" decoding=\"async\" width=\"731\" height=\"487\" src=\"https:\/\/www.mines-stetienne.fr\/panoramines\/wp-content\/uploads\/sites\/3\/2020\/02\/PhotoBalconICM.jpg\" alt=\"\" data-id=\"21322\" data-full-url=\"https:\/\/www.mines-stetienne.fr\/panoramines\/wp-content\/uploads\/sites\/3\/2020\/02\/PhotoBalconICM.jpg\" data-link=\"https:\/\/www.mines-stetienne.fr\/panoramines\/photobalconicm\/\" class=\"wp-image-21322\" srcset=\"https:\/\/www.mines-stetienne.fr\/panoramines\/wp-content\/uploads\/sites\/3\/2020\/02\/PhotoBalconICM.jpg 731w, https:\/\/www.mines-stetienne.fr\/panoramines\/wp-content\/uploads\/sites\/3\/2020\/02\/PhotoBalconICM-300x200.jpg 300w\" sizes=\"auto, (max-width: 731px) 100vw, 731px\" \/><\/a><\/figure><\/li><li class=\"blocks-gallery-item\"><figure><a href=\"https:\/\/www.mines-stetienne.fr\/panoramines\/wp-content\/uploads\/sites\/3\/2020\/02\/PhotoDR2019.jpg\"><img loading=\"lazy\" decoding=\"async\" width=\"731\" height=\"487\" src=\"https:\/\/www.mines-stetienne.fr\/panoramines\/wp-content\/uploads\/sites\/3\/2020\/02\/PhotoDR2019.jpg\" alt=\"\" data-id=\"21323\" data-full-url=\"https:\/\/www.mines-stetienne.fr\/panoramines\/wp-content\/uploads\/sites\/3\/2020\/02\/PhotoDR2019.jpg\" data-link=\"https:\/\/www.mines-stetienne.fr\/panoramines\/photodr2019\/\" class=\"wp-image-21323\" srcset=\"https:\/\/www.mines-stetienne.fr\/panoramines\/wp-content\/uploads\/sites\/3\/2020\/02\/PhotoDR2019.jpg 731w, https:\/\/www.mines-stetienne.fr\/panoramines\/wp-content\/uploads\/sites\/3\/2020\/02\/PhotoDR2019-300x200.jpg 300w\" sizes=\"auto, (max-width: 731px) 100vw, 731px\" \/><\/a><\/figure><\/li><li class=\"blocks-gallery-item\"><figure><a href=\"https:\/\/www.mines-stetienne.fr\/panoramines\/wp-content\/uploads\/sites\/3\/2020\/02\/PhotoFinaleScene-Salle.jpg\"><img loading=\"lazy\" decoding=\"async\" width=\"750\" height=\"398\" src=\"https:\/\/www.mines-stetienne.fr\/panoramines\/wp-content\/uploads\/sites\/3\/2020\/02\/PhotoFinaleScene-Salle.jpg\" alt=\"\" data-id=\"21324\" data-full-url=\"https:\/\/www.mines-stetienne.fr\/panoramines\/wp-content\/uploads\/sites\/3\/2020\/02\/PhotoFinaleScene-Salle.jpg\" data-link=\"https:\/\/www.mines-stetienne.fr\/panoramines\/photofinalescene-salle\/\" class=\"wp-image-21324\" srcset=\"https:\/\/www.mines-stetienne.fr\/panoramines\/wp-content\/uploads\/sites\/3\/2020\/02\/PhotoFinaleScene-Salle.jpg 750w, https:\/\/www.mines-stetienne.fr\/panoramines\/wp-content\/uploads\/sites\/3\/2020\/02\/PhotoFinaleScene-Salle-300x159.jpg 300w\" sizes=\"auto, (max-width: 750px) 100vw, 750px\" \/><\/a><\/figure><\/li><li class=\"blocks-gallery-item\"><figure><a href=\"https:\/\/www.mines-stetienne.fr\/panoramines\/wp-content\/uploads\/sites\/3\/2020\/02\/PhotoPromoICM.jpg\"><img loading=\"lazy\" decoding=\"async\" width=\"731\" height=\"487\" src=\"https:\/\/www.mines-stetienne.fr\/panoramines\/wp-content\/uploads\/sites\/3\/2020\/02\/PhotoPromoICM.jpg\" alt=\"\" data-id=\"21325\" data-full-url=\"https:\/\/www.mines-stetienne.fr\/panoramines\/wp-content\/uploads\/sites\/3\/2020\/02\/PhotoPromoICM.jpg\" data-link=\"https:\/\/www.mines-stetienne.fr\/panoramines\/photopromoicm\/\" class=\"wp-image-21325\" srcset=\"https:\/\/www.mines-stetienne.fr\/panoramines\/wp-content\/uploads\/sites\/3\/2020\/02\/PhotoPromoICM.jpg 731w, https:\/\/www.mines-stetienne.fr\/panoramines\/wp-content\/uploads\/sites\/3\/2020\/02\/PhotoPromoICM-300x200.jpg 300w\" sizes=\"auto, (max-width: 731px) 100vw, 731px\" \/><\/a><\/figure><\/li><li class=\"blocks-gallery-item\"><figure><a href=\"https:\/\/www.mines-stetienne.fr\/panoramines\/wp-content\/uploads\/sites\/3\/2020\/02\/RemiseLampe1.jpg\"><img loading=\"lazy\" decoding=\"async\" width=\"731\" height=\"487\" src=\"https:\/\/www.mines-stetienne.fr\/panoramines\/wp-content\/uploads\/sites\/3\/2020\/02\/RemiseLampe1.jpg\" alt=\"\" data-id=\"21326\" data-full-url=\"https:\/\/www.mines-stetienne.fr\/panoramines\/wp-content\/uploads\/sites\/3\/2020\/02\/RemiseLampe1.jpg\" data-link=\"https:\/\/www.mines-stetienne.fr\/panoramines\/remiselampe1\/\" class=\"wp-image-21326\" srcset=\"https:\/\/www.mines-stetienne.fr\/panoramines\/wp-content\/uploads\/sites\/3\/2020\/02\/RemiseLampe1.jpg 731w, https:\/\/www.mines-stetienne.fr\/panoramines\/wp-content\/uploads\/sites\/3\/2020\/02\/RemiseLampe1-300x200.jpg 300w\" sizes=\"auto, (max-width: 731px) 100vw, 731px\" \/><\/a><\/figure><\/li><li class=\"blocks-gallery-item\"><figure><a href=\"https:\/\/www.mines-stetienne.fr\/panoramines\/wp-content\/uploads\/sites\/3\/2020\/02\/RdD2020-0187-1.jpg\"><img loading=\"lazy\" decoding=\"async\" width=\"1024\" height=\"682\" src=\"https:\/\/www.mines-stetienne.fr\/panoramines\/wp-content\/uploads\/sites\/3\/2020\/02\/RdD2020-0187-1-1024x682.jpg\" alt=\"\" data-id=\"21672\" data-full-url=\"https:\/\/www.mines-stetienne.fr\/panoramines\/wp-content\/uploads\/sites\/3\/2020\/02\/RdD2020-0187-1.jpg\" data-link=\"https:\/\/www.mines-stetienne.fr\/panoramines\/2020\/02\/11\/felicitations-aux-192-nouveaux-diplomes-mines-saint-etienne\/rdd2020-0187\/\" class=\"wp-image-21672\" srcset=\"https:\/\/www.mines-stetienne.fr\/panoramines\/wp-content\/uploads\/sites\/3\/2020\/02\/RdD2020-0187-1-1024x682.jpg 1024w, https:\/\/www.mines-stetienne.fr\/panoramines\/wp-content\/uploads\/sites\/3\/2020\/02\/RdD2020-0187-1-300x200.jpg 300w, https:\/\/www.mines-stetienne.fr\/panoramines\/wp-content\/uploads\/sites\/3\/2020\/02\/RdD2020-0187-1-768x512.jpg 768w, https:\/\/www.mines-stetienne.fr\/panoramines\/wp-content\/uploads\/sites\/3\/2020\/02\/RdD2020-0187-1-1536x1024.jpg 1536w, https:\/\/www.mines-stetienne.fr\/panoramines\/wp-content\/uploads\/sites\/3\/2020\/02\/RdD2020-0187-1.jpg 1952w\" sizes=\"auto, (max-width: 1024px) 100vw, 1024px\" \/><\/a><\/figure><\/li><li class=\"blocks-gallery-item\"><figure><a href=\"https:\/\/www.mines-stetienne.fr\/panoramines\/wp-content\/uploads\/sites\/3\/2020\/02\/RdD2020-0196.jpg\"><img loading=\"lazy\" decoding=\"async\" width=\"1024\" height=\"682\" src=\"https:\/\/www.mines-stetienne.fr\/panoramines\/wp-content\/uploads\/sites\/3\/2020\/02\/RdD2020-0196-1024x682.jpg\" alt=\"\" data-id=\"21673\" data-full-url=\"https:\/\/www.mines-stetienne.fr\/panoramines\/wp-content\/uploads\/sites\/3\/2020\/02\/RdD2020-0196.jpg\" data-link=\"https:\/\/www.mines-stetienne.fr\/panoramines\/2020\/02\/11\/felicitations-aux-192-nouveaux-diplomes-mines-saint-etienne\/rdd2020-0196\/\" class=\"wp-image-21673\" srcset=\"https:\/\/www.mines-stetienne.fr\/panoramines\/wp-content\/uploads\/sites\/3\/2020\/02\/RdD2020-0196-1024x682.jpg 1024w, https:\/\/www.mines-stetienne.fr\/panoramines\/wp-content\/uploads\/sites\/3\/2020\/02\/RdD2020-0196-300x200.jpg 300w, https:\/\/www.mines-stetienne.fr\/panoramines\/wp-content\/uploads\/sites\/3\/2020\/02\/RdD2020-0196-768x512.jpg 768w, https:\/\/www.mines-stetienne.fr\/panoramines\/wp-content\/uploads\/sites\/3\/2020\/02\/RdD2020-0196-1536x1024.jpg 1536w, https:\/\/www.mines-stetienne.fr\/panoramines\/wp-content\/uploads\/sites\/3\/2020\/02\/RdD2020-0196.jpg 1952w\" sizes=\"auto, (max-width: 1024px) 100vw, 1024px\" \/><\/a><\/figure><\/li><li class=\"blocks-gallery-item\"><figure><a href=\"https:\/\/www.mines-stetienne.fr\/panoramines\/wp-content\/uploads\/sites\/3\/2020\/02\/RdD2020-0201.jpg\"><img loading=\"lazy\" decoding=\"async\" width=\"1024\" height=\"682\" src=\"https:\/\/www.mines-stetienne.fr\/panoramines\/wp-content\/uploads\/sites\/3\/2020\/02\/RdD2020-0201-1024x682.jpg\" alt=\"\" data-id=\"21674\" data-full-url=\"https:\/\/www.mines-stetienne.fr\/panoramines\/wp-content\/uploads\/sites\/3\/2020\/02\/RdD2020-0201.jpg\" data-link=\"https:\/\/www.mines-stetienne.fr\/panoramines\/2020\/02\/11\/felicitations-aux-192-nouveaux-diplomes-mines-saint-etienne\/rdd2020-0201\/\" class=\"wp-image-21674\" srcset=\"https:\/\/www.mines-stetienne.fr\/panoramines\/wp-content\/uploads\/sites\/3\/2020\/02\/RdD2020-0201-1024x682.jpg 1024w, https:\/\/www.mines-stetienne.fr\/panoramines\/wp-content\/uploads\/sites\/3\/2020\/02\/RdD2020-0201-300x200.jpg 300w, https:\/\/www.mines-stetienne.fr\/panoramines\/wp-content\/uploads\/sites\/3\/2020\/02\/RdD2020-0201-768x512.jpg 768w, https:\/\/www.mines-stetienne.fr\/panoramines\/wp-content\/uploads\/sites\/3\/2020\/02\/RdD2020-0201-1536x1024.jpg 1536w, https:\/\/www.mines-stetienne.fr\/panoramines\/wp-content\/uploads\/sites\/3\/2020\/02\/RdD2020-0201.jpg 1952w\" sizes=\"auto, (max-width: 1024px) 100vw, 1024px\" \/><\/a><\/figure><\/li><\/ul><\/figure>\n\n\n\n<p>* <strong>David Delafosse,<\/strong> directeur de la recherche et de l\u2019innovation, a distingu\u00e9 les nouveaux docteurs de l\u2019\u00c9cole doctorale Sciences, ing\u00e9nierie, Sant\u00e9 de   Saint-\u00c9tienne (EDSIS). <a rel=\"noreferrer noopener\" aria-label=\"35 th\u00e8ses ont \u00e9t\u00e9 soutenues en 2019, (opens in a new tab)\" href=\"https:\/\/www.mines-stetienne.fr\/panoramines\/2019\/01\/02\/soutenances-de-these-2019\/\" target=\"_blank\"><strong>35 th\u00e8ses ont \u00e9t\u00e9 soutenues<\/strong> en 2019,<\/a> des travaux de recherche pr\u00e9par\u00e9s au sein des centres de l\u2019\u00c9cole <a rel=\"noreferrer noopener\" aria-label=\"dans 9 disciplines (opens in a new tab)\" href=\"https:\/\/www.mines-stetienne.fr\/formation\/doctorat\/\" target=\"_blank\">dans 9 disciplines<\/a>.<\/p>\n\n\n\n<p><em><strong>Les photos<\/strong> r\u00e9alis\u00e9es par \u00a9<a rel=\"noreferrer noopener\" href=\"http:\/\/www.pierregrasset.com\/fr\/accueil.html\" target=\"_blank\">Pierre Grasset<\/a>, sont visibles et t\u00e9l\u00e9chargeables <\/em><strong>via ce lien<\/strong> envoy\u00e9 aux dipl\u00f4m\u00e9s.<\/p>\n\n\n\n<blockquote class=\"wp-block-quote is-layout-flow wp-block-quote-is-layout-flow\"><p><strong>Parmi les 157 nouveaux ing\u00e9nieurs civils des mines <\/strong>(45 filles et 112 gar\u00e7ons)<strong>,<\/strong> <strong>84 sont double dipl\u00f4m\u00e9s<\/strong>, 29 sont triple dipl\u00f4m\u00e9s et 4 sont quadruple dipl\u00f4m\u00e9s. 62 dipl\u00f4m\u00e9s ont obtenu un Master.<\/p><\/blockquote>\n\n\n\n<p class=\"has-medium-font-size\">6 mentions sp\u00e9ciales ont \u00e9t\u00e9 d\u00e9cern\u00e9es :<\/p>\n\n\n\n<p><strong>Garance Calamel<\/strong> a r\u00e9alis\u00e9 un parcours acad\u00e9mique remarqu\u00e9 pour son<br>excellence, en effectuant notamment un double dipl\u00f4me \u00e0 Imperial College London en Ing\u00e9nierie biom\u00e9dicale. Elle m\u00e9rite les \u00ab\u00a0f\u00e9licitations du jury\u00a0\u00bb.<\/p>\n\n\n\n<p><strong>Pauline Jacqueminer<\/strong> : Repr\u00e9sentante de promotion, elle a contribu\u00e9 durant toute sa scolarit\u00e9 \u00e0 la communication entre \u00e9l\u00e8ves et scolarit\u00e9. Ayant effectu\u00e9 une ann\u00e9e de c\u00e9sure \u00e0 Londres sur des missions d&rsquo;assistance dans les quartiers d\u00e9favoris\u00e9s, elle repr\u00e9sente aussi l&rsquo;ing\u00e9nieur ICM humaniste. <\/p>\n\n\n\n<p><strong>Marta Martinez Reyes<\/strong> :  initialement admise en simple \u00e9change acad\u00e9mique, Marta a finalement choisi de rester \u00e0 Saint-\u00c9tienne pour effectuer le parcours ICM complet. Premi\u00e8re double dipl\u00f4m\u00e9e issue de l&rsquo;Universit\u00e9 Carlos III \u00e0 Madrid, elle s&rsquo;est notamment impliqu\u00e9e dans le d\u00e9veloppement durable en contribuant \u00e0 la 1\u00e8re \u00e9dition de la Fresque du climat ; elle s&rsquo;est \u00e9galement investie dans l&rsquo;association Mines International Students.<\/p>\n\n\n\n<p><strong>Corentin Muraro<\/strong> a su concilier durant sa scolarit\u00e9, dont une troisi\u00e8me ann\u00e9e effectu\u00e9e \u00e0 l&#8217;emlyon, son implication dans les activit\u00e9s scolaires et sa contribution aux activit\u00e9s extra-scolaires (pr\u00e9sident du BDS). Ses excellents r\u00e9sultats lui valent d&rsquo;obtenir les f\u00e9licitations du jury.<\/p>\n\n\n\n<p><strong>Valentin Pouzet<\/strong> a \u00e9t\u00e9 repr\u00e9sentant de promotion, mais \u00e9galement repr\u00e9sentant des \u00e9l\u00e8ves au Conseil d&rsquo;administration de l&rsquo;IMT. Contribuant en permanence \u00e0 la bonne communication entre \u00e9l\u00e8ves et scolarit\u00e9, il<br>a \u00e9galement obtenu des r\u00e9sultats acad\u00e9miques excellents. <\/p>\n\n\n\n<p><strong>Baptiste PY<\/strong> : outre des r\u00e9sultats acad\u00e9miques excellents, Baptiste a r\u00e9ussi \u00e0 effectuer un parcours scientifique international remarquable, globe-trotter de la promotion, sur 3 continents : semestre 7 en Allemagne, stage 2A en Australie puis double dipl\u00f4me de 18 mois en Cor\u00e9e.<\/p>\n\n\n\n<figure class=\"wp-block-gallery columns-4 is-cropped wp-block-gallery-3 is-layout-flex wp-block-gallery-is-layout-flex\"><ul class=\"blocks-gallery-grid\"><li class=\"blocks-gallery-item\"><figure><a href=\"https:\/\/www.mines-stetienne.fr\/panoramines\/wp-content\/uploads\/sites\/3\/2020\/02\/1IMG_3818.jpg\"><img loading=\"lazy\" decoding=\"async\" width=\"748\" height=\"419\" src=\"https:\/\/www.mines-stetienne.fr\/panoramines\/wp-content\/uploads\/sites\/3\/2020\/02\/1IMG_3818.jpg\" alt=\"\" data-id=\"21342\" data-full-url=\"https:\/\/www.mines-stetienne.fr\/panoramines\/wp-content\/uploads\/sites\/3\/2020\/02\/1IMG_3818.jpg\" data-link=\"https:\/\/www.mines-stetienne.fr\/panoramines\/1img_3818\/\" class=\"wp-image-21342\" srcset=\"https:\/\/www.mines-stetienne.fr\/panoramines\/wp-content\/uploads\/sites\/3\/2020\/02\/1IMG_3818.jpg 748w, https:\/\/www.mines-stetienne.fr\/panoramines\/wp-content\/uploads\/sites\/3\/2020\/02\/1IMG_3818-300x168.jpg 300w\" sizes=\"auto, (max-width: 748px) 100vw, 748px\" \/><\/a><\/figure><\/li><li class=\"blocks-gallery-item\"><figure><a href=\"https:\/\/www.mines-stetienne.fr\/panoramines\/wp-content\/uploads\/sites\/3\/2020\/02\/1IMG_3820.jpg\"><img loading=\"lazy\" decoding=\"async\" width=\"750\" height=\"500\" src=\"https:\/\/www.mines-stetienne.fr\/panoramines\/wp-content\/uploads\/sites\/3\/2020\/02\/1IMG_3820.jpg\" alt=\"\" data-id=\"21343\" data-full-url=\"https:\/\/www.mines-stetienne.fr\/panoramines\/wp-content\/uploads\/sites\/3\/2020\/02\/1IMG_3820.jpg\" data-link=\"https:\/\/www.mines-stetienne.fr\/panoramines\/1img_3820\/\" class=\"wp-image-21343\" srcset=\"https:\/\/www.mines-stetienne.fr\/panoramines\/wp-content\/uploads\/sites\/3\/2020\/02\/1IMG_3820.jpg 750w, https:\/\/www.mines-stetienne.fr\/panoramines\/wp-content\/uploads\/sites\/3\/2020\/02\/1IMG_3820-300x200.jpg 300w\" sizes=\"auto, (max-width: 750px) 100vw, 750px\" \/><\/a><\/figure><\/li><li class=\"blocks-gallery-item\"><figure><a href=\"https:\/\/www.mines-stetienne.fr\/panoramines\/wp-content\/uploads\/sites\/3\/2020\/02\/1IMG_3826.jpg\"><img loading=\"lazy\" decoding=\"async\" width=\"750\" height=\"426\" src=\"https:\/\/www.mines-stetienne.fr\/panoramines\/wp-content\/uploads\/sites\/3\/2020\/02\/1IMG_3826.jpg\" alt=\"\" data-id=\"21344\" data-full-url=\"https:\/\/www.mines-stetienne.fr\/panoramines\/wp-content\/uploads\/sites\/3\/2020\/02\/1IMG_3826.jpg\" data-link=\"https:\/\/www.mines-stetienne.fr\/panoramines\/1img_3826\/\" class=\"wp-image-21344\" srcset=\"https:\/\/www.mines-stetienne.fr\/panoramines\/wp-content\/uploads\/sites\/3\/2020\/02\/1IMG_3826.jpg 750w, https:\/\/www.mines-stetienne.fr\/panoramines\/wp-content\/uploads\/sites\/3\/2020\/02\/1IMG_3826-300x170.jpg 300w\" sizes=\"auto, (max-width: 750px) 100vw, 750px\" \/><\/a><\/figure><\/li><li class=\"blocks-gallery-item\"><figure><a href=\"https:\/\/www.mines-stetienne.fr\/panoramines\/wp-content\/uploads\/sites\/3\/2020\/02\/1IMG_3833.jpg\"><img loading=\"lazy\" decoding=\"async\" width=\"750\" height=\"500\" src=\"https:\/\/www.mines-stetienne.fr\/panoramines\/wp-content\/uploads\/sites\/3\/2020\/02\/1IMG_3833.jpg\" alt=\"\" data-id=\"21345\" data-full-url=\"https:\/\/www.mines-stetienne.fr\/panoramines\/wp-content\/uploads\/sites\/3\/2020\/02\/1IMG_3833.jpg\" data-link=\"https:\/\/www.mines-stetienne.fr\/panoramines\/1img_3833\/\" class=\"wp-image-21345\" srcset=\"https:\/\/www.mines-stetienne.fr\/panoramines\/wp-content\/uploads\/sites\/3\/2020\/02\/1IMG_3833.jpg 750w, https:\/\/www.mines-stetienne.fr\/panoramines\/wp-content\/uploads\/sites\/3\/2020\/02\/1IMG_3833-300x200.jpg 300w\" sizes=\"auto, (max-width: 750px) 100vw, 750px\" \/><\/a><\/figure><\/li><\/ul><figcaption class=\"blocks-gallery-caption\">Le matin, plus de 400 personnes, dipl\u00f4m\u00e9s et familles, se sont rendus sur le campus de Saint-\u00c9tienne pour une matin\u00e9e conviviale : visite des espaces communs et temps d&rsquo;\u00e9changes avec le parrain<br> <br><\/figcaption><\/figure>\n\n\n\n<blockquote class=\"wp-block-quote is-layout-flow wp-block-quote-is-layout-flow\"><p>F\u00e9licitations \u00e0 toutes et \u00e0 tous ! Remerciements renouvel\u00e9s \u00e0 l\u2019\u00e9quipe organisatrice ainsi qu\u2019aux \u00e9quipes p\u00e9dagogiques pour leur mobilisation et leur contribution au succ\u00e8s de cet \u00e9v\u00e9nement.<\/p><\/blockquote>\n\n\n\n<hr class=\"wp-block-separator\" \/>\n","protected":false},"excerpt":{"rendered":"<p>157 ing\u00e9nieurs civils des mines et 35 docteurs ont officiellement re\u00e7u leur dipl\u00f4me en pr\u00e9sence de 600 invit\u00e9s. Pascal Laurin, directeur division Bosch Rexroth France et directeur Industrie 4.0 Bosch France, a parrain\u00e9 cette tr\u00e8s belle c\u00e9r\u00e9monie rythm\u00e9e par de &hellip;<\/p>\n","protected":false},"author":3,"featured_media":21369,"comment_status":"closed","ping_status":"open","sticky":false,"template":"","format":"standard","meta":{"_relevanssi_hide_post":"","_relevanssi_hide_content":"","_relevanssi_pin_for_all":"","_relevanssi_pin_keywords":"","_relevanssi_unpin_keywords":"","_relevanssi_related_keywords":"","_relevanssi_related_include_ids":"","_relevanssi_related_exclude_ids":"","_relevanssi_related_no_append":"","_relevanssi_related_not_related":"","_relevanssi_related_posts":"","_relevanssi_noindex_reason":"","footnotes":""},"categories":[6],"tags":[70,89,37,62,133,132],"class_list":["post-20882","post","type-post","status-publish","format-standard","has-post-thumbnail","hentry","category-formation","tag-diplomes","tag-doctorat","tag-icm","tag-industrie-du-futur","tag-region-auvergne-rhone-alpes","tag-saint-etienne"],"pp_statuses_selecting_workflow":false,"pp_workflow_action":"current","pp_status_selection":"publish","pp_force_visibility":null,"pp_subpost_visibility":null,"pp_inherited_force_visibility":null,"pp_inherited_subpost_visibility":null,"yoast_head":"<!-- This site is optimized with the Yoast SEO plugin v27.5 - https:\/\/yoast.com\/product\/yoast-seo-wordpress\/ -->\n<title>F\u00e9licitations aux 192 nouveaux dipl\u00f4m\u00e9s @Mines Saint-\u00c9tienne ! - Panoramines<\/title>\n<meta name=\"robots\" content=\"index, follow, max-snippet:-1, max-image-preview:large, max-video-preview:-1\" \/>\n<link rel=\"canonical\" href=\"https:\/\/www.mines-stetienne.fr\/panoramines\/2020\/02\/11\/felicitations-aux-192-nouveaux-diplomes-mines-saint-etienne\/\" \/>\n<meta property=\"og:locale\" content=\"fr_FR\" \/>\n<meta property=\"og:type\" content=\"article\" \/>\n<meta property=\"og:title\" content=\"F\u00e9licitations aux 192 nouveaux dipl\u00f4m\u00e9s @Mines Saint-\u00c9tienne ! - Panoramines\" \/>\n<meta property=\"og:description\" content=\"157 ing\u00e9nieurs civils des mines et 35 docteurs ont officiellement re\u00e7u leur dipl\u00f4me en pr\u00e9sence de 600 invit\u00e9s. Pascal Laurin, directeur division Bosch Rexroth France et directeur Industrie 4.0 Bosch France, a parrain\u00e9 cette tr\u00e8s belle c\u00e9r\u00e9monie rythm\u00e9e par de &hellip;\" \/>\n<meta property=\"og:url\" content=\"https:\/\/www.mines-stetienne.fr\/panoramines\/2020\/02\/11\/felicitations-aux-192-nouveaux-diplomes-mines-saint-etienne\/\" \/>\n<meta property=\"og:site_name\" content=\"Panoramines\" \/>\n<meta property=\"article:published_time\" content=\"2020-02-11T17:11:00+00:00\" \/>\n<meta property=\"article:modified_time\" content=\"2020-12-03T10:30:27+00:00\" \/>\n<meta property=\"og:image\" content=\"https:\/\/www.mines-stetienne.fr\/panoramines\/wp-content\/uploads\/sites\/3\/2020\/02\/PhotoFinaleTousDiplomes.jpg\" \/>\n\t<meta property=\"og:image:width\" content=\"700\" \/>\n\t<meta property=\"og:image:height\" content=\"287\" \/>\n\t<meta property=\"og:image:type\" content=\"image\/jpeg\" \/>\n<meta name=\"author\" content=\"Nathalie\" \/>\n<meta name=\"twitter:card\" content=\"summary_large_image\" \/>\n<meta name=\"twitter:label1\" content=\"\u00c9crit par\" \/>\n\t<meta name=\"twitter:data1\" content=\" Nathalie\" \/>\n\t<meta name=\"twitter:label2\" content=\"Dur\u00e9e de lecture estim\u00e9e\" \/>\n\t<meta name=\"twitter:data2\" content=\"4 minutes\" \/>\n<script type=\"application\/ld+json\" class=\"yoast-schema-graph\">{\"@context\":\"https:\\\/\\\/schema.org\",\"@graph\":[{\"@type\":\"Article\",\"@id\":\"https:\\\/\\\/www.mines-stetienne.fr\\\/panoramines\\\/2020\\\/02\\\/11\\\/felicitations-aux-192-nouveaux-diplomes-mines-saint-etienne\\\/#article\",\"isPartOf\":{\"@id\":\"https:\\\/\\\/www.mines-stetienne.fr\\\/panoramines\\\/2020\\\/02\\\/11\\\/felicitations-aux-192-nouveaux-diplomes-mines-saint-etienne\\\/\"},\"author\":{\"name\":\"Nathalie\",\"@id\":\"https:\\\/\\\/www.mines-stetienne.fr\\\/panoramines\\\/#\\\/schema\\\/person\\\/95e752e6dedac604ce4535123e0f8df7\"},\"headline\":\"F\u00e9licitations aux 192 nouveaux dipl\u00f4m\u00e9s @Mines Saint-\u00c9tienne !\",\"datePublished\":\"2020-02-11T17:11:00+00:00\",\"dateModified\":\"2020-12-03T10:30:27+00:00\",\"mainEntityOfPage\":{\"@id\":\"https:\\\/\\\/www.mines-stetienne.fr\\\/panoramines\\\/2020\\\/02\\\/11\\\/felicitations-aux-192-nouveaux-diplomes-mines-saint-etienne\\\/\"},\"wordCount\":786,\"image\":{\"@id\":\"https:\\\/\\\/www.mines-stetienne.fr\\\/panoramines\\\/2020\\\/02\\\/11\\\/felicitations-aux-192-nouveaux-diplomes-mines-saint-etienne\\\/#primaryimage\"},\"thumbnailUrl\":\"https:\\\/\\\/www.mines-stetienne.fr\\\/panoramines\\\/wp-content\\\/uploads\\\/sites\\\/3\\\/2020\\\/02\\\/PhotoFinaleTousDiplomes.jpg\",\"keywords\":[\"Dipl\u00f4mes\",\"Doctorat\",\"ICM\",\"Industrie du futur\",\"R\u00e9gion Auvergne Rh\u00f4ne-Alpes\",\"Saint-\u00c9tienne\"],\"articleSection\":[\"Formation\"],\"inLanguage\":\"fr-FR\"},{\"@type\":\"WebPage\",\"@id\":\"https:\\\/\\\/www.mines-stetienne.fr\\\/panoramines\\\/2020\\\/02\\\/11\\\/felicitations-aux-192-nouveaux-diplomes-mines-saint-etienne\\\/\",\"url\":\"https:\\\/\\\/www.mines-stetienne.fr\\\/panoramines\\\/2020\\\/02\\\/11\\\/felicitations-aux-192-nouveaux-diplomes-mines-saint-etienne\\\/\",\"name\":\"F\u00e9licitations aux 192 nouveaux dipl\u00f4m\u00e9s @Mines Saint-\u00c9tienne ! - Panoramines\",\"isPartOf\":{\"@id\":\"https:\\\/\\\/www.mines-stetienne.fr\\\/panoramines\\\/#website\"},\"primaryImageOfPage\":{\"@id\":\"https:\\\/\\\/www.mines-stetienne.fr\\\/panoramines\\\/2020\\\/02\\\/11\\\/felicitations-aux-192-nouveaux-diplomes-mines-saint-etienne\\\/#primaryimage\"},\"image\":{\"@id\":\"https:\\\/\\\/www.mines-stetienne.fr\\\/panoramines\\\/2020\\\/02\\\/11\\\/felicitations-aux-192-nouveaux-diplomes-mines-saint-etienne\\\/#primaryimage\"},\"thumbnailUrl\":\"https:\\\/\\\/www.mines-stetienne.fr\\\/panoramines\\\/wp-content\\\/uploads\\\/sites\\\/3\\\/2020\\\/02\\\/PhotoFinaleTousDiplomes.jpg\",\"datePublished\":\"2020-02-11T17:11:00+00:00\",\"dateModified\":\"2020-12-03T10:30:27+00:00\",\"author\":{\"@id\":\"https:\\\/\\\/www.mines-stetienne.fr\\\/panoramines\\\/#\\\/schema\\\/person\\\/95e752e6dedac604ce4535123e0f8df7\"},\"breadcrumb\":{\"@id\":\"https:\\\/\\\/www.mines-stetienne.fr\\\/panoramines\\\/2020\\\/02\\\/11\\\/felicitations-aux-192-nouveaux-diplomes-mines-saint-etienne\\\/#breadcrumb\"},\"inLanguage\":\"fr-FR\",\"potentialAction\":[{\"@type\":\"ReadAction\",\"target\":[\"https:\\\/\\\/www.mines-stetienne.fr\\\/panoramines\\\/2020\\\/02\\\/11\\\/felicitations-aux-192-nouveaux-diplomes-mines-saint-etienne\\\/\"]}]},{\"@type\":\"ImageObject\",\"inLanguage\":\"fr-FR\",\"@id\":\"https:\\\/\\\/www.mines-stetienne.fr\\\/panoramines\\\/2020\\\/02\\\/11\\\/felicitations-aux-192-nouveaux-diplomes-mines-saint-etienne\\\/#primaryimage\",\"url\":\"https:\\\/\\\/www.mines-stetienne.fr\\\/panoramines\\\/wp-content\\\/uploads\\\/sites\\\/3\\\/2020\\\/02\\\/PhotoFinaleTousDiplomes.jpg\",\"contentUrl\":\"https:\\\/\\\/www.mines-stetienne.fr\\\/panoramines\\\/wp-content\\\/uploads\\\/sites\\\/3\\\/2020\\\/02\\\/PhotoFinaleTousDiplomes.jpg\",\"width\":700,\"height\":287},{\"@type\":\"BreadcrumbList\",\"@id\":\"https:\\\/\\\/www.mines-stetienne.fr\\\/panoramines\\\/2020\\\/02\\\/11\\\/felicitations-aux-192-nouveaux-diplomes-mines-saint-etienne\\\/#breadcrumb\",\"itemListElement\":[{\"@type\":\"ListItem\",\"position\":1,\"name\":\"Accueil\",\"item\":\"https:\\\/\\\/www.mines-stetienne.fr\\\/panoramines\\\/\"},{\"@type\":\"ListItem\",\"position\":2,\"name\":\"F\u00e9licitations aux 192 nouveaux dipl\u00f4m\u00e9s @Mines Saint-\u00c9tienne !\"}]},{\"@type\":\"WebSite\",\"@id\":\"https:\\\/\\\/www.mines-stetienne.fr\\\/panoramines\\\/#website\",\"url\":\"https:\\\/\\\/www.mines-stetienne.fr\\\/panoramines\\\/\",\"name\":\"Panoramines\",\"description\":\"Panoramines, l\u2019actualit\u00e9 de MINES Saint-\u00c9tienne\",\"potentialAction\":[{\"@type\":\"SearchAction\",\"target\":{\"@type\":\"EntryPoint\",\"urlTemplate\":\"https:\\\/\\\/www.mines-stetienne.fr\\\/panoramines\\\/?s={search_term_string}\"},\"query-input\":{\"@type\":\"PropertyValueSpecification\",\"valueRequired\":true,\"valueName\":\"search_term_string\"}}],\"inLanguage\":\"fr-FR\"},{\"@type\":\"Person\",\"@id\":\"https:\\\/\\\/www.mines-stetienne.fr\\\/panoramines\\\/#\\\/schema\\\/person\\\/95e752e6dedac604ce4535123e0f8df7\",\"name\":\"Nathalie\",\"image\":{\"@type\":\"ImageObject\",\"inLanguage\":\"fr-FR\",\"@id\":\"https:\\\/\\\/www.mines-stetienne.fr\\\/panoramines\\\/wp-content\\\/uploads\\\/sites\\\/3\\\/2021\\\/07\\\/logo-75x75-1.png\",\"url\":\"https:\\\/\\\/www.mines-stetienne.fr\\\/panoramines\\\/wp-content\\\/uploads\\\/sites\\\/3\\\/2021\\\/07\\\/logo-75x75-1.png\",\"contentUrl\":\"https:\\\/\\\/www.mines-stetienne.fr\\\/panoramines\\\/wp-content\\\/uploads\\\/sites\\\/3\\\/2021\\\/07\\\/logo-75x75-1.png\",\"caption\":\"Nathalie\"},\"url\":\"https:\\\/\\\/www.mines-stetienne.fr\\\/panoramines\\\/author\\\/nathalie\\\/\"}]}<\/script>\n<!-- \/ Yoast SEO plugin. -->","yoast_head_json":{"title":"F\u00e9licitations aux 192 nouveaux dipl\u00f4m\u00e9s @Mines Saint-\u00c9tienne ! - Panoramines","robots":{"index":"index","follow":"follow","max-snippet":"max-snippet:-1","max-image-preview":"max-image-preview:large","max-video-preview":"max-video-preview:-1"},"canonical":"https:\/\/www.mines-stetienne.fr\/panoramines\/2020\/02\/11\/felicitations-aux-192-nouveaux-diplomes-mines-saint-etienne\/","og_locale":"fr_FR","og_type":"article","og_title":"F\u00e9licitations aux 192 nouveaux dipl\u00f4m\u00e9s @Mines Saint-\u00c9tienne ! - Panoramines","og_description":"157 ing\u00e9nieurs civils des mines et 35 docteurs ont officiellement re\u00e7u leur dipl\u00f4me en pr\u00e9sence de 600 invit\u00e9s. Pascal Laurin, directeur division Bosch Rexroth France et directeur Industrie 4.0 Bosch France, a parrain\u00e9 cette tr\u00e8s belle c\u00e9r\u00e9monie rythm\u00e9e par de &hellip;","og_url":"https:\/\/www.mines-stetienne.fr\/panoramines\/2020\/02\/11\/felicitations-aux-192-nouveaux-diplomes-mines-saint-etienne\/","og_site_name":"Panoramines","article_published_time":"2020-02-11T17:11:00+00:00","article_modified_time":"2020-12-03T10:30:27+00:00","og_image":[{"width":700,"height":287,"url":"https:\/\/www.mines-stetienne.fr\/panoramines\/wp-content\/uploads\/sites\/3\/2020\/02\/PhotoFinaleTousDiplomes.jpg","type":"image\/jpeg"}],"author":"Nathalie","twitter_card":"summary_large_image","twitter_misc":{"\u00c9crit par":" Nathalie","Dur\u00e9e de lecture estim\u00e9e":"4 minutes"},"schema":{"@context":"https:\/\/schema.org","@graph":[{"@type":"Article","@id":"https:\/\/www.mines-stetienne.fr\/panoramines\/2020\/02\/11\/felicitations-aux-192-nouveaux-diplomes-mines-saint-etienne\/#article","isPartOf":{"@id":"https:\/\/www.mines-stetienne.fr\/panoramines\/2020\/02\/11\/felicitations-aux-192-nouveaux-diplomes-mines-saint-etienne\/"},"author":{"name":"Nathalie","@id":"https:\/\/www.mines-stetienne.fr\/panoramines\/#\/schema\/person\/95e752e6dedac604ce4535123e0f8df7"},"headline":"F\u00e9licitations aux 192 nouveaux dipl\u00f4m\u00e9s @Mines Saint-\u00c9tienne !","datePublished":"2020-02-11T17:11:00+00:00","dateModified":"2020-12-03T10:30:27+00:00","mainEntityOfPage":{"@id":"https:\/\/www.mines-stetienne.fr\/panoramines\/2020\/02\/11\/felicitations-aux-192-nouveaux-diplomes-mines-saint-etienne\/"},"wordCount":786,"image":{"@id":"https:\/\/www.mines-stetienne.fr\/panoramines\/2020\/02\/11\/felicitations-aux-192-nouveaux-diplomes-mines-saint-etienne\/#primaryimage"},"thumbnailUrl":"https:\/\/www.mines-stetienne.fr\/panoramines\/wp-content\/uploads\/sites\/3\/2020\/02\/PhotoFinaleTousDiplomes.jpg","keywords":["Dipl\u00f4mes","Doctorat","ICM","Industrie du futur","R\u00e9gion Auvergne Rh\u00f4ne-Alpes","Saint-\u00c9tienne"],"articleSection":["Formation"],"inLanguage":"fr-FR"},{"@type":"WebPage","@id":"https:\/\/www.mines-stetienne.fr\/panoramines\/2020\/02\/11\/felicitations-aux-192-nouveaux-diplomes-mines-saint-etienne\/","url":"https:\/\/www.mines-stetienne.fr\/panoramines\/2020\/02\/11\/felicitations-aux-192-nouveaux-diplomes-mines-saint-etienne\/","name":"F\u00e9licitations aux 192 nouveaux dipl\u00f4m\u00e9s @Mines Saint-\u00c9tienne ! - Panoramines","isPartOf":{"@id":"https:\/\/www.mines-stetienne.fr\/panoramines\/#website"},"primaryImageOfPage":{"@id":"https:\/\/www.mines-stetienne.fr\/panoramines\/2020\/02\/11\/felicitations-aux-192-nouveaux-diplomes-mines-saint-etienne\/#primaryimage"},"image":{"@id":"https:\/\/www.mines-stetienne.fr\/panoramines\/2020\/02\/11\/felicitations-aux-192-nouveaux-diplomes-mines-saint-etienne\/#primaryimage"},"thumbnailUrl":"https:\/\/www.mines-stetienne.fr\/panoramines\/wp-content\/uploads\/sites\/3\/2020\/02\/PhotoFinaleTousDiplomes.jpg","datePublished":"2020-02-11T17:11:00+00:00","dateModified":"2020-12-03T10:30:27+00:00","author":{"@id":"https:\/\/www.mines-stetienne.fr\/panoramines\/#\/schema\/person\/95e752e6dedac604ce4535123e0f8df7"},"breadcrumb":{"@id":"https:\/\/www.mines-stetienne.fr\/panoramines\/2020\/02\/11\/felicitations-aux-192-nouveaux-diplomes-mines-saint-etienne\/#breadcrumb"},"inLanguage":"fr-FR","potentialAction":[{"@type":"ReadAction","target":["https:\/\/www.mines-stetienne.fr\/panoramines\/2020\/02\/11\/felicitations-aux-192-nouveaux-diplomes-mines-saint-etienne\/"]}]},{"@type":"ImageObject","inLanguage":"fr-FR","@id":"https:\/\/www.mines-stetienne.fr\/panoramines\/2020\/02\/11\/felicitations-aux-192-nouveaux-diplomes-mines-saint-etienne\/#primaryimage","url":"https:\/\/www.mines-stetienne.fr\/panoramines\/wp-content\/uploads\/sites\/3\/2020\/02\/PhotoFinaleTousDiplomes.jpg","contentUrl":"https:\/\/www.mines-stetienne.fr\/panoramines\/wp-content\/uploads\/sites\/3\/2020\/02\/PhotoFinaleTousDiplomes.jpg","width":700,"height":287},{"@type":"BreadcrumbList","@id":"https:\/\/www.mines-stetienne.fr\/panoramines\/2020\/02\/11\/felicitations-aux-192-nouveaux-diplomes-mines-saint-etienne\/#breadcrumb","itemListElement":[{"@type":"ListItem","position":1,"name":"Accueil","item":"https:\/\/www.mines-stetienne.fr\/panoramines\/"},{"@type":"ListItem","position":2,"name":"F\u00e9licitations aux 192 nouveaux dipl\u00f4m\u00e9s @Mines Saint-\u00c9tienne !"}]},{"@type":"WebSite","@id":"https:\/\/www.mines-stetienne.fr\/panoramines\/#website","url":"https:\/\/www.mines-stetienne.fr\/panoramines\/","name":"Panoramines","description":"Panoramines, l\u2019actualit\u00e9 de MINES Saint-\u00c9tienne","potentialAction":[{"@type":"SearchAction","target":{"@type":"EntryPoint","urlTemplate":"https:\/\/www.mines-stetienne.fr\/panoramines\/?s={search_term_string}"},"query-input":{"@type":"PropertyValueSpecification","valueRequired":true,"valueName":"search_term_string"}}],"inLanguage":"fr-FR"},{"@type":"Person","@id":"https:\/\/www.mines-stetienne.fr\/panoramines\/#\/schema\/person\/95e752e6dedac604ce4535123e0f8df7","name":"Nathalie","image":{"@type":"ImageObject","inLanguage":"fr-FR","@id":"https:\/\/www.mines-stetienne.fr\/panoramines\/wp-content\/uploads\/sites\/3\/2021\/07\/logo-75x75-1.png","url":"https:\/\/www.mines-stetienne.fr\/panoramines\/wp-content\/uploads\/sites\/3\/2021\/07\/logo-75x75-1.png","contentUrl":"https:\/\/www.mines-stetienne.fr\/panoramines\/wp-content\/uploads\/sites\/3\/2021\/07\/logo-75x75-1.png","caption":"Nathalie"},"url":"https:\/\/www.mines-stetienne.fr\/panoramines\/author\/nathalie\/"}]}},"_links":{"self":[{"href":"https:\/\/www.mines-stetienne.fr\/panoramines\/wp-json\/wp\/v2\/posts\/20882","targetHints":{"allow":["GET"]}}],"collection":[{"href":"https:\/\/www.mines-stetienne.fr\/panoramines\/wp-json\/wp\/v2\/posts"}],"about":[{"href":"https:\/\/www.mines-stetienne.fr\/panoramines\/wp-json\/wp\/v2\/types\/post"}],"author":[{"embeddable":true,"href":"https:\/\/www.mines-stetienne.fr\/panoramines\/wp-json\/wp\/v2\/users\/3"}],"replies":[{"embeddable":true,"href":"https:\/\/www.mines-stetienne.fr\/panoramines\/wp-json\/wp\/v2\/comments?post=20882"}],"version-history":[{"count":23,"href":"https:\/\/www.mines-stetienne.fr\/panoramines\/wp-json\/wp\/v2\/posts\/20882\/revisions"}],"predecessor-version":[{"id":21675,"href":"https:\/\/www.mines-stetienne.fr\/panoramines\/wp-json\/wp\/v2\/posts\/20882\/revisions\/21675"}],"wp:featuredmedia":[{"embeddable":true,"href":"https:\/\/www.mines-stetienne.fr\/panoramines\/wp-json\/wp\/v2\/media\/21369"}],"wp:attachment":[{"href":"https:\/\/www.mines-stetienne.fr\/panoramines\/wp-json\/wp\/v2\/media?parent=20882"}],"wp:term":[{"taxonomy":"category","embeddable":true,"href":"https:\/\/www.mines-stetienne.fr\/panoramines\/wp-json\/wp\/v2\/categories?post=20882"},{"taxonomy":"post_tag","embeddable":true,"href":"https:\/\/www.mines-stetienne.fr\/panoramines\/wp-json\/wp\/v2\/tags?post=20882"}],"curies":[{"name":"wp","href":"https:\/\/api.w.org\/{rel}","templated":true}]}}