{"id":20874,"date":"2020-01-10T09:50:00","date_gmt":"2020-01-10T08:50:00","guid":{"rendered":"https:\/\/www.mines-stetienne.fr\/panoramines\/?p=20874"},"modified":"2024-03-07T16:35:52","modified_gmt":"2024-03-07T15:35:52","slug":"des-mineurs-a-la-cop25","status":"publish","type":"post","link":"https:\/\/www.mines-stetienne.fr\/panoramines\/2020\/01\/10\/des-mineurs-a-la-cop25\/","title":{"rendered":"\u00ab\u00a0Des Mineurs \u00e0 la COP25 !\u00a0\u00bb"},"content":{"rendered":"\n<h4 class=\"wp-block-heading\">Quatre alumni de Mines Saint-\u00c9tienne \u00e9taient pr\u00e9sents \u00e0 la COP25 du 2 au 13 d\u00e9cembre \u00e0 Madrid dans le cadre de l&rsquo;association \u00ab\u00a0la fresque du climat\u00a0\u00bb : retour d&rsquo;exp\u00e9rience avec L\u00e9na Trutt, Marta Martinez Reyes, Josu\u00e9 Bulot et Thibaut Germain, ICM E2014 et E2016.<\/h4>\n\n\n\n<p> <a rel=\"noreferrer noopener\" aria-label=\"La COP25 (opens in a new tab)\" href=\"https:\/\/www.cop25.cl\/#\/\" target=\"_blank\">La COP<\/a><a href=\"https:\/\/www.cop25.cl\/#\/\" target=\"_blank\" rel=\"noreferrer noopener\" aria-label=\"La COP25 (opens in a new tab)\"> <\/a><a rel=\"noreferrer noopener\" aria-label=\"La COP25 (opens in a new tab)\" href=\"https:\/\/www.cop25.cl\/#\/\" target=\"_blank\">25<\/a> devait permettre de pr\u00e9senter les objectifs de r\u00e9duction de gaz \u00e0 effet de serre (GES) des diff\u00e9rents \u00e9tats signataires de la <a href=\"https:\/\/unfccc.int\/fr\" target=\"_blank\" rel=\"noreferrer noopener\" aria-label=\"Convention-Cadre des Nations Unies sur le Changement Climatique (CCNUCC) (opens in a new tab)\">Convention-Cadre des Nations Unies sur le Changement Climatique (CCNUCC)<\/a>, en vue de la prochaine <a href=\"https:\/\/sdg.iisd.org\/events\/2020-un-climate-change-conference-unfccc-cop-26\/\" target=\"_blank\" rel=\"noreferrer noopener\" aria-label=\"COP26 \u00e0 Glasgow (opens in a new tab)\">COP26 \u00e0 Glasgow<\/a>. <\/p>\n\n\n\n<p>Six ing\u00e9nieurs des mines (4 st\u00e9phanois, 2 al\u00e9siens) ont rejoint Madrid en tant que b\u00e9n\u00e9voles de l\u2019association de La Fresque du Climat, une association qui tend \u00e0 sensibiliser la population aux enjeux du d\u00e9r\u00e8glement climatique et  faire grandir cette prise de conscience de mani\u00e8re exponentielle et \u00e0 l\u2019international. <\/p>\n\n\n\n<blockquote class=\"wp-block-quote is-layout-flow wp-block-quote-is-layout-flow\"><p><em>\u00ab\u00a0Nous y sommes all\u00e9s en tant que citoyens et habitants de notre plan\u00e8te, curieux de d\u00e9couvrir les initiatives locales de chaque \u00e9tat pr\u00e9sent, afin de renforcer les liens entre les diff\u00e9rents acteurs qui se battent pour le climat\u00a0\u00bb.<\/em><\/p><\/blockquote>\n\n\n\n<p>Au total,  un groupe de 30 \u00e0 40 b\u00e9n\u00e9voles pour l\u2019association issus de diff\u00e9rentes cursus, r\u00e9gions et exp\u00e9riences : \u00ab\u00a0<em>nous nous sommes rencontr\u00e9s au d\u00e9but du mois de d\u00e9cembre, challengeant au quotidien le slogan de cette <a href=\"https:\/\/unfccc.int\/fr\/cop25\" target=\"_blank\" rel=\"noreferrer noopener\" aria-label=\"COP25 : \u00ab Time For Action \u00bb.  (opens in a new tab)\">COP25 : \u00ab Time For Action \u00bb. <\/a><\/em><\/p>\n\n\n\n<figure class=\"wp-block-gallery columns-3 is-cropped wp-block-gallery-2 is-layout-flex wp-block-gallery-is-layout-flex\"><ul class=\"blocks-gallery-grid\"><li class=\"blocks-gallery-item\"><figure><a href=\"https:\/\/www.mines-stetienne.fr\/panoramines\/wp-content\/uploads\/sites\/3\/2020\/01\/conference_cop25.jpg\"><img loading=\"lazy\" decoding=\"async\" width=\"700\" height=\"330\" src=\"https:\/\/www.mines-stetienne.fr\/panoramines\/wp-content\/uploads\/sites\/3\/2020\/01\/conference_cop25.jpg\" alt=\"\" data-id=\"20879\" data-full-url=\"https:\/\/www.mines-stetienne.fr\/panoramines\/wp-content\/uploads\/sites\/3\/2020\/01\/conference_cop25.jpg\" data-link=\"https:\/\/www.mines-stetienne.fr\/panoramines\/conference_cop25\/\" class=\"wp-image-20879\" srcset=\"https:\/\/www.mines-stetienne.fr\/panoramines\/wp-content\/uploads\/sites\/3\/2020\/01\/conference_cop25.jpg 700w, https:\/\/www.mines-stetienne.fr\/panoramines\/wp-content\/uploads\/sites\/3\/2020\/01\/conference_cop25-300x141.jpg 300w\" sizes=\"auto, (max-width: 700px) 100vw, 700px\" \/><\/a><figcaption class=\"blocks-gallery-item__caption\">Organisation d&rsquo;une conf\u00e9rence \u00ab\u00a0How to scale up climate education\u00a0\u00bb (*)<\/figcaption><\/figure><\/li><li class=\"blocks-gallery-item\"><figure><a href=\"https:\/\/www.mines-stetienne.fr\/panoramines\/wp-content\/uploads\/sites\/3\/2020\/01\/fresque_cop25.jpg\"><img loading=\"lazy\" decoding=\"async\" width=\"750\" height=\"596\" src=\"https:\/\/www.mines-stetienne.fr\/panoramines\/wp-content\/uploads\/sites\/3\/2020\/01\/fresque_cop25.jpg\" alt=\"\" data-id=\"20880\" data-full-url=\"https:\/\/www.mines-stetienne.fr\/panoramines\/wp-content\/uploads\/sites\/3\/2020\/01\/fresque_cop25.jpg\" data-link=\"https:\/\/www.mines-stetienne.fr\/panoramines\/fresque_cop25\/\" class=\"wp-image-20880\" srcset=\"https:\/\/www.mines-stetienne.fr\/panoramines\/wp-content\/uploads\/sites\/3\/2020\/01\/fresque_cop25.jpg 750w, https:\/\/www.mines-stetienne.fr\/panoramines\/wp-content\/uploads\/sites\/3\/2020\/01\/fresque_cop25-300x238.jpg 300w\" sizes=\"auto, (max-width: 750px) 100vw, 750px\" \/><\/a><figcaption class=\"blocks-gallery-item__caption\">Op\u00e9ration \u00ab\u00a0sensibilisation\u00a0\u00bb dans le parc du Retiro\u00a0<\/figcaption><\/figure><\/li><li class=\"blocks-gallery-item\"><figure><a href=\"https:\/\/www.mines-stetienne.fr\/panoramines\/wp-content\/uploads\/sites\/3\/2020\/01\/JosueLena_cop25.jpg\"><img loading=\"lazy\" decoding=\"async\" width=\"624\" height=\"364\" src=\"https:\/\/www.mines-stetienne.fr\/panoramines\/wp-content\/uploads\/sites\/3\/2020\/01\/JosueLena_cop25.jpg\" alt=\"\" data-id=\"20881\" data-full-url=\"https:\/\/www.mines-stetienne.fr\/panoramines\/wp-content\/uploads\/sites\/3\/2020\/01\/JosueLena_cop25.jpg\" data-link=\"https:\/\/www.mines-stetienne.fr\/panoramines\/josuelena_cop25\/\" class=\"wp-image-20881\" srcset=\"https:\/\/www.mines-stetienne.fr\/panoramines\/wp-content\/uploads\/sites\/3\/2020\/01\/JosueLena_cop25.jpg 624w, https:\/\/www.mines-stetienne.fr\/panoramines\/wp-content\/uploads\/sites\/3\/2020\/01\/JosueLena_cop25-300x175.jpg 300w\" sizes=\"auto, (max-width: 624px) 100vw, 624px\" \/><\/a><figcaption class=\"blocks-gallery-item__caption\">Atelier Fresque \u00ab\u00a0version junior\u00a0\u00bb<\/figcaption><\/figure><\/li><\/ul><figcaption class=\"blocks-gallery-caption\">(*) Accueil de Val\u00e9rie Masson-Delmotte, pal\u00e9oclimatologue <\/figcaption><\/figure>\n\n\n\n<blockquote class=\"wp-block-quote is-layout-flow wp-block-quote-is-layout-flow\"><p><em>\u00ab\u00a0Malgr\u00e9 les r\u00e9sultats d\u00e9cevants de cette COP 25 du point de vue des parties prenantes officielles, cette \u00e9dition restera pour nous un succ\u00e8s\u00a0: nous avons pu sensibiliser plus de 1000 personnes aux enjeux climatiques, former pr\u00e8s de 50 nouveaux animateurs dans une dizaine de pays diff\u00e9rents, pour permettre une sensibilisation globale et non localis\u00e9e. \u00ab\u00a0<\/em><\/p><\/blockquote>\n\n\n\n<p>Nous avons pu rencontrer un grand nombre d\u2019acteurs du sommet social pour le climat (sommet alternatif cr\u00e9\u00e9 par la soci\u00e9t\u00e9 civile). Nous avons vu des liens sociaux se cr\u00e9er entre les individus pour avancer ensemble et s\u2019organiser \u00e0 large \u00e9chelle pour le climat.\u00a0\u00bb<\/p>\n\n\n\n<p>Contacts : <a href=\"&#x6d;&#x61;&#x69;&#x6c;&#x74;&#x6f;&#x3a;&#108;&#101;&#110;&#97;&#46;trut&#x74;&#x40;&#x67;&#x6d;&#x61;&#x69;&#x6c;&#x2e;&#99;&#111;&#109;\">L\u00e9na<\/a>, Marta, Josu\u00e9, Thibaut, ICM E2014 &amp; 2016<\/p>\n\n\n\n<hr class=\"wp-block-separator\" \/>\n","protected":false},"excerpt":{"rendered":"<p>Quatre alumni de Mines Saint-\u00c9tienne \u00e9taient pr\u00e9sents \u00e0 la COP25 du 2 au 13 d\u00e9cembre \u00e0 Madrid dans le cadre de l&rsquo;association \u00ab\u00a0la fresque du climat\u00a0\u00bb : retour d&rsquo;exp\u00e9rience avec L\u00e9na Trutt, Marta Martinez Reyes, Josu\u00e9 Bulot et Thibaut Germain, &hellip;<\/p>\n","protected":false},"author":3,"featured_media":20878,"comment_status":"closed","ping_status":"open","sticky":false,"template":"","format":"standard","meta":{"_relevanssi_hide_post":"","_relevanssi_hide_content":"","_relevanssi_pin_for_all":"","_relevanssi_pin_keywords":"","_relevanssi_unpin_keywords":"","_relevanssi_related_keywords":"","_relevanssi_related_include_ids":"","_relevanssi_related_exclude_ids":"","_relevanssi_related_no_append":"","_relevanssi_related_not_related":"","_relevanssi_related_posts":"","_relevanssi_noindex_reason":"","footnotes":""},"categories":[8],"tags":[164,608,20,37,53],"class_list":["post-20874","post","type-post","status-publish","format-standard","has-post-thumbnail","hentry","category-vie-etudiante","tag-alumni","tag-climat","tag-environnement","tag-icm","tag-international"],"pp_statuses_selecting_workflow":false,"pp_workflow_action":"current","pp_status_selection":"publish","pp_force_visibility":null,"pp_subpost_visibility":null,"pp_inherited_force_visibility":null,"pp_inherited_subpost_visibility":null,"yoast_head":"<!-- This site is optimized with the Yoast SEO plugin v27.4 - https:\/\/yoast.com\/product\/yoast-seo-wordpress\/ -->\n<title>&quot;Des Mineurs \u00e0 la COP25 !&quot; - Panoramines<\/title>\n<meta name=\"robots\" content=\"index, follow, max-snippet:-1, max-image-preview:large, max-video-preview:-1\" \/>\n<link rel=\"canonical\" href=\"https:\/\/www.mines-stetienne.fr\/panoramines\/2020\/01\/10\/des-mineurs-a-la-cop25\/\" \/>\n<meta property=\"og:locale\" content=\"fr_FR\" \/>\n<meta property=\"og:type\" content=\"article\" \/>\n<meta property=\"og:title\" content=\"&quot;Des Mineurs \u00e0 la COP25 !&quot; - Panoramines\" \/>\n<meta property=\"og:description\" content=\"Quatre alumni de Mines Saint-\u00c9tienne \u00e9taient pr\u00e9sents \u00e0 la COP25 du 2 au 13 d\u00e9cembre \u00e0 Madrid dans le cadre de l&rsquo;association \u00ab\u00a0la fresque du climat\u00a0\u00bb : retour d&rsquo;exp\u00e9rience avec L\u00e9na Trutt, Marta Martinez Reyes, Josu\u00e9 Bulot et Thibaut Germain, &hellip;\" \/>\n<meta property=\"og:url\" content=\"https:\/\/www.mines-stetienne.fr\/panoramines\/2020\/01\/10\/des-mineurs-a-la-cop25\/\" \/>\n<meta property=\"og:site_name\" content=\"Panoramines\" \/>\n<meta property=\"article:published_time\" content=\"2020-01-10T08:50:00+00:00\" \/>\n<meta property=\"article:modified_time\" content=\"2024-03-07T15:35:52+00:00\" \/>\n<meta property=\"og:image\" content=\"https:\/\/www.mines-stetienne.fr\/panoramines\/wp-content\/uploads\/sites\/3\/2020\/01\/UneCop25.jpg\" \/>\n\t<meta property=\"og:image:width\" content=\"700\" \/>\n\t<meta property=\"og:image:height\" content=\"320\" \/>\n\t<meta property=\"og:image:type\" content=\"image\/jpeg\" \/>\n<meta name=\"author\" content=\"Nathalie\" \/>\n<meta name=\"twitter:card\" content=\"summary_large_image\" \/>\n<meta name=\"twitter:label1\" content=\"\u00c9crit par\" \/>\n\t<meta name=\"twitter:data1\" content=\" Nathalie\" \/>\n\t<meta name=\"twitter:label2\" content=\"Dur\u00e9e de lecture estim\u00e9e\" \/>\n\t<meta name=\"twitter:data2\" content=\"2 minutes\" \/>\n<script type=\"application\/ld+json\" class=\"yoast-schema-graph\">{\"@context\":\"https:\\\/\\\/schema.org\",\"@graph\":[{\"@type\":\"Article\",\"@id\":\"https:\\\/\\\/www.mines-stetienne.fr\\\/panoramines\\\/2020\\\/01\\\/10\\\/des-mineurs-a-la-cop25\\\/#article\",\"isPartOf\":{\"@id\":\"https:\\\/\\\/www.mines-stetienne.fr\\\/panoramines\\\/2020\\\/01\\\/10\\\/des-mineurs-a-la-cop25\\\/\"},\"author\":{\"name\":\"Nathalie\",\"@id\":\"https:\\\/\\\/www.mines-stetienne.fr\\\/panoramines\\\/#\\\/schema\\\/person\\\/95e752e6dedac604ce4535123e0f8df7\"},\"headline\":\"\u00ab\u00a0Des Mineurs \u00e0 la COP25 !\u00a0\u00bb\",\"datePublished\":\"2020-01-10T08:50:00+00:00\",\"dateModified\":\"2024-03-07T15:35:52+00:00\",\"mainEntityOfPage\":{\"@id\":\"https:\\\/\\\/www.mines-stetienne.fr\\\/panoramines\\\/2020\\\/01\\\/10\\\/des-mineurs-a-la-cop25\\\/\"},\"wordCount\":372,\"image\":{\"@id\":\"https:\\\/\\\/www.mines-stetienne.fr\\\/panoramines\\\/2020\\\/01\\\/10\\\/des-mineurs-a-la-cop25\\\/#primaryimage\"},\"thumbnailUrl\":\"https:\\\/\\\/www.mines-stetienne.fr\\\/panoramines\\\/wp-content\\\/uploads\\\/sites\\\/3\\\/2020\\\/01\\\/UneCop25.jpg\",\"keywords\":[\"Alumni\",\"Climat\",\"Environnement\",\"ICM\",\"International\"],\"articleSection\":[\"Vie \u00e9tudiante\"],\"inLanguage\":\"fr-FR\"},{\"@type\":\"WebPage\",\"@id\":\"https:\\\/\\\/www.mines-stetienne.fr\\\/panoramines\\\/2020\\\/01\\\/10\\\/des-mineurs-a-la-cop25\\\/\",\"url\":\"https:\\\/\\\/www.mines-stetienne.fr\\\/panoramines\\\/2020\\\/01\\\/10\\\/des-mineurs-a-la-cop25\\\/\",\"name\":\"\\\"Des Mineurs \u00e0 la COP25 !\\\" - Panoramines\",\"isPartOf\":{\"@id\":\"https:\\\/\\\/www.mines-stetienne.fr\\\/panoramines\\\/#website\"},\"primaryImageOfPage\":{\"@id\":\"https:\\\/\\\/www.mines-stetienne.fr\\\/panoramines\\\/2020\\\/01\\\/10\\\/des-mineurs-a-la-cop25\\\/#primaryimage\"},\"image\":{\"@id\":\"https:\\\/\\\/www.mines-stetienne.fr\\\/panoramines\\\/2020\\\/01\\\/10\\\/des-mineurs-a-la-cop25\\\/#primaryimage\"},\"thumbnailUrl\":\"https:\\\/\\\/www.mines-stetienne.fr\\\/panoramines\\\/wp-content\\\/uploads\\\/sites\\\/3\\\/2020\\\/01\\\/UneCop25.jpg\",\"datePublished\":\"2020-01-10T08:50:00+00:00\",\"dateModified\":\"2024-03-07T15:35:52+00:00\",\"author\":{\"@id\":\"https:\\\/\\\/www.mines-stetienne.fr\\\/panoramines\\\/#\\\/schema\\\/person\\\/95e752e6dedac604ce4535123e0f8df7\"},\"breadcrumb\":{\"@id\":\"https:\\\/\\\/www.mines-stetienne.fr\\\/panoramines\\\/2020\\\/01\\\/10\\\/des-mineurs-a-la-cop25\\\/#breadcrumb\"},\"inLanguage\":\"fr-FR\",\"potentialAction\":[{\"@type\":\"ReadAction\",\"target\":[\"https:\\\/\\\/www.mines-stetienne.fr\\\/panoramines\\\/2020\\\/01\\\/10\\\/des-mineurs-a-la-cop25\\\/\"]}]},{\"@type\":\"ImageObject\",\"inLanguage\":\"fr-FR\",\"@id\":\"https:\\\/\\\/www.mines-stetienne.fr\\\/panoramines\\\/2020\\\/01\\\/10\\\/des-mineurs-a-la-cop25\\\/#primaryimage\",\"url\":\"https:\\\/\\\/www.mines-stetienne.fr\\\/panoramines\\\/wp-content\\\/uploads\\\/sites\\\/3\\\/2020\\\/01\\\/UneCop25.jpg\",\"contentUrl\":\"https:\\\/\\\/www.mines-stetienne.fr\\\/panoramines\\\/wp-content\\\/uploads\\\/sites\\\/3\\\/2020\\\/01\\\/UneCop25.jpg\",\"width\":700,\"height\":320},{\"@type\":\"BreadcrumbList\",\"@id\":\"https:\\\/\\\/www.mines-stetienne.fr\\\/panoramines\\\/2020\\\/01\\\/10\\\/des-mineurs-a-la-cop25\\\/#breadcrumb\",\"itemListElement\":[{\"@type\":\"ListItem\",\"position\":1,\"name\":\"Accueil\",\"item\":\"https:\\\/\\\/www.mines-stetienne.fr\\\/panoramines\\\/\"},{\"@type\":\"ListItem\",\"position\":2,\"name\":\"\u00ab\u00a0Des Mineurs \u00e0 la COP25 !\u00a0\u00bb\"}]},{\"@type\":\"WebSite\",\"@id\":\"https:\\\/\\\/www.mines-stetienne.fr\\\/panoramines\\\/#website\",\"url\":\"https:\\\/\\\/www.mines-stetienne.fr\\\/panoramines\\\/\",\"name\":\"Panoramines\",\"description\":\"Panoramines, l\u2019actualit\u00e9 de MINES Saint-\u00c9tienne\",\"potentialAction\":[{\"@type\":\"SearchAction\",\"target\":{\"@type\":\"EntryPoint\",\"urlTemplate\":\"https:\\\/\\\/www.mines-stetienne.fr\\\/panoramines\\\/?s={search_term_string}\"},\"query-input\":{\"@type\":\"PropertyValueSpecification\",\"valueRequired\":true,\"valueName\":\"search_term_string\"}}],\"inLanguage\":\"fr-FR\"},{\"@type\":\"Person\",\"@id\":\"https:\\\/\\\/www.mines-stetienne.fr\\\/panoramines\\\/#\\\/schema\\\/person\\\/95e752e6dedac604ce4535123e0f8df7\",\"name\":\"Nathalie\",\"image\":{\"@type\":\"ImageObject\",\"inLanguage\":\"fr-FR\",\"@id\":\"https:\\\/\\\/www.mines-stetienne.fr\\\/panoramines\\\/wp-content\\\/uploads\\\/sites\\\/3\\\/2021\\\/07\\\/logo-75x75-1.png\",\"url\":\"https:\\\/\\\/www.mines-stetienne.fr\\\/panoramines\\\/wp-content\\\/uploads\\\/sites\\\/3\\\/2021\\\/07\\\/logo-75x75-1.png\",\"contentUrl\":\"https:\\\/\\\/www.mines-stetienne.fr\\\/panoramines\\\/wp-content\\\/uploads\\\/sites\\\/3\\\/2021\\\/07\\\/logo-75x75-1.png\",\"caption\":\"Nathalie\"},\"url\":\"https:\\\/\\\/www.mines-stetienne.fr\\\/panoramines\\\/author\\\/nathalie\\\/\"}]}<\/script>\n<!-- \/ Yoast SEO plugin. -->","yoast_head_json":{"title":"\"Des Mineurs \u00e0 la COP25 !\" - Panoramines","robots":{"index":"index","follow":"follow","max-snippet":"max-snippet:-1","max-image-preview":"max-image-preview:large","max-video-preview":"max-video-preview:-1"},"canonical":"https:\/\/www.mines-stetienne.fr\/panoramines\/2020\/01\/10\/des-mineurs-a-la-cop25\/","og_locale":"fr_FR","og_type":"article","og_title":"\"Des Mineurs \u00e0 la COP25 !\" - Panoramines","og_description":"Quatre alumni de Mines Saint-\u00c9tienne \u00e9taient pr\u00e9sents \u00e0 la COP25 du 2 au 13 d\u00e9cembre \u00e0 Madrid dans le cadre de l&rsquo;association \u00ab\u00a0la fresque du climat\u00a0\u00bb : retour d&rsquo;exp\u00e9rience avec L\u00e9na Trutt, Marta Martinez Reyes, Josu\u00e9 Bulot et Thibaut Germain, &hellip;","og_url":"https:\/\/www.mines-stetienne.fr\/panoramines\/2020\/01\/10\/des-mineurs-a-la-cop25\/","og_site_name":"Panoramines","article_published_time":"2020-01-10T08:50:00+00:00","article_modified_time":"2024-03-07T15:35:52+00:00","og_image":[{"width":700,"height":320,"url":"https:\/\/www.mines-stetienne.fr\/panoramines\/wp-content\/uploads\/sites\/3\/2020\/01\/UneCop25.jpg","type":"image\/jpeg"}],"author":"Nathalie","twitter_card":"summary_large_image","twitter_misc":{"\u00c9crit par":" Nathalie","Dur\u00e9e de lecture estim\u00e9e":"2 minutes"},"schema":{"@context":"https:\/\/schema.org","@graph":[{"@type":"Article","@id":"https:\/\/www.mines-stetienne.fr\/panoramines\/2020\/01\/10\/des-mineurs-a-la-cop25\/#article","isPartOf":{"@id":"https:\/\/www.mines-stetienne.fr\/panoramines\/2020\/01\/10\/des-mineurs-a-la-cop25\/"},"author":{"name":"Nathalie","@id":"https:\/\/www.mines-stetienne.fr\/panoramines\/#\/schema\/person\/95e752e6dedac604ce4535123e0f8df7"},"headline":"\u00ab\u00a0Des Mineurs \u00e0 la COP25 !\u00a0\u00bb","datePublished":"2020-01-10T08:50:00+00:00","dateModified":"2024-03-07T15:35:52+00:00","mainEntityOfPage":{"@id":"https:\/\/www.mines-stetienne.fr\/panoramines\/2020\/01\/10\/des-mineurs-a-la-cop25\/"},"wordCount":372,"image":{"@id":"https:\/\/www.mines-stetienne.fr\/panoramines\/2020\/01\/10\/des-mineurs-a-la-cop25\/#primaryimage"},"thumbnailUrl":"https:\/\/www.mines-stetienne.fr\/panoramines\/wp-content\/uploads\/sites\/3\/2020\/01\/UneCop25.jpg","keywords":["Alumni","Climat","Environnement","ICM","International"],"articleSection":["Vie \u00e9tudiante"],"inLanguage":"fr-FR"},{"@type":"WebPage","@id":"https:\/\/www.mines-stetienne.fr\/panoramines\/2020\/01\/10\/des-mineurs-a-la-cop25\/","url":"https:\/\/www.mines-stetienne.fr\/panoramines\/2020\/01\/10\/des-mineurs-a-la-cop25\/","name":"\"Des Mineurs \u00e0 la COP25 !\" - Panoramines","isPartOf":{"@id":"https:\/\/www.mines-stetienne.fr\/panoramines\/#website"},"primaryImageOfPage":{"@id":"https:\/\/www.mines-stetienne.fr\/panoramines\/2020\/01\/10\/des-mineurs-a-la-cop25\/#primaryimage"},"image":{"@id":"https:\/\/www.mines-stetienne.fr\/panoramines\/2020\/01\/10\/des-mineurs-a-la-cop25\/#primaryimage"},"thumbnailUrl":"https:\/\/www.mines-stetienne.fr\/panoramines\/wp-content\/uploads\/sites\/3\/2020\/01\/UneCop25.jpg","datePublished":"2020-01-10T08:50:00+00:00","dateModified":"2024-03-07T15:35:52+00:00","author":{"@id":"https:\/\/www.mines-stetienne.fr\/panoramines\/#\/schema\/person\/95e752e6dedac604ce4535123e0f8df7"},"breadcrumb":{"@id":"https:\/\/www.mines-stetienne.fr\/panoramines\/2020\/01\/10\/des-mineurs-a-la-cop25\/#breadcrumb"},"inLanguage":"fr-FR","potentialAction":[{"@type":"ReadAction","target":["https:\/\/www.mines-stetienne.fr\/panoramines\/2020\/01\/10\/des-mineurs-a-la-cop25\/"]}]},{"@type":"ImageObject","inLanguage":"fr-FR","@id":"https:\/\/www.mines-stetienne.fr\/panoramines\/2020\/01\/10\/des-mineurs-a-la-cop25\/#primaryimage","url":"https:\/\/www.mines-stetienne.fr\/panoramines\/wp-content\/uploads\/sites\/3\/2020\/01\/UneCop25.jpg","contentUrl":"https:\/\/www.mines-stetienne.fr\/panoramines\/wp-content\/uploads\/sites\/3\/2020\/01\/UneCop25.jpg","width":700,"height":320},{"@type":"BreadcrumbList","@id":"https:\/\/www.mines-stetienne.fr\/panoramines\/2020\/01\/10\/des-mineurs-a-la-cop25\/#breadcrumb","itemListElement":[{"@type":"ListItem","position":1,"name":"Accueil","item":"https:\/\/www.mines-stetienne.fr\/panoramines\/"},{"@type":"ListItem","position":2,"name":"\u00ab\u00a0Des Mineurs \u00e0 la COP25 !\u00a0\u00bb"}]},{"@type":"WebSite","@id":"https:\/\/www.mines-stetienne.fr\/panoramines\/#website","url":"https:\/\/www.mines-stetienne.fr\/panoramines\/","name":"Panoramines","description":"Panoramines, l\u2019actualit\u00e9 de MINES Saint-\u00c9tienne","potentialAction":[{"@type":"SearchAction","target":{"@type":"EntryPoint","urlTemplate":"https:\/\/www.mines-stetienne.fr\/panoramines\/?s={search_term_string}"},"query-input":{"@type":"PropertyValueSpecification","valueRequired":true,"valueName":"search_term_string"}}],"inLanguage":"fr-FR"},{"@type":"Person","@id":"https:\/\/www.mines-stetienne.fr\/panoramines\/#\/schema\/person\/95e752e6dedac604ce4535123e0f8df7","name":"Nathalie","image":{"@type":"ImageObject","inLanguage":"fr-FR","@id":"https:\/\/www.mines-stetienne.fr\/panoramines\/wp-content\/uploads\/sites\/3\/2021\/07\/logo-75x75-1.png","url":"https:\/\/www.mines-stetienne.fr\/panoramines\/wp-content\/uploads\/sites\/3\/2021\/07\/logo-75x75-1.png","contentUrl":"https:\/\/www.mines-stetienne.fr\/panoramines\/wp-content\/uploads\/sites\/3\/2021\/07\/logo-75x75-1.png","caption":"Nathalie"},"url":"https:\/\/www.mines-stetienne.fr\/panoramines\/author\/nathalie\/"}]}},"_links":{"self":[{"href":"https:\/\/www.mines-stetienne.fr\/panoramines\/wp-json\/wp\/v2\/posts\/20874","targetHints":{"allow":["GET"]}}],"collection":[{"href":"https:\/\/www.mines-stetienne.fr\/panoramines\/wp-json\/wp\/v2\/posts"}],"about":[{"href":"https:\/\/www.mines-stetienne.fr\/panoramines\/wp-json\/wp\/v2\/types\/post"}],"author":[{"embeddable":true,"href":"https:\/\/www.mines-stetienne.fr\/panoramines\/wp-json\/wp\/v2\/users\/3"}],"replies":[{"embeddable":true,"href":"https:\/\/www.mines-stetienne.fr\/panoramines\/wp-json\/wp\/v2\/comments?post=20874"}],"version-history":[{"count":9,"href":"https:\/\/www.mines-stetienne.fr\/panoramines\/wp-json\/wp\/v2\/posts\/20874\/revisions"}],"predecessor-version":[{"id":21147,"href":"https:\/\/www.mines-stetienne.fr\/panoramines\/wp-json\/wp\/v2\/posts\/20874\/revisions\/21147"}],"wp:featuredmedia":[{"embeddable":true,"href":"https:\/\/www.mines-stetienne.fr\/panoramines\/wp-json\/wp\/v2\/media\/20878"}],"wp:attachment":[{"href":"https:\/\/www.mines-stetienne.fr\/panoramines\/wp-json\/wp\/v2\/media?parent=20874"}],"wp:term":[{"taxonomy":"category","embeddable":true,"href":"https:\/\/www.mines-stetienne.fr\/panoramines\/wp-json\/wp\/v2\/categories?post=20874"},{"taxonomy":"post_tag","embeddable":true,"href":"https:\/\/www.mines-stetienne.fr\/panoramines\/wp-json\/wp\/v2\/tags?post=20874"}],"curies":[{"name":"wp","href":"https:\/\/api.w.org\/{rel}","templated":true}]}}