{"id":20294,"date":"2020-01-14T16:25:52","date_gmt":"2020-01-14T15:25:52","guid":{"rendered":"https:\/\/www.mines-stetienne.fr\/panoramines\/?p=20294"},"modified":"2024-03-07T16:11:14","modified_gmt":"2024-03-07T15:11:14","slug":"pascal-laurin-parrain-de-la-remise-des-diplomes","status":"publish","type":"post","link":"https:\/\/www.mines-stetienne.fr\/panoramines\/2020\/01\/14\/pascal-laurin-parrain-de-la-remise-des-diplomes\/","title":{"rendered":"Pascal Laurin, parrain de la remise des dipl\u00f4mes"},"content":{"rendered":"\n<h4 class=\"wp-block-heading\">Directeur Industrie du futur 4.0 pour Bosch France et directeur de la division industrielle Bosch Rexroth, Pascal Laurin observe depuis pr\u00e8s de 14 ans les grandes \u00e9volutions technologiques du monde industriel ainsi que leurs opportunit\u00e9s et impacts commerciaux. Il a accept\u00e9 de parrainer la c\u00e9r\u00e9monie du 8 f\u00e9vrier prochain qui dipl\u00f4mera la promotion ICM 2016 et les docteurs 2019 de Mines Saint-\u00c9tienne.<\/h4>\n\n\n\n<p>Fort de sa double formation commerciale-marketing et technologique, <strong>Pascal Laurin met aujourd\u2019hui cette exp\u00e9rience \u00e0 profit en dirigeant le programme industrie 4.0 pour l\u2019ensemble des entit\u00e9s de <a rel=\"noreferrer noopener\" aria-label=\"Bosch en France (opens in a new tab)\" href=\"https:\/\/www.bosch.fr\/\" target=\"_blank\">Bosch en France<\/a>. <\/strong>Pionnier de la m\u00e9catronique au sein du groupe Bosch et de la profession (il est pr\u00e9sident m\u00e9catronique <a rel=\"noreferrer noopener\" aria-label=\"ARTEMA de la FIM un des syndicats majeurs de la F\u00e9d\u00e9ration des Industries M\u00e9caniques (opens in a new tab)\" href=\"https:\/\/www.artema-france.org\/reseau-artema\/membre-de-la-fim\/\" target=\"_blank\">ARTEMA \/ FIM un des syndicats majeurs de la F\u00e9d\u00e9ration des Industries M\u00e9caniques<\/a>), il  mixe avec passion, les technologies innovantes avec les opportunit\u00e9s commerciales de la digitalisation pour la r\u00e9ussite et l\u2019excellence de l\u2019industrie du futur 4.0 en France.<\/p>\n\n\n\n<h4 class=\"wp-block-heading\"><span style=\"color:#6000a3\" class=\"tadv-color\">Comment concevez-vous le r\u00f4le de parrain ?<\/span><\/h4>\n\n\n\n<p>Je suis tr\u00e8s honor\u00e9 de parrainer la promotion ICM 2016, m\u00eame si je ne suis pas ing\u00e9nieur : je me d\u00e9finis comme un business-d\u00e9veloppeur, ce n\u2019est pas un paradoxe et le mot business n\u2019est pas p\u00e9joratif&nbsp;! <br><strong>La formation et le lien \u00e9cole\/entreprise sont essentiels et indissociables tout comme l&rsquo;\u00e9quilibre ing\u00e9nieur\/commercial devrait l\u2019\u00eatre.<\/strong><br>J&rsquo;ai toujours \u00e9t\u00e9 attir\u00e9 par la technologie, les enjeux \u00e9conomiques et commerciaux. Cela rejoint bien entendu les probl\u00e9matiques de l&rsquo;industrie 4.0 : leadership industriel, customisation de masse, flexibilit\u00e9 de production et des outils, r\u00e9-industralisation au sens innovant du terme, tout en respectant l&rsquo;environnement.<\/p>\n\n\n\n<h4 class=\"has-text-color wp-block-heading\" style=\"color:#4f13be\">Quels sont vos liens privil\u00e9gi\u00e9s avec notre \u00e9cole ?<\/h4>\n\n\n\n<p><a href=\"https:\/\/www.bosch.fr\/notre-entreprise\/le-groupe-bosch-dans-le-monde\/\" target=\"_blank\" rel=\"noreferrer noopener\" aria-label=\"Bosch (opens in a new tab)\">Bosch<\/a> fait partie des partenaires de Mines Saint-\u00c9tienne et de la plateforme technologique <a href=\"https:\/\/www.mines-stetienne.fr\/entreprise\/itm-factory\/\" target=\"_blank\" rel=\"noreferrer noopener\" aria-label=\"it\u2019m Factory (opens in a new tab)\">it\u2019m Factory<\/a>&nbsp;: l\u2019un des d\u00e9monstrateurs importants en France ! La plateforme contient des briques de notre groupe en particulier le robot collaboratif d\u00e9velopp\u00e9 par les \u00e9quipes de <a rel=\"noreferrer noopener\" href=\"https:\/\/www.boschrexroth.com\/en\/xc\/\" target=\"_blank\">Bosch Rextroth<\/a>.<br><strong>J\u2019ai suivi depuis plusieurs ann\u00e9es le positionnement fort de votre \u00e9cole sur l\u2019industrie 4.0 et nos collaborations perdurent<\/strong> depuis, notamment \u00e0 travers les projets du <a href=\"https:\/\/www.campus-region.fr\/\" target=\"_blank\" rel=\"noreferrer noopener\" aria-label=\"campus du num\u00e9rique (opens in a new tab)\">campus du num\u00e9rique<\/a> de la R\u00e9gion Auvergne Rh\u00f4ne-Alpes.<\/p>\n\n\n\n<h4 class=\"has-text-color wp-block-heading\" style=\"color:#4f13be\">Quel premier message souhaitez-vous transmettre aux jeunes dipl\u00f4m\u00e9s ?<\/h4>\n\n\n\n<p>\u00c0 eux de concr\u00e9tiser le futur, nous (notre g\u00e9n\u00e9ration) le pr\u00e9parons&nbsp;!<br>Ils sont g\u00e9n\u00e9ralistes et doivent avoir une vision claire pour raconter le monde, \u00eatre capable de s\u2019adapter, car tout va tr\u00e8s vite. <strong>Les ing\u00e9nieurs repr\u00e9sentent un apport accru de comp\u00e9tences, dans les grands groupes certes, mais aussi dans les PME, ETI, startups,<\/strong> o\u00f9 des prises de risques sont souvent n\u00e9cessaires pour se d\u00e9velopper \u00e0 l\u2019international.<br> Il doivent aussi et surtout se faire plaisir et ne pas h\u00e9siter \u00e0 changer de cap.<\/p>\n\n\n\n<hr class=\"wp-block-separator\" \/>\n","protected":false},"excerpt":{"rendered":"<p>Directeur Industrie du futur 4.0 pour Bosch France et directeur de la division industrielle Bosch Rexroth, Pascal Laurin observe depuis pr\u00e8s de 14 ans les grandes \u00e9volutions technologiques du monde industriel ainsi que leurs opportunit\u00e9s et impacts commerciaux. Il a &hellip;<\/p>\n","protected":false},"author":3,"featured_media":20754,"comment_status":"closed","ping_status":"open","sticky":false,"template":"","format":"standard","meta":{"_relevanssi_hide_post":"","_relevanssi_hide_content":"","_relevanssi_pin_for_all":"","_relevanssi_pin_keywords":"","_relevanssi_unpin_keywords":"","_relevanssi_related_keywords":"","_relevanssi_related_include_ids":"","_relevanssi_related_exclude_ids":"","_relevanssi_related_no_append":"","_relevanssi_related_not_related":"","_relevanssi_related_posts":"","_relevanssi_noindex_reason":"","footnotes":""},"categories":[6],"tags":[660,70,37,62,800],"class_list":["post-20294","post","type-post","status-publish","format-standard","has-post-thumbnail","hentry","category-formation","tag-bosch","tag-diplomes","tag-icm","tag-industrie-du-futur","tag-saint-etienne-2"],"pp_statuses_selecting_workflow":false,"pp_workflow_action":"current","pp_status_selection":"publish","pp_force_visibility":null,"pp_subpost_visibility":null,"pp_inherited_force_visibility":null,"pp_inherited_subpost_visibility":null,"yoast_head":"<!-- This site is optimized with the Yoast SEO plugin v27.5 - https:\/\/yoast.com\/product\/yoast-seo-wordpress\/ -->\n<title>Pascal Laurin, parrain de la remise des dipl\u00f4mes - Panoramines<\/title>\n<meta name=\"robots\" content=\"index, follow, max-snippet:-1, max-image-preview:large, max-video-preview:-1\" \/>\n<link rel=\"canonical\" href=\"https:\/\/www.mines-stetienne.fr\/panoramines\/2020\/01\/14\/pascal-laurin-parrain-de-la-remise-des-diplomes\/\" \/>\n<meta property=\"og:locale\" content=\"fr_FR\" \/>\n<meta property=\"og:type\" content=\"article\" \/>\n<meta property=\"og:title\" content=\"Pascal Laurin, parrain de la remise des dipl\u00f4mes - Panoramines\" \/>\n<meta property=\"og:description\" content=\"Directeur Industrie du futur 4.0 pour Bosch France et directeur de la division industrielle Bosch Rexroth, Pascal Laurin observe depuis pr\u00e8s de 14 ans les grandes \u00e9volutions technologiques du monde industriel ainsi que leurs opportunit\u00e9s et impacts commerciaux. Il a &hellip;\" \/>\n<meta property=\"og:url\" content=\"https:\/\/www.mines-stetienne.fr\/panoramines\/2020\/01\/14\/pascal-laurin-parrain-de-la-remise-des-diplomes\/\" \/>\n<meta property=\"og:site_name\" content=\"Panoramines\" \/>\n<meta property=\"article:published_time\" content=\"2020-01-14T15:25:52+00:00\" \/>\n<meta property=\"article:modified_time\" content=\"2024-03-07T15:11:14+00:00\" \/>\n<meta property=\"og:image\" content=\"https:\/\/www.mines-stetienne.fr\/panoramines\/wp-content\/uploads\/sites\/3\/2019\/12\/UnePLaurin.jpg\" \/>\n\t<meta property=\"og:image:width\" content=\"700\" \/>\n\t<meta property=\"og:image:height\" content=\"350\" \/>\n\t<meta property=\"og:image:type\" content=\"image\/jpeg\" \/>\n<meta name=\"author\" content=\"Nathalie\" \/>\n<meta name=\"twitter:card\" content=\"summary_large_image\" \/>\n<meta name=\"twitter:label1\" content=\"\u00c9crit par\" \/>\n\t<meta name=\"twitter:data1\" content=\" Nathalie\" \/>\n\t<meta name=\"twitter:label2\" content=\"Dur\u00e9e de lecture estim\u00e9e\" \/>\n\t<meta name=\"twitter:data2\" content=\"2 minutes\" \/>\n<script type=\"application\/ld+json\" class=\"yoast-schema-graph\">{\"@context\":\"https:\\\/\\\/schema.org\",\"@graph\":[{\"@type\":\"Article\",\"@id\":\"https:\\\/\\\/www.mines-stetienne.fr\\\/panoramines\\\/2020\\\/01\\\/14\\\/pascal-laurin-parrain-de-la-remise-des-diplomes\\\/#article\",\"isPartOf\":{\"@id\":\"https:\\\/\\\/www.mines-stetienne.fr\\\/panoramines\\\/2020\\\/01\\\/14\\\/pascal-laurin-parrain-de-la-remise-des-diplomes\\\/\"},\"author\":{\"name\":\"Nathalie\",\"@id\":\"https:\\\/\\\/www.mines-stetienne.fr\\\/panoramines\\\/#\\\/schema\\\/person\\\/95e752e6dedac604ce4535123e0f8df7\"},\"headline\":\"Pascal Laurin, parrain de la remise des dipl\u00f4mes\",\"datePublished\":\"2020-01-14T15:25:52+00:00\",\"dateModified\":\"2024-03-07T15:11:14+00:00\",\"mainEntityOfPage\":{\"@id\":\"https:\\\/\\\/www.mines-stetienne.fr\\\/panoramines\\\/2020\\\/01\\\/14\\\/pascal-laurin-parrain-de-la-remise-des-diplomes\\\/\"},\"wordCount\":482,\"image\":{\"@id\":\"https:\\\/\\\/www.mines-stetienne.fr\\\/panoramines\\\/2020\\\/01\\\/14\\\/pascal-laurin-parrain-de-la-remise-des-diplomes\\\/#primaryimage\"},\"thumbnailUrl\":\"https:\\\/\\\/www.mines-stetienne.fr\\\/panoramines\\\/wp-content\\\/uploads\\\/sites\\\/3\\\/2019\\\/12\\\/UnePLaurin.jpg\",\"keywords\":[\"Bosch\",\"Dipl\u00f4mes\",\"ICM\",\"Industrie du futur\",\"Saint-Etienne\"],\"articleSection\":[\"Formation\"],\"inLanguage\":\"fr-FR\"},{\"@type\":\"WebPage\",\"@id\":\"https:\\\/\\\/www.mines-stetienne.fr\\\/panoramines\\\/2020\\\/01\\\/14\\\/pascal-laurin-parrain-de-la-remise-des-diplomes\\\/\",\"url\":\"https:\\\/\\\/www.mines-stetienne.fr\\\/panoramines\\\/2020\\\/01\\\/14\\\/pascal-laurin-parrain-de-la-remise-des-diplomes\\\/\",\"name\":\"Pascal Laurin, parrain de la remise des dipl\u00f4mes - Panoramines\",\"isPartOf\":{\"@id\":\"https:\\\/\\\/www.mines-stetienne.fr\\\/panoramines\\\/#website\"},\"primaryImageOfPage\":{\"@id\":\"https:\\\/\\\/www.mines-stetienne.fr\\\/panoramines\\\/2020\\\/01\\\/14\\\/pascal-laurin-parrain-de-la-remise-des-diplomes\\\/#primaryimage\"},\"image\":{\"@id\":\"https:\\\/\\\/www.mines-stetienne.fr\\\/panoramines\\\/2020\\\/01\\\/14\\\/pascal-laurin-parrain-de-la-remise-des-diplomes\\\/#primaryimage\"},\"thumbnailUrl\":\"https:\\\/\\\/www.mines-stetienne.fr\\\/panoramines\\\/wp-content\\\/uploads\\\/sites\\\/3\\\/2019\\\/12\\\/UnePLaurin.jpg\",\"datePublished\":\"2020-01-14T15:25:52+00:00\",\"dateModified\":\"2024-03-07T15:11:14+00:00\",\"author\":{\"@id\":\"https:\\\/\\\/www.mines-stetienne.fr\\\/panoramines\\\/#\\\/schema\\\/person\\\/95e752e6dedac604ce4535123e0f8df7\"},\"breadcrumb\":{\"@id\":\"https:\\\/\\\/www.mines-stetienne.fr\\\/panoramines\\\/2020\\\/01\\\/14\\\/pascal-laurin-parrain-de-la-remise-des-diplomes\\\/#breadcrumb\"},\"inLanguage\":\"fr-FR\",\"potentialAction\":[{\"@type\":\"ReadAction\",\"target\":[\"https:\\\/\\\/www.mines-stetienne.fr\\\/panoramines\\\/2020\\\/01\\\/14\\\/pascal-laurin-parrain-de-la-remise-des-diplomes\\\/\"]}]},{\"@type\":\"ImageObject\",\"inLanguage\":\"fr-FR\",\"@id\":\"https:\\\/\\\/www.mines-stetienne.fr\\\/panoramines\\\/2020\\\/01\\\/14\\\/pascal-laurin-parrain-de-la-remise-des-diplomes\\\/#primaryimage\",\"url\":\"https:\\\/\\\/www.mines-stetienne.fr\\\/panoramines\\\/wp-content\\\/uploads\\\/sites\\\/3\\\/2019\\\/12\\\/UnePLaurin.jpg\",\"contentUrl\":\"https:\\\/\\\/www.mines-stetienne.fr\\\/panoramines\\\/wp-content\\\/uploads\\\/sites\\\/3\\\/2019\\\/12\\\/UnePLaurin.jpg\",\"width\":700,\"height\":350},{\"@type\":\"BreadcrumbList\",\"@id\":\"https:\\\/\\\/www.mines-stetienne.fr\\\/panoramines\\\/2020\\\/01\\\/14\\\/pascal-laurin-parrain-de-la-remise-des-diplomes\\\/#breadcrumb\",\"itemListElement\":[{\"@type\":\"ListItem\",\"position\":1,\"name\":\"Accueil\",\"item\":\"https:\\\/\\\/www.mines-stetienne.fr\\\/panoramines\\\/\"},{\"@type\":\"ListItem\",\"position\":2,\"name\":\"Pascal Laurin, parrain de la remise des dipl\u00f4mes\"}]},{\"@type\":\"WebSite\",\"@id\":\"https:\\\/\\\/www.mines-stetienne.fr\\\/panoramines\\\/#website\",\"url\":\"https:\\\/\\\/www.mines-stetienne.fr\\\/panoramines\\\/\",\"name\":\"Panoramines\",\"description\":\"Panoramines, l\u2019actualit\u00e9 de MINES Saint-\u00c9tienne\",\"potentialAction\":[{\"@type\":\"SearchAction\",\"target\":{\"@type\":\"EntryPoint\",\"urlTemplate\":\"https:\\\/\\\/www.mines-stetienne.fr\\\/panoramines\\\/?s={search_term_string}\"},\"query-input\":{\"@type\":\"PropertyValueSpecification\",\"valueRequired\":true,\"valueName\":\"search_term_string\"}}],\"inLanguage\":\"fr-FR\"},{\"@type\":\"Person\",\"@id\":\"https:\\\/\\\/www.mines-stetienne.fr\\\/panoramines\\\/#\\\/schema\\\/person\\\/95e752e6dedac604ce4535123e0f8df7\",\"name\":\"Nathalie\",\"image\":{\"@type\":\"ImageObject\",\"inLanguage\":\"fr-FR\",\"@id\":\"https:\\\/\\\/www.mines-stetienne.fr\\\/panoramines\\\/wp-content\\\/uploads\\\/sites\\\/3\\\/2021\\\/07\\\/logo-75x75-1.png\",\"url\":\"https:\\\/\\\/www.mines-stetienne.fr\\\/panoramines\\\/wp-content\\\/uploads\\\/sites\\\/3\\\/2021\\\/07\\\/logo-75x75-1.png\",\"contentUrl\":\"https:\\\/\\\/www.mines-stetienne.fr\\\/panoramines\\\/wp-content\\\/uploads\\\/sites\\\/3\\\/2021\\\/07\\\/logo-75x75-1.png\",\"caption\":\"Nathalie\"},\"url\":\"https:\\\/\\\/www.mines-stetienne.fr\\\/panoramines\\\/author\\\/nathalie\\\/\"}]}<\/script>\n<!-- \/ Yoast SEO plugin. -->","yoast_head_json":{"title":"Pascal Laurin, parrain de la remise des dipl\u00f4mes - Panoramines","robots":{"index":"index","follow":"follow","max-snippet":"max-snippet:-1","max-image-preview":"max-image-preview:large","max-video-preview":"max-video-preview:-1"},"canonical":"https:\/\/www.mines-stetienne.fr\/panoramines\/2020\/01\/14\/pascal-laurin-parrain-de-la-remise-des-diplomes\/","og_locale":"fr_FR","og_type":"article","og_title":"Pascal Laurin, parrain de la remise des dipl\u00f4mes - Panoramines","og_description":"Directeur Industrie du futur 4.0 pour Bosch France et directeur de la division industrielle Bosch Rexroth, Pascal Laurin observe depuis pr\u00e8s de 14 ans les grandes \u00e9volutions technologiques du monde industriel ainsi que leurs opportunit\u00e9s et impacts commerciaux. Il a &hellip;","og_url":"https:\/\/www.mines-stetienne.fr\/panoramines\/2020\/01\/14\/pascal-laurin-parrain-de-la-remise-des-diplomes\/","og_site_name":"Panoramines","article_published_time":"2020-01-14T15:25:52+00:00","article_modified_time":"2024-03-07T15:11:14+00:00","og_image":[{"width":700,"height":350,"url":"https:\/\/www.mines-stetienne.fr\/panoramines\/wp-content\/uploads\/sites\/3\/2019\/12\/UnePLaurin.jpg","type":"image\/jpeg"}],"author":"Nathalie","twitter_card":"summary_large_image","twitter_misc":{"\u00c9crit par":" Nathalie","Dur\u00e9e de lecture estim\u00e9e":"2 minutes"},"schema":{"@context":"https:\/\/schema.org","@graph":[{"@type":"Article","@id":"https:\/\/www.mines-stetienne.fr\/panoramines\/2020\/01\/14\/pascal-laurin-parrain-de-la-remise-des-diplomes\/#article","isPartOf":{"@id":"https:\/\/www.mines-stetienne.fr\/panoramines\/2020\/01\/14\/pascal-laurin-parrain-de-la-remise-des-diplomes\/"},"author":{"name":"Nathalie","@id":"https:\/\/www.mines-stetienne.fr\/panoramines\/#\/schema\/person\/95e752e6dedac604ce4535123e0f8df7"},"headline":"Pascal Laurin, parrain de la remise des dipl\u00f4mes","datePublished":"2020-01-14T15:25:52+00:00","dateModified":"2024-03-07T15:11:14+00:00","mainEntityOfPage":{"@id":"https:\/\/www.mines-stetienne.fr\/panoramines\/2020\/01\/14\/pascal-laurin-parrain-de-la-remise-des-diplomes\/"},"wordCount":482,"image":{"@id":"https:\/\/www.mines-stetienne.fr\/panoramines\/2020\/01\/14\/pascal-laurin-parrain-de-la-remise-des-diplomes\/#primaryimage"},"thumbnailUrl":"https:\/\/www.mines-stetienne.fr\/panoramines\/wp-content\/uploads\/sites\/3\/2019\/12\/UnePLaurin.jpg","keywords":["Bosch","Dipl\u00f4mes","ICM","Industrie du futur","Saint-Etienne"],"articleSection":["Formation"],"inLanguage":"fr-FR"},{"@type":"WebPage","@id":"https:\/\/www.mines-stetienne.fr\/panoramines\/2020\/01\/14\/pascal-laurin-parrain-de-la-remise-des-diplomes\/","url":"https:\/\/www.mines-stetienne.fr\/panoramines\/2020\/01\/14\/pascal-laurin-parrain-de-la-remise-des-diplomes\/","name":"Pascal Laurin, parrain de la remise des dipl\u00f4mes - Panoramines","isPartOf":{"@id":"https:\/\/www.mines-stetienne.fr\/panoramines\/#website"},"primaryImageOfPage":{"@id":"https:\/\/www.mines-stetienne.fr\/panoramines\/2020\/01\/14\/pascal-laurin-parrain-de-la-remise-des-diplomes\/#primaryimage"},"image":{"@id":"https:\/\/www.mines-stetienne.fr\/panoramines\/2020\/01\/14\/pascal-laurin-parrain-de-la-remise-des-diplomes\/#primaryimage"},"thumbnailUrl":"https:\/\/www.mines-stetienne.fr\/panoramines\/wp-content\/uploads\/sites\/3\/2019\/12\/UnePLaurin.jpg","datePublished":"2020-01-14T15:25:52+00:00","dateModified":"2024-03-07T15:11:14+00:00","author":{"@id":"https:\/\/www.mines-stetienne.fr\/panoramines\/#\/schema\/person\/95e752e6dedac604ce4535123e0f8df7"},"breadcrumb":{"@id":"https:\/\/www.mines-stetienne.fr\/panoramines\/2020\/01\/14\/pascal-laurin-parrain-de-la-remise-des-diplomes\/#breadcrumb"},"inLanguage":"fr-FR","potentialAction":[{"@type":"ReadAction","target":["https:\/\/www.mines-stetienne.fr\/panoramines\/2020\/01\/14\/pascal-laurin-parrain-de-la-remise-des-diplomes\/"]}]},{"@type":"ImageObject","inLanguage":"fr-FR","@id":"https:\/\/www.mines-stetienne.fr\/panoramines\/2020\/01\/14\/pascal-laurin-parrain-de-la-remise-des-diplomes\/#primaryimage","url":"https:\/\/www.mines-stetienne.fr\/panoramines\/wp-content\/uploads\/sites\/3\/2019\/12\/UnePLaurin.jpg","contentUrl":"https:\/\/www.mines-stetienne.fr\/panoramines\/wp-content\/uploads\/sites\/3\/2019\/12\/UnePLaurin.jpg","width":700,"height":350},{"@type":"BreadcrumbList","@id":"https:\/\/www.mines-stetienne.fr\/panoramines\/2020\/01\/14\/pascal-laurin-parrain-de-la-remise-des-diplomes\/#breadcrumb","itemListElement":[{"@type":"ListItem","position":1,"name":"Accueil","item":"https:\/\/www.mines-stetienne.fr\/panoramines\/"},{"@type":"ListItem","position":2,"name":"Pascal Laurin, parrain de la remise des dipl\u00f4mes"}]},{"@type":"WebSite","@id":"https:\/\/www.mines-stetienne.fr\/panoramines\/#website","url":"https:\/\/www.mines-stetienne.fr\/panoramines\/","name":"Panoramines","description":"Panoramines, l\u2019actualit\u00e9 de MINES Saint-\u00c9tienne","potentialAction":[{"@type":"SearchAction","target":{"@type":"EntryPoint","urlTemplate":"https:\/\/www.mines-stetienne.fr\/panoramines\/?s={search_term_string}"},"query-input":{"@type":"PropertyValueSpecification","valueRequired":true,"valueName":"search_term_string"}}],"inLanguage":"fr-FR"},{"@type":"Person","@id":"https:\/\/www.mines-stetienne.fr\/panoramines\/#\/schema\/person\/95e752e6dedac604ce4535123e0f8df7","name":"Nathalie","image":{"@type":"ImageObject","inLanguage":"fr-FR","@id":"https:\/\/www.mines-stetienne.fr\/panoramines\/wp-content\/uploads\/sites\/3\/2021\/07\/logo-75x75-1.png","url":"https:\/\/www.mines-stetienne.fr\/panoramines\/wp-content\/uploads\/sites\/3\/2021\/07\/logo-75x75-1.png","contentUrl":"https:\/\/www.mines-stetienne.fr\/panoramines\/wp-content\/uploads\/sites\/3\/2021\/07\/logo-75x75-1.png","caption":"Nathalie"},"url":"https:\/\/www.mines-stetienne.fr\/panoramines\/author\/nathalie\/"}]}},"_links":{"self":[{"href":"https:\/\/www.mines-stetienne.fr\/panoramines\/wp-json\/wp\/v2\/posts\/20294","targetHints":{"allow":["GET"]}}],"collection":[{"href":"https:\/\/www.mines-stetienne.fr\/panoramines\/wp-json\/wp\/v2\/posts"}],"about":[{"href":"https:\/\/www.mines-stetienne.fr\/panoramines\/wp-json\/wp\/v2\/types\/post"}],"author":[{"embeddable":true,"href":"https:\/\/www.mines-stetienne.fr\/panoramines\/wp-json\/wp\/v2\/users\/3"}],"replies":[{"embeddable":true,"href":"https:\/\/www.mines-stetienne.fr\/panoramines\/wp-json\/wp\/v2\/comments?post=20294"}],"version-history":[{"count":22,"href":"https:\/\/www.mines-stetienne.fr\/panoramines\/wp-json\/wp\/v2\/posts\/20294\/revisions"}],"predecessor-version":[{"id":20948,"href":"https:\/\/www.mines-stetienne.fr\/panoramines\/wp-json\/wp\/v2\/posts\/20294\/revisions\/20948"}],"wp:featuredmedia":[{"embeddable":true,"href":"https:\/\/www.mines-stetienne.fr\/panoramines\/wp-json\/wp\/v2\/media\/20754"}],"wp:attachment":[{"href":"https:\/\/www.mines-stetienne.fr\/panoramines\/wp-json\/wp\/v2\/media?parent=20294"}],"wp:term":[{"taxonomy":"category","embeddable":true,"href":"https:\/\/www.mines-stetienne.fr\/panoramines\/wp-json\/wp\/v2\/categories?post=20294"},{"taxonomy":"post_tag","embeddable":true,"href":"https:\/\/www.mines-stetienne.fr\/panoramines\/wp-json\/wp\/v2\/tags?post=20294"}],"curies":[{"name":"wp","href":"https:\/\/api.w.org\/{rel}","templated":true}]}}