{"id":20133,"date":"2019-11-16T18:30:00","date_gmt":"2019-11-16T17:30:00","guid":{"rendered":"https:\/\/www.mines-stetienne.fr\/panoramines\/?p=20133"},"modified":"2019-11-25T17:56:43","modified_gmt":"2019-11-25T16:56:43","slug":"une-rencontre-incontournable-avec-les-entreprises","status":"publish","type":"post","link":"https:\/\/www.mines-stetienne.fr\/panoramines\/2019\/11\/16\/une-rencontre-incontournable-avec-les-entreprises\/","title":{"rendered":"Une rencontre incontournable avec les entreprises"},"content":{"rendered":"\n<h4 class=\"wp-block-heading\">Le Forum Perspectives, \u00e9v\u00e9nement organis\u00e9 conjointement par des \u00e9tudiants de l&rsquo;\u00c9cole Centrale Lyon et de Mines de Saint-\u00c9tienne, s&rsquo;est d\u00e9roul\u00e9 avec succ\u00e8s 13 novembre \u00e0 Lyon. Chaque ann\u00e9e cet \u00e9v\u00e9nement rassemble davantage : cette \u00e9dition a accueilli 120 entreprises et 2000 \u00e9l\u00e8ves ing\u00e9nieurs.&nbsp;<\/h4>\n\n\n\n<p>Tables rondes, conf\u00e9rences, ateliers, entretiens, conseils aux \u00e9tudiants, le forum&nbsp;annuel a cette ann\u00e9e encore connu une belle affluence au Centre de congr\u00e8s de Lyon, avec un panel repr\u00e9sentatif de tous les secteurs industriels pour r\u00e9pondre aux attentes des \u00e9tudiants en qu\u00eate de stages ou de premier emploi. <br>Les 3 promotions du cursus ICM \u00e9taient pr\u00e9sentes gr\u00e2ce aux navettes organis\u00e9es depuis saint-\u00c9tienne.<\/p>\n\n\n\n<p>Le stand commun Mines Saint-\u00c9tienne (p\u00f4le professionnalisation ) et alumni ICM, a permis de renseigner les entreprises sur nos cursus, et d&rsquo;accompagner les ing\u00e9nieurs en formation dans la correction de leur CV.<\/p>\n\n\n\n<p>La tourn\u00e9e des stands par l\u2019\u00e9quipe de la Direction des formations a permis de faire la promotion des activit\u00e9s p\u00e9dagogiques telles que les projets \u00ab&nbsp;fil rouge&nbsp;\u00bb ou les s\u00e9minaires de cr\u00e9ativit\u00e9 \u00ab&nbsp;dynamo days\u00a0\u00bb. <br>Le lien avec les jeunes dipl\u00f4m\u00e9s r\u00e9cemment embauch\u00e9s et pr\u00e9sents sur les stands est aussi chaque ann\u00e9e l&rsquo;occasion d\u2019\u00e9couter les attentes des entreprises et de faire progresser les formations.<\/p>\n\n\n\n<figure class=\"wp-block-gallery columns-4 is-cropped wp-block-gallery-2 is-layout-flex wp-block-gallery-is-layout-flex\"><ul class=\"blocks-gallery-grid\"><li class=\"blocks-gallery-item\"><figure><a href=\"https:\/\/www.mines-stetienne.fr\/panoramines\/wp-content\/uploads\/sites\/3\/2019\/11\/ForumICM1.jpg\"><img loading=\"lazy\" decoding=\"async\" width=\"750\" height=\"421\" src=\"https:\/\/www.mines-stetienne.fr\/panoramines\/wp-content\/uploads\/sites\/3\/2019\/11\/ForumICM1.jpg\" alt=\"\" data-id=\"20134\" data-full-url=\"https:\/\/www.mines-stetienne.fr\/panoramines\/wp-content\/uploads\/sites\/3\/2019\/11\/ForumICM1.jpg\" data-link=\"https:\/\/www.mines-stetienne.fr\/panoramines\/forumicm1\/\" class=\"wp-image-20134\" srcset=\"https:\/\/www.mines-stetienne.fr\/panoramines\/wp-content\/uploads\/sites\/3\/2019\/11\/ForumICM1.jpg 750w, https:\/\/www.mines-stetienne.fr\/panoramines\/wp-content\/uploads\/sites\/3\/2019\/11\/ForumICM1-300x168.jpg 300w\" sizes=\"auto, (max-width: 750px) 100vw, 750px\" \/><\/a><\/figure><\/li><li class=\"blocks-gallery-item\"><figure><a href=\"https:\/\/www.mines-stetienne.fr\/panoramines\/wp-content\/uploads\/sites\/3\/2019\/11\/ForumICM2.jpg\"><img loading=\"lazy\" decoding=\"async\" width=\"750\" height=\"500\" src=\"https:\/\/www.mines-stetienne.fr\/panoramines\/wp-content\/uploads\/sites\/3\/2019\/11\/ForumICM2.jpg\" alt=\"\" data-id=\"20135\" data-full-url=\"https:\/\/www.mines-stetienne.fr\/panoramines\/wp-content\/uploads\/sites\/3\/2019\/11\/ForumICM2.jpg\" data-link=\"https:\/\/www.mines-stetienne.fr\/panoramines\/forumicm2\/\" class=\"wp-image-20135\" srcset=\"https:\/\/www.mines-stetienne.fr\/panoramines\/wp-content\/uploads\/sites\/3\/2019\/11\/ForumICM2.jpg 750w, https:\/\/www.mines-stetienne.fr\/panoramines\/wp-content\/uploads\/sites\/3\/2019\/11\/ForumICM2-300x200.jpg 300w\" sizes=\"auto, (max-width: 750px) 100vw, 750px\" \/><\/a><\/figure><\/li><li class=\"blocks-gallery-item\"><figure><a href=\"https:\/\/www.mines-stetienne.fr\/panoramines\/wp-content\/uploads\/sites\/3\/2019\/11\/ForumICM3.jpg\"><img loading=\"lazy\" decoding=\"async\" width=\"750\" height=\"487\" src=\"https:\/\/www.mines-stetienne.fr\/panoramines\/wp-content\/uploads\/sites\/3\/2019\/11\/ForumICM3.jpg\" alt=\"\" data-id=\"20137\" data-full-url=\"https:\/\/www.mines-stetienne.fr\/panoramines\/wp-content\/uploads\/sites\/3\/2019\/11\/ForumICM3.jpg\" data-link=\"https:\/\/www.mines-stetienne.fr\/panoramines\/forumicm3\/\" class=\"wp-image-20137\" srcset=\"https:\/\/www.mines-stetienne.fr\/panoramines\/wp-content\/uploads\/sites\/3\/2019\/11\/ForumICM3.jpg 750w, https:\/\/www.mines-stetienne.fr\/panoramines\/wp-content\/uploads\/sites\/3\/2019\/11\/ForumICM3-300x195.jpg 300w\" sizes=\"auto, (max-width: 750px) 100vw, 750px\" \/><\/a><\/figure><\/li><li class=\"blocks-gallery-item\"><figure><a href=\"https:\/\/www.mines-stetienne.fr\/panoramines\/wp-content\/uploads\/sites\/3\/2019\/11\/ForumICM4.jpg\"><img loading=\"lazy\" decoding=\"async\" width=\"750\" height=\"500\" src=\"https:\/\/www.mines-stetienne.fr\/panoramines\/wp-content\/uploads\/sites\/3\/2019\/11\/ForumICM4.jpg\" alt=\"\" data-id=\"20138\" data-full-url=\"https:\/\/www.mines-stetienne.fr\/panoramines\/wp-content\/uploads\/sites\/3\/2019\/11\/ForumICM4.jpg\" data-link=\"https:\/\/www.mines-stetienne.fr\/panoramines\/forumicm4\/\" class=\"wp-image-20138\" srcset=\"https:\/\/www.mines-stetienne.fr\/panoramines\/wp-content\/uploads\/sites\/3\/2019\/11\/ForumICM4.jpg 750w, https:\/\/www.mines-stetienne.fr\/panoramines\/wp-content\/uploads\/sites\/3\/2019\/11\/ForumICM4-300x200.jpg 300w\" sizes=\"auto, (max-width: 750px) 100vw, 750px\" \/><\/a><\/figure><\/li><\/ul><\/figure>\n\n\n\n<p>Les conf\u00e9rences et tables rondes ont rencontr\u00e9 un fort succ\u00e8s, \u00e0 l&rsquo;image de l&rsquo;intervention de la marraine de l&rsquo;\u00e9dition 2019 du Forum Perspectives, <strong>Claire Morand<\/strong>, ICM E99, qui s&rsquo;est notamment exprim\u00e9e sur le r\u00f4le de l&rsquo;ing\u00e9nieur au c\u0153ur de la transition \u00e9cologique.<br><\/p>\n\n\n\n<p>Contact pour l\u2019\u00e9quipe st\u00e9phanoise : <a class=\"\" href=\"&#109;a&#x69;l&#x74;o&#x3a;&#116;&#x68;&#111;&#x6d;&#97;s&#x2e;c&#x72;o&#x7a;&#105;&#x65;&#114;&#x40;&#101;&#x74;&#117;&#46;&#x65;m&#x73;e&#x2e;&#102;&#x72;\">Thomas Crozier<\/a>, responsable Communication du Forum Perspectives<\/p>\n\n\n\n<hr class=\"wp-block-separator\" \/>\n","protected":false},"excerpt":{"rendered":"<p>Le Forum Perspectives, \u00e9v\u00e9nement organis\u00e9 conjointement par des \u00e9tudiants de l&rsquo;\u00c9cole Centrale Lyon et de Mines de Saint-\u00c9tienne, s&rsquo;est d\u00e9roul\u00e9 avec succ\u00e8s 13 novembre \u00e0 Lyon. Chaque ann\u00e9e cet \u00e9v\u00e9nement rassemble davantage : cette \u00e9dition a accueilli 120 entreprises et &hellip;<\/p>\n","protected":false},"author":3,"featured_media":20140,"comment_status":"closed","ping_status":"open","sticky":false,"template":"","format":"standard","meta":{"_relevanssi_hide_post":"","_relevanssi_hide_content":"","_relevanssi_pin_for_all":"","_relevanssi_pin_keywords":"","_relevanssi_unpin_keywords":"","_relevanssi_related_keywords":"","_relevanssi_related_include_ids":"","_relevanssi_related_exclude_ids":"","_relevanssi_related_no_append":"","_relevanssi_related_not_related":"","_relevanssi_related_posts":"","_relevanssi_noindex_reason":"","footnotes":""},"categories":[19],"tags":[164,152,37,642,133],"class_list":["post-20133","post","type-post","status-publish","format-standard","has-post-thumbnail","hentry","category-entreprise","tag-alumni","tag-forum-entreprise","tag-icm","tag-perspectives","tag-region-auvergne-rhone-alpes"],"pp_statuses_selecting_workflow":false,"pp_workflow_action":"current","pp_status_selection":"publish","pp_force_visibility":null,"pp_subpost_visibility":null,"pp_inherited_force_visibility":null,"pp_inherited_subpost_visibility":null,"yoast_head":"<!-- This site is optimized with the Yoast SEO plugin v27.5 - https:\/\/yoast.com\/product\/yoast-seo-wordpress\/ -->\n<title>Une rencontre incontournable avec les entreprises - Panoramines<\/title>\n<meta name=\"robots\" content=\"index, follow, max-snippet:-1, max-image-preview:large, max-video-preview:-1\" \/>\n<link rel=\"canonical\" href=\"https:\/\/www.mines-stetienne.fr\/panoramines\/2019\/11\/16\/une-rencontre-incontournable-avec-les-entreprises\/\" \/>\n<meta property=\"og:locale\" content=\"fr_FR\" \/>\n<meta property=\"og:type\" content=\"article\" \/>\n<meta property=\"og:title\" content=\"Une rencontre incontournable avec les entreprises - Panoramines\" \/>\n<meta property=\"og:description\" content=\"Le Forum Perspectives, \u00e9v\u00e9nement organis\u00e9 conjointement par des \u00e9tudiants de l&rsquo;\u00c9cole Centrale Lyon et de Mines de Saint-\u00c9tienne, s&rsquo;est d\u00e9roul\u00e9 avec succ\u00e8s 13 novembre \u00e0 Lyon. Chaque ann\u00e9e cet \u00e9v\u00e9nement rassemble davantage : cette \u00e9dition a accueilli 120 entreprises et &hellip;\" \/>\n<meta property=\"og:url\" content=\"https:\/\/www.mines-stetienne.fr\/panoramines\/2019\/11\/16\/une-rencontre-incontournable-avec-les-entreprises\/\" \/>\n<meta property=\"og:site_name\" content=\"Panoramines\" \/>\n<meta property=\"article:published_time\" content=\"2019-11-16T17:30:00+00:00\" \/>\n<meta property=\"article:modified_time\" content=\"2019-11-25T16:56:43+00:00\" \/>\n<meta property=\"og:image\" content=\"https:\/\/www.mines-stetienne.fr\/panoramines\/wp-content\/uploads\/sites\/3\/2019\/11\/UneForumICM.jpg\" \/>\n\t<meta property=\"og:image:width\" content=\"700\" \/>\n\t<meta property=\"og:image:height\" content=\"275\" \/>\n\t<meta property=\"og:image:type\" content=\"image\/jpeg\" \/>\n<meta name=\"author\" content=\"Nathalie\" \/>\n<meta name=\"twitter:card\" content=\"summary_large_image\" \/>\n<meta name=\"twitter:label1\" content=\"\u00c9crit par\" \/>\n\t<meta name=\"twitter:data1\" content=\" Nathalie\" \/>\n\t<meta name=\"twitter:label2\" content=\"Dur\u00e9e de lecture estim\u00e9e\" \/>\n\t<meta name=\"twitter:data2\" content=\"1 minute\" \/>\n<script type=\"application\/ld+json\" class=\"yoast-schema-graph\">{\"@context\":\"https:\\\/\\\/schema.org\",\"@graph\":[{\"@type\":\"Article\",\"@id\":\"https:\\\/\\\/www.mines-stetienne.fr\\\/panoramines\\\/2019\\\/11\\\/16\\\/une-rencontre-incontournable-avec-les-entreprises\\\/#article\",\"isPartOf\":{\"@id\":\"https:\\\/\\\/www.mines-stetienne.fr\\\/panoramines\\\/2019\\\/11\\\/16\\\/une-rencontre-incontournable-avec-les-entreprises\\\/\"},\"author\":{\"name\":\"Nathalie\",\"@id\":\"https:\\\/\\\/www.mines-stetienne.fr\\\/panoramines\\\/#\\\/schema\\\/person\\\/95e752e6dedac604ce4535123e0f8df7\"},\"headline\":\"Une rencontre incontournable avec les entreprises\",\"datePublished\":\"2019-11-16T17:30:00+00:00\",\"dateModified\":\"2019-11-25T16:56:43+00:00\",\"mainEntityOfPage\":{\"@id\":\"https:\\\/\\\/www.mines-stetienne.fr\\\/panoramines\\\/2019\\\/11\\\/16\\\/une-rencontre-incontournable-avec-les-entreprises\\\/\"},\"wordCount\":298,\"image\":{\"@id\":\"https:\\\/\\\/www.mines-stetienne.fr\\\/panoramines\\\/2019\\\/11\\\/16\\\/une-rencontre-incontournable-avec-les-entreprises\\\/#primaryimage\"},\"thumbnailUrl\":\"https:\\\/\\\/www.mines-stetienne.fr\\\/panoramines\\\/wp-content\\\/uploads\\\/sites\\\/3\\\/2019\\\/11\\\/UneForumICM.jpg\",\"keywords\":[\"Alumni\",\"Forum Entreprise\",\"ICM\",\"Perspectives\",\"R\u00e9gion Auvergne Rh\u00f4ne-Alpes\"],\"articleSection\":[\"Entreprise\"],\"inLanguage\":\"fr-FR\"},{\"@type\":\"WebPage\",\"@id\":\"https:\\\/\\\/www.mines-stetienne.fr\\\/panoramines\\\/2019\\\/11\\\/16\\\/une-rencontre-incontournable-avec-les-entreprises\\\/\",\"url\":\"https:\\\/\\\/www.mines-stetienne.fr\\\/panoramines\\\/2019\\\/11\\\/16\\\/une-rencontre-incontournable-avec-les-entreprises\\\/\",\"name\":\"Une rencontre incontournable avec les entreprises - Panoramines\",\"isPartOf\":{\"@id\":\"https:\\\/\\\/www.mines-stetienne.fr\\\/panoramines\\\/#website\"},\"primaryImageOfPage\":{\"@id\":\"https:\\\/\\\/www.mines-stetienne.fr\\\/panoramines\\\/2019\\\/11\\\/16\\\/une-rencontre-incontournable-avec-les-entreprises\\\/#primaryimage\"},\"image\":{\"@id\":\"https:\\\/\\\/www.mines-stetienne.fr\\\/panoramines\\\/2019\\\/11\\\/16\\\/une-rencontre-incontournable-avec-les-entreprises\\\/#primaryimage\"},\"thumbnailUrl\":\"https:\\\/\\\/www.mines-stetienne.fr\\\/panoramines\\\/wp-content\\\/uploads\\\/sites\\\/3\\\/2019\\\/11\\\/UneForumICM.jpg\",\"datePublished\":\"2019-11-16T17:30:00+00:00\",\"dateModified\":\"2019-11-25T16:56:43+00:00\",\"author\":{\"@id\":\"https:\\\/\\\/www.mines-stetienne.fr\\\/panoramines\\\/#\\\/schema\\\/person\\\/95e752e6dedac604ce4535123e0f8df7\"},\"breadcrumb\":{\"@id\":\"https:\\\/\\\/www.mines-stetienne.fr\\\/panoramines\\\/2019\\\/11\\\/16\\\/une-rencontre-incontournable-avec-les-entreprises\\\/#breadcrumb\"},\"inLanguage\":\"fr-FR\",\"potentialAction\":[{\"@type\":\"ReadAction\",\"target\":[\"https:\\\/\\\/www.mines-stetienne.fr\\\/panoramines\\\/2019\\\/11\\\/16\\\/une-rencontre-incontournable-avec-les-entreprises\\\/\"]}]},{\"@type\":\"ImageObject\",\"inLanguage\":\"fr-FR\",\"@id\":\"https:\\\/\\\/www.mines-stetienne.fr\\\/panoramines\\\/2019\\\/11\\\/16\\\/une-rencontre-incontournable-avec-les-entreprises\\\/#primaryimage\",\"url\":\"https:\\\/\\\/www.mines-stetienne.fr\\\/panoramines\\\/wp-content\\\/uploads\\\/sites\\\/3\\\/2019\\\/11\\\/UneForumICM.jpg\",\"contentUrl\":\"https:\\\/\\\/www.mines-stetienne.fr\\\/panoramines\\\/wp-content\\\/uploads\\\/sites\\\/3\\\/2019\\\/11\\\/UneForumICM.jpg\",\"width\":700,\"height\":275},{\"@type\":\"BreadcrumbList\",\"@id\":\"https:\\\/\\\/www.mines-stetienne.fr\\\/panoramines\\\/2019\\\/11\\\/16\\\/une-rencontre-incontournable-avec-les-entreprises\\\/#breadcrumb\",\"itemListElement\":[{\"@type\":\"ListItem\",\"position\":1,\"name\":\"Accueil\",\"item\":\"https:\\\/\\\/www.mines-stetienne.fr\\\/panoramines\\\/\"},{\"@type\":\"ListItem\",\"position\":2,\"name\":\"Une rencontre incontournable avec les entreprises\"}]},{\"@type\":\"WebSite\",\"@id\":\"https:\\\/\\\/www.mines-stetienne.fr\\\/panoramines\\\/#website\",\"url\":\"https:\\\/\\\/www.mines-stetienne.fr\\\/panoramines\\\/\",\"name\":\"Panoramines\",\"description\":\"Panoramines, l\u2019actualit\u00e9 de MINES Saint-\u00c9tienne\",\"potentialAction\":[{\"@type\":\"SearchAction\",\"target\":{\"@type\":\"EntryPoint\",\"urlTemplate\":\"https:\\\/\\\/www.mines-stetienne.fr\\\/panoramines\\\/?s={search_term_string}\"},\"query-input\":{\"@type\":\"PropertyValueSpecification\",\"valueRequired\":true,\"valueName\":\"search_term_string\"}}],\"inLanguage\":\"fr-FR\"},{\"@type\":\"Person\",\"@id\":\"https:\\\/\\\/www.mines-stetienne.fr\\\/panoramines\\\/#\\\/schema\\\/person\\\/95e752e6dedac604ce4535123e0f8df7\",\"name\":\"Nathalie\",\"image\":{\"@type\":\"ImageObject\",\"inLanguage\":\"fr-FR\",\"@id\":\"https:\\\/\\\/www.mines-stetienne.fr\\\/panoramines\\\/wp-content\\\/uploads\\\/sites\\\/3\\\/2021\\\/07\\\/logo-75x75-1.png\",\"url\":\"https:\\\/\\\/www.mines-stetienne.fr\\\/panoramines\\\/wp-content\\\/uploads\\\/sites\\\/3\\\/2021\\\/07\\\/logo-75x75-1.png\",\"contentUrl\":\"https:\\\/\\\/www.mines-stetienne.fr\\\/panoramines\\\/wp-content\\\/uploads\\\/sites\\\/3\\\/2021\\\/07\\\/logo-75x75-1.png\",\"caption\":\"Nathalie\"},\"url\":\"https:\\\/\\\/www.mines-stetienne.fr\\\/panoramines\\\/author\\\/nathalie\\\/\"}]}<\/script>\n<!-- \/ Yoast SEO plugin. -->","yoast_head_json":{"title":"Une rencontre incontournable avec les entreprises - Panoramines","robots":{"index":"index","follow":"follow","max-snippet":"max-snippet:-1","max-image-preview":"max-image-preview:large","max-video-preview":"max-video-preview:-1"},"canonical":"https:\/\/www.mines-stetienne.fr\/panoramines\/2019\/11\/16\/une-rencontre-incontournable-avec-les-entreprises\/","og_locale":"fr_FR","og_type":"article","og_title":"Une rencontre incontournable avec les entreprises - Panoramines","og_description":"Le Forum Perspectives, \u00e9v\u00e9nement organis\u00e9 conjointement par des \u00e9tudiants de l&rsquo;\u00c9cole Centrale Lyon et de Mines de Saint-\u00c9tienne, s&rsquo;est d\u00e9roul\u00e9 avec succ\u00e8s 13 novembre \u00e0 Lyon. Chaque ann\u00e9e cet \u00e9v\u00e9nement rassemble davantage : cette \u00e9dition a accueilli 120 entreprises et &hellip;","og_url":"https:\/\/www.mines-stetienne.fr\/panoramines\/2019\/11\/16\/une-rencontre-incontournable-avec-les-entreprises\/","og_site_name":"Panoramines","article_published_time":"2019-11-16T17:30:00+00:00","article_modified_time":"2019-11-25T16:56:43+00:00","og_image":[{"width":700,"height":275,"url":"https:\/\/www.mines-stetienne.fr\/panoramines\/wp-content\/uploads\/sites\/3\/2019\/11\/UneForumICM.jpg","type":"image\/jpeg"}],"author":"Nathalie","twitter_card":"summary_large_image","twitter_misc":{"\u00c9crit par":" Nathalie","Dur\u00e9e de lecture estim\u00e9e":"1 minute"},"schema":{"@context":"https:\/\/schema.org","@graph":[{"@type":"Article","@id":"https:\/\/www.mines-stetienne.fr\/panoramines\/2019\/11\/16\/une-rencontre-incontournable-avec-les-entreprises\/#article","isPartOf":{"@id":"https:\/\/www.mines-stetienne.fr\/panoramines\/2019\/11\/16\/une-rencontre-incontournable-avec-les-entreprises\/"},"author":{"name":"Nathalie","@id":"https:\/\/www.mines-stetienne.fr\/panoramines\/#\/schema\/person\/95e752e6dedac604ce4535123e0f8df7"},"headline":"Une rencontre incontournable avec les entreprises","datePublished":"2019-11-16T17:30:00+00:00","dateModified":"2019-11-25T16:56:43+00:00","mainEntityOfPage":{"@id":"https:\/\/www.mines-stetienne.fr\/panoramines\/2019\/11\/16\/une-rencontre-incontournable-avec-les-entreprises\/"},"wordCount":298,"image":{"@id":"https:\/\/www.mines-stetienne.fr\/panoramines\/2019\/11\/16\/une-rencontre-incontournable-avec-les-entreprises\/#primaryimage"},"thumbnailUrl":"https:\/\/www.mines-stetienne.fr\/panoramines\/wp-content\/uploads\/sites\/3\/2019\/11\/UneForumICM.jpg","keywords":["Alumni","Forum Entreprise","ICM","Perspectives","R\u00e9gion Auvergne Rh\u00f4ne-Alpes"],"articleSection":["Entreprise"],"inLanguage":"fr-FR"},{"@type":"WebPage","@id":"https:\/\/www.mines-stetienne.fr\/panoramines\/2019\/11\/16\/une-rencontre-incontournable-avec-les-entreprises\/","url":"https:\/\/www.mines-stetienne.fr\/panoramines\/2019\/11\/16\/une-rencontre-incontournable-avec-les-entreprises\/","name":"Une rencontre incontournable avec les entreprises - Panoramines","isPartOf":{"@id":"https:\/\/www.mines-stetienne.fr\/panoramines\/#website"},"primaryImageOfPage":{"@id":"https:\/\/www.mines-stetienne.fr\/panoramines\/2019\/11\/16\/une-rencontre-incontournable-avec-les-entreprises\/#primaryimage"},"image":{"@id":"https:\/\/www.mines-stetienne.fr\/panoramines\/2019\/11\/16\/une-rencontre-incontournable-avec-les-entreprises\/#primaryimage"},"thumbnailUrl":"https:\/\/www.mines-stetienne.fr\/panoramines\/wp-content\/uploads\/sites\/3\/2019\/11\/UneForumICM.jpg","datePublished":"2019-11-16T17:30:00+00:00","dateModified":"2019-11-25T16:56:43+00:00","author":{"@id":"https:\/\/www.mines-stetienne.fr\/panoramines\/#\/schema\/person\/95e752e6dedac604ce4535123e0f8df7"},"breadcrumb":{"@id":"https:\/\/www.mines-stetienne.fr\/panoramines\/2019\/11\/16\/une-rencontre-incontournable-avec-les-entreprises\/#breadcrumb"},"inLanguage":"fr-FR","potentialAction":[{"@type":"ReadAction","target":["https:\/\/www.mines-stetienne.fr\/panoramines\/2019\/11\/16\/une-rencontre-incontournable-avec-les-entreprises\/"]}]},{"@type":"ImageObject","inLanguage":"fr-FR","@id":"https:\/\/www.mines-stetienne.fr\/panoramines\/2019\/11\/16\/une-rencontre-incontournable-avec-les-entreprises\/#primaryimage","url":"https:\/\/www.mines-stetienne.fr\/panoramines\/wp-content\/uploads\/sites\/3\/2019\/11\/UneForumICM.jpg","contentUrl":"https:\/\/www.mines-stetienne.fr\/panoramines\/wp-content\/uploads\/sites\/3\/2019\/11\/UneForumICM.jpg","width":700,"height":275},{"@type":"BreadcrumbList","@id":"https:\/\/www.mines-stetienne.fr\/panoramines\/2019\/11\/16\/une-rencontre-incontournable-avec-les-entreprises\/#breadcrumb","itemListElement":[{"@type":"ListItem","position":1,"name":"Accueil","item":"https:\/\/www.mines-stetienne.fr\/panoramines\/"},{"@type":"ListItem","position":2,"name":"Une rencontre incontournable avec les entreprises"}]},{"@type":"WebSite","@id":"https:\/\/www.mines-stetienne.fr\/panoramines\/#website","url":"https:\/\/www.mines-stetienne.fr\/panoramines\/","name":"Panoramines","description":"Panoramines, l\u2019actualit\u00e9 de MINES Saint-\u00c9tienne","potentialAction":[{"@type":"SearchAction","target":{"@type":"EntryPoint","urlTemplate":"https:\/\/www.mines-stetienne.fr\/panoramines\/?s={search_term_string}"},"query-input":{"@type":"PropertyValueSpecification","valueRequired":true,"valueName":"search_term_string"}}],"inLanguage":"fr-FR"},{"@type":"Person","@id":"https:\/\/www.mines-stetienne.fr\/panoramines\/#\/schema\/person\/95e752e6dedac604ce4535123e0f8df7","name":"Nathalie","image":{"@type":"ImageObject","inLanguage":"fr-FR","@id":"https:\/\/www.mines-stetienne.fr\/panoramines\/wp-content\/uploads\/sites\/3\/2021\/07\/logo-75x75-1.png","url":"https:\/\/www.mines-stetienne.fr\/panoramines\/wp-content\/uploads\/sites\/3\/2021\/07\/logo-75x75-1.png","contentUrl":"https:\/\/www.mines-stetienne.fr\/panoramines\/wp-content\/uploads\/sites\/3\/2021\/07\/logo-75x75-1.png","caption":"Nathalie"},"url":"https:\/\/www.mines-stetienne.fr\/panoramines\/author\/nathalie\/"}]}},"_links":{"self":[{"href":"https:\/\/www.mines-stetienne.fr\/panoramines\/wp-json\/wp\/v2\/posts\/20133","targetHints":{"allow":["GET"]}}],"collection":[{"href":"https:\/\/www.mines-stetienne.fr\/panoramines\/wp-json\/wp\/v2\/posts"}],"about":[{"href":"https:\/\/www.mines-stetienne.fr\/panoramines\/wp-json\/wp\/v2\/types\/post"}],"author":[{"embeddable":true,"href":"https:\/\/www.mines-stetienne.fr\/panoramines\/wp-json\/wp\/v2\/users\/3"}],"replies":[{"embeddable":true,"href":"https:\/\/www.mines-stetienne.fr\/panoramines\/wp-json\/wp\/v2\/comments?post=20133"}],"version-history":[{"count":9,"href":"https:\/\/www.mines-stetienne.fr\/panoramines\/wp-json\/wp\/v2\/posts\/20133\/revisions"}],"predecessor-version":[{"id":20175,"href":"https:\/\/www.mines-stetienne.fr\/panoramines\/wp-json\/wp\/v2\/posts\/20133\/revisions\/20175"}],"wp:featuredmedia":[{"embeddable":true,"href":"https:\/\/www.mines-stetienne.fr\/panoramines\/wp-json\/wp\/v2\/media\/20140"}],"wp:attachment":[{"href":"https:\/\/www.mines-stetienne.fr\/panoramines\/wp-json\/wp\/v2\/media?parent=20133"}],"wp:term":[{"taxonomy":"category","embeddable":true,"href":"https:\/\/www.mines-stetienne.fr\/panoramines\/wp-json\/wp\/v2\/categories?post=20133"},{"taxonomy":"post_tag","embeddable":true,"href":"https:\/\/www.mines-stetienne.fr\/panoramines\/wp-json\/wp\/v2\/tags?post=20133"}],"curies":[{"name":"wp","href":"https:\/\/api.w.org\/{rel}","templated":true}]}}