{"id":19868,"date":"2019-11-18T11:29:00","date_gmt":"2019-11-18T10:29:00","guid":{"rendered":"https:\/\/www.mines-stetienne.fr\/panoramines\/?p=19868"},"modified":"2024-03-07T16:06:54","modified_gmt":"2024-03-07T15:06:54","slug":"valorisation-scientifique-technologique","status":"publish","type":"post","link":"https:\/\/www.mines-stetienne.fr\/panoramines\/2019\/11\/18\/valorisation-scientifique-technologique\/","title":{"rendered":"Valorisation scientifique et technologique"},"content":{"rendered":"\n<h4 class=\"wp-block-heading\">#Corrosion sous-contrainte : journ\u00e9e th\u00e9matique du CEFRACOR co-organis\u00e9e par le centre SMS<br>Accueil sur le campus GC Provence des partenaires du projet europ\u00e9en \u00ab\u00a0cyber secure light\u00a0\u00bb P\u00f4le SCS.<br>Zoom sur le projet \u00ab\u00a0Metrology Advances for Digitized ECS Industry 4.0\u00a0\u00bb.<br>Accueil de professeurs internationaux.<br>Collaboration centre SPIN\/CEA Marcoule. <a href=\"https:\/\/www.rue89lyon.fr\/2019\/11\/18\/en-debat-a-lyon-apprendre-a-reconnaitre-ses-limites-un-defi-pour-lhumanite\/\"><\/a><\/h4>\n\n\n\n<hr class=\"wp-block-separator\" \/>\n\n\n\n<h3 class=\"wp-block-heading\">#Corrosion sous-contrainte &#8211; Journ\u00e9e th\u00e9matique du CEFRACOR<\/h3>\n\n\n\n<p>Le d\u00e9partement M\u00e9canique Physique et Interfaces (<a rel=\"noreferrer noopener\" aria-label=\" (opens in a new tab)\" href=\"https:\/\/www.mines-stetienne.fr\/recherche\/departements\/mecanique-physique-interfaces-mpi\/\" target=\"_blank\">centre SMS<\/a>) participait le 12 novembre au workshop du <strong><a rel=\"noreferrer noopener\" aria-label=\" (opens in a new tab)\" href=\"https:\/\/www.cefracor.org\/\" target=\"_blank\">CEFRACOR<\/a><\/strong> sur le th\u00e8me <em><strong>\u00ab\u00a0Les essais m\u00e9caniques d\u00e9di\u00e9s \u00e0 la fragilisation par l\u2019hydrog\u00e8ne des mat\u00e9riaux m\u00e9talliques\u00a0\u00bb<\/strong><\/em>.<br>Cette journ\u00e9e th\u00e9matique co-organis\u00e9e par Mines Saint-\u00c9tienne, avait en particulier pour objectif d\u2019am\u00e9liorer les connaissances sur l\u2019emploi des divers essais m\u00e9caniques d\u00e9di\u00e9s \u00e0 caract\u00e9riser la sensibilit\u00e9 \u00e0 la fragilisation par l&rsquo;hydrog\u00e8ne des mat\u00e9riaux. Elle a r\u00e9uni 45 participants dans les locaux de Mines ParisTech. Les pr\u00e9sentations seront prochainement disponibles <a href=\"https:\/\/www.cefracor.org\/fr\/manifestations\/rencontre-cefracor-ndeg-19-les-essais-mecaniques-dedies-la-fragilisation-par\">sur le site du Cefracor<\/a>.<br><a href=\"https:\/\/www.mines-stetienne.fr\/panoramines\/wp-content\/uploads\/sites\/3\/2019\/11\/Flyer_Cefracor12112019.pdf\">En savoir +<\/a><br>Contact : <strong><a href=\"mail&#116;&#111;&#58;&#98;&#111;&#115;&#99;&#x68;&#x40;&#x65;&#x6d;&#x73;&#x65;&#x2e;&#x66;&#x72;\">C\u00e9dric Bosch<\/a><\/strong>, centre SMS, <a rel=\"noreferrer noopener\" aria-label=\"Laboratoire G.Friedel (opens in a new tab)\" href=\"https:\/\/www.mines-stetienne.fr\/lgf\/\" target=\"_blank\">Laboratoire G.Friedel<\/a> UMR CNRS 5307<\/p>\n\n\n\n<hr class=\"wp-block-separator\" \/>\n\n\n\n<h3 class=\"wp-block-heading\">Soutenance HDR<\/h3>\n\n\n\n<p><strong>Fabrice Lamadie<\/strong>, chercheur au <a rel=\"noreferrer noopener\" aria-label=\"CEA Marcoule (opens in a new tab)\" href=\"http:\/\/www.cea.fr\/Pages\/le-cea\/les-centres-cea\/marcoule.aspx\" target=\"_blank\">CEA Marcoule<\/a>, a soutenu avec succ\u00e8s son Habilitation \u00e0 Diriger les Recherches le 7 novembre \u00e0 Mines Saint-\u00c9tienne  sur le th\u00e8me \u00ab\u00a0<em>Apport des diagnostics optiques \u00e0 l\u2019\u00e9tude et \u00e0 la mod\u00e9lisation des proc\u00e9d\u00e9s polyphasiques<\/em>\u00ab\u00a0. Cet accueil s&rsquo;inscrit dans la collaboration scientifique en analyse d&rsquo;image depuis plusieurs ann\u00e9es avec le centre SPIN (<strong><a href=\"&#109;&#x61;&#x69;l&#116;&#x6f;&#x3a;d&#101;&#x62;a&#121;&#x6c;&#x65;&#64;&#101;&#x6d;s&#101;&#x2e;&#x66;r\">Johan Debayle<\/a><\/strong>) et le co-encadrement de th\u00e8se.<\/p>\n\n\n\n<hr class=\"wp-block-separator\" \/>\n\n\n\n<h3 class=\"wp-block-heading\">Expertise du P\u00f4le SCS et valorisation #IoT<\/h3>\n\n\n\n<p>Le campus GC Provence accueille les 26 et 27 novembre le comit\u00e9 directeur du <a rel=\"noreferrer noopener\" aria-label=\"projet europ\u00e9en &quot;Cyber secure light&quot; (opens in a new tab)\" href=\"https:\/\/www.clustercollaboration.eu\/escp-s3-profiles\/cyber-secure-light\" target=\"_blank\">projet europ\u00e9en \u00ab\u00a0Cyber secure light\u00a0\u00bb<\/a>  : ce projet consiste pour les p\u00f4les de comp\u00e9titivit\u00e9 partenaires (dont le p\u00f4le <a rel=\"noreferrer noopener\" href=\"https:\/\/www.pole-scs.org\/\" target=\"_blank\">Solutions Communicantes S\u00e9curis\u00e9es<\/a>) \u00e0 faire \u00e9merger et financer des projets IoT pour les PME \u00e0 p\u00e9rim\u00e8tre europ\u00e9en, par des appels \u00e0 projets. <br>Ce sera l&rsquo;occasion de pr\u00e9senter et valoriser diff\u00e9rentes composantes technologiques du Campus : plateforme R&amp;D Micropacks, p\u00f4le cybers\u00e9curit\u00e9, et espace de maturation TEAM@Mines Saint-\u00c9tienne.<br>Contact : <strong><a href=\"ma&#105;&#108;&#x74;&#x6f;&#x3a;&#x6c;al&#101;&#118;&#x65;&#x65;&#x40;&#x65;ms&#101;&#46;&#102;&#x72;\">Philippe Lalev\u00e9e<\/a><\/strong>, directeur du CMP, Vice-pr\u00e9sident du p\u00f4le SCS<\/p>\n\n\n\n<hr class=\"wp-block-separator\" \/>\n\n\n\n<h3 class=\"wp-block-heading\">\u00ab\u00a0Soutenir et f\u00e9d\u00e9rer l\u2019industrie des semi-conducteurs en Europe dans la transition num\u00e9rique\u00a0\u00bb<\/h3>\n\n\n\n<p>\u00e0 lire sur le&nbsp;<strong>I\u2019MTech<\/strong>, le site d\u2019actualit\u00e9 scientifique de l\u2019IMT : <em>\u00a0\u00bb <strong><a rel=\"noreferrer noopener\" href=\"https:\/\/blogrecherche.wp.imt.fr\/2019\/11\/12\/jumelage-numerique-et-maintenance-predictive-pour-lindustrie-du-futur\/\" target=\"_blank\">MADEin4<\/a><\/strong><a rel=\"noreferrer noopener\" href=\"https:\/\/blogrecherche.wp.imt.fr\/2019\/11\/12\/jumelage-numerique-et-maintenance-predictive-pour-lindustrie-du-futur\/\" target=\"_blank\"> : jumelage num\u00e9rique et maintenance pr\u00e9dictive pour l\u2019industrie<\/a>\u00a0\u00bb <\/em><br><strong>Mines Saint-\u00c9tienne <\/strong>est  partenaire du projet europ\u00e9en MADEin4, qui entend faciliter l\u2019implication des fabricants de semi-conducteurs et des \u00e9quipementiers dans une d\u00e9marche d\u2019am\u00e9lioration continue de l\u2019utilisation de leurs \u00e9quipements. <br>Explications avec <strong>Agn\u00e8s Roussy et Val\u00e9ria Borodin<\/strong>, enseignantes-chercheuses au Centre Micro\u00e9lectronique de Provence, <a rel=\"noreferrer noopener\" aria-label=\"d\u00e9pt Sciences de la Fabrication et Logistique (opens in a new tab)\" href=\"https:\/\/www.mines-stetienne.fr\/recherche\/departements\/sciences-de-la-fabrication-et-logistique-sfl\/\" target=\"_blank\">d\u00e9pt Sciences de la Fabrication et Logistique<\/a>.<\/p>\n\n\n\n<hr class=\"wp-block-separator\" \/>\n\n\n\n<h4 class=\"wp-block-heading\">Accueil de professeurs internationaux<\/h4>\n\n\n\n<p><strong>C\u00e9sar Ofuchi, <\/strong>professeur \u00e0 la <a rel=\"noreferrer noopener\" aria-label=\"Federal Technological University of Paran\u00e1 (opens in a new tab)\" href=\"http:\/\/www.utfpr.edu.br\/\" target=\"_blank\">Federal Technological University of Paran\u00e1<\/a>, Br\u00e9sil accueilli du 17 septembre au 30 novembre au d\u00e9partement Proc\u00e9d\u00e9s pour l\u2019Environnement et G\u00e9oressources. Il travaille avec Ana Cameirao sur le sujet <em>\u00ab\u00a0Evaluation of an extended autocorrelation phase estimator for ultrasonic velocity profiles using nondestructive testing Systems\u00a0\u00bb<\/em>.<br><strong>Dr Darius Widera<\/strong>, <a rel=\"noreferrer noopener\" aria-label=\"School of Pharmacy, University of Reading (opens in a new tab)\" href=\"https:\/\/www.reading.ac.uk\/pharmacy\/\" target=\"_blank\">School of Pharmacy, University of Reading<\/a>, et <strong>Pr J. Leonardo Gonzales Rodriguez, <\/strong><a rel=\"noreferrer noopener\" aria-label=\" (opens in a new tab)\" href=\"https:\/\/www.urosario.edu.co\/\" target=\"_blank\">Universidad del Rosario, Bogota<\/a>, pour un s\u00e9minaire scientifique au CIS.<\/p>\n\n\n\n<hr class=\"wp-block-separator\" \/>\n","protected":false},"excerpt":{"rendered":"<p>#Corrosion sous-contrainte : journ\u00e9e th\u00e9matique du CEFRACOR co-organis\u00e9e par le centre SMSAccueil sur le campus GC Provence des partenaires du projet europ\u00e9en \u00ab\u00a0cyber secure light\u00a0\u00bb P\u00f4le SCS.Zoom sur le projet \u00ab\u00a0Metrology Advances for Digitized ECS Industry 4.0\u00a0\u00bb.Accueil de professeurs internationaux.Collaboration &hellip;<\/p>\n","protected":false},"author":3,"featured_media":20023,"comment_status":"closed","ping_status":"open","sticky":false,"template":"","format":"standard","meta":{"_relevanssi_hide_post":"","_relevanssi_hide_content":"","_relevanssi_pin_for_all":"","_relevanssi_pin_keywords":"","_relevanssi_unpin_keywords":"","_relevanssi_related_keywords":"","_relevanssi_related_include_ids":"","_relevanssi_related_exclude_ids":"","_relevanssi_related_no_append":"","_relevanssi_related_not_related":"","_relevanssi_related_posts":"","_relevanssi_noindex_reason":"","footnotes":""},"categories":[14],"tags":[639,167,474,62,127,168],"class_list":["post-19868","post","type-post","status-publish","format-standard","has-post-thumbnail","hentry","category-recherche","tag-cefracor","tag-cmp","tag-corrosion","tag-industrie-du-futur","tag-pole-scs","tag-sms"],"pp_statuses_selecting_workflow":false,"pp_workflow_action":"current","pp_status_selection":"publish","pp_force_visibility":null,"pp_subpost_visibility":null,"pp_inherited_force_visibility":null,"pp_inherited_subpost_visibility":null,"yoast_head":"<!-- This site is optimized with the Yoast SEO plugin v27.5 - https:\/\/yoast.com\/product\/yoast-seo-wordpress\/ -->\n<title>Valorisation scientifique et technologique - Panoramines<\/title>\n<meta name=\"robots\" content=\"index, follow, max-snippet:-1, max-image-preview:large, max-video-preview:-1\" \/>\n<link rel=\"canonical\" href=\"https:\/\/www.mines-stetienne.fr\/panoramines\/2019\/11\/18\/valorisation-scientifique-technologique\/\" \/>\n<meta property=\"og:locale\" content=\"fr_FR\" \/>\n<meta property=\"og:type\" content=\"article\" \/>\n<meta property=\"og:title\" content=\"Valorisation scientifique et technologique - Panoramines\" \/>\n<meta property=\"og:description\" content=\"#Corrosion sous-contrainte : journ\u00e9e th\u00e9matique du CEFRACOR co-organis\u00e9e par le centre SMSAccueil sur le campus GC Provence des partenaires du projet europ\u00e9en \u00ab\u00a0cyber secure light\u00a0\u00bb P\u00f4le SCS.Zoom sur le projet \u00ab\u00a0Metrology Advances for Digitized ECS Industry 4.0\u00a0\u00bb.Accueil de professeurs internationaux.Collaboration &hellip;\" \/>\n<meta property=\"og:url\" content=\"https:\/\/www.mines-stetienne.fr\/panoramines\/2019\/11\/18\/valorisation-scientifique-technologique\/\" \/>\n<meta property=\"og:site_name\" content=\"Panoramines\" \/>\n<meta property=\"article:published_time\" content=\"2019-11-18T10:29:00+00:00\" \/>\n<meta property=\"article:modified_time\" content=\"2024-03-07T15:06:54+00:00\" \/>\n<meta property=\"og:image\" content=\"https:\/\/www.mines-stetienne.fr\/panoramines\/wp-content\/uploads\/sites\/3\/2019\/11\/UneRecherche.jpg\" \/>\n\t<meta property=\"og:image:width\" content=\"700\" \/>\n\t<meta property=\"og:image:height\" content=\"300\" \/>\n\t<meta property=\"og:image:type\" content=\"image\/jpeg\" \/>\n<meta name=\"author\" content=\"Nathalie\" \/>\n<meta name=\"twitter:card\" content=\"summary_large_image\" \/>\n<meta name=\"twitter:label1\" content=\"\u00c9crit par\" \/>\n\t<meta name=\"twitter:data1\" content=\" Nathalie\" \/>\n\t<meta name=\"twitter:label2\" content=\"Dur\u00e9e de lecture estim\u00e9e\" \/>\n\t<meta name=\"twitter:data2\" content=\"3 minutes\" \/>\n<script type=\"application\/ld+json\" class=\"yoast-schema-graph\">{\"@context\":\"https:\\\/\\\/schema.org\",\"@graph\":[{\"@type\":\"Article\",\"@id\":\"https:\\\/\\\/www.mines-stetienne.fr\\\/panoramines\\\/2019\\\/11\\\/18\\\/valorisation-scientifique-technologique\\\/#article\",\"isPartOf\":{\"@id\":\"https:\\\/\\\/www.mines-stetienne.fr\\\/panoramines\\\/2019\\\/11\\\/18\\\/valorisation-scientifique-technologique\\\/\"},\"author\":{\"name\":\"Nathalie\",\"@id\":\"https:\\\/\\\/www.mines-stetienne.fr\\\/panoramines\\\/#\\\/schema\\\/person\\\/95e752e6dedac604ce4535123e0f8df7\"},\"headline\":\"Valorisation scientifique et technologique\",\"datePublished\":\"2019-11-18T10:29:00+00:00\",\"dateModified\":\"2024-03-07T15:06:54+00:00\",\"mainEntityOfPage\":{\"@id\":\"https:\\\/\\\/www.mines-stetienne.fr\\\/panoramines\\\/2019\\\/11\\\/18\\\/valorisation-scientifique-technologique\\\/\"},\"wordCount\":541,\"image\":{\"@id\":\"https:\\\/\\\/www.mines-stetienne.fr\\\/panoramines\\\/2019\\\/11\\\/18\\\/valorisation-scientifique-technologique\\\/#primaryimage\"},\"thumbnailUrl\":\"https:\\\/\\\/www.mines-stetienne.fr\\\/panoramines\\\/wp-content\\\/uploads\\\/sites\\\/3\\\/2019\\\/11\\\/UneRecherche.jpg\",\"keywords\":[\"Cefracor\",\"CMP\",\"Corrosion\",\"Industrie du futur\",\"P\u00f4le SCS\",\"SMS\"],\"articleSection\":[\"Recherche\"],\"inLanguage\":\"fr-FR\"},{\"@type\":\"WebPage\",\"@id\":\"https:\\\/\\\/www.mines-stetienne.fr\\\/panoramines\\\/2019\\\/11\\\/18\\\/valorisation-scientifique-technologique\\\/\",\"url\":\"https:\\\/\\\/www.mines-stetienne.fr\\\/panoramines\\\/2019\\\/11\\\/18\\\/valorisation-scientifique-technologique\\\/\",\"name\":\"Valorisation scientifique et technologique - Panoramines\",\"isPartOf\":{\"@id\":\"https:\\\/\\\/www.mines-stetienne.fr\\\/panoramines\\\/#website\"},\"primaryImageOfPage\":{\"@id\":\"https:\\\/\\\/www.mines-stetienne.fr\\\/panoramines\\\/2019\\\/11\\\/18\\\/valorisation-scientifique-technologique\\\/#primaryimage\"},\"image\":{\"@id\":\"https:\\\/\\\/www.mines-stetienne.fr\\\/panoramines\\\/2019\\\/11\\\/18\\\/valorisation-scientifique-technologique\\\/#primaryimage\"},\"thumbnailUrl\":\"https:\\\/\\\/www.mines-stetienne.fr\\\/panoramines\\\/wp-content\\\/uploads\\\/sites\\\/3\\\/2019\\\/11\\\/UneRecherche.jpg\",\"datePublished\":\"2019-11-18T10:29:00+00:00\",\"dateModified\":\"2024-03-07T15:06:54+00:00\",\"author\":{\"@id\":\"https:\\\/\\\/www.mines-stetienne.fr\\\/panoramines\\\/#\\\/schema\\\/person\\\/95e752e6dedac604ce4535123e0f8df7\"},\"breadcrumb\":{\"@id\":\"https:\\\/\\\/www.mines-stetienne.fr\\\/panoramines\\\/2019\\\/11\\\/18\\\/valorisation-scientifique-technologique\\\/#breadcrumb\"},\"inLanguage\":\"fr-FR\",\"potentialAction\":[{\"@type\":\"ReadAction\",\"target\":[\"https:\\\/\\\/www.mines-stetienne.fr\\\/panoramines\\\/2019\\\/11\\\/18\\\/valorisation-scientifique-technologique\\\/\"]}]},{\"@type\":\"ImageObject\",\"inLanguage\":\"fr-FR\",\"@id\":\"https:\\\/\\\/www.mines-stetienne.fr\\\/panoramines\\\/2019\\\/11\\\/18\\\/valorisation-scientifique-technologique\\\/#primaryimage\",\"url\":\"https:\\\/\\\/www.mines-stetienne.fr\\\/panoramines\\\/wp-content\\\/uploads\\\/sites\\\/3\\\/2019\\\/11\\\/UneRecherche.jpg\",\"contentUrl\":\"https:\\\/\\\/www.mines-stetienne.fr\\\/panoramines\\\/wp-content\\\/uploads\\\/sites\\\/3\\\/2019\\\/11\\\/UneRecherche.jpg\",\"width\":700,\"height\":300},{\"@type\":\"BreadcrumbList\",\"@id\":\"https:\\\/\\\/www.mines-stetienne.fr\\\/panoramines\\\/2019\\\/11\\\/18\\\/valorisation-scientifique-technologique\\\/#breadcrumb\",\"itemListElement\":[{\"@type\":\"ListItem\",\"position\":1,\"name\":\"Accueil\",\"item\":\"https:\\\/\\\/www.mines-stetienne.fr\\\/panoramines\\\/\"},{\"@type\":\"ListItem\",\"position\":2,\"name\":\"Valorisation scientifique et technologique\"}]},{\"@type\":\"WebSite\",\"@id\":\"https:\\\/\\\/www.mines-stetienne.fr\\\/panoramines\\\/#website\",\"url\":\"https:\\\/\\\/www.mines-stetienne.fr\\\/panoramines\\\/\",\"name\":\"Panoramines\",\"description\":\"Panoramines, l\u2019actualit\u00e9 de MINES Saint-\u00c9tienne\",\"potentialAction\":[{\"@type\":\"SearchAction\",\"target\":{\"@type\":\"EntryPoint\",\"urlTemplate\":\"https:\\\/\\\/www.mines-stetienne.fr\\\/panoramines\\\/?s={search_term_string}\"},\"query-input\":{\"@type\":\"PropertyValueSpecification\",\"valueRequired\":true,\"valueName\":\"search_term_string\"}}],\"inLanguage\":\"fr-FR\"},{\"@type\":\"Person\",\"@id\":\"https:\\\/\\\/www.mines-stetienne.fr\\\/panoramines\\\/#\\\/schema\\\/person\\\/95e752e6dedac604ce4535123e0f8df7\",\"name\":\"Nathalie\",\"image\":{\"@type\":\"ImageObject\",\"inLanguage\":\"fr-FR\",\"@id\":\"https:\\\/\\\/www.mines-stetienne.fr\\\/panoramines\\\/wp-content\\\/uploads\\\/sites\\\/3\\\/2021\\\/07\\\/logo-75x75-1.png\",\"url\":\"https:\\\/\\\/www.mines-stetienne.fr\\\/panoramines\\\/wp-content\\\/uploads\\\/sites\\\/3\\\/2021\\\/07\\\/logo-75x75-1.png\",\"contentUrl\":\"https:\\\/\\\/www.mines-stetienne.fr\\\/panoramines\\\/wp-content\\\/uploads\\\/sites\\\/3\\\/2021\\\/07\\\/logo-75x75-1.png\",\"caption\":\"Nathalie\"},\"url\":\"https:\\\/\\\/www.mines-stetienne.fr\\\/panoramines\\\/author\\\/nathalie\\\/\"}]}<\/script>\n<!-- \/ Yoast SEO plugin. -->","yoast_head_json":{"title":"Valorisation scientifique et technologique - Panoramines","robots":{"index":"index","follow":"follow","max-snippet":"max-snippet:-1","max-image-preview":"max-image-preview:large","max-video-preview":"max-video-preview:-1"},"canonical":"https:\/\/www.mines-stetienne.fr\/panoramines\/2019\/11\/18\/valorisation-scientifique-technologique\/","og_locale":"fr_FR","og_type":"article","og_title":"Valorisation scientifique et technologique - Panoramines","og_description":"#Corrosion sous-contrainte : journ\u00e9e th\u00e9matique du CEFRACOR co-organis\u00e9e par le centre SMSAccueil sur le campus GC Provence des partenaires du projet europ\u00e9en \u00ab\u00a0cyber secure light\u00a0\u00bb P\u00f4le SCS.Zoom sur le projet \u00ab\u00a0Metrology Advances for Digitized ECS Industry 4.0\u00a0\u00bb.Accueil de professeurs internationaux.Collaboration &hellip;","og_url":"https:\/\/www.mines-stetienne.fr\/panoramines\/2019\/11\/18\/valorisation-scientifique-technologique\/","og_site_name":"Panoramines","article_published_time":"2019-11-18T10:29:00+00:00","article_modified_time":"2024-03-07T15:06:54+00:00","og_image":[{"width":700,"height":300,"url":"https:\/\/www.mines-stetienne.fr\/panoramines\/wp-content\/uploads\/sites\/3\/2019\/11\/UneRecherche.jpg","type":"image\/jpeg"}],"author":"Nathalie","twitter_card":"summary_large_image","twitter_misc":{"\u00c9crit par":" Nathalie","Dur\u00e9e de lecture estim\u00e9e":"3 minutes"},"schema":{"@context":"https:\/\/schema.org","@graph":[{"@type":"Article","@id":"https:\/\/www.mines-stetienne.fr\/panoramines\/2019\/11\/18\/valorisation-scientifique-technologique\/#article","isPartOf":{"@id":"https:\/\/www.mines-stetienne.fr\/panoramines\/2019\/11\/18\/valorisation-scientifique-technologique\/"},"author":{"name":"Nathalie","@id":"https:\/\/www.mines-stetienne.fr\/panoramines\/#\/schema\/person\/95e752e6dedac604ce4535123e0f8df7"},"headline":"Valorisation scientifique et technologique","datePublished":"2019-11-18T10:29:00+00:00","dateModified":"2024-03-07T15:06:54+00:00","mainEntityOfPage":{"@id":"https:\/\/www.mines-stetienne.fr\/panoramines\/2019\/11\/18\/valorisation-scientifique-technologique\/"},"wordCount":541,"image":{"@id":"https:\/\/www.mines-stetienne.fr\/panoramines\/2019\/11\/18\/valorisation-scientifique-technologique\/#primaryimage"},"thumbnailUrl":"https:\/\/www.mines-stetienne.fr\/panoramines\/wp-content\/uploads\/sites\/3\/2019\/11\/UneRecherche.jpg","keywords":["Cefracor","CMP","Corrosion","Industrie du futur","P\u00f4le SCS","SMS"],"articleSection":["Recherche"],"inLanguage":"fr-FR"},{"@type":"WebPage","@id":"https:\/\/www.mines-stetienne.fr\/panoramines\/2019\/11\/18\/valorisation-scientifique-technologique\/","url":"https:\/\/www.mines-stetienne.fr\/panoramines\/2019\/11\/18\/valorisation-scientifique-technologique\/","name":"Valorisation scientifique et technologique - Panoramines","isPartOf":{"@id":"https:\/\/www.mines-stetienne.fr\/panoramines\/#website"},"primaryImageOfPage":{"@id":"https:\/\/www.mines-stetienne.fr\/panoramines\/2019\/11\/18\/valorisation-scientifique-technologique\/#primaryimage"},"image":{"@id":"https:\/\/www.mines-stetienne.fr\/panoramines\/2019\/11\/18\/valorisation-scientifique-technologique\/#primaryimage"},"thumbnailUrl":"https:\/\/www.mines-stetienne.fr\/panoramines\/wp-content\/uploads\/sites\/3\/2019\/11\/UneRecherche.jpg","datePublished":"2019-11-18T10:29:00+00:00","dateModified":"2024-03-07T15:06:54+00:00","author":{"@id":"https:\/\/www.mines-stetienne.fr\/panoramines\/#\/schema\/person\/95e752e6dedac604ce4535123e0f8df7"},"breadcrumb":{"@id":"https:\/\/www.mines-stetienne.fr\/panoramines\/2019\/11\/18\/valorisation-scientifique-technologique\/#breadcrumb"},"inLanguage":"fr-FR","potentialAction":[{"@type":"ReadAction","target":["https:\/\/www.mines-stetienne.fr\/panoramines\/2019\/11\/18\/valorisation-scientifique-technologique\/"]}]},{"@type":"ImageObject","inLanguage":"fr-FR","@id":"https:\/\/www.mines-stetienne.fr\/panoramines\/2019\/11\/18\/valorisation-scientifique-technologique\/#primaryimage","url":"https:\/\/www.mines-stetienne.fr\/panoramines\/wp-content\/uploads\/sites\/3\/2019\/11\/UneRecherche.jpg","contentUrl":"https:\/\/www.mines-stetienne.fr\/panoramines\/wp-content\/uploads\/sites\/3\/2019\/11\/UneRecherche.jpg","width":700,"height":300},{"@type":"BreadcrumbList","@id":"https:\/\/www.mines-stetienne.fr\/panoramines\/2019\/11\/18\/valorisation-scientifique-technologique\/#breadcrumb","itemListElement":[{"@type":"ListItem","position":1,"name":"Accueil","item":"https:\/\/www.mines-stetienne.fr\/panoramines\/"},{"@type":"ListItem","position":2,"name":"Valorisation scientifique et technologique"}]},{"@type":"WebSite","@id":"https:\/\/www.mines-stetienne.fr\/panoramines\/#website","url":"https:\/\/www.mines-stetienne.fr\/panoramines\/","name":"Panoramines","description":"Panoramines, l\u2019actualit\u00e9 de MINES Saint-\u00c9tienne","potentialAction":[{"@type":"SearchAction","target":{"@type":"EntryPoint","urlTemplate":"https:\/\/www.mines-stetienne.fr\/panoramines\/?s={search_term_string}"},"query-input":{"@type":"PropertyValueSpecification","valueRequired":true,"valueName":"search_term_string"}}],"inLanguage":"fr-FR"},{"@type":"Person","@id":"https:\/\/www.mines-stetienne.fr\/panoramines\/#\/schema\/person\/95e752e6dedac604ce4535123e0f8df7","name":"Nathalie","image":{"@type":"ImageObject","inLanguage":"fr-FR","@id":"https:\/\/www.mines-stetienne.fr\/panoramines\/wp-content\/uploads\/sites\/3\/2021\/07\/logo-75x75-1.png","url":"https:\/\/www.mines-stetienne.fr\/panoramines\/wp-content\/uploads\/sites\/3\/2021\/07\/logo-75x75-1.png","contentUrl":"https:\/\/www.mines-stetienne.fr\/panoramines\/wp-content\/uploads\/sites\/3\/2021\/07\/logo-75x75-1.png","caption":"Nathalie"},"url":"https:\/\/www.mines-stetienne.fr\/panoramines\/author\/nathalie\/"}]}},"_links":{"self":[{"href":"https:\/\/www.mines-stetienne.fr\/panoramines\/wp-json\/wp\/v2\/posts\/19868","targetHints":{"allow":["GET"]}}],"collection":[{"href":"https:\/\/www.mines-stetienne.fr\/panoramines\/wp-json\/wp\/v2\/posts"}],"about":[{"href":"https:\/\/www.mines-stetienne.fr\/panoramines\/wp-json\/wp\/v2\/types\/post"}],"author":[{"embeddable":true,"href":"https:\/\/www.mines-stetienne.fr\/panoramines\/wp-json\/wp\/v2\/users\/3"}],"replies":[{"embeddable":true,"href":"https:\/\/www.mines-stetienne.fr\/panoramines\/wp-json\/wp\/v2\/comments?post=19868"}],"version-history":[{"count":19,"href":"https:\/\/www.mines-stetienne.fr\/panoramines\/wp-json\/wp\/v2\/posts\/19868\/revisions"}],"predecessor-version":[{"id":20111,"href":"https:\/\/www.mines-stetienne.fr\/panoramines\/wp-json\/wp\/v2\/posts\/19868\/revisions\/20111"}],"wp:featuredmedia":[{"embeddable":true,"href":"https:\/\/www.mines-stetienne.fr\/panoramines\/wp-json\/wp\/v2\/media\/20023"}],"wp:attachment":[{"href":"https:\/\/www.mines-stetienne.fr\/panoramines\/wp-json\/wp\/v2\/media?parent=19868"}],"wp:term":[{"taxonomy":"category","embeddable":true,"href":"https:\/\/www.mines-stetienne.fr\/panoramines\/wp-json\/wp\/v2\/categories?post=19868"},{"taxonomy":"post_tag","embeddable":true,"href":"https:\/\/www.mines-stetienne.fr\/panoramines\/wp-json\/wp\/v2\/tags?post=19868"}],"curies":[{"name":"wp","href":"https:\/\/api.w.org\/{rel}","templated":true}]}}