{"id":19599,"date":"2019-10-18T21:09:39","date_gmt":"2019-10-18T19:09:39","guid":{"rendered":"https:\/\/www.mines-stetienne.fr\/panoramines\/?p=19599"},"modified":"2019-10-22T09:46:36","modified_gmt":"2019-10-22T07:46:36","slug":"un-forum-entreprises-ismin-tres-prise","status":"publish","type":"post","link":"https:\/\/www.mines-stetienne.fr\/panoramines\/2019\/10\/18\/un-forum-entreprises-ismin-tres-prise\/","title":{"rendered":"Un forum Entreprises ISMIN tr\u00e8s pris\u00e9 !"},"content":{"rendered":"\n<h4 class=\"wp-block-heading\">Le Forum Entreprises ISMIN organis\u00e9 par les \u00e9l\u00e8ves-ing\u00e9nieurs sur le Campus G.Charpak Provence a accueilli  39 entreprises ; une pr\u00e9sence accrue cette ann\u00e9e de professionnels pour ce rendez-vous tr\u00e8s attendu par les futurs ing\u00e9nieurs. Plus de 650 entretiens individuels ont \u00e9t\u00e9 r\u00e9alis\u00e9s ! <\/h4>\n\n\n\n<p>Cette 12e \u00e9dition, parfaitement organis\u00e9e par une \u00e9quipe d&rsquo;\u00e9l\u00e8ves ISMIN, s&rsquo;est d\u00e9roul\u00e9e le 17 octobre sur notre campus proven\u00e7al. <br>360 entretiens individuels \u00e9taient programm\u00e9s le matin et les entretiens libres se sont poursuivis l\u2019apr\u00e8s-midi, il y en a eu au final plus de 650 ! De nombreuses offres de stages \u00e9taient propos\u00e9es.<\/p>\n\n\n\n<ul class=\"wp-block-gallery columns-2 is-cropped wp-block-gallery-2 is-layout-flex wp-block-gallery-is-layout-flex\"><li class=\"blocks-gallery-item\"><figure><a href=\"https:\/\/www.mines-stetienne.fr\/panoramines\/wp-content\/uploads\/sites\/3\/2019\/10\/FEI1.jpeg\"><img loading=\"lazy\" decoding=\"async\" width=\"750\" height=\"423\" src=\"https:\/\/www.mines-stetienne.fr\/panoramines\/wp-content\/uploads\/sites\/3\/2019\/10\/FEI1.jpeg\" alt=\"\" data-id=\"19622\" data-link=\"https:\/\/www.mines-stetienne.fr\/panoramines\/?attachment_id=19622\" class=\"wp-image-19622\" srcset=\"https:\/\/www.mines-stetienne.fr\/panoramines\/wp-content\/uploads\/sites\/3\/2019\/10\/FEI1.jpeg 750w, https:\/\/www.mines-stetienne.fr\/panoramines\/wp-content\/uploads\/sites\/3\/2019\/10\/FEI1-300x169.jpeg 300w\" sizes=\"auto, (max-width: 750px) 100vw, 750px\" \/><\/a><\/figure><\/li><li class=\"blocks-gallery-item\"><figure><a href=\"https:\/\/www.mines-stetienne.fr\/panoramines\/wp-content\/uploads\/sites\/3\/2019\/10\/FEI2.jpeg\"><img loading=\"lazy\" decoding=\"async\" width=\"750\" height=\"422\" src=\"https:\/\/www.mines-stetienne.fr\/panoramines\/wp-content\/uploads\/sites\/3\/2019\/10\/FEI2.jpeg\" alt=\"\" data-id=\"19623\" data-link=\"https:\/\/www.mines-stetienne.fr\/panoramines\/?attachment_id=19623\" class=\"wp-image-19623\" srcset=\"https:\/\/www.mines-stetienne.fr\/panoramines\/wp-content\/uploads\/sites\/3\/2019\/10\/FEI2.jpeg 750w, https:\/\/www.mines-stetienne.fr\/panoramines\/wp-content\/uploads\/sites\/3\/2019\/10\/FEI2-300x169.jpeg 300w\" sizes=\"auto, (max-width: 750px) 100vw, 750px\" \/><\/a><\/figure><\/li><\/ul>\n\n\n\n<p><a rel=\"noreferrer noopener\" aria-label=\"Une belle affluence \u00e0 cette journ\u00e9e d'ouverture (opens in a new tab)\" href=\"http:\/\/forum-ismin.com\/Entreprises\" target=\"_blank\">Une affluence significative pour cette journ\u00e9e d&rsquo;ouverture<\/a> qui a \u00e9galement accueilli des ing\u00e9nieurs de Centrale Marseille et des Arts et M\u00e9tiers<\/p>\n\n\n\n<ul class=\"wp-block-gallery columns-3 is-cropped wp-block-gallery-3 is-layout-flex wp-block-gallery-is-layout-flex\"><li class=\"blocks-gallery-item\"><figure><a href=\"https:\/\/www.mines-stetienne.fr\/panoramines\/wp-content\/uploads\/sites\/3\/2019\/10\/FEI1.jpg\"><img loading=\"lazy\" decoding=\"async\" width=\"750\" height=\"500\" src=\"https:\/\/www.mines-stetienne.fr\/panoramines\/wp-content\/uploads\/sites\/3\/2019\/10\/FEI1.jpg\" alt=\"\" data-id=\"19604\" data-link=\"https:\/\/www.mines-stetienne.fr\/panoramines\/?attachment_id=19604\" class=\"wp-image-19604\" srcset=\"https:\/\/www.mines-stetienne.fr\/panoramines\/wp-content\/uploads\/sites\/3\/2019\/10\/FEI1.jpg 750w, https:\/\/www.mines-stetienne.fr\/panoramines\/wp-content\/uploads\/sites\/3\/2019\/10\/FEI1-300x200.jpg 300w\" sizes=\"auto, (max-width: 750px) 100vw, 750px\" \/><\/a><\/figure><\/li><li class=\"blocks-gallery-item\"><figure><a href=\"https:\/\/www.mines-stetienne.fr\/panoramines\/wp-content\/uploads\/sites\/3\/2019\/10\/FEI2.jpg\"><img loading=\"lazy\" decoding=\"async\" width=\"750\" height=\"500\" src=\"https:\/\/www.mines-stetienne.fr\/panoramines\/wp-content\/uploads\/sites\/3\/2019\/10\/FEI2.jpg\" alt=\"\" data-id=\"19605\" data-link=\"https:\/\/www.mines-stetienne.fr\/panoramines\/?attachment_id=19605\" class=\"wp-image-19605\" srcset=\"https:\/\/www.mines-stetienne.fr\/panoramines\/wp-content\/uploads\/sites\/3\/2019\/10\/FEI2.jpg 750w, https:\/\/www.mines-stetienne.fr\/panoramines\/wp-content\/uploads\/sites\/3\/2019\/10\/FEI2-300x200.jpg 300w\" sizes=\"auto, (max-width: 750px) 100vw, 750px\" \/><\/a><\/figure><\/li><li class=\"blocks-gallery-item\"><figure><a href=\"https:\/\/www.mines-stetienne.fr\/panoramines\/wp-content\/uploads\/sites\/3\/2019\/10\/FEI3.jpg\"><img loading=\"lazy\" decoding=\"async\" width=\"750\" height=\"500\" src=\"https:\/\/www.mines-stetienne.fr\/panoramines\/wp-content\/uploads\/sites\/3\/2019\/10\/FEI3.jpg\" alt=\"\" data-id=\"19606\" data-link=\"https:\/\/www.mines-stetienne.fr\/panoramines\/?attachment_id=19606\" class=\"wp-image-19606\" srcset=\"https:\/\/www.mines-stetienne.fr\/panoramines\/wp-content\/uploads\/sites\/3\/2019\/10\/FEI3.jpg 750w, https:\/\/www.mines-stetienne.fr\/panoramines\/wp-content\/uploads\/sites\/3\/2019\/10\/FEI3-300x200.jpg 300w\" sizes=\"auto, (max-width: 750px) 100vw, 750px\" \/><\/a><\/figure><\/li><li class=\"blocks-gallery-item\"><figure><a href=\"https:\/\/www.mines-stetienne.fr\/panoramines\/wp-content\/uploads\/sites\/3\/2019\/10\/FEI4.jpg\"><img loading=\"lazy\" decoding=\"async\" width=\"750\" height=\"500\" src=\"https:\/\/www.mines-stetienne.fr\/panoramines\/wp-content\/uploads\/sites\/3\/2019\/10\/FEI4.jpg\" alt=\"\" data-id=\"19607\" data-link=\"https:\/\/www.mines-stetienne.fr\/panoramines\/?attachment_id=19607\" class=\"wp-image-19607\" srcset=\"https:\/\/www.mines-stetienne.fr\/panoramines\/wp-content\/uploads\/sites\/3\/2019\/10\/FEI4.jpg 750w, https:\/\/www.mines-stetienne.fr\/panoramines\/wp-content\/uploads\/sites\/3\/2019\/10\/FEI4-300x200.jpg 300w\" sizes=\"auto, (max-width: 750px) 100vw, 750px\" \/><\/a><\/figure><\/li><li class=\"blocks-gallery-item\"><figure><a href=\"https:\/\/www.mines-stetienne.fr\/panoramines\/wp-content\/uploads\/sites\/3\/2019\/10\/FEI5.jpg\"><img loading=\"lazy\" decoding=\"async\" width=\"750\" height=\"500\" src=\"https:\/\/www.mines-stetienne.fr\/panoramines\/wp-content\/uploads\/sites\/3\/2019\/10\/FEI5.jpg\" alt=\"\" data-id=\"19608\" data-link=\"https:\/\/www.mines-stetienne.fr\/panoramines\/?attachment_id=19608\" class=\"wp-image-19608\" srcset=\"https:\/\/www.mines-stetienne.fr\/panoramines\/wp-content\/uploads\/sites\/3\/2019\/10\/FEI5.jpg 750w, https:\/\/www.mines-stetienne.fr\/panoramines\/wp-content\/uploads\/sites\/3\/2019\/10\/FEI5-300x200.jpg 300w\" sizes=\"auto, (max-width: 750px) 100vw, 750px\" \/><\/a><\/figure><\/li><li class=\"blocks-gallery-item\"><figure><a href=\"https:\/\/www.mines-stetienne.fr\/panoramines\/wp-content\/uploads\/sites\/3\/2019\/10\/FEI6.jpg\"><img loading=\"lazy\" decoding=\"async\" width=\"750\" height=\"500\" src=\"https:\/\/www.mines-stetienne.fr\/panoramines\/wp-content\/uploads\/sites\/3\/2019\/10\/FEI6.jpg\" alt=\"\" data-id=\"19609\" data-link=\"https:\/\/www.mines-stetienne.fr\/panoramines\/?attachment_id=19609\" class=\"wp-image-19609\" srcset=\"https:\/\/www.mines-stetienne.fr\/panoramines\/wp-content\/uploads\/sites\/3\/2019\/10\/FEI6.jpg 750w, https:\/\/www.mines-stetienne.fr\/panoramines\/wp-content\/uploads\/sites\/3\/2019\/10\/FEI6-300x200.jpg 300w\" sizes=\"auto, (max-width: 750px) 100vw, 750px\" \/><\/a><\/figure><\/li><li class=\"blocks-gallery-item\"><figure><a href=\"https:\/\/www.mines-stetienne.fr\/panoramines\/wp-content\/uploads\/sites\/3\/2019\/10\/FEI7.jpg\"><img loading=\"lazy\" decoding=\"async\" width=\"750\" height=\"500\" src=\"https:\/\/www.mines-stetienne.fr\/panoramines\/wp-content\/uploads\/sites\/3\/2019\/10\/FEI7.jpg\" alt=\"\" data-id=\"19610\" data-link=\"https:\/\/www.mines-stetienne.fr\/panoramines\/?attachment_id=19610\" class=\"wp-image-19610\" srcset=\"https:\/\/www.mines-stetienne.fr\/panoramines\/wp-content\/uploads\/sites\/3\/2019\/10\/FEI7.jpg 750w, https:\/\/www.mines-stetienne.fr\/panoramines\/wp-content\/uploads\/sites\/3\/2019\/10\/FEI7-300x200.jpg 300w\" sizes=\"auto, (max-width: 750px) 100vw, 750px\" \/><\/a><\/figure><\/li><li class=\"blocks-gallery-item\"><figure><a href=\"https:\/\/www.mines-stetienne.fr\/panoramines\/wp-content\/uploads\/sites\/3\/2019\/10\/FEI8.jpg\"><img loading=\"lazy\" decoding=\"async\" width=\"749\" height=\"493\" src=\"https:\/\/www.mines-stetienne.fr\/panoramines\/wp-content\/uploads\/sites\/3\/2019\/10\/FEI8.jpg\" alt=\"\" data-id=\"19611\" data-link=\"https:\/\/www.mines-stetienne.fr\/panoramines\/?attachment_id=19611\" class=\"wp-image-19611\" srcset=\"https:\/\/www.mines-stetienne.fr\/panoramines\/wp-content\/uploads\/sites\/3\/2019\/10\/FEI8.jpg 749w, https:\/\/www.mines-stetienne.fr\/panoramines\/wp-content\/uploads\/sites\/3\/2019\/10\/FEI8-300x197.jpg 300w, https:\/\/www.mines-stetienne.fr\/panoramines\/wp-content\/uploads\/sites\/3\/2019\/10\/FEI8-350x230.jpg 350w\" sizes=\"auto, (max-width: 749px) 100vw, 749px\" \/><\/a><\/figure><\/li><li class=\"blocks-gallery-item\"><figure><a href=\"https:\/\/www.mines-stetienne.fr\/panoramines\/wp-content\/uploads\/sites\/3\/2019\/10\/FEI9.jpg\"><img loading=\"lazy\" decoding=\"async\" width=\"750\" height=\"500\" src=\"https:\/\/www.mines-stetienne.fr\/panoramines\/wp-content\/uploads\/sites\/3\/2019\/10\/FEI9.jpg\" alt=\"\" data-id=\"19613\" data-link=\"https:\/\/www.mines-stetienne.fr\/panoramines\/?attachment_id=19613\" class=\"wp-image-19613\" srcset=\"https:\/\/www.mines-stetienne.fr\/panoramines\/wp-content\/uploads\/sites\/3\/2019\/10\/FEI9.jpg 750w, https:\/\/www.mines-stetienne.fr\/panoramines\/wp-content\/uploads\/sites\/3\/2019\/10\/FEI9-300x200.jpg 300w\" sizes=\"auto, (max-width: 750px) 100vw, 750px\" \/><\/a><\/figure><\/li><li class=\"blocks-gallery-item\"><figure><a href=\"https:\/\/www.mines-stetienne.fr\/panoramines\/wp-content\/uploads\/sites\/3\/2019\/10\/FEI11.jpg\"><img loading=\"lazy\" decoding=\"async\" width=\"750\" height=\"601\" src=\"https:\/\/www.mines-stetienne.fr\/panoramines\/wp-content\/uploads\/sites\/3\/2019\/10\/FEI11.jpg\" alt=\"\" data-id=\"19614\" data-link=\"https:\/\/www.mines-stetienne.fr\/panoramines\/?attachment_id=19614\" class=\"wp-image-19614\" srcset=\"https:\/\/www.mines-stetienne.fr\/panoramines\/wp-content\/uploads\/sites\/3\/2019\/10\/FEI11.jpg 750w, https:\/\/www.mines-stetienne.fr\/panoramines\/wp-content\/uploads\/sites\/3\/2019\/10\/FEI11-300x240.jpg 300w\" sizes=\"auto, (max-width: 750px) 100vw, 750px\" \/><\/a><\/figure><\/li><li class=\"blocks-gallery-item\"><figure><a href=\"https:\/\/www.mines-stetienne.fr\/panoramines\/wp-content\/uploads\/sites\/3\/2019\/10\/FEI12.jpg\"><img loading=\"lazy\" decoding=\"async\" width=\"750\" height=\"500\" src=\"https:\/\/www.mines-stetienne.fr\/panoramines\/wp-content\/uploads\/sites\/3\/2019\/10\/FEI12.jpg\" alt=\"\" data-id=\"19615\" data-link=\"https:\/\/www.mines-stetienne.fr\/panoramines\/?attachment_id=19615\" class=\"wp-image-19615\" srcset=\"https:\/\/www.mines-stetienne.fr\/panoramines\/wp-content\/uploads\/sites\/3\/2019\/10\/FEI12.jpg 750w, https:\/\/www.mines-stetienne.fr\/panoramines\/wp-content\/uploads\/sites\/3\/2019\/10\/FEI12-300x200.jpg 300w\" sizes=\"auto, (max-width: 750px) 100vw, 750px\" \/><\/a><\/figure><\/li><li class=\"blocks-gallery-item\"><figure><a href=\"https:\/\/www.mines-stetienne.fr\/panoramines\/wp-content\/uploads\/sites\/3\/2019\/10\/FEI510.jpg\"><img loading=\"lazy\" decoding=\"async\" width=\"750\" height=\"500\" src=\"https:\/\/www.mines-stetienne.fr\/panoramines\/wp-content\/uploads\/sites\/3\/2019\/10\/FEI510.jpg\" alt=\"\" data-id=\"19617\" data-link=\"https:\/\/www.mines-stetienne.fr\/panoramines\/?attachment_id=19617\" class=\"wp-image-19617\" srcset=\"https:\/\/www.mines-stetienne.fr\/panoramines\/wp-content\/uploads\/sites\/3\/2019\/10\/FEI510.jpg 750w, https:\/\/www.mines-stetienne.fr\/panoramines\/wp-content\/uploads\/sites\/3\/2019\/10\/FEI510-300x200.jpg 300w\" sizes=\"auto, (max-width: 750px) 100vw, 750px\" \/><\/a><\/figure><\/li><\/ul>\n\n\n\n<p>Le Forum Rencontres \u00e9tudiants\/entreprises permet chaque ann\u00e9e des&nbsp;\u00e9changes concrets et tr\u00e8s professionnels essentiels pour les futurs&nbsp;ing\u00e9nieurs. <\/p>\n\n\n\n<p>Contact pour&nbsp;<a class=\"\" href=\"http:\/\/forum-ismin.com\/Association\">l&rsquo;\u00e9quipe<\/a>&nbsp;du forum,&nbsp;<a class=\"\" href=\"m&#97;&#105;&#x6c;&#x74;&#x6f;:l&#101;&#97;&#x6e;&#x64;&#x72;e&#46;&#98;&#111;&#x6e;&#x6e;&#x65;f&#111;&#110;&#x64;&#x40;&#x66;or&#117;&#109;&#x2d;&#x69;&#x73;m&#105;&#110;&#46;&#x63;&#x6f;&#x6d;\">L\u00e9andre BONNEFOND<\/a><br>En savoir + sur le site <a href=\"http:\/\/forum-ismin.com\/Accueil\" target=\"_blank\" rel=\"noreferrer noopener\" aria-label=\"http:\/\/forum-ismin.com\/Accueil (opens in a new tab)\">http:\/\/forum-ismin.com\/Accueil<\/a><br><\/p>\n\n\n\n<hr class=\"wp-block-separator\" \/>\n\n\n\n<p><br><\/p>\n","protected":false},"excerpt":{"rendered":"<p>Le Forum Entreprises ISMIN organis\u00e9 par les \u00e9l\u00e8ves-ing\u00e9nieurs sur le Campus G.Charpak Provence a accueilli 39 entreprises ; une pr\u00e9sence accrue cette ann\u00e9e de professionnels pour ce rendez-vous tr\u00e8s attendu par les futurs ing\u00e9nieurs. Plus de 650 entretiens individuels ont &hellip;<\/p>\n","protected":false},"author":3,"featured_media":19612,"comment_status":"closed","ping_status":"open","sticky":false,"template":"","format":"standard","meta":{"_relevanssi_hide_post":"","_relevanssi_hide_content":"","_relevanssi_pin_for_all":"","_relevanssi_pin_keywords":"","_relevanssi_unpin_keywords":"","_relevanssi_related_keywords":"","_relevanssi_related_include_ids":"","_relevanssi_related_exclude_ids":"","_relevanssi_related_no_append":"","_relevanssi_related_not_related":"","_relevanssi_related_posts":"","_relevanssi_noindex_reason":"","footnotes":""},"categories":[19],"tags":[370,470,152,42],"class_list":["post-19599","post","type-post","status-publish","format-standard","has-post-thumbnail","hentry","category-entreprise","tag-campus-gc-provence","tag-fei","tag-forum-entreprise","tag-ismin"],"pp_statuses_selecting_workflow":false,"pp_workflow_action":"current","pp_status_selection":"publish","pp_force_visibility":null,"pp_subpost_visibility":null,"pp_inherited_force_visibility":null,"pp_inherited_subpost_visibility":null,"yoast_head":"<!-- This site is optimized with the Yoast SEO plugin v27.5 - https:\/\/yoast.com\/product\/yoast-seo-wordpress\/ -->\n<title>Un forum Entreprises ISMIN tr\u00e8s pris\u00e9 ! - Panoramines<\/title>\n<meta name=\"robots\" content=\"index, follow, max-snippet:-1, max-image-preview:large, max-video-preview:-1\" \/>\n<link rel=\"canonical\" href=\"https:\/\/www.mines-stetienne.fr\/panoramines\/2019\/10\/18\/un-forum-entreprises-ismin-tres-prise\/\" \/>\n<meta property=\"og:locale\" content=\"fr_FR\" \/>\n<meta property=\"og:type\" content=\"article\" \/>\n<meta property=\"og:title\" content=\"Un forum Entreprises ISMIN tr\u00e8s pris\u00e9 ! - Panoramines\" \/>\n<meta property=\"og:description\" content=\"Le Forum Entreprises ISMIN organis\u00e9 par les \u00e9l\u00e8ves-ing\u00e9nieurs sur le Campus G.Charpak Provence a accueilli 39 entreprises ; une pr\u00e9sence accrue cette ann\u00e9e de professionnels pour ce rendez-vous tr\u00e8s attendu par les futurs ing\u00e9nieurs. Plus de 650 entretiens individuels ont &hellip;\" \/>\n<meta property=\"og:url\" content=\"https:\/\/www.mines-stetienne.fr\/panoramines\/2019\/10\/18\/un-forum-entreprises-ismin-tres-prise\/\" \/>\n<meta property=\"og:site_name\" content=\"Panoramines\" \/>\n<meta property=\"article:published_time\" content=\"2019-10-18T19:09:39+00:00\" \/>\n<meta property=\"article:modified_time\" content=\"2019-10-22T07:46:36+00:00\" \/>\n<meta property=\"og:image\" content=\"https:\/\/www.mines-stetienne.fr\/panoramines\/wp-content\/uploads\/sites\/3\/2019\/10\/FEIUne.jpg\" \/>\n\t<meta property=\"og:image:width\" content=\"700\" \/>\n\t<meta property=\"og:image:height\" content=\"298\" \/>\n\t<meta property=\"og:image:type\" content=\"image\/jpeg\" \/>\n<meta name=\"author\" content=\"Nathalie\" \/>\n<meta name=\"twitter:card\" content=\"summary_large_image\" \/>\n<meta name=\"twitter:label1\" content=\"\u00c9crit par\" \/>\n\t<meta name=\"twitter:data1\" content=\" Nathalie\" \/>\n\t<meta name=\"twitter:label2\" content=\"Dur\u00e9e de lecture estim\u00e9e\" \/>\n\t<meta name=\"twitter:data2\" content=\"1 minute\" \/>\n<script type=\"application\/ld+json\" class=\"yoast-schema-graph\">{\"@context\":\"https:\\\/\\\/schema.org\",\"@graph\":[{\"@type\":\"Article\",\"@id\":\"https:\\\/\\\/www.mines-stetienne.fr\\\/panoramines\\\/2019\\\/10\\\/18\\\/un-forum-entreprises-ismin-tres-prise\\\/#article\",\"isPartOf\":{\"@id\":\"https:\\\/\\\/www.mines-stetienne.fr\\\/panoramines\\\/2019\\\/10\\\/18\\\/un-forum-entreprises-ismin-tres-prise\\\/\"},\"author\":{\"name\":\"Nathalie\",\"@id\":\"https:\\\/\\\/www.mines-stetienne.fr\\\/panoramines\\\/#\\\/schema\\\/person\\\/95e752e6dedac604ce4535123e0f8df7\"},\"headline\":\"Un forum Entreprises ISMIN tr\u00e8s pris\u00e9 !\",\"datePublished\":\"2019-10-18T19:09:39+00:00\",\"dateModified\":\"2019-10-22T07:46:36+00:00\",\"mainEntityOfPage\":{\"@id\":\"https:\\\/\\\/www.mines-stetienne.fr\\\/panoramines\\\/2019\\\/10\\\/18\\\/un-forum-entreprises-ismin-tres-prise\\\/\"},\"wordCount\":182,\"image\":{\"@id\":\"https:\\\/\\\/www.mines-stetienne.fr\\\/panoramines\\\/2019\\\/10\\\/18\\\/un-forum-entreprises-ismin-tres-prise\\\/#primaryimage\"},\"thumbnailUrl\":\"https:\\\/\\\/www.mines-stetienne.fr\\\/panoramines\\\/wp-content\\\/uploads\\\/sites\\\/3\\\/2019\\\/10\\\/FEIUne.jpg\",\"keywords\":[\"Campus GC Provence\",\"FEI\",\"Forum Entreprise\",\"ISMIN\"],\"articleSection\":[\"Entreprise\"],\"inLanguage\":\"fr-FR\"},{\"@type\":\"WebPage\",\"@id\":\"https:\\\/\\\/www.mines-stetienne.fr\\\/panoramines\\\/2019\\\/10\\\/18\\\/un-forum-entreprises-ismin-tres-prise\\\/\",\"url\":\"https:\\\/\\\/www.mines-stetienne.fr\\\/panoramines\\\/2019\\\/10\\\/18\\\/un-forum-entreprises-ismin-tres-prise\\\/\",\"name\":\"Un forum Entreprises ISMIN tr\u00e8s pris\u00e9 ! - Panoramines\",\"isPartOf\":{\"@id\":\"https:\\\/\\\/www.mines-stetienne.fr\\\/panoramines\\\/#website\"},\"primaryImageOfPage\":{\"@id\":\"https:\\\/\\\/www.mines-stetienne.fr\\\/panoramines\\\/2019\\\/10\\\/18\\\/un-forum-entreprises-ismin-tres-prise\\\/#primaryimage\"},\"image\":{\"@id\":\"https:\\\/\\\/www.mines-stetienne.fr\\\/panoramines\\\/2019\\\/10\\\/18\\\/un-forum-entreprises-ismin-tres-prise\\\/#primaryimage\"},\"thumbnailUrl\":\"https:\\\/\\\/www.mines-stetienne.fr\\\/panoramines\\\/wp-content\\\/uploads\\\/sites\\\/3\\\/2019\\\/10\\\/FEIUne.jpg\",\"datePublished\":\"2019-10-18T19:09:39+00:00\",\"dateModified\":\"2019-10-22T07:46:36+00:00\",\"author\":{\"@id\":\"https:\\\/\\\/www.mines-stetienne.fr\\\/panoramines\\\/#\\\/schema\\\/person\\\/95e752e6dedac604ce4535123e0f8df7\"},\"breadcrumb\":{\"@id\":\"https:\\\/\\\/www.mines-stetienne.fr\\\/panoramines\\\/2019\\\/10\\\/18\\\/un-forum-entreprises-ismin-tres-prise\\\/#breadcrumb\"},\"inLanguage\":\"fr-FR\",\"potentialAction\":[{\"@type\":\"ReadAction\",\"target\":[\"https:\\\/\\\/www.mines-stetienne.fr\\\/panoramines\\\/2019\\\/10\\\/18\\\/un-forum-entreprises-ismin-tres-prise\\\/\"]}]},{\"@type\":\"ImageObject\",\"inLanguage\":\"fr-FR\",\"@id\":\"https:\\\/\\\/www.mines-stetienne.fr\\\/panoramines\\\/2019\\\/10\\\/18\\\/un-forum-entreprises-ismin-tres-prise\\\/#primaryimage\",\"url\":\"https:\\\/\\\/www.mines-stetienne.fr\\\/panoramines\\\/wp-content\\\/uploads\\\/sites\\\/3\\\/2019\\\/10\\\/FEIUne.jpg\",\"contentUrl\":\"https:\\\/\\\/www.mines-stetienne.fr\\\/panoramines\\\/wp-content\\\/uploads\\\/sites\\\/3\\\/2019\\\/10\\\/FEIUne.jpg\",\"width\":700,\"height\":298},{\"@type\":\"BreadcrumbList\",\"@id\":\"https:\\\/\\\/www.mines-stetienne.fr\\\/panoramines\\\/2019\\\/10\\\/18\\\/un-forum-entreprises-ismin-tres-prise\\\/#breadcrumb\",\"itemListElement\":[{\"@type\":\"ListItem\",\"position\":1,\"name\":\"Accueil\",\"item\":\"https:\\\/\\\/www.mines-stetienne.fr\\\/panoramines\\\/\"},{\"@type\":\"ListItem\",\"position\":2,\"name\":\"Un forum Entreprises ISMIN tr\u00e8s pris\u00e9 !\"}]},{\"@type\":\"WebSite\",\"@id\":\"https:\\\/\\\/www.mines-stetienne.fr\\\/panoramines\\\/#website\",\"url\":\"https:\\\/\\\/www.mines-stetienne.fr\\\/panoramines\\\/\",\"name\":\"Panoramines\",\"description\":\"Panoramines, l\u2019actualit\u00e9 de MINES Saint-\u00c9tienne\",\"potentialAction\":[{\"@type\":\"SearchAction\",\"target\":{\"@type\":\"EntryPoint\",\"urlTemplate\":\"https:\\\/\\\/www.mines-stetienne.fr\\\/panoramines\\\/?s={search_term_string}\"},\"query-input\":{\"@type\":\"PropertyValueSpecification\",\"valueRequired\":true,\"valueName\":\"search_term_string\"}}],\"inLanguage\":\"fr-FR\"},{\"@type\":\"Person\",\"@id\":\"https:\\\/\\\/www.mines-stetienne.fr\\\/panoramines\\\/#\\\/schema\\\/person\\\/95e752e6dedac604ce4535123e0f8df7\",\"name\":\"Nathalie\",\"image\":{\"@type\":\"ImageObject\",\"inLanguage\":\"fr-FR\",\"@id\":\"https:\\\/\\\/www.mines-stetienne.fr\\\/panoramines\\\/wp-content\\\/uploads\\\/sites\\\/3\\\/2021\\\/07\\\/logo-75x75-1.png\",\"url\":\"https:\\\/\\\/www.mines-stetienne.fr\\\/panoramines\\\/wp-content\\\/uploads\\\/sites\\\/3\\\/2021\\\/07\\\/logo-75x75-1.png\",\"contentUrl\":\"https:\\\/\\\/www.mines-stetienne.fr\\\/panoramines\\\/wp-content\\\/uploads\\\/sites\\\/3\\\/2021\\\/07\\\/logo-75x75-1.png\",\"caption\":\"Nathalie\"},\"url\":\"https:\\\/\\\/www.mines-stetienne.fr\\\/panoramines\\\/author\\\/nathalie\\\/\"}]}<\/script>\n<!-- \/ Yoast SEO plugin. -->","yoast_head_json":{"title":"Un forum Entreprises ISMIN tr\u00e8s pris\u00e9 ! - Panoramines","robots":{"index":"index","follow":"follow","max-snippet":"max-snippet:-1","max-image-preview":"max-image-preview:large","max-video-preview":"max-video-preview:-1"},"canonical":"https:\/\/www.mines-stetienne.fr\/panoramines\/2019\/10\/18\/un-forum-entreprises-ismin-tres-prise\/","og_locale":"fr_FR","og_type":"article","og_title":"Un forum Entreprises ISMIN tr\u00e8s pris\u00e9 ! - Panoramines","og_description":"Le Forum Entreprises ISMIN organis\u00e9 par les \u00e9l\u00e8ves-ing\u00e9nieurs sur le Campus G.Charpak Provence a accueilli 39 entreprises ; une pr\u00e9sence accrue cette ann\u00e9e de professionnels pour ce rendez-vous tr\u00e8s attendu par les futurs ing\u00e9nieurs. Plus de 650 entretiens individuels ont &hellip;","og_url":"https:\/\/www.mines-stetienne.fr\/panoramines\/2019\/10\/18\/un-forum-entreprises-ismin-tres-prise\/","og_site_name":"Panoramines","article_published_time":"2019-10-18T19:09:39+00:00","article_modified_time":"2019-10-22T07:46:36+00:00","og_image":[{"width":700,"height":298,"url":"https:\/\/www.mines-stetienne.fr\/panoramines\/wp-content\/uploads\/sites\/3\/2019\/10\/FEIUne.jpg","type":"image\/jpeg"}],"author":"Nathalie","twitter_card":"summary_large_image","twitter_misc":{"\u00c9crit par":" Nathalie","Dur\u00e9e de lecture estim\u00e9e":"1 minute"},"schema":{"@context":"https:\/\/schema.org","@graph":[{"@type":"Article","@id":"https:\/\/www.mines-stetienne.fr\/panoramines\/2019\/10\/18\/un-forum-entreprises-ismin-tres-prise\/#article","isPartOf":{"@id":"https:\/\/www.mines-stetienne.fr\/panoramines\/2019\/10\/18\/un-forum-entreprises-ismin-tres-prise\/"},"author":{"name":"Nathalie","@id":"https:\/\/www.mines-stetienne.fr\/panoramines\/#\/schema\/person\/95e752e6dedac604ce4535123e0f8df7"},"headline":"Un forum Entreprises ISMIN tr\u00e8s pris\u00e9 !","datePublished":"2019-10-18T19:09:39+00:00","dateModified":"2019-10-22T07:46:36+00:00","mainEntityOfPage":{"@id":"https:\/\/www.mines-stetienne.fr\/panoramines\/2019\/10\/18\/un-forum-entreprises-ismin-tres-prise\/"},"wordCount":182,"image":{"@id":"https:\/\/www.mines-stetienne.fr\/panoramines\/2019\/10\/18\/un-forum-entreprises-ismin-tres-prise\/#primaryimage"},"thumbnailUrl":"https:\/\/www.mines-stetienne.fr\/panoramines\/wp-content\/uploads\/sites\/3\/2019\/10\/FEIUne.jpg","keywords":["Campus GC Provence","FEI","Forum Entreprise","ISMIN"],"articleSection":["Entreprise"],"inLanguage":"fr-FR"},{"@type":"WebPage","@id":"https:\/\/www.mines-stetienne.fr\/panoramines\/2019\/10\/18\/un-forum-entreprises-ismin-tres-prise\/","url":"https:\/\/www.mines-stetienne.fr\/panoramines\/2019\/10\/18\/un-forum-entreprises-ismin-tres-prise\/","name":"Un forum Entreprises ISMIN tr\u00e8s pris\u00e9 ! - Panoramines","isPartOf":{"@id":"https:\/\/www.mines-stetienne.fr\/panoramines\/#website"},"primaryImageOfPage":{"@id":"https:\/\/www.mines-stetienne.fr\/panoramines\/2019\/10\/18\/un-forum-entreprises-ismin-tres-prise\/#primaryimage"},"image":{"@id":"https:\/\/www.mines-stetienne.fr\/panoramines\/2019\/10\/18\/un-forum-entreprises-ismin-tres-prise\/#primaryimage"},"thumbnailUrl":"https:\/\/www.mines-stetienne.fr\/panoramines\/wp-content\/uploads\/sites\/3\/2019\/10\/FEIUne.jpg","datePublished":"2019-10-18T19:09:39+00:00","dateModified":"2019-10-22T07:46:36+00:00","author":{"@id":"https:\/\/www.mines-stetienne.fr\/panoramines\/#\/schema\/person\/95e752e6dedac604ce4535123e0f8df7"},"breadcrumb":{"@id":"https:\/\/www.mines-stetienne.fr\/panoramines\/2019\/10\/18\/un-forum-entreprises-ismin-tres-prise\/#breadcrumb"},"inLanguage":"fr-FR","potentialAction":[{"@type":"ReadAction","target":["https:\/\/www.mines-stetienne.fr\/panoramines\/2019\/10\/18\/un-forum-entreprises-ismin-tres-prise\/"]}]},{"@type":"ImageObject","inLanguage":"fr-FR","@id":"https:\/\/www.mines-stetienne.fr\/panoramines\/2019\/10\/18\/un-forum-entreprises-ismin-tres-prise\/#primaryimage","url":"https:\/\/www.mines-stetienne.fr\/panoramines\/wp-content\/uploads\/sites\/3\/2019\/10\/FEIUne.jpg","contentUrl":"https:\/\/www.mines-stetienne.fr\/panoramines\/wp-content\/uploads\/sites\/3\/2019\/10\/FEIUne.jpg","width":700,"height":298},{"@type":"BreadcrumbList","@id":"https:\/\/www.mines-stetienne.fr\/panoramines\/2019\/10\/18\/un-forum-entreprises-ismin-tres-prise\/#breadcrumb","itemListElement":[{"@type":"ListItem","position":1,"name":"Accueil","item":"https:\/\/www.mines-stetienne.fr\/panoramines\/"},{"@type":"ListItem","position":2,"name":"Un forum Entreprises ISMIN tr\u00e8s pris\u00e9 !"}]},{"@type":"WebSite","@id":"https:\/\/www.mines-stetienne.fr\/panoramines\/#website","url":"https:\/\/www.mines-stetienne.fr\/panoramines\/","name":"Panoramines","description":"Panoramines, l\u2019actualit\u00e9 de MINES Saint-\u00c9tienne","potentialAction":[{"@type":"SearchAction","target":{"@type":"EntryPoint","urlTemplate":"https:\/\/www.mines-stetienne.fr\/panoramines\/?s={search_term_string}"},"query-input":{"@type":"PropertyValueSpecification","valueRequired":true,"valueName":"search_term_string"}}],"inLanguage":"fr-FR"},{"@type":"Person","@id":"https:\/\/www.mines-stetienne.fr\/panoramines\/#\/schema\/person\/95e752e6dedac604ce4535123e0f8df7","name":"Nathalie","image":{"@type":"ImageObject","inLanguage":"fr-FR","@id":"https:\/\/www.mines-stetienne.fr\/panoramines\/wp-content\/uploads\/sites\/3\/2021\/07\/logo-75x75-1.png","url":"https:\/\/www.mines-stetienne.fr\/panoramines\/wp-content\/uploads\/sites\/3\/2021\/07\/logo-75x75-1.png","contentUrl":"https:\/\/www.mines-stetienne.fr\/panoramines\/wp-content\/uploads\/sites\/3\/2021\/07\/logo-75x75-1.png","caption":"Nathalie"},"url":"https:\/\/www.mines-stetienne.fr\/panoramines\/author\/nathalie\/"}]}},"_links":{"self":[{"href":"https:\/\/www.mines-stetienne.fr\/panoramines\/wp-json\/wp\/v2\/posts\/19599","targetHints":{"allow":["GET"]}}],"collection":[{"href":"https:\/\/www.mines-stetienne.fr\/panoramines\/wp-json\/wp\/v2\/posts"}],"about":[{"href":"https:\/\/www.mines-stetienne.fr\/panoramines\/wp-json\/wp\/v2\/types\/post"}],"author":[{"embeddable":true,"href":"https:\/\/www.mines-stetienne.fr\/panoramines\/wp-json\/wp\/v2\/users\/3"}],"replies":[{"embeddable":true,"href":"https:\/\/www.mines-stetienne.fr\/panoramines\/wp-json\/wp\/v2\/comments?post=19599"}],"version-history":[{"count":9,"href":"https:\/\/www.mines-stetienne.fr\/panoramines\/wp-json\/wp\/v2\/posts\/19599\/revisions"}],"predecessor-version":[{"id":19631,"href":"https:\/\/www.mines-stetienne.fr\/panoramines\/wp-json\/wp\/v2\/posts\/19599\/revisions\/19631"}],"wp:featuredmedia":[{"embeddable":true,"href":"https:\/\/www.mines-stetienne.fr\/panoramines\/wp-json\/wp\/v2\/media\/19612"}],"wp:attachment":[{"href":"https:\/\/www.mines-stetienne.fr\/panoramines\/wp-json\/wp\/v2\/media?parent=19599"}],"wp:term":[{"taxonomy":"category","embeddable":true,"href":"https:\/\/www.mines-stetienne.fr\/panoramines\/wp-json\/wp\/v2\/categories?post=19599"},{"taxonomy":"post_tag","embeddable":true,"href":"https:\/\/www.mines-stetienne.fr\/panoramines\/wp-json\/wp\/v2\/tags?post=19599"}],"curies":[{"name":"wp","href":"https:\/\/api.w.org\/{rel}","templated":true}]}}