{"id":19527,"date":"2019-10-17T09:01:53","date_gmt":"2019-10-17T07:01:53","guid":{"rendered":"https:\/\/www.mines-stetienne.fr\/panoramines\/?p=19527"},"modified":"2024-03-07T17:00:19","modified_gmt":"2024-03-07T16:00:19","slug":"partenaires-bresiliens","status":"publish","type":"post","link":"https:\/\/www.mines-stetienne.fr\/panoramines\/2019\/10\/17\/partenaires-bresiliens\/","title":{"rendered":"Accueil de nos partenaires br\u00e9siliens"},"content":{"rendered":"\n<p><strong>Rodrigo Silveira Vieira<\/strong>, <a rel=\"noreferrer noopener\" href=\"http:\/\/www.ufc.br\/\" target=\"_blank\">Federal University of Ceara<\/a> et <strong>Jane Meri Santos<\/strong>, <a rel=\"noreferrer noopener\" href=\"http:\/\/www.ufes.br\/\" target=\"_blank\">Federal University of Espirito Santo<\/a>, accueillis par la direction du d\u00e9veloppement international dans le cadre d\u2019un <strong>projet Brafitec IMT<\/strong>. L\u2019occasion de rencontrer les \u00e9tudiants br\u00e9siliens actuellement en mobilit\u00e9 \u00e0 l\u2019\u00e9cole.<\/p>\n","protected":false},"excerpt":{"rendered":"<p>Rodrigo Silveira Vieira, Federal University of Ceara et Jane Meri Santos, Federal University of Espirito Santo, accueillis par la direction du d\u00e9veloppement international dans le cadre d\u2019un projet Brafitec IMT. L\u2019occasion de rencontrer les \u00e9tudiants br\u00e9siliens actuellement en mobilit\u00e9 \u00e0 &hellip;<\/p>\n","protected":false},"author":3,"featured_media":19528,"comment_status":"closed","ping_status":"open","sticky":false,"template":"","format":"standard","meta":{"_relevanssi_hide_post":"","_relevanssi_hide_content":"","_relevanssi_pin_for_all":"","_relevanssi_pin_keywords":"","_relevanssi_unpin_keywords":"","_relevanssi_related_keywords":"","_relevanssi_related_include_ids":"","_relevanssi_related_exclude_ids":"","_relevanssi_related_no_append":"","_relevanssi_related_not_related":"","_relevanssi_related_posts":"19260,19868,18622,14361,19071,15642","_relevanssi_noindex_reason":"","footnotes":""},"categories":[1018],"tags":[315,47,97],"class_list":["post-19527","post","type-post","status-publish","format-standard","has-post-thumbnail","hentry","category-international","tag-brafitec","tag-bresil","tag-imt"],"pp_statuses_selecting_workflow":false,"pp_workflow_action":"current","pp_status_selection":"publish","pp_force_visibility":null,"pp_subpost_visibility":null,"pp_inherited_force_visibility":null,"pp_inherited_subpost_visibility":null,"yoast_head":"<!-- This site is optimized with the Yoast SEO plugin v27.5 - https:\/\/yoast.com\/product\/yoast-seo-wordpress\/ -->\n<title>Accueil de nos partenaires br\u00e9siliens - Panoramines<\/title>\n<meta name=\"robots\" content=\"index, follow, max-snippet:-1, max-image-preview:large, max-video-preview:-1\" \/>\n<link rel=\"canonical\" href=\"https:\/\/www.mines-stetienne.fr\/panoramines\/2019\/10\/17\/partenaires-bresiliens\/\" \/>\n<meta property=\"og:locale\" content=\"fr_FR\" \/>\n<meta property=\"og:type\" content=\"article\" \/>\n<meta property=\"og:title\" content=\"Accueil de nos partenaires br\u00e9siliens - Panoramines\" \/>\n<meta property=\"og:description\" content=\"Rodrigo Silveira Vieira, Federal University of Ceara et Jane Meri Santos, Federal University of Espirito Santo, accueillis par la direction du d\u00e9veloppement international dans le cadre d\u2019un projet Brafitec IMT. L\u2019occasion de rencontrer les \u00e9tudiants br\u00e9siliens actuellement en mobilit\u00e9 \u00e0 &hellip;\" \/>\n<meta property=\"og:url\" content=\"https:\/\/www.mines-stetienne.fr\/panoramines\/2019\/10\/17\/partenaires-bresiliens\/\" \/>\n<meta property=\"og:site_name\" content=\"Panoramines\" \/>\n<meta property=\"article:published_time\" content=\"2019-10-17T07:01:53+00:00\" \/>\n<meta property=\"article:modified_time\" content=\"2024-03-07T16:00:19+00:00\" \/>\n<meta property=\"og:image\" content=\"https:\/\/www.mines-stetienne.fr\/panoramines\/wp-content\/uploads\/sites\/3\/2019\/10\/AccueilBresil.jpg\" \/>\n\t<meta property=\"og:image:width\" content=\"750\" \/>\n\t<meta property=\"og:image:height\" content=\"486\" \/>\n\t<meta property=\"og:image:type\" content=\"image\/jpeg\" \/>\n<meta name=\"author\" content=\"Nathalie\" \/>\n<meta name=\"twitter:card\" content=\"summary_large_image\" \/>\n<meta name=\"twitter:label1\" content=\"\u00c9crit par\" \/>\n\t<meta name=\"twitter:data1\" content=\" Nathalie\" \/>\n\t<meta name=\"twitter:label2\" content=\"Dur\u00e9e de lecture estim\u00e9e\" \/>\n\t<meta name=\"twitter:data2\" content=\"1 minute\" \/>\n<script type=\"application\/ld+json\" class=\"yoast-schema-graph\">{\"@context\":\"https:\\\/\\\/schema.org\",\"@graph\":[{\"@type\":\"Article\",\"@id\":\"https:\\\/\\\/www.mines-stetienne.fr\\\/panoramines\\\/2019\\\/10\\\/17\\\/partenaires-bresiliens\\\/#article\",\"isPartOf\":{\"@id\":\"https:\\\/\\\/www.mines-stetienne.fr\\\/panoramines\\\/2019\\\/10\\\/17\\\/partenaires-bresiliens\\\/\"},\"author\":{\"name\":\"Nathalie\",\"@id\":\"https:\\\/\\\/www.mines-stetienne.fr\\\/panoramines\\\/#\\\/schema\\\/person\\\/95e752e6dedac604ce4535123e0f8df7\"},\"headline\":\"Accueil de nos partenaires br\u00e9siliens\",\"datePublished\":\"2019-10-17T07:01:53+00:00\",\"dateModified\":\"2024-03-07T16:00:19+00:00\",\"mainEntityOfPage\":{\"@id\":\"https:\\\/\\\/www.mines-stetienne.fr\\\/panoramines\\\/2019\\\/10\\\/17\\\/partenaires-bresiliens\\\/\"},\"wordCount\":51,\"image\":{\"@id\":\"https:\\\/\\\/www.mines-stetienne.fr\\\/panoramines\\\/2019\\\/10\\\/17\\\/partenaires-bresiliens\\\/#primaryimage\"},\"thumbnailUrl\":\"https:\\\/\\\/www.mines-stetienne.fr\\\/panoramines\\\/wp-content\\\/uploads\\\/sites\\\/3\\\/2019\\\/10\\\/AccueilBresil.jpg\",\"keywords\":[\"Brafitec\",\"Br\u00e9sil\",\"IMT\"],\"articleSection\":[\"International\"],\"inLanguage\":\"fr-FR\"},{\"@type\":\"WebPage\",\"@id\":\"https:\\\/\\\/www.mines-stetienne.fr\\\/panoramines\\\/2019\\\/10\\\/17\\\/partenaires-bresiliens\\\/\",\"url\":\"https:\\\/\\\/www.mines-stetienne.fr\\\/panoramines\\\/2019\\\/10\\\/17\\\/partenaires-bresiliens\\\/\",\"name\":\"Accueil de nos partenaires br\u00e9siliens - Panoramines\",\"isPartOf\":{\"@id\":\"https:\\\/\\\/www.mines-stetienne.fr\\\/panoramines\\\/#website\"},\"primaryImageOfPage\":{\"@id\":\"https:\\\/\\\/www.mines-stetienne.fr\\\/panoramines\\\/2019\\\/10\\\/17\\\/partenaires-bresiliens\\\/#primaryimage\"},\"image\":{\"@id\":\"https:\\\/\\\/www.mines-stetienne.fr\\\/panoramines\\\/2019\\\/10\\\/17\\\/partenaires-bresiliens\\\/#primaryimage\"},\"thumbnailUrl\":\"https:\\\/\\\/www.mines-stetienne.fr\\\/panoramines\\\/wp-content\\\/uploads\\\/sites\\\/3\\\/2019\\\/10\\\/AccueilBresil.jpg\",\"datePublished\":\"2019-10-17T07:01:53+00:00\",\"dateModified\":\"2024-03-07T16:00:19+00:00\",\"author\":{\"@id\":\"https:\\\/\\\/www.mines-stetienne.fr\\\/panoramines\\\/#\\\/schema\\\/person\\\/95e752e6dedac604ce4535123e0f8df7\"},\"breadcrumb\":{\"@id\":\"https:\\\/\\\/www.mines-stetienne.fr\\\/panoramines\\\/2019\\\/10\\\/17\\\/partenaires-bresiliens\\\/#breadcrumb\"},\"inLanguage\":\"fr-FR\",\"potentialAction\":[{\"@type\":\"ReadAction\",\"target\":[\"https:\\\/\\\/www.mines-stetienne.fr\\\/panoramines\\\/2019\\\/10\\\/17\\\/partenaires-bresiliens\\\/\"]}]},{\"@type\":\"ImageObject\",\"inLanguage\":\"fr-FR\",\"@id\":\"https:\\\/\\\/www.mines-stetienne.fr\\\/panoramines\\\/2019\\\/10\\\/17\\\/partenaires-bresiliens\\\/#primaryimage\",\"url\":\"https:\\\/\\\/www.mines-stetienne.fr\\\/panoramines\\\/wp-content\\\/uploads\\\/sites\\\/3\\\/2019\\\/10\\\/AccueilBresil.jpg\",\"contentUrl\":\"https:\\\/\\\/www.mines-stetienne.fr\\\/panoramines\\\/wp-content\\\/uploads\\\/sites\\\/3\\\/2019\\\/10\\\/AccueilBresil.jpg\",\"width\":750,\"height\":486},{\"@type\":\"BreadcrumbList\",\"@id\":\"https:\\\/\\\/www.mines-stetienne.fr\\\/panoramines\\\/2019\\\/10\\\/17\\\/partenaires-bresiliens\\\/#breadcrumb\",\"itemListElement\":[{\"@type\":\"ListItem\",\"position\":1,\"name\":\"Accueil\",\"item\":\"https:\\\/\\\/www.mines-stetienne.fr\\\/panoramines\\\/\"},{\"@type\":\"ListItem\",\"position\":2,\"name\":\"Accueil de nos partenaires br\u00e9siliens\"}]},{\"@type\":\"WebSite\",\"@id\":\"https:\\\/\\\/www.mines-stetienne.fr\\\/panoramines\\\/#website\",\"url\":\"https:\\\/\\\/www.mines-stetienne.fr\\\/panoramines\\\/\",\"name\":\"Panoramines\",\"description\":\"Panoramines, l\u2019actualit\u00e9 de MINES Saint-\u00c9tienne\",\"potentialAction\":[{\"@type\":\"SearchAction\",\"target\":{\"@type\":\"EntryPoint\",\"urlTemplate\":\"https:\\\/\\\/www.mines-stetienne.fr\\\/panoramines\\\/?s={search_term_string}\"},\"query-input\":{\"@type\":\"PropertyValueSpecification\",\"valueRequired\":true,\"valueName\":\"search_term_string\"}}],\"inLanguage\":\"fr-FR\"},{\"@type\":\"Person\",\"@id\":\"https:\\\/\\\/www.mines-stetienne.fr\\\/panoramines\\\/#\\\/schema\\\/person\\\/95e752e6dedac604ce4535123e0f8df7\",\"name\":\"Nathalie\",\"image\":{\"@type\":\"ImageObject\",\"inLanguage\":\"fr-FR\",\"@id\":\"https:\\\/\\\/www.mines-stetienne.fr\\\/panoramines\\\/wp-content\\\/uploads\\\/sites\\\/3\\\/2021\\\/07\\\/logo-75x75-1.png\",\"url\":\"https:\\\/\\\/www.mines-stetienne.fr\\\/panoramines\\\/wp-content\\\/uploads\\\/sites\\\/3\\\/2021\\\/07\\\/logo-75x75-1.png\",\"contentUrl\":\"https:\\\/\\\/www.mines-stetienne.fr\\\/panoramines\\\/wp-content\\\/uploads\\\/sites\\\/3\\\/2021\\\/07\\\/logo-75x75-1.png\",\"caption\":\"Nathalie\"},\"url\":\"https:\\\/\\\/www.mines-stetienne.fr\\\/panoramines\\\/author\\\/nathalie\\\/\"}]}<\/script>\n<!-- \/ Yoast SEO plugin. -->","yoast_head_json":{"title":"Accueil de nos partenaires br\u00e9siliens - Panoramines","robots":{"index":"index","follow":"follow","max-snippet":"max-snippet:-1","max-image-preview":"max-image-preview:large","max-video-preview":"max-video-preview:-1"},"canonical":"https:\/\/www.mines-stetienne.fr\/panoramines\/2019\/10\/17\/partenaires-bresiliens\/","og_locale":"fr_FR","og_type":"article","og_title":"Accueil de nos partenaires br\u00e9siliens - Panoramines","og_description":"Rodrigo Silveira Vieira, Federal University of Ceara et Jane Meri Santos, Federal University of Espirito Santo, accueillis par la direction du d\u00e9veloppement international dans le cadre d\u2019un projet Brafitec IMT. L\u2019occasion de rencontrer les \u00e9tudiants br\u00e9siliens actuellement en mobilit\u00e9 \u00e0 &hellip;","og_url":"https:\/\/www.mines-stetienne.fr\/panoramines\/2019\/10\/17\/partenaires-bresiliens\/","og_site_name":"Panoramines","article_published_time":"2019-10-17T07:01:53+00:00","article_modified_time":"2024-03-07T16:00:19+00:00","og_image":[{"width":750,"height":486,"url":"https:\/\/www.mines-stetienne.fr\/panoramines\/wp-content\/uploads\/sites\/3\/2019\/10\/AccueilBresil.jpg","type":"image\/jpeg"}],"author":"Nathalie","twitter_card":"summary_large_image","twitter_misc":{"\u00c9crit par":" Nathalie","Dur\u00e9e de lecture estim\u00e9e":"1 minute"},"schema":{"@context":"https:\/\/schema.org","@graph":[{"@type":"Article","@id":"https:\/\/www.mines-stetienne.fr\/panoramines\/2019\/10\/17\/partenaires-bresiliens\/#article","isPartOf":{"@id":"https:\/\/www.mines-stetienne.fr\/panoramines\/2019\/10\/17\/partenaires-bresiliens\/"},"author":{"name":"Nathalie","@id":"https:\/\/www.mines-stetienne.fr\/panoramines\/#\/schema\/person\/95e752e6dedac604ce4535123e0f8df7"},"headline":"Accueil de nos partenaires br\u00e9siliens","datePublished":"2019-10-17T07:01:53+00:00","dateModified":"2024-03-07T16:00:19+00:00","mainEntityOfPage":{"@id":"https:\/\/www.mines-stetienne.fr\/panoramines\/2019\/10\/17\/partenaires-bresiliens\/"},"wordCount":51,"image":{"@id":"https:\/\/www.mines-stetienne.fr\/panoramines\/2019\/10\/17\/partenaires-bresiliens\/#primaryimage"},"thumbnailUrl":"https:\/\/www.mines-stetienne.fr\/panoramines\/wp-content\/uploads\/sites\/3\/2019\/10\/AccueilBresil.jpg","keywords":["Brafitec","Br\u00e9sil","IMT"],"articleSection":["International"],"inLanguage":"fr-FR"},{"@type":"WebPage","@id":"https:\/\/www.mines-stetienne.fr\/panoramines\/2019\/10\/17\/partenaires-bresiliens\/","url":"https:\/\/www.mines-stetienne.fr\/panoramines\/2019\/10\/17\/partenaires-bresiliens\/","name":"Accueil de nos partenaires br\u00e9siliens - Panoramines","isPartOf":{"@id":"https:\/\/www.mines-stetienne.fr\/panoramines\/#website"},"primaryImageOfPage":{"@id":"https:\/\/www.mines-stetienne.fr\/panoramines\/2019\/10\/17\/partenaires-bresiliens\/#primaryimage"},"image":{"@id":"https:\/\/www.mines-stetienne.fr\/panoramines\/2019\/10\/17\/partenaires-bresiliens\/#primaryimage"},"thumbnailUrl":"https:\/\/www.mines-stetienne.fr\/panoramines\/wp-content\/uploads\/sites\/3\/2019\/10\/AccueilBresil.jpg","datePublished":"2019-10-17T07:01:53+00:00","dateModified":"2024-03-07T16:00:19+00:00","author":{"@id":"https:\/\/www.mines-stetienne.fr\/panoramines\/#\/schema\/person\/95e752e6dedac604ce4535123e0f8df7"},"breadcrumb":{"@id":"https:\/\/www.mines-stetienne.fr\/panoramines\/2019\/10\/17\/partenaires-bresiliens\/#breadcrumb"},"inLanguage":"fr-FR","potentialAction":[{"@type":"ReadAction","target":["https:\/\/www.mines-stetienne.fr\/panoramines\/2019\/10\/17\/partenaires-bresiliens\/"]}]},{"@type":"ImageObject","inLanguage":"fr-FR","@id":"https:\/\/www.mines-stetienne.fr\/panoramines\/2019\/10\/17\/partenaires-bresiliens\/#primaryimage","url":"https:\/\/www.mines-stetienne.fr\/panoramines\/wp-content\/uploads\/sites\/3\/2019\/10\/AccueilBresil.jpg","contentUrl":"https:\/\/www.mines-stetienne.fr\/panoramines\/wp-content\/uploads\/sites\/3\/2019\/10\/AccueilBresil.jpg","width":750,"height":486},{"@type":"BreadcrumbList","@id":"https:\/\/www.mines-stetienne.fr\/panoramines\/2019\/10\/17\/partenaires-bresiliens\/#breadcrumb","itemListElement":[{"@type":"ListItem","position":1,"name":"Accueil","item":"https:\/\/www.mines-stetienne.fr\/panoramines\/"},{"@type":"ListItem","position":2,"name":"Accueil de nos partenaires br\u00e9siliens"}]},{"@type":"WebSite","@id":"https:\/\/www.mines-stetienne.fr\/panoramines\/#website","url":"https:\/\/www.mines-stetienne.fr\/panoramines\/","name":"Panoramines","description":"Panoramines, l\u2019actualit\u00e9 de MINES Saint-\u00c9tienne","potentialAction":[{"@type":"SearchAction","target":{"@type":"EntryPoint","urlTemplate":"https:\/\/www.mines-stetienne.fr\/panoramines\/?s={search_term_string}"},"query-input":{"@type":"PropertyValueSpecification","valueRequired":true,"valueName":"search_term_string"}}],"inLanguage":"fr-FR"},{"@type":"Person","@id":"https:\/\/www.mines-stetienne.fr\/panoramines\/#\/schema\/person\/95e752e6dedac604ce4535123e0f8df7","name":"Nathalie","image":{"@type":"ImageObject","inLanguage":"fr-FR","@id":"https:\/\/www.mines-stetienne.fr\/panoramines\/wp-content\/uploads\/sites\/3\/2021\/07\/logo-75x75-1.png","url":"https:\/\/www.mines-stetienne.fr\/panoramines\/wp-content\/uploads\/sites\/3\/2021\/07\/logo-75x75-1.png","contentUrl":"https:\/\/www.mines-stetienne.fr\/panoramines\/wp-content\/uploads\/sites\/3\/2021\/07\/logo-75x75-1.png","caption":"Nathalie"},"url":"https:\/\/www.mines-stetienne.fr\/panoramines\/author\/nathalie\/"}]}},"_links":{"self":[{"href":"https:\/\/www.mines-stetienne.fr\/panoramines\/wp-json\/wp\/v2\/posts\/19527","targetHints":{"allow":["GET"]}}],"collection":[{"href":"https:\/\/www.mines-stetienne.fr\/panoramines\/wp-json\/wp\/v2\/posts"}],"about":[{"href":"https:\/\/www.mines-stetienne.fr\/panoramines\/wp-json\/wp\/v2\/types\/post"}],"author":[{"embeddable":true,"href":"https:\/\/www.mines-stetienne.fr\/panoramines\/wp-json\/wp\/v2\/users\/3"}],"replies":[{"embeddable":true,"href":"https:\/\/www.mines-stetienne.fr\/panoramines\/wp-json\/wp\/v2\/comments?post=19527"}],"version-history":[{"count":4,"href":"https:\/\/www.mines-stetienne.fr\/panoramines\/wp-json\/wp\/v2\/posts\/19527\/revisions"}],"predecessor-version":[{"id":19713,"href":"https:\/\/www.mines-stetienne.fr\/panoramines\/wp-json\/wp\/v2\/posts\/19527\/revisions\/19713"}],"wp:featuredmedia":[{"embeddable":true,"href":"https:\/\/www.mines-stetienne.fr\/panoramines\/wp-json\/wp\/v2\/media\/19528"}],"wp:attachment":[{"href":"https:\/\/www.mines-stetienne.fr\/panoramines\/wp-json\/wp\/v2\/media?parent=19527"}],"wp:term":[{"taxonomy":"category","embeddable":true,"href":"https:\/\/www.mines-stetienne.fr\/panoramines\/wp-json\/wp\/v2\/categories?post=19527"},{"taxonomy":"post_tag","embeddable":true,"href":"https:\/\/www.mines-stetienne.fr\/panoramines\/wp-json\/wp\/v2\/tags?post=19527"}],"curies":[{"name":"wp","href":"https:\/\/api.w.org\/{rel}","templated":true}]}}