{"id":19390,"date":"2019-10-16T13:39:36","date_gmt":"2019-10-16T11:39:36","guid":{"rendered":"https:\/\/www.mines-stetienne.fr\/panoramines\/?p=19390"},"modified":"2019-10-18T13:44:00","modified_gmt":"2019-10-18T11:44:00","slug":"sante-autonomie-qualite-de-vie-le-11e-colloque-scientifique-de-limt","status":"publish","type":"post","link":"https:\/\/www.mines-stetienne.fr\/panoramines\/2019\/10\/16\/sante-autonomie-qualite-de-vie-le-11e-colloque-scientifique-de-limt\/","title":{"rendered":"Sant\u00e9, autonomie, qualit\u00e9 de vie : le 11e colloque scientifique de l&rsquo;IMT a tenu ses objectifs"},"content":{"rendered":"\n<h4 class=\"wp-block-heading\">Mettre en valeur une th\u00e9matique scientifique phare et de faciliter les \u00e9changes entre enseignants-chercheurs de l&rsquo;IMT, experts et partenaires : le colloque \u00ab\u00a0Healthcare 4.0 nouvelles avanc\u00e9es en ing\u00e9nierie pour la sant\u00e9\u00a0\u00bb le 15 octobre \u00e0 Mines Saint-\u00c9tienne a r\u00e9uni 140 participants autour d&rsquo;un foisonnant programme.   <\/h4>\n\n\n\n<p>Cet \u00e9v\u00e8nement a permis de f\u00e9d\u00e9rer, partager et diffuser les travaux port\u00e9s par les \u00e9coles de l\u2019IMT autour de plusieurs sessions : donn\u00e9es et connaissances en ing\u00e9nierie pour la sant\u00e9, dispositifs m\u00e9dicaux, parcours de soin, autonomie, syst\u00e8mes hospitaliers et sociologie des usages des technologies pour la sant\u00e9.<\/p>\n\n\n\n<p class=\"has-medium-font-size\">Des projets \u00e0 haute valeur ajout\u00e9e et des applications pour l\u2019int\u00e9gration des technologies en e-sant\u00e9.<\/p>\n\n\n\n<p>La table ronde&nbsp;&nbsp;\u00ab\u00a0Jumeaux num\u00e9riques : d\u00e9fis et enjeux\u00a0\u00bb, anim\u00e9e par Lionel Cavicchioli, Chef de la rubrique Sant\u00e9 \u00e0&nbsp;<a rel=\"noreferrer noopener\" aria-label=\"The Conversation (opens in a new tab)\" href=\"https:\/\/theconversation.com\/fr\" target=\"_blank\">The Conversation<\/a>, m\u00e9dia ind\u00e9pendant d&rsquo;actualit\u00e9 scientifique, a mis en avant les \u00ab\u00a0sucess story\u00a0\u00bb des recherches men\u00e9es \u00e0 l&rsquo;IMT sur le patient virtuel opportunit\u00e9s et d\u00e9fis pour le patient, gr\u00e2ce aux t\u00e9moignages de cliniciens et d&rsquo;experts <a href=\"https:\/\/www.predisurge.com\/\" target=\"_blank\" rel=\"noreferrer noopener\" aria-label=\"Predisurge (opens in a new tab)\">Predisurge<\/a>, <a rel=\"noreferrer noopener\" aria-label=\"Inria (opens in a new tab)\" href=\"https:\/\/www.inria.fr\/\" target=\"_blank\">Inria<\/a>, <a rel=\"noreferrer noopener\" aria-label=\"Philips France (opens in a new tab)\" href=\"https:\/\/www.philips.fr\/\" target=\"_blank\">Philips France<\/a>. <\/p>\n\n\n\n<ul class=\"wp-block-gallery columns-3 is-cropped wp-block-gallery-2 is-layout-flex wp-block-gallery-is-layout-flex\"><li class=\"blocks-gallery-item\"><figure><a href=\"https:\/\/www.mines-stetienne.fr\/panoramines\/wp-content\/uploads\/sites\/3\/2019\/10\/IMG_3242-1024x731.jpg\"><img loading=\"lazy\" decoding=\"async\" width=\"1024\" height=\"731\" src=\"https:\/\/www.mines-stetienne.fr\/panoramines\/wp-content\/uploads\/sites\/3\/2019\/10\/IMG_3242-1024x731.jpg\" alt=\"\" data-id=\"19448\" data-link=\"https:\/\/www.mines-stetienne.fr\/panoramines\/?attachment_id=19448\" class=\"wp-image-19448\" srcset=\"https:\/\/www.mines-stetienne.fr\/panoramines\/wp-content\/uploads\/sites\/3\/2019\/10\/IMG_3242-1024x731.jpg 1024w, https:\/\/www.mines-stetienne.fr\/panoramines\/wp-content\/uploads\/sites\/3\/2019\/10\/IMG_3242-300x214.jpg 300w, https:\/\/www.mines-stetienne.fr\/panoramines\/wp-content\/uploads\/sites\/3\/2019\/10\/IMG_3242-768x548.jpg 768w, https:\/\/www.mines-stetienne.fr\/panoramines\/wp-content\/uploads\/sites\/3\/2019\/10\/IMG_3242.jpg 1309w\" sizes=\"auto, (max-width: 1024px) 100vw, 1024px\" \/><\/a><\/figure><\/li><li class=\"blocks-gallery-item\"><figure><a href=\"https:\/\/www.mines-stetienne.fr\/panoramines\/wp-content\/uploads\/sites\/3\/2019\/10\/IMG_3261-1024x682.jpg\"><img loading=\"lazy\" decoding=\"async\" width=\"1024\" height=\"682\" src=\"https:\/\/www.mines-stetienne.fr\/panoramines\/wp-content\/uploads\/sites\/3\/2019\/10\/IMG_3261-1024x682.jpg\" alt=\"\" data-id=\"19449\" data-link=\"https:\/\/www.mines-stetienne.fr\/panoramines\/?attachment_id=19449\" class=\"wp-image-19449\" srcset=\"https:\/\/www.mines-stetienne.fr\/panoramines\/wp-content\/uploads\/sites\/3\/2019\/10\/IMG_3261-1024x682.jpg 1024w, https:\/\/www.mines-stetienne.fr\/panoramines\/wp-content\/uploads\/sites\/3\/2019\/10\/IMG_3261-300x200.jpg 300w, https:\/\/www.mines-stetienne.fr\/panoramines\/wp-content\/uploads\/sites\/3\/2019\/10\/IMG_3261-768x512.jpg 768w, https:\/\/www.mines-stetienne.fr\/panoramines\/wp-content\/uploads\/sites\/3\/2019\/10\/IMG_3261.jpg 1400w\" sizes=\"auto, (max-width: 1024px) 100vw, 1024px\" \/><\/a><\/figure><\/li><li class=\"blocks-gallery-item\"><figure><a href=\"https:\/\/www.mines-stetienne.fr\/panoramines\/wp-content\/uploads\/sites\/3\/2019\/10\/IMG_3248-1024x682.jpg\"><img loading=\"lazy\" decoding=\"async\" width=\"1024\" height=\"682\" src=\"https:\/\/www.mines-stetienne.fr\/panoramines\/wp-content\/uploads\/sites\/3\/2019\/10\/IMG_3248-1024x682.jpg\" alt=\"\" data-id=\"19450\" data-link=\"https:\/\/www.mines-stetienne.fr\/panoramines\/?attachment_id=19450\" class=\"wp-image-19450\" srcset=\"https:\/\/www.mines-stetienne.fr\/panoramines\/wp-content\/uploads\/sites\/3\/2019\/10\/IMG_3248-1024x682.jpg 1024w, https:\/\/www.mines-stetienne.fr\/panoramines\/wp-content\/uploads\/sites\/3\/2019\/10\/IMG_3248-300x200.jpg 300w, https:\/\/www.mines-stetienne.fr\/panoramines\/wp-content\/uploads\/sites\/3\/2019\/10\/IMG_3248-768x512.jpg 768w, https:\/\/www.mines-stetienne.fr\/panoramines\/wp-content\/uploads\/sites\/3\/2019\/10\/IMG_3248.jpg 1400w\" sizes=\"auto, (max-width: 1024px) 100vw, 1024px\" \/><\/a><\/figure><\/li><li class=\"blocks-gallery-item\"><figure><a href=\"https:\/\/www.mines-stetienne.fr\/panoramines\/wp-content\/uploads\/sites\/3\/2019\/10\/IMG_3254-1024x651.jpg\"><img loading=\"lazy\" decoding=\"async\" width=\"1024\" height=\"651\" src=\"https:\/\/www.mines-stetienne.fr\/panoramines\/wp-content\/uploads\/sites\/3\/2019\/10\/IMG_3254-1024x651.jpg\" alt=\"\" data-id=\"19451\" data-link=\"https:\/\/www.mines-stetienne.fr\/panoramines\/?attachment_id=19451\" class=\"wp-image-19451\" srcset=\"https:\/\/www.mines-stetienne.fr\/panoramines\/wp-content\/uploads\/sites\/3\/2019\/10\/IMG_3254-1024x651.jpg 1024w, https:\/\/www.mines-stetienne.fr\/panoramines\/wp-content\/uploads\/sites\/3\/2019\/10\/IMG_3254-300x191.jpg 300w, https:\/\/www.mines-stetienne.fr\/panoramines\/wp-content\/uploads\/sites\/3\/2019\/10\/IMG_3254-768x488.jpg 768w, https:\/\/www.mines-stetienne.fr\/panoramines\/wp-content\/uploads\/sites\/3\/2019\/10\/IMG_3254.jpg 1400w\" sizes=\"auto, (max-width: 1024px) 100vw, 1024px\" \/><\/a><\/figure><\/li><li class=\"blocks-gallery-item\"><figure><a href=\"https:\/\/www.mines-stetienne.fr\/panoramines\/wp-content\/uploads\/sites\/3\/2019\/10\/IMG_3263-1024x682.jpg\"><img loading=\"lazy\" decoding=\"async\" width=\"1024\" height=\"682\" src=\"https:\/\/www.mines-stetienne.fr\/panoramines\/wp-content\/uploads\/sites\/3\/2019\/10\/IMG_3263-1024x682.jpg\" alt=\"\" data-id=\"19452\" data-link=\"https:\/\/www.mines-stetienne.fr\/panoramines\/?attachment_id=19452\" class=\"wp-image-19452\" srcset=\"https:\/\/www.mines-stetienne.fr\/panoramines\/wp-content\/uploads\/sites\/3\/2019\/10\/IMG_3263-1024x682.jpg 1024w, https:\/\/www.mines-stetienne.fr\/panoramines\/wp-content\/uploads\/sites\/3\/2019\/10\/IMG_3263-300x200.jpg 300w, https:\/\/www.mines-stetienne.fr\/panoramines\/wp-content\/uploads\/sites\/3\/2019\/10\/IMG_3263-768x512.jpg 768w, https:\/\/www.mines-stetienne.fr\/panoramines\/wp-content\/uploads\/sites\/3\/2019\/10\/IMG_3263.jpg 1400w\" sizes=\"auto, (max-width: 1024px) 100vw, 1024px\" \/><\/a><\/figure><\/li><li class=\"blocks-gallery-item\"><figure><a href=\"https:\/\/www.mines-stetienne.fr\/panoramines\/wp-content\/uploads\/sites\/3\/2019\/10\/IMG_3269-1024x708.jpg\"><img loading=\"lazy\" decoding=\"async\" width=\"1024\" height=\"708\" src=\"https:\/\/www.mines-stetienne.fr\/panoramines\/wp-content\/uploads\/sites\/3\/2019\/10\/IMG_3269-1024x708.jpg\" alt=\"\" data-id=\"19541\" data-link=\"https:\/\/www.mines-stetienne.fr\/panoramines\/?attachment_id=19541\" class=\"wp-image-19541\" srcset=\"https:\/\/www.mines-stetienne.fr\/panoramines\/wp-content\/uploads\/sites\/3\/2019\/10\/IMG_3269-1024x708.jpg 1024w, https:\/\/www.mines-stetienne.fr\/panoramines\/wp-content\/uploads\/sites\/3\/2019\/10\/IMG_3269-300x207.jpg 300w, https:\/\/www.mines-stetienne.fr\/panoramines\/wp-content\/uploads\/sites\/3\/2019\/10\/IMG_3269-768x531.jpg 768w, https:\/\/www.mines-stetienne.fr\/panoramines\/wp-content\/uploads\/sites\/3\/2019\/10\/IMG_3269-225x155.jpg 225w, https:\/\/www.mines-stetienne.fr\/panoramines\/wp-content\/uploads\/sites\/3\/2019\/10\/IMG_3269-355x245.jpg 355w\" sizes=\"auto, (max-width: 1024px) 100vw, 1024px\" \/><\/a><\/figure><\/li><\/ul>\n\n\n\n<p>\u00ab\u00a0La recherche \u00e0 l\u2019IMT en ing\u00e9nierie et services pour la sant\u00e9, identit\u00e9 et axes strat\u00e9giques\u00a0\u00bb : la journ\u00e9e a \u00e9t\u00e9 ouverte par <strong>Francis Jutand<\/strong>, directeur g\u00e9n\u00e9ral adjoint de l&rsquo;IMT, <strong>Bernadette Dorizzi<\/strong>, directrice de la recherche T\u00e9l\u00e9com Sud Paris et <strong>J\u00e9r\u00e9mie Pourchez<\/strong> directeur de recherche \u00e0 Mines Saint-\u00c9tienne.<\/p>\n\n\n\n<p>Pr\u00e8s de 140 participants dont 80 acad\u00e9miques, plus d&rsquo;une vingtaine d&rsquo;entreprises, 8 startups et plusieurs organismes publics et&nbsp;partenaires r\u00e9gionaux \u00e9taient pr\u00e9sents sur la journ\u00e9e. <br>Dans ce cadre, nombre d&rsquo;entre eux ont pu \u00e9galement suivre les visites techniques et comment\u00e9es de la plateforme <a href=\"https:\/\/www.mines-stetienne.fr\/entreprise\/future-medicine\/\" target=\"_blank\" rel=\"noreferrer noopener\" aria-label=\"#FutureMedicine (opens in a new tab)\">#FutureMedicine<\/a> organis\u00e9es la veille au CIS.<\/p>\n\n\n\n<p>Retrouvez les temps forts du colloque sur la <a rel=\"noreferrer noopener\" aria-label=\" (opens in a new tab)\" href=\"https:\/\/youtu.be\/UZvtX_KsO7A\" target=\"_blank\">cha\u00eene youtube de l&rsquo;IMT<\/a> (Diffus\u00e9 en direct le 15\/10\/2019) <br><a rel=\"noreferrer noopener\" aria-label=\" (opens in a new tab)\" href=\"https:\/\/www.imt.fr\/wp-content\/uploads\/2019\/10\/booklet_biographies.pdf\" target=\"_blank\">Biographie des intervenants<\/a><br><a rel=\"noreferrer noopener\" aria-label=\"Programme complet du colloque (opens in a new tab)\" href=\"https:\/\/www.imt.fr\/wp-content\/uploads\/2019\/10\/Programme-Colloque-Sant%C3%A9_5.pdf\" target=\"_blank\">Programme complet du colloque<\/a>.<\/p>\n\n\n\n<p><em>De vifs remerciements sont adress\u00e9s aux \u00e9quipes organisatrices IMT\/Mines Saint-\u00c9tienne !<\/em><\/p>\n\n\n\n<hr class=\"wp-block-separator\" \/>\n","protected":false},"excerpt":{"rendered":"<p>Mettre en valeur une th\u00e9matique scientifique phare et de faciliter les \u00e9changes entre enseignants-chercheurs de l&rsquo;IMT, experts et partenaires : le colloque \u00ab\u00a0Healthcare 4.0 nouvelles avanc\u00e9es en ing\u00e9nierie pour la sant\u00e9\u00a0\u00bb le 15 octobre \u00e0 Mines Saint-\u00c9tienne a r\u00e9uni 140 &hellip;<\/p>\n","protected":false},"author":3,"featured_media":19542,"comment_status":"closed","ping_status":"open","sticky":false,"template":"","format":"standard","meta":{"_relevanssi_hide_post":"","_relevanssi_hide_content":"","_relevanssi_pin_for_all":"","_relevanssi_pin_keywords":"","_relevanssi_unpin_keywords":"","_relevanssi_related_keywords":"","_relevanssi_related_include_ids":"","_relevanssi_related_exclude_ids":"","_relevanssi_related_no_append":"","_relevanssi_related_not_related":"","_relevanssi_related_posts":"7697,15805,7485,24393,19886,6989","_relevanssi_noindex_reason":"","footnotes":""},"categories":[14],"tags":[363,581,80,97,440,111],"class_list":["post-19390","post","type-post","status-publish","format-standard","has-post-thumbnail","hentry","category-recherche","tag-futuremedicine","tag-campus-sante-innovations","tag-colloque","tag-imt","tag-predisurge","tag-sante"],"pp_statuses_selecting_workflow":false,"pp_workflow_action":"current","pp_status_selection":"publish","pp_force_visibility":null,"pp_subpost_visibility":null,"pp_inherited_force_visibility":null,"pp_inherited_subpost_visibility":null,"yoast_head":"<!-- This site is optimized with the Yoast SEO plugin v27.4 - https:\/\/yoast.com\/product\/yoast-seo-wordpress\/ -->\n<title>Sant\u00e9, autonomie, qualit\u00e9 de vie : le 11e colloque scientifique de l&#039;IMT a tenu ses objectifs - Panoramines<\/title>\n<meta name=\"robots\" content=\"index, follow, max-snippet:-1, max-image-preview:large, max-video-preview:-1\" \/>\n<link rel=\"canonical\" href=\"https:\/\/www.mines-stetienne.fr\/panoramines\/2019\/10\/16\/sante-autonomie-qualite-de-vie-le-11e-colloque-scientifique-de-limt\/\" \/>\n<meta property=\"og:locale\" content=\"fr_FR\" \/>\n<meta property=\"og:type\" content=\"article\" \/>\n<meta property=\"og:title\" content=\"Sant\u00e9, autonomie, qualit\u00e9 de vie : le 11e colloque scientifique de l&#039;IMT a tenu ses objectifs - Panoramines\" \/>\n<meta property=\"og:description\" content=\"Mettre en valeur une th\u00e9matique scientifique phare et de faciliter les \u00e9changes entre enseignants-chercheurs de l&rsquo;IMT, experts et partenaires : le colloque \u00ab\u00a0Healthcare 4.0 nouvelles avanc\u00e9es en ing\u00e9nierie pour la sant\u00e9\u00a0\u00bb le 15 octobre \u00e0 Mines Saint-\u00c9tienne a r\u00e9uni 140 &hellip;\" \/>\n<meta property=\"og:url\" content=\"https:\/\/www.mines-stetienne.fr\/panoramines\/2019\/10\/16\/sante-autonomie-qualite-de-vie-le-11e-colloque-scientifique-de-limt\/\" \/>\n<meta property=\"og:site_name\" content=\"Panoramines\" \/>\n<meta property=\"article:published_time\" content=\"2019-10-16T11:39:36+00:00\" \/>\n<meta property=\"article:modified_time\" content=\"2019-10-18T11:44:00+00:00\" \/>\n<meta property=\"og:image\" content=\"https:\/\/www.mines-stetienne.fr\/panoramines\/wp-content\/uploads\/sites\/3\/2019\/10\/UneImtSante.jpg\" \/>\n\t<meta property=\"og:image:width\" content=\"700\" \/>\n\t<meta property=\"og:image:height\" content=\"304\" \/>\n\t<meta property=\"og:image:type\" content=\"image\/jpeg\" \/>\n<meta name=\"author\" content=\"Nathalie\" \/>\n<meta name=\"twitter:card\" content=\"summary_large_image\" \/>\n<meta name=\"twitter:label1\" content=\"\u00c9crit par\" \/>\n\t<meta name=\"twitter:data1\" content=\" Nathalie\" \/>\n\t<meta name=\"twitter:label2\" content=\"Dur\u00e9e de lecture estim\u00e9e\" \/>\n\t<meta name=\"twitter:data2\" content=\"2 minutes\" \/>\n<script type=\"application\/ld+json\" class=\"yoast-schema-graph\">{\"@context\":\"https:\\\/\\\/schema.org\",\"@graph\":[{\"@type\":\"Article\",\"@id\":\"https:\\\/\\\/www.mines-stetienne.fr\\\/panoramines\\\/2019\\\/10\\\/16\\\/sante-autonomie-qualite-de-vie-le-11e-colloque-scientifique-de-limt\\\/#article\",\"isPartOf\":{\"@id\":\"https:\\\/\\\/www.mines-stetienne.fr\\\/panoramines\\\/2019\\\/10\\\/16\\\/sante-autonomie-qualite-de-vie-le-11e-colloque-scientifique-de-limt\\\/\"},\"author\":{\"name\":\"Nathalie\",\"@id\":\"https:\\\/\\\/www.mines-stetienne.fr\\\/panoramines\\\/#\\\/schema\\\/person\\\/95e752e6dedac604ce4535123e0f8df7\"},\"headline\":\"Sant\u00e9, autonomie, qualit\u00e9 de vie : le 11e colloque scientifique de l&rsquo;IMT a tenu ses objectifs\",\"datePublished\":\"2019-10-16T11:39:36+00:00\",\"dateModified\":\"2019-10-18T11:44:00+00:00\",\"mainEntityOfPage\":{\"@id\":\"https:\\\/\\\/www.mines-stetienne.fr\\\/panoramines\\\/2019\\\/10\\\/16\\\/sante-autonomie-qualite-de-vie-le-11e-colloque-scientifique-de-limt\\\/\"},\"wordCount\":346,\"image\":{\"@id\":\"https:\\\/\\\/www.mines-stetienne.fr\\\/panoramines\\\/2019\\\/10\\\/16\\\/sante-autonomie-qualite-de-vie-le-11e-colloque-scientifique-de-limt\\\/#primaryimage\"},\"thumbnailUrl\":\"https:\\\/\\\/www.mines-stetienne.fr\\\/panoramines\\\/wp-content\\\/uploads\\\/sites\\\/3\\\/2019\\\/10\\\/UneImtSante.jpg\",\"keywords\":[\"#FutureMedicine\",\"Campus Sant\u00e9 Innovations\",\"Colloque\",\"IMT\",\"Predisurge\",\"Sant\u00e9\"],\"articleSection\":[\"Recherche\"],\"inLanguage\":\"fr-FR\"},{\"@type\":\"WebPage\",\"@id\":\"https:\\\/\\\/www.mines-stetienne.fr\\\/panoramines\\\/2019\\\/10\\\/16\\\/sante-autonomie-qualite-de-vie-le-11e-colloque-scientifique-de-limt\\\/\",\"url\":\"https:\\\/\\\/www.mines-stetienne.fr\\\/panoramines\\\/2019\\\/10\\\/16\\\/sante-autonomie-qualite-de-vie-le-11e-colloque-scientifique-de-limt\\\/\",\"name\":\"Sant\u00e9, autonomie, qualit\u00e9 de vie : le 11e colloque scientifique de l'IMT a tenu ses objectifs - Panoramines\",\"isPartOf\":{\"@id\":\"https:\\\/\\\/www.mines-stetienne.fr\\\/panoramines\\\/#website\"},\"primaryImageOfPage\":{\"@id\":\"https:\\\/\\\/www.mines-stetienne.fr\\\/panoramines\\\/2019\\\/10\\\/16\\\/sante-autonomie-qualite-de-vie-le-11e-colloque-scientifique-de-limt\\\/#primaryimage\"},\"image\":{\"@id\":\"https:\\\/\\\/www.mines-stetienne.fr\\\/panoramines\\\/2019\\\/10\\\/16\\\/sante-autonomie-qualite-de-vie-le-11e-colloque-scientifique-de-limt\\\/#primaryimage\"},\"thumbnailUrl\":\"https:\\\/\\\/www.mines-stetienne.fr\\\/panoramines\\\/wp-content\\\/uploads\\\/sites\\\/3\\\/2019\\\/10\\\/UneImtSante.jpg\",\"datePublished\":\"2019-10-16T11:39:36+00:00\",\"dateModified\":\"2019-10-18T11:44:00+00:00\",\"author\":{\"@id\":\"https:\\\/\\\/www.mines-stetienne.fr\\\/panoramines\\\/#\\\/schema\\\/person\\\/95e752e6dedac604ce4535123e0f8df7\"},\"breadcrumb\":{\"@id\":\"https:\\\/\\\/www.mines-stetienne.fr\\\/panoramines\\\/2019\\\/10\\\/16\\\/sante-autonomie-qualite-de-vie-le-11e-colloque-scientifique-de-limt\\\/#breadcrumb\"},\"inLanguage\":\"fr-FR\",\"potentialAction\":[{\"@type\":\"ReadAction\",\"target\":[\"https:\\\/\\\/www.mines-stetienne.fr\\\/panoramines\\\/2019\\\/10\\\/16\\\/sante-autonomie-qualite-de-vie-le-11e-colloque-scientifique-de-limt\\\/\"]}]},{\"@type\":\"ImageObject\",\"inLanguage\":\"fr-FR\",\"@id\":\"https:\\\/\\\/www.mines-stetienne.fr\\\/panoramines\\\/2019\\\/10\\\/16\\\/sante-autonomie-qualite-de-vie-le-11e-colloque-scientifique-de-limt\\\/#primaryimage\",\"url\":\"https:\\\/\\\/www.mines-stetienne.fr\\\/panoramines\\\/wp-content\\\/uploads\\\/sites\\\/3\\\/2019\\\/10\\\/UneImtSante.jpg\",\"contentUrl\":\"https:\\\/\\\/www.mines-stetienne.fr\\\/panoramines\\\/wp-content\\\/uploads\\\/sites\\\/3\\\/2019\\\/10\\\/UneImtSante.jpg\",\"width\":700,\"height\":304},{\"@type\":\"BreadcrumbList\",\"@id\":\"https:\\\/\\\/www.mines-stetienne.fr\\\/panoramines\\\/2019\\\/10\\\/16\\\/sante-autonomie-qualite-de-vie-le-11e-colloque-scientifique-de-limt\\\/#breadcrumb\",\"itemListElement\":[{\"@type\":\"ListItem\",\"position\":1,\"name\":\"Accueil\",\"item\":\"https:\\\/\\\/www.mines-stetienne.fr\\\/panoramines\\\/\"},{\"@type\":\"ListItem\",\"position\":2,\"name\":\"Sant\u00e9, autonomie, qualit\u00e9 de vie : le 11e colloque scientifique de l&rsquo;IMT a tenu ses objectifs\"}]},{\"@type\":\"WebSite\",\"@id\":\"https:\\\/\\\/www.mines-stetienne.fr\\\/panoramines\\\/#website\",\"url\":\"https:\\\/\\\/www.mines-stetienne.fr\\\/panoramines\\\/\",\"name\":\"Panoramines\",\"description\":\"Panoramines, l\u2019actualit\u00e9 de MINES Saint-\u00c9tienne\",\"potentialAction\":[{\"@type\":\"SearchAction\",\"target\":{\"@type\":\"EntryPoint\",\"urlTemplate\":\"https:\\\/\\\/www.mines-stetienne.fr\\\/panoramines\\\/?s={search_term_string}\"},\"query-input\":{\"@type\":\"PropertyValueSpecification\",\"valueRequired\":true,\"valueName\":\"search_term_string\"}}],\"inLanguage\":\"fr-FR\"},{\"@type\":\"Person\",\"@id\":\"https:\\\/\\\/www.mines-stetienne.fr\\\/panoramines\\\/#\\\/schema\\\/person\\\/95e752e6dedac604ce4535123e0f8df7\",\"name\":\"Nathalie\",\"image\":{\"@type\":\"ImageObject\",\"inLanguage\":\"fr-FR\",\"@id\":\"https:\\\/\\\/www.mines-stetienne.fr\\\/panoramines\\\/wp-content\\\/uploads\\\/sites\\\/3\\\/2021\\\/07\\\/logo-75x75-1.png\",\"url\":\"https:\\\/\\\/www.mines-stetienne.fr\\\/panoramines\\\/wp-content\\\/uploads\\\/sites\\\/3\\\/2021\\\/07\\\/logo-75x75-1.png\",\"contentUrl\":\"https:\\\/\\\/www.mines-stetienne.fr\\\/panoramines\\\/wp-content\\\/uploads\\\/sites\\\/3\\\/2021\\\/07\\\/logo-75x75-1.png\",\"caption\":\"Nathalie\"},\"url\":\"https:\\\/\\\/www.mines-stetienne.fr\\\/panoramines\\\/author\\\/nathalie\\\/\"}]}<\/script>\n<!-- \/ Yoast SEO plugin. -->","yoast_head_json":{"title":"Sant\u00e9, autonomie, qualit\u00e9 de vie : le 11e colloque scientifique de l'IMT a tenu ses objectifs - Panoramines","robots":{"index":"index","follow":"follow","max-snippet":"max-snippet:-1","max-image-preview":"max-image-preview:large","max-video-preview":"max-video-preview:-1"},"canonical":"https:\/\/www.mines-stetienne.fr\/panoramines\/2019\/10\/16\/sante-autonomie-qualite-de-vie-le-11e-colloque-scientifique-de-limt\/","og_locale":"fr_FR","og_type":"article","og_title":"Sant\u00e9, autonomie, qualit\u00e9 de vie : le 11e colloque scientifique de l'IMT a tenu ses objectifs - Panoramines","og_description":"Mettre en valeur une th\u00e9matique scientifique phare et de faciliter les \u00e9changes entre enseignants-chercheurs de l&rsquo;IMT, experts et partenaires : le colloque \u00ab\u00a0Healthcare 4.0 nouvelles avanc\u00e9es en ing\u00e9nierie pour la sant\u00e9\u00a0\u00bb le 15 octobre \u00e0 Mines Saint-\u00c9tienne a r\u00e9uni 140 &hellip;","og_url":"https:\/\/www.mines-stetienne.fr\/panoramines\/2019\/10\/16\/sante-autonomie-qualite-de-vie-le-11e-colloque-scientifique-de-limt\/","og_site_name":"Panoramines","article_published_time":"2019-10-16T11:39:36+00:00","article_modified_time":"2019-10-18T11:44:00+00:00","og_image":[{"width":700,"height":304,"url":"https:\/\/www.mines-stetienne.fr\/panoramines\/wp-content\/uploads\/sites\/3\/2019\/10\/UneImtSante.jpg","type":"image\/jpeg"}],"author":"Nathalie","twitter_card":"summary_large_image","twitter_misc":{"\u00c9crit par":" Nathalie","Dur\u00e9e de lecture estim\u00e9e":"2 minutes"},"schema":{"@context":"https:\/\/schema.org","@graph":[{"@type":"Article","@id":"https:\/\/www.mines-stetienne.fr\/panoramines\/2019\/10\/16\/sante-autonomie-qualite-de-vie-le-11e-colloque-scientifique-de-limt\/#article","isPartOf":{"@id":"https:\/\/www.mines-stetienne.fr\/panoramines\/2019\/10\/16\/sante-autonomie-qualite-de-vie-le-11e-colloque-scientifique-de-limt\/"},"author":{"name":"Nathalie","@id":"https:\/\/www.mines-stetienne.fr\/panoramines\/#\/schema\/person\/95e752e6dedac604ce4535123e0f8df7"},"headline":"Sant\u00e9, autonomie, qualit\u00e9 de vie : le 11e colloque scientifique de l&rsquo;IMT a tenu ses objectifs","datePublished":"2019-10-16T11:39:36+00:00","dateModified":"2019-10-18T11:44:00+00:00","mainEntityOfPage":{"@id":"https:\/\/www.mines-stetienne.fr\/panoramines\/2019\/10\/16\/sante-autonomie-qualite-de-vie-le-11e-colloque-scientifique-de-limt\/"},"wordCount":346,"image":{"@id":"https:\/\/www.mines-stetienne.fr\/panoramines\/2019\/10\/16\/sante-autonomie-qualite-de-vie-le-11e-colloque-scientifique-de-limt\/#primaryimage"},"thumbnailUrl":"https:\/\/www.mines-stetienne.fr\/panoramines\/wp-content\/uploads\/sites\/3\/2019\/10\/UneImtSante.jpg","keywords":["#FutureMedicine","Campus Sant\u00e9 Innovations","Colloque","IMT","Predisurge","Sant\u00e9"],"articleSection":["Recherche"],"inLanguage":"fr-FR"},{"@type":"WebPage","@id":"https:\/\/www.mines-stetienne.fr\/panoramines\/2019\/10\/16\/sante-autonomie-qualite-de-vie-le-11e-colloque-scientifique-de-limt\/","url":"https:\/\/www.mines-stetienne.fr\/panoramines\/2019\/10\/16\/sante-autonomie-qualite-de-vie-le-11e-colloque-scientifique-de-limt\/","name":"Sant\u00e9, autonomie, qualit\u00e9 de vie : le 11e colloque scientifique de l'IMT a tenu ses objectifs - Panoramines","isPartOf":{"@id":"https:\/\/www.mines-stetienne.fr\/panoramines\/#website"},"primaryImageOfPage":{"@id":"https:\/\/www.mines-stetienne.fr\/panoramines\/2019\/10\/16\/sante-autonomie-qualite-de-vie-le-11e-colloque-scientifique-de-limt\/#primaryimage"},"image":{"@id":"https:\/\/www.mines-stetienne.fr\/panoramines\/2019\/10\/16\/sante-autonomie-qualite-de-vie-le-11e-colloque-scientifique-de-limt\/#primaryimage"},"thumbnailUrl":"https:\/\/www.mines-stetienne.fr\/panoramines\/wp-content\/uploads\/sites\/3\/2019\/10\/UneImtSante.jpg","datePublished":"2019-10-16T11:39:36+00:00","dateModified":"2019-10-18T11:44:00+00:00","author":{"@id":"https:\/\/www.mines-stetienne.fr\/panoramines\/#\/schema\/person\/95e752e6dedac604ce4535123e0f8df7"},"breadcrumb":{"@id":"https:\/\/www.mines-stetienne.fr\/panoramines\/2019\/10\/16\/sante-autonomie-qualite-de-vie-le-11e-colloque-scientifique-de-limt\/#breadcrumb"},"inLanguage":"fr-FR","potentialAction":[{"@type":"ReadAction","target":["https:\/\/www.mines-stetienne.fr\/panoramines\/2019\/10\/16\/sante-autonomie-qualite-de-vie-le-11e-colloque-scientifique-de-limt\/"]}]},{"@type":"ImageObject","inLanguage":"fr-FR","@id":"https:\/\/www.mines-stetienne.fr\/panoramines\/2019\/10\/16\/sante-autonomie-qualite-de-vie-le-11e-colloque-scientifique-de-limt\/#primaryimage","url":"https:\/\/www.mines-stetienne.fr\/panoramines\/wp-content\/uploads\/sites\/3\/2019\/10\/UneImtSante.jpg","contentUrl":"https:\/\/www.mines-stetienne.fr\/panoramines\/wp-content\/uploads\/sites\/3\/2019\/10\/UneImtSante.jpg","width":700,"height":304},{"@type":"BreadcrumbList","@id":"https:\/\/www.mines-stetienne.fr\/panoramines\/2019\/10\/16\/sante-autonomie-qualite-de-vie-le-11e-colloque-scientifique-de-limt\/#breadcrumb","itemListElement":[{"@type":"ListItem","position":1,"name":"Accueil","item":"https:\/\/www.mines-stetienne.fr\/panoramines\/"},{"@type":"ListItem","position":2,"name":"Sant\u00e9, autonomie, qualit\u00e9 de vie : le 11e colloque scientifique de l&rsquo;IMT a tenu ses objectifs"}]},{"@type":"WebSite","@id":"https:\/\/www.mines-stetienne.fr\/panoramines\/#website","url":"https:\/\/www.mines-stetienne.fr\/panoramines\/","name":"Panoramines","description":"Panoramines, l\u2019actualit\u00e9 de MINES Saint-\u00c9tienne","potentialAction":[{"@type":"SearchAction","target":{"@type":"EntryPoint","urlTemplate":"https:\/\/www.mines-stetienne.fr\/panoramines\/?s={search_term_string}"},"query-input":{"@type":"PropertyValueSpecification","valueRequired":true,"valueName":"search_term_string"}}],"inLanguage":"fr-FR"},{"@type":"Person","@id":"https:\/\/www.mines-stetienne.fr\/panoramines\/#\/schema\/person\/95e752e6dedac604ce4535123e0f8df7","name":"Nathalie","image":{"@type":"ImageObject","inLanguage":"fr-FR","@id":"https:\/\/www.mines-stetienne.fr\/panoramines\/wp-content\/uploads\/sites\/3\/2021\/07\/logo-75x75-1.png","url":"https:\/\/www.mines-stetienne.fr\/panoramines\/wp-content\/uploads\/sites\/3\/2021\/07\/logo-75x75-1.png","contentUrl":"https:\/\/www.mines-stetienne.fr\/panoramines\/wp-content\/uploads\/sites\/3\/2021\/07\/logo-75x75-1.png","caption":"Nathalie"},"url":"https:\/\/www.mines-stetienne.fr\/panoramines\/author\/nathalie\/"}]}},"_links":{"self":[{"href":"https:\/\/www.mines-stetienne.fr\/panoramines\/wp-json\/wp\/v2\/posts\/19390","targetHints":{"allow":["GET"]}}],"collection":[{"href":"https:\/\/www.mines-stetienne.fr\/panoramines\/wp-json\/wp\/v2\/posts"}],"about":[{"href":"https:\/\/www.mines-stetienne.fr\/panoramines\/wp-json\/wp\/v2\/types\/post"}],"author":[{"embeddable":true,"href":"https:\/\/www.mines-stetienne.fr\/panoramines\/wp-json\/wp\/v2\/users\/3"}],"replies":[{"embeddable":true,"href":"https:\/\/www.mines-stetienne.fr\/panoramines\/wp-json\/wp\/v2\/comments?post=19390"}],"version-history":[{"count":20,"href":"https:\/\/www.mines-stetienne.fr\/panoramines\/wp-json\/wp\/v2\/posts\/19390\/revisions"}],"predecessor-version":[{"id":19544,"href":"https:\/\/www.mines-stetienne.fr\/panoramines\/wp-json\/wp\/v2\/posts\/19390\/revisions\/19544"}],"wp:featuredmedia":[{"embeddable":true,"href":"https:\/\/www.mines-stetienne.fr\/panoramines\/wp-json\/wp\/v2\/media\/19542"}],"wp:attachment":[{"href":"https:\/\/www.mines-stetienne.fr\/panoramines\/wp-json\/wp\/v2\/media?parent=19390"}],"wp:term":[{"taxonomy":"category","embeddable":true,"href":"https:\/\/www.mines-stetienne.fr\/panoramines\/wp-json\/wp\/v2\/categories?post=19390"},{"taxonomy":"post_tag","embeddable":true,"href":"https:\/\/www.mines-stetienne.fr\/panoramines\/wp-json\/wp\/v2\/tags?post=19390"}],"curies":[{"name":"wp","href":"https:\/\/api.w.org\/{rel}","templated":true}]}}