{"id":19303,"date":"2019-10-04T16:44:52","date_gmt":"2019-10-04T14:44:52","guid":{"rendered":"https:\/\/www.mines-stetienne.fr\/panoramines\/?p=19303"},"modified":"2019-10-08T16:47:31","modified_gmt":"2019-10-08T14:47:31","slug":"les-mines-du-desert","status":"publish","type":"post","link":"https:\/\/www.mines-stetienne.fr\/panoramines\/2019\/10\/04\/les-mines-du-desert\/","title":{"rendered":"\u00ab\u00a0Les mines du d\u00e9sert\u00a0\u00bb"},"content":{"rendered":"\n<h4 class=\"wp-block-heading\">4 \u00e9l\u00e8ves-ing\u00e9nieurs ISMIN participeront au 4L Trophy 2020, du 20 f\u00e9vrier au 1er mars prochains, sous la banni\u00e8re de l&rsquo;association \u00e9tudiante &lsquo;Les Mines du D\u00e9sert&rsquo;. Ce&nbsp;projet s&rsquo;inscrit dans une d\u00e9marche solidaire, humanitaire et p\u00e9dagogique. <\/h4>\n\n\n\n<p>Chaque ann\u00e9e plusieurs tonnes de mat\u00e9riels&nbsp;scolaires, ainsi que des lunettes, des fauteuils roulants sont apport\u00e9s aux enfants de la plaine de Merzouba, dans le sud du&nbsp;Maroc.<\/p>\n\n\n\n<p>EN 2020, deux \u00e9quipages ISMIN se lanceront dans l&rsquo;aventure : <strong>L\u00e9andre Bonnefond et Bastien Choignard<\/strong> (n\u00b01165), <strong>Yassine Makhlouf et Paul Wegiel<\/strong> (n\u00b01174).<br> Ils ont cr\u00e9\u00e9 une cagnotte participative pour r\u00e9colter les fonds n\u00e9cessaires \u00e0 leur participation et \u00e0 leur objectif : atteindre la ligne d\u2019arriv\u00e9e et le village de la solidarit\u00e9 situ\u00e9s dans le d\u00e9sert marocain. <\/p>\n\n\n\n<ul class=\"wp-block-list\"><li>Pour les soutenir suivez ce <a rel=\"noreferrer noopener\" aria-label=\" (opens in a new tab)\" href=\"https:\/\/www.helloasso.com\/associations\/les-mines-du-desert\" target=\"_blank\">lien participatif<\/a><\/li><li>Plus d&rsquo;informations : <a rel=\"noreferrer noopener\" aria-label=\"Facebook Mines du d\u00e9sert (opens in a new tab)\" href=\"https:\/\/www.facebook.com\/minesdudesert\/\" target=\"_blank\">Facebook \u00ab\u00a0Mines du d\u00e9sert<\/a>\u00a0\u00bb \/ <a rel=\"noreferrer noopener\" aria-label=\"Instagram (opens in a new tab)\" href=\"https:\/\/www.instagram.com\/mines_du_desert\/\" target=\"_blank\">Instagram<\/a> <\/li><li>Contact : <a href=\"&#x6d;&#x61;&#x69;&#108;&#116;&#111;:b&#x61;&#x73;&#x74;&#x69;&#101;&#110;&#46;c&#x68;&#x6f;&#x69;&#x67;&#110;&#97;rd&#x40;&#x65;&#x74;&#x75;&#46;&#101;&#109;se&#x2e;&#x66;&#x72;\">Bastien Choignard<\/a>, pr\u00e9sident de \u00ab\u00a0Mines du d\u00e9sert\u00a0\u00bb <\/li><\/ul>\n\n\n\n<hr class=\"wp-block-separator\" \/>\n\n\n\n<p><a rel=\"noreferrer noopener\" aria-label=\"Le 4L Trophy (opens in a new tab)\" href=\"https:\/\/www.4ltrophy.com\/edition-2020\/\" target=\"_blank\">Le 4L Trophy<\/a> est le plus gros \u00e9v\u00e8nement sportif et solidaire en Europe. Il rassemble chaque ann\u00e9e pr\u00e8s de 1200 \u00e9quipages roulant exclusivement \u00e0 bord de la mythique 4L. Il s\u2019agit d\u2019un rallye  d\u2019orientation mettant l\u2019accent sur la solidarit\u00e9 et l\u2019engagement \u00e9cocitoyen. <\/p>\n\n\n\n<hr class=\"wp-block-separator\" \/>\n","protected":false},"excerpt":{"rendered":"<p>4 \u00e9l\u00e8ves-ing\u00e9nieurs ISMIN participeront au 4L Trophy 2020, du 20 f\u00e9vrier au 1er mars prochains, sous la banni\u00e8re de l&rsquo;association \u00e9tudiante &lsquo;Les Mines du D\u00e9sert&rsquo;. Ce&nbsp;projet s&rsquo;inscrit dans une d\u00e9marche solidaire, humanitaire et p\u00e9dagogique. Chaque ann\u00e9e plusieurs tonnes de mat\u00e9riels&nbsp;scolaires, &hellip;<\/p>\n","protected":false},"author":3,"featured_media":19339,"comment_status":"closed","ping_status":"open","sticky":false,"template":"","format":"standard","meta":{"_relevanssi_hide_post":"","_relevanssi_hide_content":"","_relevanssi_pin_for_all":"","_relevanssi_pin_keywords":"","_relevanssi_unpin_keywords":"","_relevanssi_related_keywords":"","_relevanssi_related_include_ids":"","_relevanssi_related_exclude_ids":"","_relevanssi_related_no_append":"","_relevanssi_related_not_related":"","_relevanssi_related_posts":"","_relevanssi_noindex_reason":"","footnotes":""},"categories":[8],"tags":[615,42],"class_list":["post-19303","post","type-post","status-publish","format-standard","has-post-thumbnail","hentry","category-vie-etudiante","tag-4l-trophy","tag-ismin"],"pp_statuses_selecting_workflow":false,"pp_workflow_action":"current","pp_status_selection":"publish","pp_force_visibility":null,"pp_subpost_visibility":null,"pp_inherited_force_visibility":null,"pp_inherited_subpost_visibility":null,"yoast_head":"<!-- This site is optimized with the Yoast SEO plugin v27.4 - https:\/\/yoast.com\/product\/yoast-seo-wordpress\/ -->\n<title>&quot;Les mines du d\u00e9sert&quot; - Panoramines<\/title>\n<meta name=\"robots\" content=\"index, follow, max-snippet:-1, max-image-preview:large, max-video-preview:-1\" \/>\n<link rel=\"canonical\" href=\"https:\/\/www.mines-stetienne.fr\/panoramines\/2019\/10\/04\/les-mines-du-desert\/\" \/>\n<meta property=\"og:locale\" content=\"fr_FR\" \/>\n<meta property=\"og:type\" content=\"article\" \/>\n<meta property=\"og:title\" content=\"&quot;Les mines du d\u00e9sert&quot; - Panoramines\" \/>\n<meta property=\"og:description\" content=\"4 \u00e9l\u00e8ves-ing\u00e9nieurs ISMIN participeront au 4L Trophy 2020, du 20 f\u00e9vrier au 1er mars prochains, sous la banni\u00e8re de l&rsquo;association \u00e9tudiante &lsquo;Les Mines du D\u00e9sert&rsquo;. Ce&nbsp;projet s&rsquo;inscrit dans une d\u00e9marche solidaire, humanitaire et p\u00e9dagogique. Chaque ann\u00e9e plusieurs tonnes de mat\u00e9riels&nbsp;scolaires, &hellip;\" \/>\n<meta property=\"og:url\" content=\"https:\/\/www.mines-stetienne.fr\/panoramines\/2019\/10\/04\/les-mines-du-desert\/\" \/>\n<meta property=\"og:site_name\" content=\"Panoramines\" \/>\n<meta property=\"article:published_time\" content=\"2019-10-04T14:44:52+00:00\" \/>\n<meta property=\"article:modified_time\" content=\"2019-10-08T14:47:31+00:00\" \/>\n<meta property=\"og:image\" content=\"https:\/\/www.mines-stetienne.fr\/panoramines\/wp-content\/uploads\/sites\/3\/2019\/10\/Une4LTrophy.jpg\" \/>\n\t<meta property=\"og:image:width\" content=\"651\" \/>\n\t<meta property=\"og:image:height\" content=\"281\" \/>\n\t<meta property=\"og:image:type\" content=\"image\/jpeg\" \/>\n<meta name=\"author\" content=\"Nathalie\" \/>\n<meta name=\"twitter:card\" content=\"summary_large_image\" \/>\n<meta name=\"twitter:label1\" content=\"\u00c9crit par\" \/>\n\t<meta name=\"twitter:data1\" content=\" Nathalie\" \/>\n\t<meta name=\"twitter:label2\" content=\"Dur\u00e9e de lecture estim\u00e9e\" \/>\n\t<meta name=\"twitter:data2\" content=\"1 minute\" \/>\n<script type=\"application\/ld+json\" class=\"yoast-schema-graph\">{\"@context\":\"https:\\\/\\\/schema.org\",\"@graph\":[{\"@type\":\"Article\",\"@id\":\"https:\\\/\\\/www.mines-stetienne.fr\\\/panoramines\\\/2019\\\/10\\\/04\\\/les-mines-du-desert\\\/#article\",\"isPartOf\":{\"@id\":\"https:\\\/\\\/www.mines-stetienne.fr\\\/panoramines\\\/2019\\\/10\\\/04\\\/les-mines-du-desert\\\/\"},\"author\":{\"name\":\"Nathalie\",\"@id\":\"https:\\\/\\\/www.mines-stetienne.fr\\\/panoramines\\\/#\\\/schema\\\/person\\\/95e752e6dedac604ce4535123e0f8df7\"},\"headline\":\"\u00ab\u00a0Les mines du d\u00e9sert\u00a0\u00bb\",\"datePublished\":\"2019-10-04T14:44:52+00:00\",\"dateModified\":\"2019-10-08T14:47:31+00:00\",\"mainEntityOfPage\":{\"@id\":\"https:\\\/\\\/www.mines-stetienne.fr\\\/panoramines\\\/2019\\\/10\\\/04\\\/les-mines-du-desert\\\/\"},\"wordCount\":209,\"image\":{\"@id\":\"https:\\\/\\\/www.mines-stetienne.fr\\\/panoramines\\\/2019\\\/10\\\/04\\\/les-mines-du-desert\\\/#primaryimage\"},\"thumbnailUrl\":\"https:\\\/\\\/www.mines-stetienne.fr\\\/panoramines\\\/wp-content\\\/uploads\\\/sites\\\/3\\\/2019\\\/10\\\/Une4LTrophy.jpg\",\"keywords\":[\"4L Trophy\",\"ISMIN\"],\"articleSection\":[\"Vie \u00e9tudiante\"],\"inLanguage\":\"fr-FR\"},{\"@type\":\"WebPage\",\"@id\":\"https:\\\/\\\/www.mines-stetienne.fr\\\/panoramines\\\/2019\\\/10\\\/04\\\/les-mines-du-desert\\\/\",\"url\":\"https:\\\/\\\/www.mines-stetienne.fr\\\/panoramines\\\/2019\\\/10\\\/04\\\/les-mines-du-desert\\\/\",\"name\":\"\\\"Les mines du d\u00e9sert\\\" - Panoramines\",\"isPartOf\":{\"@id\":\"https:\\\/\\\/www.mines-stetienne.fr\\\/panoramines\\\/#website\"},\"primaryImageOfPage\":{\"@id\":\"https:\\\/\\\/www.mines-stetienne.fr\\\/panoramines\\\/2019\\\/10\\\/04\\\/les-mines-du-desert\\\/#primaryimage\"},\"image\":{\"@id\":\"https:\\\/\\\/www.mines-stetienne.fr\\\/panoramines\\\/2019\\\/10\\\/04\\\/les-mines-du-desert\\\/#primaryimage\"},\"thumbnailUrl\":\"https:\\\/\\\/www.mines-stetienne.fr\\\/panoramines\\\/wp-content\\\/uploads\\\/sites\\\/3\\\/2019\\\/10\\\/Une4LTrophy.jpg\",\"datePublished\":\"2019-10-04T14:44:52+00:00\",\"dateModified\":\"2019-10-08T14:47:31+00:00\",\"author\":{\"@id\":\"https:\\\/\\\/www.mines-stetienne.fr\\\/panoramines\\\/#\\\/schema\\\/person\\\/95e752e6dedac604ce4535123e0f8df7\"},\"breadcrumb\":{\"@id\":\"https:\\\/\\\/www.mines-stetienne.fr\\\/panoramines\\\/2019\\\/10\\\/04\\\/les-mines-du-desert\\\/#breadcrumb\"},\"inLanguage\":\"fr-FR\",\"potentialAction\":[{\"@type\":\"ReadAction\",\"target\":[\"https:\\\/\\\/www.mines-stetienne.fr\\\/panoramines\\\/2019\\\/10\\\/04\\\/les-mines-du-desert\\\/\"]}]},{\"@type\":\"ImageObject\",\"inLanguage\":\"fr-FR\",\"@id\":\"https:\\\/\\\/www.mines-stetienne.fr\\\/panoramines\\\/2019\\\/10\\\/04\\\/les-mines-du-desert\\\/#primaryimage\",\"url\":\"https:\\\/\\\/www.mines-stetienne.fr\\\/panoramines\\\/wp-content\\\/uploads\\\/sites\\\/3\\\/2019\\\/10\\\/Une4LTrophy.jpg\",\"contentUrl\":\"https:\\\/\\\/www.mines-stetienne.fr\\\/panoramines\\\/wp-content\\\/uploads\\\/sites\\\/3\\\/2019\\\/10\\\/Une4LTrophy.jpg\",\"width\":651,\"height\":281},{\"@type\":\"BreadcrumbList\",\"@id\":\"https:\\\/\\\/www.mines-stetienne.fr\\\/panoramines\\\/2019\\\/10\\\/04\\\/les-mines-du-desert\\\/#breadcrumb\",\"itemListElement\":[{\"@type\":\"ListItem\",\"position\":1,\"name\":\"Accueil\",\"item\":\"https:\\\/\\\/www.mines-stetienne.fr\\\/panoramines\\\/\"},{\"@type\":\"ListItem\",\"position\":2,\"name\":\"\u00ab\u00a0Les mines du d\u00e9sert\u00a0\u00bb\"}]},{\"@type\":\"WebSite\",\"@id\":\"https:\\\/\\\/www.mines-stetienne.fr\\\/panoramines\\\/#website\",\"url\":\"https:\\\/\\\/www.mines-stetienne.fr\\\/panoramines\\\/\",\"name\":\"Panoramines\",\"description\":\"Panoramines, l\u2019actualit\u00e9 de MINES Saint-\u00c9tienne\",\"potentialAction\":[{\"@type\":\"SearchAction\",\"target\":{\"@type\":\"EntryPoint\",\"urlTemplate\":\"https:\\\/\\\/www.mines-stetienne.fr\\\/panoramines\\\/?s={search_term_string}\"},\"query-input\":{\"@type\":\"PropertyValueSpecification\",\"valueRequired\":true,\"valueName\":\"search_term_string\"}}],\"inLanguage\":\"fr-FR\"},{\"@type\":\"Person\",\"@id\":\"https:\\\/\\\/www.mines-stetienne.fr\\\/panoramines\\\/#\\\/schema\\\/person\\\/95e752e6dedac604ce4535123e0f8df7\",\"name\":\"Nathalie\",\"image\":{\"@type\":\"ImageObject\",\"inLanguage\":\"fr-FR\",\"@id\":\"https:\\\/\\\/www.mines-stetienne.fr\\\/panoramines\\\/wp-content\\\/uploads\\\/sites\\\/3\\\/2021\\\/07\\\/logo-75x75-1.png\",\"url\":\"https:\\\/\\\/www.mines-stetienne.fr\\\/panoramines\\\/wp-content\\\/uploads\\\/sites\\\/3\\\/2021\\\/07\\\/logo-75x75-1.png\",\"contentUrl\":\"https:\\\/\\\/www.mines-stetienne.fr\\\/panoramines\\\/wp-content\\\/uploads\\\/sites\\\/3\\\/2021\\\/07\\\/logo-75x75-1.png\",\"caption\":\"Nathalie\"},\"url\":\"https:\\\/\\\/www.mines-stetienne.fr\\\/panoramines\\\/author\\\/nathalie\\\/\"}]}<\/script>\n<!-- \/ Yoast SEO plugin. -->","yoast_head_json":{"title":"\"Les mines du d\u00e9sert\" - Panoramines","robots":{"index":"index","follow":"follow","max-snippet":"max-snippet:-1","max-image-preview":"max-image-preview:large","max-video-preview":"max-video-preview:-1"},"canonical":"https:\/\/www.mines-stetienne.fr\/panoramines\/2019\/10\/04\/les-mines-du-desert\/","og_locale":"fr_FR","og_type":"article","og_title":"\"Les mines du d\u00e9sert\" - Panoramines","og_description":"4 \u00e9l\u00e8ves-ing\u00e9nieurs ISMIN participeront au 4L Trophy 2020, du 20 f\u00e9vrier au 1er mars prochains, sous la banni\u00e8re de l&rsquo;association \u00e9tudiante &lsquo;Les Mines du D\u00e9sert&rsquo;. Ce&nbsp;projet s&rsquo;inscrit dans une d\u00e9marche solidaire, humanitaire et p\u00e9dagogique. Chaque ann\u00e9e plusieurs tonnes de mat\u00e9riels&nbsp;scolaires, &hellip;","og_url":"https:\/\/www.mines-stetienne.fr\/panoramines\/2019\/10\/04\/les-mines-du-desert\/","og_site_name":"Panoramines","article_published_time":"2019-10-04T14:44:52+00:00","article_modified_time":"2019-10-08T14:47:31+00:00","og_image":[{"width":651,"height":281,"url":"https:\/\/www.mines-stetienne.fr\/panoramines\/wp-content\/uploads\/sites\/3\/2019\/10\/Une4LTrophy.jpg","type":"image\/jpeg"}],"author":"Nathalie","twitter_card":"summary_large_image","twitter_misc":{"\u00c9crit par":" Nathalie","Dur\u00e9e de lecture estim\u00e9e":"1 minute"},"schema":{"@context":"https:\/\/schema.org","@graph":[{"@type":"Article","@id":"https:\/\/www.mines-stetienne.fr\/panoramines\/2019\/10\/04\/les-mines-du-desert\/#article","isPartOf":{"@id":"https:\/\/www.mines-stetienne.fr\/panoramines\/2019\/10\/04\/les-mines-du-desert\/"},"author":{"name":"Nathalie","@id":"https:\/\/www.mines-stetienne.fr\/panoramines\/#\/schema\/person\/95e752e6dedac604ce4535123e0f8df7"},"headline":"\u00ab\u00a0Les mines du d\u00e9sert\u00a0\u00bb","datePublished":"2019-10-04T14:44:52+00:00","dateModified":"2019-10-08T14:47:31+00:00","mainEntityOfPage":{"@id":"https:\/\/www.mines-stetienne.fr\/panoramines\/2019\/10\/04\/les-mines-du-desert\/"},"wordCount":209,"image":{"@id":"https:\/\/www.mines-stetienne.fr\/panoramines\/2019\/10\/04\/les-mines-du-desert\/#primaryimage"},"thumbnailUrl":"https:\/\/www.mines-stetienne.fr\/panoramines\/wp-content\/uploads\/sites\/3\/2019\/10\/Une4LTrophy.jpg","keywords":["4L Trophy","ISMIN"],"articleSection":["Vie \u00e9tudiante"],"inLanguage":"fr-FR"},{"@type":"WebPage","@id":"https:\/\/www.mines-stetienne.fr\/panoramines\/2019\/10\/04\/les-mines-du-desert\/","url":"https:\/\/www.mines-stetienne.fr\/panoramines\/2019\/10\/04\/les-mines-du-desert\/","name":"\"Les mines du d\u00e9sert\" - Panoramines","isPartOf":{"@id":"https:\/\/www.mines-stetienne.fr\/panoramines\/#website"},"primaryImageOfPage":{"@id":"https:\/\/www.mines-stetienne.fr\/panoramines\/2019\/10\/04\/les-mines-du-desert\/#primaryimage"},"image":{"@id":"https:\/\/www.mines-stetienne.fr\/panoramines\/2019\/10\/04\/les-mines-du-desert\/#primaryimage"},"thumbnailUrl":"https:\/\/www.mines-stetienne.fr\/panoramines\/wp-content\/uploads\/sites\/3\/2019\/10\/Une4LTrophy.jpg","datePublished":"2019-10-04T14:44:52+00:00","dateModified":"2019-10-08T14:47:31+00:00","author":{"@id":"https:\/\/www.mines-stetienne.fr\/panoramines\/#\/schema\/person\/95e752e6dedac604ce4535123e0f8df7"},"breadcrumb":{"@id":"https:\/\/www.mines-stetienne.fr\/panoramines\/2019\/10\/04\/les-mines-du-desert\/#breadcrumb"},"inLanguage":"fr-FR","potentialAction":[{"@type":"ReadAction","target":["https:\/\/www.mines-stetienne.fr\/panoramines\/2019\/10\/04\/les-mines-du-desert\/"]}]},{"@type":"ImageObject","inLanguage":"fr-FR","@id":"https:\/\/www.mines-stetienne.fr\/panoramines\/2019\/10\/04\/les-mines-du-desert\/#primaryimage","url":"https:\/\/www.mines-stetienne.fr\/panoramines\/wp-content\/uploads\/sites\/3\/2019\/10\/Une4LTrophy.jpg","contentUrl":"https:\/\/www.mines-stetienne.fr\/panoramines\/wp-content\/uploads\/sites\/3\/2019\/10\/Une4LTrophy.jpg","width":651,"height":281},{"@type":"BreadcrumbList","@id":"https:\/\/www.mines-stetienne.fr\/panoramines\/2019\/10\/04\/les-mines-du-desert\/#breadcrumb","itemListElement":[{"@type":"ListItem","position":1,"name":"Accueil","item":"https:\/\/www.mines-stetienne.fr\/panoramines\/"},{"@type":"ListItem","position":2,"name":"\u00ab\u00a0Les mines du d\u00e9sert\u00a0\u00bb"}]},{"@type":"WebSite","@id":"https:\/\/www.mines-stetienne.fr\/panoramines\/#website","url":"https:\/\/www.mines-stetienne.fr\/panoramines\/","name":"Panoramines","description":"Panoramines, l\u2019actualit\u00e9 de MINES Saint-\u00c9tienne","potentialAction":[{"@type":"SearchAction","target":{"@type":"EntryPoint","urlTemplate":"https:\/\/www.mines-stetienne.fr\/panoramines\/?s={search_term_string}"},"query-input":{"@type":"PropertyValueSpecification","valueRequired":true,"valueName":"search_term_string"}}],"inLanguage":"fr-FR"},{"@type":"Person","@id":"https:\/\/www.mines-stetienne.fr\/panoramines\/#\/schema\/person\/95e752e6dedac604ce4535123e0f8df7","name":"Nathalie","image":{"@type":"ImageObject","inLanguage":"fr-FR","@id":"https:\/\/www.mines-stetienne.fr\/panoramines\/wp-content\/uploads\/sites\/3\/2021\/07\/logo-75x75-1.png","url":"https:\/\/www.mines-stetienne.fr\/panoramines\/wp-content\/uploads\/sites\/3\/2021\/07\/logo-75x75-1.png","contentUrl":"https:\/\/www.mines-stetienne.fr\/panoramines\/wp-content\/uploads\/sites\/3\/2021\/07\/logo-75x75-1.png","caption":"Nathalie"},"url":"https:\/\/www.mines-stetienne.fr\/panoramines\/author\/nathalie\/"}]}},"_links":{"self":[{"href":"https:\/\/www.mines-stetienne.fr\/panoramines\/wp-json\/wp\/v2\/posts\/19303","targetHints":{"allow":["GET"]}}],"collection":[{"href":"https:\/\/www.mines-stetienne.fr\/panoramines\/wp-json\/wp\/v2\/posts"}],"about":[{"href":"https:\/\/www.mines-stetienne.fr\/panoramines\/wp-json\/wp\/v2\/types\/post"}],"author":[{"embeddable":true,"href":"https:\/\/www.mines-stetienne.fr\/panoramines\/wp-json\/wp\/v2\/users\/3"}],"replies":[{"embeddable":true,"href":"https:\/\/www.mines-stetienne.fr\/panoramines\/wp-json\/wp\/v2\/comments?post=19303"}],"version-history":[{"count":7,"href":"https:\/\/www.mines-stetienne.fr\/panoramines\/wp-json\/wp\/v2\/posts\/19303\/revisions"}],"predecessor-version":[{"id":19342,"href":"https:\/\/www.mines-stetienne.fr\/panoramines\/wp-json\/wp\/v2\/posts\/19303\/revisions\/19342"}],"wp:featuredmedia":[{"embeddable":true,"href":"https:\/\/www.mines-stetienne.fr\/panoramines\/wp-json\/wp\/v2\/media\/19339"}],"wp:attachment":[{"href":"https:\/\/www.mines-stetienne.fr\/panoramines\/wp-json\/wp\/v2\/media?parent=19303"}],"wp:term":[{"taxonomy":"category","embeddable":true,"href":"https:\/\/www.mines-stetienne.fr\/panoramines\/wp-json\/wp\/v2\/categories?post=19303"},{"taxonomy":"post_tag","embeddable":true,"href":"https:\/\/www.mines-stetienne.fr\/panoramines\/wp-json\/wp\/v2\/tags?post=19303"}],"curies":[{"name":"wp","href":"https:\/\/api.w.org\/{rel}","templated":true}]}}