{"id":19084,"date":"2019-09-16T08:33:55","date_gmt":"2019-09-16T06:33:55","guid":{"rendered":"https:\/\/www.mines-stetienne.fr\/panoramines\/?p=19084"},"modified":"2019-10-23T12:46:22","modified_gmt":"2019-10-23T10:46:22","slug":"les-evenements-de-rentree-qui-bousculent-les-savoirs","status":"publish","type":"post","link":"https:\/\/www.mines-stetienne.fr\/panoramines\/2019\/09\/16\/les-evenements-de-rentree-qui-bousculent-les-savoirs\/","title":{"rendered":"Les \u00e9v\u00e9nements de rentr\u00e9e vont bousculer les savoirs !"},"content":{"rendered":"\n<h4 class=\"wp-block-heading\">La Nuit des chercheur(e)s 2019 \u00e0 Saint-\u00c9tienne le 27 septembre : la premi\u00e8re \u00e9dition st\u00e9phanoise sera festive, immersive, chaleureuse, et peut-\u00eatre \u00e9toil\u00e9e !<br>\u00ab Raconter la science, imaginer l\u2019avenir \u00bb : 140  animations scientifiques et 4 villages de sciences seront propos\u00e9es lors de la F\u00eate de la science du 4 au 13 octobre. <br>Le village des sciences de Gardanne du 9 au 12 octobre sur le campus GC Provence, lieu multi-\u00e9v\u00e9nements, sera compl\u00e9t\u00e9 par la journ\u00e9e d&rsquo;ouverture du CMP.<\/h4>\n\n\n\n<hr class=\"wp-block-separator\" \/>\n\n\n\n<h3 class=\"wp-block-heading\">La Nuit des chercheurs 2019 \u00e0 Saint-\u00c9tienne le 27 septembre<\/h3>\n\n\n\n<p><strong><em>L&rsquo;\u00e9v\u00e9nement lance la nouvelle saison de La Rotonde et ses&nbsp;20 ans !<\/em><\/strong><br>Gr\u00e2ce \u00e0 la diversit\u00e9 des th\u00e9matiques, cette manifestation vous fera d\u00e9couvrir d\u2019une fa\u00e7on originale les travaux et projets innovants de chercheurs issus des \u00e9tablissements d\u2019enseignement sup\u00e9rieur du territoire.<br>Des s\u00e9ances d\u2019interrogatoire, des portraits robots, une grande exp\u00e9rience participative nationale, une \u00e9mission de radio en direct, un spectacle, des mises en sc\u00e8ne fascinantes\u2026 la soir\u00e9e plac\u00e9e sous le signe du myst\u00e8re et de l\u2019enqu\u00eate se d\u00e9roulera \u00e0 la Grande Usine Cr\u00e9ative (Quartier de la Manufacture de Saint-\u00c9tienne) \u00e0 partir de 18H.<\/p>\n\n\n\n<p style=\"text-align:left\" class=\"has-medium-font-size\"><a rel=\"noopener noreferrer\" href=\"http:\/\/www.larotonde-sciences.com\/cest-au-programme\/nuit-des-chercheurs\/\" target=\"_blank\">&gt;&gt; Tout savoir sur cette premi\u00e8re \u00e9dition st\u00e9phanoise <\/a><\/p>\n\n\n\n<p><em>La Nuit europ\u00e9enne des chercheur.e.s est un \u00e9v\u00e8nement propos\u00e9 par Saint-\u00c9tienne M\u00e9tropole et l\u2019ensemble des \u00e9tablissements d\u2019enseignement sup\u00e9rieur de Saint-\u00c9tienne et soutenu par la Commission Europ\u00e9enne dans le cadre du programme HORIZON 2020. Action Marie Curie Sklodowska n\u00b0817536.<\/em><\/p>\n\n\n\n<hr class=\"wp-block-separator\" \/>\n\n\n\n<h3>F\u00eate de la science 2019 du 4 au 13 octobre Saint-\u00c9tienne &amp; Loire : 28e \u00e9dition<\/h3>\n\n\n\n<p>Le th\u00e8me national choisi cette ann\u00e9e \u00ab Raconter la science, imaginer l\u2019avenir \u00bb couvrira tous les domaines scientifiques autour d&rsquo;une multitude d\u2019initiatives originales propos\u00e9es gratuitement durant 9 jours.<br>80 structures&nbsp; impliqu\u00e9es, 4 villages des sciences organis\u00e9s, pour tous publics et scolaires : rendez-vous est donn\u00e9 du 4 au 13 octobre 2019 pour participer \u00e0 140 manifestations et animations scientifiques dans le d\u00e9partement de la Loire !<\/p>\n\n\n\n<p style=\"text-align:left\" class=\"has-medium-font-size\"><a rel=\"noreferrer noopener\" href=\"http:\/\/www.larotonde-sciences.com\/cest-au-programme\/fete-de-la-sience-2019\/\" target=\"_blank\">&gt;&gt; D\u00e9couvrez ici le programme d\u00e9taill\u00e9<\/a><\/p>\n\n\n\n<p><em> Ces \u00e9v\u00e9nements sont port\u00e9s par le CCSTI La Rotonde en lien avec de nombreuses structures et institutions partenaires<\/em>.<\/p>\n\n\n\n<ul class=\"wp-block-gallery columns-4 is-cropped wp-block-gallery-2 is-layout-flex wp-block-gallery-is-layout-flex\"><li class=\"blocks-gallery-item\"><figure><a href=\"https:\/\/www.mines-stetienne.fr\/panoramines\/wp-content\/uploads\/sites\/3\/2019\/09\/NDC2019.jpg\"><img loading=\"lazy\" decoding=\"async\" width=\"445\" height=\"569\" src=\"https:\/\/www.mines-stetienne.fr\/panoramines\/wp-content\/uploads\/sites\/3\/2019\/09\/NDC2019.jpg\" alt=\"\" data-id=\"19143\" data-link=\"https:\/\/www.mines-stetienne.fr\/panoramines\/2019\/09\/16\/les-evenements-de-rentree-qui-bousculent-les-savoirs\/ndc2019\/\" class=\"wp-image-19143\" srcset=\"https:\/\/www.mines-stetienne.fr\/panoramines\/wp-content\/uploads\/sites\/3\/2019\/09\/NDC2019.jpg 445w, https:\/\/www.mines-stetienne.fr\/panoramines\/wp-content\/uploads\/sites\/3\/2019\/09\/NDC2019-235x300.jpg 235w\" sizes=\"auto, (max-width: 445px) 100vw, 445px\" \/><\/a><\/figure><\/li><li class=\"blocks-gallery-item\"><figure><a href=\"https:\/\/www.mines-stetienne.fr\/panoramines\/wp-content\/uploads\/sites\/3\/2019\/09\/FDSLoire.jpg\"><img loading=\"lazy\" decoding=\"async\" width=\"500\" height=\"707\" src=\"https:\/\/www.mines-stetienne.fr\/panoramines\/wp-content\/uploads\/sites\/3\/2019\/09\/FDSLoire.jpg\" alt=\"\" data-id=\"19142\" data-link=\"https:\/\/www.mines-stetienne.fr\/panoramines\/2019\/09\/16\/les-evenements-de-rentree-qui-bousculent-les-savoirs\/fdsloire\/\" class=\"wp-image-19142\" srcset=\"https:\/\/www.mines-stetienne.fr\/panoramines\/wp-content\/uploads\/sites\/3\/2019\/09\/FDSLoire.jpg 500w, https:\/\/www.mines-stetienne.fr\/panoramines\/wp-content\/uploads\/sites\/3\/2019\/09\/FDSLoire-212x300.jpg 212w\" sizes=\"auto, (max-width: 500px) 100vw, 500px\" \/><\/a><\/figure><\/li><li class=\"blocks-gallery-item\"><figure><a href=\"https:\/\/www.mines-stetienne.fr\/panoramines\/wp-content\/uploads\/sites\/3\/2019\/09\/escapGame.jpg\"><img loading=\"lazy\" decoding=\"async\" width=\"472\" height=\"588\" src=\"https:\/\/www.mines-stetienne.fr\/panoramines\/wp-content\/uploads\/sites\/3\/2019\/09\/escapGame.jpg\" alt=\"\" data-id=\"19140\" data-link=\"https:\/\/www.mines-stetienne.fr\/panoramines\/2019\/09\/16\/les-evenements-de-rentree-qui-bousculent-les-savoirs\/escapgame\/\" class=\"wp-image-19140\" srcset=\"https:\/\/www.mines-stetienne.fr\/panoramines\/wp-content\/uploads\/sites\/3\/2019\/09\/escapGame.jpg 472w, https:\/\/www.mines-stetienne.fr\/panoramines\/wp-content\/uploads\/sites\/3\/2019\/09\/escapGame-241x300.jpg 241w\" sizes=\"auto, (max-width: 472px) 100vw, 472px\" \/><\/a><\/figure><\/li><li class=\"blocks-gallery-item\"><figure><a href=\"https:\/\/www.mines-stetienne.fr\/panoramines\/wp-content\/uploads\/sites\/3\/2019\/09\/FDSGardanne.jpeg\"><img loading=\"lazy\" decoding=\"async\" width=\"468\" height=\"543\" src=\"https:\/\/www.mines-stetienne.fr\/panoramines\/wp-content\/uploads\/sites\/3\/2019\/09\/FDSGardanne.jpeg\" alt=\"\" data-id=\"19141\" data-link=\"https:\/\/www.mines-stetienne.fr\/panoramines\/2019\/09\/16\/les-evenements-de-rentree-qui-bousculent-les-savoirs\/fdsgardanne\/\" class=\"wp-image-19141\" srcset=\"https:\/\/www.mines-stetienne.fr\/panoramines\/wp-content\/uploads\/sites\/3\/2019\/09\/FDSGardanne.jpeg 468w, https:\/\/www.mines-stetienne.fr\/panoramines\/wp-content\/uploads\/sites\/3\/2019\/09\/FDSGardanne-259x300.jpeg 259w\" sizes=\"auto, (max-width: 468px) 100vw, 468px\" \/><\/a><\/figure><\/li><\/ul>\n\n\n\n<h3 class=\"wp-block-heading\">Un village des sciences et une journ\u00e9e portes ouvertes \u00e0 Gardanne<\/h3>\n\n\n\n<p>Ateliers, jeux, expositions, animations&#8230; le programme pour scolaires et grand public s&rsquo;annonce foisonnant. Les associations \u00e9tudiantes <a rel=\"noreferrer noopener\" aria-label=\"IlluMines (opens in a new tab)\" href=\"http:\/\/illu-mines.emse.fr\/\" target=\"_blank\">IlluMines<\/a>, <a rel=\"noreferrer noopener\" aria-label=\"AREM (opens in a new tab)\" href=\"https:\/\/twitter.com\/AREM_CDR\" target=\"_blank\">AREM<\/a> et les \u00e9l\u00e8ves ISMIN seront une nouvelle fois mobilis\u00e9es via leurs passionnantes activit\u00e9s de m\u00e9diation aux c\u00f4t\u00e9s de nombreuses structures et des enseignants-chercheurs du Campus.<br>Le village des sciences proposera <a rel=\"noreferrer noopener\" aria-label=\"4 journ\u00e9es d'animation autour de nombreuses th\u00e9matiques (opens in a new tab)\" href=\"https:\/\/www.fetedelascience.fr\/pid35201\/fiche-evenement.html?identifiant=3828322\" target=\"_blank\">4 journ\u00e9es d&rsquo;animation autour de nombreuses th\u00e9matiques<\/a> du 9 au 12 octobre.<br>Le samedi 12 octobre, la journ\u00e9e Portes ouvertes sur le Campus G. Charpak Provence proposera une d\u00e9couverte grand public des activit\u00e9s et domaines d&rsquo;excellence avec les \u00e9quipes du <a rel=\"noreferrer noopener\" aria-label=\"Centre Micro\u00e9lectronique de Provence (opens in a new tab)\" href=\"https:\/\/www.mines-stetienne.fr\/recherche\/5-centres-de-formation-et-de-recherche\/centre-microelectronique-de-provence\/\" target=\"_blank\">Centre Micro\u00e9lectronique de Provence<\/a>.<\/p>\n\n\n\n<p class=\"has-medium-font-size\">&gt;&gt; <a href=\"http:\/\/www.ville-gardanne.fr\/Fete-de-la-science-raconter-la-science-imaginer-l-avenir\" target=\"_blank\" rel=\"noreferrer noopener\" aria-label=\" (opens in a new tab)\">Retrouvez l&rsquo;ensemble des \u00e9v\u00e9nements<\/a><br>et ici <a rel=\"noreferrer noopener\" aria-label=\"le programme \u00e0 t\u00e9l\u00e9charger (opens in a new tab)\" href=\"https:\/\/www.mines-stetienne.fr\/panoramines\/wp-content\/uploads\/sites\/3\/2019\/09\/PresentationFDS2019-Gardanne.pdf\" target=\"_blank\">le programme \u00e0 t\u00e9l\u00e9charger<\/a> <\/p>\n\n\n\n<hr class=\"wp-block-separator\" \/>\n\n\n\n<p>https:\/\/www.facebook.com\/RotondeSciences\/videos\/426700138190880\/<\/p>\n<p>&nbsp;<\/p>\n","protected":false},"excerpt":{"rendered":"<p>La Nuit des chercheur(e)s 2019 \u00e0 Saint-\u00c9tienne le 27 septembre : la premi\u00e8re \u00e9dition st\u00e9phanoise sera festive, immersive, chaleureuse, et peut-\u00eatre \u00e9toil\u00e9e !\u00ab Raconter la science, imaginer l\u2019avenir \u00bb : 140 animations scientifiques et 4 villages de sciences seront propos\u00e9es &hellip;<\/p>\n","protected":false},"author":3,"featured_media":19098,"comment_status":"closed","ping_status":"open","sticky":false,"template":"","format":"standard","meta":{"_relevanssi_hide_post":"","_relevanssi_hide_content":"","_relevanssi_pin_for_all":"","_relevanssi_pin_keywords":"","_relevanssi_unpin_keywords":"","_relevanssi_related_keywords":"","_relevanssi_related_include_ids":"","_relevanssi_related_exclude_ids":"","_relevanssi_related_no_append":"","_relevanssi_related_not_related":"","_relevanssi_related_posts":"","_relevanssi_noindex_reason":"","footnotes":""},"categories":[10],"tags":[176,177,606,132],"class_list":["post-19084","post","type-post","status-publish","format-standard","has-post-thumbnail","hentry","category-culture-scientifique","tag-fete-de-la-science","tag-loire","tag-nuit-des-chercheurs","tag-saint-etienne"],"pp_statuses_selecting_workflow":false,"pp_workflow_action":"current","pp_status_selection":"publish","pp_force_visibility":null,"pp_subpost_visibility":null,"pp_inherited_force_visibility":null,"pp_inherited_subpost_visibility":null,"yoast_head":"<!-- This site is optimized with the Yoast SEO plugin v27.5 - https:\/\/yoast.com\/product\/yoast-seo-wordpress\/ -->\n<title>Les \u00e9v\u00e9nements de rentr\u00e9e vont bousculer les savoirs ! - Panoramines<\/title>\n<meta name=\"robots\" content=\"index, follow, max-snippet:-1, max-image-preview:large, max-video-preview:-1\" \/>\n<link rel=\"canonical\" href=\"https:\/\/www.mines-stetienne.fr\/panoramines\/2019\/09\/16\/les-evenements-de-rentree-qui-bousculent-les-savoirs\/\" \/>\n<meta property=\"og:locale\" content=\"fr_FR\" \/>\n<meta property=\"og:type\" content=\"article\" \/>\n<meta property=\"og:title\" content=\"Les \u00e9v\u00e9nements de rentr\u00e9e vont bousculer les savoirs ! - Panoramines\" \/>\n<meta property=\"og:description\" content=\"La Nuit des chercheur(e)s 2019 \u00e0 Saint-\u00c9tienne le 27 septembre : la premi\u00e8re \u00e9dition st\u00e9phanoise sera festive, immersive, chaleureuse, et peut-\u00eatre \u00e9toil\u00e9e !\u00ab Raconter la science, imaginer l\u2019avenir \u00bb : 140 animations scientifiques et 4 villages de sciences seront propos\u00e9es &hellip;\" \/>\n<meta property=\"og:url\" content=\"https:\/\/www.mines-stetienne.fr\/panoramines\/2019\/09\/16\/les-evenements-de-rentree-qui-bousculent-les-savoirs\/\" \/>\n<meta property=\"og:site_name\" content=\"Panoramines\" \/>\n<meta property=\"article:published_time\" content=\"2019-09-16T06:33:55+00:00\" \/>\n<meta property=\"article:modified_time\" content=\"2019-10-23T10:46:22+00:00\" \/>\n<meta property=\"og:image\" content=\"https:\/\/www.mines-stetienne.fr\/panoramines\/wp-content\/uploads\/sites\/3\/2019\/09\/UneCsti.jpg\" \/>\n\t<meta property=\"og:image:width\" content=\"706\" \/>\n\t<meta property=\"og:image:height\" content=\"400\" \/>\n\t<meta property=\"og:image:type\" content=\"image\/jpeg\" \/>\n<meta name=\"author\" content=\"Nathalie\" \/>\n<meta name=\"twitter:card\" content=\"summary_large_image\" \/>\n<meta name=\"twitter:label1\" content=\"\u00c9crit par\" \/>\n\t<meta name=\"twitter:data1\" content=\" Nathalie\" \/>\n\t<meta name=\"twitter:label2\" content=\"Dur\u00e9e de lecture estim\u00e9e\" \/>\n\t<meta name=\"twitter:data2\" content=\"2 minutes\" \/>\n<script type=\"application\/ld+json\" class=\"yoast-schema-graph\">{\"@context\":\"https:\\\/\\\/schema.org\",\"@graph\":[{\"@type\":\"Article\",\"@id\":\"https:\\\/\\\/www.mines-stetienne.fr\\\/panoramines\\\/2019\\\/09\\\/16\\\/les-evenements-de-rentree-qui-bousculent-les-savoirs\\\/#article\",\"isPartOf\":{\"@id\":\"https:\\\/\\\/www.mines-stetienne.fr\\\/panoramines\\\/2019\\\/09\\\/16\\\/les-evenements-de-rentree-qui-bousculent-les-savoirs\\\/\"},\"author\":{\"name\":\"Nathalie\",\"@id\":\"https:\\\/\\\/www.mines-stetienne.fr\\\/panoramines\\\/#\\\/schema\\\/person\\\/95e752e6dedac604ce4535123e0f8df7\"},\"headline\":\"Les \u00e9v\u00e9nements de rentr\u00e9e vont bousculer les savoirs !\",\"datePublished\":\"2019-09-16T06:33:55+00:00\",\"dateModified\":\"2019-10-23T10:46:22+00:00\",\"mainEntityOfPage\":{\"@id\":\"https:\\\/\\\/www.mines-stetienne.fr\\\/panoramines\\\/2019\\\/09\\\/16\\\/les-evenements-de-rentree-qui-bousculent-les-savoirs\\\/\"},\"wordCount\":504,\"image\":{\"@id\":\"https:\\\/\\\/www.mines-stetienne.fr\\\/panoramines\\\/2019\\\/09\\\/16\\\/les-evenements-de-rentree-qui-bousculent-les-savoirs\\\/#primaryimage\"},\"thumbnailUrl\":\"https:\\\/\\\/www.mines-stetienne.fr\\\/panoramines\\\/wp-content\\\/uploads\\\/sites\\\/3\\\/2019\\\/09\\\/UneCsti.jpg\",\"keywords\":[\"F\u00eate de la science\",\"Loire\",\"Nuit des chercheurs\",\"Saint-\u00c9tienne\"],\"articleSection\":[\"Culture scientifique\"],\"inLanguage\":\"fr-FR\"},{\"@type\":\"WebPage\",\"@id\":\"https:\\\/\\\/www.mines-stetienne.fr\\\/panoramines\\\/2019\\\/09\\\/16\\\/les-evenements-de-rentree-qui-bousculent-les-savoirs\\\/\",\"url\":\"https:\\\/\\\/www.mines-stetienne.fr\\\/panoramines\\\/2019\\\/09\\\/16\\\/les-evenements-de-rentree-qui-bousculent-les-savoirs\\\/\",\"name\":\"Les \u00e9v\u00e9nements de rentr\u00e9e vont bousculer les savoirs ! - Panoramines\",\"isPartOf\":{\"@id\":\"https:\\\/\\\/www.mines-stetienne.fr\\\/panoramines\\\/#website\"},\"primaryImageOfPage\":{\"@id\":\"https:\\\/\\\/www.mines-stetienne.fr\\\/panoramines\\\/2019\\\/09\\\/16\\\/les-evenements-de-rentree-qui-bousculent-les-savoirs\\\/#primaryimage\"},\"image\":{\"@id\":\"https:\\\/\\\/www.mines-stetienne.fr\\\/panoramines\\\/2019\\\/09\\\/16\\\/les-evenements-de-rentree-qui-bousculent-les-savoirs\\\/#primaryimage\"},\"thumbnailUrl\":\"https:\\\/\\\/www.mines-stetienne.fr\\\/panoramines\\\/wp-content\\\/uploads\\\/sites\\\/3\\\/2019\\\/09\\\/UneCsti.jpg\",\"datePublished\":\"2019-09-16T06:33:55+00:00\",\"dateModified\":\"2019-10-23T10:46:22+00:00\",\"author\":{\"@id\":\"https:\\\/\\\/www.mines-stetienne.fr\\\/panoramines\\\/#\\\/schema\\\/person\\\/95e752e6dedac604ce4535123e0f8df7\"},\"breadcrumb\":{\"@id\":\"https:\\\/\\\/www.mines-stetienne.fr\\\/panoramines\\\/2019\\\/09\\\/16\\\/les-evenements-de-rentree-qui-bousculent-les-savoirs\\\/#breadcrumb\"},\"inLanguage\":\"fr-FR\",\"potentialAction\":[{\"@type\":\"ReadAction\",\"target\":[\"https:\\\/\\\/www.mines-stetienne.fr\\\/panoramines\\\/2019\\\/09\\\/16\\\/les-evenements-de-rentree-qui-bousculent-les-savoirs\\\/\"]}]},{\"@type\":\"ImageObject\",\"inLanguage\":\"fr-FR\",\"@id\":\"https:\\\/\\\/www.mines-stetienne.fr\\\/panoramines\\\/2019\\\/09\\\/16\\\/les-evenements-de-rentree-qui-bousculent-les-savoirs\\\/#primaryimage\",\"url\":\"https:\\\/\\\/www.mines-stetienne.fr\\\/panoramines\\\/wp-content\\\/uploads\\\/sites\\\/3\\\/2019\\\/09\\\/UneCsti.jpg\",\"contentUrl\":\"https:\\\/\\\/www.mines-stetienne.fr\\\/panoramines\\\/wp-content\\\/uploads\\\/sites\\\/3\\\/2019\\\/09\\\/UneCsti.jpg\",\"width\":706,\"height\":400},{\"@type\":\"BreadcrumbList\",\"@id\":\"https:\\\/\\\/www.mines-stetienne.fr\\\/panoramines\\\/2019\\\/09\\\/16\\\/les-evenements-de-rentree-qui-bousculent-les-savoirs\\\/#breadcrumb\",\"itemListElement\":[{\"@type\":\"ListItem\",\"position\":1,\"name\":\"Accueil\",\"item\":\"https:\\\/\\\/www.mines-stetienne.fr\\\/panoramines\\\/\"},{\"@type\":\"ListItem\",\"position\":2,\"name\":\"Les \u00e9v\u00e9nements de rentr\u00e9e vont bousculer les savoirs !\"}]},{\"@type\":\"WebSite\",\"@id\":\"https:\\\/\\\/www.mines-stetienne.fr\\\/panoramines\\\/#website\",\"url\":\"https:\\\/\\\/www.mines-stetienne.fr\\\/panoramines\\\/\",\"name\":\"Panoramines\",\"description\":\"Panoramines, l\u2019actualit\u00e9 de MINES Saint-\u00c9tienne\",\"potentialAction\":[{\"@type\":\"SearchAction\",\"target\":{\"@type\":\"EntryPoint\",\"urlTemplate\":\"https:\\\/\\\/www.mines-stetienne.fr\\\/panoramines\\\/?s={search_term_string}\"},\"query-input\":{\"@type\":\"PropertyValueSpecification\",\"valueRequired\":true,\"valueName\":\"search_term_string\"}}],\"inLanguage\":\"fr-FR\"},{\"@type\":\"Person\",\"@id\":\"https:\\\/\\\/www.mines-stetienne.fr\\\/panoramines\\\/#\\\/schema\\\/person\\\/95e752e6dedac604ce4535123e0f8df7\",\"name\":\"Nathalie\",\"image\":{\"@type\":\"ImageObject\",\"inLanguage\":\"fr-FR\",\"@id\":\"https:\\\/\\\/www.mines-stetienne.fr\\\/panoramines\\\/wp-content\\\/uploads\\\/sites\\\/3\\\/2021\\\/07\\\/logo-75x75-1.png\",\"url\":\"https:\\\/\\\/www.mines-stetienne.fr\\\/panoramines\\\/wp-content\\\/uploads\\\/sites\\\/3\\\/2021\\\/07\\\/logo-75x75-1.png\",\"contentUrl\":\"https:\\\/\\\/www.mines-stetienne.fr\\\/panoramines\\\/wp-content\\\/uploads\\\/sites\\\/3\\\/2021\\\/07\\\/logo-75x75-1.png\",\"caption\":\"Nathalie\"},\"url\":\"https:\\\/\\\/www.mines-stetienne.fr\\\/panoramines\\\/author\\\/nathalie\\\/\"}]}<\/script>\n<!-- \/ Yoast SEO plugin. -->","yoast_head_json":{"title":"Les \u00e9v\u00e9nements de rentr\u00e9e vont bousculer les savoirs ! - Panoramines","robots":{"index":"index","follow":"follow","max-snippet":"max-snippet:-1","max-image-preview":"max-image-preview:large","max-video-preview":"max-video-preview:-1"},"canonical":"https:\/\/www.mines-stetienne.fr\/panoramines\/2019\/09\/16\/les-evenements-de-rentree-qui-bousculent-les-savoirs\/","og_locale":"fr_FR","og_type":"article","og_title":"Les \u00e9v\u00e9nements de rentr\u00e9e vont bousculer les savoirs ! - Panoramines","og_description":"La Nuit des chercheur(e)s 2019 \u00e0 Saint-\u00c9tienne le 27 septembre : la premi\u00e8re \u00e9dition st\u00e9phanoise sera festive, immersive, chaleureuse, et peut-\u00eatre \u00e9toil\u00e9e !\u00ab Raconter la science, imaginer l\u2019avenir \u00bb : 140 animations scientifiques et 4 villages de sciences seront propos\u00e9es &hellip;","og_url":"https:\/\/www.mines-stetienne.fr\/panoramines\/2019\/09\/16\/les-evenements-de-rentree-qui-bousculent-les-savoirs\/","og_site_name":"Panoramines","article_published_time":"2019-09-16T06:33:55+00:00","article_modified_time":"2019-10-23T10:46:22+00:00","og_image":[{"width":706,"height":400,"url":"https:\/\/www.mines-stetienne.fr\/panoramines\/wp-content\/uploads\/sites\/3\/2019\/09\/UneCsti.jpg","type":"image\/jpeg"}],"author":"Nathalie","twitter_card":"summary_large_image","twitter_misc":{"\u00c9crit par":" Nathalie","Dur\u00e9e de lecture estim\u00e9e":"2 minutes"},"schema":{"@context":"https:\/\/schema.org","@graph":[{"@type":"Article","@id":"https:\/\/www.mines-stetienne.fr\/panoramines\/2019\/09\/16\/les-evenements-de-rentree-qui-bousculent-les-savoirs\/#article","isPartOf":{"@id":"https:\/\/www.mines-stetienne.fr\/panoramines\/2019\/09\/16\/les-evenements-de-rentree-qui-bousculent-les-savoirs\/"},"author":{"name":"Nathalie","@id":"https:\/\/www.mines-stetienne.fr\/panoramines\/#\/schema\/person\/95e752e6dedac604ce4535123e0f8df7"},"headline":"Les \u00e9v\u00e9nements de rentr\u00e9e vont bousculer les savoirs !","datePublished":"2019-09-16T06:33:55+00:00","dateModified":"2019-10-23T10:46:22+00:00","mainEntityOfPage":{"@id":"https:\/\/www.mines-stetienne.fr\/panoramines\/2019\/09\/16\/les-evenements-de-rentree-qui-bousculent-les-savoirs\/"},"wordCount":504,"image":{"@id":"https:\/\/www.mines-stetienne.fr\/panoramines\/2019\/09\/16\/les-evenements-de-rentree-qui-bousculent-les-savoirs\/#primaryimage"},"thumbnailUrl":"https:\/\/www.mines-stetienne.fr\/panoramines\/wp-content\/uploads\/sites\/3\/2019\/09\/UneCsti.jpg","keywords":["F\u00eate de la science","Loire","Nuit des chercheurs","Saint-\u00c9tienne"],"articleSection":["Culture scientifique"],"inLanguage":"fr-FR"},{"@type":"WebPage","@id":"https:\/\/www.mines-stetienne.fr\/panoramines\/2019\/09\/16\/les-evenements-de-rentree-qui-bousculent-les-savoirs\/","url":"https:\/\/www.mines-stetienne.fr\/panoramines\/2019\/09\/16\/les-evenements-de-rentree-qui-bousculent-les-savoirs\/","name":"Les \u00e9v\u00e9nements de rentr\u00e9e vont bousculer les savoirs ! - Panoramines","isPartOf":{"@id":"https:\/\/www.mines-stetienne.fr\/panoramines\/#website"},"primaryImageOfPage":{"@id":"https:\/\/www.mines-stetienne.fr\/panoramines\/2019\/09\/16\/les-evenements-de-rentree-qui-bousculent-les-savoirs\/#primaryimage"},"image":{"@id":"https:\/\/www.mines-stetienne.fr\/panoramines\/2019\/09\/16\/les-evenements-de-rentree-qui-bousculent-les-savoirs\/#primaryimage"},"thumbnailUrl":"https:\/\/www.mines-stetienne.fr\/panoramines\/wp-content\/uploads\/sites\/3\/2019\/09\/UneCsti.jpg","datePublished":"2019-09-16T06:33:55+00:00","dateModified":"2019-10-23T10:46:22+00:00","author":{"@id":"https:\/\/www.mines-stetienne.fr\/panoramines\/#\/schema\/person\/95e752e6dedac604ce4535123e0f8df7"},"breadcrumb":{"@id":"https:\/\/www.mines-stetienne.fr\/panoramines\/2019\/09\/16\/les-evenements-de-rentree-qui-bousculent-les-savoirs\/#breadcrumb"},"inLanguage":"fr-FR","potentialAction":[{"@type":"ReadAction","target":["https:\/\/www.mines-stetienne.fr\/panoramines\/2019\/09\/16\/les-evenements-de-rentree-qui-bousculent-les-savoirs\/"]}]},{"@type":"ImageObject","inLanguage":"fr-FR","@id":"https:\/\/www.mines-stetienne.fr\/panoramines\/2019\/09\/16\/les-evenements-de-rentree-qui-bousculent-les-savoirs\/#primaryimage","url":"https:\/\/www.mines-stetienne.fr\/panoramines\/wp-content\/uploads\/sites\/3\/2019\/09\/UneCsti.jpg","contentUrl":"https:\/\/www.mines-stetienne.fr\/panoramines\/wp-content\/uploads\/sites\/3\/2019\/09\/UneCsti.jpg","width":706,"height":400},{"@type":"BreadcrumbList","@id":"https:\/\/www.mines-stetienne.fr\/panoramines\/2019\/09\/16\/les-evenements-de-rentree-qui-bousculent-les-savoirs\/#breadcrumb","itemListElement":[{"@type":"ListItem","position":1,"name":"Accueil","item":"https:\/\/www.mines-stetienne.fr\/panoramines\/"},{"@type":"ListItem","position":2,"name":"Les \u00e9v\u00e9nements de rentr\u00e9e vont bousculer les savoirs !"}]},{"@type":"WebSite","@id":"https:\/\/www.mines-stetienne.fr\/panoramines\/#website","url":"https:\/\/www.mines-stetienne.fr\/panoramines\/","name":"Panoramines","description":"Panoramines, l\u2019actualit\u00e9 de MINES Saint-\u00c9tienne","potentialAction":[{"@type":"SearchAction","target":{"@type":"EntryPoint","urlTemplate":"https:\/\/www.mines-stetienne.fr\/panoramines\/?s={search_term_string}"},"query-input":{"@type":"PropertyValueSpecification","valueRequired":true,"valueName":"search_term_string"}}],"inLanguage":"fr-FR"},{"@type":"Person","@id":"https:\/\/www.mines-stetienne.fr\/panoramines\/#\/schema\/person\/95e752e6dedac604ce4535123e0f8df7","name":"Nathalie","image":{"@type":"ImageObject","inLanguage":"fr-FR","@id":"https:\/\/www.mines-stetienne.fr\/panoramines\/wp-content\/uploads\/sites\/3\/2021\/07\/logo-75x75-1.png","url":"https:\/\/www.mines-stetienne.fr\/panoramines\/wp-content\/uploads\/sites\/3\/2021\/07\/logo-75x75-1.png","contentUrl":"https:\/\/www.mines-stetienne.fr\/panoramines\/wp-content\/uploads\/sites\/3\/2021\/07\/logo-75x75-1.png","caption":"Nathalie"},"url":"https:\/\/www.mines-stetienne.fr\/panoramines\/author\/nathalie\/"}]}},"_links":{"self":[{"href":"https:\/\/www.mines-stetienne.fr\/panoramines\/wp-json\/wp\/v2\/posts\/19084","targetHints":{"allow":["GET"]}}],"collection":[{"href":"https:\/\/www.mines-stetienne.fr\/panoramines\/wp-json\/wp\/v2\/posts"}],"about":[{"href":"https:\/\/www.mines-stetienne.fr\/panoramines\/wp-json\/wp\/v2\/types\/post"}],"author":[{"embeddable":true,"href":"https:\/\/www.mines-stetienne.fr\/panoramines\/wp-json\/wp\/v2\/users\/3"}],"replies":[{"embeddable":true,"href":"https:\/\/www.mines-stetienne.fr\/panoramines\/wp-json\/wp\/v2\/comments?post=19084"}],"version-history":[{"count":22,"href":"https:\/\/www.mines-stetienne.fr\/panoramines\/wp-json\/wp\/v2\/posts\/19084\/revisions"}],"predecessor-version":[{"id":19704,"href":"https:\/\/www.mines-stetienne.fr\/panoramines\/wp-json\/wp\/v2\/posts\/19084\/revisions\/19704"}],"wp:featuredmedia":[{"embeddable":true,"href":"https:\/\/www.mines-stetienne.fr\/panoramines\/wp-json\/wp\/v2\/media\/19098"}],"wp:attachment":[{"href":"https:\/\/www.mines-stetienne.fr\/panoramines\/wp-json\/wp\/v2\/media?parent=19084"}],"wp:term":[{"taxonomy":"category","embeddable":true,"href":"https:\/\/www.mines-stetienne.fr\/panoramines\/wp-json\/wp\/v2\/categories?post=19084"},{"taxonomy":"post_tag","embeddable":true,"href":"https:\/\/www.mines-stetienne.fr\/panoramines\/wp-json\/wp\/v2\/tags?post=19084"}],"curies":[{"name":"wp","href":"https:\/\/api.w.org\/{rel}","templated":true}]}}