{"id":18913,"date":"2019-09-04T12:34:27","date_gmt":"2019-09-04T10:34:27","guid":{"rendered":"https:\/\/www.mines-stetienne.fr\/panoramines\/?p=18913"},"modified":"2019-09-06T12:49:10","modified_gmt":"2019-09-06T10:49:10","slug":"rentree-de-limt","status":"publish","type":"post","link":"https:\/\/www.mines-stetienne.fr\/panoramines\/2019\/09\/04\/rentree-de-limt\/","title":{"rendered":"Rentr\u00e9e de l&rsquo;IMT"},"content":{"rendered":"\n<h4 class=\"wp-block-heading\">Odile Gauthier, nouvelle directrice g\u00e9n\u00e9rale de l&rsquo;IMT, a pris ses fonctions le 2 septembre 2019.<br>Le prochain d\u00eener de collecte de la Fondation Mines-T\u00e9l\u00e9com aura lieu le 9 octobre : Jean-Louis \u00c9tienne en est l&rsquo;invit\u00e9 d&rsquo;honneur.<br>Campagne d\u00e9di\u00e9e aux \u00e9tudiants : une vid\u00e9o r\u00e9alis\u00e9e par la Fondation pour soutenir les projets des \u00e9tudiants des \u00e9cole de l&rsquo;IMT.<\/h4>\n\n\n\n<hr class=\"wp-block-separator\" \/>\n\n\n\n<h4 class=\"wp-block-heading\">Odile Gauthier, nouvelle directrice g\u00e9n\u00e9rale de l&rsquo;IMT<\/h4>\n\n\n\n<p>Nomm\u00e9e par d\u00e9cret du\u00a08 ao\u00fbt 2019<strong>\u00a0<\/strong>du Pr\u00e9sident de la R\u00e9publique, <strong>Odile Gauthier<\/strong>, auparavant Directrice du Conservatoire du littoral, devient Directrice g\u00e9n\u00e9rale de l\u2019<a rel=\"noreferrer noopener\" aria-label=\"Institut Mines-T\u00e9l\u00e9com (opens in a new tab)\" href=\"https:\/\/www.imt.fr\/\" target=\"_blank\">Institut Mines-T\u00e9l\u00e9com<\/a> pour une dur\u00e9e de cinq ans. Elle succ\u00e8de \u00e0 ce poste \u00e0 Philippe Jamet et a pris officiellement ses fonctions le\u00a02 septembre 2019. <strong>Odile Gauthier<\/strong> a \u00e9t\u00e9 nomm\u00e9e sur proposition du Minist\u00e8re de l&rsquo;\u00c9conomie et des Finances, apr\u00e8s avis favorable du Conseil d&rsquo;administration de l\u2019IMT et \u00e0 la suite d\u2019un appel \u00e0 candidature.<br><a rel=\"noreferrer noopener\" aria-label=\"&gt; En lire plus (opens in a new tab)\" href=\"https:\/\/www.imt.fr\/odile-gauthier-nouvelle-directrice-generale-imt\/\" target=\"_blank\">&gt; En lire plus<\/a><\/p>\n\n\n\n<hr class=\"wp-block-separator\" \/>\n\n\n\n<h4 class=\"wp-block-heading\">Participez au d\u00eener de collecte avec Jean-Louis \u00c9tienne !<\/h4>\n\n\n\n<p><strong>Jean-Louis \u00c9tienne<\/strong>, l\u2019explorateur des p\u00f4les, sera l\u2019invit\u00e9 d\u2019honneur du 8e d\u00eener annuel de collecte de la <a href=\"https:\/\/www.imt.fr\/imt\/les-fondations-et-fonds-de-dotation\/fondation-mines-telecom\/\">Fondation Mines-T\u00e9l\u00e9com<\/a>, destin\u00e9 \u00e0 soutenir, gr\u00e2ce aux dons, la diversit\u00e9\u00a0sociale dans les \u00e9coles de l&rsquo;IMT. Les alumni ICM ISMIN et amis de la Fondation sont attendus le <strong>9 octobre<\/strong> \u00e0 l\u2019A\u00e9ro-Club de France pour cette soir\u00e9e d\u2019exception !<br>&gt; <a href=\"https:\/\/www.fondation-mines-telecom.org\/news\/rendez-vous-au-8e-diner-de-collecte-de-la-fondation-mines-telecom\/?fbclid=IwAR0vTFJwM9bxWeyxOav6Yh3f6kO7rrlRiHz3tesbIyKy9ytNixLLeRGNYv8\">Retrouvez ici le programme et le lien d&rsquo;inscriptions<\/a> <\/p>\n\n\n\n<hr class=\"wp-block-separator\" \/>\n\n\n\n<h4 class=\"wp-block-heading\">Soutien aux \u00e9tudiants tout au long de leur parcours<\/h4>\n\n\n\n<p><em><strong>\u00ab\u00a0<a rel=\"noreferrer noopener\" aria-label=\"Savais-tu qu'\u00e0 Mines Saint-\u00c9tienne, une Fondation t'accompagne dans des projets tout au long de ton parcours ? (opens in a new tab)\" href=\"https:\/\/www.youtube.com\/watch?v=aLNhfCZTsL8&amp;feature=youtu.be\" target=\"_blank\">Savais-tu qu&rsquo;\u00e0 Mines Saint-\u00c9tienne, une Fondation t&rsquo;accompagne dans des projets tout au long de ton parcours ?<\/a><\/strong><\/em>\u00a0\u00bb une vid\u00e9o de rentr\u00e9e r\u00e9alis\u00e9e \u00e0 l&rsquo;attention des \u00e9tudiants (\u00e9l\u00e8ves-ing\u00e9nieurs, doctorants, apprentis des \u00e9coles de l&rsquo;IMT) par <a rel=\"noreferrer noopener\" aria-label=\"la Fondation Mines-T\u00e9l\u00e9com (opens in a new tab)\" href=\"https:\/\/www.imt.fr\/imt\/les-fondations-et-fonds-de-dotation\/fondation-mines-telecom\/\" target=\"_blank\">la Fondation Mines-T\u00e9l\u00e9com<\/a> : aides financi\u00e8res, bourses de mobilit\u00e9, pr\u00eats d&rsquo;honneur, financements de th\u00e8se, prix&#8230;<br>&gt;<a rel=\"noreferrer noopener\" aria-label=\" \u00e0 voir ou revoir ici (opens in a new tab)\" href=\"https:\/\/www.youtube.com\/watch?v=aLNhfCZTsL8&amp;feature=youtu.be\" target=\"_blank\"> \u00e0 voir ou revoir ici<\/a><\/p>\n\n\n\n<hr class=\"wp-block-separator\" \/>\n","protected":false},"excerpt":{"rendered":"<p>Odile Gauthier, nouvelle directrice g\u00e9n\u00e9rale de l&rsquo;IMT, a pris ses fonctions le 2 septembre 2019.Le prochain d\u00eener de collecte de la Fondation Mines-T\u00e9l\u00e9com aura lieu le 9 octobre : Jean-Louis \u00c9tienne en est l&rsquo;invit\u00e9 d&rsquo;honneur.Campagne d\u00e9di\u00e9e aux \u00e9tudiants : une &hellip;<\/p>\n","protected":false},"author":3,"featured_media":18917,"comment_status":"closed","ping_status":"open","sticky":false,"template":"","format":"standard","meta":{"_relevanssi_hide_post":"","_relevanssi_hide_content":"","_relevanssi_pin_for_all":"","_relevanssi_pin_keywords":"","_relevanssi_unpin_keywords":"","_relevanssi_related_keywords":"","_relevanssi_related_include_ids":"","_relevanssi_related_exclude_ids":"","_relevanssi_related_no_append":"","_relevanssi_related_not_related":"","_relevanssi_related_posts":"","_relevanssi_noindex_reason":"","footnotes":""},"categories":[11],"tags":[164,399,37,97,42],"class_list":["post-18913","post","type-post","status-publish","format-standard","has-post-thumbnail","hentry","category-vie-de-l-ecole","tag-alumni","tag-fondation-mt","tag-icm","tag-imt","tag-ismin"],"pp_statuses_selecting_workflow":false,"pp_workflow_action":"current","pp_status_selection":"publish","pp_force_visibility":null,"pp_subpost_visibility":null,"pp_inherited_force_visibility":null,"pp_inherited_subpost_visibility":null,"yoast_head":"<!-- This site is optimized with the Yoast SEO plugin v27.5 - https:\/\/yoast.com\/product\/yoast-seo-wordpress\/ -->\n<title>Rentr\u00e9e de l&#039;IMT - Panoramines<\/title>\n<meta name=\"robots\" content=\"index, follow, max-snippet:-1, max-image-preview:large, max-video-preview:-1\" \/>\n<link rel=\"canonical\" href=\"https:\/\/www.mines-stetienne.fr\/panoramines\/2019\/09\/04\/rentree-de-limt\/\" \/>\n<meta property=\"og:locale\" content=\"fr_FR\" \/>\n<meta property=\"og:type\" content=\"article\" \/>\n<meta property=\"og:title\" content=\"Rentr\u00e9e de l&#039;IMT - Panoramines\" \/>\n<meta property=\"og:description\" content=\"Odile Gauthier, nouvelle directrice g\u00e9n\u00e9rale de l&rsquo;IMT, a pris ses fonctions le 2 septembre 2019.Le prochain d\u00eener de collecte de la Fondation Mines-T\u00e9l\u00e9com aura lieu le 9 octobre : Jean-Louis \u00c9tienne en est l&rsquo;invit\u00e9 d&rsquo;honneur.Campagne d\u00e9di\u00e9e aux \u00e9tudiants : une &hellip;\" \/>\n<meta property=\"og:url\" content=\"https:\/\/www.mines-stetienne.fr\/panoramines\/2019\/09\/04\/rentree-de-limt\/\" \/>\n<meta property=\"og:site_name\" content=\"Panoramines\" \/>\n<meta property=\"article:published_time\" content=\"2019-09-04T10:34:27+00:00\" \/>\n<meta property=\"article:modified_time\" content=\"2019-09-06T10:49:10+00:00\" \/>\n<meta property=\"og:image\" content=\"https:\/\/www.mines-stetienne.fr\/panoramines\/wp-content\/uploads\/sites\/3\/2019\/09\/UneCorporate.jpg\" \/>\n\t<meta property=\"og:image:width\" content=\"700\" \/>\n\t<meta property=\"og:image:height\" content=\"237\" \/>\n\t<meta property=\"og:image:type\" content=\"image\/jpeg\" \/>\n<meta name=\"author\" content=\"Nathalie\" \/>\n<meta name=\"twitter:card\" content=\"summary_large_image\" \/>\n<meta name=\"twitter:label1\" content=\"\u00c9crit par\" \/>\n\t<meta name=\"twitter:data1\" content=\" Nathalie\" \/>\n\t<meta name=\"twitter:label2\" content=\"Dur\u00e9e de lecture estim\u00e9e\" \/>\n\t<meta name=\"twitter:data2\" content=\"2 minutes\" \/>\n<script type=\"application\/ld+json\" class=\"yoast-schema-graph\">{\"@context\":\"https:\\\/\\\/schema.org\",\"@graph\":[{\"@type\":\"Article\",\"@id\":\"https:\\\/\\\/www.mines-stetienne.fr\\\/panoramines\\\/2019\\\/09\\\/04\\\/rentree-de-limt\\\/#article\",\"isPartOf\":{\"@id\":\"https:\\\/\\\/www.mines-stetienne.fr\\\/panoramines\\\/2019\\\/09\\\/04\\\/rentree-de-limt\\\/\"},\"author\":{\"name\":\"Nathalie\",\"@id\":\"https:\\\/\\\/www.mines-stetienne.fr\\\/panoramines\\\/#\\\/schema\\\/person\\\/95e752e6dedac604ce4535123e0f8df7\"},\"headline\":\"Rentr\u00e9e de l&rsquo;IMT\",\"datePublished\":\"2019-09-04T10:34:27+00:00\",\"dateModified\":\"2019-09-06T10:49:10+00:00\",\"mainEntityOfPage\":{\"@id\":\"https:\\\/\\\/www.mines-stetienne.fr\\\/panoramines\\\/2019\\\/09\\\/04\\\/rentree-de-limt\\\/\"},\"wordCount\":322,\"image\":{\"@id\":\"https:\\\/\\\/www.mines-stetienne.fr\\\/panoramines\\\/2019\\\/09\\\/04\\\/rentree-de-limt\\\/#primaryimage\"},\"thumbnailUrl\":\"https:\\\/\\\/www.mines-stetienne.fr\\\/panoramines\\\/wp-content\\\/uploads\\\/sites\\\/3\\\/2019\\\/09\\\/UneCorporate.jpg\",\"keywords\":[\"Alumni\",\"Fondation MT\",\"ICM\",\"IMT\",\"ISMIN\"],\"articleSection\":[\"Vie de l'\u00c9cole\"],\"inLanguage\":\"fr-FR\"},{\"@type\":\"WebPage\",\"@id\":\"https:\\\/\\\/www.mines-stetienne.fr\\\/panoramines\\\/2019\\\/09\\\/04\\\/rentree-de-limt\\\/\",\"url\":\"https:\\\/\\\/www.mines-stetienne.fr\\\/panoramines\\\/2019\\\/09\\\/04\\\/rentree-de-limt\\\/\",\"name\":\"Rentr\u00e9e de l'IMT - Panoramines\",\"isPartOf\":{\"@id\":\"https:\\\/\\\/www.mines-stetienne.fr\\\/panoramines\\\/#website\"},\"primaryImageOfPage\":{\"@id\":\"https:\\\/\\\/www.mines-stetienne.fr\\\/panoramines\\\/2019\\\/09\\\/04\\\/rentree-de-limt\\\/#primaryimage\"},\"image\":{\"@id\":\"https:\\\/\\\/www.mines-stetienne.fr\\\/panoramines\\\/2019\\\/09\\\/04\\\/rentree-de-limt\\\/#primaryimage\"},\"thumbnailUrl\":\"https:\\\/\\\/www.mines-stetienne.fr\\\/panoramines\\\/wp-content\\\/uploads\\\/sites\\\/3\\\/2019\\\/09\\\/UneCorporate.jpg\",\"datePublished\":\"2019-09-04T10:34:27+00:00\",\"dateModified\":\"2019-09-06T10:49:10+00:00\",\"author\":{\"@id\":\"https:\\\/\\\/www.mines-stetienne.fr\\\/panoramines\\\/#\\\/schema\\\/person\\\/95e752e6dedac604ce4535123e0f8df7\"},\"breadcrumb\":{\"@id\":\"https:\\\/\\\/www.mines-stetienne.fr\\\/panoramines\\\/2019\\\/09\\\/04\\\/rentree-de-limt\\\/#breadcrumb\"},\"inLanguage\":\"fr-FR\",\"potentialAction\":[{\"@type\":\"ReadAction\",\"target\":[\"https:\\\/\\\/www.mines-stetienne.fr\\\/panoramines\\\/2019\\\/09\\\/04\\\/rentree-de-limt\\\/\"]}]},{\"@type\":\"ImageObject\",\"inLanguage\":\"fr-FR\",\"@id\":\"https:\\\/\\\/www.mines-stetienne.fr\\\/panoramines\\\/2019\\\/09\\\/04\\\/rentree-de-limt\\\/#primaryimage\",\"url\":\"https:\\\/\\\/www.mines-stetienne.fr\\\/panoramines\\\/wp-content\\\/uploads\\\/sites\\\/3\\\/2019\\\/09\\\/UneCorporate.jpg\",\"contentUrl\":\"https:\\\/\\\/www.mines-stetienne.fr\\\/panoramines\\\/wp-content\\\/uploads\\\/sites\\\/3\\\/2019\\\/09\\\/UneCorporate.jpg\",\"width\":700,\"height\":237},{\"@type\":\"BreadcrumbList\",\"@id\":\"https:\\\/\\\/www.mines-stetienne.fr\\\/panoramines\\\/2019\\\/09\\\/04\\\/rentree-de-limt\\\/#breadcrumb\",\"itemListElement\":[{\"@type\":\"ListItem\",\"position\":1,\"name\":\"Accueil\",\"item\":\"https:\\\/\\\/www.mines-stetienne.fr\\\/panoramines\\\/\"},{\"@type\":\"ListItem\",\"position\":2,\"name\":\"Rentr\u00e9e de l&rsquo;IMT\"}]},{\"@type\":\"WebSite\",\"@id\":\"https:\\\/\\\/www.mines-stetienne.fr\\\/panoramines\\\/#website\",\"url\":\"https:\\\/\\\/www.mines-stetienne.fr\\\/panoramines\\\/\",\"name\":\"Panoramines\",\"description\":\"Panoramines, l\u2019actualit\u00e9 de MINES Saint-\u00c9tienne\",\"potentialAction\":[{\"@type\":\"SearchAction\",\"target\":{\"@type\":\"EntryPoint\",\"urlTemplate\":\"https:\\\/\\\/www.mines-stetienne.fr\\\/panoramines\\\/?s={search_term_string}\"},\"query-input\":{\"@type\":\"PropertyValueSpecification\",\"valueRequired\":true,\"valueName\":\"search_term_string\"}}],\"inLanguage\":\"fr-FR\"},{\"@type\":\"Person\",\"@id\":\"https:\\\/\\\/www.mines-stetienne.fr\\\/panoramines\\\/#\\\/schema\\\/person\\\/95e752e6dedac604ce4535123e0f8df7\",\"name\":\"Nathalie\",\"image\":{\"@type\":\"ImageObject\",\"inLanguage\":\"fr-FR\",\"@id\":\"https:\\\/\\\/www.mines-stetienne.fr\\\/panoramines\\\/wp-content\\\/uploads\\\/sites\\\/3\\\/2021\\\/07\\\/logo-75x75-1.png\",\"url\":\"https:\\\/\\\/www.mines-stetienne.fr\\\/panoramines\\\/wp-content\\\/uploads\\\/sites\\\/3\\\/2021\\\/07\\\/logo-75x75-1.png\",\"contentUrl\":\"https:\\\/\\\/www.mines-stetienne.fr\\\/panoramines\\\/wp-content\\\/uploads\\\/sites\\\/3\\\/2021\\\/07\\\/logo-75x75-1.png\",\"caption\":\"Nathalie\"},\"url\":\"https:\\\/\\\/www.mines-stetienne.fr\\\/panoramines\\\/author\\\/nathalie\\\/\"}]}<\/script>\n<!-- \/ Yoast SEO plugin. -->","yoast_head_json":{"title":"Rentr\u00e9e de l'IMT - Panoramines","robots":{"index":"index","follow":"follow","max-snippet":"max-snippet:-1","max-image-preview":"max-image-preview:large","max-video-preview":"max-video-preview:-1"},"canonical":"https:\/\/www.mines-stetienne.fr\/panoramines\/2019\/09\/04\/rentree-de-limt\/","og_locale":"fr_FR","og_type":"article","og_title":"Rentr\u00e9e de l'IMT - Panoramines","og_description":"Odile Gauthier, nouvelle directrice g\u00e9n\u00e9rale de l&rsquo;IMT, a pris ses fonctions le 2 septembre 2019.Le prochain d\u00eener de collecte de la Fondation Mines-T\u00e9l\u00e9com aura lieu le 9 octobre : Jean-Louis \u00c9tienne en est l&rsquo;invit\u00e9 d&rsquo;honneur.Campagne d\u00e9di\u00e9e aux \u00e9tudiants : une &hellip;","og_url":"https:\/\/www.mines-stetienne.fr\/panoramines\/2019\/09\/04\/rentree-de-limt\/","og_site_name":"Panoramines","article_published_time":"2019-09-04T10:34:27+00:00","article_modified_time":"2019-09-06T10:49:10+00:00","og_image":[{"width":700,"height":237,"url":"https:\/\/www.mines-stetienne.fr\/panoramines\/wp-content\/uploads\/sites\/3\/2019\/09\/UneCorporate.jpg","type":"image\/jpeg"}],"author":"Nathalie","twitter_card":"summary_large_image","twitter_misc":{"\u00c9crit par":" Nathalie","Dur\u00e9e de lecture estim\u00e9e":"2 minutes"},"schema":{"@context":"https:\/\/schema.org","@graph":[{"@type":"Article","@id":"https:\/\/www.mines-stetienne.fr\/panoramines\/2019\/09\/04\/rentree-de-limt\/#article","isPartOf":{"@id":"https:\/\/www.mines-stetienne.fr\/panoramines\/2019\/09\/04\/rentree-de-limt\/"},"author":{"name":"Nathalie","@id":"https:\/\/www.mines-stetienne.fr\/panoramines\/#\/schema\/person\/95e752e6dedac604ce4535123e0f8df7"},"headline":"Rentr\u00e9e de l&rsquo;IMT","datePublished":"2019-09-04T10:34:27+00:00","dateModified":"2019-09-06T10:49:10+00:00","mainEntityOfPage":{"@id":"https:\/\/www.mines-stetienne.fr\/panoramines\/2019\/09\/04\/rentree-de-limt\/"},"wordCount":322,"image":{"@id":"https:\/\/www.mines-stetienne.fr\/panoramines\/2019\/09\/04\/rentree-de-limt\/#primaryimage"},"thumbnailUrl":"https:\/\/www.mines-stetienne.fr\/panoramines\/wp-content\/uploads\/sites\/3\/2019\/09\/UneCorporate.jpg","keywords":["Alumni","Fondation MT","ICM","IMT","ISMIN"],"articleSection":["Vie de l'\u00c9cole"],"inLanguage":"fr-FR"},{"@type":"WebPage","@id":"https:\/\/www.mines-stetienne.fr\/panoramines\/2019\/09\/04\/rentree-de-limt\/","url":"https:\/\/www.mines-stetienne.fr\/panoramines\/2019\/09\/04\/rentree-de-limt\/","name":"Rentr\u00e9e de l'IMT - Panoramines","isPartOf":{"@id":"https:\/\/www.mines-stetienne.fr\/panoramines\/#website"},"primaryImageOfPage":{"@id":"https:\/\/www.mines-stetienne.fr\/panoramines\/2019\/09\/04\/rentree-de-limt\/#primaryimage"},"image":{"@id":"https:\/\/www.mines-stetienne.fr\/panoramines\/2019\/09\/04\/rentree-de-limt\/#primaryimage"},"thumbnailUrl":"https:\/\/www.mines-stetienne.fr\/panoramines\/wp-content\/uploads\/sites\/3\/2019\/09\/UneCorporate.jpg","datePublished":"2019-09-04T10:34:27+00:00","dateModified":"2019-09-06T10:49:10+00:00","author":{"@id":"https:\/\/www.mines-stetienne.fr\/panoramines\/#\/schema\/person\/95e752e6dedac604ce4535123e0f8df7"},"breadcrumb":{"@id":"https:\/\/www.mines-stetienne.fr\/panoramines\/2019\/09\/04\/rentree-de-limt\/#breadcrumb"},"inLanguage":"fr-FR","potentialAction":[{"@type":"ReadAction","target":["https:\/\/www.mines-stetienne.fr\/panoramines\/2019\/09\/04\/rentree-de-limt\/"]}]},{"@type":"ImageObject","inLanguage":"fr-FR","@id":"https:\/\/www.mines-stetienne.fr\/panoramines\/2019\/09\/04\/rentree-de-limt\/#primaryimage","url":"https:\/\/www.mines-stetienne.fr\/panoramines\/wp-content\/uploads\/sites\/3\/2019\/09\/UneCorporate.jpg","contentUrl":"https:\/\/www.mines-stetienne.fr\/panoramines\/wp-content\/uploads\/sites\/3\/2019\/09\/UneCorporate.jpg","width":700,"height":237},{"@type":"BreadcrumbList","@id":"https:\/\/www.mines-stetienne.fr\/panoramines\/2019\/09\/04\/rentree-de-limt\/#breadcrumb","itemListElement":[{"@type":"ListItem","position":1,"name":"Accueil","item":"https:\/\/www.mines-stetienne.fr\/panoramines\/"},{"@type":"ListItem","position":2,"name":"Rentr\u00e9e de l&rsquo;IMT"}]},{"@type":"WebSite","@id":"https:\/\/www.mines-stetienne.fr\/panoramines\/#website","url":"https:\/\/www.mines-stetienne.fr\/panoramines\/","name":"Panoramines","description":"Panoramines, l\u2019actualit\u00e9 de MINES Saint-\u00c9tienne","potentialAction":[{"@type":"SearchAction","target":{"@type":"EntryPoint","urlTemplate":"https:\/\/www.mines-stetienne.fr\/panoramines\/?s={search_term_string}"},"query-input":{"@type":"PropertyValueSpecification","valueRequired":true,"valueName":"search_term_string"}}],"inLanguage":"fr-FR"},{"@type":"Person","@id":"https:\/\/www.mines-stetienne.fr\/panoramines\/#\/schema\/person\/95e752e6dedac604ce4535123e0f8df7","name":"Nathalie","image":{"@type":"ImageObject","inLanguage":"fr-FR","@id":"https:\/\/www.mines-stetienne.fr\/panoramines\/wp-content\/uploads\/sites\/3\/2021\/07\/logo-75x75-1.png","url":"https:\/\/www.mines-stetienne.fr\/panoramines\/wp-content\/uploads\/sites\/3\/2021\/07\/logo-75x75-1.png","contentUrl":"https:\/\/www.mines-stetienne.fr\/panoramines\/wp-content\/uploads\/sites\/3\/2021\/07\/logo-75x75-1.png","caption":"Nathalie"},"url":"https:\/\/www.mines-stetienne.fr\/panoramines\/author\/nathalie\/"}]}},"_links":{"self":[{"href":"https:\/\/www.mines-stetienne.fr\/panoramines\/wp-json\/wp\/v2\/posts\/18913","targetHints":{"allow":["GET"]}}],"collection":[{"href":"https:\/\/www.mines-stetienne.fr\/panoramines\/wp-json\/wp\/v2\/posts"}],"about":[{"href":"https:\/\/www.mines-stetienne.fr\/panoramines\/wp-json\/wp\/v2\/types\/post"}],"author":[{"embeddable":true,"href":"https:\/\/www.mines-stetienne.fr\/panoramines\/wp-json\/wp\/v2\/users\/3"}],"replies":[{"embeddable":true,"href":"https:\/\/www.mines-stetienne.fr\/panoramines\/wp-json\/wp\/v2\/comments?post=18913"}],"version-history":[{"count":7,"href":"https:\/\/www.mines-stetienne.fr\/panoramines\/wp-json\/wp\/v2\/posts\/18913\/revisions"}],"predecessor-version":[{"id":18923,"href":"https:\/\/www.mines-stetienne.fr\/panoramines\/wp-json\/wp\/v2\/posts\/18913\/revisions\/18923"}],"wp:featuredmedia":[{"embeddable":true,"href":"https:\/\/www.mines-stetienne.fr\/panoramines\/wp-json\/wp\/v2\/media\/18917"}],"wp:attachment":[{"href":"https:\/\/www.mines-stetienne.fr\/panoramines\/wp-json\/wp\/v2\/media?parent=18913"}],"wp:term":[{"taxonomy":"category","embeddable":true,"href":"https:\/\/www.mines-stetienne.fr\/panoramines\/wp-json\/wp\/v2\/categories?post=18913"},{"taxonomy":"post_tag","embeddable":true,"href":"https:\/\/www.mines-stetienne.fr\/panoramines\/wp-json\/wp\/v2\/tags?post=18913"}],"curies":[{"name":"wp","href":"https:\/\/api.w.org\/{rel}","templated":true}]}}