{"id":18875,"date":"2019-09-13T09:39:20","date_gmt":"2019-09-13T07:39:20","guid":{"rendered":"https:\/\/www.mines-stetienne.fr\/panoramines\/?p=18875"},"modified":"2024-03-07T16:05:24","modified_gmt":"2024-03-07T15:05:24","slug":"le-visa-entrepreneuriat-sobtient-aussi-a-letranger","status":"publish","type":"post","link":"https:\/\/www.mines-stetienne.fr\/panoramines\/2019\/09\/13\/le-visa-entrepreneuriat-sobtient-aussi-a-letranger\/","title":{"rendered":"Le Visa Entrepreneuriat s&rsquo;obtient aussi \u00e0 l\u2019\u00e9tranger"},"content":{"rendered":"\n<h4 class=\"wp-block-heading\">Un projet environnemental lanc\u00e9 en juillet par Benjamin Anthouard, \u00e9l\u00e8ve ISMIN a obtenu le 2e prix du hackathon organis\u00e9 par Energy Lab en Australie. Cette action innovante men\u00e9e par une \u00e9quipe pluridisciplinaire internationale est d\u00e9sormais d\u00e9velopp\u00e9e au sein du programme d\u2019incubation. Elle sera pr\u00e9sent\u00e9e le 25 septembre, lors de la journ\u00e9e d\u00e9di\u00e9e \u00e0 l&rsquo;entrepreneuriat \u00e9tudiant sur le campus.<\/h4>\n\n\n\n<p><strong>Benjamin Anthouard<\/strong>, \u00e9l\u00e8ve ISMIN promotion 2017, a valid\u00e9 son exp\u00e9rience internationale par un stage en Australie au sein de la <a rel=\"noreferrer noopener\" aria-label=\"Research School of Physics and Engineering (opens in a new tab)\" href=\"https:\/\/physics.anu.edu.au\/\" target=\"_blank\">Research School of Physics and Engineering<\/a>, <a rel=\"noreferrer noopener\" aria-label=\"Australian National University, Canberra (opens in a new tab)\" href=\"https:\/\/www.anu.edu.au\/\" target=\"_blank\"><strong>Australian National University, Canberra<\/strong><\/a>. <br>Pour r\u00e9pondre aux obligations du Visa-Entrepreneuriat, il s&rsquo;est parall\u00e8lement inscrit en \u00e9quipe \u00e0 un hackathon organis\u00e9 par l&rsquo;<a href=\"https:\/\/energylab.org.au\/\">Energy Lab<\/a>, plateforme qui soutient et accompagne l&rsquo;\u00e9mergence de startups \u00ab\u00a0cleantech\u00a0\u00bb. <br>Le choix d&rsquo;un projet r\u00e9pondant aux besoins australiens \u00e9tait difficile mais l&rsquo;exp\u00e9rience a \u00e9t\u00e9 riche.<br><strong>L&rsquo;\u00e9quipe internationale* s&rsquo;est class\u00e9e 2e du hackathon<\/strong> : <strong>un prix qui permet au projet d&rsquo;\u00eatre incub\u00e9 par le <\/strong><a rel=\"noreferrer noopener\" aria-label=\"prestigieux &quot;Energy Lab (opens in a new tab)\" href=\"https:\/\/energylab.org.au\/\" target=\"_blank\"><strong>prestigieux \u00ab\u00a0Energy Lab\u00a0\u00bb<\/strong><\/a><strong>.<\/strong><br>De retour en France pour terminer son cursus ISMIN, Benjamin s&rsquo;est inscrit \u00e0 l&rsquo;\u00e9lectif&nbsp;<em>Management de l&rsquo;Innovation<\/em> et poursuivra l&rsquo;aventure \u00e0 distance avec ses co\u00e9quipiers rest\u00e9s \u00e0 Canberra.&nbsp;<\/p>\n\n\n\n<h3 class=\"wp-block-heading\">\u00ab\u00a0<strong>Une application pour installer des panneaux solaires  sur les petits commerces\u00a0\u00bb <\/strong><\/h3>\n\n\n\n<p>De nombreux petits commer\u00e7ants, non propri\u00e9taires, n\u2019ont pas les moyens financiers d\u2019investir dans des panneaux solaires. L&rsquo;application d\u00e9velopp\u00e9e  leur permet d&rsquo;\u00e9conomiser sur leur facture d\u2019\u00e9lectricit\u00e9 gr\u00e2ce \u00e0 l\u2019\u00e9nergie solaire : <em>\u00ab\u00a0<strong>les propri\u00e9taires mettent leur toit \u00e0 notre disposition et nous installons des panneaux solaires  gr\u00e2ce au crowdfunding\u00a0\u00bb<\/strong> <\/em><br>Les  investisseurs gagnent de l\u2019argent en vendant l\u2019\u00e9nergie g\u00e9n\u00e9r\u00e9e au commer\u00e7ant \u00e0 un prix inf\u00e9rieur \u00e0 celui du fournisseur et le propri\u00e9taire du magasin se r\u00e9mun\u00e8re gr\u00e2ce \u00e0 la location de son toit.<\/p>\n\n\n\n<blockquote class=\"wp-block-quote is-layout-flow wp-block-quote-is-layout-flow\"><p><em>\u00ab\u00a0J\u2019ai particip\u00e9 au Hackathon pour d\u00e9couvrir l\u2019entrepreneuriat et nous sommes all\u00e9s au del\u00e0 gr\u00e2ce \u00e0 un groupe performant : nous avons d\u00e9cid\u00e9 de d\u00e9velopper notre projet au sein du programme d\u2019incubation.\u00a0\u00bb<\/em><\/p><\/blockquote>\n\n\n\n<p><strong>*<\/strong>L&rsquo;\u00e9quipe est compos\u00e9e de <strong>Chithral M. Kodagoda<\/strong>, \u00e9tudiant srilankais en Master sur les \u00e9nergies renouvelables (ANU, Canberra), <strong>Abbey Kellett<\/strong>, \u00e9tudiante australienne en Master Art &amp; Commerce (ANU, Canberra), <strong>Christine Luo<\/strong>, ta\u00efwanaise, responsable de l&rsquo;\u00e9valuation des programmes, Department of Premier &amp; Cabinet, Sydney et <strong><a href=\"&#109;&#97;&#x69;l&#116;&#x6f;&#x3a;b&#101;&#x6e;&#x6a;a&#109;&#x69;&#x6e;&#46;&#97;&#x6e;&#x74;h&#111;&#x75;&#x61;r&#100;&#x40;e&#116;&#117;&#x2e;e&#109;&#x73;&#x65;&#46;&#102;&#x72;\">Anthouard Benjamin<\/a><\/strong>, \u00e9l\u00e8ve ISMIN.<\/p>\n\n\n\n<hr class=\"wp-block-separator\" \/>\n\n\n\n<p><strong>La journ\u00e9e de l&rsquo;entrepreneuriat le 25 septembre <\/strong>sur le Campus G. Charpak Provence pr\u00e9sentera aux nouveaux \u00e9l\u00e8ves ISMIN le Visa Entrepreneuriat, en particulier le dispositif <a rel=\"noreferrer noopener\" aria-label=\"PEPITE Provence (opens in a new tab)\" href=\"https:\/\/suio.univ-amu.fr\/PEPITE\" target=\"_blank\">PEPITE Provence<\/a> et l&rsquo;<a href=\"https:\/\/www.mines-stetienne.fr\/entreprise\/pepites\/\">entrepreneuriat \u00c9tudiant<\/a>, dont les\u00a0<a href=\"https:\/\/suio.univ-amu.fr\/36H\">36H Chrono<\/a>\u00a0et\u00a0<a href=\"https:\/\/www.lesentrep.fr\/territoires\/aix-marseille\/\">Les Entrepr&rsquo; Aix-Marseille.<\/a> Une partie de la promotion 2018 exposera \u00e9galement devant un jury les actions men\u00e9es l&rsquo;ann\u00e9e derni\u00e8re, dont le <a rel=\"noreferrer noopener\" aria-label=\"challenge IMT (opens in a new tab)\" href=\"https:\/\/www.imt.fr\/challenge-imt-disrupt-campus-2019-bravo-aux-3-equipes-recompensees-et-aux-60-etudiants-participants\/\" target=\"_blank\">challenge IMT<\/a>.<br><br><a href=\"https:\/\/www.mines-stetienne.fr\/entreprise\/pepites\/\" target=\"_blank\" rel=\"noreferrer noopener\" aria-label=\"En savoir + sur l'entrepreneuriat \u00e9tudiant (opens in a new tab)\">En savoir + sur l&rsquo;entrepreneuriat \u00e9tudiant<\/a> @Mines Saint-\u00c9tienne<\/p>\n\n\n\n<hr class=\"wp-block-separator\" \/>\n","protected":false},"excerpt":{"rendered":"<p>Un projet environnemental lanc\u00e9 en juillet par Benjamin Anthouard, \u00e9l\u00e8ve ISMIN a obtenu le 2e prix du hackathon organis\u00e9 par Energy Lab en Australie. Cette action innovante men\u00e9e par une \u00e9quipe pluridisciplinaire internationale est d\u00e9sormais d\u00e9velopp\u00e9e au sein du programme &hellip;<\/p>\n","protected":false},"author":3,"featured_media":18959,"comment_status":"closed","ping_status":"open","sticky":false,"template":"","format":"standard","meta":{"_relevanssi_hide_post":"","_relevanssi_hide_content":"","_relevanssi_pin_for_all":"","_relevanssi_pin_keywords":"","_relevanssi_unpin_keywords":"","_relevanssi_related_keywords":"","_relevanssi_related_include_ids":"","_relevanssi_related_exclude_ids":"","_relevanssi_related_no_append":"","_relevanssi_related_not_related":"","_relevanssi_related_posts":"","_relevanssi_noindex_reason":"","footnotes":""},"categories":[6],"tags":[116,20,53,42,486],"class_list":["post-18875","post","type-post","status-publish","format-standard","has-post-thumbnail","hentry","category-formation","tag-entrepreneuriat-etudiant","tag-environnement","tag-international","tag-ismin","tag-visa-entrepreneuriat"],"pp_statuses_selecting_workflow":false,"pp_workflow_action":"current","pp_status_selection":"publish","pp_force_visibility":null,"pp_subpost_visibility":null,"pp_inherited_force_visibility":null,"pp_inherited_subpost_visibility":null,"yoast_head":"<!-- This site is optimized with the Yoast SEO plugin v27.4 - https:\/\/yoast.com\/product\/yoast-seo-wordpress\/ -->\n<title>Le Visa Entrepreneuriat s&#039;obtient aussi \u00e0 l\u2019\u00e9tranger - Panoramines<\/title>\n<meta name=\"robots\" content=\"index, follow, max-snippet:-1, max-image-preview:large, max-video-preview:-1\" \/>\n<link rel=\"canonical\" href=\"https:\/\/www.mines-stetienne.fr\/panoramines\/2019\/09\/13\/le-visa-entrepreneuriat-sobtient-aussi-a-letranger\/\" \/>\n<meta property=\"og:locale\" content=\"fr_FR\" \/>\n<meta property=\"og:type\" content=\"article\" \/>\n<meta property=\"og:title\" content=\"Le Visa Entrepreneuriat s&#039;obtient aussi \u00e0 l\u2019\u00e9tranger - Panoramines\" \/>\n<meta property=\"og:description\" content=\"Un projet environnemental lanc\u00e9 en juillet par Benjamin Anthouard, \u00e9l\u00e8ve ISMIN a obtenu le 2e prix du hackathon organis\u00e9 par Energy Lab en Australie. Cette action innovante men\u00e9e par une \u00e9quipe pluridisciplinaire internationale est d\u00e9sormais d\u00e9velopp\u00e9e au sein du programme &hellip;\" \/>\n<meta property=\"og:url\" content=\"https:\/\/www.mines-stetienne.fr\/panoramines\/2019\/09\/13\/le-visa-entrepreneuriat-sobtient-aussi-a-letranger\/\" \/>\n<meta property=\"og:site_name\" content=\"Panoramines\" \/>\n<meta property=\"article:published_time\" content=\"2019-09-13T07:39:20+00:00\" \/>\n<meta property=\"article:modified_time\" content=\"2024-03-07T15:05:24+00:00\" \/>\n<meta property=\"og:image\" content=\"https:\/\/www.mines-stetienne.fr\/panoramines\/wp-content\/uploads\/sites\/3\/2019\/09\/UneB.Anthouard.jpg\" \/>\n\t<meta property=\"og:image:width\" content=\"624\" \/>\n\t<meta property=\"og:image:height\" content=\"305\" \/>\n\t<meta property=\"og:image:type\" content=\"image\/jpeg\" \/>\n<meta name=\"author\" content=\"Nathalie\" \/>\n<meta name=\"twitter:card\" content=\"summary_large_image\" \/>\n<meta name=\"twitter:label1\" content=\"\u00c9crit par\" \/>\n\t<meta name=\"twitter:data1\" content=\" Nathalie\" \/>\n\t<meta name=\"twitter:label2\" content=\"Dur\u00e9e de lecture estim\u00e9e\" \/>\n\t<meta name=\"twitter:data2\" content=\"2 minutes\" \/>\n<script type=\"application\/ld+json\" class=\"yoast-schema-graph\">{\"@context\":\"https:\\\/\\\/schema.org\",\"@graph\":[{\"@type\":\"Article\",\"@id\":\"https:\\\/\\\/www.mines-stetienne.fr\\\/panoramines\\\/2019\\\/09\\\/13\\\/le-visa-entrepreneuriat-sobtient-aussi-a-letranger\\\/#article\",\"isPartOf\":{\"@id\":\"https:\\\/\\\/www.mines-stetienne.fr\\\/panoramines\\\/2019\\\/09\\\/13\\\/le-visa-entrepreneuriat-sobtient-aussi-a-letranger\\\/\"},\"author\":{\"name\":\"Nathalie\",\"@id\":\"https:\\\/\\\/www.mines-stetienne.fr\\\/panoramines\\\/#\\\/schema\\\/person\\\/95e752e6dedac604ce4535123e0f8df7\"},\"headline\":\"Le Visa Entrepreneuriat s&rsquo;obtient aussi \u00e0 l\u2019\u00e9tranger\",\"datePublished\":\"2019-09-13T07:39:20+00:00\",\"dateModified\":\"2024-03-07T15:05:24+00:00\",\"mainEntityOfPage\":{\"@id\":\"https:\\\/\\\/www.mines-stetienne.fr\\\/panoramines\\\/2019\\\/09\\\/13\\\/le-visa-entrepreneuriat-sobtient-aussi-a-letranger\\\/\"},\"wordCount\":472,\"image\":{\"@id\":\"https:\\\/\\\/www.mines-stetienne.fr\\\/panoramines\\\/2019\\\/09\\\/13\\\/le-visa-entrepreneuriat-sobtient-aussi-a-letranger\\\/#primaryimage\"},\"thumbnailUrl\":\"https:\\\/\\\/www.mines-stetienne.fr\\\/panoramines\\\/wp-content\\\/uploads\\\/sites\\\/3\\\/2019\\\/09\\\/UneB.Anthouard.jpg\",\"keywords\":[\"Entrepreneuriat \u00e9tudiant\",\"Environnement\",\"International\",\"ISMIN\",\"Visa Entrepreneuriat\"],\"articleSection\":[\"Formation\"],\"inLanguage\":\"fr-FR\"},{\"@type\":\"WebPage\",\"@id\":\"https:\\\/\\\/www.mines-stetienne.fr\\\/panoramines\\\/2019\\\/09\\\/13\\\/le-visa-entrepreneuriat-sobtient-aussi-a-letranger\\\/\",\"url\":\"https:\\\/\\\/www.mines-stetienne.fr\\\/panoramines\\\/2019\\\/09\\\/13\\\/le-visa-entrepreneuriat-sobtient-aussi-a-letranger\\\/\",\"name\":\"Le Visa Entrepreneuriat s'obtient aussi \u00e0 l\u2019\u00e9tranger - Panoramines\",\"isPartOf\":{\"@id\":\"https:\\\/\\\/www.mines-stetienne.fr\\\/panoramines\\\/#website\"},\"primaryImageOfPage\":{\"@id\":\"https:\\\/\\\/www.mines-stetienne.fr\\\/panoramines\\\/2019\\\/09\\\/13\\\/le-visa-entrepreneuriat-sobtient-aussi-a-letranger\\\/#primaryimage\"},\"image\":{\"@id\":\"https:\\\/\\\/www.mines-stetienne.fr\\\/panoramines\\\/2019\\\/09\\\/13\\\/le-visa-entrepreneuriat-sobtient-aussi-a-letranger\\\/#primaryimage\"},\"thumbnailUrl\":\"https:\\\/\\\/www.mines-stetienne.fr\\\/panoramines\\\/wp-content\\\/uploads\\\/sites\\\/3\\\/2019\\\/09\\\/UneB.Anthouard.jpg\",\"datePublished\":\"2019-09-13T07:39:20+00:00\",\"dateModified\":\"2024-03-07T15:05:24+00:00\",\"author\":{\"@id\":\"https:\\\/\\\/www.mines-stetienne.fr\\\/panoramines\\\/#\\\/schema\\\/person\\\/95e752e6dedac604ce4535123e0f8df7\"},\"breadcrumb\":{\"@id\":\"https:\\\/\\\/www.mines-stetienne.fr\\\/panoramines\\\/2019\\\/09\\\/13\\\/le-visa-entrepreneuriat-sobtient-aussi-a-letranger\\\/#breadcrumb\"},\"inLanguage\":\"fr-FR\",\"potentialAction\":[{\"@type\":\"ReadAction\",\"target\":[\"https:\\\/\\\/www.mines-stetienne.fr\\\/panoramines\\\/2019\\\/09\\\/13\\\/le-visa-entrepreneuriat-sobtient-aussi-a-letranger\\\/\"]}]},{\"@type\":\"ImageObject\",\"inLanguage\":\"fr-FR\",\"@id\":\"https:\\\/\\\/www.mines-stetienne.fr\\\/panoramines\\\/2019\\\/09\\\/13\\\/le-visa-entrepreneuriat-sobtient-aussi-a-letranger\\\/#primaryimage\",\"url\":\"https:\\\/\\\/www.mines-stetienne.fr\\\/panoramines\\\/wp-content\\\/uploads\\\/sites\\\/3\\\/2019\\\/09\\\/UneB.Anthouard.jpg\",\"contentUrl\":\"https:\\\/\\\/www.mines-stetienne.fr\\\/panoramines\\\/wp-content\\\/uploads\\\/sites\\\/3\\\/2019\\\/09\\\/UneB.Anthouard.jpg\",\"width\":624,\"height\":305},{\"@type\":\"BreadcrumbList\",\"@id\":\"https:\\\/\\\/www.mines-stetienne.fr\\\/panoramines\\\/2019\\\/09\\\/13\\\/le-visa-entrepreneuriat-sobtient-aussi-a-letranger\\\/#breadcrumb\",\"itemListElement\":[{\"@type\":\"ListItem\",\"position\":1,\"name\":\"Accueil\",\"item\":\"https:\\\/\\\/www.mines-stetienne.fr\\\/panoramines\\\/\"},{\"@type\":\"ListItem\",\"position\":2,\"name\":\"Le Visa Entrepreneuriat s&rsquo;obtient aussi \u00e0 l\u2019\u00e9tranger\"}]},{\"@type\":\"WebSite\",\"@id\":\"https:\\\/\\\/www.mines-stetienne.fr\\\/panoramines\\\/#website\",\"url\":\"https:\\\/\\\/www.mines-stetienne.fr\\\/panoramines\\\/\",\"name\":\"Panoramines\",\"description\":\"Panoramines, l\u2019actualit\u00e9 de MINES Saint-\u00c9tienne\",\"potentialAction\":[{\"@type\":\"SearchAction\",\"target\":{\"@type\":\"EntryPoint\",\"urlTemplate\":\"https:\\\/\\\/www.mines-stetienne.fr\\\/panoramines\\\/?s={search_term_string}\"},\"query-input\":{\"@type\":\"PropertyValueSpecification\",\"valueRequired\":true,\"valueName\":\"search_term_string\"}}],\"inLanguage\":\"fr-FR\"},{\"@type\":\"Person\",\"@id\":\"https:\\\/\\\/www.mines-stetienne.fr\\\/panoramines\\\/#\\\/schema\\\/person\\\/95e752e6dedac604ce4535123e0f8df7\",\"name\":\"Nathalie\",\"image\":{\"@type\":\"ImageObject\",\"inLanguage\":\"fr-FR\",\"@id\":\"https:\\\/\\\/www.mines-stetienne.fr\\\/panoramines\\\/wp-content\\\/uploads\\\/sites\\\/3\\\/2021\\\/07\\\/logo-75x75-1.png\",\"url\":\"https:\\\/\\\/www.mines-stetienne.fr\\\/panoramines\\\/wp-content\\\/uploads\\\/sites\\\/3\\\/2021\\\/07\\\/logo-75x75-1.png\",\"contentUrl\":\"https:\\\/\\\/www.mines-stetienne.fr\\\/panoramines\\\/wp-content\\\/uploads\\\/sites\\\/3\\\/2021\\\/07\\\/logo-75x75-1.png\",\"caption\":\"Nathalie\"},\"url\":\"https:\\\/\\\/www.mines-stetienne.fr\\\/panoramines\\\/author\\\/nathalie\\\/\"}]}<\/script>\n<!-- \/ Yoast SEO plugin. -->","yoast_head_json":{"title":"Le Visa Entrepreneuriat s'obtient aussi \u00e0 l\u2019\u00e9tranger - Panoramines","robots":{"index":"index","follow":"follow","max-snippet":"max-snippet:-1","max-image-preview":"max-image-preview:large","max-video-preview":"max-video-preview:-1"},"canonical":"https:\/\/www.mines-stetienne.fr\/panoramines\/2019\/09\/13\/le-visa-entrepreneuriat-sobtient-aussi-a-letranger\/","og_locale":"fr_FR","og_type":"article","og_title":"Le Visa Entrepreneuriat s'obtient aussi \u00e0 l\u2019\u00e9tranger - Panoramines","og_description":"Un projet environnemental lanc\u00e9 en juillet par Benjamin Anthouard, \u00e9l\u00e8ve ISMIN a obtenu le 2e prix du hackathon organis\u00e9 par Energy Lab en Australie. Cette action innovante men\u00e9e par une \u00e9quipe pluridisciplinaire internationale est d\u00e9sormais d\u00e9velopp\u00e9e au sein du programme &hellip;","og_url":"https:\/\/www.mines-stetienne.fr\/panoramines\/2019\/09\/13\/le-visa-entrepreneuriat-sobtient-aussi-a-letranger\/","og_site_name":"Panoramines","article_published_time":"2019-09-13T07:39:20+00:00","article_modified_time":"2024-03-07T15:05:24+00:00","og_image":[{"width":624,"height":305,"url":"https:\/\/www.mines-stetienne.fr\/panoramines\/wp-content\/uploads\/sites\/3\/2019\/09\/UneB.Anthouard.jpg","type":"image\/jpeg"}],"author":"Nathalie","twitter_card":"summary_large_image","twitter_misc":{"\u00c9crit par":" Nathalie","Dur\u00e9e de lecture estim\u00e9e":"2 minutes"},"schema":{"@context":"https:\/\/schema.org","@graph":[{"@type":"Article","@id":"https:\/\/www.mines-stetienne.fr\/panoramines\/2019\/09\/13\/le-visa-entrepreneuriat-sobtient-aussi-a-letranger\/#article","isPartOf":{"@id":"https:\/\/www.mines-stetienne.fr\/panoramines\/2019\/09\/13\/le-visa-entrepreneuriat-sobtient-aussi-a-letranger\/"},"author":{"name":"Nathalie","@id":"https:\/\/www.mines-stetienne.fr\/panoramines\/#\/schema\/person\/95e752e6dedac604ce4535123e0f8df7"},"headline":"Le Visa Entrepreneuriat s&rsquo;obtient aussi \u00e0 l\u2019\u00e9tranger","datePublished":"2019-09-13T07:39:20+00:00","dateModified":"2024-03-07T15:05:24+00:00","mainEntityOfPage":{"@id":"https:\/\/www.mines-stetienne.fr\/panoramines\/2019\/09\/13\/le-visa-entrepreneuriat-sobtient-aussi-a-letranger\/"},"wordCount":472,"image":{"@id":"https:\/\/www.mines-stetienne.fr\/panoramines\/2019\/09\/13\/le-visa-entrepreneuriat-sobtient-aussi-a-letranger\/#primaryimage"},"thumbnailUrl":"https:\/\/www.mines-stetienne.fr\/panoramines\/wp-content\/uploads\/sites\/3\/2019\/09\/UneB.Anthouard.jpg","keywords":["Entrepreneuriat \u00e9tudiant","Environnement","International","ISMIN","Visa Entrepreneuriat"],"articleSection":["Formation"],"inLanguage":"fr-FR"},{"@type":"WebPage","@id":"https:\/\/www.mines-stetienne.fr\/panoramines\/2019\/09\/13\/le-visa-entrepreneuriat-sobtient-aussi-a-letranger\/","url":"https:\/\/www.mines-stetienne.fr\/panoramines\/2019\/09\/13\/le-visa-entrepreneuriat-sobtient-aussi-a-letranger\/","name":"Le Visa Entrepreneuriat s'obtient aussi \u00e0 l\u2019\u00e9tranger - Panoramines","isPartOf":{"@id":"https:\/\/www.mines-stetienne.fr\/panoramines\/#website"},"primaryImageOfPage":{"@id":"https:\/\/www.mines-stetienne.fr\/panoramines\/2019\/09\/13\/le-visa-entrepreneuriat-sobtient-aussi-a-letranger\/#primaryimage"},"image":{"@id":"https:\/\/www.mines-stetienne.fr\/panoramines\/2019\/09\/13\/le-visa-entrepreneuriat-sobtient-aussi-a-letranger\/#primaryimage"},"thumbnailUrl":"https:\/\/www.mines-stetienne.fr\/panoramines\/wp-content\/uploads\/sites\/3\/2019\/09\/UneB.Anthouard.jpg","datePublished":"2019-09-13T07:39:20+00:00","dateModified":"2024-03-07T15:05:24+00:00","author":{"@id":"https:\/\/www.mines-stetienne.fr\/panoramines\/#\/schema\/person\/95e752e6dedac604ce4535123e0f8df7"},"breadcrumb":{"@id":"https:\/\/www.mines-stetienne.fr\/panoramines\/2019\/09\/13\/le-visa-entrepreneuriat-sobtient-aussi-a-letranger\/#breadcrumb"},"inLanguage":"fr-FR","potentialAction":[{"@type":"ReadAction","target":["https:\/\/www.mines-stetienne.fr\/panoramines\/2019\/09\/13\/le-visa-entrepreneuriat-sobtient-aussi-a-letranger\/"]}]},{"@type":"ImageObject","inLanguage":"fr-FR","@id":"https:\/\/www.mines-stetienne.fr\/panoramines\/2019\/09\/13\/le-visa-entrepreneuriat-sobtient-aussi-a-letranger\/#primaryimage","url":"https:\/\/www.mines-stetienne.fr\/panoramines\/wp-content\/uploads\/sites\/3\/2019\/09\/UneB.Anthouard.jpg","contentUrl":"https:\/\/www.mines-stetienne.fr\/panoramines\/wp-content\/uploads\/sites\/3\/2019\/09\/UneB.Anthouard.jpg","width":624,"height":305},{"@type":"BreadcrumbList","@id":"https:\/\/www.mines-stetienne.fr\/panoramines\/2019\/09\/13\/le-visa-entrepreneuriat-sobtient-aussi-a-letranger\/#breadcrumb","itemListElement":[{"@type":"ListItem","position":1,"name":"Accueil","item":"https:\/\/www.mines-stetienne.fr\/panoramines\/"},{"@type":"ListItem","position":2,"name":"Le Visa Entrepreneuriat s&rsquo;obtient aussi \u00e0 l\u2019\u00e9tranger"}]},{"@type":"WebSite","@id":"https:\/\/www.mines-stetienne.fr\/panoramines\/#website","url":"https:\/\/www.mines-stetienne.fr\/panoramines\/","name":"Panoramines","description":"Panoramines, l\u2019actualit\u00e9 de MINES Saint-\u00c9tienne","potentialAction":[{"@type":"SearchAction","target":{"@type":"EntryPoint","urlTemplate":"https:\/\/www.mines-stetienne.fr\/panoramines\/?s={search_term_string}"},"query-input":{"@type":"PropertyValueSpecification","valueRequired":true,"valueName":"search_term_string"}}],"inLanguage":"fr-FR"},{"@type":"Person","@id":"https:\/\/www.mines-stetienne.fr\/panoramines\/#\/schema\/person\/95e752e6dedac604ce4535123e0f8df7","name":"Nathalie","image":{"@type":"ImageObject","inLanguage":"fr-FR","@id":"https:\/\/www.mines-stetienne.fr\/panoramines\/wp-content\/uploads\/sites\/3\/2021\/07\/logo-75x75-1.png","url":"https:\/\/www.mines-stetienne.fr\/panoramines\/wp-content\/uploads\/sites\/3\/2021\/07\/logo-75x75-1.png","contentUrl":"https:\/\/www.mines-stetienne.fr\/panoramines\/wp-content\/uploads\/sites\/3\/2021\/07\/logo-75x75-1.png","caption":"Nathalie"},"url":"https:\/\/www.mines-stetienne.fr\/panoramines\/author\/nathalie\/"}]}},"_links":{"self":[{"href":"https:\/\/www.mines-stetienne.fr\/panoramines\/wp-json\/wp\/v2\/posts\/18875","targetHints":{"allow":["GET"]}}],"collection":[{"href":"https:\/\/www.mines-stetienne.fr\/panoramines\/wp-json\/wp\/v2\/posts"}],"about":[{"href":"https:\/\/www.mines-stetienne.fr\/panoramines\/wp-json\/wp\/v2\/types\/post"}],"author":[{"embeddable":true,"href":"https:\/\/www.mines-stetienne.fr\/panoramines\/wp-json\/wp\/v2\/users\/3"}],"replies":[{"embeddable":true,"href":"https:\/\/www.mines-stetienne.fr\/panoramines\/wp-json\/wp\/v2\/comments?post=18875"}],"version-history":[{"count":21,"href":"https:\/\/www.mines-stetienne.fr\/panoramines\/wp-json\/wp\/v2\/posts\/18875\/revisions"}],"predecessor-version":[{"id":19126,"href":"https:\/\/www.mines-stetienne.fr\/panoramines\/wp-json\/wp\/v2\/posts\/18875\/revisions\/19126"}],"wp:featuredmedia":[{"embeddable":true,"href":"https:\/\/www.mines-stetienne.fr\/panoramines\/wp-json\/wp\/v2\/media\/18959"}],"wp:attachment":[{"href":"https:\/\/www.mines-stetienne.fr\/panoramines\/wp-json\/wp\/v2\/media?parent=18875"}],"wp:term":[{"taxonomy":"category","embeddable":true,"href":"https:\/\/www.mines-stetienne.fr\/panoramines\/wp-json\/wp\/v2\/categories?post=18875"},{"taxonomy":"post_tag","embeddable":true,"href":"https:\/\/www.mines-stetienne.fr\/panoramines\/wp-json\/wp\/v2\/tags?post=18875"}],"curies":[{"name":"wp","href":"https:\/\/api.w.org\/{rel}","templated":true}]}}