{"id":18790,"date":"2019-08-20T16:31:47","date_gmt":"2019-08-20T14:31:47","guid":{"rendered":"https:\/\/www.mines-stetienne.fr\/panoramines\/?p=18790"},"modified":"2019-08-26T14:38:54","modified_gmt":"2019-08-26T12:38:54","slug":"nouvelles-opportunites-internationales-pour-nos-etudiants","status":"publish","type":"post","link":"https:\/\/www.mines-stetienne.fr\/panoramines\/2019\/08\/20\/nouvelles-opportunites-internationales-pour-nos-etudiants\/","title":{"rendered":"Nouvelles opportunit\u00e9s internationales pour nos \u00e9tudiants"},"content":{"rendered":"\n<h4 class=\"wp-block-heading\">Br\u00e9sil, \u00c9tats-Unis, Indon\u00e9sie, Cor\u00e9e, P\u00e9rou, Belgique, Estonie\u2026 de nouvelles destinations et domaines de l\u2019ing\u00e9nierie viennent \u00e9toffer les opportunit\u00e9s de mobilit\u00e9s offertes \u00e0 nos \u00e9l\u00e8ves-ing\u00e9nieurs (stages ou semestres acad\u00e9miques). Ces conventions sont le fruit de solides collaborations acad\u00e9miques initi\u00e9es par nos enseignants-chercheurs.<br><\/h4>\n\n\n\n<p><strong>Au Br\u00e9sil<\/strong> <br>L&rsquo; <a rel=\"noreferrer noopener\" aria-label=\"Instituto Tecnol\u00f3gico de Aeron\u00e1utica (ITA) (opens in a new tab)\" href=\"http:\/\/www.ita.br\/\" target=\"_blank\"><strong>Instituto Tecnol\u00f3gico de Aeron\u00e1utica (ITA)<\/strong><\/a> est un \u00e9tablissement d&rsquo;enseignement sup\u00e9rieur et de recherche avanc\u00e9e d\u00e9di\u00e9 aux sciences et technologies a\u00e9rospatiales : les mobilit\u00e9s \u00e9tudiantes b\u00e9n\u00e9ficieront du dispositif de bourses Brafitec.<\/p>\n\n\n\n<p><strong>Au P\u00e9rou<\/strong> <br>L&rsquo;accord sign\u00e9 avec la prestigieuse <strong><a rel=\"noreferrer noopener\" aria-label=\" (opens in a new tab)\" href=\"https:\/\/www.pucp.edu.pe\/\" target=\"_blank\">PUC P\u00e9rou<\/a><\/strong><a rel=\"noreferrer noopener\" aria-label=\" (opens in a new tab)\" href=\"https:\/\/www.pucp.edu.pe\/\" target=\"_blank\"> (Universit\u00e9 pontificale catholique)<\/a><strong> <\/strong>situ\u00e9e \u00e0 Lima concerne des programmes d\u2019\u00e9changes dans tous les domaines de l\u2019ing\u00e9nierie. Il s&rsquo;agit de notre deuxi\u00e8me partenariat engag\u00e9 dans ce pays.<\/p>\n\n\n\n<p><strong>Aux \u00c9tats-Unis<\/strong> <br>La convention sign\u00e9e sous la forme d&rsquo;un MOU (<em>Memorandum of Understanding <\/em>\/ Protocole d&rsquo;entente) avec l<strong>&lsquo;<\/strong><a rel=\"noreferrer noopener\" aria-label=\"University of Connecticut (opens in a new tab)\" href=\"https:\/\/uconn.edu\/\" target=\"_blank\"><strong>University of Connecticut<\/strong><\/a> comprend les collaborations de recherche, la mobilit\u00e9 d&rsquo;enseignants-chercheurs et  les \u00e9changes d&rsquo;\u00e9tudiants. <\/p>\n\n\n\n<p><strong>En Indon\u00e9sie<\/strong> <br>La convention avec la <strong><a href=\"https:\/\/ugm.ac.id\/\">Facult\u00e9 d\u2019ing\u00e9nierie de l&rsquo;Universit\u00e9 de Gadjah Mada<\/a><\/strong>.  concerne les \u00e9changes d&rsquo;\u00e9tudiants en mobilit\u00e9 sortante.&nbsp;<br>De nombreuses actions de collaboration sont d\u00e9velopp\u00e9es avec ce partenaire : cours conjoints, \u00e9changes de professeurs, s\u00e9minaires, recherche commune, et dor\u00e9navant \u00e9changes d&rsquo;\u00e9tudiants.<\/p>\n\n\n\n<p><strong>En Cor\u00e9e<\/strong><br>Le MOU, <em>Memorandum of Understanding<\/em>, r\u00e9cemment sign\u00e9 avec le <a href=\"http:\/\/kist_school.kist.re.kr\/\"><strong>KIST\u00a0Korea Institute of Science and Technology<\/strong><\/a>, inclut les mobilit\u00e9s \u00e9tudiantes, et fait suite aux collaborations et missions acad\u00e9miques suivies avec ce centre de recherche et d&rsquo;enseignement cor\u00e9en, nouveau partenaire de l&rsquo;\u00c9cole.<\/p>\n\n\n\n<p><strong>En Belgique<\/strong> <br>Un nouvel accord Erasmus vient d&rsquo;\u00eatre sign\u00e9 avec la <a rel=\"noreferrer noopener\" aria-label=\"Katholieke Universiteit Leuven (opens in a new tab)\" href=\"https:\/\/www.kuleuven.be\/kuleuven\/\" target=\"_blank\"><strong>Katholieke Universiteit Leuven<\/strong><\/a> (KULeuven) dans le domaine de la sant\u00e9 \/ Biomedical Engineering.<\/p>\n\n\n\n<p><strong>En Estonie<\/strong> <br>Pour m\u00e9moire, la convention Erasmus sign\u00e9e en juin dernier avec l<strong>\u2019<\/strong><a rel=\"noreferrer noopener\" href=\"https:\/\/www.ttu.ee\/en\/\" target=\"_blank\"><strong>Universit\u00e9 de Technologie de Tallinn<\/strong><\/a> (TalTech) concerne le domaine \u00ab\u00a0Industrial engineering\u00a0\u00bb.<\/p>\n\n\n\n<blockquote class=\"wp-block-quote is-layout-flow wp-block-quote-is-layout-flow\"><p>Ces partenariats prestigieux donnent la possibilit\u00e9 en particulier aux \u00e9tudiants ICM et ISMIN d&rsquo;effectuer une mobilit\u00e9 acad\u00e9mique ou stage.&nbsp;&nbsp;<\/p><\/blockquote>\n\n\n\n<p>Contact : <a href=\"&#x6d;&#x61;&#105;&#108;t&#x6f;&#x3a;&#x67;&#114;an&#x67;&#x65;&#114;&#64;e&#x6d;&#x73;&#x65;&#46;fr\">Florence Granger<\/a>, directrice du d\u00e9veloppement international<\/p>\n\n\n\n<hr class=\"wp-block-separator\" \/>\n","protected":false},"excerpt":{"rendered":"<p>Br\u00e9sil, \u00c9tats-Unis, Indon\u00e9sie, Cor\u00e9e, P\u00e9rou, Belgique, Estonie\u2026 de nouvelles destinations et domaines de l\u2019ing\u00e9nierie viennent \u00e9toffer les opportunit\u00e9s de mobilit\u00e9s offertes \u00e0 nos \u00e9l\u00e8ves-ing\u00e9nieurs (stages ou semestres acad\u00e9miques). Ces conventions sont le fruit de solides collaborations acad\u00e9miques initi\u00e9es par nos &hellip;<\/p>\n","protected":false},"author":3,"featured_media":18812,"comment_status":"closed","ping_status":"open","sticky":false,"template":"","format":"standard","meta":{"_relevanssi_hide_post":"","_relevanssi_hide_content":"","_relevanssi_pin_for_all":"","_relevanssi_pin_keywords":"","_relevanssi_unpin_keywords":"","_relevanssi_related_keywords":"","_relevanssi_related_include_ids":"","_relevanssi_related_exclude_ids":"","_relevanssi_related_no_append":"","_relevanssi_related_not_related":"","_relevanssi_related_posts":"","_relevanssi_noindex_reason":"","footnotes":""},"categories":[11],"tags":[37,42,421],"class_list":["post-18790","post","type-post","status-publish","format-standard","has-post-thumbnail","hentry","category-vie-de-l-ecole","tag-icm","tag-ismin","tag-mobilite-internationale"],"pp_statuses_selecting_workflow":false,"pp_workflow_action":"current","pp_status_selection":"publish","pp_force_visibility":null,"pp_subpost_visibility":null,"pp_inherited_force_visibility":null,"pp_inherited_subpost_visibility":null,"yoast_head":"<!-- This site is optimized with the Yoast SEO plugin v27.5 - https:\/\/yoast.com\/product\/yoast-seo-wordpress\/ -->\n<title>Nouvelles opportunit\u00e9s internationales pour nos \u00e9tudiants - Panoramines<\/title>\n<meta name=\"robots\" content=\"index, follow, max-snippet:-1, max-image-preview:large, max-video-preview:-1\" \/>\n<link rel=\"canonical\" href=\"https:\/\/www.mines-stetienne.fr\/panoramines\/2019\/08\/20\/nouvelles-opportunites-internationales-pour-nos-etudiants\/\" \/>\n<meta property=\"og:locale\" content=\"fr_FR\" \/>\n<meta property=\"og:type\" content=\"article\" \/>\n<meta property=\"og:title\" content=\"Nouvelles opportunit\u00e9s internationales pour nos \u00e9tudiants - Panoramines\" \/>\n<meta property=\"og:description\" content=\"Br\u00e9sil, \u00c9tats-Unis, Indon\u00e9sie, Cor\u00e9e, P\u00e9rou, Belgique, Estonie\u2026 de nouvelles destinations et domaines de l\u2019ing\u00e9nierie viennent \u00e9toffer les opportunit\u00e9s de mobilit\u00e9s offertes \u00e0 nos \u00e9l\u00e8ves-ing\u00e9nieurs (stages ou semestres acad\u00e9miques). Ces conventions sont le fruit de solides collaborations acad\u00e9miques initi\u00e9es par nos &hellip;\" \/>\n<meta property=\"og:url\" content=\"https:\/\/www.mines-stetienne.fr\/panoramines\/2019\/08\/20\/nouvelles-opportunites-internationales-pour-nos-etudiants\/\" \/>\n<meta property=\"og:site_name\" content=\"Panoramines\" \/>\n<meta property=\"article:published_time\" content=\"2019-08-20T14:31:47+00:00\" \/>\n<meta property=\"article:modified_time\" content=\"2019-08-26T12:38:54+00:00\" \/>\n<meta property=\"og:image\" content=\"https:\/\/www.mines-stetienne.fr\/panoramines\/wp-content\/uploads\/sites\/3\/2019\/08\/UneInternationale.jpg\" \/>\n\t<meta property=\"og:image:width\" content=\"692\" \/>\n\t<meta property=\"og:image:height\" content=\"367\" \/>\n\t<meta property=\"og:image:type\" content=\"image\/jpeg\" \/>\n<meta name=\"author\" content=\"Nathalie\" \/>\n<meta name=\"twitter:card\" content=\"summary_large_image\" \/>\n<meta name=\"twitter:label1\" content=\"\u00c9crit par\" \/>\n\t<meta name=\"twitter:data1\" content=\" Nathalie\" \/>\n\t<meta name=\"twitter:label2\" content=\"Dur\u00e9e de lecture estim\u00e9e\" \/>\n\t<meta name=\"twitter:data2\" content=\"2 minutes\" \/>\n<script type=\"application\/ld+json\" class=\"yoast-schema-graph\">{\"@context\":\"https:\\\/\\\/schema.org\",\"@graph\":[{\"@type\":\"Article\",\"@id\":\"https:\\\/\\\/www.mines-stetienne.fr\\\/panoramines\\\/2019\\\/08\\\/20\\\/nouvelles-opportunites-internationales-pour-nos-etudiants\\\/#article\",\"isPartOf\":{\"@id\":\"https:\\\/\\\/www.mines-stetienne.fr\\\/panoramines\\\/2019\\\/08\\\/20\\\/nouvelles-opportunites-internationales-pour-nos-etudiants\\\/\"},\"author\":{\"name\":\"Nathalie\",\"@id\":\"https:\\\/\\\/www.mines-stetienne.fr\\\/panoramines\\\/#\\\/schema\\\/person\\\/95e752e6dedac604ce4535123e0f8df7\"},\"headline\":\"Nouvelles opportunit\u00e9s internationales pour nos \u00e9tudiants\",\"datePublished\":\"2019-08-20T14:31:47+00:00\",\"dateModified\":\"2019-08-26T12:38:54+00:00\",\"mainEntityOfPage\":{\"@id\":\"https:\\\/\\\/www.mines-stetienne.fr\\\/panoramines\\\/2019\\\/08\\\/20\\\/nouvelles-opportunites-internationales-pour-nos-etudiants\\\/\"},\"wordCount\":358,\"image\":{\"@id\":\"https:\\\/\\\/www.mines-stetienne.fr\\\/panoramines\\\/2019\\\/08\\\/20\\\/nouvelles-opportunites-internationales-pour-nos-etudiants\\\/#primaryimage\"},\"thumbnailUrl\":\"https:\\\/\\\/www.mines-stetienne.fr\\\/panoramines\\\/wp-content\\\/uploads\\\/sites\\\/3\\\/2019\\\/08\\\/UneInternationale.jpg\",\"keywords\":[\"ICM\",\"ISMIN\",\"Mobilit\u00e9 internationale\"],\"articleSection\":[\"Vie de l'\u00c9cole\"],\"inLanguage\":\"fr-FR\"},{\"@type\":\"WebPage\",\"@id\":\"https:\\\/\\\/www.mines-stetienne.fr\\\/panoramines\\\/2019\\\/08\\\/20\\\/nouvelles-opportunites-internationales-pour-nos-etudiants\\\/\",\"url\":\"https:\\\/\\\/www.mines-stetienne.fr\\\/panoramines\\\/2019\\\/08\\\/20\\\/nouvelles-opportunites-internationales-pour-nos-etudiants\\\/\",\"name\":\"Nouvelles opportunit\u00e9s internationales pour nos \u00e9tudiants - Panoramines\",\"isPartOf\":{\"@id\":\"https:\\\/\\\/www.mines-stetienne.fr\\\/panoramines\\\/#website\"},\"primaryImageOfPage\":{\"@id\":\"https:\\\/\\\/www.mines-stetienne.fr\\\/panoramines\\\/2019\\\/08\\\/20\\\/nouvelles-opportunites-internationales-pour-nos-etudiants\\\/#primaryimage\"},\"image\":{\"@id\":\"https:\\\/\\\/www.mines-stetienne.fr\\\/panoramines\\\/2019\\\/08\\\/20\\\/nouvelles-opportunites-internationales-pour-nos-etudiants\\\/#primaryimage\"},\"thumbnailUrl\":\"https:\\\/\\\/www.mines-stetienne.fr\\\/panoramines\\\/wp-content\\\/uploads\\\/sites\\\/3\\\/2019\\\/08\\\/UneInternationale.jpg\",\"datePublished\":\"2019-08-20T14:31:47+00:00\",\"dateModified\":\"2019-08-26T12:38:54+00:00\",\"author\":{\"@id\":\"https:\\\/\\\/www.mines-stetienne.fr\\\/panoramines\\\/#\\\/schema\\\/person\\\/95e752e6dedac604ce4535123e0f8df7\"},\"breadcrumb\":{\"@id\":\"https:\\\/\\\/www.mines-stetienne.fr\\\/panoramines\\\/2019\\\/08\\\/20\\\/nouvelles-opportunites-internationales-pour-nos-etudiants\\\/#breadcrumb\"},\"inLanguage\":\"fr-FR\",\"potentialAction\":[{\"@type\":\"ReadAction\",\"target\":[\"https:\\\/\\\/www.mines-stetienne.fr\\\/panoramines\\\/2019\\\/08\\\/20\\\/nouvelles-opportunites-internationales-pour-nos-etudiants\\\/\"]}]},{\"@type\":\"ImageObject\",\"inLanguage\":\"fr-FR\",\"@id\":\"https:\\\/\\\/www.mines-stetienne.fr\\\/panoramines\\\/2019\\\/08\\\/20\\\/nouvelles-opportunites-internationales-pour-nos-etudiants\\\/#primaryimage\",\"url\":\"https:\\\/\\\/www.mines-stetienne.fr\\\/panoramines\\\/wp-content\\\/uploads\\\/sites\\\/3\\\/2019\\\/08\\\/UneInternationale.jpg\",\"contentUrl\":\"https:\\\/\\\/www.mines-stetienne.fr\\\/panoramines\\\/wp-content\\\/uploads\\\/sites\\\/3\\\/2019\\\/08\\\/UneInternationale.jpg\",\"width\":692,\"height\":367},{\"@type\":\"BreadcrumbList\",\"@id\":\"https:\\\/\\\/www.mines-stetienne.fr\\\/panoramines\\\/2019\\\/08\\\/20\\\/nouvelles-opportunites-internationales-pour-nos-etudiants\\\/#breadcrumb\",\"itemListElement\":[{\"@type\":\"ListItem\",\"position\":1,\"name\":\"Accueil\",\"item\":\"https:\\\/\\\/www.mines-stetienne.fr\\\/panoramines\\\/\"},{\"@type\":\"ListItem\",\"position\":2,\"name\":\"Nouvelles opportunit\u00e9s internationales pour nos \u00e9tudiants\"}]},{\"@type\":\"WebSite\",\"@id\":\"https:\\\/\\\/www.mines-stetienne.fr\\\/panoramines\\\/#website\",\"url\":\"https:\\\/\\\/www.mines-stetienne.fr\\\/panoramines\\\/\",\"name\":\"Panoramines\",\"description\":\"Panoramines, l\u2019actualit\u00e9 de MINES Saint-\u00c9tienne\",\"potentialAction\":[{\"@type\":\"SearchAction\",\"target\":{\"@type\":\"EntryPoint\",\"urlTemplate\":\"https:\\\/\\\/www.mines-stetienne.fr\\\/panoramines\\\/?s={search_term_string}\"},\"query-input\":{\"@type\":\"PropertyValueSpecification\",\"valueRequired\":true,\"valueName\":\"search_term_string\"}}],\"inLanguage\":\"fr-FR\"},{\"@type\":\"Person\",\"@id\":\"https:\\\/\\\/www.mines-stetienne.fr\\\/panoramines\\\/#\\\/schema\\\/person\\\/95e752e6dedac604ce4535123e0f8df7\",\"name\":\"Nathalie\",\"image\":{\"@type\":\"ImageObject\",\"inLanguage\":\"fr-FR\",\"@id\":\"https:\\\/\\\/www.mines-stetienne.fr\\\/panoramines\\\/wp-content\\\/uploads\\\/sites\\\/3\\\/2021\\\/07\\\/logo-75x75-1.png\",\"url\":\"https:\\\/\\\/www.mines-stetienne.fr\\\/panoramines\\\/wp-content\\\/uploads\\\/sites\\\/3\\\/2021\\\/07\\\/logo-75x75-1.png\",\"contentUrl\":\"https:\\\/\\\/www.mines-stetienne.fr\\\/panoramines\\\/wp-content\\\/uploads\\\/sites\\\/3\\\/2021\\\/07\\\/logo-75x75-1.png\",\"caption\":\"Nathalie\"},\"url\":\"https:\\\/\\\/www.mines-stetienne.fr\\\/panoramines\\\/author\\\/nathalie\\\/\"}]}<\/script>\n<!-- \/ Yoast SEO plugin. -->","yoast_head_json":{"title":"Nouvelles opportunit\u00e9s internationales pour nos \u00e9tudiants - Panoramines","robots":{"index":"index","follow":"follow","max-snippet":"max-snippet:-1","max-image-preview":"max-image-preview:large","max-video-preview":"max-video-preview:-1"},"canonical":"https:\/\/www.mines-stetienne.fr\/panoramines\/2019\/08\/20\/nouvelles-opportunites-internationales-pour-nos-etudiants\/","og_locale":"fr_FR","og_type":"article","og_title":"Nouvelles opportunit\u00e9s internationales pour nos \u00e9tudiants - Panoramines","og_description":"Br\u00e9sil, \u00c9tats-Unis, Indon\u00e9sie, Cor\u00e9e, P\u00e9rou, Belgique, Estonie\u2026 de nouvelles destinations et domaines de l\u2019ing\u00e9nierie viennent \u00e9toffer les opportunit\u00e9s de mobilit\u00e9s offertes \u00e0 nos \u00e9l\u00e8ves-ing\u00e9nieurs (stages ou semestres acad\u00e9miques). Ces conventions sont le fruit de solides collaborations acad\u00e9miques initi\u00e9es par nos &hellip;","og_url":"https:\/\/www.mines-stetienne.fr\/panoramines\/2019\/08\/20\/nouvelles-opportunites-internationales-pour-nos-etudiants\/","og_site_name":"Panoramines","article_published_time":"2019-08-20T14:31:47+00:00","article_modified_time":"2019-08-26T12:38:54+00:00","og_image":[{"width":692,"height":367,"url":"https:\/\/www.mines-stetienne.fr\/panoramines\/wp-content\/uploads\/sites\/3\/2019\/08\/UneInternationale.jpg","type":"image\/jpeg"}],"author":"Nathalie","twitter_card":"summary_large_image","twitter_misc":{"\u00c9crit par":" Nathalie","Dur\u00e9e de lecture estim\u00e9e":"2 minutes"},"schema":{"@context":"https:\/\/schema.org","@graph":[{"@type":"Article","@id":"https:\/\/www.mines-stetienne.fr\/panoramines\/2019\/08\/20\/nouvelles-opportunites-internationales-pour-nos-etudiants\/#article","isPartOf":{"@id":"https:\/\/www.mines-stetienne.fr\/panoramines\/2019\/08\/20\/nouvelles-opportunites-internationales-pour-nos-etudiants\/"},"author":{"name":"Nathalie","@id":"https:\/\/www.mines-stetienne.fr\/panoramines\/#\/schema\/person\/95e752e6dedac604ce4535123e0f8df7"},"headline":"Nouvelles opportunit\u00e9s internationales pour nos \u00e9tudiants","datePublished":"2019-08-20T14:31:47+00:00","dateModified":"2019-08-26T12:38:54+00:00","mainEntityOfPage":{"@id":"https:\/\/www.mines-stetienne.fr\/panoramines\/2019\/08\/20\/nouvelles-opportunites-internationales-pour-nos-etudiants\/"},"wordCount":358,"image":{"@id":"https:\/\/www.mines-stetienne.fr\/panoramines\/2019\/08\/20\/nouvelles-opportunites-internationales-pour-nos-etudiants\/#primaryimage"},"thumbnailUrl":"https:\/\/www.mines-stetienne.fr\/panoramines\/wp-content\/uploads\/sites\/3\/2019\/08\/UneInternationale.jpg","keywords":["ICM","ISMIN","Mobilit\u00e9 internationale"],"articleSection":["Vie de l'\u00c9cole"],"inLanguage":"fr-FR"},{"@type":"WebPage","@id":"https:\/\/www.mines-stetienne.fr\/panoramines\/2019\/08\/20\/nouvelles-opportunites-internationales-pour-nos-etudiants\/","url":"https:\/\/www.mines-stetienne.fr\/panoramines\/2019\/08\/20\/nouvelles-opportunites-internationales-pour-nos-etudiants\/","name":"Nouvelles opportunit\u00e9s internationales pour nos \u00e9tudiants - Panoramines","isPartOf":{"@id":"https:\/\/www.mines-stetienne.fr\/panoramines\/#website"},"primaryImageOfPage":{"@id":"https:\/\/www.mines-stetienne.fr\/panoramines\/2019\/08\/20\/nouvelles-opportunites-internationales-pour-nos-etudiants\/#primaryimage"},"image":{"@id":"https:\/\/www.mines-stetienne.fr\/panoramines\/2019\/08\/20\/nouvelles-opportunites-internationales-pour-nos-etudiants\/#primaryimage"},"thumbnailUrl":"https:\/\/www.mines-stetienne.fr\/panoramines\/wp-content\/uploads\/sites\/3\/2019\/08\/UneInternationale.jpg","datePublished":"2019-08-20T14:31:47+00:00","dateModified":"2019-08-26T12:38:54+00:00","author":{"@id":"https:\/\/www.mines-stetienne.fr\/panoramines\/#\/schema\/person\/95e752e6dedac604ce4535123e0f8df7"},"breadcrumb":{"@id":"https:\/\/www.mines-stetienne.fr\/panoramines\/2019\/08\/20\/nouvelles-opportunites-internationales-pour-nos-etudiants\/#breadcrumb"},"inLanguage":"fr-FR","potentialAction":[{"@type":"ReadAction","target":["https:\/\/www.mines-stetienne.fr\/panoramines\/2019\/08\/20\/nouvelles-opportunites-internationales-pour-nos-etudiants\/"]}]},{"@type":"ImageObject","inLanguage":"fr-FR","@id":"https:\/\/www.mines-stetienne.fr\/panoramines\/2019\/08\/20\/nouvelles-opportunites-internationales-pour-nos-etudiants\/#primaryimage","url":"https:\/\/www.mines-stetienne.fr\/panoramines\/wp-content\/uploads\/sites\/3\/2019\/08\/UneInternationale.jpg","contentUrl":"https:\/\/www.mines-stetienne.fr\/panoramines\/wp-content\/uploads\/sites\/3\/2019\/08\/UneInternationale.jpg","width":692,"height":367},{"@type":"BreadcrumbList","@id":"https:\/\/www.mines-stetienne.fr\/panoramines\/2019\/08\/20\/nouvelles-opportunites-internationales-pour-nos-etudiants\/#breadcrumb","itemListElement":[{"@type":"ListItem","position":1,"name":"Accueil","item":"https:\/\/www.mines-stetienne.fr\/panoramines\/"},{"@type":"ListItem","position":2,"name":"Nouvelles opportunit\u00e9s internationales pour nos \u00e9tudiants"}]},{"@type":"WebSite","@id":"https:\/\/www.mines-stetienne.fr\/panoramines\/#website","url":"https:\/\/www.mines-stetienne.fr\/panoramines\/","name":"Panoramines","description":"Panoramines, l\u2019actualit\u00e9 de MINES Saint-\u00c9tienne","potentialAction":[{"@type":"SearchAction","target":{"@type":"EntryPoint","urlTemplate":"https:\/\/www.mines-stetienne.fr\/panoramines\/?s={search_term_string}"},"query-input":{"@type":"PropertyValueSpecification","valueRequired":true,"valueName":"search_term_string"}}],"inLanguage":"fr-FR"},{"@type":"Person","@id":"https:\/\/www.mines-stetienne.fr\/panoramines\/#\/schema\/person\/95e752e6dedac604ce4535123e0f8df7","name":"Nathalie","image":{"@type":"ImageObject","inLanguage":"fr-FR","@id":"https:\/\/www.mines-stetienne.fr\/panoramines\/wp-content\/uploads\/sites\/3\/2021\/07\/logo-75x75-1.png","url":"https:\/\/www.mines-stetienne.fr\/panoramines\/wp-content\/uploads\/sites\/3\/2021\/07\/logo-75x75-1.png","contentUrl":"https:\/\/www.mines-stetienne.fr\/panoramines\/wp-content\/uploads\/sites\/3\/2021\/07\/logo-75x75-1.png","caption":"Nathalie"},"url":"https:\/\/www.mines-stetienne.fr\/panoramines\/author\/nathalie\/"}]}},"_links":{"self":[{"href":"https:\/\/www.mines-stetienne.fr\/panoramines\/wp-json\/wp\/v2\/posts\/18790","targetHints":{"allow":["GET"]}}],"collection":[{"href":"https:\/\/www.mines-stetienne.fr\/panoramines\/wp-json\/wp\/v2\/posts"}],"about":[{"href":"https:\/\/www.mines-stetienne.fr\/panoramines\/wp-json\/wp\/v2\/types\/post"}],"author":[{"embeddable":true,"href":"https:\/\/www.mines-stetienne.fr\/panoramines\/wp-json\/wp\/v2\/users\/3"}],"replies":[{"embeddable":true,"href":"https:\/\/www.mines-stetienne.fr\/panoramines\/wp-json\/wp\/v2\/comments?post=18790"}],"version-history":[{"count":14,"href":"https:\/\/www.mines-stetienne.fr\/panoramines\/wp-json\/wp\/v2\/posts\/18790\/revisions"}],"predecessor-version":[{"id":18838,"href":"https:\/\/www.mines-stetienne.fr\/panoramines\/wp-json\/wp\/v2\/posts\/18790\/revisions\/18838"}],"wp:featuredmedia":[{"embeddable":true,"href":"https:\/\/www.mines-stetienne.fr\/panoramines\/wp-json\/wp\/v2\/media\/18812"}],"wp:attachment":[{"href":"https:\/\/www.mines-stetienne.fr\/panoramines\/wp-json\/wp\/v2\/media?parent=18790"}],"wp:term":[{"taxonomy":"category","embeddable":true,"href":"https:\/\/www.mines-stetienne.fr\/panoramines\/wp-json\/wp\/v2\/categories?post=18790"},{"taxonomy":"post_tag","embeddable":true,"href":"https:\/\/www.mines-stetienne.fr\/panoramines\/wp-json\/wp\/v2\/tags?post=18790"}],"curies":[{"name":"wp","href":"https:\/\/api.w.org\/{rel}","templated":true}]}}