{"id":18510,"date":"2019-06-28T19:29:02","date_gmt":"2019-06-28T17:29:02","guid":{"rendered":"https:\/\/www.mines-stetienne.fr\/panoramines\/?p=18510"},"modified":"2019-07-03T15:09:04","modified_gmt":"2019-07-03T13:09:04","slug":"une-annee-tremplin-pour-arem","status":"publish","type":"post","link":"https:\/\/www.mines-stetienne.fr\/panoramines\/2019\/06\/28\/une-annee-tremplin-pour-arem\/","title":{"rendered":"Une ann\u00e9e tremplin pour AREM"},"content":{"rendered":"\n<h4 class=\"wp-block-heading\">Apr\u00e8s sa belle participation \u00e0 la coupe de France de robotique, l&rsquo;association de robotique et d&rsquo;\u00e9lectronique des \u00e9l\u00e8ves ISMIN repr\u00e9sentait l&rsquo;\u00c9cole \u00e0 la Techday organis\u00e9e par RS Components sur le site de TheCamp \u00e0 Aix-en-Provence.  L&rsquo;\u00e9v\u00e8nement regroupait plus d&rsquo;une centaine d&rsquo;industriels, startups et associations de robotique.<\/h4>\n\n\n\n<p>Entreprises, fabricants partenaires de <a rel=\"noreferrer noopener\" aria-label=\"RS Components (opens in a new tab)\" href=\"https:\/\/fr.rs-online.com\/web\/\" target=\"_blank\">RS Components<\/a>, \u00e9tudiants, startupers, et de nombreux visiteurs \u00e9taient pr\u00e9sents le 27 juin lors de la <a href=\"https:\/\/fr.rs-online.com\/web\/generalDisplay.html?id=events\/techday_event\"><strong>Techday<\/strong> RS Components<\/a>. <\/p>\n\n\n\n<p>Aux c\u00f4t\u00e9s d\u2019\u00e9quipes renomm\u00e9es telles que RobotTech Legends, RCT et Proj&amp;Tech, respectivement de Montpellier, Toulon et Saint-\u00c9tienne, <a href=\"https:\/\/twitter.com\/AREM_CDR\" target=\"_blank\" rel=\"noreferrer noopener\" aria-label=\"AREM (opens in a new tab)\">AREM<\/a> a propos\u00e9 sa table de jeu de la Coupe de France de Robotique et ses robots tr\u00e8s en vue lors des d\u00e9monstrations&nbsp;!<\/p>\n\n\n\n<ul class=\"wp-block-gallery columns-4 is-cropped wp-block-gallery-2 is-layout-flex wp-block-gallery-is-layout-flex\"><li class=\"blocks-gallery-item\"><figure><img loading=\"lazy\" decoding=\"async\" width=\"720\" height=\"526\" src=\"https:\/\/www.mines-stetienne.fr\/panoramines\/wp-content\/uploads\/sites\/3\/2019\/07\/PartenairesW1.jpg\" alt=\"\" data-id=\"18513\" data-link=\"https:\/\/www.mines-stetienne.fr\/panoramines\/?attachment_id=18513\" class=\"wp-image-18513\" srcset=\"https:\/\/www.mines-stetienne.fr\/panoramines\/wp-content\/uploads\/sites\/3\/2019\/07\/PartenairesW1.jpg 720w, https:\/\/www.mines-stetienne.fr\/panoramines\/wp-content\/uploads\/sites\/3\/2019\/07\/PartenairesW1-300x219.jpg 300w\" sizes=\"auto, (max-width: 720px) 100vw, 720px\" \/><\/figure><\/li><li class=\"blocks-gallery-item\"><figure><img loading=\"lazy\" decoding=\"async\" width=\"720\" height=\"510\" src=\"https:\/\/www.mines-stetienne.fr\/panoramines\/wp-content\/uploads\/sites\/3\/2019\/07\/StandW1.jpg\" alt=\"\" data-id=\"18514\" data-link=\"https:\/\/www.mines-stetienne.fr\/panoramines\/?attachment_id=18514\" class=\"wp-image-18514\" srcset=\"https:\/\/www.mines-stetienne.fr\/panoramines\/wp-content\/uploads\/sites\/3\/2019\/07\/StandW1.jpg 720w, https:\/\/www.mines-stetienne.fr\/panoramines\/wp-content\/uploads\/sites\/3\/2019\/07\/StandW1-300x213.jpg 300w, https:\/\/www.mines-stetienne.fr\/panoramines\/wp-content\/uploads\/sites\/3\/2019\/07\/StandW1-185x130.jpg 185w\" sizes=\"auto, (max-width: 720px) 100vw, 720px\" \/><\/figure><\/li><li class=\"blocks-gallery-item\"><figure><img loading=\"lazy\" decoding=\"async\" width=\"720\" height=\"512\" src=\"https:\/\/www.mines-stetienne.fr\/panoramines\/wp-content\/uploads\/sites\/3\/2019\/07\/table1W2-1.jpg\" alt=\"\" data-id=\"18515\" data-link=\"https:\/\/www.mines-stetienne.fr\/panoramines\/?attachment_id=18515\" class=\"wp-image-18515\" srcset=\"https:\/\/www.mines-stetienne.fr\/panoramines\/wp-content\/uploads\/sites\/3\/2019\/07\/table1W2-1.jpg 720w, https:\/\/www.mines-stetienne.fr\/panoramines\/wp-content\/uploads\/sites\/3\/2019\/07\/table1W2-1-300x213.jpg 300w\" sizes=\"auto, (max-width: 720px) 100vw, 720px\" \/><\/figure><\/li><li class=\"blocks-gallery-item\"><figure><img loading=\"lazy\" decoding=\"async\" width=\"720\" height=\"471\" src=\"https:\/\/www.mines-stetienne.fr\/panoramines\/wp-content\/uploads\/sites\/3\/2019\/07\/Table2W1.jpg\" alt=\"\" data-id=\"18516\" data-link=\"https:\/\/www.mines-stetienne.fr\/panoramines\/?attachment_id=18516\" class=\"wp-image-18516\" srcset=\"https:\/\/www.mines-stetienne.fr\/panoramines\/wp-content\/uploads\/sites\/3\/2019\/07\/Table2W1.jpg 720w, https:\/\/www.mines-stetienne.fr\/panoramines\/wp-content\/uploads\/sites\/3\/2019\/07\/Table2W1-300x196.jpg 300w, https:\/\/www.mines-stetienne.fr\/panoramines\/wp-content\/uploads\/sites\/3\/2019\/07\/Table2W1-350x230.jpg 350w\" sizes=\"auto, (max-width: 720px) 100vw, 720px\" \/><\/figure><\/li><\/ul>\n\n\n\n<p>Le stand AREM a permis de pr\u00e9senter l&rsquo;association, l&rsquo;\u00c9cole et le campus GC Provence \u00e0 de nombreux industriels pr\u00e9sents, dont CELDUC et Scaelec entreprises situ\u00e9es en r\u00e9gion st\u00e9phanoise.&nbsp;<\/p>\n\n\n\n<blockquote class=\"wp-block-quote is-layout-flow wp-block-quote-is-layout-flow\"><p><em>\u00ab\u00a0Nous avons profit\u00e9 de la journ\u00e9e pour d\u00e9marcher de potentiels partenaires pour nous aider \u00e0 financer la coupe de France de robotique 2020 !\u00a0\u00bb<\/em><\/p><\/blockquote>\n\n\n\n<p>Toutes nos f\u00e9licitations \u00e0 l&rsquo;ensemble des \u00e9l\u00e8ves pour leur engagement tout au long de l\u2019ann\u00e9e sur le Campus et au sein de Mines Saint-\u00c9tienne.<\/p>\n\n\n\n<figure class=\"wp-block-image\"><img loading=\"lazy\" decoding=\"async\" width=\"700\" height=\"426\" src=\"https:\/\/www.mines-stetienne.fr\/panoramines\/wp-content\/uploads\/sites\/3\/2019\/06\/Arem.jpg\" alt=\"\" class=\"wp-image-17929\" srcset=\"https:\/\/www.mines-stetienne.fr\/panoramines\/wp-content\/uploads\/sites\/3\/2019\/06\/Arem.jpg 700w, https:\/\/www.mines-stetienne.fr\/panoramines\/wp-content\/uploads\/sites\/3\/2019\/06\/Arem-300x183.jpg 300w\" sizes=\"auto, (max-width: 700px) 100vw, 700px\" \/><figcaption><strong>AREM<\/strong> s&rsquo;est hiss\u00e9e \u00e0 la 40e place de la coupe de France de Robotique 2019.<\/figcaption><\/figure>\n\n\n\n<p>Contact pour l&rsquo;\u00e9quipe : <strong><a href=\"&#x6d;&#97;i&#x6c;&#116;o&#x3a;&#101;n&#x7a;&#111;&#46;&#x63;&#97;s&#x74;&#105;l&#x6c;&#111;&#64;&#x65;&#116;u&#x2e;&#101;m&#x73;&#101;&#46;&#x66;&#114;\">Enzo Castillo<\/a><\/strong>, responsable Partenariats&nbsp;2019-2020<br><a rel=\"noreferrer noopener\" aria-label=\"Suivre l'actualit\u00e9 de l'association (opens in a new tab)\" href=\"https:\/\/twitter.com\/AREM_CDR\" target=\"_blank\">Suivre l&rsquo;actualit\u00e9 de l&rsquo;association<\/a><\/p>\n\n\n\n<hr class=\"wp-block-separator\" \/>\n","protected":false},"excerpt":{"rendered":"<p>Apr\u00e8s sa belle participation \u00e0 la coupe de France de robotique, l&rsquo;association de robotique et d&rsquo;\u00e9lectronique des \u00e9l\u00e8ves ISMIN repr\u00e9sentait l&rsquo;\u00c9cole \u00e0 la Techday organis\u00e9e par RS Components sur le site de TheCamp \u00e0 Aix-en-Provence. L&rsquo;\u00e9v\u00e8nement regroupait plus d&rsquo;une centaine &hellip;<\/p>\n","protected":false},"author":3,"featured_media":18523,"comment_status":"closed","ping_status":"open","sticky":false,"template":"","format":"standard","meta":{"_relevanssi_hide_post":"","_relevanssi_hide_content":"","_relevanssi_pin_for_all":"","_relevanssi_pin_keywords":"","_relevanssi_unpin_keywords":"","_relevanssi_related_keywords":"","_relevanssi_related_include_ids":"","_relevanssi_related_exclude_ids":"","_relevanssi_related_no_append":"","_relevanssi_related_not_related":"","_relevanssi_related_posts":"","_relevanssi_noindex_reason":"","footnotes":""},"categories":[8],"tags":[489,370,126,42,412],"class_list":["post-18510","post","type-post","status-publish","format-standard","has-post-thumbnail","hentry","category-vie-etudiante","tag-arem","tag-campus-gc-provence","tag-electronique","tag-ismin","tag-robotique"],"pp_statuses_selecting_workflow":false,"pp_workflow_action":"current","pp_status_selection":"publish","pp_force_visibility":null,"pp_subpost_visibility":null,"pp_inherited_force_visibility":null,"pp_inherited_subpost_visibility":null,"yoast_head":"<!-- This site is optimized with the Yoast SEO plugin v27.4 - https:\/\/yoast.com\/product\/yoast-seo-wordpress\/ -->\n<title>Une ann\u00e9e tremplin pour AREM - Panoramines<\/title>\n<meta name=\"robots\" content=\"index, follow, max-snippet:-1, max-image-preview:large, max-video-preview:-1\" \/>\n<link rel=\"canonical\" href=\"https:\/\/www.mines-stetienne.fr\/panoramines\/2019\/06\/28\/une-annee-tremplin-pour-arem\/\" \/>\n<meta property=\"og:locale\" content=\"fr_FR\" \/>\n<meta property=\"og:type\" content=\"article\" \/>\n<meta property=\"og:title\" content=\"Une ann\u00e9e tremplin pour AREM - Panoramines\" \/>\n<meta property=\"og:description\" content=\"Apr\u00e8s sa belle participation \u00e0 la coupe de France de robotique, l&rsquo;association de robotique et d&rsquo;\u00e9lectronique des \u00e9l\u00e8ves ISMIN repr\u00e9sentait l&rsquo;\u00c9cole \u00e0 la Techday organis\u00e9e par RS Components sur le site de TheCamp \u00e0 Aix-en-Provence. L&rsquo;\u00e9v\u00e8nement regroupait plus d&rsquo;une centaine &hellip;\" \/>\n<meta property=\"og:url\" content=\"https:\/\/www.mines-stetienne.fr\/panoramines\/2019\/06\/28\/une-annee-tremplin-pour-arem\/\" \/>\n<meta property=\"og:site_name\" content=\"Panoramines\" \/>\n<meta property=\"article:published_time\" content=\"2019-06-28T17:29:02+00:00\" \/>\n<meta property=\"article:modified_time\" content=\"2019-07-03T13:09:04+00:00\" \/>\n<meta property=\"og:image\" content=\"https:\/\/www.mines-stetienne.fr\/panoramines\/wp-content\/uploads\/sites\/3\/2019\/07\/UneAREM.jpg\" \/>\n\t<meta property=\"og:image:width\" content=\"700\" \/>\n\t<meta property=\"og:image:height\" content=\"325\" \/>\n\t<meta property=\"og:image:type\" content=\"image\/jpeg\" \/>\n<meta name=\"author\" content=\"Nathalie\" \/>\n<meta name=\"twitter:card\" content=\"summary_large_image\" \/>\n<meta name=\"twitter:label1\" content=\"\u00c9crit par\" \/>\n\t<meta name=\"twitter:data1\" content=\" Nathalie\" \/>\n\t<meta name=\"twitter:label2\" content=\"Dur\u00e9e de lecture estim\u00e9e\" \/>\n\t<meta name=\"twitter:data2\" content=\"1 minute\" \/>\n<script type=\"application\/ld+json\" class=\"yoast-schema-graph\">{\"@context\":\"https:\\\/\\\/schema.org\",\"@graph\":[{\"@type\":\"Article\",\"@id\":\"https:\\\/\\\/www.mines-stetienne.fr\\\/panoramines\\\/2019\\\/06\\\/28\\\/une-annee-tremplin-pour-arem\\\/#article\",\"isPartOf\":{\"@id\":\"https:\\\/\\\/www.mines-stetienne.fr\\\/panoramines\\\/2019\\\/06\\\/28\\\/une-annee-tremplin-pour-arem\\\/\"},\"author\":{\"name\":\"Nathalie\",\"@id\":\"https:\\\/\\\/www.mines-stetienne.fr\\\/panoramines\\\/#\\\/schema\\\/person\\\/95e752e6dedac604ce4535123e0f8df7\"},\"headline\":\"Une ann\u00e9e tremplin pour AREM\",\"datePublished\":\"2019-06-28T17:29:02+00:00\",\"dateModified\":\"2019-07-03T13:09:04+00:00\",\"mainEntityOfPage\":{\"@id\":\"https:\\\/\\\/www.mines-stetienne.fr\\\/panoramines\\\/2019\\\/06\\\/28\\\/une-annee-tremplin-pour-arem\\\/\"},\"wordCount\":243,\"image\":{\"@id\":\"https:\\\/\\\/www.mines-stetienne.fr\\\/panoramines\\\/2019\\\/06\\\/28\\\/une-annee-tremplin-pour-arem\\\/#primaryimage\"},\"thumbnailUrl\":\"https:\\\/\\\/www.mines-stetienne.fr\\\/panoramines\\\/wp-content\\\/uploads\\\/sites\\\/3\\\/2019\\\/07\\\/UneAREM.jpg\",\"keywords\":[\"AREM\",\"Campus GC Provence\",\"\u00c9lectronique\",\"ISMIN\",\"Robotique\"],\"articleSection\":[\"Vie \u00e9tudiante\"],\"inLanguage\":\"fr-FR\"},{\"@type\":\"WebPage\",\"@id\":\"https:\\\/\\\/www.mines-stetienne.fr\\\/panoramines\\\/2019\\\/06\\\/28\\\/une-annee-tremplin-pour-arem\\\/\",\"url\":\"https:\\\/\\\/www.mines-stetienne.fr\\\/panoramines\\\/2019\\\/06\\\/28\\\/une-annee-tremplin-pour-arem\\\/\",\"name\":\"Une ann\u00e9e tremplin pour AREM - Panoramines\",\"isPartOf\":{\"@id\":\"https:\\\/\\\/www.mines-stetienne.fr\\\/panoramines\\\/#website\"},\"primaryImageOfPage\":{\"@id\":\"https:\\\/\\\/www.mines-stetienne.fr\\\/panoramines\\\/2019\\\/06\\\/28\\\/une-annee-tremplin-pour-arem\\\/#primaryimage\"},\"image\":{\"@id\":\"https:\\\/\\\/www.mines-stetienne.fr\\\/panoramines\\\/2019\\\/06\\\/28\\\/une-annee-tremplin-pour-arem\\\/#primaryimage\"},\"thumbnailUrl\":\"https:\\\/\\\/www.mines-stetienne.fr\\\/panoramines\\\/wp-content\\\/uploads\\\/sites\\\/3\\\/2019\\\/07\\\/UneAREM.jpg\",\"datePublished\":\"2019-06-28T17:29:02+00:00\",\"dateModified\":\"2019-07-03T13:09:04+00:00\",\"author\":{\"@id\":\"https:\\\/\\\/www.mines-stetienne.fr\\\/panoramines\\\/#\\\/schema\\\/person\\\/95e752e6dedac604ce4535123e0f8df7\"},\"breadcrumb\":{\"@id\":\"https:\\\/\\\/www.mines-stetienne.fr\\\/panoramines\\\/2019\\\/06\\\/28\\\/une-annee-tremplin-pour-arem\\\/#breadcrumb\"},\"inLanguage\":\"fr-FR\",\"potentialAction\":[{\"@type\":\"ReadAction\",\"target\":[\"https:\\\/\\\/www.mines-stetienne.fr\\\/panoramines\\\/2019\\\/06\\\/28\\\/une-annee-tremplin-pour-arem\\\/\"]}]},{\"@type\":\"ImageObject\",\"inLanguage\":\"fr-FR\",\"@id\":\"https:\\\/\\\/www.mines-stetienne.fr\\\/panoramines\\\/2019\\\/06\\\/28\\\/une-annee-tremplin-pour-arem\\\/#primaryimage\",\"url\":\"https:\\\/\\\/www.mines-stetienne.fr\\\/panoramines\\\/wp-content\\\/uploads\\\/sites\\\/3\\\/2019\\\/07\\\/UneAREM.jpg\",\"contentUrl\":\"https:\\\/\\\/www.mines-stetienne.fr\\\/panoramines\\\/wp-content\\\/uploads\\\/sites\\\/3\\\/2019\\\/07\\\/UneAREM.jpg\",\"width\":700,\"height\":325},{\"@type\":\"BreadcrumbList\",\"@id\":\"https:\\\/\\\/www.mines-stetienne.fr\\\/panoramines\\\/2019\\\/06\\\/28\\\/une-annee-tremplin-pour-arem\\\/#breadcrumb\",\"itemListElement\":[{\"@type\":\"ListItem\",\"position\":1,\"name\":\"Accueil\",\"item\":\"https:\\\/\\\/www.mines-stetienne.fr\\\/panoramines\\\/\"},{\"@type\":\"ListItem\",\"position\":2,\"name\":\"Une ann\u00e9e tremplin pour AREM\"}]},{\"@type\":\"WebSite\",\"@id\":\"https:\\\/\\\/www.mines-stetienne.fr\\\/panoramines\\\/#website\",\"url\":\"https:\\\/\\\/www.mines-stetienne.fr\\\/panoramines\\\/\",\"name\":\"Panoramines\",\"description\":\"Panoramines, l\u2019actualit\u00e9 de MINES Saint-\u00c9tienne\",\"potentialAction\":[{\"@type\":\"SearchAction\",\"target\":{\"@type\":\"EntryPoint\",\"urlTemplate\":\"https:\\\/\\\/www.mines-stetienne.fr\\\/panoramines\\\/?s={search_term_string}\"},\"query-input\":{\"@type\":\"PropertyValueSpecification\",\"valueRequired\":true,\"valueName\":\"search_term_string\"}}],\"inLanguage\":\"fr-FR\"},{\"@type\":\"Person\",\"@id\":\"https:\\\/\\\/www.mines-stetienne.fr\\\/panoramines\\\/#\\\/schema\\\/person\\\/95e752e6dedac604ce4535123e0f8df7\",\"name\":\"Nathalie\",\"image\":{\"@type\":\"ImageObject\",\"inLanguage\":\"fr-FR\",\"@id\":\"https:\\\/\\\/www.mines-stetienne.fr\\\/panoramines\\\/wp-content\\\/uploads\\\/sites\\\/3\\\/2021\\\/07\\\/logo-75x75-1.png\",\"url\":\"https:\\\/\\\/www.mines-stetienne.fr\\\/panoramines\\\/wp-content\\\/uploads\\\/sites\\\/3\\\/2021\\\/07\\\/logo-75x75-1.png\",\"contentUrl\":\"https:\\\/\\\/www.mines-stetienne.fr\\\/panoramines\\\/wp-content\\\/uploads\\\/sites\\\/3\\\/2021\\\/07\\\/logo-75x75-1.png\",\"caption\":\"Nathalie\"},\"url\":\"https:\\\/\\\/www.mines-stetienne.fr\\\/panoramines\\\/author\\\/nathalie\\\/\"}]}<\/script>\n<!-- \/ Yoast SEO plugin. -->","yoast_head_json":{"title":"Une ann\u00e9e tremplin pour AREM - Panoramines","robots":{"index":"index","follow":"follow","max-snippet":"max-snippet:-1","max-image-preview":"max-image-preview:large","max-video-preview":"max-video-preview:-1"},"canonical":"https:\/\/www.mines-stetienne.fr\/panoramines\/2019\/06\/28\/une-annee-tremplin-pour-arem\/","og_locale":"fr_FR","og_type":"article","og_title":"Une ann\u00e9e tremplin pour AREM - Panoramines","og_description":"Apr\u00e8s sa belle participation \u00e0 la coupe de France de robotique, l&rsquo;association de robotique et d&rsquo;\u00e9lectronique des \u00e9l\u00e8ves ISMIN repr\u00e9sentait l&rsquo;\u00c9cole \u00e0 la Techday organis\u00e9e par RS Components sur le site de TheCamp \u00e0 Aix-en-Provence. L&rsquo;\u00e9v\u00e8nement regroupait plus d&rsquo;une centaine &hellip;","og_url":"https:\/\/www.mines-stetienne.fr\/panoramines\/2019\/06\/28\/une-annee-tremplin-pour-arem\/","og_site_name":"Panoramines","article_published_time":"2019-06-28T17:29:02+00:00","article_modified_time":"2019-07-03T13:09:04+00:00","og_image":[{"width":700,"height":325,"url":"https:\/\/www.mines-stetienne.fr\/panoramines\/wp-content\/uploads\/sites\/3\/2019\/07\/UneAREM.jpg","type":"image\/jpeg"}],"author":"Nathalie","twitter_card":"summary_large_image","twitter_misc":{"\u00c9crit par":" Nathalie","Dur\u00e9e de lecture estim\u00e9e":"1 minute"},"schema":{"@context":"https:\/\/schema.org","@graph":[{"@type":"Article","@id":"https:\/\/www.mines-stetienne.fr\/panoramines\/2019\/06\/28\/une-annee-tremplin-pour-arem\/#article","isPartOf":{"@id":"https:\/\/www.mines-stetienne.fr\/panoramines\/2019\/06\/28\/une-annee-tremplin-pour-arem\/"},"author":{"name":"Nathalie","@id":"https:\/\/www.mines-stetienne.fr\/panoramines\/#\/schema\/person\/95e752e6dedac604ce4535123e0f8df7"},"headline":"Une ann\u00e9e tremplin pour AREM","datePublished":"2019-06-28T17:29:02+00:00","dateModified":"2019-07-03T13:09:04+00:00","mainEntityOfPage":{"@id":"https:\/\/www.mines-stetienne.fr\/panoramines\/2019\/06\/28\/une-annee-tremplin-pour-arem\/"},"wordCount":243,"image":{"@id":"https:\/\/www.mines-stetienne.fr\/panoramines\/2019\/06\/28\/une-annee-tremplin-pour-arem\/#primaryimage"},"thumbnailUrl":"https:\/\/www.mines-stetienne.fr\/panoramines\/wp-content\/uploads\/sites\/3\/2019\/07\/UneAREM.jpg","keywords":["AREM","Campus GC Provence","\u00c9lectronique","ISMIN","Robotique"],"articleSection":["Vie \u00e9tudiante"],"inLanguage":"fr-FR"},{"@type":"WebPage","@id":"https:\/\/www.mines-stetienne.fr\/panoramines\/2019\/06\/28\/une-annee-tremplin-pour-arem\/","url":"https:\/\/www.mines-stetienne.fr\/panoramines\/2019\/06\/28\/une-annee-tremplin-pour-arem\/","name":"Une ann\u00e9e tremplin pour AREM - Panoramines","isPartOf":{"@id":"https:\/\/www.mines-stetienne.fr\/panoramines\/#website"},"primaryImageOfPage":{"@id":"https:\/\/www.mines-stetienne.fr\/panoramines\/2019\/06\/28\/une-annee-tremplin-pour-arem\/#primaryimage"},"image":{"@id":"https:\/\/www.mines-stetienne.fr\/panoramines\/2019\/06\/28\/une-annee-tremplin-pour-arem\/#primaryimage"},"thumbnailUrl":"https:\/\/www.mines-stetienne.fr\/panoramines\/wp-content\/uploads\/sites\/3\/2019\/07\/UneAREM.jpg","datePublished":"2019-06-28T17:29:02+00:00","dateModified":"2019-07-03T13:09:04+00:00","author":{"@id":"https:\/\/www.mines-stetienne.fr\/panoramines\/#\/schema\/person\/95e752e6dedac604ce4535123e0f8df7"},"breadcrumb":{"@id":"https:\/\/www.mines-stetienne.fr\/panoramines\/2019\/06\/28\/une-annee-tremplin-pour-arem\/#breadcrumb"},"inLanguage":"fr-FR","potentialAction":[{"@type":"ReadAction","target":["https:\/\/www.mines-stetienne.fr\/panoramines\/2019\/06\/28\/une-annee-tremplin-pour-arem\/"]}]},{"@type":"ImageObject","inLanguage":"fr-FR","@id":"https:\/\/www.mines-stetienne.fr\/panoramines\/2019\/06\/28\/une-annee-tremplin-pour-arem\/#primaryimage","url":"https:\/\/www.mines-stetienne.fr\/panoramines\/wp-content\/uploads\/sites\/3\/2019\/07\/UneAREM.jpg","contentUrl":"https:\/\/www.mines-stetienne.fr\/panoramines\/wp-content\/uploads\/sites\/3\/2019\/07\/UneAREM.jpg","width":700,"height":325},{"@type":"BreadcrumbList","@id":"https:\/\/www.mines-stetienne.fr\/panoramines\/2019\/06\/28\/une-annee-tremplin-pour-arem\/#breadcrumb","itemListElement":[{"@type":"ListItem","position":1,"name":"Accueil","item":"https:\/\/www.mines-stetienne.fr\/panoramines\/"},{"@type":"ListItem","position":2,"name":"Une ann\u00e9e tremplin pour AREM"}]},{"@type":"WebSite","@id":"https:\/\/www.mines-stetienne.fr\/panoramines\/#website","url":"https:\/\/www.mines-stetienne.fr\/panoramines\/","name":"Panoramines","description":"Panoramines, l\u2019actualit\u00e9 de MINES Saint-\u00c9tienne","potentialAction":[{"@type":"SearchAction","target":{"@type":"EntryPoint","urlTemplate":"https:\/\/www.mines-stetienne.fr\/panoramines\/?s={search_term_string}"},"query-input":{"@type":"PropertyValueSpecification","valueRequired":true,"valueName":"search_term_string"}}],"inLanguage":"fr-FR"},{"@type":"Person","@id":"https:\/\/www.mines-stetienne.fr\/panoramines\/#\/schema\/person\/95e752e6dedac604ce4535123e0f8df7","name":"Nathalie","image":{"@type":"ImageObject","inLanguage":"fr-FR","@id":"https:\/\/www.mines-stetienne.fr\/panoramines\/wp-content\/uploads\/sites\/3\/2021\/07\/logo-75x75-1.png","url":"https:\/\/www.mines-stetienne.fr\/panoramines\/wp-content\/uploads\/sites\/3\/2021\/07\/logo-75x75-1.png","contentUrl":"https:\/\/www.mines-stetienne.fr\/panoramines\/wp-content\/uploads\/sites\/3\/2021\/07\/logo-75x75-1.png","caption":"Nathalie"},"url":"https:\/\/www.mines-stetienne.fr\/panoramines\/author\/nathalie\/"}]}},"_links":{"self":[{"href":"https:\/\/www.mines-stetienne.fr\/panoramines\/wp-json\/wp\/v2\/posts\/18510","targetHints":{"allow":["GET"]}}],"collection":[{"href":"https:\/\/www.mines-stetienne.fr\/panoramines\/wp-json\/wp\/v2\/posts"}],"about":[{"href":"https:\/\/www.mines-stetienne.fr\/panoramines\/wp-json\/wp\/v2\/types\/post"}],"author":[{"embeddable":true,"href":"https:\/\/www.mines-stetienne.fr\/panoramines\/wp-json\/wp\/v2\/users\/3"}],"replies":[{"embeddable":true,"href":"https:\/\/www.mines-stetienne.fr\/panoramines\/wp-json\/wp\/v2\/comments?post=18510"}],"version-history":[{"count":11,"href":"https:\/\/www.mines-stetienne.fr\/panoramines\/wp-json\/wp\/v2\/posts\/18510\/revisions"}],"predecessor-version":[{"id":18558,"href":"https:\/\/www.mines-stetienne.fr\/panoramines\/wp-json\/wp\/v2\/posts\/18510\/revisions\/18558"}],"wp:featuredmedia":[{"embeddable":true,"href":"https:\/\/www.mines-stetienne.fr\/panoramines\/wp-json\/wp\/v2\/media\/18523"}],"wp:attachment":[{"href":"https:\/\/www.mines-stetienne.fr\/panoramines\/wp-json\/wp\/v2\/media?parent=18510"}],"wp:term":[{"taxonomy":"category","embeddable":true,"href":"https:\/\/www.mines-stetienne.fr\/panoramines\/wp-json\/wp\/v2\/categories?post=18510"},{"taxonomy":"post_tag","embeddable":true,"href":"https:\/\/www.mines-stetienne.fr\/panoramines\/wp-json\/wp\/v2\/tags?post=18510"}],"curies":[{"name":"wp","href":"https:\/\/api.w.org\/{rel}","templated":true}]}}