{"id":18428,"date":"2019-06-26T12:04:53","date_gmt":"2019-06-26T10:04:53","guid":{"rendered":"https:\/\/www.mines-stetienne.fr\/panoramines\/?p=18428"},"modified":"2024-03-07T16:28:00","modified_gmt":"2024-03-07T15:28:00","slug":"les-actions-associatives-en-vue","status":"publish","type":"post","link":"https:\/\/www.mines-stetienne.fr\/panoramines\/2019\/06\/26\/les-actions-associatives-en-vue\/","title":{"rendered":"Les actions associatives en vue !"},"content":{"rendered":"\n<h4 class=\"wp-block-heading\">F\u00e9licitations aux \u00e9l\u00e8ves-ing\u00e9nieurs pour leur engagement associatif et leurs actions au service du collectif : zoom ce mois-ci sur l&rsquo;animation de stands scientifiques, un partage passionn\u00e9 des sciences par Illu-Mines et la mobilisation de l&rsquo;association R\u00e9seau au service des \u00e9tudiants du Campus G. Charpak Provence.<\/h4>\n\n\n\n<h3 class=\"wp-block-heading\">\u00ab\u00a0Des ateliers de m\u00e9diation scientifique passionnants !\u00a0\u00bb<\/h3>\n\n\n\n<p>Une r\u00e9plique de volcan, une pompe \u00e0 vide, la maquette du syst\u00e8me solaire, des exp\u00e9riences sur le magn\u00e9tisme\u2026, <strong>l&rsquo;association Illu-Mines<\/strong> a conquis petit et grand public gr\u00e2ce \u00e0 ses ateliers divertissants et surprenants lors de la F\u00eate du Centre-Ancien de Gardanne le 22 juin. <br>Cet \u00e9v\u00e9nement convivial et associatif a rassembl\u00e9 musiciens, danseurs, photographes, associations humanitaires et culturelles autour de nombreuses animations pour le plus grand plaisir du public et des gardannais. <\/p>\n\n\n\n<ul class=\"wp-block-gallery columns-3 is-cropped wp-block-gallery-2 is-layout-flex wp-block-gallery-is-layout-flex\"><li class=\"blocks-gallery-item\"><figure><img loading=\"lazy\" decoding=\"async\" width=\"1024\" height=\"768\" src=\"https:\/\/www.mines-stetienne.fr\/panoramines\/wp-content\/uploads\/sites\/3\/2019\/06\/IlluminesHD1-1024x768.jpg\" alt=\"\" data-id=\"18398\" data-link=\"https:\/\/www.mines-stetienne.fr\/panoramines\/?attachment_id=18398\" class=\"wp-image-18398\" srcset=\"https:\/\/www.mines-stetienne.fr\/panoramines\/wp-content\/uploads\/sites\/3\/2019\/06\/IlluminesHD1-1024x768.jpg 1024w, https:\/\/www.mines-stetienne.fr\/panoramines\/wp-content\/uploads\/sites\/3\/2019\/06\/IlluminesHD1-300x225.jpg 300w, https:\/\/www.mines-stetienne.fr\/panoramines\/wp-content\/uploads\/sites\/3\/2019\/06\/IlluminesHD1-768x576.jpg 768w\" sizes=\"auto, (max-width: 1024px) 100vw, 1024px\" \/><figcaption>Forum Pass le 13 juin<\/figcaption><\/figure><\/li><li class=\"blocks-gallery-item\"><figure><img loading=\"lazy\" decoding=\"async\" width=\"750\" height=\"563\" src=\"https:\/\/www.mines-stetienne.fr\/panoramines\/wp-content\/uploads\/sites\/3\/2019\/06\/Fete_quartier_W3.jpg\" alt=\"\" data-id=\"18397\" data-link=\"https:\/\/www.mines-stetienne.fr\/panoramines\/?attachment_id=18397\" class=\"wp-image-18397\" srcset=\"https:\/\/www.mines-stetienne.fr\/panoramines\/wp-content\/uploads\/sites\/3\/2019\/06\/Fete_quartier_W3.jpg 750w, https:\/\/www.mines-stetienne.fr\/panoramines\/wp-content\/uploads\/sites\/3\/2019\/06\/Fete_quartier_W3-300x225.jpg 300w\" sizes=\"auto, (max-width: 750px) 100vw, 750px\" \/><figcaption>F\u00eate de quartier 22 juin<\/figcaption><\/figure><\/li><li class=\"blocks-gallery-item\"><figure><img loading=\"lazy\" decoding=\"async\" width=\"719\" height=\"683\" src=\"https:\/\/www.mines-stetienne.fr\/panoramines\/wp-content\/uploads\/sites\/3\/2019\/06\/fete_quartier_w2.jpg\" alt=\"\" data-id=\"18396\" data-link=\"https:\/\/www.mines-stetienne.fr\/panoramines\/?attachment_id=18396\" class=\"wp-image-18396\" srcset=\"https:\/\/www.mines-stetienne.fr\/panoramines\/wp-content\/uploads\/sites\/3\/2019\/06\/fete_quartier_w2.jpg 719w, https:\/\/www.mines-stetienne.fr\/panoramines\/wp-content\/uploads\/sites\/3\/2019\/06\/fete_quartier_w2-300x285.jpg 300w\" sizes=\"auto, (max-width: 719px) 100vw, 719px\" \/><figcaption>F\u00eate de quartier 22 juin<\/figcaption><\/figure><\/li><\/ul>\n\n\n\n<p>L\u2019association\ndes \u00e9l\u00e8ves ISMIN a \u00e9galement eu le plaisir d\u2019animer un stand sur\nl\u2019\u00e9lectromagn\u00e9tisme lors de la <a href=\"https:\/\/www.cerege.fr\/fr\/le-forum-des-projets-pass-edition-2019%20\" target=\"_blank\" rel=\"noreferrer noopener\"><strong>10<\/strong><\/a><a href=\"https:\/\/www.cerege.fr\/fr\/le-forum-des-projets-pass-edition-2019%20\" target=\"_blank\" rel=\"noreferrer noopener\"><strong><sup>e<\/sup><\/strong><\/a><a href=\"https:\/\/www.cerege.fr\/fr\/le-forum-des-projets-pass-edition-2019%20\" target=\"_blank\" rel=\"noreferrer noopener\"><strong>\n\u00e9dition du forum des projets PASS<\/strong><\/a> le 13 juin \u00e0 Aix-en-Provence. \u00c9coliers et\ncoll\u00e9giens ont pu d\u00e9couvrir le principe des boussoles, le freinage par courant\nde Foucault ou encore les propri\u00e9t\u00e9s des aimants&#8230;<br>\nCe forum regroupe annuellement des centaines de jeunes, \u00e9coles et coll\u00e8ges de\nREP et REP+ et de zones de revitalisation rurale de la r\u00e9gion\nd&rsquo;Aix-en-Provence. Tous pr\u00e9sentent les projets men\u00e9s durant l\u2019ann\u00e9e sur\ndiff\u00e9rents th\u00e8mes (graffitis v\u00e9g\u00e9taux, plan d&rsquo;adaptation du coll\u00e8ge aux normes\npour les personnes \u00e0 mobilit\u00e9 r\u00e9duite, proth\u00e8se de main articul\u00e9e imprim\u00e9e en\n3D&#8230;), les id\u00e9es ne manquent pas et les r\u00e9sultats sont remarquables. Les\nateliers scientifiques sont propos\u00e9s aux participants durant les d\u00e9lib\u00e9rations\ndu jury.<\/p>\n\n\n\n<blockquote class=\"wp-block-quote is-layout-flow wp-block-quote-is-layout-flow\"><p>En savoir plus sur <a href=\"http:\/\/illu-mines.emse.fr\/\">http:\/\/illu-mines.emse.fr\/<\/a><br> L\u2019\u00e9quipe 2019-2020 emmen\u00e9e par <a href=\"&#109;&#x61;i&#x6c;t&#111;&#x3a;&#101;&#x6e;z&#111;&#x2e;&#99;&#x61;s&#x74;&#x69;&#108;&#x6c;o&#x40;e&#116;&#x75;&#46;&#x65;m&#115;&#x65;&#46;&#x66;r\">Enzo Castillo<\/a> propose tout au long de l\u2019ann\u00e9e diverses activit\u00e9s de m\u00e9diation scientifique passionnantes.<\/p><\/blockquote>\n\n\n\n<hr class=\"wp-block-separator\" \/>\n\n\n\n<h3 class=\"wp-block-heading\"><strong>L&rsquo;association R\u00e9seau Minitel_ISMIN <\/strong>\u0153uvre au bien-\u00eatre de tous les \u00e9tudiants du Campus ! <\/h3>\n\n\n\n<p>Parmi leurs nombreuses initiatives, les \u00e9l\u00e8ves ont assur\u00e9 l\u2019installation et la configuration de nouveaux switchs au sein de la Maison des \u00e9l\u00e8ves du Campus G. Charpak Provence. Cela permet d\u2019augmenter le d\u00e9bit et de proposer une meilleure connexion aux \u00e9tudiants. Merci \u00e0 eux !<\/p>\n\n\n\n<figure class=\"wp-block-embed-twitter wp-block-embed is-type-rich is-provider-twitter\"><div class=\"wp-block-embed__wrapper\">\n<blockquote class=\"twitter-tweet\" data-width=\"550\" data-dnt=\"true\"><p lang=\"fr\" dir=\"ltr\">La semaine derni\u00e8re a eu lieu la derni\u00e8re soir\u00e9e de travail organis\u00e9e par Minitel sur le <a href=\"https:\/\/twitter.com\/CampusCharpak?ref_src=twsrc%5Etfw\">@CampusCharpak<\/a>, o\u00f9 les \u00e9tudiants sont venus nombreux travailler sur leur projet de Programmation Syst\u00e8me. <a href=\"https:\/\/twitter.com\/hashtag\/ISMIN?src=hash&amp;ref_src=twsrc%5Etfw\">#ISMIN<\/a> <a href=\"https:\/\/twitter.com\/hashtag\/Programmation?src=hash&amp;ref_src=twsrc%5Etfw\">#Programmation<\/a> <a href=\"https:\/\/t.co\/ld6fiSzXf6\">pic.twitter.com\/ld6fiSzXf6<\/a><\/p>&mdash; Minitel_ISMIN (@IsminMinitel) <a href=\"https:\/\/twitter.com\/IsminMinitel\/status\/1140941044562976768?ref_src=twsrc%5Etfw\">June 18, 2019<\/a><\/blockquote><script async src=\"https:\/\/platform.twitter.com\/widgets.js\" charset=\"utf-8\"><\/script>\n<\/div><\/figure>\n\n\n\n<hr class=\"wp-block-separator\" \/>\n","protected":false},"excerpt":{"rendered":"<p>F\u00e9licitations aux \u00e9l\u00e8ves-ing\u00e9nieurs pour leur engagement associatif et leurs actions au service du collectif : zoom ce mois-ci sur l&rsquo;animation de stands scientifiques, un partage passionn\u00e9 des sciences par Illu-Mines et la mobilisation de l&rsquo;association R\u00e9seau au service des \u00e9tudiants &hellip;<\/p>\n","protected":false},"author":3,"featured_media":18436,"comment_status":"closed","ping_status":"open","sticky":false,"template":"","format":"standard","meta":{"_relevanssi_hide_post":"","_relevanssi_hide_content":"","_relevanssi_pin_for_all":"","_relevanssi_pin_keywords":"","_relevanssi_unpin_keywords":"","_relevanssi_related_keywords":"","_relevanssi_related_include_ids":"","_relevanssi_related_exclude_ids":"","_relevanssi_related_no_append":"","_relevanssi_related_not_related":"","_relevanssi_related_posts":"","_relevanssi_noindex_reason":"","footnotes":""},"categories":[8],"tags":[],"class_list":["post-18428","post","type-post","status-publish","format-standard","has-post-thumbnail","hentry","category-vie-etudiante"],"pp_statuses_selecting_workflow":false,"pp_workflow_action":"current","pp_status_selection":"publish","pp_force_visibility":null,"pp_subpost_visibility":null,"pp_inherited_force_visibility":null,"pp_inherited_subpost_visibility":null,"yoast_head":"<!-- This site is optimized with the Yoast SEO plugin v27.4 - https:\/\/yoast.com\/product\/yoast-seo-wordpress\/ -->\n<title>Les actions associatives en vue ! - Panoramines<\/title>\n<meta name=\"robots\" content=\"index, follow, max-snippet:-1, max-image-preview:large, max-video-preview:-1\" \/>\n<link rel=\"canonical\" href=\"https:\/\/www.mines-stetienne.fr\/panoramines\/2019\/06\/26\/les-actions-associatives-en-vue\/\" \/>\n<meta property=\"og:locale\" content=\"fr_FR\" \/>\n<meta property=\"og:type\" content=\"article\" \/>\n<meta property=\"og:title\" content=\"Les actions associatives en vue ! - Panoramines\" \/>\n<meta property=\"og:description\" content=\"F\u00e9licitations aux \u00e9l\u00e8ves-ing\u00e9nieurs pour leur engagement associatif et leurs actions au service du collectif : zoom ce mois-ci sur l&rsquo;animation de stands scientifiques, un partage passionn\u00e9 des sciences par Illu-Mines et la mobilisation de l&rsquo;association R\u00e9seau au service des \u00e9tudiants &hellip;\" \/>\n<meta property=\"og:url\" content=\"https:\/\/www.mines-stetienne.fr\/panoramines\/2019\/06\/26\/les-actions-associatives-en-vue\/\" \/>\n<meta property=\"og:site_name\" content=\"Panoramines\" \/>\n<meta property=\"article:published_time\" content=\"2019-06-26T10:04:53+00:00\" \/>\n<meta property=\"article:modified_time\" content=\"2024-03-07T15:28:00+00:00\" \/>\n<meta property=\"og:image\" content=\"https:\/\/www.mines-stetienne.fr\/panoramines\/wp-content\/uploads\/sites\/3\/2019\/06\/UneIllumines19.jpg\" \/>\n\t<meta property=\"og:image:width\" content=\"700\" \/>\n\t<meta property=\"og:image:height\" content=\"316\" \/>\n\t<meta property=\"og:image:type\" content=\"image\/jpeg\" \/>\n<meta name=\"author\" content=\"Nathalie\" \/>\n<meta name=\"twitter:card\" content=\"summary_large_image\" \/>\n<meta name=\"twitter:label1\" content=\"\u00c9crit par\" \/>\n\t<meta name=\"twitter:data1\" content=\" Nathalie\" \/>\n\t<meta name=\"twitter:label2\" content=\"Dur\u00e9e de lecture estim\u00e9e\" \/>\n\t<meta name=\"twitter:data2\" content=\"2 minutes\" \/>\n<script type=\"application\/ld+json\" class=\"yoast-schema-graph\">{\"@context\":\"https:\\\/\\\/schema.org\",\"@graph\":[{\"@type\":\"Article\",\"@id\":\"https:\\\/\\\/www.mines-stetienne.fr\\\/panoramines\\\/2019\\\/06\\\/26\\\/les-actions-associatives-en-vue\\\/#article\",\"isPartOf\":{\"@id\":\"https:\\\/\\\/www.mines-stetienne.fr\\\/panoramines\\\/2019\\\/06\\\/26\\\/les-actions-associatives-en-vue\\\/\"},\"author\":{\"name\":\"Nathalie\",\"@id\":\"https:\\\/\\\/www.mines-stetienne.fr\\\/panoramines\\\/#\\\/schema\\\/person\\\/95e752e6dedac604ce4535123e0f8df7\"},\"headline\":\"Les actions associatives en vue !\",\"datePublished\":\"2019-06-26T10:04:53+00:00\",\"dateModified\":\"2024-03-07T15:28:00+00:00\",\"mainEntityOfPage\":{\"@id\":\"https:\\\/\\\/www.mines-stetienne.fr\\\/panoramines\\\/2019\\\/06\\\/26\\\/les-actions-associatives-en-vue\\\/\"},\"wordCount\":404,\"image\":{\"@id\":\"https:\\\/\\\/www.mines-stetienne.fr\\\/panoramines\\\/2019\\\/06\\\/26\\\/les-actions-associatives-en-vue\\\/#primaryimage\"},\"thumbnailUrl\":\"https:\\\/\\\/www.mines-stetienne.fr\\\/panoramines\\\/wp-content\\\/uploads\\\/sites\\\/3\\\/2019\\\/06\\\/UneIllumines19.jpg\",\"articleSection\":[\"Vie \u00e9tudiante\"],\"inLanguage\":\"fr-FR\"},{\"@type\":\"WebPage\",\"@id\":\"https:\\\/\\\/www.mines-stetienne.fr\\\/panoramines\\\/2019\\\/06\\\/26\\\/les-actions-associatives-en-vue\\\/\",\"url\":\"https:\\\/\\\/www.mines-stetienne.fr\\\/panoramines\\\/2019\\\/06\\\/26\\\/les-actions-associatives-en-vue\\\/\",\"name\":\"Les actions associatives en vue ! - Panoramines\",\"isPartOf\":{\"@id\":\"https:\\\/\\\/www.mines-stetienne.fr\\\/panoramines\\\/#website\"},\"primaryImageOfPage\":{\"@id\":\"https:\\\/\\\/www.mines-stetienne.fr\\\/panoramines\\\/2019\\\/06\\\/26\\\/les-actions-associatives-en-vue\\\/#primaryimage\"},\"image\":{\"@id\":\"https:\\\/\\\/www.mines-stetienne.fr\\\/panoramines\\\/2019\\\/06\\\/26\\\/les-actions-associatives-en-vue\\\/#primaryimage\"},\"thumbnailUrl\":\"https:\\\/\\\/www.mines-stetienne.fr\\\/panoramines\\\/wp-content\\\/uploads\\\/sites\\\/3\\\/2019\\\/06\\\/UneIllumines19.jpg\",\"datePublished\":\"2019-06-26T10:04:53+00:00\",\"dateModified\":\"2024-03-07T15:28:00+00:00\",\"author\":{\"@id\":\"https:\\\/\\\/www.mines-stetienne.fr\\\/panoramines\\\/#\\\/schema\\\/person\\\/95e752e6dedac604ce4535123e0f8df7\"},\"breadcrumb\":{\"@id\":\"https:\\\/\\\/www.mines-stetienne.fr\\\/panoramines\\\/2019\\\/06\\\/26\\\/les-actions-associatives-en-vue\\\/#breadcrumb\"},\"inLanguage\":\"fr-FR\",\"potentialAction\":[{\"@type\":\"ReadAction\",\"target\":[\"https:\\\/\\\/www.mines-stetienne.fr\\\/panoramines\\\/2019\\\/06\\\/26\\\/les-actions-associatives-en-vue\\\/\"]}]},{\"@type\":\"ImageObject\",\"inLanguage\":\"fr-FR\",\"@id\":\"https:\\\/\\\/www.mines-stetienne.fr\\\/panoramines\\\/2019\\\/06\\\/26\\\/les-actions-associatives-en-vue\\\/#primaryimage\",\"url\":\"https:\\\/\\\/www.mines-stetienne.fr\\\/panoramines\\\/wp-content\\\/uploads\\\/sites\\\/3\\\/2019\\\/06\\\/UneIllumines19.jpg\",\"contentUrl\":\"https:\\\/\\\/www.mines-stetienne.fr\\\/panoramines\\\/wp-content\\\/uploads\\\/sites\\\/3\\\/2019\\\/06\\\/UneIllumines19.jpg\",\"width\":700,\"height\":316},{\"@type\":\"BreadcrumbList\",\"@id\":\"https:\\\/\\\/www.mines-stetienne.fr\\\/panoramines\\\/2019\\\/06\\\/26\\\/les-actions-associatives-en-vue\\\/#breadcrumb\",\"itemListElement\":[{\"@type\":\"ListItem\",\"position\":1,\"name\":\"Accueil\",\"item\":\"https:\\\/\\\/www.mines-stetienne.fr\\\/panoramines\\\/\"},{\"@type\":\"ListItem\",\"position\":2,\"name\":\"Les actions associatives en vue !\"}]},{\"@type\":\"WebSite\",\"@id\":\"https:\\\/\\\/www.mines-stetienne.fr\\\/panoramines\\\/#website\",\"url\":\"https:\\\/\\\/www.mines-stetienne.fr\\\/panoramines\\\/\",\"name\":\"Panoramines\",\"description\":\"Panoramines, l\u2019actualit\u00e9 de MINES Saint-\u00c9tienne\",\"potentialAction\":[{\"@type\":\"SearchAction\",\"target\":{\"@type\":\"EntryPoint\",\"urlTemplate\":\"https:\\\/\\\/www.mines-stetienne.fr\\\/panoramines\\\/?s={search_term_string}\"},\"query-input\":{\"@type\":\"PropertyValueSpecification\",\"valueRequired\":true,\"valueName\":\"search_term_string\"}}],\"inLanguage\":\"fr-FR\"},{\"@type\":\"Person\",\"@id\":\"https:\\\/\\\/www.mines-stetienne.fr\\\/panoramines\\\/#\\\/schema\\\/person\\\/95e752e6dedac604ce4535123e0f8df7\",\"name\":\"Nathalie\",\"image\":{\"@type\":\"ImageObject\",\"inLanguage\":\"fr-FR\",\"@id\":\"https:\\\/\\\/www.mines-stetienne.fr\\\/panoramines\\\/wp-content\\\/uploads\\\/sites\\\/3\\\/2021\\\/07\\\/logo-75x75-1.png\",\"url\":\"https:\\\/\\\/www.mines-stetienne.fr\\\/panoramines\\\/wp-content\\\/uploads\\\/sites\\\/3\\\/2021\\\/07\\\/logo-75x75-1.png\",\"contentUrl\":\"https:\\\/\\\/www.mines-stetienne.fr\\\/panoramines\\\/wp-content\\\/uploads\\\/sites\\\/3\\\/2021\\\/07\\\/logo-75x75-1.png\",\"caption\":\"Nathalie\"},\"url\":\"https:\\\/\\\/www.mines-stetienne.fr\\\/panoramines\\\/author\\\/nathalie\\\/\"}]}<\/script>\n<!-- \/ Yoast SEO plugin. -->","yoast_head_json":{"title":"Les actions associatives en vue ! - Panoramines","robots":{"index":"index","follow":"follow","max-snippet":"max-snippet:-1","max-image-preview":"max-image-preview:large","max-video-preview":"max-video-preview:-1"},"canonical":"https:\/\/www.mines-stetienne.fr\/panoramines\/2019\/06\/26\/les-actions-associatives-en-vue\/","og_locale":"fr_FR","og_type":"article","og_title":"Les actions associatives en vue ! - Panoramines","og_description":"F\u00e9licitations aux \u00e9l\u00e8ves-ing\u00e9nieurs pour leur engagement associatif et leurs actions au service du collectif : zoom ce mois-ci sur l&rsquo;animation de stands scientifiques, un partage passionn\u00e9 des sciences par Illu-Mines et la mobilisation de l&rsquo;association R\u00e9seau au service des \u00e9tudiants &hellip;","og_url":"https:\/\/www.mines-stetienne.fr\/panoramines\/2019\/06\/26\/les-actions-associatives-en-vue\/","og_site_name":"Panoramines","article_published_time":"2019-06-26T10:04:53+00:00","article_modified_time":"2024-03-07T15:28:00+00:00","og_image":[{"width":700,"height":316,"url":"https:\/\/www.mines-stetienne.fr\/panoramines\/wp-content\/uploads\/sites\/3\/2019\/06\/UneIllumines19.jpg","type":"image\/jpeg"}],"author":"Nathalie","twitter_card":"summary_large_image","twitter_misc":{"\u00c9crit par":" Nathalie","Dur\u00e9e de lecture estim\u00e9e":"2 minutes"},"schema":{"@context":"https:\/\/schema.org","@graph":[{"@type":"Article","@id":"https:\/\/www.mines-stetienne.fr\/panoramines\/2019\/06\/26\/les-actions-associatives-en-vue\/#article","isPartOf":{"@id":"https:\/\/www.mines-stetienne.fr\/panoramines\/2019\/06\/26\/les-actions-associatives-en-vue\/"},"author":{"name":"Nathalie","@id":"https:\/\/www.mines-stetienne.fr\/panoramines\/#\/schema\/person\/95e752e6dedac604ce4535123e0f8df7"},"headline":"Les actions associatives en vue !","datePublished":"2019-06-26T10:04:53+00:00","dateModified":"2024-03-07T15:28:00+00:00","mainEntityOfPage":{"@id":"https:\/\/www.mines-stetienne.fr\/panoramines\/2019\/06\/26\/les-actions-associatives-en-vue\/"},"wordCount":404,"image":{"@id":"https:\/\/www.mines-stetienne.fr\/panoramines\/2019\/06\/26\/les-actions-associatives-en-vue\/#primaryimage"},"thumbnailUrl":"https:\/\/www.mines-stetienne.fr\/panoramines\/wp-content\/uploads\/sites\/3\/2019\/06\/UneIllumines19.jpg","articleSection":["Vie \u00e9tudiante"],"inLanguage":"fr-FR"},{"@type":"WebPage","@id":"https:\/\/www.mines-stetienne.fr\/panoramines\/2019\/06\/26\/les-actions-associatives-en-vue\/","url":"https:\/\/www.mines-stetienne.fr\/panoramines\/2019\/06\/26\/les-actions-associatives-en-vue\/","name":"Les actions associatives en vue ! - Panoramines","isPartOf":{"@id":"https:\/\/www.mines-stetienne.fr\/panoramines\/#website"},"primaryImageOfPage":{"@id":"https:\/\/www.mines-stetienne.fr\/panoramines\/2019\/06\/26\/les-actions-associatives-en-vue\/#primaryimage"},"image":{"@id":"https:\/\/www.mines-stetienne.fr\/panoramines\/2019\/06\/26\/les-actions-associatives-en-vue\/#primaryimage"},"thumbnailUrl":"https:\/\/www.mines-stetienne.fr\/panoramines\/wp-content\/uploads\/sites\/3\/2019\/06\/UneIllumines19.jpg","datePublished":"2019-06-26T10:04:53+00:00","dateModified":"2024-03-07T15:28:00+00:00","author":{"@id":"https:\/\/www.mines-stetienne.fr\/panoramines\/#\/schema\/person\/95e752e6dedac604ce4535123e0f8df7"},"breadcrumb":{"@id":"https:\/\/www.mines-stetienne.fr\/panoramines\/2019\/06\/26\/les-actions-associatives-en-vue\/#breadcrumb"},"inLanguage":"fr-FR","potentialAction":[{"@type":"ReadAction","target":["https:\/\/www.mines-stetienne.fr\/panoramines\/2019\/06\/26\/les-actions-associatives-en-vue\/"]}]},{"@type":"ImageObject","inLanguage":"fr-FR","@id":"https:\/\/www.mines-stetienne.fr\/panoramines\/2019\/06\/26\/les-actions-associatives-en-vue\/#primaryimage","url":"https:\/\/www.mines-stetienne.fr\/panoramines\/wp-content\/uploads\/sites\/3\/2019\/06\/UneIllumines19.jpg","contentUrl":"https:\/\/www.mines-stetienne.fr\/panoramines\/wp-content\/uploads\/sites\/3\/2019\/06\/UneIllumines19.jpg","width":700,"height":316},{"@type":"BreadcrumbList","@id":"https:\/\/www.mines-stetienne.fr\/panoramines\/2019\/06\/26\/les-actions-associatives-en-vue\/#breadcrumb","itemListElement":[{"@type":"ListItem","position":1,"name":"Accueil","item":"https:\/\/www.mines-stetienne.fr\/panoramines\/"},{"@type":"ListItem","position":2,"name":"Les actions associatives en vue !"}]},{"@type":"WebSite","@id":"https:\/\/www.mines-stetienne.fr\/panoramines\/#website","url":"https:\/\/www.mines-stetienne.fr\/panoramines\/","name":"Panoramines","description":"Panoramines, l\u2019actualit\u00e9 de MINES Saint-\u00c9tienne","potentialAction":[{"@type":"SearchAction","target":{"@type":"EntryPoint","urlTemplate":"https:\/\/www.mines-stetienne.fr\/panoramines\/?s={search_term_string}"},"query-input":{"@type":"PropertyValueSpecification","valueRequired":true,"valueName":"search_term_string"}}],"inLanguage":"fr-FR"},{"@type":"Person","@id":"https:\/\/www.mines-stetienne.fr\/panoramines\/#\/schema\/person\/95e752e6dedac604ce4535123e0f8df7","name":"Nathalie","image":{"@type":"ImageObject","inLanguage":"fr-FR","@id":"https:\/\/www.mines-stetienne.fr\/panoramines\/wp-content\/uploads\/sites\/3\/2021\/07\/logo-75x75-1.png","url":"https:\/\/www.mines-stetienne.fr\/panoramines\/wp-content\/uploads\/sites\/3\/2021\/07\/logo-75x75-1.png","contentUrl":"https:\/\/www.mines-stetienne.fr\/panoramines\/wp-content\/uploads\/sites\/3\/2021\/07\/logo-75x75-1.png","caption":"Nathalie"},"url":"https:\/\/www.mines-stetienne.fr\/panoramines\/author\/nathalie\/"}]}},"_links":{"self":[{"href":"https:\/\/www.mines-stetienne.fr\/panoramines\/wp-json\/wp\/v2\/posts\/18428","targetHints":{"allow":["GET"]}}],"collection":[{"href":"https:\/\/www.mines-stetienne.fr\/panoramines\/wp-json\/wp\/v2\/posts"}],"about":[{"href":"https:\/\/www.mines-stetienne.fr\/panoramines\/wp-json\/wp\/v2\/types\/post"}],"author":[{"embeddable":true,"href":"https:\/\/www.mines-stetienne.fr\/panoramines\/wp-json\/wp\/v2\/users\/3"}],"replies":[{"embeddable":true,"href":"https:\/\/www.mines-stetienne.fr\/panoramines\/wp-json\/wp\/v2\/comments?post=18428"}],"version-history":[{"count":2,"href":"https:\/\/www.mines-stetienne.fr\/panoramines\/wp-json\/wp\/v2\/posts\/18428\/revisions"}],"predecessor-version":[{"id":18432,"href":"https:\/\/www.mines-stetienne.fr\/panoramines\/wp-json\/wp\/v2\/posts\/18428\/revisions\/18432"}],"wp:featuredmedia":[{"embeddable":true,"href":"https:\/\/www.mines-stetienne.fr\/panoramines\/wp-json\/wp\/v2\/media\/18436"}],"wp:attachment":[{"href":"https:\/\/www.mines-stetienne.fr\/panoramines\/wp-json\/wp\/v2\/media?parent=18428"}],"wp:term":[{"taxonomy":"category","embeddable":true,"href":"https:\/\/www.mines-stetienne.fr\/panoramines\/wp-json\/wp\/v2\/categories?post=18428"},{"taxonomy":"post_tag","embeddable":true,"href":"https:\/\/www.mines-stetienne.fr\/panoramines\/wp-json\/wp\/v2\/tags?post=18428"}],"curies":[{"name":"wp","href":"https:\/\/api.w.org\/{rel}","templated":true}]}}