{"id":18393,"date":"2019-06-25T12:00:48","date_gmt":"2019-06-25T10:00:48","guid":{"rendered":"https:\/\/www.mines-stetienne.fr\/panoramines\/?p=18393"},"modified":"2019-06-30T17:46:10","modified_gmt":"2019-06-30T15:46:10","slug":"les-actions-citoyennes-des-eleves-ingenieurs","status":"publish","type":"post","link":"https:\/\/www.mines-stetienne.fr\/panoramines\/2019\/06\/25\/les-actions-citoyennes-des-eleves-ingenieurs\/","title":{"rendered":"Les actions citoyennes des \u00e9l\u00e8ves-ing\u00e9nieurs"},"content":{"rendered":"\n<h4 class=\"wp-block-heading\">Donner une seconde vie aux ordinateurs, initier les seniors \u00e0 l&rsquo;informatique, partager sa passion des sciences&#8230; les initiatives citoyennes, p\u00e9dagogiques et interg\u00e9n\u00e9rationnelles des \u00e9tudiants sont remarquables et montrent leur engagement et leur ouverture sur l&rsquo;interculturalit\u00e9. <br>Illustrations en cette fin d&rsquo;ann\u00e9e scolaire.<\/h4>\n\n\n\n<h3 class=\"wp-block-heading\">\u00ab\u00a0Ing\u00e9nieurs solidaires en action\u00a0\u00bb<\/h3>\n\n\n\n<ul class=\"wp-block-gallery columns-1 is-cropped wp-block-gallery-2 is-layout-flex wp-block-gallery-is-layout-flex\"><li class=\"blocks-gallery-item\"><figure><img loading=\"lazy\" decoding=\"async\" width=\"750\" height=\"407\" src=\"https:\/\/www.mines-stetienne.fr\/panoramines\/wp-content\/uploads\/sites\/3\/2019\/06\/DiplomesSeniorsISA.jpg\" alt=\"\" data-id=\"18399\" data-link=\"https:\/\/www.mines-stetienne.fr\/panoramines\/?attachment_id=18399\" class=\"wp-image-18399\" srcset=\"https:\/\/www.mines-stetienne.fr\/panoramines\/wp-content\/uploads\/sites\/3\/2019\/06\/DiplomesSeniorsISA.jpg 750w, https:\/\/www.mines-stetienne.fr\/panoramines\/wp-content\/uploads\/sites\/3\/2019\/06\/DiplomesSeniorsISA-300x163.jpg 300w\" sizes=\"auto, (max-width: 750px) 100vw, 750px\" \/><\/figure><\/li><\/ul>\n\n\n\n<p><strong>C\u00e9r\u00e9monie de remise de dipl\u00f4me par les \u00e9l\u00e8ves <\/strong><a href=\"https:\/\/www.facebook.com\/hashtag\/ismin?source=feed_text&amp;epa=HASHTAG&amp;__xts__%5B0%5D=68.ARDsO07yuKILU5IMiGwkBaF4DEdqGtGcIixxOIya5vIgMviSWQlc9yiSJbCAqRjt1XGpj6z_vYrZTIuRxm0mAN_ziwvL6ibLyEgdS50iv55if5DGp7f3kBCZcrSKvOK88RxAOimSlEEkXdDg_fnvXXTf3FPwNzK6pix8m65vaM5YgOT6wGo0H463LqFHTq_hnXRa-TtRbJfAlSL5J4IlqpuiNYZcJisYIaCoALWabFIcmGLEWU2tAtH9xMwaiR4_K7Az44fnWH6JVq0C6QmU8pD0voFjv8UROtFGN94JNFAqM_5uzTRZFM5b0rYb3FLaLHPOM8iQfMmJ6m70xESuisglqA&amp;__tn__=%2ANK-R\"><strong>#ISMIN<\/strong><\/a><strong> aux s\u00e9niors<\/strong> dans le cadre du projet ISA \u00ab\u00a0Ing\u00e9nieur solidaire en  action\u00a0\u00bb, une initiative acad\u00e9mique et citoyenne. Bravo et f\u00e9licitations \u00e0  tous !<\/p>\n\n\n\n<hr class=\"wp-block-separator\" \/>\n\n\n\n<h3 class=\"wp-block-heading\">Donner une seconde vie aux ordinateurs<\/h3>\n\n\n\n<p>Lorsque les postes informatiques ne sont plus compatibles avec les logiciels n\u00e9cessaires \u00e0 la formation des \u00e9l\u00e8ves, ils ne sont plus utilis\u00e9s. Le but des \u00e9tudiants est de leur offrir une seconde vie&nbsp;: les formater et installer un nouveau syst\u00e8me d\u2019exploitation plus l\u00e9ger ainsi que des logiciels de bureautique \u00e9l\u00e9mentaires. <br>Une fois recycl\u00e9s, ils trouvent une seconde vie au sein d&rsquo;\u00e9tablissements ou associations qui en feront bon usage&nbsp;!  <\/p>\n\n\n\n<ul class=\"wp-block-gallery columns-1 is-cropped wp-block-gallery-3 is-layout-flex wp-block-gallery-is-layout-flex\"><li class=\"blocks-gallery-item\"><figure><img loading=\"lazy\" decoding=\"async\" width=\"720\" height=\"358\" src=\"https:\/\/www.mines-stetienne.fr\/panoramines\/wp-content\/uploads\/sites\/3\/2019\/06\/ProjetEmmaus.jpg\" alt=\"\" data-id=\"18400\" data-link=\"https:\/\/www.mines-stetienne.fr\/panoramines\/?attachment_id=18400\" class=\"wp-image-18400\" srcset=\"https:\/\/www.mines-stetienne.fr\/panoramines\/wp-content\/uploads\/sites\/3\/2019\/06\/ProjetEmmaus.jpg 720w, https:\/\/www.mines-stetienne.fr\/panoramines\/wp-content\/uploads\/sites\/3\/2019\/06\/ProjetEmmaus-300x149.jpg 300w\" sizes=\"auto, (max-width: 720px) 100vw, 720px\" \/><\/figure><\/li><\/ul>\n\n\n\n<p><strong>Les \u00e9l\u00e8ves ISMIN<\/strong> \u00e0 Gardanne m\u00e8nent leur projet ISA en lien avec <strong>Emma\u00fcs<\/strong> : ils ont livr\u00e9 plusieurs ordinateurs remis en \u00e9tat par leurs soins tout au long de l&rsquo;ann\u00e9e.<\/p>\n\n\n\n<ul class=\"wp-block-gallery columns-1 is-cropped wp-block-gallery-4 is-layout-flex wp-block-gallery-is-layout-flex\"><li class=\"blocks-gallery-item\"><figure><img loading=\"lazy\" decoding=\"async\" width=\"720\" height=\"443\" src=\"https:\/\/www.mines-stetienne.fr\/panoramines\/wp-content\/uploads\/sites\/3\/2019\/06\/procitw1.jpg\" alt=\"\" data-id=\"18405\" data-link=\"https:\/\/www.mines-stetienne.fr\/panoramines\/?attachment_id=18405\" class=\"wp-image-18405\" srcset=\"https:\/\/www.mines-stetienne.fr\/panoramines\/wp-content\/uploads\/sites\/3\/2019\/06\/procitw1.jpg 720w, https:\/\/www.mines-stetienne.fr\/panoramines\/wp-content\/uploads\/sites\/3\/2019\/06\/procitw1-300x185.jpg 300w\" sizes=\"auto, (max-width: 720px) 100vw, 720px\" \/><\/figure><\/li><\/ul>\n\n\n\n<p>Cette action est aussi men\u00e9e depuis plusieurs ann\u00e9es \u00e0 Saint-\u00c9tienne. <strong>Un projet citoyen du cursus ICM <\/strong>permet \u00e0 des associations d\u2019acqu\u00e9rir ce mat\u00e9riel informatique ou \u00e0 des \u00e9coles de familiariser leurs \u00e9l\u00e8ves \u00e0 l\u2019utilisation d\u2019ordinateurs.<br>Depuis janvier 2018, 25 postes informatiques r\u00e9par\u00e9s ont \u00e9t\u00e9 livr\u00e9s \u00e0 (12 \u00e0 des \u00e9coles primaires de la r\u00e9gion et 13 \u00e0 une association). <\/p>\n\n\n\n<blockquote class=\"wp-block-quote is-layout-flow wp-block-quote-is-layout-flow\"><p><em>\u00ab\u00a0Nous sommes pr\u00eats \u00e0 aider divers organismes, centre de loisirs&#8230; N\u2019h\u00e9sitez pas \u00e0 nous contacter\u00a0si cette d\u00e9marche vous int\u00e9resse\u00a0! \u00bb<\/em><br>Contact pour le groupe Projet ICM : \u00a0<em><a href=\"ma&#105;&#108;&#116;&#x6f;&#x3a;&#x72;&#x65;cy&#99;&#108;&#101;&#x74;&#x6f;&#x6e;&#x70;os&#116;&#101;&#64;&#x6f;&#x75;&#x74;&#x6c;oo&#107;&#46;&#102;&#x72;\">r&#101;&#x63;&#x79;c&#108;&#x65;&#x74;o&#110;&#x70;&#x6f;s&#116;&#x65;&#x40;o&#117;&#x74;&#x6c;o&#111;&#107;&#x2e;&#x66;r<\/a>\u00a0<\/em><\/p><\/blockquote>\n\n\n\n<p>Ces actions s\u2019inscrivent aussi pleinement dans la politique de d\u00e9veloppement durable de l\u2019\u00c9cole. <\/p>\n\n\n\n<hr class=\"wp-block-separator\" \/>\n\n\n\n<h3 class=\"wp-block-heading\"><strong>Championnat R\u00e9gional des Mini-Entreprises EPA<\/strong><\/h3>\n\n\n\n<ul class=\"wp-block-gallery columns-1 is-cropped wp-block-gallery-5 is-layout-flex wp-block-gallery-is-layout-flex\"><li class=\"blocks-gallery-item\"><figure><img loading=\"lazy\" decoding=\"async\" width=\"700\" height=\"393\" src=\"https:\/\/www.mines-stetienne.fr\/panoramines\/wp-content\/uploads\/sites\/3\/2019\/06\/ISA_EPA2019-copie.jpg\" alt=\"\" data-id=\"18098\" data-link=\"https:\/\/www.mines-stetienne.fr\/panoramines\/?attachment_id=18098\" class=\"wp-image-18098\" srcset=\"https:\/\/www.mines-stetienne.fr\/panoramines\/wp-content\/uploads\/sites\/3\/2019\/06\/ISA_EPA2019-copie.jpg 700w, https:\/\/www.mines-stetienne.fr\/panoramines\/wp-content\/uploads\/sites\/3\/2019\/06\/ISA_EPA2019-copie-300x168.jpg 300w\" sizes=\"auto, (max-width: 700px) 100vw, 700px\" \/><figcaption>Bravo aux \u00e9l\u00e8ves pour avoir contribu\u00e9 \u00e0 la r\u00e9ussite de cette 7e \u00e9dition r\u00e9gionale qui \u00ab\u00a0vise \u00e0 mobiliser des entrepreneurs locaux pour proposer des programmes et former les jeunes (de l&rsquo;\u00e9cole primaire \u00e0 l&rsquo;universit\u00e9) \u00e0 l\u2019exp\u00e9rience entrepreneuriale\u00a0\u00bb.<\/figcaption><\/figure><\/li><\/ul>\n\n\n\n<p>Dans le cadre de leur projet ISA, un groupe d&rsquo;\u00e9l\u00e8ves ISMIN a accompagn\u00e9 l&rsquo;<a rel=\"noreferrer noopener\" aria-label=\"association Entreprendre Pour Apprendre (opens in a new tab)\" href=\"https:\/\/www.epa-paca.fr\/\" target=\"_blank\">association Entreprendre Pour Apprendre<\/a> Paca (EPA) pour organiser la finale du championnat r\u00e9gional des Mini-entreprises : la manifestation accueillait 1300 participants .  et a connu un vif succ\u00e8s.<br>Il s&rsquo;agissait de synchroniser 200 \u00e9valuations dans la journ\u00e9e et de structurer cette organisation annuelle pour la rendre p\u00e9renne. Notre \u00c9cole \u00e9tait \u00e9galement partenaire de l&rsquo;\u00e9v\u00e9nement via son dispositif entrepreneurial Team@Mines Saint \u00c9tienne.<\/p>\n\n\n\n<hr class=\"wp-block-separator\" \/>\n","protected":false},"excerpt":{"rendered":"<p>Donner une seconde vie aux ordinateurs, initier les seniors \u00e0 l&rsquo;informatique, partager sa passion des sciences&#8230; les initiatives citoyennes, p\u00e9dagogiques et interg\u00e9n\u00e9rationnelles des \u00e9tudiants sont remarquables et montrent leur engagement et leur ouverture sur l&rsquo;interculturalit\u00e9. Illustrations en cette fin d&rsquo;ann\u00e9e &hellip;<\/p>\n","protected":false},"author":3,"featured_media":18434,"comment_status":"closed","ping_status":"open","sticky":false,"template":"","format":"standard","meta":{"_relevanssi_hide_post":"","_relevanssi_hide_content":"","_relevanssi_pin_for_all":"","_relevanssi_pin_keywords":"","_relevanssi_unpin_keywords":"","_relevanssi_related_keywords":"","_relevanssi_related_include_ids":"","_relevanssi_related_exclude_ids":"","_relevanssi_related_no_append":"","_relevanssi_related_not_related":"","_relevanssi_related_posts":"","_relevanssi_noindex_reason":"","footnotes":""},"categories":[6],"tags":[171,42,131,100,323],"class_list":["post-18393","post","type-post","status-publish","format-standard","has-post-thumbnail","hentry","category-formation","tag-illumines","tag-ismin","tag-projet-icm","tag-projets-citoyens","tag-projets-isa"],"pp_statuses_selecting_workflow":false,"pp_workflow_action":"current","pp_status_selection":"publish","pp_force_visibility":null,"pp_subpost_visibility":null,"pp_inherited_force_visibility":null,"pp_inherited_subpost_visibility":null,"yoast_head":"<!-- This site is optimized with the Yoast SEO plugin v27.5 - https:\/\/yoast.com\/product\/yoast-seo-wordpress\/ -->\n<title>Les actions citoyennes des \u00e9l\u00e8ves-ing\u00e9nieurs - Panoramines<\/title>\n<meta name=\"robots\" content=\"index, follow, max-snippet:-1, max-image-preview:large, max-video-preview:-1\" \/>\n<link rel=\"canonical\" href=\"https:\/\/www.mines-stetienne.fr\/panoramines\/2019\/06\/25\/les-actions-citoyennes-des-eleves-ingenieurs\/\" \/>\n<meta property=\"og:locale\" content=\"fr_FR\" \/>\n<meta property=\"og:type\" content=\"article\" \/>\n<meta property=\"og:title\" content=\"Les actions citoyennes des \u00e9l\u00e8ves-ing\u00e9nieurs - Panoramines\" \/>\n<meta property=\"og:description\" content=\"Donner une seconde vie aux ordinateurs, initier les seniors \u00e0 l&rsquo;informatique, partager sa passion des sciences&#8230; les initiatives citoyennes, p\u00e9dagogiques et interg\u00e9n\u00e9rationnelles des \u00e9tudiants sont remarquables et montrent leur engagement et leur ouverture sur l&rsquo;interculturalit\u00e9. Illustrations en cette fin d&rsquo;ann\u00e9e &hellip;\" \/>\n<meta property=\"og:url\" content=\"https:\/\/www.mines-stetienne.fr\/panoramines\/2019\/06\/25\/les-actions-citoyennes-des-eleves-ingenieurs\/\" \/>\n<meta property=\"og:site_name\" content=\"Panoramines\" \/>\n<meta property=\"article:published_time\" content=\"2019-06-25T10:00:48+00:00\" \/>\n<meta property=\"article:modified_time\" content=\"2019-06-30T15:46:10+00:00\" \/>\n<meta property=\"og:image\" content=\"https:\/\/www.mines-stetienne.fr\/panoramines\/wp-content\/uploads\/sites\/3\/2019\/06\/UneETudiants.jpg\" \/>\n\t<meta property=\"og:image:width\" content=\"700\" \/>\n\t<meta property=\"og:image:height\" content=\"308\" \/>\n\t<meta property=\"og:image:type\" content=\"image\/jpeg\" \/>\n<meta name=\"author\" content=\"Nathalie\" \/>\n<meta name=\"twitter:card\" content=\"summary_large_image\" \/>\n<meta name=\"twitter:label1\" content=\"\u00c9crit par\" \/>\n\t<meta name=\"twitter:data1\" content=\" Nathalie\" \/>\n\t<meta name=\"twitter:label2\" content=\"Dur\u00e9e de lecture estim\u00e9e\" \/>\n\t<meta name=\"twitter:data2\" content=\"2 minutes\" \/>\n<script type=\"application\/ld+json\" class=\"yoast-schema-graph\">{\"@context\":\"https:\\\/\\\/schema.org\",\"@graph\":[{\"@type\":\"Article\",\"@id\":\"https:\\\/\\\/www.mines-stetienne.fr\\\/panoramines\\\/2019\\\/06\\\/25\\\/les-actions-citoyennes-des-eleves-ingenieurs\\\/#article\",\"isPartOf\":{\"@id\":\"https:\\\/\\\/www.mines-stetienne.fr\\\/panoramines\\\/2019\\\/06\\\/25\\\/les-actions-citoyennes-des-eleves-ingenieurs\\\/\"},\"author\":{\"name\":\"Nathalie\",\"@id\":\"https:\\\/\\\/www.mines-stetienne.fr\\\/panoramines\\\/#\\\/schema\\\/person\\\/95e752e6dedac604ce4535123e0f8df7\"},\"headline\":\"Les actions citoyennes des \u00e9l\u00e8ves-ing\u00e9nieurs\",\"datePublished\":\"2019-06-25T10:00:48+00:00\",\"dateModified\":\"2019-06-30T15:46:10+00:00\",\"mainEntityOfPage\":{\"@id\":\"https:\\\/\\\/www.mines-stetienne.fr\\\/panoramines\\\/2019\\\/06\\\/25\\\/les-actions-citoyennes-des-eleves-ingenieurs\\\/\"},\"wordCount\":443,\"image\":{\"@id\":\"https:\\\/\\\/www.mines-stetienne.fr\\\/panoramines\\\/2019\\\/06\\\/25\\\/les-actions-citoyennes-des-eleves-ingenieurs\\\/#primaryimage\"},\"thumbnailUrl\":\"https:\\\/\\\/www.mines-stetienne.fr\\\/panoramines\\\/wp-content\\\/uploads\\\/sites\\\/3\\\/2019\\\/06\\\/UneETudiants.jpg\",\"keywords\":[\"IlluMines\",\"ISMIN\",\"Projet ICM\",\"Projets citoyens\",\"Projets ISA\"],\"articleSection\":[\"Formation\"],\"inLanguage\":\"fr-FR\"},{\"@type\":\"WebPage\",\"@id\":\"https:\\\/\\\/www.mines-stetienne.fr\\\/panoramines\\\/2019\\\/06\\\/25\\\/les-actions-citoyennes-des-eleves-ingenieurs\\\/\",\"url\":\"https:\\\/\\\/www.mines-stetienne.fr\\\/panoramines\\\/2019\\\/06\\\/25\\\/les-actions-citoyennes-des-eleves-ingenieurs\\\/\",\"name\":\"Les actions citoyennes des \u00e9l\u00e8ves-ing\u00e9nieurs - Panoramines\",\"isPartOf\":{\"@id\":\"https:\\\/\\\/www.mines-stetienne.fr\\\/panoramines\\\/#website\"},\"primaryImageOfPage\":{\"@id\":\"https:\\\/\\\/www.mines-stetienne.fr\\\/panoramines\\\/2019\\\/06\\\/25\\\/les-actions-citoyennes-des-eleves-ingenieurs\\\/#primaryimage\"},\"image\":{\"@id\":\"https:\\\/\\\/www.mines-stetienne.fr\\\/panoramines\\\/2019\\\/06\\\/25\\\/les-actions-citoyennes-des-eleves-ingenieurs\\\/#primaryimage\"},\"thumbnailUrl\":\"https:\\\/\\\/www.mines-stetienne.fr\\\/panoramines\\\/wp-content\\\/uploads\\\/sites\\\/3\\\/2019\\\/06\\\/UneETudiants.jpg\",\"datePublished\":\"2019-06-25T10:00:48+00:00\",\"dateModified\":\"2019-06-30T15:46:10+00:00\",\"author\":{\"@id\":\"https:\\\/\\\/www.mines-stetienne.fr\\\/panoramines\\\/#\\\/schema\\\/person\\\/95e752e6dedac604ce4535123e0f8df7\"},\"breadcrumb\":{\"@id\":\"https:\\\/\\\/www.mines-stetienne.fr\\\/panoramines\\\/2019\\\/06\\\/25\\\/les-actions-citoyennes-des-eleves-ingenieurs\\\/#breadcrumb\"},\"inLanguage\":\"fr-FR\",\"potentialAction\":[{\"@type\":\"ReadAction\",\"target\":[\"https:\\\/\\\/www.mines-stetienne.fr\\\/panoramines\\\/2019\\\/06\\\/25\\\/les-actions-citoyennes-des-eleves-ingenieurs\\\/\"]}]},{\"@type\":\"ImageObject\",\"inLanguage\":\"fr-FR\",\"@id\":\"https:\\\/\\\/www.mines-stetienne.fr\\\/panoramines\\\/2019\\\/06\\\/25\\\/les-actions-citoyennes-des-eleves-ingenieurs\\\/#primaryimage\",\"url\":\"https:\\\/\\\/www.mines-stetienne.fr\\\/panoramines\\\/wp-content\\\/uploads\\\/sites\\\/3\\\/2019\\\/06\\\/UneETudiants.jpg\",\"contentUrl\":\"https:\\\/\\\/www.mines-stetienne.fr\\\/panoramines\\\/wp-content\\\/uploads\\\/sites\\\/3\\\/2019\\\/06\\\/UneETudiants.jpg\",\"width\":700,\"height\":308},{\"@type\":\"BreadcrumbList\",\"@id\":\"https:\\\/\\\/www.mines-stetienne.fr\\\/panoramines\\\/2019\\\/06\\\/25\\\/les-actions-citoyennes-des-eleves-ingenieurs\\\/#breadcrumb\",\"itemListElement\":[{\"@type\":\"ListItem\",\"position\":1,\"name\":\"Accueil\",\"item\":\"https:\\\/\\\/www.mines-stetienne.fr\\\/panoramines\\\/\"},{\"@type\":\"ListItem\",\"position\":2,\"name\":\"Les actions citoyennes des \u00e9l\u00e8ves-ing\u00e9nieurs\"}]},{\"@type\":\"WebSite\",\"@id\":\"https:\\\/\\\/www.mines-stetienne.fr\\\/panoramines\\\/#website\",\"url\":\"https:\\\/\\\/www.mines-stetienne.fr\\\/panoramines\\\/\",\"name\":\"Panoramines\",\"description\":\"Panoramines, l\u2019actualit\u00e9 de MINES Saint-\u00c9tienne\",\"potentialAction\":[{\"@type\":\"SearchAction\",\"target\":{\"@type\":\"EntryPoint\",\"urlTemplate\":\"https:\\\/\\\/www.mines-stetienne.fr\\\/panoramines\\\/?s={search_term_string}\"},\"query-input\":{\"@type\":\"PropertyValueSpecification\",\"valueRequired\":true,\"valueName\":\"search_term_string\"}}],\"inLanguage\":\"fr-FR\"},{\"@type\":\"Person\",\"@id\":\"https:\\\/\\\/www.mines-stetienne.fr\\\/panoramines\\\/#\\\/schema\\\/person\\\/95e752e6dedac604ce4535123e0f8df7\",\"name\":\"Nathalie\",\"image\":{\"@type\":\"ImageObject\",\"inLanguage\":\"fr-FR\",\"@id\":\"https:\\\/\\\/www.mines-stetienne.fr\\\/panoramines\\\/wp-content\\\/uploads\\\/sites\\\/3\\\/2021\\\/07\\\/logo-75x75-1.png\",\"url\":\"https:\\\/\\\/www.mines-stetienne.fr\\\/panoramines\\\/wp-content\\\/uploads\\\/sites\\\/3\\\/2021\\\/07\\\/logo-75x75-1.png\",\"contentUrl\":\"https:\\\/\\\/www.mines-stetienne.fr\\\/panoramines\\\/wp-content\\\/uploads\\\/sites\\\/3\\\/2021\\\/07\\\/logo-75x75-1.png\",\"caption\":\"Nathalie\"},\"url\":\"https:\\\/\\\/www.mines-stetienne.fr\\\/panoramines\\\/author\\\/nathalie\\\/\"}]}<\/script>\n<!-- \/ Yoast SEO plugin. -->","yoast_head_json":{"title":"Les actions citoyennes des \u00e9l\u00e8ves-ing\u00e9nieurs - Panoramines","robots":{"index":"index","follow":"follow","max-snippet":"max-snippet:-1","max-image-preview":"max-image-preview:large","max-video-preview":"max-video-preview:-1"},"canonical":"https:\/\/www.mines-stetienne.fr\/panoramines\/2019\/06\/25\/les-actions-citoyennes-des-eleves-ingenieurs\/","og_locale":"fr_FR","og_type":"article","og_title":"Les actions citoyennes des \u00e9l\u00e8ves-ing\u00e9nieurs - Panoramines","og_description":"Donner une seconde vie aux ordinateurs, initier les seniors \u00e0 l&rsquo;informatique, partager sa passion des sciences&#8230; les initiatives citoyennes, p\u00e9dagogiques et interg\u00e9n\u00e9rationnelles des \u00e9tudiants sont remarquables et montrent leur engagement et leur ouverture sur l&rsquo;interculturalit\u00e9. Illustrations en cette fin d&rsquo;ann\u00e9e &hellip;","og_url":"https:\/\/www.mines-stetienne.fr\/panoramines\/2019\/06\/25\/les-actions-citoyennes-des-eleves-ingenieurs\/","og_site_name":"Panoramines","article_published_time":"2019-06-25T10:00:48+00:00","article_modified_time":"2019-06-30T15:46:10+00:00","og_image":[{"width":700,"height":308,"url":"https:\/\/www.mines-stetienne.fr\/panoramines\/wp-content\/uploads\/sites\/3\/2019\/06\/UneETudiants.jpg","type":"image\/jpeg"}],"author":"Nathalie","twitter_card":"summary_large_image","twitter_misc":{"\u00c9crit par":" Nathalie","Dur\u00e9e de lecture estim\u00e9e":"2 minutes"},"schema":{"@context":"https:\/\/schema.org","@graph":[{"@type":"Article","@id":"https:\/\/www.mines-stetienne.fr\/panoramines\/2019\/06\/25\/les-actions-citoyennes-des-eleves-ingenieurs\/#article","isPartOf":{"@id":"https:\/\/www.mines-stetienne.fr\/panoramines\/2019\/06\/25\/les-actions-citoyennes-des-eleves-ingenieurs\/"},"author":{"name":"Nathalie","@id":"https:\/\/www.mines-stetienne.fr\/panoramines\/#\/schema\/person\/95e752e6dedac604ce4535123e0f8df7"},"headline":"Les actions citoyennes des \u00e9l\u00e8ves-ing\u00e9nieurs","datePublished":"2019-06-25T10:00:48+00:00","dateModified":"2019-06-30T15:46:10+00:00","mainEntityOfPage":{"@id":"https:\/\/www.mines-stetienne.fr\/panoramines\/2019\/06\/25\/les-actions-citoyennes-des-eleves-ingenieurs\/"},"wordCount":443,"image":{"@id":"https:\/\/www.mines-stetienne.fr\/panoramines\/2019\/06\/25\/les-actions-citoyennes-des-eleves-ingenieurs\/#primaryimage"},"thumbnailUrl":"https:\/\/www.mines-stetienne.fr\/panoramines\/wp-content\/uploads\/sites\/3\/2019\/06\/UneETudiants.jpg","keywords":["IlluMines","ISMIN","Projet ICM","Projets citoyens","Projets ISA"],"articleSection":["Formation"],"inLanguage":"fr-FR"},{"@type":"WebPage","@id":"https:\/\/www.mines-stetienne.fr\/panoramines\/2019\/06\/25\/les-actions-citoyennes-des-eleves-ingenieurs\/","url":"https:\/\/www.mines-stetienne.fr\/panoramines\/2019\/06\/25\/les-actions-citoyennes-des-eleves-ingenieurs\/","name":"Les actions citoyennes des \u00e9l\u00e8ves-ing\u00e9nieurs - Panoramines","isPartOf":{"@id":"https:\/\/www.mines-stetienne.fr\/panoramines\/#website"},"primaryImageOfPage":{"@id":"https:\/\/www.mines-stetienne.fr\/panoramines\/2019\/06\/25\/les-actions-citoyennes-des-eleves-ingenieurs\/#primaryimage"},"image":{"@id":"https:\/\/www.mines-stetienne.fr\/panoramines\/2019\/06\/25\/les-actions-citoyennes-des-eleves-ingenieurs\/#primaryimage"},"thumbnailUrl":"https:\/\/www.mines-stetienne.fr\/panoramines\/wp-content\/uploads\/sites\/3\/2019\/06\/UneETudiants.jpg","datePublished":"2019-06-25T10:00:48+00:00","dateModified":"2019-06-30T15:46:10+00:00","author":{"@id":"https:\/\/www.mines-stetienne.fr\/panoramines\/#\/schema\/person\/95e752e6dedac604ce4535123e0f8df7"},"breadcrumb":{"@id":"https:\/\/www.mines-stetienne.fr\/panoramines\/2019\/06\/25\/les-actions-citoyennes-des-eleves-ingenieurs\/#breadcrumb"},"inLanguage":"fr-FR","potentialAction":[{"@type":"ReadAction","target":["https:\/\/www.mines-stetienne.fr\/panoramines\/2019\/06\/25\/les-actions-citoyennes-des-eleves-ingenieurs\/"]}]},{"@type":"ImageObject","inLanguage":"fr-FR","@id":"https:\/\/www.mines-stetienne.fr\/panoramines\/2019\/06\/25\/les-actions-citoyennes-des-eleves-ingenieurs\/#primaryimage","url":"https:\/\/www.mines-stetienne.fr\/panoramines\/wp-content\/uploads\/sites\/3\/2019\/06\/UneETudiants.jpg","contentUrl":"https:\/\/www.mines-stetienne.fr\/panoramines\/wp-content\/uploads\/sites\/3\/2019\/06\/UneETudiants.jpg","width":700,"height":308},{"@type":"BreadcrumbList","@id":"https:\/\/www.mines-stetienne.fr\/panoramines\/2019\/06\/25\/les-actions-citoyennes-des-eleves-ingenieurs\/#breadcrumb","itemListElement":[{"@type":"ListItem","position":1,"name":"Accueil","item":"https:\/\/www.mines-stetienne.fr\/panoramines\/"},{"@type":"ListItem","position":2,"name":"Les actions citoyennes des \u00e9l\u00e8ves-ing\u00e9nieurs"}]},{"@type":"WebSite","@id":"https:\/\/www.mines-stetienne.fr\/panoramines\/#website","url":"https:\/\/www.mines-stetienne.fr\/panoramines\/","name":"Panoramines","description":"Panoramines, l\u2019actualit\u00e9 de MINES Saint-\u00c9tienne","potentialAction":[{"@type":"SearchAction","target":{"@type":"EntryPoint","urlTemplate":"https:\/\/www.mines-stetienne.fr\/panoramines\/?s={search_term_string}"},"query-input":{"@type":"PropertyValueSpecification","valueRequired":true,"valueName":"search_term_string"}}],"inLanguage":"fr-FR"},{"@type":"Person","@id":"https:\/\/www.mines-stetienne.fr\/panoramines\/#\/schema\/person\/95e752e6dedac604ce4535123e0f8df7","name":"Nathalie","image":{"@type":"ImageObject","inLanguage":"fr-FR","@id":"https:\/\/www.mines-stetienne.fr\/panoramines\/wp-content\/uploads\/sites\/3\/2021\/07\/logo-75x75-1.png","url":"https:\/\/www.mines-stetienne.fr\/panoramines\/wp-content\/uploads\/sites\/3\/2021\/07\/logo-75x75-1.png","contentUrl":"https:\/\/www.mines-stetienne.fr\/panoramines\/wp-content\/uploads\/sites\/3\/2021\/07\/logo-75x75-1.png","caption":"Nathalie"},"url":"https:\/\/www.mines-stetienne.fr\/panoramines\/author\/nathalie\/"}]}},"_links":{"self":[{"href":"https:\/\/www.mines-stetienne.fr\/panoramines\/wp-json\/wp\/v2\/posts\/18393","targetHints":{"allow":["GET"]}}],"collection":[{"href":"https:\/\/www.mines-stetienne.fr\/panoramines\/wp-json\/wp\/v2\/posts"}],"about":[{"href":"https:\/\/www.mines-stetienne.fr\/panoramines\/wp-json\/wp\/v2\/types\/post"}],"author":[{"embeddable":true,"href":"https:\/\/www.mines-stetienne.fr\/panoramines\/wp-json\/wp\/v2\/users\/3"}],"replies":[{"embeddable":true,"href":"https:\/\/www.mines-stetienne.fr\/panoramines\/wp-json\/wp\/v2\/comments?post=18393"}],"version-history":[{"count":15,"href":"https:\/\/www.mines-stetienne.fr\/panoramines\/wp-json\/wp\/v2\/posts\/18393\/revisions"}],"predecessor-version":[{"id":18474,"href":"https:\/\/www.mines-stetienne.fr\/panoramines\/wp-json\/wp\/v2\/posts\/18393\/revisions\/18474"}],"wp:featuredmedia":[{"embeddable":true,"href":"https:\/\/www.mines-stetienne.fr\/panoramines\/wp-json\/wp\/v2\/media\/18434"}],"wp:attachment":[{"href":"https:\/\/www.mines-stetienne.fr\/panoramines\/wp-json\/wp\/v2\/media?parent=18393"}],"wp:term":[{"taxonomy":"category","embeddable":true,"href":"https:\/\/www.mines-stetienne.fr\/panoramines\/wp-json\/wp\/v2\/categories?post=18393"},{"taxonomy":"post_tag","embeddable":true,"href":"https:\/\/www.mines-stetienne.fr\/panoramines\/wp-json\/wp\/v2\/tags?post=18393"}],"curies":[{"name":"wp","href":"https:\/\/api.w.org\/{rel}","templated":true}]}}