{"id":18115,"date":"2019-05-31T11:54:09","date_gmt":"2019-05-31T09:54:09","guid":{"rendered":"https:\/\/www.mines-stetienne.fr\/panoramines\/?p=18115"},"modified":"2024-03-07T15:42:02","modified_gmt":"2024-03-07T14:42:02","slug":"projet-isa-epa-paca","status":"publish","type":"post","link":"https:\/\/www.mines-stetienne.fr\/panoramines\/2019\/05\/31\/projet-isa-epa-paca\/","title":{"rendered":"Projet ISA \/ EPA PACA"},"content":{"rendered":"\n<p>Les \u00e9l\u00e8ves ISMIN ont accompagn\u00e9 l&rsquo;<a rel=\"noreferrer noopener\" href=\"https:\/\/www.epa-paca.fr\/\" target=\"_blank\">association Entreprendre Pour Apprendre<\/a> Paca (projet Ing\u00e9nieur solidaire en Action) dans l&rsquo;organisation de la finale du championnat r\u00e9gional des Mini-entreprises le 31 mai : la manifestation accueillait 1300 participants et a connu un vif succ\u00e8s. Il s&rsquo;agissait  de synchroniser 200 \u00e9valuations dans la journ\u00e9e et de structurer cette organisation annuelle pour la rendre p\u00e9renne.<\/p>\n","protected":false},"excerpt":{"rendered":"<p>Les \u00e9l\u00e8ves ISMIN ont accompagn\u00e9 l&rsquo;association Entreprendre Pour Apprendre Paca (projet Ing\u00e9nieur solidaire en Action) dans l&rsquo;organisation de la finale du championnat r\u00e9gional des Mini-entreprises le 31 mai : la manifestation accueillait 1300 participants et a connu un vif succ\u00e8s. &hellip;<\/p>\n","protected":false},"author":3,"featured_media":18098,"comment_status":"closed","ping_status":"open","sticky":false,"template":"","format":"standard","meta":{"_relevanssi_hide_post":"","_relevanssi_hide_content":"","_relevanssi_pin_for_all":"","_relevanssi_pin_keywords":"","_relevanssi_unpin_keywords":"","_relevanssi_related_keywords":"","_relevanssi_related_include_ids":"","_relevanssi_related_exclude_ids":"","_relevanssi_related_no_append":"","_relevanssi_related_not_related":"","_relevanssi_related_posts":"22969,16161,20038,17336,18075,24386","_relevanssi_noindex_reason":"","footnotes":""},"categories":[8],"tags":[42,323,411],"class_list":["post-18115","post","type-post","status-publish","format-standard","has-post-thumbnail","hentry","category-vie-etudiante","tag-ismin","tag-projets-isa","tag-region-sud-paca"],"pp_statuses_selecting_workflow":false,"pp_workflow_action":"current","pp_status_selection":"publish","pp_force_visibility":null,"pp_subpost_visibility":null,"pp_inherited_force_visibility":null,"pp_inherited_subpost_visibility":null,"yoast_head":"<!-- This site is optimized with the Yoast SEO plugin v27.4 - https:\/\/yoast.com\/product\/yoast-seo-wordpress\/ -->\n<title>Projet ISA \/ EPA PACA - Panoramines<\/title>\n<meta name=\"robots\" content=\"index, follow, max-snippet:-1, max-image-preview:large, max-video-preview:-1\" \/>\n<link rel=\"canonical\" href=\"https:\/\/www.mines-stetienne.fr\/panoramines\/2019\/05\/31\/projet-isa-epa-paca\/\" \/>\n<meta property=\"og:locale\" content=\"fr_FR\" \/>\n<meta property=\"og:type\" content=\"article\" \/>\n<meta property=\"og:title\" content=\"Projet ISA \/ EPA PACA - Panoramines\" \/>\n<meta property=\"og:description\" content=\"Les \u00e9l\u00e8ves ISMIN ont accompagn\u00e9 l&rsquo;association Entreprendre Pour Apprendre Paca (projet Ing\u00e9nieur solidaire en Action) dans l&rsquo;organisation de la finale du championnat r\u00e9gional des Mini-entreprises le 31 mai : la manifestation accueillait 1300 participants et a connu un vif succ\u00e8s. &hellip;\" \/>\n<meta property=\"og:url\" content=\"https:\/\/www.mines-stetienne.fr\/panoramines\/2019\/05\/31\/projet-isa-epa-paca\/\" \/>\n<meta property=\"og:site_name\" content=\"Panoramines\" \/>\n<meta property=\"article:published_time\" content=\"2019-05-31T09:54:09+00:00\" \/>\n<meta property=\"article:modified_time\" content=\"2024-03-07T14:42:02+00:00\" \/>\n<meta property=\"og:image\" content=\"https:\/\/www.mines-stetienne.fr\/panoramines\/wp-content\/uploads\/sites\/3\/2019\/06\/ISA_EPA2019-copie.jpg\" \/>\n\t<meta property=\"og:image:width\" content=\"700\" \/>\n\t<meta property=\"og:image:height\" content=\"393\" \/>\n\t<meta property=\"og:image:type\" content=\"image\/jpeg\" \/>\n<meta name=\"author\" content=\"Nathalie\" \/>\n<meta name=\"twitter:card\" content=\"summary_large_image\" \/>\n<meta name=\"twitter:label1\" content=\"\u00c9crit par\" \/>\n\t<meta name=\"twitter:data1\" content=\" Nathalie\" \/>\n\t<meta name=\"twitter:label2\" content=\"Dur\u00e9e de lecture estim\u00e9e\" \/>\n\t<meta name=\"twitter:data2\" content=\"1 minute\" \/>\n<script type=\"application\/ld+json\" class=\"yoast-schema-graph\">{\"@context\":\"https:\\\/\\\/schema.org\",\"@graph\":[{\"@type\":\"Article\",\"@id\":\"https:\\\/\\\/www.mines-stetienne.fr\\\/panoramines\\\/2019\\\/05\\\/31\\\/projet-isa-epa-paca\\\/#article\",\"isPartOf\":{\"@id\":\"https:\\\/\\\/www.mines-stetienne.fr\\\/panoramines\\\/2019\\\/05\\\/31\\\/projet-isa-epa-paca\\\/\"},\"author\":{\"name\":\"Nathalie\",\"@id\":\"https:\\\/\\\/www.mines-stetienne.fr\\\/panoramines\\\/#\\\/schema\\\/person\\\/95e752e6dedac604ce4535123e0f8df7\"},\"headline\":\"Projet ISA \\\/ EPA PACA\",\"datePublished\":\"2019-05-31T09:54:09+00:00\",\"dateModified\":\"2024-03-07T14:42:02+00:00\",\"mainEntityOfPage\":{\"@id\":\"https:\\\/\\\/www.mines-stetienne.fr\\\/panoramines\\\/2019\\\/05\\\/31\\\/projet-isa-epa-paca\\\/\"},\"wordCount\":65,\"image\":{\"@id\":\"https:\\\/\\\/www.mines-stetienne.fr\\\/panoramines\\\/2019\\\/05\\\/31\\\/projet-isa-epa-paca\\\/#primaryimage\"},\"thumbnailUrl\":\"https:\\\/\\\/www.mines-stetienne.fr\\\/panoramines\\\/wp-content\\\/uploads\\\/sites\\\/3\\\/2019\\\/06\\\/ISA_EPA2019-copie.jpg\",\"keywords\":[\"ISMIN\",\"Projets ISA\",\"R\u00e9gion Sud-PACA\"],\"articleSection\":[\"Vie \u00e9tudiante\"],\"inLanguage\":\"fr-FR\"},{\"@type\":\"WebPage\",\"@id\":\"https:\\\/\\\/www.mines-stetienne.fr\\\/panoramines\\\/2019\\\/05\\\/31\\\/projet-isa-epa-paca\\\/\",\"url\":\"https:\\\/\\\/www.mines-stetienne.fr\\\/panoramines\\\/2019\\\/05\\\/31\\\/projet-isa-epa-paca\\\/\",\"name\":\"Projet ISA \\\/ EPA PACA - Panoramines\",\"isPartOf\":{\"@id\":\"https:\\\/\\\/www.mines-stetienne.fr\\\/panoramines\\\/#website\"},\"primaryImageOfPage\":{\"@id\":\"https:\\\/\\\/www.mines-stetienne.fr\\\/panoramines\\\/2019\\\/05\\\/31\\\/projet-isa-epa-paca\\\/#primaryimage\"},\"image\":{\"@id\":\"https:\\\/\\\/www.mines-stetienne.fr\\\/panoramines\\\/2019\\\/05\\\/31\\\/projet-isa-epa-paca\\\/#primaryimage\"},\"thumbnailUrl\":\"https:\\\/\\\/www.mines-stetienne.fr\\\/panoramines\\\/wp-content\\\/uploads\\\/sites\\\/3\\\/2019\\\/06\\\/ISA_EPA2019-copie.jpg\",\"datePublished\":\"2019-05-31T09:54:09+00:00\",\"dateModified\":\"2024-03-07T14:42:02+00:00\",\"author\":{\"@id\":\"https:\\\/\\\/www.mines-stetienne.fr\\\/panoramines\\\/#\\\/schema\\\/person\\\/95e752e6dedac604ce4535123e0f8df7\"},\"breadcrumb\":{\"@id\":\"https:\\\/\\\/www.mines-stetienne.fr\\\/panoramines\\\/2019\\\/05\\\/31\\\/projet-isa-epa-paca\\\/#breadcrumb\"},\"inLanguage\":\"fr-FR\",\"potentialAction\":[{\"@type\":\"ReadAction\",\"target\":[\"https:\\\/\\\/www.mines-stetienne.fr\\\/panoramines\\\/2019\\\/05\\\/31\\\/projet-isa-epa-paca\\\/\"]}]},{\"@type\":\"ImageObject\",\"inLanguage\":\"fr-FR\",\"@id\":\"https:\\\/\\\/www.mines-stetienne.fr\\\/panoramines\\\/2019\\\/05\\\/31\\\/projet-isa-epa-paca\\\/#primaryimage\",\"url\":\"https:\\\/\\\/www.mines-stetienne.fr\\\/panoramines\\\/wp-content\\\/uploads\\\/sites\\\/3\\\/2019\\\/06\\\/ISA_EPA2019-copie.jpg\",\"contentUrl\":\"https:\\\/\\\/www.mines-stetienne.fr\\\/panoramines\\\/wp-content\\\/uploads\\\/sites\\\/3\\\/2019\\\/06\\\/ISA_EPA2019-copie.jpg\",\"width\":700,\"height\":393,\"caption\":\"Bravo aux \u00e9l\u00e8ves pour avoir contribu\u00e9 \u00e0 la r\u00e9ussite de cette 7e \u00e9dition r\u00e9gionale qui \\\"vise \u00e0 mobiliser des entrepreneurs locaux pour proposer des programmes et former les jeunes (de l'\u00e9cole primaire \u00e0 l'universit\u00e9) \u00e0 l\u2019exp\u00e9rience entrepreneuriale\\\".\"},{\"@type\":\"BreadcrumbList\",\"@id\":\"https:\\\/\\\/www.mines-stetienne.fr\\\/panoramines\\\/2019\\\/05\\\/31\\\/projet-isa-epa-paca\\\/#breadcrumb\",\"itemListElement\":[{\"@type\":\"ListItem\",\"position\":1,\"name\":\"Accueil\",\"item\":\"https:\\\/\\\/www.mines-stetienne.fr\\\/panoramines\\\/\"},{\"@type\":\"ListItem\",\"position\":2,\"name\":\"Projet ISA \\\/ EPA PACA\"}]},{\"@type\":\"WebSite\",\"@id\":\"https:\\\/\\\/www.mines-stetienne.fr\\\/panoramines\\\/#website\",\"url\":\"https:\\\/\\\/www.mines-stetienne.fr\\\/panoramines\\\/\",\"name\":\"Panoramines\",\"description\":\"Panoramines, l\u2019actualit\u00e9 de MINES Saint-\u00c9tienne\",\"potentialAction\":[{\"@type\":\"SearchAction\",\"target\":{\"@type\":\"EntryPoint\",\"urlTemplate\":\"https:\\\/\\\/www.mines-stetienne.fr\\\/panoramines\\\/?s={search_term_string}\"},\"query-input\":{\"@type\":\"PropertyValueSpecification\",\"valueRequired\":true,\"valueName\":\"search_term_string\"}}],\"inLanguage\":\"fr-FR\"},{\"@type\":\"Person\",\"@id\":\"https:\\\/\\\/www.mines-stetienne.fr\\\/panoramines\\\/#\\\/schema\\\/person\\\/95e752e6dedac604ce4535123e0f8df7\",\"name\":\"Nathalie\",\"image\":{\"@type\":\"ImageObject\",\"inLanguage\":\"fr-FR\",\"@id\":\"https:\\\/\\\/www.mines-stetienne.fr\\\/panoramines\\\/wp-content\\\/uploads\\\/sites\\\/3\\\/2021\\\/07\\\/logo-75x75-1.png\",\"url\":\"https:\\\/\\\/www.mines-stetienne.fr\\\/panoramines\\\/wp-content\\\/uploads\\\/sites\\\/3\\\/2021\\\/07\\\/logo-75x75-1.png\",\"contentUrl\":\"https:\\\/\\\/www.mines-stetienne.fr\\\/panoramines\\\/wp-content\\\/uploads\\\/sites\\\/3\\\/2021\\\/07\\\/logo-75x75-1.png\",\"caption\":\"Nathalie\"},\"url\":\"https:\\\/\\\/www.mines-stetienne.fr\\\/panoramines\\\/author\\\/nathalie\\\/\"}]}<\/script>\n<!-- \/ Yoast SEO plugin. -->","yoast_head_json":{"title":"Projet ISA \/ EPA PACA - Panoramines","robots":{"index":"index","follow":"follow","max-snippet":"max-snippet:-1","max-image-preview":"max-image-preview:large","max-video-preview":"max-video-preview:-1"},"canonical":"https:\/\/www.mines-stetienne.fr\/panoramines\/2019\/05\/31\/projet-isa-epa-paca\/","og_locale":"fr_FR","og_type":"article","og_title":"Projet ISA \/ EPA PACA - Panoramines","og_description":"Les \u00e9l\u00e8ves ISMIN ont accompagn\u00e9 l&rsquo;association Entreprendre Pour Apprendre Paca (projet Ing\u00e9nieur solidaire en Action) dans l&rsquo;organisation de la finale du championnat r\u00e9gional des Mini-entreprises le 31 mai : la manifestation accueillait 1300 participants et a connu un vif succ\u00e8s. &hellip;","og_url":"https:\/\/www.mines-stetienne.fr\/panoramines\/2019\/05\/31\/projet-isa-epa-paca\/","og_site_name":"Panoramines","article_published_time":"2019-05-31T09:54:09+00:00","article_modified_time":"2024-03-07T14:42:02+00:00","og_image":[{"width":700,"height":393,"url":"https:\/\/www.mines-stetienne.fr\/panoramines\/wp-content\/uploads\/sites\/3\/2019\/06\/ISA_EPA2019-copie.jpg","type":"image\/jpeg"}],"author":"Nathalie","twitter_card":"summary_large_image","twitter_misc":{"\u00c9crit par":" Nathalie","Dur\u00e9e de lecture estim\u00e9e":"1 minute"},"schema":{"@context":"https:\/\/schema.org","@graph":[{"@type":"Article","@id":"https:\/\/www.mines-stetienne.fr\/panoramines\/2019\/05\/31\/projet-isa-epa-paca\/#article","isPartOf":{"@id":"https:\/\/www.mines-stetienne.fr\/panoramines\/2019\/05\/31\/projet-isa-epa-paca\/"},"author":{"name":"Nathalie","@id":"https:\/\/www.mines-stetienne.fr\/panoramines\/#\/schema\/person\/95e752e6dedac604ce4535123e0f8df7"},"headline":"Projet ISA \/ EPA PACA","datePublished":"2019-05-31T09:54:09+00:00","dateModified":"2024-03-07T14:42:02+00:00","mainEntityOfPage":{"@id":"https:\/\/www.mines-stetienne.fr\/panoramines\/2019\/05\/31\/projet-isa-epa-paca\/"},"wordCount":65,"image":{"@id":"https:\/\/www.mines-stetienne.fr\/panoramines\/2019\/05\/31\/projet-isa-epa-paca\/#primaryimage"},"thumbnailUrl":"https:\/\/www.mines-stetienne.fr\/panoramines\/wp-content\/uploads\/sites\/3\/2019\/06\/ISA_EPA2019-copie.jpg","keywords":["ISMIN","Projets ISA","R\u00e9gion Sud-PACA"],"articleSection":["Vie \u00e9tudiante"],"inLanguage":"fr-FR"},{"@type":"WebPage","@id":"https:\/\/www.mines-stetienne.fr\/panoramines\/2019\/05\/31\/projet-isa-epa-paca\/","url":"https:\/\/www.mines-stetienne.fr\/panoramines\/2019\/05\/31\/projet-isa-epa-paca\/","name":"Projet ISA \/ EPA PACA - Panoramines","isPartOf":{"@id":"https:\/\/www.mines-stetienne.fr\/panoramines\/#website"},"primaryImageOfPage":{"@id":"https:\/\/www.mines-stetienne.fr\/panoramines\/2019\/05\/31\/projet-isa-epa-paca\/#primaryimage"},"image":{"@id":"https:\/\/www.mines-stetienne.fr\/panoramines\/2019\/05\/31\/projet-isa-epa-paca\/#primaryimage"},"thumbnailUrl":"https:\/\/www.mines-stetienne.fr\/panoramines\/wp-content\/uploads\/sites\/3\/2019\/06\/ISA_EPA2019-copie.jpg","datePublished":"2019-05-31T09:54:09+00:00","dateModified":"2024-03-07T14:42:02+00:00","author":{"@id":"https:\/\/www.mines-stetienne.fr\/panoramines\/#\/schema\/person\/95e752e6dedac604ce4535123e0f8df7"},"breadcrumb":{"@id":"https:\/\/www.mines-stetienne.fr\/panoramines\/2019\/05\/31\/projet-isa-epa-paca\/#breadcrumb"},"inLanguage":"fr-FR","potentialAction":[{"@type":"ReadAction","target":["https:\/\/www.mines-stetienne.fr\/panoramines\/2019\/05\/31\/projet-isa-epa-paca\/"]}]},{"@type":"ImageObject","inLanguage":"fr-FR","@id":"https:\/\/www.mines-stetienne.fr\/panoramines\/2019\/05\/31\/projet-isa-epa-paca\/#primaryimage","url":"https:\/\/www.mines-stetienne.fr\/panoramines\/wp-content\/uploads\/sites\/3\/2019\/06\/ISA_EPA2019-copie.jpg","contentUrl":"https:\/\/www.mines-stetienne.fr\/panoramines\/wp-content\/uploads\/sites\/3\/2019\/06\/ISA_EPA2019-copie.jpg","width":700,"height":393,"caption":"Bravo aux \u00e9l\u00e8ves pour avoir contribu\u00e9 \u00e0 la r\u00e9ussite de cette 7e \u00e9dition r\u00e9gionale qui \"vise \u00e0 mobiliser des entrepreneurs locaux pour proposer des programmes et former les jeunes (de l'\u00e9cole primaire \u00e0 l'universit\u00e9) \u00e0 l\u2019exp\u00e9rience entrepreneuriale\"."},{"@type":"BreadcrumbList","@id":"https:\/\/www.mines-stetienne.fr\/panoramines\/2019\/05\/31\/projet-isa-epa-paca\/#breadcrumb","itemListElement":[{"@type":"ListItem","position":1,"name":"Accueil","item":"https:\/\/www.mines-stetienne.fr\/panoramines\/"},{"@type":"ListItem","position":2,"name":"Projet ISA \/ EPA PACA"}]},{"@type":"WebSite","@id":"https:\/\/www.mines-stetienne.fr\/panoramines\/#website","url":"https:\/\/www.mines-stetienne.fr\/panoramines\/","name":"Panoramines","description":"Panoramines, l\u2019actualit\u00e9 de MINES Saint-\u00c9tienne","potentialAction":[{"@type":"SearchAction","target":{"@type":"EntryPoint","urlTemplate":"https:\/\/www.mines-stetienne.fr\/panoramines\/?s={search_term_string}"},"query-input":{"@type":"PropertyValueSpecification","valueRequired":true,"valueName":"search_term_string"}}],"inLanguage":"fr-FR"},{"@type":"Person","@id":"https:\/\/www.mines-stetienne.fr\/panoramines\/#\/schema\/person\/95e752e6dedac604ce4535123e0f8df7","name":"Nathalie","image":{"@type":"ImageObject","inLanguage":"fr-FR","@id":"https:\/\/www.mines-stetienne.fr\/panoramines\/wp-content\/uploads\/sites\/3\/2021\/07\/logo-75x75-1.png","url":"https:\/\/www.mines-stetienne.fr\/panoramines\/wp-content\/uploads\/sites\/3\/2021\/07\/logo-75x75-1.png","contentUrl":"https:\/\/www.mines-stetienne.fr\/panoramines\/wp-content\/uploads\/sites\/3\/2021\/07\/logo-75x75-1.png","caption":"Nathalie"},"url":"https:\/\/www.mines-stetienne.fr\/panoramines\/author\/nathalie\/"}]}},"_links":{"self":[{"href":"https:\/\/www.mines-stetienne.fr\/panoramines\/wp-json\/wp\/v2\/posts\/18115","targetHints":{"allow":["GET"]}}],"collection":[{"href":"https:\/\/www.mines-stetienne.fr\/panoramines\/wp-json\/wp\/v2\/posts"}],"about":[{"href":"https:\/\/www.mines-stetienne.fr\/panoramines\/wp-json\/wp\/v2\/types\/post"}],"author":[{"embeddable":true,"href":"https:\/\/www.mines-stetienne.fr\/panoramines\/wp-json\/wp\/v2\/users\/3"}],"replies":[{"embeddable":true,"href":"https:\/\/www.mines-stetienne.fr\/panoramines\/wp-json\/wp\/v2\/comments?post=18115"}],"version-history":[{"count":1,"href":"https:\/\/www.mines-stetienne.fr\/panoramines\/wp-json\/wp\/v2\/posts\/18115\/revisions"}],"predecessor-version":[{"id":18126,"href":"https:\/\/www.mines-stetienne.fr\/panoramines\/wp-json\/wp\/v2\/posts\/18115\/revisions\/18126"}],"wp:featuredmedia":[{"embeddable":true,"href":"https:\/\/www.mines-stetienne.fr\/panoramines\/wp-json\/wp\/v2\/media\/18098"}],"wp:attachment":[{"href":"https:\/\/www.mines-stetienne.fr\/panoramines\/wp-json\/wp\/v2\/media?parent=18115"}],"wp:term":[{"taxonomy":"category","embeddable":true,"href":"https:\/\/www.mines-stetienne.fr\/panoramines\/wp-json\/wp\/v2\/categories?post=18115"},{"taxonomy":"post_tag","embeddable":true,"href":"https:\/\/www.mines-stetienne.fr\/panoramines\/wp-json\/wp\/v2\/tags?post=18115"}],"curies":[{"name":"wp","href":"https:\/\/api.w.org\/{rel}","templated":true}]}}