{"id":18014,"date":"2019-06-11T10:08:46","date_gmt":"2019-06-11T08:08:46","guid":{"rendered":"https:\/\/www.mines-stetienne.fr\/panoramines\/?p=18014"},"modified":"2024-03-07T16:05:35","modified_gmt":"2024-03-07T15:05:35","slug":"nouvelle-saison-des-je-des-eleves-icm-et-ismin","status":"publish","type":"post","link":"https:\/\/www.mines-stetienne.fr\/panoramines\/2019\/06\/11\/nouvelle-saison-des-je-des-eleves-icm-et-ismin\/","title":{"rendered":"Nouvelle saison des #JE des \u00e9l\u00e8ves ICM et ISMIN"},"content":{"rendered":"\n<h4 class=\"wp-block-heading\">\u00ab\u00a0Le label junior-entreprises et l\u2019encadrement des enseignants-chercheurs assurent la qualit\u00e9 de leurs \u00e9tudes\u00a0\u00bb : M-GaTE et MEP, les deux JE de Mines Saint-\u00c9tienne, se sont fix\u00e9es des objectifs ambitieux dans leurs domaines d&rsquo;expertises respectifs, en particulier nouer des partenariats durables et revenir dans le Top 30 des JE fran\u00e7aises d&rsquo;ici 3 ans.<\/h4>\n\n\n\n<p>Les JE de l&rsquo;\u00c9cole poursuivent leurs missions et engagements aupr\u00e8s des porteurs de projets et des entreprises : Faites leur confiance, proposez leurs vos probl\u00e9matiques industrielles ou de services !<\/p>\n\n\n\n<h3 class=\"wp-block-heading\"><strong>Mines \u00c9tudes et Projets, MEP, sur le Campus de Saint-\u00c9tienne<\/strong><\/h3>\n\n\n\n<p>La nouvelle \u00e9quipe d&rsquo;\u00e9l\u00e8ves ICM est d\u00e9termin\u00e9e \u00e0 r\u00e9aliser ses projets en lien \u00e9troit avec les enseignants-chercheurs, les alumnis et les formateurs partenaires.<br>Pour p\u00e9renniser cette dynamique, le recrutement des nouveaux \u00e9l\u00e8ves d\u00e8s la rentr\u00e9e permettra le partage d&rsquo;exp\u00e9rience. Plusieurs \u00e9tudes seront rapidement propos\u00e9es pour une mise en situation progressive dans les diff\u00e9rents domaines (informatique, mat\u00e9riaux, \u00e9nergie, \u2026.).<br>\u00ab\u00a0Nous souhaitons \u00e9galement cr\u00e9er des partenariats durables avec diff\u00e9rentes JE proches g\u00e9ographiquement, et bien entendu avec M-GaTE. <\/p>\n\n\n\n<p><strong>MEP 2019-2020 <\/strong><br>Pr\u00e9sident : <strong>Pierre-Louis Vanacker<\/strong>, Vice-pr\u00e9sident : <strong>Julien Repezza<\/strong>, Responsables Communication : <strong>Louis Marot<\/strong> et <strong>Ana\u00efs Chaumeil<\/strong><br><a rel=\"noreferrer noopener\" aria-label=\"Site internet (opens in a new tab)\" href=\"http:\/\/mep-je.fr\/\" target=\"_blank\">Site internet<\/a> \/ <a rel=\"noreferrer noopener\" aria-label=\"Facebook (opens in a new tab)\" href=\"https:\/\/www.facebook.com\/MinesEtudesetProjets\" target=\"_blank\">Facebook<\/a> \/ <a rel=\"noreferrer noopener\" aria-label=\"Twitter (opens in a new tab)\" href=\"https:\/\/twitter.com\/MEP_JE\" target=\"_blank\">Twitter<\/a> \/ <a rel=\"noreferrer noopener\" aria-label=\"Linkedin (opens in a new tab)\" href=\"https:\/\/www.linkedin.com\/company\/mines-etudes-et-projets\/about\/\" target=\"_blank\">Linkedin<\/a><br><a href=\"&#x6d;&#97;&#105;&#x6c;&#x74;&#111;&#58;&#x63;&#x6f;&#110;&#116;&#x61;&#x63;&#116;&#64;&#x6d;&#x65;&#112;&#45;&#x6a;&#x65;&#46;&#102;&#x72;\">contact&#64;&#109;&#101;&#112;&#45;&#106;&#101;&#46;&#102;&#114;<\/a> <\/p>\n\n\n\n<ul class=\"wp-block-gallery columns-2 is-cropped wp-block-gallery-2 is-layout-flex wp-block-gallery-is-layout-flex\"><li class=\"blocks-gallery-item\"><figure><img loading=\"lazy\" decoding=\"async\" width=\"720\" height=\"448\" src=\"https:\/\/www.mines-stetienne.fr\/panoramines\/wp-content\/uploads\/sites\/3\/2019\/06\/MEP2019.jpg\" alt=\"\" data-id=\"18122\" data-link=\"https:\/\/www.mines-stetienne.fr\/panoramines\/2019\/06\/11\/nouvelle-saison-des-je-des-eleves-icm-et-ismin\/mep2019\/\" class=\"wp-image-18122\" srcset=\"https:\/\/www.mines-stetienne.fr\/panoramines\/wp-content\/uploads\/sites\/3\/2019\/06\/MEP2019.jpg 720w, https:\/\/www.mines-stetienne.fr\/panoramines\/wp-content\/uploads\/sites\/3\/2019\/06\/MEP2019-300x187.jpg 300w\" sizes=\"auto, (max-width: 720px) 100vw, 720px\" \/><figcaption>MEP 2019<\/figcaption><\/figure><\/li><li class=\"blocks-gallery-item\"><figure><img loading=\"lazy\" decoding=\"async\" width=\"720\" height=\"467\" src=\"https:\/\/www.mines-stetienne.fr\/panoramines\/wp-content\/uploads\/sites\/3\/2019\/06\/Mgate2019.jpg\" alt=\"\" data-id=\"18123\" data-link=\"https:\/\/www.mines-stetienne.fr\/panoramines\/2019\/06\/11\/nouvelle-saison-des-je-des-eleves-icm-et-ismin\/mgate2019\/\" class=\"wp-image-18123\" srcset=\"https:\/\/www.mines-stetienne.fr\/panoramines\/wp-content\/uploads\/sites\/3\/2019\/06\/Mgate2019.jpg 720w, https:\/\/www.mines-stetienne.fr\/panoramines\/wp-content\/uploads\/sites\/3\/2019\/06\/Mgate2019-300x195.jpg 300w\" sizes=\"auto, (max-width: 720px) 100vw, 720px\" \/><figcaption>M-GaTE 2019<\/figcaption><\/figure><\/li><\/ul>\n\n\n\n<h3 class=\"wp-block-heading\"><strong>M-GaTE sur le Campus G. Charpak Provence<\/strong><\/h3>\n\n\n\n<p>\u00c0 Gardanne, la passation a eu lieu progressivement en mai et juin. La nouvelle \u00e9quipe d&rsquo;\u00e9l\u00e8ves ISMIN compte atteindre 10 \u00e9tudes \u00e0 la fin de son mandat et souhaite s&rsquo;affirmer comme la meilleure JE dans ses deux th\u00e9matiques phares : l&rsquo;informatique et la micro\u00e9lectronique. <br>Elle mettra elle aussi tout en \u0153uvre pour r\u00e9int\u00e9grer le classement des 30 meilleures JE de France, un objectif sur 3 ans.<\/p>\n\n\n\n<p><strong>M-GaTE 2019-2020 <\/strong><br>Pr\u00e9sident : <strong>Dorian Lacluque<\/strong>, Vice-pr\u00e9sidente : <strong>In\u00e8s Ben Amor<\/strong>, Responsable Communication : <strong>Leandre Bonnefond<\/strong><br><a rel=\"noreferrer noopener\" aria-label=\" (opens in a new tab)\" href=\"https:\/\/www.mgate.fr\/\" target=\"_blank\">Site internet<\/a> \/ <a rel=\"noreferrer noopener\" aria-label=\" (opens in a new tab)\" href=\"https:\/\/www.facebook.com\/mgate.je\/\" target=\"_blank\">Facebook<\/a> \/ <a rel=\"noreferrer noopener\" aria-label=\"Twitter (opens in a new tab)\" href=\"https:\/\/twitter.com\/JE_MGaTE\" target=\"_blank\">Twitter<\/a> \/ <a rel=\"noreferrer noopener\" aria-label=\"Linkedin (opens in a new tab)\" href=\"https:\/\/www.linkedin.com\/company\/m-gate-je\/\" target=\"_blank\">Linkedin<\/a><br><a href=\"&#x6d;a&#x69;&#108;t&#x6f;&#58;&#x63;&#111;n&#x74;&#97;&#x63;&#116;&#64;&#x6d;&#103;&#x61;&#x74;e&#x2e;&#102;r\">&#x63;o&#x6e;&#116;&#x61;&#99;t&#x40;m&#x67;&#97;&#x74;&#101;&#46;&#x66;&#114;<\/a> <\/p>\n\n\n\n<hr class=\"wp-block-separator\" \/>\n","protected":false},"excerpt":{"rendered":"<p>\u00ab\u00a0Le label junior-entreprises et l\u2019encadrement des enseignants-chercheurs assurent la qualit\u00e9 de leurs \u00e9tudes\u00a0\u00bb : M-GaTE et MEP, les deux JE de Mines Saint-\u00c9tienne, se sont fix\u00e9es des objectifs ambitieux dans leurs domaines d&rsquo;expertises respectifs, en particulier nouer des partenariats durables &hellip;<\/p>\n","protected":false},"author":3,"featured_media":18104,"comment_status":"closed","ping_status":"open","sticky":false,"template":"","format":"standard","meta":{"_relevanssi_hide_post":"","_relevanssi_hide_content":"","_relevanssi_pin_for_all":"","_relevanssi_pin_keywords":"","_relevanssi_unpin_keywords":"","_relevanssi_related_keywords":"","_relevanssi_related_include_ids":"","_relevanssi_related_exclude_ids":"","_relevanssi_related_no_append":"","_relevanssi_related_not_related":"","_relevanssi_related_posts":"","_relevanssi_noindex_reason":"","footnotes":""},"categories":[19],"tags":[575,37,42,63,236,345],"class_list":["post-18014","post","type-post","status-publish","format-standard","has-post-thumbnail","hentry","category-entreprise","tag-je","tag-icm","tag-ismin","tag-junior-entreprise","tag-mep","tag-mgate"],"pp_statuses_selecting_workflow":false,"pp_workflow_action":"current","pp_status_selection":"publish","pp_force_visibility":null,"pp_subpost_visibility":null,"pp_inherited_force_visibility":null,"pp_inherited_subpost_visibility":null,"yoast_head":"<!-- This site is optimized with the Yoast SEO plugin v27.5 - https:\/\/yoast.com\/product\/yoast-seo-wordpress\/ -->\n<title>Nouvelle saison des #JE des \u00e9l\u00e8ves ICM et ISMIN - Panoramines<\/title>\n<meta name=\"robots\" content=\"index, follow, max-snippet:-1, max-image-preview:large, max-video-preview:-1\" \/>\n<link rel=\"canonical\" href=\"https:\/\/www.mines-stetienne.fr\/panoramines\/2019\/06\/11\/nouvelle-saison-des-je-des-eleves-icm-et-ismin\/\" \/>\n<meta property=\"og:locale\" content=\"fr_FR\" \/>\n<meta property=\"og:type\" content=\"article\" \/>\n<meta property=\"og:title\" content=\"Nouvelle saison des #JE des \u00e9l\u00e8ves ICM et ISMIN - Panoramines\" \/>\n<meta property=\"og:description\" content=\"\u00ab\u00a0Le label junior-entreprises et l\u2019encadrement des enseignants-chercheurs assurent la qualit\u00e9 de leurs \u00e9tudes\u00a0\u00bb : M-GaTE et MEP, les deux JE de Mines Saint-\u00c9tienne, se sont fix\u00e9es des objectifs ambitieux dans leurs domaines d&rsquo;expertises respectifs, en particulier nouer des partenariats durables &hellip;\" \/>\n<meta property=\"og:url\" content=\"https:\/\/www.mines-stetienne.fr\/panoramines\/2019\/06\/11\/nouvelle-saison-des-je-des-eleves-icm-et-ismin\/\" \/>\n<meta property=\"og:site_name\" content=\"Panoramines\" \/>\n<meta property=\"article:published_time\" content=\"2019-06-11T08:08:46+00:00\" \/>\n<meta property=\"article:modified_time\" content=\"2024-03-07T15:05:35+00:00\" \/>\n<meta property=\"og:image\" content=\"https:\/\/www.mines-stetienne.fr\/panoramines\/wp-content\/uploads\/sites\/3\/2019\/06\/Mgate2.jpg\" \/>\n\t<meta property=\"og:image:width\" content=\"700\" \/>\n\t<meta property=\"og:image:height\" content=\"357\" \/>\n\t<meta property=\"og:image:type\" content=\"image\/jpeg\" \/>\n<meta name=\"author\" content=\"Nathalie\" \/>\n<meta name=\"twitter:card\" content=\"summary_large_image\" \/>\n<meta name=\"twitter:label1\" content=\"\u00c9crit par\" \/>\n\t<meta name=\"twitter:data1\" content=\" Nathalie\" \/>\n\t<meta name=\"twitter:label2\" content=\"Dur\u00e9e de lecture estim\u00e9e\" \/>\n\t<meta name=\"twitter:data2\" content=\"2 minutes\" \/>\n<script type=\"application\/ld+json\" class=\"yoast-schema-graph\">{\"@context\":\"https:\\\/\\\/schema.org\",\"@graph\":[{\"@type\":\"Article\",\"@id\":\"https:\\\/\\\/www.mines-stetienne.fr\\\/panoramines\\\/2019\\\/06\\\/11\\\/nouvelle-saison-des-je-des-eleves-icm-et-ismin\\\/#article\",\"isPartOf\":{\"@id\":\"https:\\\/\\\/www.mines-stetienne.fr\\\/panoramines\\\/2019\\\/06\\\/11\\\/nouvelle-saison-des-je-des-eleves-icm-et-ismin\\\/\"},\"author\":{\"name\":\"Nathalie\",\"@id\":\"https:\\\/\\\/www.mines-stetienne.fr\\\/panoramines\\\/#\\\/schema\\\/person\\\/95e752e6dedac604ce4535123e0f8df7\"},\"headline\":\"Nouvelle saison des #JE des \u00e9l\u00e8ves ICM et ISMIN\",\"datePublished\":\"2019-06-11T08:08:46+00:00\",\"dateModified\":\"2024-03-07T15:05:35+00:00\",\"mainEntityOfPage\":{\"@id\":\"https:\\\/\\\/www.mines-stetienne.fr\\\/panoramines\\\/2019\\\/06\\\/11\\\/nouvelle-saison-des-je-des-eleves-icm-et-ismin\\\/\"},\"wordCount\":319,\"image\":{\"@id\":\"https:\\\/\\\/www.mines-stetienne.fr\\\/panoramines\\\/2019\\\/06\\\/11\\\/nouvelle-saison-des-je-des-eleves-icm-et-ismin\\\/#primaryimage\"},\"thumbnailUrl\":\"https:\\\/\\\/www.mines-stetienne.fr\\\/panoramines\\\/wp-content\\\/uploads\\\/sites\\\/3\\\/2019\\\/06\\\/Mgate2.jpg\",\"keywords\":[\"#JE\",\"ICM\",\"ISMIN\",\"Junior-Entreprise\",\"MEP\",\"MGaTE\"],\"articleSection\":[\"Entreprise\"],\"inLanguage\":\"fr-FR\"},{\"@type\":\"WebPage\",\"@id\":\"https:\\\/\\\/www.mines-stetienne.fr\\\/panoramines\\\/2019\\\/06\\\/11\\\/nouvelle-saison-des-je-des-eleves-icm-et-ismin\\\/\",\"url\":\"https:\\\/\\\/www.mines-stetienne.fr\\\/panoramines\\\/2019\\\/06\\\/11\\\/nouvelle-saison-des-je-des-eleves-icm-et-ismin\\\/\",\"name\":\"Nouvelle saison des #JE des \u00e9l\u00e8ves ICM et ISMIN - Panoramines\",\"isPartOf\":{\"@id\":\"https:\\\/\\\/www.mines-stetienne.fr\\\/panoramines\\\/#website\"},\"primaryImageOfPage\":{\"@id\":\"https:\\\/\\\/www.mines-stetienne.fr\\\/panoramines\\\/2019\\\/06\\\/11\\\/nouvelle-saison-des-je-des-eleves-icm-et-ismin\\\/#primaryimage\"},\"image\":{\"@id\":\"https:\\\/\\\/www.mines-stetienne.fr\\\/panoramines\\\/2019\\\/06\\\/11\\\/nouvelle-saison-des-je-des-eleves-icm-et-ismin\\\/#primaryimage\"},\"thumbnailUrl\":\"https:\\\/\\\/www.mines-stetienne.fr\\\/panoramines\\\/wp-content\\\/uploads\\\/sites\\\/3\\\/2019\\\/06\\\/Mgate2.jpg\",\"datePublished\":\"2019-06-11T08:08:46+00:00\",\"dateModified\":\"2024-03-07T15:05:35+00:00\",\"author\":{\"@id\":\"https:\\\/\\\/www.mines-stetienne.fr\\\/panoramines\\\/#\\\/schema\\\/person\\\/95e752e6dedac604ce4535123e0f8df7\"},\"breadcrumb\":{\"@id\":\"https:\\\/\\\/www.mines-stetienne.fr\\\/panoramines\\\/2019\\\/06\\\/11\\\/nouvelle-saison-des-je-des-eleves-icm-et-ismin\\\/#breadcrumb\"},\"inLanguage\":\"fr-FR\",\"potentialAction\":[{\"@type\":\"ReadAction\",\"target\":[\"https:\\\/\\\/www.mines-stetienne.fr\\\/panoramines\\\/2019\\\/06\\\/11\\\/nouvelle-saison-des-je-des-eleves-icm-et-ismin\\\/\"]}]},{\"@type\":\"ImageObject\",\"inLanguage\":\"fr-FR\",\"@id\":\"https:\\\/\\\/www.mines-stetienne.fr\\\/panoramines\\\/2019\\\/06\\\/11\\\/nouvelle-saison-des-je-des-eleves-icm-et-ismin\\\/#primaryimage\",\"url\":\"https:\\\/\\\/www.mines-stetienne.fr\\\/panoramines\\\/wp-content\\\/uploads\\\/sites\\\/3\\\/2019\\\/06\\\/Mgate2.jpg\",\"contentUrl\":\"https:\\\/\\\/www.mines-stetienne.fr\\\/panoramines\\\/wp-content\\\/uploads\\\/sites\\\/3\\\/2019\\\/06\\\/Mgate2.jpg\",\"width\":700,\"height\":357},{\"@type\":\"BreadcrumbList\",\"@id\":\"https:\\\/\\\/www.mines-stetienne.fr\\\/panoramines\\\/2019\\\/06\\\/11\\\/nouvelle-saison-des-je-des-eleves-icm-et-ismin\\\/#breadcrumb\",\"itemListElement\":[{\"@type\":\"ListItem\",\"position\":1,\"name\":\"Accueil\",\"item\":\"https:\\\/\\\/www.mines-stetienne.fr\\\/panoramines\\\/\"},{\"@type\":\"ListItem\",\"position\":2,\"name\":\"Nouvelle saison des #JE des \u00e9l\u00e8ves ICM et ISMIN\"}]},{\"@type\":\"WebSite\",\"@id\":\"https:\\\/\\\/www.mines-stetienne.fr\\\/panoramines\\\/#website\",\"url\":\"https:\\\/\\\/www.mines-stetienne.fr\\\/panoramines\\\/\",\"name\":\"Panoramines\",\"description\":\"Panoramines, l\u2019actualit\u00e9 de MINES Saint-\u00c9tienne\",\"potentialAction\":[{\"@type\":\"SearchAction\",\"target\":{\"@type\":\"EntryPoint\",\"urlTemplate\":\"https:\\\/\\\/www.mines-stetienne.fr\\\/panoramines\\\/?s={search_term_string}\"},\"query-input\":{\"@type\":\"PropertyValueSpecification\",\"valueRequired\":true,\"valueName\":\"search_term_string\"}}],\"inLanguage\":\"fr-FR\"},{\"@type\":\"Person\",\"@id\":\"https:\\\/\\\/www.mines-stetienne.fr\\\/panoramines\\\/#\\\/schema\\\/person\\\/95e752e6dedac604ce4535123e0f8df7\",\"name\":\"Nathalie\",\"image\":{\"@type\":\"ImageObject\",\"inLanguage\":\"fr-FR\",\"@id\":\"https:\\\/\\\/www.mines-stetienne.fr\\\/panoramines\\\/wp-content\\\/uploads\\\/sites\\\/3\\\/2021\\\/07\\\/logo-75x75-1.png\",\"url\":\"https:\\\/\\\/www.mines-stetienne.fr\\\/panoramines\\\/wp-content\\\/uploads\\\/sites\\\/3\\\/2021\\\/07\\\/logo-75x75-1.png\",\"contentUrl\":\"https:\\\/\\\/www.mines-stetienne.fr\\\/panoramines\\\/wp-content\\\/uploads\\\/sites\\\/3\\\/2021\\\/07\\\/logo-75x75-1.png\",\"caption\":\"Nathalie\"},\"url\":\"https:\\\/\\\/www.mines-stetienne.fr\\\/panoramines\\\/author\\\/nathalie\\\/\"}]}<\/script>\n<!-- \/ Yoast SEO plugin. -->","yoast_head_json":{"title":"Nouvelle saison des #JE des \u00e9l\u00e8ves ICM et ISMIN - Panoramines","robots":{"index":"index","follow":"follow","max-snippet":"max-snippet:-1","max-image-preview":"max-image-preview:large","max-video-preview":"max-video-preview:-1"},"canonical":"https:\/\/www.mines-stetienne.fr\/panoramines\/2019\/06\/11\/nouvelle-saison-des-je-des-eleves-icm-et-ismin\/","og_locale":"fr_FR","og_type":"article","og_title":"Nouvelle saison des #JE des \u00e9l\u00e8ves ICM et ISMIN - Panoramines","og_description":"\u00ab\u00a0Le label junior-entreprises et l\u2019encadrement des enseignants-chercheurs assurent la qualit\u00e9 de leurs \u00e9tudes\u00a0\u00bb : M-GaTE et MEP, les deux JE de Mines Saint-\u00c9tienne, se sont fix\u00e9es des objectifs ambitieux dans leurs domaines d&rsquo;expertises respectifs, en particulier nouer des partenariats durables &hellip;","og_url":"https:\/\/www.mines-stetienne.fr\/panoramines\/2019\/06\/11\/nouvelle-saison-des-je-des-eleves-icm-et-ismin\/","og_site_name":"Panoramines","article_published_time":"2019-06-11T08:08:46+00:00","article_modified_time":"2024-03-07T15:05:35+00:00","og_image":[{"width":700,"height":357,"url":"https:\/\/www.mines-stetienne.fr\/panoramines\/wp-content\/uploads\/sites\/3\/2019\/06\/Mgate2.jpg","type":"image\/jpeg"}],"author":"Nathalie","twitter_card":"summary_large_image","twitter_misc":{"\u00c9crit par":" Nathalie","Dur\u00e9e de lecture estim\u00e9e":"2 minutes"},"schema":{"@context":"https:\/\/schema.org","@graph":[{"@type":"Article","@id":"https:\/\/www.mines-stetienne.fr\/panoramines\/2019\/06\/11\/nouvelle-saison-des-je-des-eleves-icm-et-ismin\/#article","isPartOf":{"@id":"https:\/\/www.mines-stetienne.fr\/panoramines\/2019\/06\/11\/nouvelle-saison-des-je-des-eleves-icm-et-ismin\/"},"author":{"name":"Nathalie","@id":"https:\/\/www.mines-stetienne.fr\/panoramines\/#\/schema\/person\/95e752e6dedac604ce4535123e0f8df7"},"headline":"Nouvelle saison des #JE des \u00e9l\u00e8ves ICM et ISMIN","datePublished":"2019-06-11T08:08:46+00:00","dateModified":"2024-03-07T15:05:35+00:00","mainEntityOfPage":{"@id":"https:\/\/www.mines-stetienne.fr\/panoramines\/2019\/06\/11\/nouvelle-saison-des-je-des-eleves-icm-et-ismin\/"},"wordCount":319,"image":{"@id":"https:\/\/www.mines-stetienne.fr\/panoramines\/2019\/06\/11\/nouvelle-saison-des-je-des-eleves-icm-et-ismin\/#primaryimage"},"thumbnailUrl":"https:\/\/www.mines-stetienne.fr\/panoramines\/wp-content\/uploads\/sites\/3\/2019\/06\/Mgate2.jpg","keywords":["#JE","ICM","ISMIN","Junior-Entreprise","MEP","MGaTE"],"articleSection":["Entreprise"],"inLanguage":"fr-FR"},{"@type":"WebPage","@id":"https:\/\/www.mines-stetienne.fr\/panoramines\/2019\/06\/11\/nouvelle-saison-des-je-des-eleves-icm-et-ismin\/","url":"https:\/\/www.mines-stetienne.fr\/panoramines\/2019\/06\/11\/nouvelle-saison-des-je-des-eleves-icm-et-ismin\/","name":"Nouvelle saison des #JE des \u00e9l\u00e8ves ICM et ISMIN - Panoramines","isPartOf":{"@id":"https:\/\/www.mines-stetienne.fr\/panoramines\/#website"},"primaryImageOfPage":{"@id":"https:\/\/www.mines-stetienne.fr\/panoramines\/2019\/06\/11\/nouvelle-saison-des-je-des-eleves-icm-et-ismin\/#primaryimage"},"image":{"@id":"https:\/\/www.mines-stetienne.fr\/panoramines\/2019\/06\/11\/nouvelle-saison-des-je-des-eleves-icm-et-ismin\/#primaryimage"},"thumbnailUrl":"https:\/\/www.mines-stetienne.fr\/panoramines\/wp-content\/uploads\/sites\/3\/2019\/06\/Mgate2.jpg","datePublished":"2019-06-11T08:08:46+00:00","dateModified":"2024-03-07T15:05:35+00:00","author":{"@id":"https:\/\/www.mines-stetienne.fr\/panoramines\/#\/schema\/person\/95e752e6dedac604ce4535123e0f8df7"},"breadcrumb":{"@id":"https:\/\/www.mines-stetienne.fr\/panoramines\/2019\/06\/11\/nouvelle-saison-des-je-des-eleves-icm-et-ismin\/#breadcrumb"},"inLanguage":"fr-FR","potentialAction":[{"@type":"ReadAction","target":["https:\/\/www.mines-stetienne.fr\/panoramines\/2019\/06\/11\/nouvelle-saison-des-je-des-eleves-icm-et-ismin\/"]}]},{"@type":"ImageObject","inLanguage":"fr-FR","@id":"https:\/\/www.mines-stetienne.fr\/panoramines\/2019\/06\/11\/nouvelle-saison-des-je-des-eleves-icm-et-ismin\/#primaryimage","url":"https:\/\/www.mines-stetienne.fr\/panoramines\/wp-content\/uploads\/sites\/3\/2019\/06\/Mgate2.jpg","contentUrl":"https:\/\/www.mines-stetienne.fr\/panoramines\/wp-content\/uploads\/sites\/3\/2019\/06\/Mgate2.jpg","width":700,"height":357},{"@type":"BreadcrumbList","@id":"https:\/\/www.mines-stetienne.fr\/panoramines\/2019\/06\/11\/nouvelle-saison-des-je-des-eleves-icm-et-ismin\/#breadcrumb","itemListElement":[{"@type":"ListItem","position":1,"name":"Accueil","item":"https:\/\/www.mines-stetienne.fr\/panoramines\/"},{"@type":"ListItem","position":2,"name":"Nouvelle saison des #JE des \u00e9l\u00e8ves ICM et ISMIN"}]},{"@type":"WebSite","@id":"https:\/\/www.mines-stetienne.fr\/panoramines\/#website","url":"https:\/\/www.mines-stetienne.fr\/panoramines\/","name":"Panoramines","description":"Panoramines, l\u2019actualit\u00e9 de MINES Saint-\u00c9tienne","potentialAction":[{"@type":"SearchAction","target":{"@type":"EntryPoint","urlTemplate":"https:\/\/www.mines-stetienne.fr\/panoramines\/?s={search_term_string}"},"query-input":{"@type":"PropertyValueSpecification","valueRequired":true,"valueName":"search_term_string"}}],"inLanguage":"fr-FR"},{"@type":"Person","@id":"https:\/\/www.mines-stetienne.fr\/panoramines\/#\/schema\/person\/95e752e6dedac604ce4535123e0f8df7","name":"Nathalie","image":{"@type":"ImageObject","inLanguage":"fr-FR","@id":"https:\/\/www.mines-stetienne.fr\/panoramines\/wp-content\/uploads\/sites\/3\/2021\/07\/logo-75x75-1.png","url":"https:\/\/www.mines-stetienne.fr\/panoramines\/wp-content\/uploads\/sites\/3\/2021\/07\/logo-75x75-1.png","contentUrl":"https:\/\/www.mines-stetienne.fr\/panoramines\/wp-content\/uploads\/sites\/3\/2021\/07\/logo-75x75-1.png","caption":"Nathalie"},"url":"https:\/\/www.mines-stetienne.fr\/panoramines\/author\/nathalie\/"}]}},"_links":{"self":[{"href":"https:\/\/www.mines-stetienne.fr\/panoramines\/wp-json\/wp\/v2\/posts\/18014","targetHints":{"allow":["GET"]}}],"collection":[{"href":"https:\/\/www.mines-stetienne.fr\/panoramines\/wp-json\/wp\/v2\/posts"}],"about":[{"href":"https:\/\/www.mines-stetienne.fr\/panoramines\/wp-json\/wp\/v2\/types\/post"}],"author":[{"embeddable":true,"href":"https:\/\/www.mines-stetienne.fr\/panoramines\/wp-json\/wp\/v2\/users\/3"}],"replies":[{"embeddable":true,"href":"https:\/\/www.mines-stetienne.fr\/panoramines\/wp-json\/wp\/v2\/comments?post=18014"}],"version-history":[{"count":9,"href":"https:\/\/www.mines-stetienne.fr\/panoramines\/wp-json\/wp\/v2\/posts\/18014\/revisions"}],"predecessor-version":[{"id":18143,"href":"https:\/\/www.mines-stetienne.fr\/panoramines\/wp-json\/wp\/v2\/posts\/18014\/revisions\/18143"}],"wp:featuredmedia":[{"embeddable":true,"href":"https:\/\/www.mines-stetienne.fr\/panoramines\/wp-json\/wp\/v2\/media\/18104"}],"wp:attachment":[{"href":"https:\/\/www.mines-stetienne.fr\/panoramines\/wp-json\/wp\/v2\/media?parent=18014"}],"wp:term":[{"taxonomy":"category","embeddable":true,"href":"https:\/\/www.mines-stetienne.fr\/panoramines\/wp-json\/wp\/v2\/categories?post=18014"},{"taxonomy":"post_tag","embeddable":true,"href":"https:\/\/www.mines-stetienne.fr\/panoramines\/wp-json\/wp\/v2\/tags?post=18014"}],"curies":[{"name":"wp","href":"https:\/\/api.w.org\/{rel}","templated":true}]}}