{"id":17460,"date":"2019-04-29T15:17:48","date_gmt":"2019-04-29T13:17:48","guid":{"rendered":"https:\/\/www.mines-stetienne.fr\/panoramines\/?p=17460"},"modified":"2024-03-07T16:12:20","modified_gmt":"2024-03-07T15:12:20","slug":"nos-eleves-au-cartel-des-mines-2019","status":"publish","type":"post","link":"https:\/\/www.mines-stetienne.fr\/panoramines\/2019\/04\/29\/nos-eleves-au-cartel-des-mines-2019\/","title":{"rendered":"Nos \u00e9l\u00e8ves au Cartel des Mines 2019"},"content":{"rendered":"\n<p>Bravo aux 210 \u00e9l\u00e8ves-ing\u00e9nieurs de l&rsquo;\u00e9cole, sportifs et supporters pr\u00e9sents au Cartel des Mines 2019  : une 5e place au classement g\u00e9n\u00e9ral et le Prix de l&rsquo;Ambiance 2019 &gt; <a href=\"https:\/\/www.facebook.com\/bdsemse\/posts\/2306538062904346\">Voir tous les r\u00e9sultats sur le site du BDS<\/a><\/p>\n","protected":false},"excerpt":{"rendered":"<p>Bravo aux 210 \u00e9l\u00e8ves-ing\u00e9nieurs de l&rsquo;\u00e9cole, sportifs et supporters pr\u00e9sents au Cartel des Mines 2019 : une 5e place au classement g\u00e9n\u00e9ral et le Prix de l&rsquo;Ambiance 2019 &gt; Voir tous les r\u00e9sultats sur le site du BDS<\/p>\n","protected":false},"author":3,"featured_media":17461,"comment_status":"closed","ping_status":"open","sticky":false,"template":"","format":"standard","meta":{"_relevanssi_hide_post":"","_relevanssi_hide_content":"","_relevanssi_pin_for_all":"","_relevanssi_pin_keywords":"","_relevanssi_unpin_keywords":"","_relevanssi_related_keywords":"","_relevanssi_related_include_ids":"","_relevanssi_related_exclude_ids":"","_relevanssi_related_no_append":"","_relevanssi_related_not_related":"","_relevanssi_related_posts":"","_relevanssi_noindex_reason":"","footnotes":""},"categories":[8],"tags":[246,83,434],"class_list":["post-17460","post","type-post","status-publish","format-standard","has-post-thumbnail","hentry","category-vie-etudiante","tag-bds","tag-cartel","tag-vie-etudiante"],"pp_statuses_selecting_workflow":false,"pp_workflow_action":"current","pp_status_selection":"publish","pp_force_visibility":null,"pp_subpost_visibility":null,"pp_inherited_force_visibility":null,"pp_inherited_subpost_visibility":null,"yoast_head":"<!-- This site is optimized with the Yoast SEO plugin v27.4 - https:\/\/yoast.com\/product\/yoast-seo-wordpress\/ -->\n<title>Nos \u00e9l\u00e8ves au Cartel des Mines 2019 - Panoramines<\/title>\n<meta name=\"robots\" content=\"index, follow, max-snippet:-1, max-image-preview:large, max-video-preview:-1\" \/>\n<link rel=\"canonical\" href=\"https:\/\/www.mines-stetienne.fr\/panoramines\/2019\/04\/29\/nos-eleves-au-cartel-des-mines-2019\/\" \/>\n<meta property=\"og:locale\" content=\"fr_FR\" \/>\n<meta property=\"og:type\" content=\"article\" \/>\n<meta property=\"og:title\" content=\"Nos \u00e9l\u00e8ves au Cartel des Mines 2019 - Panoramines\" \/>\n<meta property=\"og:description\" content=\"Bravo aux 210 \u00e9l\u00e8ves-ing\u00e9nieurs de l&rsquo;\u00e9cole, sportifs et supporters pr\u00e9sents au Cartel des Mines 2019 : une 5e place au classement g\u00e9n\u00e9ral et le Prix de l&rsquo;Ambiance 2019 &gt; Voir tous les r\u00e9sultats sur le site du BDS\" \/>\n<meta property=\"og:url\" content=\"https:\/\/www.mines-stetienne.fr\/panoramines\/2019\/04\/29\/nos-eleves-au-cartel-des-mines-2019\/\" \/>\n<meta property=\"og:site_name\" content=\"Panoramines\" \/>\n<meta property=\"article:published_time\" content=\"2019-04-29T13:17:48+00:00\" \/>\n<meta property=\"article:modified_time\" content=\"2024-03-07T15:12:20+00:00\" \/>\n<meta property=\"og:image\" content=\"https:\/\/www.mines-stetienne.fr\/panoramines\/wp-content\/uploads\/sites\/3\/2019\/04\/BDSCartel2019.jpg\" \/>\n\t<meta property=\"og:image:width\" content=\"720\" \/>\n\t<meta property=\"og:image:height\" content=\"393\" \/>\n\t<meta property=\"og:image:type\" content=\"image\/jpeg\" \/>\n<meta name=\"author\" content=\"Nathalie\" \/>\n<meta name=\"twitter:card\" content=\"summary_large_image\" \/>\n<meta name=\"twitter:label1\" content=\"\u00c9crit par\" \/>\n\t<meta name=\"twitter:data1\" content=\" Nathalie\" \/>\n<script type=\"application\/ld+json\" class=\"yoast-schema-graph\">{\"@context\":\"https:\\\/\\\/schema.org\",\"@graph\":[{\"@type\":\"Article\",\"@id\":\"https:\\\/\\\/www.mines-stetienne.fr\\\/panoramines\\\/2019\\\/04\\\/29\\\/nos-eleves-au-cartel-des-mines-2019\\\/#article\",\"isPartOf\":{\"@id\":\"https:\\\/\\\/www.mines-stetienne.fr\\\/panoramines\\\/2019\\\/04\\\/29\\\/nos-eleves-au-cartel-des-mines-2019\\\/\"},\"author\":{\"name\":\"Nathalie\",\"@id\":\"https:\\\/\\\/www.mines-stetienne.fr\\\/panoramines\\\/#\\\/schema\\\/person\\\/95e752e6dedac604ce4535123e0f8df7\"},\"headline\":\"Nos \u00e9l\u00e8ves au Cartel des Mines 2019\",\"datePublished\":\"2019-04-29T13:17:48+00:00\",\"dateModified\":\"2024-03-07T15:12:20+00:00\",\"mainEntityOfPage\":{\"@id\":\"https:\\\/\\\/www.mines-stetienne.fr\\\/panoramines\\\/2019\\\/04\\\/29\\\/nos-eleves-au-cartel-des-mines-2019\\\/\"},\"wordCount\":48,\"image\":{\"@id\":\"https:\\\/\\\/www.mines-stetienne.fr\\\/panoramines\\\/2019\\\/04\\\/29\\\/nos-eleves-au-cartel-des-mines-2019\\\/#primaryimage\"},\"thumbnailUrl\":\"https:\\\/\\\/www.mines-stetienne.fr\\\/panoramines\\\/wp-content\\\/uploads\\\/sites\\\/3\\\/2019\\\/04\\\/BDSCartel2019.jpg\",\"keywords\":[\"BDS\",\"Cartel\",\"Vie \u00e9tudiante\"],\"articleSection\":[\"Vie \u00e9tudiante\"],\"inLanguage\":\"fr-FR\"},{\"@type\":\"WebPage\",\"@id\":\"https:\\\/\\\/www.mines-stetienne.fr\\\/panoramines\\\/2019\\\/04\\\/29\\\/nos-eleves-au-cartel-des-mines-2019\\\/\",\"url\":\"https:\\\/\\\/www.mines-stetienne.fr\\\/panoramines\\\/2019\\\/04\\\/29\\\/nos-eleves-au-cartel-des-mines-2019\\\/\",\"name\":\"Nos \u00e9l\u00e8ves au Cartel des Mines 2019 - Panoramines\",\"isPartOf\":{\"@id\":\"https:\\\/\\\/www.mines-stetienne.fr\\\/panoramines\\\/#website\"},\"primaryImageOfPage\":{\"@id\":\"https:\\\/\\\/www.mines-stetienne.fr\\\/panoramines\\\/2019\\\/04\\\/29\\\/nos-eleves-au-cartel-des-mines-2019\\\/#primaryimage\"},\"image\":{\"@id\":\"https:\\\/\\\/www.mines-stetienne.fr\\\/panoramines\\\/2019\\\/04\\\/29\\\/nos-eleves-au-cartel-des-mines-2019\\\/#primaryimage\"},\"thumbnailUrl\":\"https:\\\/\\\/www.mines-stetienne.fr\\\/panoramines\\\/wp-content\\\/uploads\\\/sites\\\/3\\\/2019\\\/04\\\/BDSCartel2019.jpg\",\"datePublished\":\"2019-04-29T13:17:48+00:00\",\"dateModified\":\"2024-03-07T15:12:20+00:00\",\"author\":{\"@id\":\"https:\\\/\\\/www.mines-stetienne.fr\\\/panoramines\\\/#\\\/schema\\\/person\\\/95e752e6dedac604ce4535123e0f8df7\"},\"breadcrumb\":{\"@id\":\"https:\\\/\\\/www.mines-stetienne.fr\\\/panoramines\\\/2019\\\/04\\\/29\\\/nos-eleves-au-cartel-des-mines-2019\\\/#breadcrumb\"},\"inLanguage\":\"fr-FR\",\"potentialAction\":[{\"@type\":\"ReadAction\",\"target\":[\"https:\\\/\\\/www.mines-stetienne.fr\\\/panoramines\\\/2019\\\/04\\\/29\\\/nos-eleves-au-cartel-des-mines-2019\\\/\"]}]},{\"@type\":\"ImageObject\",\"inLanguage\":\"fr-FR\",\"@id\":\"https:\\\/\\\/www.mines-stetienne.fr\\\/panoramines\\\/2019\\\/04\\\/29\\\/nos-eleves-au-cartel-des-mines-2019\\\/#primaryimage\",\"url\":\"https:\\\/\\\/www.mines-stetienne.fr\\\/panoramines\\\/wp-content\\\/uploads\\\/sites\\\/3\\\/2019\\\/04\\\/BDSCartel2019.jpg\",\"contentUrl\":\"https:\\\/\\\/www.mines-stetienne.fr\\\/panoramines\\\/wp-content\\\/uploads\\\/sites\\\/3\\\/2019\\\/04\\\/BDSCartel2019.jpg\",\"width\":720,\"height\":393},{\"@type\":\"BreadcrumbList\",\"@id\":\"https:\\\/\\\/www.mines-stetienne.fr\\\/panoramines\\\/2019\\\/04\\\/29\\\/nos-eleves-au-cartel-des-mines-2019\\\/#breadcrumb\",\"itemListElement\":[{\"@type\":\"ListItem\",\"position\":1,\"name\":\"Accueil\",\"item\":\"https:\\\/\\\/www.mines-stetienne.fr\\\/panoramines\\\/\"},{\"@type\":\"ListItem\",\"position\":2,\"name\":\"Nos \u00e9l\u00e8ves au Cartel des Mines 2019\"}]},{\"@type\":\"WebSite\",\"@id\":\"https:\\\/\\\/www.mines-stetienne.fr\\\/panoramines\\\/#website\",\"url\":\"https:\\\/\\\/www.mines-stetienne.fr\\\/panoramines\\\/\",\"name\":\"Panoramines\",\"description\":\"Panoramines, l\u2019actualit\u00e9 de MINES Saint-\u00c9tienne\",\"potentialAction\":[{\"@type\":\"SearchAction\",\"target\":{\"@type\":\"EntryPoint\",\"urlTemplate\":\"https:\\\/\\\/www.mines-stetienne.fr\\\/panoramines\\\/?s={search_term_string}\"},\"query-input\":{\"@type\":\"PropertyValueSpecification\",\"valueRequired\":true,\"valueName\":\"search_term_string\"}}],\"inLanguage\":\"fr-FR\"},{\"@type\":\"Person\",\"@id\":\"https:\\\/\\\/www.mines-stetienne.fr\\\/panoramines\\\/#\\\/schema\\\/person\\\/95e752e6dedac604ce4535123e0f8df7\",\"name\":\"Nathalie\",\"image\":{\"@type\":\"ImageObject\",\"inLanguage\":\"fr-FR\",\"@id\":\"https:\\\/\\\/www.mines-stetienne.fr\\\/panoramines\\\/wp-content\\\/uploads\\\/sites\\\/3\\\/2021\\\/07\\\/logo-75x75-1.png\",\"url\":\"https:\\\/\\\/www.mines-stetienne.fr\\\/panoramines\\\/wp-content\\\/uploads\\\/sites\\\/3\\\/2021\\\/07\\\/logo-75x75-1.png\",\"contentUrl\":\"https:\\\/\\\/www.mines-stetienne.fr\\\/panoramines\\\/wp-content\\\/uploads\\\/sites\\\/3\\\/2021\\\/07\\\/logo-75x75-1.png\",\"caption\":\"Nathalie\"},\"url\":\"https:\\\/\\\/www.mines-stetienne.fr\\\/panoramines\\\/author\\\/nathalie\\\/\"}]}<\/script>\n<!-- \/ Yoast SEO plugin. -->","yoast_head_json":{"title":"Nos \u00e9l\u00e8ves au Cartel des Mines 2019 - Panoramines","robots":{"index":"index","follow":"follow","max-snippet":"max-snippet:-1","max-image-preview":"max-image-preview:large","max-video-preview":"max-video-preview:-1"},"canonical":"https:\/\/www.mines-stetienne.fr\/panoramines\/2019\/04\/29\/nos-eleves-au-cartel-des-mines-2019\/","og_locale":"fr_FR","og_type":"article","og_title":"Nos \u00e9l\u00e8ves au Cartel des Mines 2019 - Panoramines","og_description":"Bravo aux 210 \u00e9l\u00e8ves-ing\u00e9nieurs de l&rsquo;\u00e9cole, sportifs et supporters pr\u00e9sents au Cartel des Mines 2019 : une 5e place au classement g\u00e9n\u00e9ral et le Prix de l&rsquo;Ambiance 2019 &gt; Voir tous les r\u00e9sultats sur le site du BDS","og_url":"https:\/\/www.mines-stetienne.fr\/panoramines\/2019\/04\/29\/nos-eleves-au-cartel-des-mines-2019\/","og_site_name":"Panoramines","article_published_time":"2019-04-29T13:17:48+00:00","article_modified_time":"2024-03-07T15:12:20+00:00","og_image":[{"width":720,"height":393,"url":"https:\/\/www.mines-stetienne.fr\/panoramines\/wp-content\/uploads\/sites\/3\/2019\/04\/BDSCartel2019.jpg","type":"image\/jpeg"}],"author":"Nathalie","twitter_card":"summary_large_image","twitter_misc":{"\u00c9crit par":" Nathalie"},"schema":{"@context":"https:\/\/schema.org","@graph":[{"@type":"Article","@id":"https:\/\/www.mines-stetienne.fr\/panoramines\/2019\/04\/29\/nos-eleves-au-cartel-des-mines-2019\/#article","isPartOf":{"@id":"https:\/\/www.mines-stetienne.fr\/panoramines\/2019\/04\/29\/nos-eleves-au-cartel-des-mines-2019\/"},"author":{"name":"Nathalie","@id":"https:\/\/www.mines-stetienne.fr\/panoramines\/#\/schema\/person\/95e752e6dedac604ce4535123e0f8df7"},"headline":"Nos \u00e9l\u00e8ves au Cartel des Mines 2019","datePublished":"2019-04-29T13:17:48+00:00","dateModified":"2024-03-07T15:12:20+00:00","mainEntityOfPage":{"@id":"https:\/\/www.mines-stetienne.fr\/panoramines\/2019\/04\/29\/nos-eleves-au-cartel-des-mines-2019\/"},"wordCount":48,"image":{"@id":"https:\/\/www.mines-stetienne.fr\/panoramines\/2019\/04\/29\/nos-eleves-au-cartel-des-mines-2019\/#primaryimage"},"thumbnailUrl":"https:\/\/www.mines-stetienne.fr\/panoramines\/wp-content\/uploads\/sites\/3\/2019\/04\/BDSCartel2019.jpg","keywords":["BDS","Cartel","Vie \u00e9tudiante"],"articleSection":["Vie \u00e9tudiante"],"inLanguage":"fr-FR"},{"@type":"WebPage","@id":"https:\/\/www.mines-stetienne.fr\/panoramines\/2019\/04\/29\/nos-eleves-au-cartel-des-mines-2019\/","url":"https:\/\/www.mines-stetienne.fr\/panoramines\/2019\/04\/29\/nos-eleves-au-cartel-des-mines-2019\/","name":"Nos \u00e9l\u00e8ves au Cartel des Mines 2019 - Panoramines","isPartOf":{"@id":"https:\/\/www.mines-stetienne.fr\/panoramines\/#website"},"primaryImageOfPage":{"@id":"https:\/\/www.mines-stetienne.fr\/panoramines\/2019\/04\/29\/nos-eleves-au-cartel-des-mines-2019\/#primaryimage"},"image":{"@id":"https:\/\/www.mines-stetienne.fr\/panoramines\/2019\/04\/29\/nos-eleves-au-cartel-des-mines-2019\/#primaryimage"},"thumbnailUrl":"https:\/\/www.mines-stetienne.fr\/panoramines\/wp-content\/uploads\/sites\/3\/2019\/04\/BDSCartel2019.jpg","datePublished":"2019-04-29T13:17:48+00:00","dateModified":"2024-03-07T15:12:20+00:00","author":{"@id":"https:\/\/www.mines-stetienne.fr\/panoramines\/#\/schema\/person\/95e752e6dedac604ce4535123e0f8df7"},"breadcrumb":{"@id":"https:\/\/www.mines-stetienne.fr\/panoramines\/2019\/04\/29\/nos-eleves-au-cartel-des-mines-2019\/#breadcrumb"},"inLanguage":"fr-FR","potentialAction":[{"@type":"ReadAction","target":["https:\/\/www.mines-stetienne.fr\/panoramines\/2019\/04\/29\/nos-eleves-au-cartel-des-mines-2019\/"]}]},{"@type":"ImageObject","inLanguage":"fr-FR","@id":"https:\/\/www.mines-stetienne.fr\/panoramines\/2019\/04\/29\/nos-eleves-au-cartel-des-mines-2019\/#primaryimage","url":"https:\/\/www.mines-stetienne.fr\/panoramines\/wp-content\/uploads\/sites\/3\/2019\/04\/BDSCartel2019.jpg","contentUrl":"https:\/\/www.mines-stetienne.fr\/panoramines\/wp-content\/uploads\/sites\/3\/2019\/04\/BDSCartel2019.jpg","width":720,"height":393},{"@type":"BreadcrumbList","@id":"https:\/\/www.mines-stetienne.fr\/panoramines\/2019\/04\/29\/nos-eleves-au-cartel-des-mines-2019\/#breadcrumb","itemListElement":[{"@type":"ListItem","position":1,"name":"Accueil","item":"https:\/\/www.mines-stetienne.fr\/panoramines\/"},{"@type":"ListItem","position":2,"name":"Nos \u00e9l\u00e8ves au Cartel des Mines 2019"}]},{"@type":"WebSite","@id":"https:\/\/www.mines-stetienne.fr\/panoramines\/#website","url":"https:\/\/www.mines-stetienne.fr\/panoramines\/","name":"Panoramines","description":"Panoramines, l\u2019actualit\u00e9 de MINES Saint-\u00c9tienne","potentialAction":[{"@type":"SearchAction","target":{"@type":"EntryPoint","urlTemplate":"https:\/\/www.mines-stetienne.fr\/panoramines\/?s={search_term_string}"},"query-input":{"@type":"PropertyValueSpecification","valueRequired":true,"valueName":"search_term_string"}}],"inLanguage":"fr-FR"},{"@type":"Person","@id":"https:\/\/www.mines-stetienne.fr\/panoramines\/#\/schema\/person\/95e752e6dedac604ce4535123e0f8df7","name":"Nathalie","image":{"@type":"ImageObject","inLanguage":"fr-FR","@id":"https:\/\/www.mines-stetienne.fr\/panoramines\/wp-content\/uploads\/sites\/3\/2021\/07\/logo-75x75-1.png","url":"https:\/\/www.mines-stetienne.fr\/panoramines\/wp-content\/uploads\/sites\/3\/2021\/07\/logo-75x75-1.png","contentUrl":"https:\/\/www.mines-stetienne.fr\/panoramines\/wp-content\/uploads\/sites\/3\/2021\/07\/logo-75x75-1.png","caption":"Nathalie"},"url":"https:\/\/www.mines-stetienne.fr\/panoramines\/author\/nathalie\/"}]}},"_links":{"self":[{"href":"https:\/\/www.mines-stetienne.fr\/panoramines\/wp-json\/wp\/v2\/posts\/17460","targetHints":{"allow":["GET"]}}],"collection":[{"href":"https:\/\/www.mines-stetienne.fr\/panoramines\/wp-json\/wp\/v2\/posts"}],"about":[{"href":"https:\/\/www.mines-stetienne.fr\/panoramines\/wp-json\/wp\/v2\/types\/post"}],"author":[{"embeddable":true,"href":"https:\/\/www.mines-stetienne.fr\/panoramines\/wp-json\/wp\/v2\/users\/3"}],"replies":[{"embeddable":true,"href":"https:\/\/www.mines-stetienne.fr\/panoramines\/wp-json\/wp\/v2\/comments?post=17460"}],"version-history":[{"count":1,"href":"https:\/\/www.mines-stetienne.fr\/panoramines\/wp-json\/wp\/v2\/posts\/17460\/revisions"}],"predecessor-version":[{"id":17462,"href":"https:\/\/www.mines-stetienne.fr\/panoramines\/wp-json\/wp\/v2\/posts\/17460\/revisions\/17462"}],"wp:featuredmedia":[{"embeddable":true,"href":"https:\/\/www.mines-stetienne.fr\/panoramines\/wp-json\/wp\/v2\/media\/17461"}],"wp:attachment":[{"href":"https:\/\/www.mines-stetienne.fr\/panoramines\/wp-json\/wp\/v2\/media?parent=17460"}],"wp:term":[{"taxonomy":"category","embeddable":true,"href":"https:\/\/www.mines-stetienne.fr\/panoramines\/wp-json\/wp\/v2\/categories?post=17460"},{"taxonomy":"post_tag","embeddable":true,"href":"https:\/\/www.mines-stetienne.fr\/panoramines\/wp-json\/wp\/v2\/tags?post=17460"}],"curies":[{"name":"wp","href":"https:\/\/api.w.org\/{rel}","templated":true}]}}