{"id":16966,"date":"2019-04-09T10:05:53","date_gmt":"2019-04-09T08:05:53","guid":{"rendered":"https:\/\/www.mines-stetienne.fr\/panoramines\/?p=16966"},"modified":"2019-04-17T08:49:36","modified_gmt":"2019-04-17T06:49:36","slug":"vers-de-nouveaux-imaginaires-et-de-nouveaux-projets","status":"publish","type":"post","link":"https:\/\/www.mines-stetienne.fr\/panoramines\/2019\/04\/09\/vers-de-nouveaux-imaginaires-et-de-nouveaux-projets\/","title":{"rendered":"\u00ab\u00a0Vers de nouveaux imaginaires\u00a0\u00bb et de nouveaux projets"},"content":{"rendered":"\n<h4 class=\"wp-block-heading\">Exp\u00e9riences de l\u00e9vitation et d\u00e9gustation de meringues et sorbets \u00e0 l&rsquo;azote liquide : succ\u00e8s de l\u2019exposition et de la conf\u00e9rence de Julien Bobroff, physicien, vulgarisateur, m\u00e9diateur, d\u00e9sormais parrain de La Rotonde.<br>L\u2019\u00e9quipe vous donne rendez-vous le 15 juin pour un apr\u00e8s-midi festif, plac\u00e9 sous le signe des sciences et de la convivialit\u00e9.<\/h4>\n\n\n\n<hr class=\"wp-block-separator\" \/>\n\n\n\n<p>Le vernissage de <a rel=\"noreferrer noopener\" aria-label=\"l'exposition Supra! (s\u2019ouvre dans un nouvel onglet)\" href=\"http:\/\/www.larotonde-sciences.com\/cest-au-programme\/supra-2\/\" target=\"_blank\">l&rsquo;exposition Supra!<\/a> le 27 mars \u00e0 La Rotonde a r\u00e9uni un public nombreux et conquis par les animations. L&rsquo;\u00e9v\u00e9nement a \u00e9t\u00e9 ouvert par <strong>Pascal Ray, <\/strong>directeur de Mines Saint-\u00c9tienne, <strong>Guillaume Desbrosse<\/strong>, directeur La Rotonde, <strong>Marc Chassaub\u00e9n\u00e9<\/strong>, adjoint \u00e0 la culture Ville de Saint-\u00c9tienne, vice-pr\u00e9sident Saint-\u00c9tienne M\u00e9tropole et <strong>Julien Bobroff<\/strong>, physicien et professeur \u00e0 Universit\u00e9 Paris-Sud.<\/p>\n\n\n\n<ul class=\"wp-block-gallery columns-4 is-cropped wp-block-gallery-2 is-layout-flex wp-block-gallery-is-layout-flex\"><li class=\"blocks-gallery-item\"><figure><a href=\"https:\/\/www.mines-stetienne.fr\/panoramines\/wp-content\/uploads\/sites\/3\/2019\/03\/IMG_2809.jpg\"><img loading=\"lazy\" decoding=\"async\" width=\"750\" height=\"457\" src=\"https:\/\/www.mines-stetienne.fr\/panoramines\/wp-content\/uploads\/sites\/3\/2019\/03\/IMG_2809.jpg\" alt=\"\" data-id=\"16968\" data-link=\"https:\/\/www.mines-stetienne.fr\/panoramines\/?attachment_id=16968\" class=\"wp-image-16968\" srcset=\"https:\/\/www.mines-stetienne.fr\/panoramines\/wp-content\/uploads\/sites\/3\/2019\/03\/IMG_2809.jpg 750w, https:\/\/www.mines-stetienne.fr\/panoramines\/wp-content\/uploads\/sites\/3\/2019\/03\/IMG_2809-300x183.jpg 300w\" sizes=\"auto, (max-width: 750px) 100vw, 750px\" \/><\/a><\/figure><\/li><li class=\"blocks-gallery-item\"><figure><a href=\"https:\/\/www.mines-stetienne.fr\/panoramines\/wp-content\/uploads\/sites\/3\/2019\/03\/IMG_2811.jpg\"><img loading=\"lazy\" decoding=\"async\" width=\"750\" height=\"500\" src=\"https:\/\/www.mines-stetienne.fr\/panoramines\/wp-content\/uploads\/sites\/3\/2019\/03\/IMG_2811.jpg\" alt=\"\" data-id=\"16973\" data-link=\"https:\/\/www.mines-stetienne.fr\/panoramines\/?attachment_id=16973\" class=\"wp-image-16973\" srcset=\"https:\/\/www.mines-stetienne.fr\/panoramines\/wp-content\/uploads\/sites\/3\/2019\/03\/IMG_2811.jpg 750w, https:\/\/www.mines-stetienne.fr\/panoramines\/wp-content\/uploads\/sites\/3\/2019\/03\/IMG_2811-300x200.jpg 300w\" sizes=\"auto, (max-width: 750px) 100vw, 750px\" \/><\/a><\/figure><\/li><li class=\"blocks-gallery-item\"><figure><a href=\"https:\/\/www.mines-stetienne.fr\/panoramines\/wp-content\/uploads\/sites\/3\/2019\/03\/IMG_2818.jpg\"><img loading=\"lazy\" decoding=\"async\" width=\"750\" height=\"423\" src=\"https:\/\/www.mines-stetienne.fr\/panoramines\/wp-content\/uploads\/sites\/3\/2019\/03\/IMG_2818.jpg\" alt=\"\" data-id=\"16974\" data-link=\"https:\/\/www.mines-stetienne.fr\/panoramines\/?attachment_id=16974\" class=\"wp-image-16974\" srcset=\"https:\/\/www.mines-stetienne.fr\/panoramines\/wp-content\/uploads\/sites\/3\/2019\/03\/IMG_2818.jpg 750w, https:\/\/www.mines-stetienne.fr\/panoramines\/wp-content\/uploads\/sites\/3\/2019\/03\/IMG_2818-300x169.jpg 300w\" sizes=\"auto, (max-width: 750px) 100vw, 750px\" \/><\/a><\/figure><\/li><li class=\"blocks-gallery-item\"><figure><a href=\"https:\/\/www.mines-stetienne.fr\/panoramines\/wp-content\/uploads\/sites\/3\/2019\/03\/IMG_2821.jpg\"><img loading=\"lazy\" decoding=\"async\" width=\"750\" height=\"500\" src=\"https:\/\/www.mines-stetienne.fr\/panoramines\/wp-content\/uploads\/sites\/3\/2019\/03\/IMG_2821.jpg\" alt=\"\" data-id=\"16975\" data-link=\"https:\/\/www.mines-stetienne.fr\/panoramines\/?attachment_id=16975\" class=\"wp-image-16975\" srcset=\"https:\/\/www.mines-stetienne.fr\/panoramines\/wp-content\/uploads\/sites\/3\/2019\/03\/IMG_2821.jpg 750w, https:\/\/www.mines-stetienne.fr\/panoramines\/wp-content\/uploads\/sites\/3\/2019\/03\/IMG_2821-300x200.jpg 300w\" sizes=\"auto, (max-width: 750px) 100vw, 750px\" \/><\/a><\/figure><\/li><li class=\"blocks-gallery-item\"><figure><a href=\"https:\/\/www.mines-stetienne.fr\/panoramines\/wp-content\/uploads\/sites\/3\/2019\/03\/IMG_2829.jpg\"><img loading=\"lazy\" decoding=\"async\" width=\"750\" height=\"500\" src=\"https:\/\/www.mines-stetienne.fr\/panoramines\/wp-content\/uploads\/sites\/3\/2019\/03\/IMG_2829.jpg\" alt=\"\" data-id=\"16969\" data-link=\"https:\/\/www.mines-stetienne.fr\/panoramines\/?attachment_id=16969\" class=\"wp-image-16969\" srcset=\"https:\/\/www.mines-stetienne.fr\/panoramines\/wp-content\/uploads\/sites\/3\/2019\/03\/IMG_2829.jpg 750w, https:\/\/www.mines-stetienne.fr\/panoramines\/wp-content\/uploads\/sites\/3\/2019\/03\/IMG_2829-300x200.jpg 300w\" sizes=\"auto, (max-width: 750px) 100vw, 750px\" \/><\/a><\/figure><\/li><li class=\"blocks-gallery-item\"><figure><a href=\"https:\/\/www.mines-stetienne.fr\/panoramines\/wp-content\/uploads\/sites\/3\/2019\/03\/IMG_2831.jpg\"><img loading=\"lazy\" decoding=\"async\" width=\"678\" height=\"510\" src=\"https:\/\/www.mines-stetienne.fr\/panoramines\/wp-content\/uploads\/sites\/3\/2019\/03\/IMG_2831.jpg\" alt=\"\" data-id=\"16970\" data-link=\"https:\/\/www.mines-stetienne.fr\/panoramines\/?attachment_id=16970\" class=\"wp-image-16970\" srcset=\"https:\/\/www.mines-stetienne.fr\/panoramines\/wp-content\/uploads\/sites\/3\/2019\/03\/IMG_2831.jpg 678w, https:\/\/www.mines-stetienne.fr\/panoramines\/wp-content\/uploads\/sites\/3\/2019\/03\/IMG_2831-300x226.jpg 300w\" sizes=\"auto, (max-width: 678px) 100vw, 678px\" \/><\/a><\/figure><\/li><li class=\"blocks-gallery-item\"><figure><a href=\"https:\/\/www.mines-stetienne.fr\/panoramines\/wp-content\/uploads\/sites\/3\/2019\/03\/IMG_2835.jpg\"><img loading=\"lazy\" decoding=\"async\" width=\"750\" height=\"500\" src=\"https:\/\/www.mines-stetienne.fr\/panoramines\/wp-content\/uploads\/sites\/3\/2019\/03\/IMG_2835.jpg\" alt=\"\" data-id=\"16971\" data-link=\"https:\/\/www.mines-stetienne.fr\/panoramines\/?attachment_id=16971\" class=\"wp-image-16971\" srcset=\"https:\/\/www.mines-stetienne.fr\/panoramines\/wp-content\/uploads\/sites\/3\/2019\/03\/IMG_2835.jpg 750w, https:\/\/www.mines-stetienne.fr\/panoramines\/wp-content\/uploads\/sites\/3\/2019\/03\/IMG_2835-300x200.jpg 300w\" sizes=\"auto, (max-width: 750px) 100vw, 750px\" \/><\/a><\/figure><\/li><li class=\"blocks-gallery-item\"><figure><a href=\"https:\/\/www.mines-stetienne.fr\/panoramines\/wp-content\/uploads\/sites\/3\/2019\/03\/IMG_2836.jpg\"><img loading=\"lazy\" decoding=\"async\" width=\"750\" height=\"502\" src=\"https:\/\/www.mines-stetienne.fr\/panoramines\/wp-content\/uploads\/sites\/3\/2019\/03\/IMG_2836.jpg\" alt=\"\" data-id=\"16972\" data-link=\"https:\/\/www.mines-stetienne.fr\/panoramines\/?attachment_id=16972\" class=\"wp-image-16972\" srcset=\"https:\/\/www.mines-stetienne.fr\/panoramines\/wp-content\/uploads\/sites\/3\/2019\/03\/IMG_2836.jpg 750w, https:\/\/www.mines-stetienne.fr\/panoramines\/wp-content\/uploads\/sites\/3\/2019\/03\/IMG_2836-300x201.jpg 300w\" sizes=\"auto, (max-width: 750px) 100vw, 750px\" \/><\/a><\/figure><\/li><\/ul>\n\n\n\n<p style=\"text-align:center\">Exp\u00e9riences de l\u00e9vitation et d\u00e9gustation de meringues et sorbets \u00e0 l&rsquo;azote liquide ! BRAVO \u00e0 toute l&rsquo;\u00e9quipe et au <strong>nouveau parrain de la Rotonde<\/strong> : <\/p>\n\n\n\n<blockquote class=\"wp-block-quote is-layout-flow wp-block-quote-is-layout-flow\"><p><em>\u00ab\u00a0Les travaux de recherche de <\/em><strong><em>Julien Bobroff<\/em><\/strong><em> le m\u00e8nent partout o\u00f9 la rencontre avec le public est possible (&#8230;)\u00a0\u00bb &gt;<\/em> <a rel=\"noreferrer noopener\" href=\"http:\/\/www.larotonde-sciences.com\/qui-sommes-nous\/parrain\/\" target=\"_blank\">en savoir +<\/a><\/p><p><\/p><\/blockquote>\n\n\n\n<hr class=\"wp-block-separator\" \/>\n\n\n\n<h4 class=\"wp-block-heading\">\u00ab\u00a0Science et Design : vers de nouveaux imaginaires\u00a0\u00bb<\/h4>\n\n\n\n<p><a href=\"https:\/\/youtu.be\/J-BxtE0BXUc\">Retour sur la conf\u00e9rence de <\/a><strong><a href=\"https:\/\/youtu.be\/J-BxtE0BXUc\">Julien Bobroff<\/a><\/strong>, physicien, vulgarisateur, m\u00e9diateur, donn\u00e9e \u00e0 l&rsquo;auditorium de la Cit\u00e9 du Design dans le cadre de l&rsquo;exposition Supra ! et de la Biennale Internationale Design Saint-\u00c9tienne.<\/p>\n\n\n\n<hr class=\"wp-block-separator\" \/>\n\n\n\n<h4 class=\"wp-block-heading\">\u00ab\u00a0Voyageurs du num\u00e9rique st\u00e9phanois\u00a0\u00bb<\/h4>\n\n\n\n<p><strong>Alexandre Louvet, Mathis Pasquier et Jean-Philippe Vouhe<\/strong>, \u00e9l\u00e8ves ICM en 2e ann\u00e9e, passionn\u00e9s et sensibles \u00e0 la question d\u2019accessibilit\u00e9 au num\u00e9rique et sur leurs usages dans notre quotidien, ont cr\u00e9\u00e9 le club st\u00e9phanois Voyageurs du num\u00e9rique. Ils proposeront 5 ateliers du 18 avril au 25 mai \u00e0 la m\u00e9diath\u00e8que de Saint-Chamond &gt; <a href=\"http:\/\/www.larotonde-sciences.com\/cest-au-programme\/voyageurs-numeriques\/\">en savoir +<\/a><\/p>\n\n\n\n<hr class=\"wp-block-separator\" \/>\n\n\n\n<h4 class=\"wp-block-heading\">\u00ab\u00a020 ans d\u00e9j\u00e0\u00a0\u00bb : <a href=\"http:\/\/www.larotonde-sciences.com\/cest-au-programme\/20ans-rotonde\/\">samedi 15 juin apr\u00e8s-midi<\/a> <\/h4>\n\n\n\n<hr class=\"wp-block-separator\" \/>\n","protected":false},"excerpt":{"rendered":"<p>Exp\u00e9riences de l\u00e9vitation et d\u00e9gustation de meringues et sorbets \u00e0 l&rsquo;azote liquide : succ\u00e8s de l\u2019exposition et de la conf\u00e9rence de Julien Bobroff, physicien, vulgarisateur, m\u00e9diateur, d\u00e9sormais parrain de La Rotonde.L\u2019\u00e9quipe vous donne rendez-vous le 15 juin pour un apr\u00e8s-midi &hellip;<\/p>\n","protected":false},"author":3,"featured_media":17211,"comment_status":"closed","ping_status":"open","sticky":false,"template":"","format":"standard","meta":{"_relevanssi_hide_post":"","_relevanssi_hide_content":"","_relevanssi_pin_for_all":"","_relevanssi_pin_keywords":"","_relevanssi_unpin_keywords":"","_relevanssi_related_keywords":"","_relevanssi_related_include_ids":"","_relevanssi_related_exclude_ids":"","_relevanssi_related_no_append":"","_relevanssi_related_not_related":"","_relevanssi_related_posts":"","_relevanssi_noindex_reason":"","footnotes":""},"categories":[10],"tags":[],"class_list":["post-16966","post","type-post","status-publish","format-standard","has-post-thumbnail","hentry","category-culture-scientifique"],"pp_statuses_selecting_workflow":false,"pp_workflow_action":"current","pp_status_selection":"publish","pp_force_visibility":null,"pp_subpost_visibility":null,"pp_inherited_force_visibility":null,"pp_inherited_subpost_visibility":null,"yoast_head":"<!-- This site is optimized with the Yoast SEO plugin v27.5 - https:\/\/yoast.com\/product\/yoast-seo-wordpress\/ -->\n<title>&quot;Vers de nouveaux imaginaires&quot; et de nouveaux projets - Panoramines<\/title>\n<meta name=\"robots\" content=\"index, follow, max-snippet:-1, max-image-preview:large, max-video-preview:-1\" \/>\n<link rel=\"canonical\" href=\"https:\/\/www.mines-stetienne.fr\/panoramines\/2019\/04\/09\/vers-de-nouveaux-imaginaires-et-de-nouveaux-projets\/\" \/>\n<meta property=\"og:locale\" content=\"fr_FR\" \/>\n<meta property=\"og:type\" content=\"article\" \/>\n<meta property=\"og:title\" content=\"&quot;Vers de nouveaux imaginaires&quot; et de nouveaux projets - Panoramines\" \/>\n<meta property=\"og:description\" content=\"Exp\u00e9riences de l\u00e9vitation et d\u00e9gustation de meringues et sorbets \u00e0 l&rsquo;azote liquide : succ\u00e8s de l\u2019exposition et de la conf\u00e9rence de Julien Bobroff, physicien, vulgarisateur, m\u00e9diateur, d\u00e9sormais parrain de La Rotonde.L\u2019\u00e9quipe vous donne rendez-vous le 15 juin pour un apr\u00e8s-midi &hellip;\" \/>\n<meta property=\"og:url\" content=\"https:\/\/www.mines-stetienne.fr\/panoramines\/2019\/04\/09\/vers-de-nouveaux-imaginaires-et-de-nouveaux-projets\/\" \/>\n<meta property=\"og:site_name\" content=\"Panoramines\" \/>\n<meta property=\"article:published_time\" content=\"2019-04-09T08:05:53+00:00\" \/>\n<meta property=\"article:modified_time\" content=\"2019-04-17T06:49:36+00:00\" \/>\n<meta property=\"og:image\" content=\"https:\/\/www.mines-stetienne.fr\/panoramines\/wp-content\/uploads\/sites\/3\/2019\/04\/UneRotonde.jpg\" \/>\n\t<meta property=\"og:image:width\" content=\"700\" \/>\n\t<meta property=\"og:image:height\" content=\"304\" \/>\n\t<meta property=\"og:image:type\" content=\"image\/jpeg\" \/>\n<meta name=\"author\" content=\"Nathalie\" \/>\n<meta name=\"twitter:card\" content=\"summary_large_image\" \/>\n<meta name=\"twitter:label1\" content=\"\u00c9crit par\" \/>\n\t<meta name=\"twitter:data1\" content=\" Nathalie\" \/>\n\t<meta name=\"twitter:label2\" content=\"Dur\u00e9e de lecture estim\u00e9e\" \/>\n\t<meta name=\"twitter:data2\" content=\"1 minute\" \/>\n<script type=\"application\/ld+json\" class=\"yoast-schema-graph\">{\"@context\":\"https:\\\/\\\/schema.org\",\"@graph\":[{\"@type\":\"Article\",\"@id\":\"https:\\\/\\\/www.mines-stetienne.fr\\\/panoramines\\\/2019\\\/04\\\/09\\\/vers-de-nouveaux-imaginaires-et-de-nouveaux-projets\\\/#article\",\"isPartOf\":{\"@id\":\"https:\\\/\\\/www.mines-stetienne.fr\\\/panoramines\\\/2019\\\/04\\\/09\\\/vers-de-nouveaux-imaginaires-et-de-nouveaux-projets\\\/\"},\"author\":{\"name\":\"Nathalie\",\"@id\":\"https:\\\/\\\/www.mines-stetienne.fr\\\/panoramines\\\/#\\\/schema\\\/person\\\/95e752e6dedac604ce4535123e0f8df7\"},\"headline\":\"\u00ab\u00a0Vers de nouveaux imaginaires\u00a0\u00bb et de nouveaux projets\",\"datePublished\":\"2019-04-09T08:05:53+00:00\",\"dateModified\":\"2019-04-17T06:49:36+00:00\",\"mainEntityOfPage\":{\"@id\":\"https:\\\/\\\/www.mines-stetienne.fr\\\/panoramines\\\/2019\\\/04\\\/09\\\/vers-de-nouveaux-imaginaires-et-de-nouveaux-projets\\\/\"},\"wordCount\":289,\"image\":{\"@id\":\"https:\\\/\\\/www.mines-stetienne.fr\\\/panoramines\\\/2019\\\/04\\\/09\\\/vers-de-nouveaux-imaginaires-et-de-nouveaux-projets\\\/#primaryimage\"},\"thumbnailUrl\":\"https:\\\/\\\/www.mines-stetienne.fr\\\/panoramines\\\/wp-content\\\/uploads\\\/sites\\\/3\\\/2019\\\/04\\\/UneRotonde.jpg\",\"articleSection\":[\"Culture scientifique\"],\"inLanguage\":\"fr-FR\"},{\"@type\":\"WebPage\",\"@id\":\"https:\\\/\\\/www.mines-stetienne.fr\\\/panoramines\\\/2019\\\/04\\\/09\\\/vers-de-nouveaux-imaginaires-et-de-nouveaux-projets\\\/\",\"url\":\"https:\\\/\\\/www.mines-stetienne.fr\\\/panoramines\\\/2019\\\/04\\\/09\\\/vers-de-nouveaux-imaginaires-et-de-nouveaux-projets\\\/\",\"name\":\"\\\"Vers de nouveaux imaginaires\\\" et de nouveaux projets - Panoramines\",\"isPartOf\":{\"@id\":\"https:\\\/\\\/www.mines-stetienne.fr\\\/panoramines\\\/#website\"},\"primaryImageOfPage\":{\"@id\":\"https:\\\/\\\/www.mines-stetienne.fr\\\/panoramines\\\/2019\\\/04\\\/09\\\/vers-de-nouveaux-imaginaires-et-de-nouveaux-projets\\\/#primaryimage\"},\"image\":{\"@id\":\"https:\\\/\\\/www.mines-stetienne.fr\\\/panoramines\\\/2019\\\/04\\\/09\\\/vers-de-nouveaux-imaginaires-et-de-nouveaux-projets\\\/#primaryimage\"},\"thumbnailUrl\":\"https:\\\/\\\/www.mines-stetienne.fr\\\/panoramines\\\/wp-content\\\/uploads\\\/sites\\\/3\\\/2019\\\/04\\\/UneRotonde.jpg\",\"datePublished\":\"2019-04-09T08:05:53+00:00\",\"dateModified\":\"2019-04-17T06:49:36+00:00\",\"author\":{\"@id\":\"https:\\\/\\\/www.mines-stetienne.fr\\\/panoramines\\\/#\\\/schema\\\/person\\\/95e752e6dedac604ce4535123e0f8df7\"},\"breadcrumb\":{\"@id\":\"https:\\\/\\\/www.mines-stetienne.fr\\\/panoramines\\\/2019\\\/04\\\/09\\\/vers-de-nouveaux-imaginaires-et-de-nouveaux-projets\\\/#breadcrumb\"},\"inLanguage\":\"fr-FR\",\"potentialAction\":[{\"@type\":\"ReadAction\",\"target\":[\"https:\\\/\\\/www.mines-stetienne.fr\\\/panoramines\\\/2019\\\/04\\\/09\\\/vers-de-nouveaux-imaginaires-et-de-nouveaux-projets\\\/\"]}]},{\"@type\":\"ImageObject\",\"inLanguage\":\"fr-FR\",\"@id\":\"https:\\\/\\\/www.mines-stetienne.fr\\\/panoramines\\\/2019\\\/04\\\/09\\\/vers-de-nouveaux-imaginaires-et-de-nouveaux-projets\\\/#primaryimage\",\"url\":\"https:\\\/\\\/www.mines-stetienne.fr\\\/panoramines\\\/wp-content\\\/uploads\\\/sites\\\/3\\\/2019\\\/04\\\/UneRotonde.jpg\",\"contentUrl\":\"https:\\\/\\\/www.mines-stetienne.fr\\\/panoramines\\\/wp-content\\\/uploads\\\/sites\\\/3\\\/2019\\\/04\\\/UneRotonde.jpg\",\"width\":700,\"height\":304},{\"@type\":\"BreadcrumbList\",\"@id\":\"https:\\\/\\\/www.mines-stetienne.fr\\\/panoramines\\\/2019\\\/04\\\/09\\\/vers-de-nouveaux-imaginaires-et-de-nouveaux-projets\\\/#breadcrumb\",\"itemListElement\":[{\"@type\":\"ListItem\",\"position\":1,\"name\":\"Accueil\",\"item\":\"https:\\\/\\\/www.mines-stetienne.fr\\\/panoramines\\\/\"},{\"@type\":\"ListItem\",\"position\":2,\"name\":\"\u00ab\u00a0Vers de nouveaux imaginaires\u00a0\u00bb et de nouveaux projets\"}]},{\"@type\":\"WebSite\",\"@id\":\"https:\\\/\\\/www.mines-stetienne.fr\\\/panoramines\\\/#website\",\"url\":\"https:\\\/\\\/www.mines-stetienne.fr\\\/panoramines\\\/\",\"name\":\"Panoramines\",\"description\":\"Panoramines, l\u2019actualit\u00e9 de MINES Saint-\u00c9tienne\",\"potentialAction\":[{\"@type\":\"SearchAction\",\"target\":{\"@type\":\"EntryPoint\",\"urlTemplate\":\"https:\\\/\\\/www.mines-stetienne.fr\\\/panoramines\\\/?s={search_term_string}\"},\"query-input\":{\"@type\":\"PropertyValueSpecification\",\"valueRequired\":true,\"valueName\":\"search_term_string\"}}],\"inLanguage\":\"fr-FR\"},{\"@type\":\"Person\",\"@id\":\"https:\\\/\\\/www.mines-stetienne.fr\\\/panoramines\\\/#\\\/schema\\\/person\\\/95e752e6dedac604ce4535123e0f8df7\",\"name\":\"Nathalie\",\"image\":{\"@type\":\"ImageObject\",\"inLanguage\":\"fr-FR\",\"@id\":\"https:\\\/\\\/www.mines-stetienne.fr\\\/panoramines\\\/wp-content\\\/uploads\\\/sites\\\/3\\\/2021\\\/07\\\/logo-75x75-1.png\",\"url\":\"https:\\\/\\\/www.mines-stetienne.fr\\\/panoramines\\\/wp-content\\\/uploads\\\/sites\\\/3\\\/2021\\\/07\\\/logo-75x75-1.png\",\"contentUrl\":\"https:\\\/\\\/www.mines-stetienne.fr\\\/panoramines\\\/wp-content\\\/uploads\\\/sites\\\/3\\\/2021\\\/07\\\/logo-75x75-1.png\",\"caption\":\"Nathalie\"},\"url\":\"https:\\\/\\\/www.mines-stetienne.fr\\\/panoramines\\\/author\\\/nathalie\\\/\"}]}<\/script>\n<!-- \/ Yoast SEO plugin. -->","yoast_head_json":{"title":"\"Vers de nouveaux imaginaires\" et de nouveaux projets - Panoramines","robots":{"index":"index","follow":"follow","max-snippet":"max-snippet:-1","max-image-preview":"max-image-preview:large","max-video-preview":"max-video-preview:-1"},"canonical":"https:\/\/www.mines-stetienne.fr\/panoramines\/2019\/04\/09\/vers-de-nouveaux-imaginaires-et-de-nouveaux-projets\/","og_locale":"fr_FR","og_type":"article","og_title":"\"Vers de nouveaux imaginaires\" et de nouveaux projets - Panoramines","og_description":"Exp\u00e9riences de l\u00e9vitation et d\u00e9gustation de meringues et sorbets \u00e0 l&rsquo;azote liquide : succ\u00e8s de l\u2019exposition et de la conf\u00e9rence de Julien Bobroff, physicien, vulgarisateur, m\u00e9diateur, d\u00e9sormais parrain de La Rotonde.L\u2019\u00e9quipe vous donne rendez-vous le 15 juin pour un apr\u00e8s-midi &hellip;","og_url":"https:\/\/www.mines-stetienne.fr\/panoramines\/2019\/04\/09\/vers-de-nouveaux-imaginaires-et-de-nouveaux-projets\/","og_site_name":"Panoramines","article_published_time":"2019-04-09T08:05:53+00:00","article_modified_time":"2019-04-17T06:49:36+00:00","og_image":[{"width":700,"height":304,"url":"https:\/\/www.mines-stetienne.fr\/panoramines\/wp-content\/uploads\/sites\/3\/2019\/04\/UneRotonde.jpg","type":"image\/jpeg"}],"author":"Nathalie","twitter_card":"summary_large_image","twitter_misc":{"\u00c9crit par":" Nathalie","Dur\u00e9e de lecture estim\u00e9e":"1 minute"},"schema":{"@context":"https:\/\/schema.org","@graph":[{"@type":"Article","@id":"https:\/\/www.mines-stetienne.fr\/panoramines\/2019\/04\/09\/vers-de-nouveaux-imaginaires-et-de-nouveaux-projets\/#article","isPartOf":{"@id":"https:\/\/www.mines-stetienne.fr\/panoramines\/2019\/04\/09\/vers-de-nouveaux-imaginaires-et-de-nouveaux-projets\/"},"author":{"name":"Nathalie","@id":"https:\/\/www.mines-stetienne.fr\/panoramines\/#\/schema\/person\/95e752e6dedac604ce4535123e0f8df7"},"headline":"\u00ab\u00a0Vers de nouveaux imaginaires\u00a0\u00bb et de nouveaux projets","datePublished":"2019-04-09T08:05:53+00:00","dateModified":"2019-04-17T06:49:36+00:00","mainEntityOfPage":{"@id":"https:\/\/www.mines-stetienne.fr\/panoramines\/2019\/04\/09\/vers-de-nouveaux-imaginaires-et-de-nouveaux-projets\/"},"wordCount":289,"image":{"@id":"https:\/\/www.mines-stetienne.fr\/panoramines\/2019\/04\/09\/vers-de-nouveaux-imaginaires-et-de-nouveaux-projets\/#primaryimage"},"thumbnailUrl":"https:\/\/www.mines-stetienne.fr\/panoramines\/wp-content\/uploads\/sites\/3\/2019\/04\/UneRotonde.jpg","articleSection":["Culture scientifique"],"inLanguage":"fr-FR"},{"@type":"WebPage","@id":"https:\/\/www.mines-stetienne.fr\/panoramines\/2019\/04\/09\/vers-de-nouveaux-imaginaires-et-de-nouveaux-projets\/","url":"https:\/\/www.mines-stetienne.fr\/panoramines\/2019\/04\/09\/vers-de-nouveaux-imaginaires-et-de-nouveaux-projets\/","name":"\"Vers de nouveaux imaginaires\" et de nouveaux projets - Panoramines","isPartOf":{"@id":"https:\/\/www.mines-stetienne.fr\/panoramines\/#website"},"primaryImageOfPage":{"@id":"https:\/\/www.mines-stetienne.fr\/panoramines\/2019\/04\/09\/vers-de-nouveaux-imaginaires-et-de-nouveaux-projets\/#primaryimage"},"image":{"@id":"https:\/\/www.mines-stetienne.fr\/panoramines\/2019\/04\/09\/vers-de-nouveaux-imaginaires-et-de-nouveaux-projets\/#primaryimage"},"thumbnailUrl":"https:\/\/www.mines-stetienne.fr\/panoramines\/wp-content\/uploads\/sites\/3\/2019\/04\/UneRotonde.jpg","datePublished":"2019-04-09T08:05:53+00:00","dateModified":"2019-04-17T06:49:36+00:00","author":{"@id":"https:\/\/www.mines-stetienne.fr\/panoramines\/#\/schema\/person\/95e752e6dedac604ce4535123e0f8df7"},"breadcrumb":{"@id":"https:\/\/www.mines-stetienne.fr\/panoramines\/2019\/04\/09\/vers-de-nouveaux-imaginaires-et-de-nouveaux-projets\/#breadcrumb"},"inLanguage":"fr-FR","potentialAction":[{"@type":"ReadAction","target":["https:\/\/www.mines-stetienne.fr\/panoramines\/2019\/04\/09\/vers-de-nouveaux-imaginaires-et-de-nouveaux-projets\/"]}]},{"@type":"ImageObject","inLanguage":"fr-FR","@id":"https:\/\/www.mines-stetienne.fr\/panoramines\/2019\/04\/09\/vers-de-nouveaux-imaginaires-et-de-nouveaux-projets\/#primaryimage","url":"https:\/\/www.mines-stetienne.fr\/panoramines\/wp-content\/uploads\/sites\/3\/2019\/04\/UneRotonde.jpg","contentUrl":"https:\/\/www.mines-stetienne.fr\/panoramines\/wp-content\/uploads\/sites\/3\/2019\/04\/UneRotonde.jpg","width":700,"height":304},{"@type":"BreadcrumbList","@id":"https:\/\/www.mines-stetienne.fr\/panoramines\/2019\/04\/09\/vers-de-nouveaux-imaginaires-et-de-nouveaux-projets\/#breadcrumb","itemListElement":[{"@type":"ListItem","position":1,"name":"Accueil","item":"https:\/\/www.mines-stetienne.fr\/panoramines\/"},{"@type":"ListItem","position":2,"name":"\u00ab\u00a0Vers de nouveaux imaginaires\u00a0\u00bb et de nouveaux projets"}]},{"@type":"WebSite","@id":"https:\/\/www.mines-stetienne.fr\/panoramines\/#website","url":"https:\/\/www.mines-stetienne.fr\/panoramines\/","name":"Panoramines","description":"Panoramines, l\u2019actualit\u00e9 de MINES Saint-\u00c9tienne","potentialAction":[{"@type":"SearchAction","target":{"@type":"EntryPoint","urlTemplate":"https:\/\/www.mines-stetienne.fr\/panoramines\/?s={search_term_string}"},"query-input":{"@type":"PropertyValueSpecification","valueRequired":true,"valueName":"search_term_string"}}],"inLanguage":"fr-FR"},{"@type":"Person","@id":"https:\/\/www.mines-stetienne.fr\/panoramines\/#\/schema\/person\/95e752e6dedac604ce4535123e0f8df7","name":"Nathalie","image":{"@type":"ImageObject","inLanguage":"fr-FR","@id":"https:\/\/www.mines-stetienne.fr\/panoramines\/wp-content\/uploads\/sites\/3\/2021\/07\/logo-75x75-1.png","url":"https:\/\/www.mines-stetienne.fr\/panoramines\/wp-content\/uploads\/sites\/3\/2021\/07\/logo-75x75-1.png","contentUrl":"https:\/\/www.mines-stetienne.fr\/panoramines\/wp-content\/uploads\/sites\/3\/2021\/07\/logo-75x75-1.png","caption":"Nathalie"},"url":"https:\/\/www.mines-stetienne.fr\/panoramines\/author\/nathalie\/"}]}},"_links":{"self":[{"href":"https:\/\/www.mines-stetienne.fr\/panoramines\/wp-json\/wp\/v2\/posts\/16966","targetHints":{"allow":["GET"]}}],"collection":[{"href":"https:\/\/www.mines-stetienne.fr\/panoramines\/wp-json\/wp\/v2\/posts"}],"about":[{"href":"https:\/\/www.mines-stetienne.fr\/panoramines\/wp-json\/wp\/v2\/types\/post"}],"author":[{"embeddable":true,"href":"https:\/\/www.mines-stetienne.fr\/panoramines\/wp-json\/wp\/v2\/users\/3"}],"replies":[{"embeddable":true,"href":"https:\/\/www.mines-stetienne.fr\/panoramines\/wp-json\/wp\/v2\/comments?post=16966"}],"version-history":[{"count":13,"href":"https:\/\/www.mines-stetienne.fr\/panoramines\/wp-json\/wp\/v2\/posts\/16966\/revisions"}],"predecessor-version":[{"id":17263,"href":"https:\/\/www.mines-stetienne.fr\/panoramines\/wp-json\/wp\/v2\/posts\/16966\/revisions\/17263"}],"wp:featuredmedia":[{"embeddable":true,"href":"https:\/\/www.mines-stetienne.fr\/panoramines\/wp-json\/wp\/v2\/media\/17211"}],"wp:attachment":[{"href":"https:\/\/www.mines-stetienne.fr\/panoramines\/wp-json\/wp\/v2\/media?parent=16966"}],"wp:term":[{"taxonomy":"category","embeddable":true,"href":"https:\/\/www.mines-stetienne.fr\/panoramines\/wp-json\/wp\/v2\/categories?post=16966"},{"taxonomy":"post_tag","embeddable":true,"href":"https:\/\/www.mines-stetienne.fr\/panoramines\/wp-json\/wp\/v2\/tags?post=16966"}],"curies":[{"name":"wp","href":"https:\/\/api.w.org\/{rel}","templated":true}]}}