{"id":16948,"date":"2019-05-03T10:30:21","date_gmt":"2019-05-03T08:30:21","guid":{"rendered":"https:\/\/www.mines-stetienne.fr\/panoramines\/?p=16948"},"modified":"2019-05-03T13:21:07","modified_gmt":"2019-05-03T11:21:07","slug":"teammines-saint-etienne-un-programme-sur-mesure","status":"publish","type":"post","link":"https:\/\/www.mines-stetienne.fr\/panoramines\/2019\/05\/03\/teammines-saint-etienne-un-programme-sur-mesure\/","title":{"rendered":"Team@Mines Saint-\u00c9tienne : un programme sur mesure"},"content":{"rendered":"\n<h4 class=\"wp-block-heading\">D\u00e9di\u00e9 \u00e0 la maturation de tout projet d\u2019innovation ou de cr\u00e9ation d\u2019activit\u00e9 \u00e0 forte composante technologique, notre dispositif accompagne actuellement 12 startups (dont 3 spin-off), 42 au total depuis sa cr\u00e9ation en 2003.<br>23 emplois ont \u00e9t\u00e9 cr\u00e9\u00e9s en 2018 et 270k\u20ac de fonds lev\u00e9s (11 millions en 15 ans).<\/h4>\n\n\n\n<p>TEAM@Mines Saint-\u00c9tienne est un acteur cl\u00e9 du transfert des r\u00e9sultats de la recherche sur nos campus : \u00e9laboration d\u2019un prototype, test ou validation d\u2019une fonction nouvelle, co-cr\u00e9ation au service des  projets&#8230; notre dispositif se donne \u00e9galement pour mission de lever les freins techniques rencontr\u00e9s par les porteurs de projet. <\/p>\n\n\n\n<blockquote class=\"wp-block-quote is-layout-flow wp-block-quote-is-layout-flow\"><p><a rel=\"noreferrer noopener\" aria-label=\"D\u00e9couvrez le Startup book 2019 (s\u2019ouvre dans un nouvel onglet)\" href=\"https:\/\/www.mines-stetienne.fr\/wp-content\/uploads\/2019\/03\/start-up-book-v2-web.pdf\" target=\"_blank\">D\u00e9couvrez le Startup book 2019<\/a> : les nouveaux projets, les collaborations et l&rsquo;int\u00e9gration de Team@Mines Saint-\u00c9tienne dans l\u2019\u00e9cosyst\u00e8me territorial en lien avec les acteurs et structures d\u00e9di\u00e9es \u00e0 l\u2019innovation et l\u2019entrepreneuriat. <\/p><\/blockquote>\n\n\n\n<p>6 nouveaux porteurs de projet ont r\u00e9cemment int\u00e9gr\u00e9 notre espace d&rsquo;accompagnement et de maturation technologique.<\/p>\n\n\n\n<p>4 startups participent au salon Vivatech 2019 : <a rel=\"noreferrer noopener\" aria-label=\"DeNoize (s\u2019ouvre dans un nouvel onglet)\" href=\"http:\/\/denoize.com\/\" target=\"_blank\">DeNoize<\/a>, <a rel=\"noreferrer noopener\" aria-label=\"Imope (s\u2019ouvre dans un nouvel onglet)\" href=\"http:\/\/www.imope.fr\/\" target=\"_blank\">Imope<\/a>, <a href=\"https:\/\/www.predisurge.com\/\" target=\"_blank\" rel=\"noreferrer noopener\" aria-label=\"Predisurge (s\u2019ouvre dans un nouvel onglet)\">Predisurge<\/a> et <a rel=\"noreferrer noopener\" aria-label=\"Tecmoled (s\u2019ouvre dans un nouvel onglet)\" href=\"http:\/\/www.tecmoled.com\/\" target=\"_blank\">Tecmoled<\/a> sur le stand de l&rsquo;IMT.<\/p>\n\n\n\n<p>Plusieurs projets h\u00e9berg\u00e9s ou issus de notre dispositif sont r\u00e9guli\u00e8rement salu\u00e9s pour leurs d\u00e9veloppements et\/ou leur r\u00e9ussite.<\/p>\n\n\n\n<p>Team@Mines Saint-\u00c9tienne co-organise le <a rel=\"noreferrer noopener\" aria-label=\"Start'in Challenge 2019 (s\u2019ouvre dans un nouvel onglet)\" href=\"https:\/\/usein.univ-st-etienne.fr\/startin-challenge-2019\/\" target=\"_blank\">Start&rsquo;in Challenge 2019<\/a>, les candidatures sont ouvertes du 6 au 31 mai. La remise des prix se d\u00e9roulera cette ann\u00e9e le 12 juillet sur notre Campus de Saint-\u00c9tienne.<\/p>\n\n\n\n<blockquote class=\"wp-block-quote is-layout-flow wp-block-quote-is-layout-flow\"><p>Ce num\u00e9ro sp\u00e9cial est d\u00e9di\u00e9 \u00e0 la pr\u00e9sentation de plusieurs projets, aux temps forts de nos startups et \u00e0 l&rsquo;actualit\u00e9 de TEAM@Mines Saint-\u00c9tienne.<\/p><\/blockquote>\n\n\n\n<p>Contacts :<br><a href=\"&#x6d;&#97;i&#x6c;&#x74;&#111;:&#x6a;&#x75;&#108;i&#x65;&#x2e;&#99;a&#x7a;&#x61;&#108;&#64;&#x6d;&#105;&#110;e&#x73;&#45;s&#x74;&#x65;&#116;i&#x65;&#x6e;&#110;e&#x2e;&#x66;&#114;\">Julie CAZAL<\/a>, adjointe au directeur de la recherche et de l\u2019innovation. Valorisation, Innovation et Relations entreprises <br><a href=\"&#x6d;a&#x69;&#108;&#x74;&#x6f;:&#x66;&#105;&#x6f;&#x63;c&#x68;&#105;&#x40;&#x65;m&#x73;&#101;&#x2e;&#x66;r\">Michel FIOCCHI<\/a>, d\u00e9l\u00e9gu\u00e9 \u00e0 l\u2019entrepreneuriat et aux relations industrielles sur le Campus Georges Charpak Provence <\/p>\n\n\n\n<hr class=\"wp-block-separator\" \/>\n\n\n\n<p><br><\/p>\n","protected":false},"excerpt":{"rendered":"<p>D\u00e9di\u00e9 \u00e0 la maturation de tout projet d\u2019innovation ou de cr\u00e9ation d\u2019activit\u00e9 \u00e0 forte composante technologique, notre dispositif accompagne actuellement 12 startups (dont 3 spin-off), 42 au total depuis sa cr\u00e9ation en 2003.23 emplois ont \u00e9t\u00e9 cr\u00e9\u00e9s en 2018 et &hellip;<\/p>\n","protected":false},"author":3,"featured_media":15002,"comment_status":"closed","ping_status":"open","sticky":false,"template":"","format":"standard","meta":{"_relevanssi_hide_post":"","_relevanssi_hide_content":"","_relevanssi_pin_for_all":"","_relevanssi_pin_keywords":"","_relevanssi_unpin_keywords":"","_relevanssi_related_keywords":"","_relevanssi_related_include_ids":"","_relevanssi_related_exclude_ids":"","_relevanssi_related_no_append":"","_relevanssi_related_not_related":"","_relevanssi_related_posts":"","_relevanssi_noindex_reason":"","footnotes":""},"categories":[19],"tags":[228,27,140,557],"class_list":["post-16948","post","type-post","status-publish","format-standard","has-post-thumbnail","hentry","category-entreprise","tag-campus","tag-start-up","tag-team","tag-vivatech"],"pp_statuses_selecting_workflow":false,"pp_workflow_action":"current","pp_status_selection":"publish","pp_force_visibility":null,"pp_subpost_visibility":null,"pp_inherited_force_visibility":null,"pp_inherited_subpost_visibility":null,"yoast_head":"<!-- This site is optimized with the Yoast SEO plugin v27.5 - https:\/\/yoast.com\/product\/yoast-seo-wordpress\/ -->\n<title>Team@Mines Saint-\u00c9tienne : un programme sur mesure - Panoramines<\/title>\n<meta name=\"robots\" content=\"index, follow, max-snippet:-1, max-image-preview:large, max-video-preview:-1\" \/>\n<link rel=\"canonical\" href=\"https:\/\/www.mines-stetienne.fr\/panoramines\/2019\/05\/03\/teammines-saint-etienne-un-programme-sur-mesure\/\" \/>\n<meta property=\"og:locale\" content=\"fr_FR\" \/>\n<meta property=\"og:type\" content=\"article\" \/>\n<meta property=\"og:title\" content=\"Team@Mines Saint-\u00c9tienne : un programme sur mesure - Panoramines\" \/>\n<meta property=\"og:description\" content=\"D\u00e9di\u00e9 \u00e0 la maturation de tout projet d\u2019innovation ou de cr\u00e9ation d\u2019activit\u00e9 \u00e0 forte composante technologique, notre dispositif accompagne actuellement 12 startups (dont 3 spin-off), 42 au total depuis sa cr\u00e9ation en 2003.23 emplois ont \u00e9t\u00e9 cr\u00e9\u00e9s en 2018 et &hellip;\" \/>\n<meta property=\"og:url\" content=\"https:\/\/www.mines-stetienne.fr\/panoramines\/2019\/05\/03\/teammines-saint-etienne-un-programme-sur-mesure\/\" \/>\n<meta property=\"og:site_name\" content=\"Panoramines\" \/>\n<meta property=\"article:published_time\" content=\"2019-05-03T08:30:21+00:00\" \/>\n<meta property=\"article:modified_time\" content=\"2019-05-03T11:21:07+00:00\" \/>\n<meta property=\"og:image\" content=\"https:\/\/www.mines-stetienne.fr\/panoramines\/wp-content\/uploads\/sites\/3\/2018\/11\/UneTeam.jpg\" \/>\n\t<meta property=\"og:image:width\" content=\"700\" \/>\n\t<meta property=\"og:image:height\" content=\"233\" \/>\n\t<meta property=\"og:image:type\" content=\"image\/jpeg\" \/>\n<meta name=\"author\" content=\"Nathalie\" \/>\n<meta name=\"twitter:card\" content=\"summary_large_image\" \/>\n<meta name=\"twitter:label1\" content=\"\u00c9crit par\" \/>\n\t<meta name=\"twitter:data1\" content=\" Nathalie\" \/>\n\t<meta name=\"twitter:label2\" content=\"Dur\u00e9e de lecture estim\u00e9e\" \/>\n\t<meta name=\"twitter:data2\" content=\"1 minute\" \/>\n<script type=\"application\/ld+json\" class=\"yoast-schema-graph\">{\"@context\":\"https:\\\/\\\/schema.org\",\"@graph\":[{\"@type\":\"Article\",\"@id\":\"https:\\\/\\\/www.mines-stetienne.fr\\\/panoramines\\\/2019\\\/05\\\/03\\\/teammines-saint-etienne-un-programme-sur-mesure\\\/#article\",\"isPartOf\":{\"@id\":\"https:\\\/\\\/www.mines-stetienne.fr\\\/panoramines\\\/2019\\\/05\\\/03\\\/teammines-saint-etienne-un-programme-sur-mesure\\\/\"},\"author\":{\"name\":\"Nathalie\",\"@id\":\"https:\\\/\\\/www.mines-stetienne.fr\\\/panoramines\\\/#\\\/schema\\\/person\\\/95e752e6dedac604ce4535123e0f8df7\"},\"headline\":\"Team@Mines Saint-\u00c9tienne : un programme sur mesure\",\"datePublished\":\"2019-05-03T08:30:21+00:00\",\"dateModified\":\"2019-05-03T11:21:07+00:00\",\"mainEntityOfPage\":{\"@id\":\"https:\\\/\\\/www.mines-stetienne.fr\\\/panoramines\\\/2019\\\/05\\\/03\\\/teammines-saint-etienne-un-programme-sur-mesure\\\/\"},\"wordCount\":299,\"image\":{\"@id\":\"https:\\\/\\\/www.mines-stetienne.fr\\\/panoramines\\\/2019\\\/05\\\/03\\\/teammines-saint-etienne-un-programme-sur-mesure\\\/#primaryimage\"},\"thumbnailUrl\":\"https:\\\/\\\/www.mines-stetienne.fr\\\/panoramines\\\/wp-content\\\/uploads\\\/sites\\\/3\\\/2018\\\/11\\\/UneTeam.jpg\",\"keywords\":[\"Campus\",\"Start-up\",\"TEAM\",\"Vivatech\"],\"articleSection\":[\"Entreprise\"],\"inLanguage\":\"fr-FR\"},{\"@type\":\"WebPage\",\"@id\":\"https:\\\/\\\/www.mines-stetienne.fr\\\/panoramines\\\/2019\\\/05\\\/03\\\/teammines-saint-etienne-un-programme-sur-mesure\\\/\",\"url\":\"https:\\\/\\\/www.mines-stetienne.fr\\\/panoramines\\\/2019\\\/05\\\/03\\\/teammines-saint-etienne-un-programme-sur-mesure\\\/\",\"name\":\"Team@Mines Saint-\u00c9tienne : un programme sur mesure - Panoramines\",\"isPartOf\":{\"@id\":\"https:\\\/\\\/www.mines-stetienne.fr\\\/panoramines\\\/#website\"},\"primaryImageOfPage\":{\"@id\":\"https:\\\/\\\/www.mines-stetienne.fr\\\/panoramines\\\/2019\\\/05\\\/03\\\/teammines-saint-etienne-un-programme-sur-mesure\\\/#primaryimage\"},\"image\":{\"@id\":\"https:\\\/\\\/www.mines-stetienne.fr\\\/panoramines\\\/2019\\\/05\\\/03\\\/teammines-saint-etienne-un-programme-sur-mesure\\\/#primaryimage\"},\"thumbnailUrl\":\"https:\\\/\\\/www.mines-stetienne.fr\\\/panoramines\\\/wp-content\\\/uploads\\\/sites\\\/3\\\/2018\\\/11\\\/UneTeam.jpg\",\"datePublished\":\"2019-05-03T08:30:21+00:00\",\"dateModified\":\"2019-05-03T11:21:07+00:00\",\"author\":{\"@id\":\"https:\\\/\\\/www.mines-stetienne.fr\\\/panoramines\\\/#\\\/schema\\\/person\\\/95e752e6dedac604ce4535123e0f8df7\"},\"breadcrumb\":{\"@id\":\"https:\\\/\\\/www.mines-stetienne.fr\\\/panoramines\\\/2019\\\/05\\\/03\\\/teammines-saint-etienne-un-programme-sur-mesure\\\/#breadcrumb\"},\"inLanguage\":\"fr-FR\",\"potentialAction\":[{\"@type\":\"ReadAction\",\"target\":[\"https:\\\/\\\/www.mines-stetienne.fr\\\/panoramines\\\/2019\\\/05\\\/03\\\/teammines-saint-etienne-un-programme-sur-mesure\\\/\"]}]},{\"@type\":\"ImageObject\",\"inLanguage\":\"fr-FR\",\"@id\":\"https:\\\/\\\/www.mines-stetienne.fr\\\/panoramines\\\/2019\\\/05\\\/03\\\/teammines-saint-etienne-un-programme-sur-mesure\\\/#primaryimage\",\"url\":\"https:\\\/\\\/www.mines-stetienne.fr\\\/panoramines\\\/wp-content\\\/uploads\\\/sites\\\/3\\\/2018\\\/11\\\/UneTeam.jpg\",\"contentUrl\":\"https:\\\/\\\/www.mines-stetienne.fr\\\/panoramines\\\/wp-content\\\/uploads\\\/sites\\\/3\\\/2018\\\/11\\\/UneTeam.jpg\",\"width\":700,\"height\":233},{\"@type\":\"BreadcrumbList\",\"@id\":\"https:\\\/\\\/www.mines-stetienne.fr\\\/panoramines\\\/2019\\\/05\\\/03\\\/teammines-saint-etienne-un-programme-sur-mesure\\\/#breadcrumb\",\"itemListElement\":[{\"@type\":\"ListItem\",\"position\":1,\"name\":\"Accueil\",\"item\":\"https:\\\/\\\/www.mines-stetienne.fr\\\/panoramines\\\/\"},{\"@type\":\"ListItem\",\"position\":2,\"name\":\"Team@Mines Saint-\u00c9tienne : un programme sur mesure\"}]},{\"@type\":\"WebSite\",\"@id\":\"https:\\\/\\\/www.mines-stetienne.fr\\\/panoramines\\\/#website\",\"url\":\"https:\\\/\\\/www.mines-stetienne.fr\\\/panoramines\\\/\",\"name\":\"Panoramines\",\"description\":\"Panoramines, l\u2019actualit\u00e9 de MINES Saint-\u00c9tienne\",\"potentialAction\":[{\"@type\":\"SearchAction\",\"target\":{\"@type\":\"EntryPoint\",\"urlTemplate\":\"https:\\\/\\\/www.mines-stetienne.fr\\\/panoramines\\\/?s={search_term_string}\"},\"query-input\":{\"@type\":\"PropertyValueSpecification\",\"valueRequired\":true,\"valueName\":\"search_term_string\"}}],\"inLanguage\":\"fr-FR\"},{\"@type\":\"Person\",\"@id\":\"https:\\\/\\\/www.mines-stetienne.fr\\\/panoramines\\\/#\\\/schema\\\/person\\\/95e752e6dedac604ce4535123e0f8df7\",\"name\":\"Nathalie\",\"image\":{\"@type\":\"ImageObject\",\"inLanguage\":\"fr-FR\",\"@id\":\"https:\\\/\\\/www.mines-stetienne.fr\\\/panoramines\\\/wp-content\\\/uploads\\\/sites\\\/3\\\/2021\\\/07\\\/logo-75x75-1.png\",\"url\":\"https:\\\/\\\/www.mines-stetienne.fr\\\/panoramines\\\/wp-content\\\/uploads\\\/sites\\\/3\\\/2021\\\/07\\\/logo-75x75-1.png\",\"contentUrl\":\"https:\\\/\\\/www.mines-stetienne.fr\\\/panoramines\\\/wp-content\\\/uploads\\\/sites\\\/3\\\/2021\\\/07\\\/logo-75x75-1.png\",\"caption\":\"Nathalie\"},\"url\":\"https:\\\/\\\/www.mines-stetienne.fr\\\/panoramines\\\/author\\\/nathalie\\\/\"}]}<\/script>\n<!-- \/ Yoast SEO plugin. -->","yoast_head_json":{"title":"Team@Mines Saint-\u00c9tienne : un programme sur mesure - Panoramines","robots":{"index":"index","follow":"follow","max-snippet":"max-snippet:-1","max-image-preview":"max-image-preview:large","max-video-preview":"max-video-preview:-1"},"canonical":"https:\/\/www.mines-stetienne.fr\/panoramines\/2019\/05\/03\/teammines-saint-etienne-un-programme-sur-mesure\/","og_locale":"fr_FR","og_type":"article","og_title":"Team@Mines Saint-\u00c9tienne : un programme sur mesure - Panoramines","og_description":"D\u00e9di\u00e9 \u00e0 la maturation de tout projet d\u2019innovation ou de cr\u00e9ation d\u2019activit\u00e9 \u00e0 forte composante technologique, notre dispositif accompagne actuellement 12 startups (dont 3 spin-off), 42 au total depuis sa cr\u00e9ation en 2003.23 emplois ont \u00e9t\u00e9 cr\u00e9\u00e9s en 2018 et &hellip;","og_url":"https:\/\/www.mines-stetienne.fr\/panoramines\/2019\/05\/03\/teammines-saint-etienne-un-programme-sur-mesure\/","og_site_name":"Panoramines","article_published_time":"2019-05-03T08:30:21+00:00","article_modified_time":"2019-05-03T11:21:07+00:00","og_image":[{"width":700,"height":233,"url":"https:\/\/www.mines-stetienne.fr\/panoramines\/wp-content\/uploads\/sites\/3\/2018\/11\/UneTeam.jpg","type":"image\/jpeg"}],"author":"Nathalie","twitter_card":"summary_large_image","twitter_misc":{"\u00c9crit par":" Nathalie","Dur\u00e9e de lecture estim\u00e9e":"1 minute"},"schema":{"@context":"https:\/\/schema.org","@graph":[{"@type":"Article","@id":"https:\/\/www.mines-stetienne.fr\/panoramines\/2019\/05\/03\/teammines-saint-etienne-un-programme-sur-mesure\/#article","isPartOf":{"@id":"https:\/\/www.mines-stetienne.fr\/panoramines\/2019\/05\/03\/teammines-saint-etienne-un-programme-sur-mesure\/"},"author":{"name":"Nathalie","@id":"https:\/\/www.mines-stetienne.fr\/panoramines\/#\/schema\/person\/95e752e6dedac604ce4535123e0f8df7"},"headline":"Team@Mines Saint-\u00c9tienne : un programme sur mesure","datePublished":"2019-05-03T08:30:21+00:00","dateModified":"2019-05-03T11:21:07+00:00","mainEntityOfPage":{"@id":"https:\/\/www.mines-stetienne.fr\/panoramines\/2019\/05\/03\/teammines-saint-etienne-un-programme-sur-mesure\/"},"wordCount":299,"image":{"@id":"https:\/\/www.mines-stetienne.fr\/panoramines\/2019\/05\/03\/teammines-saint-etienne-un-programme-sur-mesure\/#primaryimage"},"thumbnailUrl":"https:\/\/www.mines-stetienne.fr\/panoramines\/wp-content\/uploads\/sites\/3\/2018\/11\/UneTeam.jpg","keywords":["Campus","Start-up","TEAM","Vivatech"],"articleSection":["Entreprise"],"inLanguage":"fr-FR"},{"@type":"WebPage","@id":"https:\/\/www.mines-stetienne.fr\/panoramines\/2019\/05\/03\/teammines-saint-etienne-un-programme-sur-mesure\/","url":"https:\/\/www.mines-stetienne.fr\/panoramines\/2019\/05\/03\/teammines-saint-etienne-un-programme-sur-mesure\/","name":"Team@Mines Saint-\u00c9tienne : un programme sur mesure - Panoramines","isPartOf":{"@id":"https:\/\/www.mines-stetienne.fr\/panoramines\/#website"},"primaryImageOfPage":{"@id":"https:\/\/www.mines-stetienne.fr\/panoramines\/2019\/05\/03\/teammines-saint-etienne-un-programme-sur-mesure\/#primaryimage"},"image":{"@id":"https:\/\/www.mines-stetienne.fr\/panoramines\/2019\/05\/03\/teammines-saint-etienne-un-programme-sur-mesure\/#primaryimage"},"thumbnailUrl":"https:\/\/www.mines-stetienne.fr\/panoramines\/wp-content\/uploads\/sites\/3\/2018\/11\/UneTeam.jpg","datePublished":"2019-05-03T08:30:21+00:00","dateModified":"2019-05-03T11:21:07+00:00","author":{"@id":"https:\/\/www.mines-stetienne.fr\/panoramines\/#\/schema\/person\/95e752e6dedac604ce4535123e0f8df7"},"breadcrumb":{"@id":"https:\/\/www.mines-stetienne.fr\/panoramines\/2019\/05\/03\/teammines-saint-etienne-un-programme-sur-mesure\/#breadcrumb"},"inLanguage":"fr-FR","potentialAction":[{"@type":"ReadAction","target":["https:\/\/www.mines-stetienne.fr\/panoramines\/2019\/05\/03\/teammines-saint-etienne-un-programme-sur-mesure\/"]}]},{"@type":"ImageObject","inLanguage":"fr-FR","@id":"https:\/\/www.mines-stetienne.fr\/panoramines\/2019\/05\/03\/teammines-saint-etienne-un-programme-sur-mesure\/#primaryimage","url":"https:\/\/www.mines-stetienne.fr\/panoramines\/wp-content\/uploads\/sites\/3\/2018\/11\/UneTeam.jpg","contentUrl":"https:\/\/www.mines-stetienne.fr\/panoramines\/wp-content\/uploads\/sites\/3\/2018\/11\/UneTeam.jpg","width":700,"height":233},{"@type":"BreadcrumbList","@id":"https:\/\/www.mines-stetienne.fr\/panoramines\/2019\/05\/03\/teammines-saint-etienne-un-programme-sur-mesure\/#breadcrumb","itemListElement":[{"@type":"ListItem","position":1,"name":"Accueil","item":"https:\/\/www.mines-stetienne.fr\/panoramines\/"},{"@type":"ListItem","position":2,"name":"Team@Mines Saint-\u00c9tienne : un programme sur mesure"}]},{"@type":"WebSite","@id":"https:\/\/www.mines-stetienne.fr\/panoramines\/#website","url":"https:\/\/www.mines-stetienne.fr\/panoramines\/","name":"Panoramines","description":"Panoramines, l\u2019actualit\u00e9 de MINES Saint-\u00c9tienne","potentialAction":[{"@type":"SearchAction","target":{"@type":"EntryPoint","urlTemplate":"https:\/\/www.mines-stetienne.fr\/panoramines\/?s={search_term_string}"},"query-input":{"@type":"PropertyValueSpecification","valueRequired":true,"valueName":"search_term_string"}}],"inLanguage":"fr-FR"},{"@type":"Person","@id":"https:\/\/www.mines-stetienne.fr\/panoramines\/#\/schema\/person\/95e752e6dedac604ce4535123e0f8df7","name":"Nathalie","image":{"@type":"ImageObject","inLanguage":"fr-FR","@id":"https:\/\/www.mines-stetienne.fr\/panoramines\/wp-content\/uploads\/sites\/3\/2021\/07\/logo-75x75-1.png","url":"https:\/\/www.mines-stetienne.fr\/panoramines\/wp-content\/uploads\/sites\/3\/2021\/07\/logo-75x75-1.png","contentUrl":"https:\/\/www.mines-stetienne.fr\/panoramines\/wp-content\/uploads\/sites\/3\/2021\/07\/logo-75x75-1.png","caption":"Nathalie"},"url":"https:\/\/www.mines-stetienne.fr\/panoramines\/author\/nathalie\/"}]}},"_links":{"self":[{"href":"https:\/\/www.mines-stetienne.fr\/panoramines\/wp-json\/wp\/v2\/posts\/16948","targetHints":{"allow":["GET"]}}],"collection":[{"href":"https:\/\/www.mines-stetienne.fr\/panoramines\/wp-json\/wp\/v2\/posts"}],"about":[{"href":"https:\/\/www.mines-stetienne.fr\/panoramines\/wp-json\/wp\/v2\/types\/post"}],"author":[{"embeddable":true,"href":"https:\/\/www.mines-stetienne.fr\/panoramines\/wp-json\/wp\/v2\/users\/3"}],"replies":[{"embeddable":true,"href":"https:\/\/www.mines-stetienne.fr\/panoramines\/wp-json\/wp\/v2\/comments?post=16948"}],"version-history":[{"count":18,"href":"https:\/\/www.mines-stetienne.fr\/panoramines\/wp-json\/wp\/v2\/posts\/16948\/revisions"}],"predecessor-version":[{"id":17543,"href":"https:\/\/www.mines-stetienne.fr\/panoramines\/wp-json\/wp\/v2\/posts\/16948\/revisions\/17543"}],"wp:featuredmedia":[{"embeddable":true,"href":"https:\/\/www.mines-stetienne.fr\/panoramines\/wp-json\/wp\/v2\/media\/15002"}],"wp:attachment":[{"href":"https:\/\/www.mines-stetienne.fr\/panoramines\/wp-json\/wp\/v2\/media?parent=16948"}],"wp:term":[{"taxonomy":"category","embeddable":true,"href":"https:\/\/www.mines-stetienne.fr\/panoramines\/wp-json\/wp\/v2\/categories?post=16948"},{"taxonomy":"post_tag","embeddable":true,"href":"https:\/\/www.mines-stetienne.fr\/panoramines\/wp-json\/wp\/v2\/tags?post=16948"}],"curies":[{"name":"wp","href":"https:\/\/api.w.org\/{rel}","templated":true}]}}