{"id":16892,"date":"2019-03-22T17:11:54","date_gmt":"2019-03-22T16:11:54","guid":{"rendered":"https:\/\/www.mines-stetienne.fr\/panoramines\/?p=16892"},"modified":"2019-03-28T10:37:43","modified_gmt":"2019-03-28T09:37:43","slug":"vie-etudiante-performances-sportives-et-audiovisuelles","status":"publish","type":"post","link":"https:\/\/www.mines-stetienne.fr\/panoramines\/2019\/03\/22\/vie-etudiante-performances-sportives-et-audiovisuelles\/","title":{"rendered":"Performances sportives et audiovisuelles !"},"content":{"rendered":"\n<h3 class=\"wp-block-heading\"><strong>Participation au Challenge \u00ab\u00a0Welcome on board\u00a0\u00bb<\/strong><\/h3>\n\n\n\n<p><strong>Oumaima Moujahid et Franck Ahoulou<\/strong>, \u00e9l\u00e8ves ICM repr\u00e9sentent l&rsquo; \u00c9cole des Mines de Saint-\u00c9tienne au <strong>challenge \u00ab\u00a0Welcome on board\u00a0\u00bb<\/strong> sur la question de l&rsquo;intelligence artificielle, organis\u00e9 par <a rel=\"noreferrer noopener\" href=\"https:\/\/twitter.com\/AtosFR\/status\/1109083065257811968\" target=\"_blank\">Atos <\/a>France.<br> &gt;&gt;<a rel=\"noreferrer noopener\" href=\"https:\/\/welcomeonboard.atos.net\/site\/vote.html#modal-2WvLWcwrSM4\" target=\"_blank\">Voir leur vid\u00e9o<\/a><\/p>\n\n\n\n<figure class=\"wp-block-image is-resized\"><img loading=\"lazy\" decoding=\"async\" src=\"https:\/\/pbs.twimg.com\/media\/D2RBK2QW0AAOUcI.jpg\" alt=\"\" width=\"524\" height=\"301\" \/><\/figure>\n\n\n\n<p> <strong>Thomas Sardo<\/strong>, \u00e9l\u00e8ve en formation par alternance  participe aussi \u00e0 ce challenge &gt; <a rel=\"noreferrer noopener\" href=\"https:\/\/welcomeonboard.atos.net\/site\/vote.html#modal-hYJQT6w98xs\" target=\"_blank\">voir sa vid\u00e9o<\/a>.<br><strong>\u2022\u2022 Vous pouvez les soutenir ! Les votes sont ouverts jusqu&rsquo;au 29 mars.<\/strong><\/p>\n\n\n\n<hr class=\"wp-block-separator\" \/>\n\n\n\n<h3 class=\"wp-block-heading\">Prix de la Fondation Mines-T\u00e9l\u00e9com<\/h3>\n\n\n\n<p>Parmi les \u00e9tudiants nomm\u00e9s, dans la  cat\u00e9gorie <strong>\u00ab\u00a0meilleur apprentissage\u00a0\u00bb J\u00e9r\u00e9my Georges,<\/strong> Mines de Saint-\u00c9tienne pour son alternance r\u00e9alis\u00e9e chez STMicroelectronics. <a rel=\"noreferrer noopener\" aria-label=\"La remise des pris a lieu le 27 mars (s\u2019ouvre dans un nouvel onglet)\" href=\"https:\/\/www.fondation-mines-telecom.org\/news\/ceremonie-des-prix-de-la-fondation-mines-telecom-2019\/\" target=\"_blank\">La remise des pris a lieu le 27 mars<\/a>.<br><a rel=\"noreferrer noopener\" aria-label=\" (s\u2019ouvre dans un nouvel onglet)\" href=\"https:\/\/www.youtube.com\/watch?v=wx8wU89WtLQ&amp;t=2s&amp;list=PLwlptkPtvj4IySc5k0ytRwCxTLF3oYRhr&amp;index=4\" target=\"_blank\">https:\/\/youtu.be\/wx8wU89WtLQ<\/a> <\/p>\n\n\n\n<figure class=\"wp-block-image is-resized\"><img loading=\"lazy\" decoding=\"async\" src=\"https:\/\/www.mines-stetienne.fr\/panoramines\/wp-content\/uploads\/sites\/3\/2019\/03\/image-2.png\" alt=\"\" class=\"wp-image-16927\" width=\"524\" height=\"408\" \/><\/figure>\n\n\n\n<hr class=\"wp-block-separator\" \/>\n\n\n\n<h3 class=\"wp-block-heading\"><a rel=\"noreferrer noopener\" aria-label=\" Challenge Centrale Lyon 2019 (s\u2019ouvre dans un nouvel onglet)\" href=\"https:\/\/www.facebook.com\/events\/2495643420464960\/\" target=\"_blank\"> Challenge Centrale Lyon 2019<\/a><\/h3>\n\n\n\n<figure class=\"wp-block-image is-resized\"><img loading=\"lazy\" decoding=\"async\" src=\"https:\/\/www.mines-stetienne.fr\/panoramines\/wp-content\/uploads\/sites\/3\/2019\/03\/image-1.png\" alt=\"\" class=\"wp-image-16913\" width=\"524\" height=\"278\" \/><\/figure>\n\n\n\n<p>Bravo aux \u00e9l\u00e8ves-ing\u00e9nieur.es ICM pour ces performances sportives de bonne augure avant le Cartel 2019 ! <br>Ils et elles se sont notamment illustr\u00e9es en Escalade (1er), Escrime-Fleuret (2\u00e8me), Rugby F (3\u00e8me) et en Basket F (3\u00e8me)<br>En savoir + sur le <a rel=\"noreferrer noopener\" aria-label=\"site du BDS Mines Saint-\u00c9tienne (s\u2019ouvre dans un nouvel onglet)\" href=\"https:\/\/www.facebook.com\/bdsemse\/posts\/2284908208400665\" target=\"_blank\">site du BDS Mines Saint-\u00c9tienne<\/a><br><\/p>\n\n\n\n<hr class=\"wp-block-separator\" \/>\n\n\n\n<h3 class=\"wp-block-heading\">Cartel des Mines 2019<\/h3>\n\n\n\n<p>Nos \u00e9l\u00e8ves <a href=\"https:\/\/plus.google.com\/b\/100231175795290987540\/s\/%23ICM\/posts\">#ICM<\/a> et <a href=\"https:\/\/plus.google.com\/b\/100231175795290987540\/s\/%23ISMIN\/posts\">#ISMIN<\/a> seront pr\u00e9sents au <a rel=\"noreferrer noopener\" href=\"https:\/\/www.facebook.com\/CartelAlbi2019\/\" target=\"_blank\">Cartel des Mines \u00e0 Albi <\/a>du 25 au 28 avril.<br>Cette  ann\u00e9e, une \u00e9preuve du Cartel est le concours vid\u00e9o : la comp\u00e9tition  commence aujourd&rsquo;hui pour  la d\u00e9l\u00e9gation de l&rsquo; \u00c9cole des Mines  de Saint-\u00c9tienne. Vous pouvez <a href=\"https:\/\/www.facebook.com\/CartelAlbi2019\/videos\/866480530349748\/UzpfSTEzOTI1Njc1Mjc2Njk5ODozMTUxMDM2NTc4MjU1NjUy\/\" target=\"_blank\" rel=\"noreferrer noopener\" aria-label=\"les soutenir en partageant la vid\u00e9o (s\u2019ouvre dans un nouvel onglet)\">les soutenir en partageant la vid\u00e9o<\/a> !<\/p>\n\n\n\n<hr class=\"wp-block-separator\" \/>\n","protected":false},"excerpt":{"rendered":"<p>Participation au Challenge \u00ab\u00a0Welcome on board\u00a0\u00bb Oumaima Moujahid et Franck Ahoulou, \u00e9l\u00e8ves ICM repr\u00e9sentent l&rsquo; \u00c9cole des Mines de Saint-\u00c9tienne au challenge \u00ab\u00a0Welcome on board\u00a0\u00bb sur la question de l&rsquo;intelligence artificielle, organis\u00e9 par Atos France. &gt;&gt;Voir leur vid\u00e9o Thomas Sardo, &hellip;<\/p>\n","protected":false},"author":3,"featured_media":16918,"comment_status":"closed","ping_status":"open","sticky":false,"template":"","format":"standard","meta":{"_relevanssi_hide_post":"","_relevanssi_hide_content":"","_relevanssi_pin_for_all":"","_relevanssi_pin_keywords":"","_relevanssi_unpin_keywords":"","_relevanssi_related_keywords":"","_relevanssi_related_include_ids":"","_relevanssi_related_exclude_ids":"","_relevanssi_related_no_append":"","_relevanssi_related_not_related":"","_relevanssi_related_posts":"","_relevanssi_noindex_reason":"","footnotes":""},"categories":[8],"tags":[246,83,84,494,37,42],"class_list":["post-16892","post","type-post","status-publish","format-standard","has-post-thumbnail","hentry","category-vie-etudiante","tag-bds","tag-cartel","tag-challenge","tag-ia","tag-icm","tag-ismin"],"pp_statuses_selecting_workflow":false,"pp_workflow_action":"current","pp_status_selection":"publish","pp_force_visibility":null,"pp_subpost_visibility":null,"pp_inherited_force_visibility":null,"pp_inherited_subpost_visibility":null,"yoast_head":"<!-- This site is optimized with the Yoast SEO plugin v27.4 - https:\/\/yoast.com\/product\/yoast-seo-wordpress\/ -->\n<title>Performances sportives et audiovisuelles ! - Panoramines<\/title>\n<meta name=\"robots\" content=\"index, follow, max-snippet:-1, max-image-preview:large, max-video-preview:-1\" \/>\n<link rel=\"canonical\" href=\"https:\/\/www.mines-stetienne.fr\/panoramines\/2019\/03\/22\/vie-etudiante-performances-sportives-et-audiovisuelles\/\" \/>\n<meta property=\"og:locale\" content=\"fr_FR\" \/>\n<meta property=\"og:type\" content=\"article\" \/>\n<meta property=\"og:title\" content=\"Performances sportives et audiovisuelles ! - Panoramines\" \/>\n<meta property=\"og:description\" content=\"Participation au Challenge \u00ab\u00a0Welcome on board\u00a0\u00bb Oumaima Moujahid et Franck Ahoulou, \u00e9l\u00e8ves ICM repr\u00e9sentent l&rsquo; \u00c9cole des Mines de Saint-\u00c9tienne au challenge \u00ab\u00a0Welcome on board\u00a0\u00bb sur la question de l&rsquo;intelligence artificielle, organis\u00e9 par Atos France. &gt;&gt;Voir leur vid\u00e9o Thomas Sardo, &hellip;\" \/>\n<meta property=\"og:url\" content=\"https:\/\/www.mines-stetienne.fr\/panoramines\/2019\/03\/22\/vie-etudiante-performances-sportives-et-audiovisuelles\/\" \/>\n<meta property=\"og:site_name\" content=\"Panoramines\" \/>\n<meta property=\"article:published_time\" content=\"2019-03-22T16:11:54+00:00\" \/>\n<meta property=\"article:modified_time\" content=\"2019-03-28T09:37:43+00:00\" \/>\n<meta property=\"og:image\" content=\"https:\/\/www.mines-stetienne.fr\/panoramines\/wp-content\/uploads\/sites\/3\/2019\/03\/cartel2019-copie.jpg\" \/>\n\t<meta property=\"og:image:width\" content=\"639\" \/>\n\t<meta property=\"og:image:height\" content=\"280\" \/>\n\t<meta property=\"og:image:type\" content=\"image\/jpeg\" \/>\n<meta name=\"author\" content=\"Nathalie\" \/>\n<meta name=\"twitter:card\" content=\"summary_large_image\" \/>\n<meta name=\"twitter:label1\" content=\"\u00c9crit par\" \/>\n\t<meta name=\"twitter:data1\" content=\" Nathalie\" \/>\n\t<meta name=\"twitter:label2\" content=\"Dur\u00e9e de lecture estim\u00e9e\" \/>\n\t<meta name=\"twitter:data2\" content=\"1 minute\" \/>\n<script type=\"application\/ld+json\" class=\"yoast-schema-graph\">{\"@context\":\"https:\\\/\\\/schema.org\",\"@graph\":[{\"@type\":\"Article\",\"@id\":\"https:\\\/\\\/www.mines-stetienne.fr\\\/panoramines\\\/2019\\\/03\\\/22\\\/vie-etudiante-performances-sportives-et-audiovisuelles\\\/#article\",\"isPartOf\":{\"@id\":\"https:\\\/\\\/www.mines-stetienne.fr\\\/panoramines\\\/2019\\\/03\\\/22\\\/vie-etudiante-performances-sportives-et-audiovisuelles\\\/\"},\"author\":{\"name\":\"Nathalie\",\"@id\":\"https:\\\/\\\/www.mines-stetienne.fr\\\/panoramines\\\/#\\\/schema\\\/person\\\/95e752e6dedac604ce4535123e0f8df7\"},\"headline\":\"Performances sportives et audiovisuelles !\",\"datePublished\":\"2019-03-22T16:11:54+00:00\",\"dateModified\":\"2019-03-28T09:37:43+00:00\",\"mainEntityOfPage\":{\"@id\":\"https:\\\/\\\/www.mines-stetienne.fr\\\/panoramines\\\/2019\\\/03\\\/22\\\/vie-etudiante-performances-sportives-et-audiovisuelles\\\/\"},\"wordCount\":233,\"image\":{\"@id\":\"https:\\\/\\\/www.mines-stetienne.fr\\\/panoramines\\\/2019\\\/03\\\/22\\\/vie-etudiante-performances-sportives-et-audiovisuelles\\\/#primaryimage\"},\"thumbnailUrl\":\"https:\\\/\\\/www.mines-stetienne.fr\\\/panoramines\\\/wp-content\\\/uploads\\\/sites\\\/3\\\/2019\\\/03\\\/cartel2019-copie.jpg\",\"keywords\":[\"BDS\",\"Cartel\",\"Challenge\",\"IA\",\"ICM\",\"ISMIN\"],\"articleSection\":[\"Vie \u00e9tudiante\"],\"inLanguage\":\"fr-FR\"},{\"@type\":\"WebPage\",\"@id\":\"https:\\\/\\\/www.mines-stetienne.fr\\\/panoramines\\\/2019\\\/03\\\/22\\\/vie-etudiante-performances-sportives-et-audiovisuelles\\\/\",\"url\":\"https:\\\/\\\/www.mines-stetienne.fr\\\/panoramines\\\/2019\\\/03\\\/22\\\/vie-etudiante-performances-sportives-et-audiovisuelles\\\/\",\"name\":\"Performances sportives et audiovisuelles ! - Panoramines\",\"isPartOf\":{\"@id\":\"https:\\\/\\\/www.mines-stetienne.fr\\\/panoramines\\\/#website\"},\"primaryImageOfPage\":{\"@id\":\"https:\\\/\\\/www.mines-stetienne.fr\\\/panoramines\\\/2019\\\/03\\\/22\\\/vie-etudiante-performances-sportives-et-audiovisuelles\\\/#primaryimage\"},\"image\":{\"@id\":\"https:\\\/\\\/www.mines-stetienne.fr\\\/panoramines\\\/2019\\\/03\\\/22\\\/vie-etudiante-performances-sportives-et-audiovisuelles\\\/#primaryimage\"},\"thumbnailUrl\":\"https:\\\/\\\/www.mines-stetienne.fr\\\/panoramines\\\/wp-content\\\/uploads\\\/sites\\\/3\\\/2019\\\/03\\\/cartel2019-copie.jpg\",\"datePublished\":\"2019-03-22T16:11:54+00:00\",\"dateModified\":\"2019-03-28T09:37:43+00:00\",\"author\":{\"@id\":\"https:\\\/\\\/www.mines-stetienne.fr\\\/panoramines\\\/#\\\/schema\\\/person\\\/95e752e6dedac604ce4535123e0f8df7\"},\"breadcrumb\":{\"@id\":\"https:\\\/\\\/www.mines-stetienne.fr\\\/panoramines\\\/2019\\\/03\\\/22\\\/vie-etudiante-performances-sportives-et-audiovisuelles\\\/#breadcrumb\"},\"inLanguage\":\"fr-FR\",\"potentialAction\":[{\"@type\":\"ReadAction\",\"target\":[\"https:\\\/\\\/www.mines-stetienne.fr\\\/panoramines\\\/2019\\\/03\\\/22\\\/vie-etudiante-performances-sportives-et-audiovisuelles\\\/\"]}]},{\"@type\":\"ImageObject\",\"inLanguage\":\"fr-FR\",\"@id\":\"https:\\\/\\\/www.mines-stetienne.fr\\\/panoramines\\\/2019\\\/03\\\/22\\\/vie-etudiante-performances-sportives-et-audiovisuelles\\\/#primaryimage\",\"url\":\"https:\\\/\\\/www.mines-stetienne.fr\\\/panoramines\\\/wp-content\\\/uploads\\\/sites\\\/3\\\/2019\\\/03\\\/cartel2019-copie.jpg\",\"contentUrl\":\"https:\\\/\\\/www.mines-stetienne.fr\\\/panoramines\\\/wp-content\\\/uploads\\\/sites\\\/3\\\/2019\\\/03\\\/cartel2019-copie.jpg\",\"width\":639,\"height\":280},{\"@type\":\"BreadcrumbList\",\"@id\":\"https:\\\/\\\/www.mines-stetienne.fr\\\/panoramines\\\/2019\\\/03\\\/22\\\/vie-etudiante-performances-sportives-et-audiovisuelles\\\/#breadcrumb\",\"itemListElement\":[{\"@type\":\"ListItem\",\"position\":1,\"name\":\"Accueil\",\"item\":\"https:\\\/\\\/www.mines-stetienne.fr\\\/panoramines\\\/\"},{\"@type\":\"ListItem\",\"position\":2,\"name\":\"Performances sportives et audiovisuelles !\"}]},{\"@type\":\"WebSite\",\"@id\":\"https:\\\/\\\/www.mines-stetienne.fr\\\/panoramines\\\/#website\",\"url\":\"https:\\\/\\\/www.mines-stetienne.fr\\\/panoramines\\\/\",\"name\":\"Panoramines\",\"description\":\"Panoramines, l\u2019actualit\u00e9 de MINES Saint-\u00c9tienne\",\"potentialAction\":[{\"@type\":\"SearchAction\",\"target\":{\"@type\":\"EntryPoint\",\"urlTemplate\":\"https:\\\/\\\/www.mines-stetienne.fr\\\/panoramines\\\/?s={search_term_string}\"},\"query-input\":{\"@type\":\"PropertyValueSpecification\",\"valueRequired\":true,\"valueName\":\"search_term_string\"}}],\"inLanguage\":\"fr-FR\"},{\"@type\":\"Person\",\"@id\":\"https:\\\/\\\/www.mines-stetienne.fr\\\/panoramines\\\/#\\\/schema\\\/person\\\/95e752e6dedac604ce4535123e0f8df7\",\"name\":\"Nathalie\",\"image\":{\"@type\":\"ImageObject\",\"inLanguage\":\"fr-FR\",\"@id\":\"https:\\\/\\\/www.mines-stetienne.fr\\\/panoramines\\\/wp-content\\\/uploads\\\/sites\\\/3\\\/2021\\\/07\\\/logo-75x75-1.png\",\"url\":\"https:\\\/\\\/www.mines-stetienne.fr\\\/panoramines\\\/wp-content\\\/uploads\\\/sites\\\/3\\\/2021\\\/07\\\/logo-75x75-1.png\",\"contentUrl\":\"https:\\\/\\\/www.mines-stetienne.fr\\\/panoramines\\\/wp-content\\\/uploads\\\/sites\\\/3\\\/2021\\\/07\\\/logo-75x75-1.png\",\"caption\":\"Nathalie\"},\"url\":\"https:\\\/\\\/www.mines-stetienne.fr\\\/panoramines\\\/author\\\/nathalie\\\/\"}]}<\/script>\n<!-- \/ Yoast SEO plugin. -->","yoast_head_json":{"title":"Performances sportives et audiovisuelles ! - Panoramines","robots":{"index":"index","follow":"follow","max-snippet":"max-snippet:-1","max-image-preview":"max-image-preview:large","max-video-preview":"max-video-preview:-1"},"canonical":"https:\/\/www.mines-stetienne.fr\/panoramines\/2019\/03\/22\/vie-etudiante-performances-sportives-et-audiovisuelles\/","og_locale":"fr_FR","og_type":"article","og_title":"Performances sportives et audiovisuelles ! - Panoramines","og_description":"Participation au Challenge \u00ab\u00a0Welcome on board\u00a0\u00bb Oumaima Moujahid et Franck Ahoulou, \u00e9l\u00e8ves ICM repr\u00e9sentent l&rsquo; \u00c9cole des Mines de Saint-\u00c9tienne au challenge \u00ab\u00a0Welcome on board\u00a0\u00bb sur la question de l&rsquo;intelligence artificielle, organis\u00e9 par Atos France. &gt;&gt;Voir leur vid\u00e9o Thomas Sardo, &hellip;","og_url":"https:\/\/www.mines-stetienne.fr\/panoramines\/2019\/03\/22\/vie-etudiante-performances-sportives-et-audiovisuelles\/","og_site_name":"Panoramines","article_published_time":"2019-03-22T16:11:54+00:00","article_modified_time":"2019-03-28T09:37:43+00:00","og_image":[{"width":639,"height":280,"url":"https:\/\/www.mines-stetienne.fr\/panoramines\/wp-content\/uploads\/sites\/3\/2019\/03\/cartel2019-copie.jpg","type":"image\/jpeg"}],"author":"Nathalie","twitter_card":"summary_large_image","twitter_misc":{"\u00c9crit par":" Nathalie","Dur\u00e9e de lecture estim\u00e9e":"1 minute"},"schema":{"@context":"https:\/\/schema.org","@graph":[{"@type":"Article","@id":"https:\/\/www.mines-stetienne.fr\/panoramines\/2019\/03\/22\/vie-etudiante-performances-sportives-et-audiovisuelles\/#article","isPartOf":{"@id":"https:\/\/www.mines-stetienne.fr\/panoramines\/2019\/03\/22\/vie-etudiante-performances-sportives-et-audiovisuelles\/"},"author":{"name":"Nathalie","@id":"https:\/\/www.mines-stetienne.fr\/panoramines\/#\/schema\/person\/95e752e6dedac604ce4535123e0f8df7"},"headline":"Performances sportives et audiovisuelles !","datePublished":"2019-03-22T16:11:54+00:00","dateModified":"2019-03-28T09:37:43+00:00","mainEntityOfPage":{"@id":"https:\/\/www.mines-stetienne.fr\/panoramines\/2019\/03\/22\/vie-etudiante-performances-sportives-et-audiovisuelles\/"},"wordCount":233,"image":{"@id":"https:\/\/www.mines-stetienne.fr\/panoramines\/2019\/03\/22\/vie-etudiante-performances-sportives-et-audiovisuelles\/#primaryimage"},"thumbnailUrl":"https:\/\/www.mines-stetienne.fr\/panoramines\/wp-content\/uploads\/sites\/3\/2019\/03\/cartel2019-copie.jpg","keywords":["BDS","Cartel","Challenge","IA","ICM","ISMIN"],"articleSection":["Vie \u00e9tudiante"],"inLanguage":"fr-FR"},{"@type":"WebPage","@id":"https:\/\/www.mines-stetienne.fr\/panoramines\/2019\/03\/22\/vie-etudiante-performances-sportives-et-audiovisuelles\/","url":"https:\/\/www.mines-stetienne.fr\/panoramines\/2019\/03\/22\/vie-etudiante-performances-sportives-et-audiovisuelles\/","name":"Performances sportives et audiovisuelles ! - Panoramines","isPartOf":{"@id":"https:\/\/www.mines-stetienne.fr\/panoramines\/#website"},"primaryImageOfPage":{"@id":"https:\/\/www.mines-stetienne.fr\/panoramines\/2019\/03\/22\/vie-etudiante-performances-sportives-et-audiovisuelles\/#primaryimage"},"image":{"@id":"https:\/\/www.mines-stetienne.fr\/panoramines\/2019\/03\/22\/vie-etudiante-performances-sportives-et-audiovisuelles\/#primaryimage"},"thumbnailUrl":"https:\/\/www.mines-stetienne.fr\/panoramines\/wp-content\/uploads\/sites\/3\/2019\/03\/cartel2019-copie.jpg","datePublished":"2019-03-22T16:11:54+00:00","dateModified":"2019-03-28T09:37:43+00:00","author":{"@id":"https:\/\/www.mines-stetienne.fr\/panoramines\/#\/schema\/person\/95e752e6dedac604ce4535123e0f8df7"},"breadcrumb":{"@id":"https:\/\/www.mines-stetienne.fr\/panoramines\/2019\/03\/22\/vie-etudiante-performances-sportives-et-audiovisuelles\/#breadcrumb"},"inLanguage":"fr-FR","potentialAction":[{"@type":"ReadAction","target":["https:\/\/www.mines-stetienne.fr\/panoramines\/2019\/03\/22\/vie-etudiante-performances-sportives-et-audiovisuelles\/"]}]},{"@type":"ImageObject","inLanguage":"fr-FR","@id":"https:\/\/www.mines-stetienne.fr\/panoramines\/2019\/03\/22\/vie-etudiante-performances-sportives-et-audiovisuelles\/#primaryimage","url":"https:\/\/www.mines-stetienne.fr\/panoramines\/wp-content\/uploads\/sites\/3\/2019\/03\/cartel2019-copie.jpg","contentUrl":"https:\/\/www.mines-stetienne.fr\/panoramines\/wp-content\/uploads\/sites\/3\/2019\/03\/cartel2019-copie.jpg","width":639,"height":280},{"@type":"BreadcrumbList","@id":"https:\/\/www.mines-stetienne.fr\/panoramines\/2019\/03\/22\/vie-etudiante-performances-sportives-et-audiovisuelles\/#breadcrumb","itemListElement":[{"@type":"ListItem","position":1,"name":"Accueil","item":"https:\/\/www.mines-stetienne.fr\/panoramines\/"},{"@type":"ListItem","position":2,"name":"Performances sportives et audiovisuelles !"}]},{"@type":"WebSite","@id":"https:\/\/www.mines-stetienne.fr\/panoramines\/#website","url":"https:\/\/www.mines-stetienne.fr\/panoramines\/","name":"Panoramines","description":"Panoramines, l\u2019actualit\u00e9 de MINES Saint-\u00c9tienne","potentialAction":[{"@type":"SearchAction","target":{"@type":"EntryPoint","urlTemplate":"https:\/\/www.mines-stetienne.fr\/panoramines\/?s={search_term_string}"},"query-input":{"@type":"PropertyValueSpecification","valueRequired":true,"valueName":"search_term_string"}}],"inLanguage":"fr-FR"},{"@type":"Person","@id":"https:\/\/www.mines-stetienne.fr\/panoramines\/#\/schema\/person\/95e752e6dedac604ce4535123e0f8df7","name":"Nathalie","image":{"@type":"ImageObject","inLanguage":"fr-FR","@id":"https:\/\/www.mines-stetienne.fr\/panoramines\/wp-content\/uploads\/sites\/3\/2021\/07\/logo-75x75-1.png","url":"https:\/\/www.mines-stetienne.fr\/panoramines\/wp-content\/uploads\/sites\/3\/2021\/07\/logo-75x75-1.png","contentUrl":"https:\/\/www.mines-stetienne.fr\/panoramines\/wp-content\/uploads\/sites\/3\/2021\/07\/logo-75x75-1.png","caption":"Nathalie"},"url":"https:\/\/www.mines-stetienne.fr\/panoramines\/author\/nathalie\/"}]}},"_links":{"self":[{"href":"https:\/\/www.mines-stetienne.fr\/panoramines\/wp-json\/wp\/v2\/posts\/16892","targetHints":{"allow":["GET"]}}],"collection":[{"href":"https:\/\/www.mines-stetienne.fr\/panoramines\/wp-json\/wp\/v2\/posts"}],"about":[{"href":"https:\/\/www.mines-stetienne.fr\/panoramines\/wp-json\/wp\/v2\/types\/post"}],"author":[{"embeddable":true,"href":"https:\/\/www.mines-stetienne.fr\/panoramines\/wp-json\/wp\/v2\/users\/3"}],"replies":[{"embeddable":true,"href":"https:\/\/www.mines-stetienne.fr\/panoramines\/wp-json\/wp\/v2\/comments?post=16892"}],"version-history":[{"count":12,"href":"https:\/\/www.mines-stetienne.fr\/panoramines\/wp-json\/wp\/v2\/posts\/16892\/revisions"}],"predecessor-version":[{"id":16946,"href":"https:\/\/www.mines-stetienne.fr\/panoramines\/wp-json\/wp\/v2\/posts\/16892\/revisions\/16946"}],"wp:featuredmedia":[{"embeddable":true,"href":"https:\/\/www.mines-stetienne.fr\/panoramines\/wp-json\/wp\/v2\/media\/16918"}],"wp:attachment":[{"href":"https:\/\/www.mines-stetienne.fr\/panoramines\/wp-json\/wp\/v2\/media?parent=16892"}],"wp:term":[{"taxonomy":"category","embeddable":true,"href":"https:\/\/www.mines-stetienne.fr\/panoramines\/wp-json\/wp\/v2\/categories?post=16892"},{"taxonomy":"post_tag","embeddable":true,"href":"https:\/\/www.mines-stetienne.fr\/panoramines\/wp-json\/wp\/v2\/tags?post=16892"}],"curies":[{"name":"wp","href":"https:\/\/api.w.org\/{rel}","templated":true}]}}