{"id":16724,"date":"2019-03-22T18:08:38","date_gmt":"2019-03-22T17:08:38","guid":{"rendered":"https:\/\/www.mines-stetienne.fr\/panoramines\/?p=16724"},"modified":"2024-03-07T16:12:42","modified_gmt":"2024-03-07T15:12:42","slug":"usages-intensifs-des-espaces-prototypage","status":"publish","type":"post","link":"https:\/\/www.mines-stetienne.fr\/panoramines\/2019\/03\/22\/usages-intensifs-des-espaces-prototypage\/","title":{"rendered":"Usages intensifs des Espaces Prototypage !"},"content":{"rendered":"\n<h4 class=\"wp-block-heading\">Dans le cadre de la semaine d\u2019ouverture du 18 au 22 mars, les \u00e9tudiants du module Eco-Fab ont fabriqu\u00e9 10 prototypes de transats \u00e0 partir de mat\u00e9riaux issus du r\u00e9-emploi dans une d\u00e9marche d\u2019\u00e9coconception.<\/h4>\n\n\n\n<ul class=\"wp-block-gallery columns-4 is-cropped wp-block-gallery-2 is-layout-flex wp-block-gallery-is-layout-flex\"><li class=\"blocks-gallery-item\"><figure><a href=\"https:\/\/www.mines-stetienne.fr\/panoramines\/wp-content\/uploads\/sites\/3\/2019\/03\/DSCN3629w.jpg\"><img loading=\"lazy\" decoding=\"async\" width=\"700\" height=\"465\" src=\"https:\/\/www.mines-stetienne.fr\/panoramines\/wp-content\/uploads\/sites\/3\/2019\/03\/DSCN3629w.jpg\" alt=\"\" data-id=\"16827\" data-link=\"https:\/\/www.mines-stetienne.fr\/panoramines\/?attachment_id=16827\" class=\"wp-image-16827\" srcset=\"https:\/\/www.mines-stetienne.fr\/panoramines\/wp-content\/uploads\/sites\/3\/2019\/03\/DSCN3629w.jpg 700w, https:\/\/www.mines-stetienne.fr\/panoramines\/wp-content\/uploads\/sites\/3\/2019\/03\/DSCN3629w-300x199.jpg 300w\" sizes=\"auto, (max-width: 700px) 100vw, 700px\" \/><\/a><\/figure><\/li><li class=\"blocks-gallery-item\"><figure><a href=\"https:\/\/www.mines-stetienne.fr\/panoramines\/wp-content\/uploads\/sites\/3\/2019\/03\/DSCN3687w.jpg\"><img loading=\"lazy\" decoding=\"async\" width=\"700\" height=\"527\" src=\"https:\/\/www.mines-stetienne.fr\/panoramines\/wp-content\/uploads\/sites\/3\/2019\/03\/DSCN3687w.jpg\" alt=\"\" data-id=\"16828\" data-link=\"https:\/\/www.mines-stetienne.fr\/panoramines\/?attachment_id=16828\" class=\"wp-image-16828\" srcset=\"https:\/\/www.mines-stetienne.fr\/panoramines\/wp-content\/uploads\/sites\/3\/2019\/03\/DSCN3687w.jpg 700w, https:\/\/www.mines-stetienne.fr\/panoramines\/wp-content\/uploads\/sites\/3\/2019\/03\/DSCN3687w-300x226.jpg 300w\" sizes=\"auto, (max-width: 700px) 100vw, 700px\" \/><\/a><\/figure><\/li><li class=\"blocks-gallery-item\"><figure><a href=\"https:\/\/www.mines-stetienne.fr\/panoramines\/wp-content\/uploads\/sites\/3\/2019\/03\/IMG_2722.jpg\"><img loading=\"lazy\" decoding=\"async\" width=\"350\" height=\"510\" src=\"https:\/\/www.mines-stetienne.fr\/panoramines\/wp-content\/uploads\/sites\/3\/2019\/03\/IMG_2722.jpg\" alt=\"\" data-id=\"16815\" data-link=\"https:\/\/www.mines-stetienne.fr\/panoramines\/?attachment_id=16815\" class=\"wp-image-16815\" srcset=\"https:\/\/www.mines-stetienne.fr\/panoramines\/wp-content\/uploads\/sites\/3\/2019\/03\/IMG_2722.jpg 350w, https:\/\/www.mines-stetienne.fr\/panoramines\/wp-content\/uploads\/sites\/3\/2019\/03\/IMG_2722-206x300.jpg 206w\" sizes=\"auto, (max-width: 350px) 100vw, 350px\" \/><\/a><\/figure><\/li><li class=\"blocks-gallery-item\"><figure><a href=\"https:\/\/www.mines-stetienne.fr\/panoramines\/wp-content\/uploads\/sites\/3\/2019\/03\/IMG_2750.jpg\"><img loading=\"lazy\" decoding=\"async\" width=\"750\" height=\"500\" src=\"https:\/\/www.mines-stetienne.fr\/panoramines\/wp-content\/uploads\/sites\/3\/2019\/03\/IMG_2750.jpg\" alt=\"\" data-id=\"16816\" data-link=\"https:\/\/www.mines-stetienne.fr\/panoramines\/?attachment_id=16816\" class=\"wp-image-16816\" srcset=\"https:\/\/www.mines-stetienne.fr\/panoramines\/wp-content\/uploads\/sites\/3\/2019\/03\/IMG_2750.jpg 750w, https:\/\/www.mines-stetienne.fr\/panoramines\/wp-content\/uploads\/sites\/3\/2019\/03\/IMG_2750-300x200.jpg 300w\" sizes=\"auto, (max-width: 750px) 100vw, 750px\" \/><\/a><\/figure><\/li><li class=\"blocks-gallery-item\"><figure><a href=\"https:\/\/www.mines-stetienne.fr\/panoramines\/wp-content\/uploads\/sites\/3\/2019\/03\/IMG_2728.jpg\"><img loading=\"lazy\" decoding=\"async\" width=\"601\" height=\"510\" src=\"https:\/\/www.mines-stetienne.fr\/panoramines\/wp-content\/uploads\/sites\/3\/2019\/03\/IMG_2728.jpg\" alt=\"\" data-id=\"16813\" data-link=\"https:\/\/www.mines-stetienne.fr\/panoramines\/?attachment_id=16813\" class=\"wp-image-16813\" srcset=\"https:\/\/www.mines-stetienne.fr\/panoramines\/wp-content\/uploads\/sites\/3\/2019\/03\/IMG_2728.jpg 601w, https:\/\/www.mines-stetienne.fr\/panoramines\/wp-content\/uploads\/sites\/3\/2019\/03\/IMG_2728-300x255.jpg 300w\" sizes=\"auto, (max-width: 601px) 100vw, 601px\" \/><\/a><\/figure><\/li><li class=\"blocks-gallery-item\"><figure><a href=\"https:\/\/www.mines-stetienne.fr\/panoramines\/wp-content\/uploads\/sites\/3\/2019\/03\/IMG_2723.jpg\"><img loading=\"lazy\" decoding=\"async\" width=\"700\" height=\"510\" src=\"https:\/\/www.mines-stetienne.fr\/panoramines\/wp-content\/uploads\/sites\/3\/2019\/03\/IMG_2723.jpg\" alt=\"\" data-id=\"16817\" data-link=\"https:\/\/www.mines-stetienne.fr\/panoramines\/?attachment_id=16817\" class=\"wp-image-16817\" srcset=\"https:\/\/www.mines-stetienne.fr\/panoramines\/wp-content\/uploads\/sites\/3\/2019\/03\/IMG_2723.jpg 700w, https:\/\/www.mines-stetienne.fr\/panoramines\/wp-content\/uploads\/sites\/3\/2019\/03\/IMG_2723-300x219.jpg 300w\" sizes=\"auto, (max-width: 700px) 100vw, 700px\" \/><\/a><\/figure><\/li><li class=\"blocks-gallery-item\"><figure><a href=\"https:\/\/www.mines-stetienne.fr\/panoramines\/wp-content\/uploads\/sites\/3\/2019\/03\/IMG_2726.jpg\"><img loading=\"lazy\" decoding=\"async\" width=\"593\" height=\"510\" src=\"https:\/\/www.mines-stetienne.fr\/panoramines\/wp-content\/uploads\/sites\/3\/2019\/03\/IMG_2726.jpg\" alt=\"\" data-id=\"16818\" data-link=\"https:\/\/www.mines-stetienne.fr\/panoramines\/?attachment_id=16818\" class=\"wp-image-16818\" srcset=\"https:\/\/www.mines-stetienne.fr\/panoramines\/wp-content\/uploads\/sites\/3\/2019\/03\/IMG_2726.jpg 593w, https:\/\/www.mines-stetienne.fr\/panoramines\/wp-content\/uploads\/sites\/3\/2019\/03\/IMG_2726-300x258.jpg 300w\" sizes=\"auto, (max-width: 593px) 100vw, 593px\" \/><\/a><\/figure><\/li><li class=\"blocks-gallery-item\"><figure><a href=\"https:\/\/www.mines-stetienne.fr\/panoramines\/wp-content\/uploads\/sites\/3\/2019\/03\/IMG_2737.jpg\"><img loading=\"lazy\" decoding=\"async\" width=\"462\" height=\"510\" src=\"https:\/\/www.mines-stetienne.fr\/panoramines\/wp-content\/uploads\/sites\/3\/2019\/03\/IMG_2737.jpg\" alt=\"\" data-id=\"16819\" data-link=\"https:\/\/www.mines-stetienne.fr\/panoramines\/?attachment_id=16819\" class=\"wp-image-16819\" srcset=\"https:\/\/www.mines-stetienne.fr\/panoramines\/wp-content\/uploads\/sites\/3\/2019\/03\/IMG_2737.jpg 462w, https:\/\/www.mines-stetienne.fr\/panoramines\/wp-content\/uploads\/sites\/3\/2019\/03\/IMG_2737-272x300.jpg 272w\" sizes=\"auto, (max-width: 462px) 100vw, 462px\" \/><\/a><\/figure><\/li><\/ul>\n\n\n\n<p>Ce travail collaboratif et remarquable a \u00e9t\u00e9 men\u00e9 en <strong>\u00e9quipes pluridisciplinaires<\/strong> par 7 \u00e9l\u00e8ves ICM de 3e ann\u00e9e, 19 \u00e9tudiants du <a href=\"https:\/\/www.mines-stetienne.fr\/formation\/master-prospective-design-prode\/\">Master Prospective Design<\/a> (Mines Saint-\u00c9tienne\/UJM\/ESADSE) et 15 \u00e9tudiants en 1\u00e8re ann\u00e9e du dipl\u00f4me national des m\u00e9tiers d\u2019art et du design (<a rel=\"noreferrer noopener\" aria-label=\"DNMADe Lyc\u00e9e Honor\u00e9 d'Urf\u00e9 (s\u2019ouvre dans un nouvel onglet)\" href=\"https:\/\/www.honoredurfe.eu\/\" target=\"_blank\">DNMADe Lyc\u00e9e Honor\u00e9 d&rsquo;Urf\u00e9<\/a>). <br>Install\u00e9s au sein de l\u2019Espace Prototypage du campus st\u00e9phanois, ils ont re\u00e7u le soutien technique et p\u00e9dagogique de Baptiste Menu, Apolline Roux, Hubert Taxil et Jenny Faucheu.<\/p>\n\n\n\n<hr class=\"wp-block-separator\" \/>\n\n\n\n<h3 class=\"wp-block-heading\">Poursuite du GP Prototypage sur le Campus GC Provence &#8211; S\u00e9rie 2 &#8211; 11 mars 2019<\/h3>\n\n\n\n<p>Suite \u00e0 la mod\u00e9lisation et au dimensionnement des \u00e9lectrodes sur le  logiciel COMSOL, les \u00e9l\u00e8ves-ing\u00e9nieurs du <strong>Groupe p\u00e9dagogique Prototypage<\/strong> ont assembl\u00e9  leurs cartes \u00e9lectroniques et test\u00e9 les fonctionnalit\u00e9s sensitives de  leurs dispositifs. Durant cette \u00e9tape, ils ont appris \u00e0 souder les tr\u00e8s  petits composants CMS qui requi\u00e8rent une grande minutie, tous ont  parfaitement r\u00e9ussi l\u2019exercice !<\/p>\n\n\n\n<figure class=\"wp-block-image\"><img loading=\"lazy\" decoding=\"async\" width=\"583\" height=\"318\" src=\"https:\/\/www.mines-stetienne.fr\/panoramines\/wp-content\/uploads\/sites\/3\/2019\/03\/P_GP_ProtoSerie2.jpg\" alt=\"\" class=\"wp-image-16727\" srcset=\"https:\/\/www.mines-stetienne.fr\/panoramines\/wp-content\/uploads\/sites\/3\/2019\/03\/P_GP_ProtoSerie2.jpg 583w, https:\/\/www.mines-stetienne.fr\/panoramines\/wp-content\/uploads\/sites\/3\/2019\/03\/P_GP_ProtoSerie2-300x164.jpg 300w\" sizes=\"auto, (max-width: 583px) 100vw, 583px\" \/><\/figure>\n\n\n\n<p>La prochaine \u00e9tape les am\u00e8nera \u00e0  finaliser le dimensionnement de leurs \u00e9lectrodes en vue de leurs  fabrications gr\u00e2ce aux outils (CNC, gravure chimique\u2026) de l\u2019atelier de  prototypage du projet ID-FAB.<br><br><a rel=\"noreferrer noopener\" aria-label=\"Voir ou revoir GP-Proto -  S\u00e9rie 1 (s\u2019ouvre dans un nouvel onglet)\" href=\"https:\/\/www.facebook.com\/MinesSaintEtienne\/posts\/2236470519751554\" target=\"_blank\">Voir ou revoir GP-Proto &#8211;  S\u00e9rie 1<\/a><\/p>\n\n\n\n<hr class=\"wp-block-separator\" \/>\n","protected":false},"excerpt":{"rendered":"<p>Dans le cadre de la semaine d\u2019ouverture du 18 au 22 mars, les \u00e9tudiants du module Eco-Fab ont fabriqu\u00e9 10 prototypes de transats \u00e0 partir de mat\u00e9riaux issus du r\u00e9-emploi dans une d\u00e9marche d\u2019\u00e9coconception. Ce travail collaboratif et remarquable a &hellip;<\/p>\n","protected":false},"author":3,"featured_media":16752,"comment_status":"closed","ping_status":"open","sticky":false,"template":"","format":"standard","meta":{"_relevanssi_hide_post":"","_relevanssi_hide_content":"","_relevanssi_pin_for_all":"","_relevanssi_pin_keywords":"","_relevanssi_unpin_keywords":"","_relevanssi_related_keywords":"","_relevanssi_related_include_ids":"","_relevanssi_related_exclude_ids":"","_relevanssi_related_no_append":"","_relevanssi_related_not_related":"","_relevanssi_related_posts":"","_relevanssi_noindex_reason":"","footnotes":""},"categories":[6],"tags":[499,304,37,222,42,457,135,527],"class_list":["post-16724","post","type-post","status-publish","format-standard","has-post-thumbnail","hentry","category-formation","tag-eco-conception","tag-fablab","tag-icm","tag-id-fab","tag-ismin","tag-master-prospective-design","tag-microelectronique","tag-prototypage"],"pp_statuses_selecting_workflow":false,"pp_workflow_action":"current","pp_status_selection":"publish","pp_force_visibility":null,"pp_subpost_visibility":null,"pp_inherited_force_visibility":null,"pp_inherited_subpost_visibility":null,"yoast_head":"<!-- This site is optimized with the Yoast SEO plugin v27.5 - https:\/\/yoast.com\/product\/yoast-seo-wordpress\/ -->\n<title>Usages intensifs des Espaces Prototypage ! - Panoramines<\/title>\n<meta name=\"robots\" content=\"index, follow, max-snippet:-1, max-image-preview:large, max-video-preview:-1\" \/>\n<link rel=\"canonical\" href=\"https:\/\/www.mines-stetienne.fr\/panoramines\/2019\/03\/22\/usages-intensifs-des-espaces-prototypage\/\" \/>\n<meta property=\"og:locale\" content=\"fr_FR\" \/>\n<meta property=\"og:type\" content=\"article\" \/>\n<meta property=\"og:title\" content=\"Usages intensifs des Espaces Prototypage ! - Panoramines\" \/>\n<meta property=\"og:description\" content=\"Dans le cadre de la semaine d\u2019ouverture du 18 au 22 mars, les \u00e9tudiants du module Eco-Fab ont fabriqu\u00e9 10 prototypes de transats \u00e0 partir de mat\u00e9riaux issus du r\u00e9-emploi dans une d\u00e9marche d\u2019\u00e9coconception. Ce travail collaboratif et remarquable a &hellip;\" \/>\n<meta property=\"og:url\" content=\"https:\/\/www.mines-stetienne.fr\/panoramines\/2019\/03\/22\/usages-intensifs-des-espaces-prototypage\/\" \/>\n<meta property=\"og:site_name\" content=\"Panoramines\" \/>\n<meta property=\"article:published_time\" content=\"2019-03-22T17:08:38+00:00\" \/>\n<meta property=\"article:modified_time\" content=\"2024-03-07T15:12:42+00:00\" \/>\n<meta property=\"og:image\" content=\"https:\/\/www.mines-stetienne.fr\/panoramines\/wp-content\/uploads\/sites\/3\/2019\/03\/UneFabLab.jpg\" \/>\n\t<meta property=\"og:image:width\" content=\"700\" \/>\n\t<meta property=\"og:image:height\" content=\"360\" \/>\n\t<meta property=\"og:image:type\" content=\"image\/jpeg\" \/>\n<meta name=\"author\" content=\"Nathalie\" \/>\n<meta name=\"twitter:card\" content=\"summary_large_image\" \/>\n<meta name=\"twitter:label1\" content=\"\u00c9crit par\" \/>\n\t<meta name=\"twitter:data1\" content=\" Nathalie\" \/>\n\t<meta name=\"twitter:label2\" content=\"Dur\u00e9e de lecture estim\u00e9e\" \/>\n\t<meta name=\"twitter:data2\" content=\"1 minute\" \/>\n<script type=\"application\/ld+json\" class=\"yoast-schema-graph\">{\"@context\":\"https:\\\/\\\/schema.org\",\"@graph\":[{\"@type\":\"Article\",\"@id\":\"https:\\\/\\\/www.mines-stetienne.fr\\\/panoramines\\\/2019\\\/03\\\/22\\\/usages-intensifs-des-espaces-prototypage\\\/#article\",\"isPartOf\":{\"@id\":\"https:\\\/\\\/www.mines-stetienne.fr\\\/panoramines\\\/2019\\\/03\\\/22\\\/usages-intensifs-des-espaces-prototypage\\\/\"},\"author\":{\"name\":\"Nathalie\",\"@id\":\"https:\\\/\\\/www.mines-stetienne.fr\\\/panoramines\\\/#\\\/schema\\\/person\\\/95e752e6dedac604ce4535123e0f8df7\"},\"headline\":\"Usages intensifs des Espaces Prototypage !\",\"datePublished\":\"2019-03-22T17:08:38+00:00\",\"dateModified\":\"2024-03-07T15:12:42+00:00\",\"mainEntityOfPage\":{\"@id\":\"https:\\\/\\\/www.mines-stetienne.fr\\\/panoramines\\\/2019\\\/03\\\/22\\\/usages-intensifs-des-espaces-prototypage\\\/\"},\"wordCount\":239,\"image\":{\"@id\":\"https:\\\/\\\/www.mines-stetienne.fr\\\/panoramines\\\/2019\\\/03\\\/22\\\/usages-intensifs-des-espaces-prototypage\\\/#primaryimage\"},\"thumbnailUrl\":\"https:\\\/\\\/www.mines-stetienne.fr\\\/panoramines\\\/wp-content\\\/uploads\\\/sites\\\/3\\\/2019\\\/03\\\/UneFabLab.jpg\",\"keywords\":[\"\u00c9co-conception\",\"FabLab\",\"ICM\",\"ID-Fab\",\"ISMIN\",\"Master Prospective Design\",\"Micro\u00e9lectronique\",\"Prototypage\"],\"articleSection\":[\"Formation\"],\"inLanguage\":\"fr-FR\"},{\"@type\":\"WebPage\",\"@id\":\"https:\\\/\\\/www.mines-stetienne.fr\\\/panoramines\\\/2019\\\/03\\\/22\\\/usages-intensifs-des-espaces-prototypage\\\/\",\"url\":\"https:\\\/\\\/www.mines-stetienne.fr\\\/panoramines\\\/2019\\\/03\\\/22\\\/usages-intensifs-des-espaces-prototypage\\\/\",\"name\":\"Usages intensifs des Espaces Prototypage ! - Panoramines\",\"isPartOf\":{\"@id\":\"https:\\\/\\\/www.mines-stetienne.fr\\\/panoramines\\\/#website\"},\"primaryImageOfPage\":{\"@id\":\"https:\\\/\\\/www.mines-stetienne.fr\\\/panoramines\\\/2019\\\/03\\\/22\\\/usages-intensifs-des-espaces-prototypage\\\/#primaryimage\"},\"image\":{\"@id\":\"https:\\\/\\\/www.mines-stetienne.fr\\\/panoramines\\\/2019\\\/03\\\/22\\\/usages-intensifs-des-espaces-prototypage\\\/#primaryimage\"},\"thumbnailUrl\":\"https:\\\/\\\/www.mines-stetienne.fr\\\/panoramines\\\/wp-content\\\/uploads\\\/sites\\\/3\\\/2019\\\/03\\\/UneFabLab.jpg\",\"datePublished\":\"2019-03-22T17:08:38+00:00\",\"dateModified\":\"2024-03-07T15:12:42+00:00\",\"author\":{\"@id\":\"https:\\\/\\\/www.mines-stetienne.fr\\\/panoramines\\\/#\\\/schema\\\/person\\\/95e752e6dedac604ce4535123e0f8df7\"},\"breadcrumb\":{\"@id\":\"https:\\\/\\\/www.mines-stetienne.fr\\\/panoramines\\\/2019\\\/03\\\/22\\\/usages-intensifs-des-espaces-prototypage\\\/#breadcrumb\"},\"inLanguage\":\"fr-FR\",\"potentialAction\":[{\"@type\":\"ReadAction\",\"target\":[\"https:\\\/\\\/www.mines-stetienne.fr\\\/panoramines\\\/2019\\\/03\\\/22\\\/usages-intensifs-des-espaces-prototypage\\\/\"]}]},{\"@type\":\"ImageObject\",\"inLanguage\":\"fr-FR\",\"@id\":\"https:\\\/\\\/www.mines-stetienne.fr\\\/panoramines\\\/2019\\\/03\\\/22\\\/usages-intensifs-des-espaces-prototypage\\\/#primaryimage\",\"url\":\"https:\\\/\\\/www.mines-stetienne.fr\\\/panoramines\\\/wp-content\\\/uploads\\\/sites\\\/3\\\/2019\\\/03\\\/UneFabLab.jpg\",\"contentUrl\":\"https:\\\/\\\/www.mines-stetienne.fr\\\/panoramines\\\/wp-content\\\/uploads\\\/sites\\\/3\\\/2019\\\/03\\\/UneFabLab.jpg\",\"width\":700,\"height\":360},{\"@type\":\"BreadcrumbList\",\"@id\":\"https:\\\/\\\/www.mines-stetienne.fr\\\/panoramines\\\/2019\\\/03\\\/22\\\/usages-intensifs-des-espaces-prototypage\\\/#breadcrumb\",\"itemListElement\":[{\"@type\":\"ListItem\",\"position\":1,\"name\":\"Accueil\",\"item\":\"https:\\\/\\\/www.mines-stetienne.fr\\\/panoramines\\\/\"},{\"@type\":\"ListItem\",\"position\":2,\"name\":\"Usages intensifs des Espaces Prototypage !\"}]},{\"@type\":\"WebSite\",\"@id\":\"https:\\\/\\\/www.mines-stetienne.fr\\\/panoramines\\\/#website\",\"url\":\"https:\\\/\\\/www.mines-stetienne.fr\\\/panoramines\\\/\",\"name\":\"Panoramines\",\"description\":\"Panoramines, l\u2019actualit\u00e9 de MINES Saint-\u00c9tienne\",\"potentialAction\":[{\"@type\":\"SearchAction\",\"target\":{\"@type\":\"EntryPoint\",\"urlTemplate\":\"https:\\\/\\\/www.mines-stetienne.fr\\\/panoramines\\\/?s={search_term_string}\"},\"query-input\":{\"@type\":\"PropertyValueSpecification\",\"valueRequired\":true,\"valueName\":\"search_term_string\"}}],\"inLanguage\":\"fr-FR\"},{\"@type\":\"Person\",\"@id\":\"https:\\\/\\\/www.mines-stetienne.fr\\\/panoramines\\\/#\\\/schema\\\/person\\\/95e752e6dedac604ce4535123e0f8df7\",\"name\":\"Nathalie\",\"image\":{\"@type\":\"ImageObject\",\"inLanguage\":\"fr-FR\",\"@id\":\"https:\\\/\\\/www.mines-stetienne.fr\\\/panoramines\\\/wp-content\\\/uploads\\\/sites\\\/3\\\/2021\\\/07\\\/logo-75x75-1.png\",\"url\":\"https:\\\/\\\/www.mines-stetienne.fr\\\/panoramines\\\/wp-content\\\/uploads\\\/sites\\\/3\\\/2021\\\/07\\\/logo-75x75-1.png\",\"contentUrl\":\"https:\\\/\\\/www.mines-stetienne.fr\\\/panoramines\\\/wp-content\\\/uploads\\\/sites\\\/3\\\/2021\\\/07\\\/logo-75x75-1.png\",\"caption\":\"Nathalie\"},\"url\":\"https:\\\/\\\/www.mines-stetienne.fr\\\/panoramines\\\/author\\\/nathalie\\\/\"}]}<\/script>\n<!-- \/ Yoast SEO plugin. -->","yoast_head_json":{"title":"Usages intensifs des Espaces Prototypage ! - Panoramines","robots":{"index":"index","follow":"follow","max-snippet":"max-snippet:-1","max-image-preview":"max-image-preview:large","max-video-preview":"max-video-preview:-1"},"canonical":"https:\/\/www.mines-stetienne.fr\/panoramines\/2019\/03\/22\/usages-intensifs-des-espaces-prototypage\/","og_locale":"fr_FR","og_type":"article","og_title":"Usages intensifs des Espaces Prototypage ! - Panoramines","og_description":"Dans le cadre de la semaine d\u2019ouverture du 18 au 22 mars, les \u00e9tudiants du module Eco-Fab ont fabriqu\u00e9 10 prototypes de transats \u00e0 partir de mat\u00e9riaux issus du r\u00e9-emploi dans une d\u00e9marche d\u2019\u00e9coconception. Ce travail collaboratif et remarquable a &hellip;","og_url":"https:\/\/www.mines-stetienne.fr\/panoramines\/2019\/03\/22\/usages-intensifs-des-espaces-prototypage\/","og_site_name":"Panoramines","article_published_time":"2019-03-22T17:08:38+00:00","article_modified_time":"2024-03-07T15:12:42+00:00","og_image":[{"width":700,"height":360,"url":"https:\/\/www.mines-stetienne.fr\/panoramines\/wp-content\/uploads\/sites\/3\/2019\/03\/UneFabLab.jpg","type":"image\/jpeg"}],"author":"Nathalie","twitter_card":"summary_large_image","twitter_misc":{"\u00c9crit par":" Nathalie","Dur\u00e9e de lecture estim\u00e9e":"1 minute"},"schema":{"@context":"https:\/\/schema.org","@graph":[{"@type":"Article","@id":"https:\/\/www.mines-stetienne.fr\/panoramines\/2019\/03\/22\/usages-intensifs-des-espaces-prototypage\/#article","isPartOf":{"@id":"https:\/\/www.mines-stetienne.fr\/panoramines\/2019\/03\/22\/usages-intensifs-des-espaces-prototypage\/"},"author":{"name":"Nathalie","@id":"https:\/\/www.mines-stetienne.fr\/panoramines\/#\/schema\/person\/95e752e6dedac604ce4535123e0f8df7"},"headline":"Usages intensifs des Espaces Prototypage !","datePublished":"2019-03-22T17:08:38+00:00","dateModified":"2024-03-07T15:12:42+00:00","mainEntityOfPage":{"@id":"https:\/\/www.mines-stetienne.fr\/panoramines\/2019\/03\/22\/usages-intensifs-des-espaces-prototypage\/"},"wordCount":239,"image":{"@id":"https:\/\/www.mines-stetienne.fr\/panoramines\/2019\/03\/22\/usages-intensifs-des-espaces-prototypage\/#primaryimage"},"thumbnailUrl":"https:\/\/www.mines-stetienne.fr\/panoramines\/wp-content\/uploads\/sites\/3\/2019\/03\/UneFabLab.jpg","keywords":["\u00c9co-conception","FabLab","ICM","ID-Fab","ISMIN","Master Prospective Design","Micro\u00e9lectronique","Prototypage"],"articleSection":["Formation"],"inLanguage":"fr-FR"},{"@type":"WebPage","@id":"https:\/\/www.mines-stetienne.fr\/panoramines\/2019\/03\/22\/usages-intensifs-des-espaces-prototypage\/","url":"https:\/\/www.mines-stetienne.fr\/panoramines\/2019\/03\/22\/usages-intensifs-des-espaces-prototypage\/","name":"Usages intensifs des Espaces Prototypage ! - Panoramines","isPartOf":{"@id":"https:\/\/www.mines-stetienne.fr\/panoramines\/#website"},"primaryImageOfPage":{"@id":"https:\/\/www.mines-stetienne.fr\/panoramines\/2019\/03\/22\/usages-intensifs-des-espaces-prototypage\/#primaryimage"},"image":{"@id":"https:\/\/www.mines-stetienne.fr\/panoramines\/2019\/03\/22\/usages-intensifs-des-espaces-prototypage\/#primaryimage"},"thumbnailUrl":"https:\/\/www.mines-stetienne.fr\/panoramines\/wp-content\/uploads\/sites\/3\/2019\/03\/UneFabLab.jpg","datePublished":"2019-03-22T17:08:38+00:00","dateModified":"2024-03-07T15:12:42+00:00","author":{"@id":"https:\/\/www.mines-stetienne.fr\/panoramines\/#\/schema\/person\/95e752e6dedac604ce4535123e0f8df7"},"breadcrumb":{"@id":"https:\/\/www.mines-stetienne.fr\/panoramines\/2019\/03\/22\/usages-intensifs-des-espaces-prototypage\/#breadcrumb"},"inLanguage":"fr-FR","potentialAction":[{"@type":"ReadAction","target":["https:\/\/www.mines-stetienne.fr\/panoramines\/2019\/03\/22\/usages-intensifs-des-espaces-prototypage\/"]}]},{"@type":"ImageObject","inLanguage":"fr-FR","@id":"https:\/\/www.mines-stetienne.fr\/panoramines\/2019\/03\/22\/usages-intensifs-des-espaces-prototypage\/#primaryimage","url":"https:\/\/www.mines-stetienne.fr\/panoramines\/wp-content\/uploads\/sites\/3\/2019\/03\/UneFabLab.jpg","contentUrl":"https:\/\/www.mines-stetienne.fr\/panoramines\/wp-content\/uploads\/sites\/3\/2019\/03\/UneFabLab.jpg","width":700,"height":360},{"@type":"BreadcrumbList","@id":"https:\/\/www.mines-stetienne.fr\/panoramines\/2019\/03\/22\/usages-intensifs-des-espaces-prototypage\/#breadcrumb","itemListElement":[{"@type":"ListItem","position":1,"name":"Accueil","item":"https:\/\/www.mines-stetienne.fr\/panoramines\/"},{"@type":"ListItem","position":2,"name":"Usages intensifs des Espaces Prototypage !"}]},{"@type":"WebSite","@id":"https:\/\/www.mines-stetienne.fr\/panoramines\/#website","url":"https:\/\/www.mines-stetienne.fr\/panoramines\/","name":"Panoramines","description":"Panoramines, l\u2019actualit\u00e9 de MINES Saint-\u00c9tienne","potentialAction":[{"@type":"SearchAction","target":{"@type":"EntryPoint","urlTemplate":"https:\/\/www.mines-stetienne.fr\/panoramines\/?s={search_term_string}"},"query-input":{"@type":"PropertyValueSpecification","valueRequired":true,"valueName":"search_term_string"}}],"inLanguage":"fr-FR"},{"@type":"Person","@id":"https:\/\/www.mines-stetienne.fr\/panoramines\/#\/schema\/person\/95e752e6dedac604ce4535123e0f8df7","name":"Nathalie","image":{"@type":"ImageObject","inLanguage":"fr-FR","@id":"https:\/\/www.mines-stetienne.fr\/panoramines\/wp-content\/uploads\/sites\/3\/2021\/07\/logo-75x75-1.png","url":"https:\/\/www.mines-stetienne.fr\/panoramines\/wp-content\/uploads\/sites\/3\/2021\/07\/logo-75x75-1.png","contentUrl":"https:\/\/www.mines-stetienne.fr\/panoramines\/wp-content\/uploads\/sites\/3\/2021\/07\/logo-75x75-1.png","caption":"Nathalie"},"url":"https:\/\/www.mines-stetienne.fr\/panoramines\/author\/nathalie\/"}]}},"_links":{"self":[{"href":"https:\/\/www.mines-stetienne.fr\/panoramines\/wp-json\/wp\/v2\/posts\/16724","targetHints":{"allow":["GET"]}}],"collection":[{"href":"https:\/\/www.mines-stetienne.fr\/panoramines\/wp-json\/wp\/v2\/posts"}],"about":[{"href":"https:\/\/www.mines-stetienne.fr\/panoramines\/wp-json\/wp\/v2\/types\/post"}],"author":[{"embeddable":true,"href":"https:\/\/www.mines-stetienne.fr\/panoramines\/wp-json\/wp\/v2\/users\/3"}],"replies":[{"embeddable":true,"href":"https:\/\/www.mines-stetienne.fr\/panoramines\/wp-json\/wp\/v2\/comments?post=16724"}],"version-history":[{"count":16,"href":"https:\/\/www.mines-stetienne.fr\/panoramines\/wp-json\/wp\/v2\/posts\/16724\/revisions"}],"predecessor-version":[{"id":16873,"href":"https:\/\/www.mines-stetienne.fr\/panoramines\/wp-json\/wp\/v2\/posts\/16724\/revisions\/16873"}],"wp:featuredmedia":[{"embeddable":true,"href":"https:\/\/www.mines-stetienne.fr\/panoramines\/wp-json\/wp\/v2\/media\/16752"}],"wp:attachment":[{"href":"https:\/\/www.mines-stetienne.fr\/panoramines\/wp-json\/wp\/v2\/media?parent=16724"}],"wp:term":[{"taxonomy":"category","embeddable":true,"href":"https:\/\/www.mines-stetienne.fr\/panoramines\/wp-json\/wp\/v2\/categories?post=16724"},{"taxonomy":"post_tag","embeddable":true,"href":"https:\/\/www.mines-stetienne.fr\/panoramines\/wp-json\/wp\/v2\/tags?post=16724"}],"curies":[{"name":"wp","href":"https:\/\/api.w.org\/{rel}","templated":true}]}}