{"id":16688,"date":"2019-03-21T15:51:20","date_gmt":"2019-03-21T14:51:20","guid":{"rendered":"https:\/\/www.mines-stetienne.fr\/panoramines\/?p=16688"},"modified":"2024-03-07T16:08:09","modified_gmt":"2024-03-07T15:08:09","slug":"les-metiers-ouverts-aux-futurs-ingenieurs","status":"publish","type":"post","link":"https:\/\/www.mines-stetienne.fr\/panoramines\/2019\/03\/21\/les-metiers-ouverts-aux-futurs-ingenieurs\/","title":{"rendered":"Pr\u00e9sentation des m\u00e9tiers ouverts aux futurs ing\u00e9nieurs"},"content":{"rendered":"\n<h4 class=\"wp-block-heading\">\u00ab\u00a0La journ\u00e9e des partenaires\u00a0\u00bb s&rsquo;est d\u00e9roul\u00e9e le 20 mars sur le Campus Georges Charpak Provence qui a accueilli plusieurs repr\u00e9sentants de Airbus, Atos, CMA-CGM et STMicroelectronics pour un temps de rencontres avec les \u00e9l\u00e8ves-ing\u00e9nieurs ISMIN 2e et 3e ann\u00e9e. <\/h4>\n\n\n\n<p>Pr\u00e9sentation des entreprises, des secteurs d\u2019activit\u00e9 et des m\u00e9tiers, la journ\u00e9e annuelle des partenaires co-organis\u00e9e avec l&rsquo;\u00e9quipe du <a href=\"http:\/\/forum-ismin.com\/Accueil\">Forum Entreprises ISMIN<\/a>, est un temps d&rsquo;\u00e9changes privil\u00e9gi\u00e9 entre les professionnels (ing\u00e9nieurs, pilotes de projet, responsables RH\u2026) de plusieurs entreprises partenaires de Mines Saint-\u00c9tienne, cette ann\u00e9e <a href=\"https:\/\/www.airbus.com\/\">Airbus<\/a>, <a href=\"https:\/\/atos.net\/fr\/\">Atos<\/a>, <a href=\"http:\/\/www.cma-cgm.fr\/\">CMA-CGM<\/a> et <a href=\"https:\/\/www.st.com\/content\/st_com\/en.html\">STMicroelectronics<\/a> et les \u00e9l\u00e8ves-ing\u00e9nieurs du cursus ISMIN.<\/p>\n\n\n\n<ul class=\"wp-block-gallery columns-4 is-cropped wp-block-gallery-2 is-layout-flex wp-block-gallery-is-layout-flex\"><li class=\"blocks-gallery-item\"><figure><a href=\"https:\/\/www.mines-stetienne.fr\/panoramines\/wp-content\/uploads\/sites\/3\/2019\/03\/partenaires1.jpg\"><img loading=\"lazy\" decoding=\"async\" width=\"700\" height=\"737\" src=\"https:\/\/www.mines-stetienne.fr\/panoramines\/wp-content\/uploads\/sites\/3\/2019\/03\/partenaires1.jpg\" alt=\"\" data-id=\"16715\" data-link=\"https:\/\/www.mines-stetienne.fr\/panoramines\/?attachment_id=16715\" class=\"wp-image-16715\" srcset=\"https:\/\/www.mines-stetienne.fr\/panoramines\/wp-content\/uploads\/sites\/3\/2019\/03\/partenaires1.jpg 700w, https:\/\/www.mines-stetienne.fr\/panoramines\/wp-content\/uploads\/sites\/3\/2019\/03\/partenaires1-285x300.jpg 285w\" sizes=\"auto, (max-width: 700px) 100vw, 700px\" \/><\/a><\/figure><\/li><li class=\"blocks-gallery-item\"><figure><a href=\"https:\/\/www.mines-stetienne.fr\/panoramines\/wp-content\/uploads\/sites\/3\/2019\/03\/partenaires2.jpg\"><img loading=\"lazy\" decoding=\"async\" width=\"700\" height=\"735\" src=\"https:\/\/www.mines-stetienne.fr\/panoramines\/wp-content\/uploads\/sites\/3\/2019\/03\/partenaires2.jpg\" alt=\"\" data-id=\"16716\" data-link=\"https:\/\/www.mines-stetienne.fr\/panoramines\/?attachment_id=16716\" class=\"wp-image-16716\" srcset=\"https:\/\/www.mines-stetienne.fr\/panoramines\/wp-content\/uploads\/sites\/3\/2019\/03\/partenaires2.jpg 700w, https:\/\/www.mines-stetienne.fr\/panoramines\/wp-content\/uploads\/sites\/3\/2019\/03\/partenaires2-286x300.jpg 286w\" sizes=\"auto, (max-width: 700px) 100vw, 700px\" \/><\/a><\/figure><\/li><li class=\"blocks-gallery-item\"><figure><a href=\"https:\/\/www.mines-stetienne.fr\/panoramines\/wp-content\/uploads\/sites\/3\/2019\/03\/partenaires3.jpg\"><img loading=\"lazy\" decoding=\"async\" width=\"678\" height=\"700\" src=\"https:\/\/www.mines-stetienne.fr\/panoramines\/wp-content\/uploads\/sites\/3\/2019\/03\/partenaires3.jpg\" alt=\"\" data-id=\"16717\" data-link=\"https:\/\/www.mines-stetienne.fr\/panoramines\/?attachment_id=16717\" class=\"wp-image-16717\" srcset=\"https:\/\/www.mines-stetienne.fr\/panoramines\/wp-content\/uploads\/sites\/3\/2019\/03\/partenaires3.jpg 678w, https:\/\/www.mines-stetienne.fr\/panoramines\/wp-content\/uploads\/sites\/3\/2019\/03\/partenaires3-291x300.jpg 291w\" sizes=\"auto, (max-width: 678px) 100vw, 678px\" \/><\/a><\/figure><\/li><li class=\"blocks-gallery-item\"><figure><a href=\"https:\/\/www.mines-stetienne.fr\/panoramines\/wp-content\/uploads\/sites\/3\/2019\/03\/partenaires4.jpg\"><img loading=\"lazy\" decoding=\"async\" width=\"700\" height=\"400\" src=\"https:\/\/www.mines-stetienne.fr\/panoramines\/wp-content\/uploads\/sites\/3\/2019\/03\/partenaires4.jpg\" alt=\"\" data-id=\"16718\" data-link=\"https:\/\/www.mines-stetienne.fr\/panoramines\/?attachment_id=16718\" class=\"wp-image-16718\" srcset=\"https:\/\/www.mines-stetienne.fr\/panoramines\/wp-content\/uploads\/sites\/3\/2019\/03\/partenaires4.jpg 700w, https:\/\/www.mines-stetienne.fr\/panoramines\/wp-content\/uploads\/sites\/3\/2019\/03\/partenaires4-300x171.jpg 300w\" sizes=\"auto, (max-width: 700px) 100vw, 700px\" \/><\/a><\/figure><\/li><\/ul>\n\n\n\n<p>Les ateliers portaient principalement sur les m\u00e9tiers ouverts aux futurs ing\u00e9nieurs dans chacun de ces grands groupes, des sp\u00e9cialit\u00e9s qui int\u00e9ressent particuli\u00e8rement nos \u00e9l\u00e8ves ISMIN : s\u00e9curit\u00e9 (Atos), logistique (CMA-CGM) et micro\u00e9lectronique (ST et Airbus).<\/p>\n\n\n\n<p>Contact : <a href=\"&#109;a&#x69;l&#x74;&#111;&#x3a;&#102;&#x69;&#111;c&#x63;h&#x69;&#64;&#x65;&#109;&#x73;&#101;&#x2e;&#102;r\">Michel Fiocchi<\/a>, d\u00e9l\u00e9gu\u00e9 \u00e0 l&rsquo;entrepreneuriat et aux relations industrielles<br><\/p>\n","protected":false},"excerpt":{"rendered":"<p>\u00ab\u00a0La journ\u00e9e des partenaires\u00a0\u00bb s&rsquo;est d\u00e9roul\u00e9e le 20 mars sur le Campus Georges Charpak Provence qui a accueilli plusieurs repr\u00e9sentants de Airbus, Atos, CMA-CGM et STMicroelectronics pour un temps de rencontres avec les \u00e9l\u00e8ves-ing\u00e9nieurs ISMIN 2e et 3e ann\u00e9e. Pr\u00e9sentation &hellip;<\/p>\n","protected":false},"author":3,"featured_media":16720,"comment_status":"closed","ping_status":"open","sticky":false,"template":"","format":"standard","meta":{"_relevanssi_hide_post":"","_relevanssi_hide_content":"","_relevanssi_pin_for_all":"","_relevanssi_pin_keywords":"","_relevanssi_unpin_keywords":"","_relevanssi_related_keywords":"","_relevanssi_related_include_ids":"","_relevanssi_related_exclude_ids":"","_relevanssi_related_no_append":"","_relevanssi_related_not_related":"","_relevanssi_related_posts":"","_relevanssi_noindex_reason":"","footnotes":""},"categories":[6],"tags":[320,539,370,541,42,411,540],"class_list":["post-16688","post","type-post","status-publish","format-standard","has-post-thumbnail","hentry","category-formation","tag-airbus","tag-atos","tag-campus-gc-provence","tag-cma-cgm","tag-ismin","tag-region-sud-paca","tag-stmicroelectronics"],"pp_statuses_selecting_workflow":false,"pp_workflow_action":"current","pp_status_selection":"publish","pp_force_visibility":null,"pp_subpost_visibility":null,"pp_inherited_force_visibility":null,"pp_inherited_subpost_visibility":null,"yoast_head":"<!-- This site is optimized with the Yoast SEO plugin v27.5 - https:\/\/yoast.com\/product\/yoast-seo-wordpress\/ -->\n<title>Pr\u00e9sentation des m\u00e9tiers ouverts aux futurs ing\u00e9nieurs - Panoramines<\/title>\n<meta name=\"robots\" content=\"index, follow, max-snippet:-1, max-image-preview:large, max-video-preview:-1\" \/>\n<link rel=\"canonical\" href=\"https:\/\/www.mines-stetienne.fr\/panoramines\/2019\/03\/21\/les-metiers-ouverts-aux-futurs-ingenieurs\/\" \/>\n<meta property=\"og:locale\" content=\"fr_FR\" \/>\n<meta property=\"og:type\" content=\"article\" \/>\n<meta property=\"og:title\" content=\"Pr\u00e9sentation des m\u00e9tiers ouverts aux futurs ing\u00e9nieurs - Panoramines\" \/>\n<meta property=\"og:description\" content=\"\u00ab\u00a0La journ\u00e9e des partenaires\u00a0\u00bb s&rsquo;est d\u00e9roul\u00e9e le 20 mars sur le Campus Georges Charpak Provence qui a accueilli plusieurs repr\u00e9sentants de Airbus, Atos, CMA-CGM et STMicroelectronics pour un temps de rencontres avec les \u00e9l\u00e8ves-ing\u00e9nieurs ISMIN 2e et 3e ann\u00e9e. Pr\u00e9sentation &hellip;\" \/>\n<meta property=\"og:url\" content=\"https:\/\/www.mines-stetienne.fr\/panoramines\/2019\/03\/21\/les-metiers-ouverts-aux-futurs-ingenieurs\/\" \/>\n<meta property=\"og:site_name\" content=\"Panoramines\" \/>\n<meta property=\"article:published_time\" content=\"2019-03-21T14:51:20+00:00\" \/>\n<meta property=\"article:modified_time\" content=\"2024-03-07T15:08:09+00:00\" \/>\n<meta property=\"og:image\" content=\"https:\/\/www.mines-stetienne.fr\/panoramines\/wp-content\/uploads\/sites\/3\/2019\/03\/UneGardannePartenaires.jpg\" \/>\n\t<meta property=\"og:image:width\" content=\"700\" \/>\n\t<meta property=\"og:image:height\" content=\"334\" \/>\n\t<meta property=\"og:image:type\" content=\"image\/jpeg\" \/>\n<meta name=\"author\" content=\"Nathalie\" \/>\n<meta name=\"twitter:card\" content=\"summary_large_image\" \/>\n<meta name=\"twitter:label1\" content=\"\u00c9crit par\" \/>\n\t<meta name=\"twitter:data1\" content=\" Nathalie\" \/>\n\t<meta name=\"twitter:label2\" content=\"Dur\u00e9e de lecture estim\u00e9e\" \/>\n\t<meta name=\"twitter:data2\" content=\"1 minute\" \/>\n<script type=\"application\/ld+json\" class=\"yoast-schema-graph\">{\"@context\":\"https:\\\/\\\/schema.org\",\"@graph\":[{\"@type\":\"Article\",\"@id\":\"https:\\\/\\\/www.mines-stetienne.fr\\\/panoramines\\\/2019\\\/03\\\/21\\\/les-metiers-ouverts-aux-futurs-ingenieurs\\\/#article\",\"isPartOf\":{\"@id\":\"https:\\\/\\\/www.mines-stetienne.fr\\\/panoramines\\\/2019\\\/03\\\/21\\\/les-metiers-ouverts-aux-futurs-ingenieurs\\\/\"},\"author\":{\"name\":\"Nathalie\",\"@id\":\"https:\\\/\\\/www.mines-stetienne.fr\\\/panoramines\\\/#\\\/schema\\\/person\\\/95e752e6dedac604ce4535123e0f8df7\"},\"headline\":\"Pr\u00e9sentation des m\u00e9tiers ouverts aux futurs ing\u00e9nieurs\",\"datePublished\":\"2019-03-21T14:51:20+00:00\",\"dateModified\":\"2024-03-07T15:08:09+00:00\",\"mainEntityOfPage\":{\"@id\":\"https:\\\/\\\/www.mines-stetienne.fr\\\/panoramines\\\/2019\\\/03\\\/21\\\/les-metiers-ouverts-aux-futurs-ingenieurs\\\/\"},\"wordCount\":177,\"image\":{\"@id\":\"https:\\\/\\\/www.mines-stetienne.fr\\\/panoramines\\\/2019\\\/03\\\/21\\\/les-metiers-ouverts-aux-futurs-ingenieurs\\\/#primaryimage\"},\"thumbnailUrl\":\"https:\\\/\\\/www.mines-stetienne.fr\\\/panoramines\\\/wp-content\\\/uploads\\\/sites\\\/3\\\/2019\\\/03\\\/UneGardannePartenaires.jpg\",\"keywords\":[\"Airbus\",\"Atos\",\"Campus GC Provence\",\"CMA-CGM\",\"ISMIN\",\"R\u00e9gion Sud-PACA\",\"STMicroelectronics\"],\"articleSection\":[\"Formation\"],\"inLanguage\":\"fr-FR\"},{\"@type\":\"WebPage\",\"@id\":\"https:\\\/\\\/www.mines-stetienne.fr\\\/panoramines\\\/2019\\\/03\\\/21\\\/les-metiers-ouverts-aux-futurs-ingenieurs\\\/\",\"url\":\"https:\\\/\\\/www.mines-stetienne.fr\\\/panoramines\\\/2019\\\/03\\\/21\\\/les-metiers-ouverts-aux-futurs-ingenieurs\\\/\",\"name\":\"Pr\u00e9sentation des m\u00e9tiers ouverts aux futurs ing\u00e9nieurs - Panoramines\",\"isPartOf\":{\"@id\":\"https:\\\/\\\/www.mines-stetienne.fr\\\/panoramines\\\/#website\"},\"primaryImageOfPage\":{\"@id\":\"https:\\\/\\\/www.mines-stetienne.fr\\\/panoramines\\\/2019\\\/03\\\/21\\\/les-metiers-ouverts-aux-futurs-ingenieurs\\\/#primaryimage\"},\"image\":{\"@id\":\"https:\\\/\\\/www.mines-stetienne.fr\\\/panoramines\\\/2019\\\/03\\\/21\\\/les-metiers-ouverts-aux-futurs-ingenieurs\\\/#primaryimage\"},\"thumbnailUrl\":\"https:\\\/\\\/www.mines-stetienne.fr\\\/panoramines\\\/wp-content\\\/uploads\\\/sites\\\/3\\\/2019\\\/03\\\/UneGardannePartenaires.jpg\",\"datePublished\":\"2019-03-21T14:51:20+00:00\",\"dateModified\":\"2024-03-07T15:08:09+00:00\",\"author\":{\"@id\":\"https:\\\/\\\/www.mines-stetienne.fr\\\/panoramines\\\/#\\\/schema\\\/person\\\/95e752e6dedac604ce4535123e0f8df7\"},\"breadcrumb\":{\"@id\":\"https:\\\/\\\/www.mines-stetienne.fr\\\/panoramines\\\/2019\\\/03\\\/21\\\/les-metiers-ouverts-aux-futurs-ingenieurs\\\/#breadcrumb\"},\"inLanguage\":\"fr-FR\",\"potentialAction\":[{\"@type\":\"ReadAction\",\"target\":[\"https:\\\/\\\/www.mines-stetienne.fr\\\/panoramines\\\/2019\\\/03\\\/21\\\/les-metiers-ouverts-aux-futurs-ingenieurs\\\/\"]}]},{\"@type\":\"ImageObject\",\"inLanguage\":\"fr-FR\",\"@id\":\"https:\\\/\\\/www.mines-stetienne.fr\\\/panoramines\\\/2019\\\/03\\\/21\\\/les-metiers-ouverts-aux-futurs-ingenieurs\\\/#primaryimage\",\"url\":\"https:\\\/\\\/www.mines-stetienne.fr\\\/panoramines\\\/wp-content\\\/uploads\\\/sites\\\/3\\\/2019\\\/03\\\/UneGardannePartenaires.jpg\",\"contentUrl\":\"https:\\\/\\\/www.mines-stetienne.fr\\\/panoramines\\\/wp-content\\\/uploads\\\/sites\\\/3\\\/2019\\\/03\\\/UneGardannePartenaires.jpg\",\"width\":700,\"height\":334},{\"@type\":\"BreadcrumbList\",\"@id\":\"https:\\\/\\\/www.mines-stetienne.fr\\\/panoramines\\\/2019\\\/03\\\/21\\\/les-metiers-ouverts-aux-futurs-ingenieurs\\\/#breadcrumb\",\"itemListElement\":[{\"@type\":\"ListItem\",\"position\":1,\"name\":\"Accueil\",\"item\":\"https:\\\/\\\/www.mines-stetienne.fr\\\/panoramines\\\/\"},{\"@type\":\"ListItem\",\"position\":2,\"name\":\"Pr\u00e9sentation des m\u00e9tiers ouverts aux futurs ing\u00e9nieurs\"}]},{\"@type\":\"WebSite\",\"@id\":\"https:\\\/\\\/www.mines-stetienne.fr\\\/panoramines\\\/#website\",\"url\":\"https:\\\/\\\/www.mines-stetienne.fr\\\/panoramines\\\/\",\"name\":\"Panoramines\",\"description\":\"Panoramines, l\u2019actualit\u00e9 de MINES Saint-\u00c9tienne\",\"potentialAction\":[{\"@type\":\"SearchAction\",\"target\":{\"@type\":\"EntryPoint\",\"urlTemplate\":\"https:\\\/\\\/www.mines-stetienne.fr\\\/panoramines\\\/?s={search_term_string}\"},\"query-input\":{\"@type\":\"PropertyValueSpecification\",\"valueRequired\":true,\"valueName\":\"search_term_string\"}}],\"inLanguage\":\"fr-FR\"},{\"@type\":\"Person\",\"@id\":\"https:\\\/\\\/www.mines-stetienne.fr\\\/panoramines\\\/#\\\/schema\\\/person\\\/95e752e6dedac604ce4535123e0f8df7\",\"name\":\"Nathalie\",\"image\":{\"@type\":\"ImageObject\",\"inLanguage\":\"fr-FR\",\"@id\":\"https:\\\/\\\/www.mines-stetienne.fr\\\/panoramines\\\/wp-content\\\/uploads\\\/sites\\\/3\\\/2021\\\/07\\\/logo-75x75-1.png\",\"url\":\"https:\\\/\\\/www.mines-stetienne.fr\\\/panoramines\\\/wp-content\\\/uploads\\\/sites\\\/3\\\/2021\\\/07\\\/logo-75x75-1.png\",\"contentUrl\":\"https:\\\/\\\/www.mines-stetienne.fr\\\/panoramines\\\/wp-content\\\/uploads\\\/sites\\\/3\\\/2021\\\/07\\\/logo-75x75-1.png\",\"caption\":\"Nathalie\"},\"url\":\"https:\\\/\\\/www.mines-stetienne.fr\\\/panoramines\\\/author\\\/nathalie\\\/\"}]}<\/script>\n<!-- \/ Yoast SEO plugin. -->","yoast_head_json":{"title":"Pr\u00e9sentation des m\u00e9tiers ouverts aux futurs ing\u00e9nieurs - Panoramines","robots":{"index":"index","follow":"follow","max-snippet":"max-snippet:-1","max-image-preview":"max-image-preview:large","max-video-preview":"max-video-preview:-1"},"canonical":"https:\/\/www.mines-stetienne.fr\/panoramines\/2019\/03\/21\/les-metiers-ouverts-aux-futurs-ingenieurs\/","og_locale":"fr_FR","og_type":"article","og_title":"Pr\u00e9sentation des m\u00e9tiers ouverts aux futurs ing\u00e9nieurs - Panoramines","og_description":"\u00ab\u00a0La journ\u00e9e des partenaires\u00a0\u00bb s&rsquo;est d\u00e9roul\u00e9e le 20 mars sur le Campus Georges Charpak Provence qui a accueilli plusieurs repr\u00e9sentants de Airbus, Atos, CMA-CGM et STMicroelectronics pour un temps de rencontres avec les \u00e9l\u00e8ves-ing\u00e9nieurs ISMIN 2e et 3e ann\u00e9e. Pr\u00e9sentation &hellip;","og_url":"https:\/\/www.mines-stetienne.fr\/panoramines\/2019\/03\/21\/les-metiers-ouverts-aux-futurs-ingenieurs\/","og_site_name":"Panoramines","article_published_time":"2019-03-21T14:51:20+00:00","article_modified_time":"2024-03-07T15:08:09+00:00","og_image":[{"width":700,"height":334,"url":"https:\/\/www.mines-stetienne.fr\/panoramines\/wp-content\/uploads\/sites\/3\/2019\/03\/UneGardannePartenaires.jpg","type":"image\/jpeg"}],"author":"Nathalie","twitter_card":"summary_large_image","twitter_misc":{"\u00c9crit par":" Nathalie","Dur\u00e9e de lecture estim\u00e9e":"1 minute"},"schema":{"@context":"https:\/\/schema.org","@graph":[{"@type":"Article","@id":"https:\/\/www.mines-stetienne.fr\/panoramines\/2019\/03\/21\/les-metiers-ouverts-aux-futurs-ingenieurs\/#article","isPartOf":{"@id":"https:\/\/www.mines-stetienne.fr\/panoramines\/2019\/03\/21\/les-metiers-ouverts-aux-futurs-ingenieurs\/"},"author":{"name":"Nathalie","@id":"https:\/\/www.mines-stetienne.fr\/panoramines\/#\/schema\/person\/95e752e6dedac604ce4535123e0f8df7"},"headline":"Pr\u00e9sentation des m\u00e9tiers ouverts aux futurs ing\u00e9nieurs","datePublished":"2019-03-21T14:51:20+00:00","dateModified":"2024-03-07T15:08:09+00:00","mainEntityOfPage":{"@id":"https:\/\/www.mines-stetienne.fr\/panoramines\/2019\/03\/21\/les-metiers-ouverts-aux-futurs-ingenieurs\/"},"wordCount":177,"image":{"@id":"https:\/\/www.mines-stetienne.fr\/panoramines\/2019\/03\/21\/les-metiers-ouverts-aux-futurs-ingenieurs\/#primaryimage"},"thumbnailUrl":"https:\/\/www.mines-stetienne.fr\/panoramines\/wp-content\/uploads\/sites\/3\/2019\/03\/UneGardannePartenaires.jpg","keywords":["Airbus","Atos","Campus GC Provence","CMA-CGM","ISMIN","R\u00e9gion Sud-PACA","STMicroelectronics"],"articleSection":["Formation"],"inLanguage":"fr-FR"},{"@type":"WebPage","@id":"https:\/\/www.mines-stetienne.fr\/panoramines\/2019\/03\/21\/les-metiers-ouverts-aux-futurs-ingenieurs\/","url":"https:\/\/www.mines-stetienne.fr\/panoramines\/2019\/03\/21\/les-metiers-ouverts-aux-futurs-ingenieurs\/","name":"Pr\u00e9sentation des m\u00e9tiers ouverts aux futurs ing\u00e9nieurs - Panoramines","isPartOf":{"@id":"https:\/\/www.mines-stetienne.fr\/panoramines\/#website"},"primaryImageOfPage":{"@id":"https:\/\/www.mines-stetienne.fr\/panoramines\/2019\/03\/21\/les-metiers-ouverts-aux-futurs-ingenieurs\/#primaryimage"},"image":{"@id":"https:\/\/www.mines-stetienne.fr\/panoramines\/2019\/03\/21\/les-metiers-ouverts-aux-futurs-ingenieurs\/#primaryimage"},"thumbnailUrl":"https:\/\/www.mines-stetienne.fr\/panoramines\/wp-content\/uploads\/sites\/3\/2019\/03\/UneGardannePartenaires.jpg","datePublished":"2019-03-21T14:51:20+00:00","dateModified":"2024-03-07T15:08:09+00:00","author":{"@id":"https:\/\/www.mines-stetienne.fr\/panoramines\/#\/schema\/person\/95e752e6dedac604ce4535123e0f8df7"},"breadcrumb":{"@id":"https:\/\/www.mines-stetienne.fr\/panoramines\/2019\/03\/21\/les-metiers-ouverts-aux-futurs-ingenieurs\/#breadcrumb"},"inLanguage":"fr-FR","potentialAction":[{"@type":"ReadAction","target":["https:\/\/www.mines-stetienne.fr\/panoramines\/2019\/03\/21\/les-metiers-ouverts-aux-futurs-ingenieurs\/"]}]},{"@type":"ImageObject","inLanguage":"fr-FR","@id":"https:\/\/www.mines-stetienne.fr\/panoramines\/2019\/03\/21\/les-metiers-ouverts-aux-futurs-ingenieurs\/#primaryimage","url":"https:\/\/www.mines-stetienne.fr\/panoramines\/wp-content\/uploads\/sites\/3\/2019\/03\/UneGardannePartenaires.jpg","contentUrl":"https:\/\/www.mines-stetienne.fr\/panoramines\/wp-content\/uploads\/sites\/3\/2019\/03\/UneGardannePartenaires.jpg","width":700,"height":334},{"@type":"BreadcrumbList","@id":"https:\/\/www.mines-stetienne.fr\/panoramines\/2019\/03\/21\/les-metiers-ouverts-aux-futurs-ingenieurs\/#breadcrumb","itemListElement":[{"@type":"ListItem","position":1,"name":"Accueil","item":"https:\/\/www.mines-stetienne.fr\/panoramines\/"},{"@type":"ListItem","position":2,"name":"Pr\u00e9sentation des m\u00e9tiers ouverts aux futurs ing\u00e9nieurs"}]},{"@type":"WebSite","@id":"https:\/\/www.mines-stetienne.fr\/panoramines\/#website","url":"https:\/\/www.mines-stetienne.fr\/panoramines\/","name":"Panoramines","description":"Panoramines, l\u2019actualit\u00e9 de MINES Saint-\u00c9tienne","potentialAction":[{"@type":"SearchAction","target":{"@type":"EntryPoint","urlTemplate":"https:\/\/www.mines-stetienne.fr\/panoramines\/?s={search_term_string}"},"query-input":{"@type":"PropertyValueSpecification","valueRequired":true,"valueName":"search_term_string"}}],"inLanguage":"fr-FR"},{"@type":"Person","@id":"https:\/\/www.mines-stetienne.fr\/panoramines\/#\/schema\/person\/95e752e6dedac604ce4535123e0f8df7","name":"Nathalie","image":{"@type":"ImageObject","inLanguage":"fr-FR","@id":"https:\/\/www.mines-stetienne.fr\/panoramines\/wp-content\/uploads\/sites\/3\/2021\/07\/logo-75x75-1.png","url":"https:\/\/www.mines-stetienne.fr\/panoramines\/wp-content\/uploads\/sites\/3\/2021\/07\/logo-75x75-1.png","contentUrl":"https:\/\/www.mines-stetienne.fr\/panoramines\/wp-content\/uploads\/sites\/3\/2021\/07\/logo-75x75-1.png","caption":"Nathalie"},"url":"https:\/\/www.mines-stetienne.fr\/panoramines\/author\/nathalie\/"}]}},"_links":{"self":[{"href":"https:\/\/www.mines-stetienne.fr\/panoramines\/wp-json\/wp\/v2\/posts\/16688","targetHints":{"allow":["GET"]}}],"collection":[{"href":"https:\/\/www.mines-stetienne.fr\/panoramines\/wp-json\/wp\/v2\/posts"}],"about":[{"href":"https:\/\/www.mines-stetienne.fr\/panoramines\/wp-json\/wp\/v2\/types\/post"}],"author":[{"embeddable":true,"href":"https:\/\/www.mines-stetienne.fr\/panoramines\/wp-json\/wp\/v2\/users\/3"}],"replies":[{"embeddable":true,"href":"https:\/\/www.mines-stetienne.fr\/panoramines\/wp-json\/wp\/v2\/comments?post=16688"}],"version-history":[{"count":14,"href":"https:\/\/www.mines-stetienne.fr\/panoramines\/wp-json\/wp\/v2\/posts\/16688\/revisions"}],"predecessor-version":[{"id":16874,"href":"https:\/\/www.mines-stetienne.fr\/panoramines\/wp-json\/wp\/v2\/posts\/16688\/revisions\/16874"}],"wp:featuredmedia":[{"embeddable":true,"href":"https:\/\/www.mines-stetienne.fr\/panoramines\/wp-json\/wp\/v2\/media\/16720"}],"wp:attachment":[{"href":"https:\/\/www.mines-stetienne.fr\/panoramines\/wp-json\/wp\/v2\/media?parent=16688"}],"wp:term":[{"taxonomy":"category","embeddable":true,"href":"https:\/\/www.mines-stetienne.fr\/panoramines\/wp-json\/wp\/v2\/categories?post=16688"},{"taxonomy":"post_tag","embeddable":true,"href":"https:\/\/www.mines-stetienne.fr\/panoramines\/wp-json\/wp\/v2\/tags?post=16688"}],"curies":[{"name":"wp","href":"https:\/\/api.w.org\/{rel}","templated":true}]}}