{"id":16446,"date":"2019-03-11T08:00:24","date_gmt":"2019-03-11T07:00:24","guid":{"rendered":"https:\/\/www.mines-stetienne.fr\/panoramines\/?p=16446"},"modified":"2019-11-14T16:22:51","modified_gmt":"2019-11-14T15:22:51","slug":"dynamo-days-2019-inspiration-et-innovation-collective","status":"publish","type":"post","link":"https:\/\/www.mines-stetienne.fr\/panoramines\/2019\/03\/11\/dynamo-days-2019-inspiration-et-innovation-collective\/","title":{"rendered":"Dynamo Days 2019 : inspiration et innovation collective"},"content":{"rendered":"<h4>Deux journ\u00e9es de cr\u00e9ativit\u00e9 et d&rsquo;engagement collaboratif ont r\u00e9uni les 5 et 6 mars sur le campus de Saint-\u00c9tienne 400 \u00e9tudiants, 16 facilitateurs, 4 coachs et une \u00e9quipe logistique performante ! Les \u00e9quipes ont relev\u00e9 avec succ\u00e8s les 16 d\u00e9fis de proximit\u00e9, proposant des concepts concrets et des livrables pertinents aux porteurs de projets, entreprises et associations pour la plupart, en lien avec la sant\u00e9 ou l&rsquo;accompagnement des personnes.<\/h4>\n<hr \/>\n<p>La cr\u00e9ativit\u00e9, les \u00e9changes et le travail collaboratif, ont illustr\u00e9 cette ann\u00e9e encore la d\u00e9marche ancr\u00e9e dans le r\u00e9el voulue par<a href=\"https:\/\/www.emse.fr\/DF\/fr\/xx272-2019-1.php\" target=\"_blank\" rel=\"noopener noreferrer\"> les Dynamo days<\/a> : <strong>une p\u00e9dagogie concr\u00e8te<\/strong> qui a cibl\u00e9 les \u00e9l\u00e8ves sur leurs sp\u00e9cificit\u00e9s techniques.<\/p>\n<p>Les probl\u00e9matiques et la finalisation des livrables ont montr\u00e9 la diversit\u00e9 et la technicit\u00e9 des d\u00e9fis (parfois tr\u00e8s ambitieux) sur une th\u00e9matique aux mots-cl\u00e9s multiples : <em>Bien-\u00eatre, Sant\u00e9, Pr\u00e9vention, Handicap, P\u00e9dagogie, Id\u00e9ation, Exp\u00e9rience patient, M\u00e9canique, num\u00e9rique, design, Data science, Digital, Mat\u00e9riaux, \u00c9lectronique, CAO, Prototypage .<\/em>..<\/p>\n<p>Des solutions tr\u00e8s innovantes ont \u00e9t\u00e9 propos\u00e9es et certains d\u00e9fis se poursuivront par un projet industriel.<\/p>\n<div id='gallery-1' class='gallery galleryid-16446 gallery-columns-4 gallery-size-thumbnail'><dl class='gallery-item'>\n\t\t\t<dt class='gallery-icon landscape'>\n\t\t\t\t<a href='https:\/\/www.mines-stetienne.fr\/panoramines\/wp-content\/uploads\/sites\/3\/2019\/03\/IMG_2557.jpg'><img loading=\"lazy\" decoding=\"async\" width=\"150\" height=\"150\" src=\"https:\/\/www.mines-stetienne.fr\/panoramines\/wp-content\/uploads\/sites\/3\/2019\/03\/IMG_2557-150x150.jpg\" class=\"attachment-thumbnail size-thumbnail\" alt=\"\" srcset=\"https:\/\/www.mines-stetienne.fr\/panoramines\/wp-content\/uploads\/sites\/3\/2019\/03\/IMG_2557-150x150.jpg 150w, https:\/\/www.mines-stetienne.fr\/panoramines\/wp-content\/uploads\/sites\/3\/2019\/03\/IMG_2557-75x75.jpg 75w, https:\/\/www.mines-stetienne.fr\/panoramines\/wp-content\/uploads\/sites\/3\/2019\/03\/IMG_2557-360x360.jpg 360w\" sizes=\"auto, (max-width: 150px) 100vw, 150px\" \/><\/a>\n\t\t\t<\/dt><\/dl><dl class='gallery-item'>\n\t\t\t<dt class='gallery-icon landscape'>\n\t\t\t\t<a href='https:\/\/www.mines-stetienne.fr\/panoramines\/wp-content\/uploads\/sites\/3\/2019\/03\/IMG_2611.jpg'><img loading=\"lazy\" decoding=\"async\" width=\"150\" height=\"150\" src=\"https:\/\/www.mines-stetienne.fr\/panoramines\/wp-content\/uploads\/sites\/3\/2019\/03\/IMG_2611-150x150.jpg\" class=\"attachment-thumbnail size-thumbnail\" alt=\"\" srcset=\"https:\/\/www.mines-stetienne.fr\/panoramines\/wp-content\/uploads\/sites\/3\/2019\/03\/IMG_2611-150x150.jpg 150w, https:\/\/www.mines-stetienne.fr\/panoramines\/wp-content\/uploads\/sites\/3\/2019\/03\/IMG_2611-75x75.jpg 75w, https:\/\/www.mines-stetienne.fr\/panoramines\/wp-content\/uploads\/sites\/3\/2019\/03\/IMG_2611-360x360.jpg 360w\" sizes=\"auto, (max-width: 150px) 100vw, 150px\" \/><\/a>\n\t\t\t<\/dt><\/dl><dl class='gallery-item'>\n\t\t\t<dt class='gallery-icon landscape'>\n\t\t\t\t<a href='https:\/\/www.mines-stetienne.fr\/panoramines\/wp-content\/uploads\/sites\/3\/2019\/03\/IMG_2643.jpg'><img loading=\"lazy\" decoding=\"async\" width=\"150\" height=\"150\" src=\"https:\/\/www.mines-stetienne.fr\/panoramines\/wp-content\/uploads\/sites\/3\/2019\/03\/IMG_2643-150x150.jpg\" class=\"attachment-thumbnail size-thumbnail\" alt=\"\" srcset=\"https:\/\/www.mines-stetienne.fr\/panoramines\/wp-content\/uploads\/sites\/3\/2019\/03\/IMG_2643-150x150.jpg 150w, https:\/\/www.mines-stetienne.fr\/panoramines\/wp-content\/uploads\/sites\/3\/2019\/03\/IMG_2643-75x75.jpg 75w, https:\/\/www.mines-stetienne.fr\/panoramines\/wp-content\/uploads\/sites\/3\/2019\/03\/IMG_2643-360x360.jpg 360w\" sizes=\"auto, (max-width: 150px) 100vw, 150px\" \/><\/a>\n\t\t\t<\/dt><\/dl><dl class='gallery-item'>\n\t\t\t<dt class='gallery-icon landscape'>\n\t\t\t\t<a href='https:\/\/www.mines-stetienne.fr\/panoramines\/wp-content\/uploads\/sites\/3\/2019\/03\/IMG_2630.jpg'><img loading=\"lazy\" decoding=\"async\" width=\"150\" height=\"150\" src=\"https:\/\/www.mines-stetienne.fr\/panoramines\/wp-content\/uploads\/sites\/3\/2019\/03\/IMG_2630-150x150.jpg\" class=\"attachment-thumbnail size-thumbnail\" alt=\"\" srcset=\"https:\/\/www.mines-stetienne.fr\/panoramines\/wp-content\/uploads\/sites\/3\/2019\/03\/IMG_2630-150x150.jpg 150w, https:\/\/www.mines-stetienne.fr\/panoramines\/wp-content\/uploads\/sites\/3\/2019\/03\/IMG_2630-75x75.jpg 75w, https:\/\/www.mines-stetienne.fr\/panoramines\/wp-content\/uploads\/sites\/3\/2019\/03\/IMG_2630-360x360.jpg 360w\" sizes=\"auto, (max-width: 150px) 100vw, 150px\" \/><\/a>\n\t\t\t<\/dt><\/dl><br style=\"clear: both\" \/><dl class='gallery-item'>\n\t\t\t<dt class='gallery-icon landscape'>\n\t\t\t\t<a href='https:\/\/www.mines-stetienne.fr\/panoramines\/wp-content\/uploads\/sites\/3\/2019\/03\/IMG_2604.jpg'><img loading=\"lazy\" decoding=\"async\" width=\"150\" height=\"150\" src=\"https:\/\/www.mines-stetienne.fr\/panoramines\/wp-content\/uploads\/sites\/3\/2019\/03\/IMG_2604-150x150.jpg\" class=\"attachment-thumbnail size-thumbnail\" alt=\"\" srcset=\"https:\/\/www.mines-stetienne.fr\/panoramines\/wp-content\/uploads\/sites\/3\/2019\/03\/IMG_2604-150x150.jpg 150w, https:\/\/www.mines-stetienne.fr\/panoramines\/wp-content\/uploads\/sites\/3\/2019\/03\/IMG_2604-75x75.jpg 75w, https:\/\/www.mines-stetienne.fr\/panoramines\/wp-content\/uploads\/sites\/3\/2019\/03\/IMG_2604-360x360.jpg 360w\" sizes=\"auto, (max-width: 150px) 100vw, 150px\" \/><\/a>\n\t\t\t<\/dt><\/dl><dl class='gallery-item'>\n\t\t\t<dt class='gallery-icon landscape'>\n\t\t\t\t<a href='https:\/\/www.mines-stetienne.fr\/panoramines\/wp-content\/uploads\/sites\/3\/2019\/03\/IMG_2657.jpg'><img loading=\"lazy\" decoding=\"async\" width=\"150\" height=\"150\" src=\"https:\/\/www.mines-stetienne.fr\/panoramines\/wp-content\/uploads\/sites\/3\/2019\/03\/IMG_2657-150x150.jpg\" class=\"attachment-thumbnail size-thumbnail\" alt=\"\" srcset=\"https:\/\/www.mines-stetienne.fr\/panoramines\/wp-content\/uploads\/sites\/3\/2019\/03\/IMG_2657-150x150.jpg 150w, https:\/\/www.mines-stetienne.fr\/panoramines\/wp-content\/uploads\/sites\/3\/2019\/03\/IMG_2657-75x75.jpg 75w, https:\/\/www.mines-stetienne.fr\/panoramines\/wp-content\/uploads\/sites\/3\/2019\/03\/IMG_2657-360x360.jpg 360w\" sizes=\"auto, (max-width: 150px) 100vw, 150px\" \/><\/a>\n\t\t\t<\/dt><\/dl><dl class='gallery-item'>\n\t\t\t<dt class='gallery-icon landscape'>\n\t\t\t\t<a href='https:\/\/www.mines-stetienne.fr\/panoramines\/wp-content\/uploads\/sites\/3\/2019\/03\/IMG_2639.jpg'><img loading=\"lazy\" decoding=\"async\" width=\"150\" height=\"150\" src=\"https:\/\/www.mines-stetienne.fr\/panoramines\/wp-content\/uploads\/sites\/3\/2019\/03\/IMG_2639-150x150.jpg\" class=\"attachment-thumbnail size-thumbnail\" alt=\"\" srcset=\"https:\/\/www.mines-stetienne.fr\/panoramines\/wp-content\/uploads\/sites\/3\/2019\/03\/IMG_2639-150x150.jpg 150w, https:\/\/www.mines-stetienne.fr\/panoramines\/wp-content\/uploads\/sites\/3\/2019\/03\/IMG_2639-75x75.jpg 75w, https:\/\/www.mines-stetienne.fr\/panoramines\/wp-content\/uploads\/sites\/3\/2019\/03\/IMG_2639-360x360.jpg 360w\" sizes=\"auto, (max-width: 150px) 100vw, 150px\" \/><\/a>\n\t\t\t<\/dt><\/dl><dl class='gallery-item'>\n\t\t\t<dt class='gallery-icon landscape'>\n\t\t\t\t<a href='https:\/\/www.mines-stetienne.fr\/panoramines\/wp-content\/uploads\/sites\/3\/2019\/03\/IMG_2633.jpg'><img loading=\"lazy\" decoding=\"async\" width=\"150\" height=\"150\" src=\"https:\/\/www.mines-stetienne.fr\/panoramines\/wp-content\/uploads\/sites\/3\/2019\/03\/IMG_2633-150x150.jpg\" class=\"attachment-thumbnail size-thumbnail\" alt=\"\" srcset=\"https:\/\/www.mines-stetienne.fr\/panoramines\/wp-content\/uploads\/sites\/3\/2019\/03\/IMG_2633-150x150.jpg 150w, https:\/\/www.mines-stetienne.fr\/panoramines\/wp-content\/uploads\/sites\/3\/2019\/03\/IMG_2633-75x75.jpg 75w, https:\/\/www.mines-stetienne.fr\/panoramines\/wp-content\/uploads\/sites\/3\/2019\/03\/IMG_2633-360x360.jpg 360w\" sizes=\"auto, (max-width: 150px) 100vw, 150px\" \/><\/a>\n\t\t\t<\/dt><\/dl><br style=\"clear: both\" \/><dl class='gallery-item'>\n\t\t\t<dt class='gallery-icon landscape'>\n\t\t\t\t<a href='https:\/\/www.mines-stetienne.fr\/panoramines\/wp-content\/uploads\/sites\/3\/2019\/03\/IMG_2628.jpg'><img loading=\"lazy\" decoding=\"async\" width=\"150\" height=\"150\" src=\"https:\/\/www.mines-stetienne.fr\/panoramines\/wp-content\/uploads\/sites\/3\/2019\/03\/IMG_2628-150x150.jpg\" class=\"attachment-thumbnail size-thumbnail\" alt=\"\" srcset=\"https:\/\/www.mines-stetienne.fr\/panoramines\/wp-content\/uploads\/sites\/3\/2019\/03\/IMG_2628-150x150.jpg 150w, https:\/\/www.mines-stetienne.fr\/panoramines\/wp-content\/uploads\/sites\/3\/2019\/03\/IMG_2628-75x75.jpg 75w, https:\/\/www.mines-stetienne.fr\/panoramines\/wp-content\/uploads\/sites\/3\/2019\/03\/IMG_2628-360x360.jpg 360w\" sizes=\"auto, (max-width: 150px) 100vw, 150px\" \/><\/a>\n\t\t\t<\/dt><\/dl><dl class='gallery-item'>\n\t\t\t<dt class='gallery-icon landscape'>\n\t\t\t\t<a href='https:\/\/www.mines-stetienne.fr\/panoramines\/wp-content\/uploads\/sites\/3\/2019\/03\/IMG_2655.jpg'><img loading=\"lazy\" decoding=\"async\" width=\"150\" height=\"150\" src=\"https:\/\/www.mines-stetienne.fr\/panoramines\/wp-content\/uploads\/sites\/3\/2019\/03\/IMG_2655-150x150.jpg\" class=\"attachment-thumbnail size-thumbnail\" alt=\"\" srcset=\"https:\/\/www.mines-stetienne.fr\/panoramines\/wp-content\/uploads\/sites\/3\/2019\/03\/IMG_2655-150x150.jpg 150w, https:\/\/www.mines-stetienne.fr\/panoramines\/wp-content\/uploads\/sites\/3\/2019\/03\/IMG_2655-75x75.jpg 75w, https:\/\/www.mines-stetienne.fr\/panoramines\/wp-content\/uploads\/sites\/3\/2019\/03\/IMG_2655-360x360.jpg 360w\" sizes=\"auto, (max-width: 150px) 100vw, 150px\" \/><\/a>\n\t\t\t<\/dt><\/dl><dl class='gallery-item'>\n\t\t\t<dt class='gallery-icon landscape'>\n\t\t\t\t<a href='https:\/\/www.mines-stetienne.fr\/panoramines\/wp-content\/uploads\/sites\/3\/2019\/03\/IMG_2618.jpg'><img loading=\"lazy\" decoding=\"async\" width=\"150\" height=\"150\" src=\"https:\/\/www.mines-stetienne.fr\/panoramines\/wp-content\/uploads\/sites\/3\/2019\/03\/IMG_2618-150x150.jpg\" class=\"attachment-thumbnail size-thumbnail\" alt=\"\" srcset=\"https:\/\/www.mines-stetienne.fr\/panoramines\/wp-content\/uploads\/sites\/3\/2019\/03\/IMG_2618-150x150.jpg 150w, https:\/\/www.mines-stetienne.fr\/panoramines\/wp-content\/uploads\/sites\/3\/2019\/03\/IMG_2618-75x75.jpg 75w, https:\/\/www.mines-stetienne.fr\/panoramines\/wp-content\/uploads\/sites\/3\/2019\/03\/IMG_2618-360x360.jpg 360w\" sizes=\"auto, (max-width: 150px) 100vw, 150px\" \/><\/a>\n\t\t\t<\/dt><\/dl><dl class='gallery-item'>\n\t\t\t<dt class='gallery-icon landscape'>\n\t\t\t\t<a href='https:\/\/www.mines-stetienne.fr\/panoramines\/wp-content\/uploads\/sites\/3\/2019\/03\/IMG_2582.jpg'><img loading=\"lazy\" decoding=\"async\" width=\"150\" height=\"150\" src=\"https:\/\/www.mines-stetienne.fr\/panoramines\/wp-content\/uploads\/sites\/3\/2019\/03\/IMG_2582-150x150.jpg\" class=\"attachment-thumbnail size-thumbnail\" alt=\"\" srcset=\"https:\/\/www.mines-stetienne.fr\/panoramines\/wp-content\/uploads\/sites\/3\/2019\/03\/IMG_2582-150x150.jpg 150w, https:\/\/www.mines-stetienne.fr\/panoramines\/wp-content\/uploads\/sites\/3\/2019\/03\/IMG_2582-75x75.jpg 75w, https:\/\/www.mines-stetienne.fr\/panoramines\/wp-content\/uploads\/sites\/3\/2019\/03\/IMG_2582-360x360.jpg 360w\" sizes=\"auto, (max-width: 150px) 100vw, 150px\" \/><\/a>\n\t\t\t<\/dt><\/dl><br style=\"clear: both\" \/><dl class='gallery-item'>\n\t\t\t<dt class='gallery-icon landscape'>\n\t\t\t\t<a href='https:\/\/www.mines-stetienne.fr\/panoramines\/wp-content\/uploads\/sites\/3\/2019\/03\/IMG_2691.jpg'><img loading=\"lazy\" decoding=\"async\" width=\"150\" height=\"150\" src=\"https:\/\/www.mines-stetienne.fr\/panoramines\/wp-content\/uploads\/sites\/3\/2019\/03\/IMG_2691-150x150.jpg\" class=\"attachment-thumbnail size-thumbnail\" alt=\"\" srcset=\"https:\/\/www.mines-stetienne.fr\/panoramines\/wp-content\/uploads\/sites\/3\/2019\/03\/IMG_2691-150x150.jpg 150w, https:\/\/www.mines-stetienne.fr\/panoramines\/wp-content\/uploads\/sites\/3\/2019\/03\/IMG_2691-75x75.jpg 75w, https:\/\/www.mines-stetienne.fr\/panoramines\/wp-content\/uploads\/sites\/3\/2019\/03\/IMG_2691-360x360.jpg 360w\" sizes=\"auto, (max-width: 150px) 100vw, 150px\" \/><\/a>\n\t\t\t<\/dt><\/dl><dl class='gallery-item'>\n\t\t\t<dt class='gallery-icon landscape'>\n\t\t\t\t<a href='https:\/\/www.mines-stetienne.fr\/panoramines\/wp-content\/uploads\/sites\/3\/2019\/03\/IMG_2687.jpg'><img loading=\"lazy\" decoding=\"async\" width=\"150\" height=\"150\" src=\"https:\/\/www.mines-stetienne.fr\/panoramines\/wp-content\/uploads\/sites\/3\/2019\/03\/IMG_2687-150x150.jpg\" class=\"attachment-thumbnail size-thumbnail\" alt=\"\" srcset=\"https:\/\/www.mines-stetienne.fr\/panoramines\/wp-content\/uploads\/sites\/3\/2019\/03\/IMG_2687-150x150.jpg 150w, https:\/\/www.mines-stetienne.fr\/panoramines\/wp-content\/uploads\/sites\/3\/2019\/03\/IMG_2687-75x75.jpg 75w, https:\/\/www.mines-stetienne.fr\/panoramines\/wp-content\/uploads\/sites\/3\/2019\/03\/IMG_2687-360x360.jpg 360w\" sizes=\"auto, (max-width: 150px) 100vw, 150px\" \/><\/a>\n\t\t\t<\/dt><\/dl><dl class='gallery-item'>\n\t\t\t<dt class='gallery-icon landscape'>\n\t\t\t\t<a href='https:\/\/www.mines-stetienne.fr\/panoramines\/wp-content\/uploads\/sites\/3\/2019\/03\/IMG_2690.jpg'><img loading=\"lazy\" decoding=\"async\" width=\"150\" height=\"150\" src=\"https:\/\/www.mines-stetienne.fr\/panoramines\/wp-content\/uploads\/sites\/3\/2019\/03\/IMG_2690-150x150.jpg\" class=\"attachment-thumbnail size-thumbnail\" alt=\"\" srcset=\"https:\/\/www.mines-stetienne.fr\/panoramines\/wp-content\/uploads\/sites\/3\/2019\/03\/IMG_2690-150x150.jpg 150w, https:\/\/www.mines-stetienne.fr\/panoramines\/wp-content\/uploads\/sites\/3\/2019\/03\/IMG_2690-75x75.jpg 75w, https:\/\/www.mines-stetienne.fr\/panoramines\/wp-content\/uploads\/sites\/3\/2019\/03\/IMG_2690-360x360.jpg 360w\" sizes=\"auto, (max-width: 150px) 100vw, 150px\" \/><\/a>\n\t\t\t<\/dt><\/dl><dl class='gallery-item'>\n\t\t\t<dt class='gallery-icon landscape'>\n\t\t\t\t<a href='https:\/\/www.mines-stetienne.fr\/panoramines\/wp-content\/uploads\/sites\/3\/2019\/03\/IMG_2694.jpg'><img loading=\"lazy\" decoding=\"async\" width=\"150\" height=\"150\" src=\"https:\/\/www.mines-stetienne.fr\/panoramines\/wp-content\/uploads\/sites\/3\/2019\/03\/IMG_2694-150x150.jpg\" class=\"attachment-thumbnail size-thumbnail\" alt=\"\" srcset=\"https:\/\/www.mines-stetienne.fr\/panoramines\/wp-content\/uploads\/sites\/3\/2019\/03\/IMG_2694-150x150.jpg 150w, https:\/\/www.mines-stetienne.fr\/panoramines\/wp-content\/uploads\/sites\/3\/2019\/03\/IMG_2694-75x75.jpg 75w, https:\/\/www.mines-stetienne.fr\/panoramines\/wp-content\/uploads\/sites\/3\/2019\/03\/IMG_2694-360x360.jpg 360w\" sizes=\"auto, (max-width: 150px) 100vw, 150px\" \/><\/a>\n\t\t\t<\/dt><\/dl><br style=\"clear: both\" \/>\n\t\t<\/div>\n\n<p dir=\"auto\"><strong>La d\u00e9marche d&rsquo;innovation p\u00e9dagogique appliqu\u00e9e,<\/strong> <strong>quelques exemples de d\u00e9fis \u00e0 concevoir ou \u00e0 r\u00e9aliser<\/strong> : un casque sur mesure dot\u00e9 d\u2019\u00e9lectrodes adapt\u00e9 \u00e0 un malade alit\u00e9 ; une nouvelle forme de corset ; des roulettes adaptables pour une meilleure autonomie ; un bo\u00eetier pour fauteuil roulant \u00e9lectrique ; un objet connect\u00e9 ou un service pour accompagner maman et b\u00e9b\u00e9 \u00e0 leur sortie ; un plan num\u00e9rique pour un espace d\u00e9tente ; des objets connect\u00e9s aux agr\u00e8s de gymnastique ; un outil ludique pour les adolescents en difficult\u00e9 ; une application pour \u00ab\u00a0des v\u00eatements pour tous \u00e0 l\u2019h\u00f4pital\u00a0\u00bb ; des maquettes modulables, constructibles pour les enfants&#8230;<\/p>\n<blockquote><p>Au total 380 \u00e9l\u00e8ves ICM et 19 \u00e9tudiants du Master Prospective Design, 16 facilitateurs professionnels, et deux fabmanagers ont pris part aux Dynamo Days 2019.<\/p><\/blockquote>\n<p><strong>Aude Nyadanu<\/strong> fondatrice de <a href=\"https:\/\/www.lowpital.com\/\" target=\"_blank\" rel=\"noopener noreferrer\"><strong>Lowpital<\/strong> <\/a>a propos\u00e9 la keynote d&rsquo;ouverture sur la d\u00e9marche \u00ab\u00a0<em>Innover collectivement pour am\u00e9liorer le quotidien \u00e0 l&rsquo;h\u00f4pital\u00a0\u00bb<\/em>.<\/p>\n<p><strong>Isabelle\u00a0Huynh<\/strong> de\u00a0<a href=\"https:\/\/www.laclavette.fr\/fr\/home\/\" target=\"_blank\" rel=\"noopener noreferrer\">la Clavette<\/a> a accompagn\u00e9 cette ann\u00e9e encore les participants sur la d\u00e9marche d&rsquo;ing\u00e9nierie positive.<\/p>\n<p><strong>Micha\u00ebl Andr\u00e9<\/strong> et <strong>Karine Richou<\/strong>, p\u00f4le d&rsquo;ing\u00e9nierie p\u00e9dagogique (Direction de la formation Mines Saint-\u00c9tienne), ont coordonn\u00e9 ces deux journ\u00e9es d&rsquo;innovation p\u00e9dagogique.<\/p>\n<blockquote><p>\u00ab\u00a0Bravo \u00e0 tous pour votre engagement, pour l&rsquo;organisation et la r\u00e9ussite de cet \u00e9v\u00e9nement.\u00a0\u00bb<\/p><\/blockquote>\n<hr \/>\n<div class=\"wp-playlist wp-video-playlist wp-playlist-light\">\n\t\t<video controls=\"controls\" preload=\"none\" width=\"618\"\n\t\t height=\"348\"\t><\/video>\n\t<div class=\"wp-playlist-next\"><\/div>\n\t<div class=\"wp-playlist-prev\"><\/div>\n\t<noscript>\n\t<ol>\n\t\t<li><a href='https:\/\/www.mines-stetienne.fr\/panoramines\/wp-content\/uploads\/sites\/3\/2019\/03\/facilitatrice.mp4'>Le r\u00f4le de facilitatrice<\/a><\/li><li><a href='https:\/\/www.mines-stetienne.fr\/panoramines\/wp-content\/uploads\/sites\/3\/2019\/03\/Porteurs-de-projet.mp4'>Porter un projet<\/a><\/li><li><a href='https:\/\/www.mines-stetienne.fr\/panoramines\/wp-content\/uploads\/sites\/3\/2019\/03\/ProjetTotemigo.mp4'>Projet Totemigo<\/a><\/li>\t<\/ol>\n\t<\/noscript>\n\t<script type=\"application\/json\" class=\"wp-playlist-script\">{\"type\":\"video\",\"tracklist\":true,\"tracknumbers\":true,\"images\":true,\"artists\":true,\"tracks\":[{\"src\":\"https:\/\/www.mines-stetienne.fr\/panoramines\/wp-content\/uploads\/sites\/3\/2019\/03\/facilitatrice.mp4\",\"type\":\"video\/mp4\",\"title\":\"Le r\\u00f4le de facilitatrice\",\"caption\":\"\",\"description\":\"\",\"meta\":{\"length_formatted\":\"0:51\"},\"dimensions\":{\"original\":{\"width\":1920,\"height\":1080},\"resized\":{\"width\":618,\"height\":348}},\"image\":{\"src\":\"https:\/\/www.mines-stetienne.fr\/panoramines\/wp-includes\/images\/media\/video.svg\",\"width\":48,\"height\":64},\"thumb\":{\"src\":\"https:\/\/www.mines-stetienne.fr\/panoramines\/wp-includes\/images\/media\/video.svg\",\"width\":48,\"height\":64}},{\"src\":\"https:\/\/www.mines-stetienne.fr\/panoramines\/wp-content\/uploads\/sites\/3\/2019\/03\/Porteurs-de-projet.mp4\",\"type\":\"video\/mp4\",\"title\":\"Porter un projet\",\"caption\":\"\",\"description\":\"\",\"meta\":{\"length_formatted\":\"1:04\"},\"dimensions\":{\"original\":{\"width\":1920,\"height\":1080},\"resized\":{\"width\":618,\"height\":348}},\"image\":{\"src\":\"https:\/\/www.mines-stetienne.fr\/panoramines\/wp-includes\/images\/media\/video.svg\",\"width\":48,\"height\":64},\"thumb\":{\"src\":\"https:\/\/www.mines-stetienne.fr\/panoramines\/wp-includes\/images\/media\/video.svg\",\"width\":48,\"height\":64}},{\"src\":\"https:\/\/www.mines-stetienne.fr\/panoramines\/wp-content\/uploads\/sites\/3\/2019\/03\/ProjetTotemigo.mp4\",\"type\":\"video\/mp4\",\"title\":\"Projet Totemigo\",\"caption\":\"\",\"description\":\"\",\"meta\":{\"length_formatted\":\"0:57\"},\"dimensions\":{\"original\":{\"width\":1920,\"height\":1080},\"resized\":{\"width\":618,\"height\":348}},\"image\":{\"src\":\"https:\/\/www.mines-stetienne.fr\/panoramines\/wp-includes\/images\/media\/video.svg\",\"width\":48,\"height\":64},\"thumb\":{\"src\":\"https:\/\/www.mines-stetienne.fr\/panoramines\/wp-includes\/images\/media\/video.svg\",\"width\":48,\"height\":64}}]}<\/script>\n<\/div>\n\t\n","protected":false},"excerpt":{"rendered":"<p>Deux journ\u00e9es de cr\u00e9ativit\u00e9 et d&rsquo;engagement collaboratif ont r\u00e9uni les 5 et 6 mars sur le campus de Saint-\u00c9tienne 400 \u00e9tudiants, 16 facilitateurs, 4 coachs et une \u00e9quipe logistique performante ! Les \u00e9quipes ont relev\u00e9 avec succ\u00e8s les 16 d\u00e9fis &hellip;<\/p>\n","protected":false},"author":3,"featured_media":16535,"comment_status":"closed","ping_status":"open","sticky":false,"template":"","format":"standard","meta":{"_relevanssi_hide_post":"","_relevanssi_hide_content":"","_relevanssi_pin_for_all":"","_relevanssi_pin_keywords":"","_relevanssi_unpin_keywords":"","_relevanssi_related_keywords":"","_relevanssi_related_include_ids":"","_relevanssi_related_exclude_ids":"","_relevanssi_related_no_append":"","_relevanssi_related_not_related":"","_relevanssi_related_posts":"7697,15386,15805,7485,5129,15855","_relevanssi_noindex_reason":"","footnotes":""},"categories":[6],"tags":[531,37,23,527,132,111],"class_list":["post-16446","post","type-post","status-publish","format-standard","has-post-thumbnail","hentry","category-formation","tag-dynamo-days","tag-icm","tag-innovation-pedagogique","tag-prototypage","tag-saint-etienne","tag-sante"],"pp_statuses_selecting_workflow":false,"pp_workflow_action":"current","pp_status_selection":"publish","pp_force_visibility":null,"pp_subpost_visibility":null,"pp_inherited_force_visibility":null,"pp_inherited_subpost_visibility":null,"yoast_head":"<!-- This site is optimized with the Yoast SEO plugin v27.4 - https:\/\/yoast.com\/product\/yoast-seo-wordpress\/ -->\n<title>Dynamo Days 2019 : inspiration et innovation collective - Panoramines<\/title>\n<meta name=\"robots\" content=\"index, follow, max-snippet:-1, max-image-preview:large, max-video-preview:-1\" \/>\n<link rel=\"canonical\" href=\"https:\/\/www.mines-stetienne.fr\/panoramines\/2019\/03\/11\/dynamo-days-2019-inspiration-et-innovation-collective\/\" \/>\n<meta property=\"og:locale\" content=\"fr_FR\" \/>\n<meta property=\"og:type\" content=\"article\" \/>\n<meta property=\"og:title\" content=\"Dynamo Days 2019 : inspiration et innovation collective - Panoramines\" \/>\n<meta property=\"og:description\" content=\"Deux journ\u00e9es de cr\u00e9ativit\u00e9 et d&rsquo;engagement collaboratif ont r\u00e9uni les 5 et 6 mars sur le campus de Saint-\u00c9tienne 400 \u00e9tudiants, 16 facilitateurs, 4 coachs et une \u00e9quipe logistique performante ! Les \u00e9quipes ont relev\u00e9 avec succ\u00e8s les 16 d\u00e9fis &hellip;\" \/>\n<meta property=\"og:url\" content=\"https:\/\/www.mines-stetienne.fr\/panoramines\/2019\/03\/11\/dynamo-days-2019-inspiration-et-innovation-collective\/\" \/>\n<meta property=\"og:site_name\" content=\"Panoramines\" \/>\n<meta property=\"article:published_time\" content=\"2019-03-11T07:00:24+00:00\" \/>\n<meta property=\"article:modified_time\" content=\"2019-11-14T15:22:51+00:00\" \/>\n<meta property=\"og:image\" content=\"https:\/\/www.mines-stetienne.fr\/panoramines\/wp-content\/uploads\/sites\/3\/2019\/03\/UneDDays2019.jpg\" \/>\n\t<meta property=\"og:image:width\" content=\"700\" \/>\n\t<meta property=\"og:image:height\" content=\"328\" \/>\n\t<meta property=\"og:image:type\" content=\"image\/jpeg\" \/>\n<meta name=\"author\" content=\"Nathalie\" \/>\n<meta name=\"twitter:card\" content=\"summary_large_image\" \/>\n<meta name=\"twitter:label1\" content=\"\u00c9crit par\" \/>\n\t<meta name=\"twitter:data1\" content=\" Nathalie\" \/>\n\t<meta name=\"twitter:label2\" content=\"Dur\u00e9e de lecture estim\u00e9e\" \/>\n\t<meta name=\"twitter:data2\" content=\"2 minutes\" \/>\n<script type=\"application\/ld+json\" class=\"yoast-schema-graph\">{\"@context\":\"https:\\\/\\\/schema.org\",\"@graph\":[{\"@type\":\"Article\",\"@id\":\"https:\\\/\\\/www.mines-stetienne.fr\\\/panoramines\\\/2019\\\/03\\\/11\\\/dynamo-days-2019-inspiration-et-innovation-collective\\\/#article\",\"isPartOf\":{\"@id\":\"https:\\\/\\\/www.mines-stetienne.fr\\\/panoramines\\\/2019\\\/03\\\/11\\\/dynamo-days-2019-inspiration-et-innovation-collective\\\/\"},\"author\":{\"name\":\"Nathalie\",\"@id\":\"https:\\\/\\\/www.mines-stetienne.fr\\\/panoramines\\\/#\\\/schema\\\/person\\\/95e752e6dedac604ce4535123e0f8df7\"},\"headline\":\"Dynamo Days 2019 : inspiration et innovation collective\",\"datePublished\":\"2019-03-11T07:00:24+00:00\",\"dateModified\":\"2019-11-14T15:22:51+00:00\",\"mainEntityOfPage\":{\"@id\":\"https:\\\/\\\/www.mines-stetienne.fr\\\/panoramines\\\/2019\\\/03\\\/11\\\/dynamo-days-2019-inspiration-et-innovation-collective\\\/\"},\"wordCount\":417,\"image\":{\"@id\":\"https:\\\/\\\/www.mines-stetienne.fr\\\/panoramines\\\/2019\\\/03\\\/11\\\/dynamo-days-2019-inspiration-et-innovation-collective\\\/#primaryimage\"},\"thumbnailUrl\":\"https:\\\/\\\/www.mines-stetienne.fr\\\/panoramines\\\/wp-content\\\/uploads\\\/sites\\\/3\\\/2019\\\/03\\\/UneDDays2019.jpg\",\"keywords\":[\"Dynamo Days\",\"ICM\",\"Innovation p\u00e9dagogique\",\"Prototypage\",\"Saint-\u00c9tienne\",\"Sant\u00e9\"],\"articleSection\":[\"Formation\"],\"inLanguage\":\"fr-FR\"},{\"@type\":\"WebPage\",\"@id\":\"https:\\\/\\\/www.mines-stetienne.fr\\\/panoramines\\\/2019\\\/03\\\/11\\\/dynamo-days-2019-inspiration-et-innovation-collective\\\/\",\"url\":\"https:\\\/\\\/www.mines-stetienne.fr\\\/panoramines\\\/2019\\\/03\\\/11\\\/dynamo-days-2019-inspiration-et-innovation-collective\\\/\",\"name\":\"Dynamo Days 2019 : inspiration et innovation collective - Panoramines\",\"isPartOf\":{\"@id\":\"https:\\\/\\\/www.mines-stetienne.fr\\\/panoramines\\\/#website\"},\"primaryImageOfPage\":{\"@id\":\"https:\\\/\\\/www.mines-stetienne.fr\\\/panoramines\\\/2019\\\/03\\\/11\\\/dynamo-days-2019-inspiration-et-innovation-collective\\\/#primaryimage\"},\"image\":{\"@id\":\"https:\\\/\\\/www.mines-stetienne.fr\\\/panoramines\\\/2019\\\/03\\\/11\\\/dynamo-days-2019-inspiration-et-innovation-collective\\\/#primaryimage\"},\"thumbnailUrl\":\"https:\\\/\\\/www.mines-stetienne.fr\\\/panoramines\\\/wp-content\\\/uploads\\\/sites\\\/3\\\/2019\\\/03\\\/UneDDays2019.jpg\",\"datePublished\":\"2019-03-11T07:00:24+00:00\",\"dateModified\":\"2019-11-14T15:22:51+00:00\",\"author\":{\"@id\":\"https:\\\/\\\/www.mines-stetienne.fr\\\/panoramines\\\/#\\\/schema\\\/person\\\/95e752e6dedac604ce4535123e0f8df7\"},\"breadcrumb\":{\"@id\":\"https:\\\/\\\/www.mines-stetienne.fr\\\/panoramines\\\/2019\\\/03\\\/11\\\/dynamo-days-2019-inspiration-et-innovation-collective\\\/#breadcrumb\"},\"inLanguage\":\"fr-FR\",\"potentialAction\":[{\"@type\":\"ReadAction\",\"target\":[\"https:\\\/\\\/www.mines-stetienne.fr\\\/panoramines\\\/2019\\\/03\\\/11\\\/dynamo-days-2019-inspiration-et-innovation-collective\\\/\"]}]},{\"@type\":\"ImageObject\",\"inLanguage\":\"fr-FR\",\"@id\":\"https:\\\/\\\/www.mines-stetienne.fr\\\/panoramines\\\/2019\\\/03\\\/11\\\/dynamo-days-2019-inspiration-et-innovation-collective\\\/#primaryimage\",\"url\":\"https:\\\/\\\/www.mines-stetienne.fr\\\/panoramines\\\/wp-content\\\/uploads\\\/sites\\\/3\\\/2019\\\/03\\\/UneDDays2019.jpg\",\"contentUrl\":\"https:\\\/\\\/www.mines-stetienne.fr\\\/panoramines\\\/wp-content\\\/uploads\\\/sites\\\/3\\\/2019\\\/03\\\/UneDDays2019.jpg\",\"width\":700,\"height\":328},{\"@type\":\"BreadcrumbList\",\"@id\":\"https:\\\/\\\/www.mines-stetienne.fr\\\/panoramines\\\/2019\\\/03\\\/11\\\/dynamo-days-2019-inspiration-et-innovation-collective\\\/#breadcrumb\",\"itemListElement\":[{\"@type\":\"ListItem\",\"position\":1,\"name\":\"Accueil\",\"item\":\"https:\\\/\\\/www.mines-stetienne.fr\\\/panoramines\\\/\"},{\"@type\":\"ListItem\",\"position\":2,\"name\":\"Dynamo Days 2019 : inspiration et innovation collective\"}]},{\"@type\":\"WebSite\",\"@id\":\"https:\\\/\\\/www.mines-stetienne.fr\\\/panoramines\\\/#website\",\"url\":\"https:\\\/\\\/www.mines-stetienne.fr\\\/panoramines\\\/\",\"name\":\"Panoramines\",\"description\":\"Panoramines, l\u2019actualit\u00e9 de MINES Saint-\u00c9tienne\",\"potentialAction\":[{\"@type\":\"SearchAction\",\"target\":{\"@type\":\"EntryPoint\",\"urlTemplate\":\"https:\\\/\\\/www.mines-stetienne.fr\\\/panoramines\\\/?s={search_term_string}\"},\"query-input\":{\"@type\":\"PropertyValueSpecification\",\"valueRequired\":true,\"valueName\":\"search_term_string\"}}],\"inLanguage\":\"fr-FR\"},{\"@type\":\"Person\",\"@id\":\"https:\\\/\\\/www.mines-stetienne.fr\\\/panoramines\\\/#\\\/schema\\\/person\\\/95e752e6dedac604ce4535123e0f8df7\",\"name\":\"Nathalie\",\"image\":{\"@type\":\"ImageObject\",\"inLanguage\":\"fr-FR\",\"@id\":\"https:\\\/\\\/www.mines-stetienne.fr\\\/panoramines\\\/wp-content\\\/uploads\\\/sites\\\/3\\\/2021\\\/07\\\/logo-75x75-1.png\",\"url\":\"https:\\\/\\\/www.mines-stetienne.fr\\\/panoramines\\\/wp-content\\\/uploads\\\/sites\\\/3\\\/2021\\\/07\\\/logo-75x75-1.png\",\"contentUrl\":\"https:\\\/\\\/www.mines-stetienne.fr\\\/panoramines\\\/wp-content\\\/uploads\\\/sites\\\/3\\\/2021\\\/07\\\/logo-75x75-1.png\",\"caption\":\"Nathalie\"},\"url\":\"https:\\\/\\\/www.mines-stetienne.fr\\\/panoramines\\\/author\\\/nathalie\\\/\"}]}<\/script>\n<!-- \/ Yoast SEO plugin. -->","yoast_head_json":{"title":"Dynamo Days 2019 : inspiration et innovation collective - Panoramines","robots":{"index":"index","follow":"follow","max-snippet":"max-snippet:-1","max-image-preview":"max-image-preview:large","max-video-preview":"max-video-preview:-1"},"canonical":"https:\/\/www.mines-stetienne.fr\/panoramines\/2019\/03\/11\/dynamo-days-2019-inspiration-et-innovation-collective\/","og_locale":"fr_FR","og_type":"article","og_title":"Dynamo Days 2019 : inspiration et innovation collective - Panoramines","og_description":"Deux journ\u00e9es de cr\u00e9ativit\u00e9 et d&rsquo;engagement collaboratif ont r\u00e9uni les 5 et 6 mars sur le campus de Saint-\u00c9tienne 400 \u00e9tudiants, 16 facilitateurs, 4 coachs et une \u00e9quipe logistique performante ! Les \u00e9quipes ont relev\u00e9 avec succ\u00e8s les 16 d\u00e9fis &hellip;","og_url":"https:\/\/www.mines-stetienne.fr\/panoramines\/2019\/03\/11\/dynamo-days-2019-inspiration-et-innovation-collective\/","og_site_name":"Panoramines","article_published_time":"2019-03-11T07:00:24+00:00","article_modified_time":"2019-11-14T15:22:51+00:00","og_image":[{"width":700,"height":328,"url":"https:\/\/www.mines-stetienne.fr\/panoramines\/wp-content\/uploads\/sites\/3\/2019\/03\/UneDDays2019.jpg","type":"image\/jpeg"}],"author":"Nathalie","twitter_card":"summary_large_image","twitter_misc":{"\u00c9crit par":" Nathalie","Dur\u00e9e de lecture estim\u00e9e":"2 minutes"},"schema":{"@context":"https:\/\/schema.org","@graph":[{"@type":"Article","@id":"https:\/\/www.mines-stetienne.fr\/panoramines\/2019\/03\/11\/dynamo-days-2019-inspiration-et-innovation-collective\/#article","isPartOf":{"@id":"https:\/\/www.mines-stetienne.fr\/panoramines\/2019\/03\/11\/dynamo-days-2019-inspiration-et-innovation-collective\/"},"author":{"name":"Nathalie","@id":"https:\/\/www.mines-stetienne.fr\/panoramines\/#\/schema\/person\/95e752e6dedac604ce4535123e0f8df7"},"headline":"Dynamo Days 2019 : inspiration et innovation collective","datePublished":"2019-03-11T07:00:24+00:00","dateModified":"2019-11-14T15:22:51+00:00","mainEntityOfPage":{"@id":"https:\/\/www.mines-stetienne.fr\/panoramines\/2019\/03\/11\/dynamo-days-2019-inspiration-et-innovation-collective\/"},"wordCount":417,"image":{"@id":"https:\/\/www.mines-stetienne.fr\/panoramines\/2019\/03\/11\/dynamo-days-2019-inspiration-et-innovation-collective\/#primaryimage"},"thumbnailUrl":"https:\/\/www.mines-stetienne.fr\/panoramines\/wp-content\/uploads\/sites\/3\/2019\/03\/UneDDays2019.jpg","keywords":["Dynamo Days","ICM","Innovation p\u00e9dagogique","Prototypage","Saint-\u00c9tienne","Sant\u00e9"],"articleSection":["Formation"],"inLanguage":"fr-FR"},{"@type":"WebPage","@id":"https:\/\/www.mines-stetienne.fr\/panoramines\/2019\/03\/11\/dynamo-days-2019-inspiration-et-innovation-collective\/","url":"https:\/\/www.mines-stetienne.fr\/panoramines\/2019\/03\/11\/dynamo-days-2019-inspiration-et-innovation-collective\/","name":"Dynamo Days 2019 : inspiration et innovation collective - Panoramines","isPartOf":{"@id":"https:\/\/www.mines-stetienne.fr\/panoramines\/#website"},"primaryImageOfPage":{"@id":"https:\/\/www.mines-stetienne.fr\/panoramines\/2019\/03\/11\/dynamo-days-2019-inspiration-et-innovation-collective\/#primaryimage"},"image":{"@id":"https:\/\/www.mines-stetienne.fr\/panoramines\/2019\/03\/11\/dynamo-days-2019-inspiration-et-innovation-collective\/#primaryimage"},"thumbnailUrl":"https:\/\/www.mines-stetienne.fr\/panoramines\/wp-content\/uploads\/sites\/3\/2019\/03\/UneDDays2019.jpg","datePublished":"2019-03-11T07:00:24+00:00","dateModified":"2019-11-14T15:22:51+00:00","author":{"@id":"https:\/\/www.mines-stetienne.fr\/panoramines\/#\/schema\/person\/95e752e6dedac604ce4535123e0f8df7"},"breadcrumb":{"@id":"https:\/\/www.mines-stetienne.fr\/panoramines\/2019\/03\/11\/dynamo-days-2019-inspiration-et-innovation-collective\/#breadcrumb"},"inLanguage":"fr-FR","potentialAction":[{"@type":"ReadAction","target":["https:\/\/www.mines-stetienne.fr\/panoramines\/2019\/03\/11\/dynamo-days-2019-inspiration-et-innovation-collective\/"]}]},{"@type":"ImageObject","inLanguage":"fr-FR","@id":"https:\/\/www.mines-stetienne.fr\/panoramines\/2019\/03\/11\/dynamo-days-2019-inspiration-et-innovation-collective\/#primaryimage","url":"https:\/\/www.mines-stetienne.fr\/panoramines\/wp-content\/uploads\/sites\/3\/2019\/03\/UneDDays2019.jpg","contentUrl":"https:\/\/www.mines-stetienne.fr\/panoramines\/wp-content\/uploads\/sites\/3\/2019\/03\/UneDDays2019.jpg","width":700,"height":328},{"@type":"BreadcrumbList","@id":"https:\/\/www.mines-stetienne.fr\/panoramines\/2019\/03\/11\/dynamo-days-2019-inspiration-et-innovation-collective\/#breadcrumb","itemListElement":[{"@type":"ListItem","position":1,"name":"Accueil","item":"https:\/\/www.mines-stetienne.fr\/panoramines\/"},{"@type":"ListItem","position":2,"name":"Dynamo Days 2019 : inspiration et innovation collective"}]},{"@type":"WebSite","@id":"https:\/\/www.mines-stetienne.fr\/panoramines\/#website","url":"https:\/\/www.mines-stetienne.fr\/panoramines\/","name":"Panoramines","description":"Panoramines, l\u2019actualit\u00e9 de MINES Saint-\u00c9tienne","potentialAction":[{"@type":"SearchAction","target":{"@type":"EntryPoint","urlTemplate":"https:\/\/www.mines-stetienne.fr\/panoramines\/?s={search_term_string}"},"query-input":{"@type":"PropertyValueSpecification","valueRequired":true,"valueName":"search_term_string"}}],"inLanguage":"fr-FR"},{"@type":"Person","@id":"https:\/\/www.mines-stetienne.fr\/panoramines\/#\/schema\/person\/95e752e6dedac604ce4535123e0f8df7","name":"Nathalie","image":{"@type":"ImageObject","inLanguage":"fr-FR","@id":"https:\/\/www.mines-stetienne.fr\/panoramines\/wp-content\/uploads\/sites\/3\/2021\/07\/logo-75x75-1.png","url":"https:\/\/www.mines-stetienne.fr\/panoramines\/wp-content\/uploads\/sites\/3\/2021\/07\/logo-75x75-1.png","contentUrl":"https:\/\/www.mines-stetienne.fr\/panoramines\/wp-content\/uploads\/sites\/3\/2021\/07\/logo-75x75-1.png","caption":"Nathalie"},"url":"https:\/\/www.mines-stetienne.fr\/panoramines\/author\/nathalie\/"}]}},"_links":{"self":[{"href":"https:\/\/www.mines-stetienne.fr\/panoramines\/wp-json\/wp\/v2\/posts\/16446","targetHints":{"allow":["GET"]}}],"collection":[{"href":"https:\/\/www.mines-stetienne.fr\/panoramines\/wp-json\/wp\/v2\/posts"}],"about":[{"href":"https:\/\/www.mines-stetienne.fr\/panoramines\/wp-json\/wp\/v2\/types\/post"}],"author":[{"embeddable":true,"href":"https:\/\/www.mines-stetienne.fr\/panoramines\/wp-json\/wp\/v2\/users\/3"}],"replies":[{"embeddable":true,"href":"https:\/\/www.mines-stetienne.fr\/panoramines\/wp-json\/wp\/v2\/comments?post=16446"}],"version-history":[{"count":25,"href":"https:\/\/www.mines-stetienne.fr\/panoramines\/wp-json\/wp\/v2\/posts\/16446\/revisions"}],"predecessor-version":[{"id":19937,"href":"https:\/\/www.mines-stetienne.fr\/panoramines\/wp-json\/wp\/v2\/posts\/16446\/revisions\/19937"}],"wp:featuredmedia":[{"embeddable":true,"href":"https:\/\/www.mines-stetienne.fr\/panoramines\/wp-json\/wp\/v2\/media\/16535"}],"wp:attachment":[{"href":"https:\/\/www.mines-stetienne.fr\/panoramines\/wp-json\/wp\/v2\/media?parent=16446"}],"wp:term":[{"taxonomy":"category","embeddable":true,"href":"https:\/\/www.mines-stetienne.fr\/panoramines\/wp-json\/wp\/v2\/categories?post=16446"},{"taxonomy":"post_tag","embeddable":true,"href":"https:\/\/www.mines-stetienne.fr\/panoramines\/wp-json\/wp\/v2\/tags?post=16446"}],"curies":[{"name":"wp","href":"https:\/\/api.w.org\/{rel}","templated":true}]}}