{"id":16400,"date":"2019-02-16T17:13:34","date_gmt":"2019-02-16T16:13:34","guid":{"rendered":"https:\/\/www.mines-stetienne.fr\/panoramines\/?p=16400"},"modified":"2024-03-07T15:57:47","modified_gmt":"2024-03-07T14:57:47","slug":"releve-le-defi-de-lentreprise-thuasne","status":"publish","type":"post","link":"https:\/\/www.mines-stetienne.fr\/panoramines\/2019\/02\/16\/releve-le-defi-de-lentreprise-thuasne\/","title":{"rendered":"\u00ab\u00a0Rel\u00e8ve le d\u00e9fi de l&rsquo;entreprise Thuasne\u00a0\u00bb"},"content":{"rendered":"\n<p><strong>Samedi 9 mars,<\/strong> Espace Agora, Entreprise Thuasne : <strong>Hackathon<\/strong> \u00ab&nbsp;Cr\u00e9er un outil num\u00e9rique de sant\u00e9&nbsp;\u00bb &#8211; <a href=\"https:\/\/goo.gl\/YdnwcB\" target=\"_blank\" rel=\"noopener\">Inscription avant le 1er mars<\/a><\/p>\n","protected":false},"excerpt":{"rendered":"<p>Samedi 9 mars, Espace Agora, Entreprise Thuasne : Hackathon \u00ab&nbsp;Cr\u00e9er un outil num\u00e9rique de sant\u00e9&nbsp;\u00bb &#8211; Inscription avant le 1er mars<\/p>\n","protected":false},"author":3,"featured_media":16401,"comment_status":"closed","ping_status":"open","sticky":false,"template":"","format":"standard","meta":{"_relevanssi_hide_post":"","_relevanssi_hide_content":"","_relevanssi_pin_for_all":"","_relevanssi_pin_keywords":"","_relevanssi_unpin_keywords":"","_relevanssi_related_keywords":"","_relevanssi_related_include_ids":"","_relevanssi_related_exclude_ids":"","_relevanssi_related_no_append":"","_relevanssi_related_not_related":"","_relevanssi_related_posts":"13802,24382,17717,15008,23464,6620","_relevanssi_noindex_reason":"","footnotes":""},"categories":[8],"tags":[318,132],"class_list":["post-16400","post","type-post","status-publish","format-standard","has-post-thumbnail","hentry","category-vie-etudiante","tag-hackathon","tag-saint-etienne"],"pp_statuses_selecting_workflow":false,"pp_workflow_action":"current","pp_status_selection":"publish","pp_force_visibility":null,"pp_subpost_visibility":null,"pp_inherited_force_visibility":null,"pp_inherited_subpost_visibility":null,"yoast_head":"<!-- This site is optimized with the Yoast SEO plugin v27.4 - https:\/\/yoast.com\/product\/yoast-seo-wordpress\/ -->\n<title>&quot;Rel\u00e8ve le d\u00e9fi de l&#039;entreprise Thuasne&quot; - Panoramines<\/title>\n<meta name=\"robots\" content=\"index, follow, max-snippet:-1, max-image-preview:large, max-video-preview:-1\" \/>\n<link rel=\"canonical\" href=\"https:\/\/www.mines-stetienne.fr\/panoramines\/2019\/02\/16\/releve-le-defi-de-lentreprise-thuasne\/\" \/>\n<meta property=\"og:locale\" content=\"fr_FR\" \/>\n<meta property=\"og:type\" content=\"article\" \/>\n<meta property=\"og:title\" content=\"&quot;Rel\u00e8ve le d\u00e9fi de l&#039;entreprise Thuasne&quot; - Panoramines\" \/>\n<meta property=\"og:description\" content=\"Samedi 9 mars, Espace Agora, Entreprise Thuasne : Hackathon \u00ab&nbsp;Cr\u00e9er un outil num\u00e9rique de sant\u00e9&nbsp;\u00bb &#8211; Inscription avant le 1er mars\" \/>\n<meta property=\"og:url\" content=\"https:\/\/www.mines-stetienne.fr\/panoramines\/2019\/02\/16\/releve-le-defi-de-lentreprise-thuasne\/\" \/>\n<meta property=\"og:site_name\" content=\"Panoramines\" \/>\n<meta property=\"article:published_time\" content=\"2019-02-16T16:13:34+00:00\" \/>\n<meta property=\"article:modified_time\" content=\"2024-03-07T14:57:47+00:00\" \/>\n<meta property=\"og:image\" content=\"https:\/\/www.mines-stetienne.fr\/panoramines\/wp-content\/uploads\/sites\/3\/2019\/02\/hackathonCALoireHteL.jpg\" \/>\n\t<meta property=\"og:image:width\" content=\"720\" \/>\n\t<meta property=\"og:image:height\" content=\"509\" \/>\n\t<meta property=\"og:image:type\" content=\"image\/jpeg\" \/>\n<meta name=\"author\" content=\"Nathalie\" \/>\n<meta name=\"twitter:card\" content=\"summary_large_image\" \/>\n<meta name=\"twitter:label1\" content=\"\u00c9crit par\" \/>\n\t<meta name=\"twitter:data1\" content=\" Nathalie\" \/>\n\t<meta name=\"twitter:label2\" content=\"Dur\u00e9e de lecture estim\u00e9e\" \/>\n\t<meta name=\"twitter:data2\" content=\"1 minute\" \/>\n<script type=\"application\/ld+json\" class=\"yoast-schema-graph\">{\"@context\":\"https:\\\/\\\/schema.org\",\"@graph\":[{\"@type\":\"Article\",\"@id\":\"https:\\\/\\\/www.mines-stetienne.fr\\\/panoramines\\\/2019\\\/02\\\/16\\\/releve-le-defi-de-lentreprise-thuasne\\\/#article\",\"isPartOf\":{\"@id\":\"https:\\\/\\\/www.mines-stetienne.fr\\\/panoramines\\\/2019\\\/02\\\/16\\\/releve-le-defi-de-lentreprise-thuasne\\\/\"},\"author\":{\"name\":\"Nathalie\",\"@id\":\"https:\\\/\\\/www.mines-stetienne.fr\\\/panoramines\\\/#\\\/schema\\\/person\\\/95e752e6dedac604ce4535123e0f8df7\"},\"headline\":\"\u00ab\u00a0Rel\u00e8ve le d\u00e9fi de l&rsquo;entreprise Thuasne\u00a0\u00bb\",\"datePublished\":\"2019-02-16T16:13:34+00:00\",\"dateModified\":\"2024-03-07T14:57:47+00:00\",\"mainEntityOfPage\":{\"@id\":\"https:\\\/\\\/www.mines-stetienne.fr\\\/panoramines\\\/2019\\\/02\\\/16\\\/releve-le-defi-de-lentreprise-thuasne\\\/\"},\"wordCount\":31,\"image\":{\"@id\":\"https:\\\/\\\/www.mines-stetienne.fr\\\/panoramines\\\/2019\\\/02\\\/16\\\/releve-le-defi-de-lentreprise-thuasne\\\/#primaryimage\"},\"thumbnailUrl\":\"https:\\\/\\\/www.mines-stetienne.fr\\\/panoramines\\\/wp-content\\\/uploads\\\/sites\\\/3\\\/2019\\\/02\\\/hackathonCALoireHteL.jpg\",\"keywords\":[\"Hackathon\",\"Saint-\u00c9tienne\"],\"articleSection\":[\"Vie \u00e9tudiante\"],\"inLanguage\":\"fr-FR\"},{\"@type\":\"WebPage\",\"@id\":\"https:\\\/\\\/www.mines-stetienne.fr\\\/panoramines\\\/2019\\\/02\\\/16\\\/releve-le-defi-de-lentreprise-thuasne\\\/\",\"url\":\"https:\\\/\\\/www.mines-stetienne.fr\\\/panoramines\\\/2019\\\/02\\\/16\\\/releve-le-defi-de-lentreprise-thuasne\\\/\",\"name\":\"\\\"Rel\u00e8ve le d\u00e9fi de l'entreprise Thuasne\\\" - Panoramines\",\"isPartOf\":{\"@id\":\"https:\\\/\\\/www.mines-stetienne.fr\\\/panoramines\\\/#website\"},\"primaryImageOfPage\":{\"@id\":\"https:\\\/\\\/www.mines-stetienne.fr\\\/panoramines\\\/2019\\\/02\\\/16\\\/releve-le-defi-de-lentreprise-thuasne\\\/#primaryimage\"},\"image\":{\"@id\":\"https:\\\/\\\/www.mines-stetienne.fr\\\/panoramines\\\/2019\\\/02\\\/16\\\/releve-le-defi-de-lentreprise-thuasne\\\/#primaryimage\"},\"thumbnailUrl\":\"https:\\\/\\\/www.mines-stetienne.fr\\\/panoramines\\\/wp-content\\\/uploads\\\/sites\\\/3\\\/2019\\\/02\\\/hackathonCALoireHteL.jpg\",\"datePublished\":\"2019-02-16T16:13:34+00:00\",\"dateModified\":\"2024-03-07T14:57:47+00:00\",\"author\":{\"@id\":\"https:\\\/\\\/www.mines-stetienne.fr\\\/panoramines\\\/#\\\/schema\\\/person\\\/95e752e6dedac604ce4535123e0f8df7\"},\"breadcrumb\":{\"@id\":\"https:\\\/\\\/www.mines-stetienne.fr\\\/panoramines\\\/2019\\\/02\\\/16\\\/releve-le-defi-de-lentreprise-thuasne\\\/#breadcrumb\"},\"inLanguage\":\"fr-FR\",\"potentialAction\":[{\"@type\":\"ReadAction\",\"target\":[\"https:\\\/\\\/www.mines-stetienne.fr\\\/panoramines\\\/2019\\\/02\\\/16\\\/releve-le-defi-de-lentreprise-thuasne\\\/\"]}]},{\"@type\":\"ImageObject\",\"inLanguage\":\"fr-FR\",\"@id\":\"https:\\\/\\\/www.mines-stetienne.fr\\\/panoramines\\\/2019\\\/02\\\/16\\\/releve-le-defi-de-lentreprise-thuasne\\\/#primaryimage\",\"url\":\"https:\\\/\\\/www.mines-stetienne.fr\\\/panoramines\\\/wp-content\\\/uploads\\\/sites\\\/3\\\/2019\\\/02\\\/hackathonCALoireHteL.jpg\",\"contentUrl\":\"https:\\\/\\\/www.mines-stetienne.fr\\\/panoramines\\\/wp-content\\\/uploads\\\/sites\\\/3\\\/2019\\\/02\\\/hackathonCALoireHteL.jpg\",\"width\":720,\"height\":509},{\"@type\":\"BreadcrumbList\",\"@id\":\"https:\\\/\\\/www.mines-stetienne.fr\\\/panoramines\\\/2019\\\/02\\\/16\\\/releve-le-defi-de-lentreprise-thuasne\\\/#breadcrumb\",\"itemListElement\":[{\"@type\":\"ListItem\",\"position\":1,\"name\":\"Accueil\",\"item\":\"https:\\\/\\\/www.mines-stetienne.fr\\\/panoramines\\\/\"},{\"@type\":\"ListItem\",\"position\":2,\"name\":\"\u00ab\u00a0Rel\u00e8ve le d\u00e9fi de l&rsquo;entreprise Thuasne\u00a0\u00bb\"}]},{\"@type\":\"WebSite\",\"@id\":\"https:\\\/\\\/www.mines-stetienne.fr\\\/panoramines\\\/#website\",\"url\":\"https:\\\/\\\/www.mines-stetienne.fr\\\/panoramines\\\/\",\"name\":\"Panoramines\",\"description\":\"Panoramines, l\u2019actualit\u00e9 de MINES Saint-\u00c9tienne\",\"potentialAction\":[{\"@type\":\"SearchAction\",\"target\":{\"@type\":\"EntryPoint\",\"urlTemplate\":\"https:\\\/\\\/www.mines-stetienne.fr\\\/panoramines\\\/?s={search_term_string}\"},\"query-input\":{\"@type\":\"PropertyValueSpecification\",\"valueRequired\":true,\"valueName\":\"search_term_string\"}}],\"inLanguage\":\"fr-FR\"},{\"@type\":\"Person\",\"@id\":\"https:\\\/\\\/www.mines-stetienne.fr\\\/panoramines\\\/#\\\/schema\\\/person\\\/95e752e6dedac604ce4535123e0f8df7\",\"name\":\"Nathalie\",\"image\":{\"@type\":\"ImageObject\",\"inLanguage\":\"fr-FR\",\"@id\":\"https:\\\/\\\/www.mines-stetienne.fr\\\/panoramines\\\/wp-content\\\/uploads\\\/sites\\\/3\\\/2021\\\/07\\\/logo-75x75-1.png\",\"url\":\"https:\\\/\\\/www.mines-stetienne.fr\\\/panoramines\\\/wp-content\\\/uploads\\\/sites\\\/3\\\/2021\\\/07\\\/logo-75x75-1.png\",\"contentUrl\":\"https:\\\/\\\/www.mines-stetienne.fr\\\/panoramines\\\/wp-content\\\/uploads\\\/sites\\\/3\\\/2021\\\/07\\\/logo-75x75-1.png\",\"caption\":\"Nathalie\"},\"url\":\"https:\\\/\\\/www.mines-stetienne.fr\\\/panoramines\\\/author\\\/nathalie\\\/\"}]}<\/script>\n<!-- \/ Yoast SEO plugin. -->","yoast_head_json":{"title":"\"Rel\u00e8ve le d\u00e9fi de l'entreprise Thuasne\" - Panoramines","robots":{"index":"index","follow":"follow","max-snippet":"max-snippet:-1","max-image-preview":"max-image-preview:large","max-video-preview":"max-video-preview:-1"},"canonical":"https:\/\/www.mines-stetienne.fr\/panoramines\/2019\/02\/16\/releve-le-defi-de-lentreprise-thuasne\/","og_locale":"fr_FR","og_type":"article","og_title":"\"Rel\u00e8ve le d\u00e9fi de l'entreprise Thuasne\" - Panoramines","og_description":"Samedi 9 mars, Espace Agora, Entreprise Thuasne : Hackathon \u00ab&nbsp;Cr\u00e9er un outil num\u00e9rique de sant\u00e9&nbsp;\u00bb &#8211; Inscription avant le 1er mars","og_url":"https:\/\/www.mines-stetienne.fr\/panoramines\/2019\/02\/16\/releve-le-defi-de-lentreprise-thuasne\/","og_site_name":"Panoramines","article_published_time":"2019-02-16T16:13:34+00:00","article_modified_time":"2024-03-07T14:57:47+00:00","og_image":[{"width":720,"height":509,"url":"https:\/\/www.mines-stetienne.fr\/panoramines\/wp-content\/uploads\/sites\/3\/2019\/02\/hackathonCALoireHteL.jpg","type":"image\/jpeg"}],"author":"Nathalie","twitter_card":"summary_large_image","twitter_misc":{"\u00c9crit par":" Nathalie","Dur\u00e9e de lecture estim\u00e9e":"1 minute"},"schema":{"@context":"https:\/\/schema.org","@graph":[{"@type":"Article","@id":"https:\/\/www.mines-stetienne.fr\/panoramines\/2019\/02\/16\/releve-le-defi-de-lentreprise-thuasne\/#article","isPartOf":{"@id":"https:\/\/www.mines-stetienne.fr\/panoramines\/2019\/02\/16\/releve-le-defi-de-lentreprise-thuasne\/"},"author":{"name":"Nathalie","@id":"https:\/\/www.mines-stetienne.fr\/panoramines\/#\/schema\/person\/95e752e6dedac604ce4535123e0f8df7"},"headline":"\u00ab\u00a0Rel\u00e8ve le d\u00e9fi de l&rsquo;entreprise Thuasne\u00a0\u00bb","datePublished":"2019-02-16T16:13:34+00:00","dateModified":"2024-03-07T14:57:47+00:00","mainEntityOfPage":{"@id":"https:\/\/www.mines-stetienne.fr\/panoramines\/2019\/02\/16\/releve-le-defi-de-lentreprise-thuasne\/"},"wordCount":31,"image":{"@id":"https:\/\/www.mines-stetienne.fr\/panoramines\/2019\/02\/16\/releve-le-defi-de-lentreprise-thuasne\/#primaryimage"},"thumbnailUrl":"https:\/\/www.mines-stetienne.fr\/panoramines\/wp-content\/uploads\/sites\/3\/2019\/02\/hackathonCALoireHteL.jpg","keywords":["Hackathon","Saint-\u00c9tienne"],"articleSection":["Vie \u00e9tudiante"],"inLanguage":"fr-FR"},{"@type":"WebPage","@id":"https:\/\/www.mines-stetienne.fr\/panoramines\/2019\/02\/16\/releve-le-defi-de-lentreprise-thuasne\/","url":"https:\/\/www.mines-stetienne.fr\/panoramines\/2019\/02\/16\/releve-le-defi-de-lentreprise-thuasne\/","name":"\"Rel\u00e8ve le d\u00e9fi de l'entreprise Thuasne\" - Panoramines","isPartOf":{"@id":"https:\/\/www.mines-stetienne.fr\/panoramines\/#website"},"primaryImageOfPage":{"@id":"https:\/\/www.mines-stetienne.fr\/panoramines\/2019\/02\/16\/releve-le-defi-de-lentreprise-thuasne\/#primaryimage"},"image":{"@id":"https:\/\/www.mines-stetienne.fr\/panoramines\/2019\/02\/16\/releve-le-defi-de-lentreprise-thuasne\/#primaryimage"},"thumbnailUrl":"https:\/\/www.mines-stetienne.fr\/panoramines\/wp-content\/uploads\/sites\/3\/2019\/02\/hackathonCALoireHteL.jpg","datePublished":"2019-02-16T16:13:34+00:00","dateModified":"2024-03-07T14:57:47+00:00","author":{"@id":"https:\/\/www.mines-stetienne.fr\/panoramines\/#\/schema\/person\/95e752e6dedac604ce4535123e0f8df7"},"breadcrumb":{"@id":"https:\/\/www.mines-stetienne.fr\/panoramines\/2019\/02\/16\/releve-le-defi-de-lentreprise-thuasne\/#breadcrumb"},"inLanguage":"fr-FR","potentialAction":[{"@type":"ReadAction","target":["https:\/\/www.mines-stetienne.fr\/panoramines\/2019\/02\/16\/releve-le-defi-de-lentreprise-thuasne\/"]}]},{"@type":"ImageObject","inLanguage":"fr-FR","@id":"https:\/\/www.mines-stetienne.fr\/panoramines\/2019\/02\/16\/releve-le-defi-de-lentreprise-thuasne\/#primaryimage","url":"https:\/\/www.mines-stetienne.fr\/panoramines\/wp-content\/uploads\/sites\/3\/2019\/02\/hackathonCALoireHteL.jpg","contentUrl":"https:\/\/www.mines-stetienne.fr\/panoramines\/wp-content\/uploads\/sites\/3\/2019\/02\/hackathonCALoireHteL.jpg","width":720,"height":509},{"@type":"BreadcrumbList","@id":"https:\/\/www.mines-stetienne.fr\/panoramines\/2019\/02\/16\/releve-le-defi-de-lentreprise-thuasne\/#breadcrumb","itemListElement":[{"@type":"ListItem","position":1,"name":"Accueil","item":"https:\/\/www.mines-stetienne.fr\/panoramines\/"},{"@type":"ListItem","position":2,"name":"\u00ab\u00a0Rel\u00e8ve le d\u00e9fi de l&rsquo;entreprise Thuasne\u00a0\u00bb"}]},{"@type":"WebSite","@id":"https:\/\/www.mines-stetienne.fr\/panoramines\/#website","url":"https:\/\/www.mines-stetienne.fr\/panoramines\/","name":"Panoramines","description":"Panoramines, l\u2019actualit\u00e9 de MINES Saint-\u00c9tienne","potentialAction":[{"@type":"SearchAction","target":{"@type":"EntryPoint","urlTemplate":"https:\/\/www.mines-stetienne.fr\/panoramines\/?s={search_term_string}"},"query-input":{"@type":"PropertyValueSpecification","valueRequired":true,"valueName":"search_term_string"}}],"inLanguage":"fr-FR"},{"@type":"Person","@id":"https:\/\/www.mines-stetienne.fr\/panoramines\/#\/schema\/person\/95e752e6dedac604ce4535123e0f8df7","name":"Nathalie","image":{"@type":"ImageObject","inLanguage":"fr-FR","@id":"https:\/\/www.mines-stetienne.fr\/panoramines\/wp-content\/uploads\/sites\/3\/2021\/07\/logo-75x75-1.png","url":"https:\/\/www.mines-stetienne.fr\/panoramines\/wp-content\/uploads\/sites\/3\/2021\/07\/logo-75x75-1.png","contentUrl":"https:\/\/www.mines-stetienne.fr\/panoramines\/wp-content\/uploads\/sites\/3\/2021\/07\/logo-75x75-1.png","caption":"Nathalie"},"url":"https:\/\/www.mines-stetienne.fr\/panoramines\/author\/nathalie\/"}]}},"_links":{"self":[{"href":"https:\/\/www.mines-stetienne.fr\/panoramines\/wp-json\/wp\/v2\/posts\/16400","targetHints":{"allow":["GET"]}}],"collection":[{"href":"https:\/\/www.mines-stetienne.fr\/panoramines\/wp-json\/wp\/v2\/posts"}],"about":[{"href":"https:\/\/www.mines-stetienne.fr\/panoramines\/wp-json\/wp\/v2\/types\/post"}],"author":[{"embeddable":true,"href":"https:\/\/www.mines-stetienne.fr\/panoramines\/wp-json\/wp\/v2\/users\/3"}],"replies":[{"embeddable":true,"href":"https:\/\/www.mines-stetienne.fr\/panoramines\/wp-json\/wp\/v2\/comments?post=16400"}],"version-history":[{"count":2,"href":"https:\/\/www.mines-stetienne.fr\/panoramines\/wp-json\/wp\/v2\/posts\/16400\/revisions"}],"predecessor-version":[{"id":26750,"href":"https:\/\/www.mines-stetienne.fr\/panoramines\/wp-json\/wp\/v2\/posts\/16400\/revisions\/26750"}],"wp:featuredmedia":[{"embeddable":true,"href":"https:\/\/www.mines-stetienne.fr\/panoramines\/wp-json\/wp\/v2\/media\/16401"}],"wp:attachment":[{"href":"https:\/\/www.mines-stetienne.fr\/panoramines\/wp-json\/wp\/v2\/media?parent=16400"}],"wp:term":[{"taxonomy":"category","embeddable":true,"href":"https:\/\/www.mines-stetienne.fr\/panoramines\/wp-json\/wp\/v2\/categories?post=16400"},{"taxonomy":"post_tag","embeddable":true,"href":"https:\/\/www.mines-stetienne.fr\/panoramines\/wp-json\/wp\/v2\/tags?post=16400"}],"curies":[{"name":"wp","href":"https:\/\/api.w.org\/{rel}","templated":true}]}}