{"id":16104,"date":"2019-02-04T14:23:14","date_gmt":"2019-02-04T13:23:14","guid":{"rendered":"https:\/\/www.mines-stetienne.fr\/panoramines\/?p=16104"},"modified":"2024-03-07T16:13:09","modified_gmt":"2024-03-07T15:13:09","slug":"un-port-deux-territoires","status":"publish","type":"post","link":"https:\/\/www.mines-stetienne.fr\/panoramines\/2019\/02\/04\/un-port-deux-territoires\/","title":{"rendered":"\u00ab\u00a0Un port, deux territoires\u00a0\u00bb"},"content":{"rendered":"<h4><span style=\"color: #800080\">Dans le cadre de l\u2019enjeu technologique Information Technology et Supply chain (ITS), dispens\u00e9 en 3e ann\u00e9e du cursus ISMIN, les \u00e9l\u00e8ves-ing\u00e9nieurs \u00e9taient convi\u00e9s \u00e0 visiter le port de Marseille le 18 janvier dernier. L\u2019objectif de cette visite \u00e9tait d\u2019appr\u00e9hender l\u2019importance de la logistique d\u2019un port en pleine restructuration.<br \/>\nRetour d&rsquo;exp\u00e9rience propos\u00e9 par Alain Soulignac, promotion EI 2016.<\/span><\/h4>\n<hr \/>\n<p>Le port de Fos-Marseille est une structure \u00e0 l\u2019allure d\u2019un entrep\u00f4t \u00e0 ciel ouvert. Cette premi\u00e8re phrase r\u00e9sume bien ce monstre de logistique employant plus de 44 000 personnes dans le bassin des bouches du Rh\u00f4ne. Demandez d\u2019ailleurs aux Marseillais ce qu\u2019ils pensent du port et ils vous r\u00e9pondront avec un accent qui va titiller vos tympans : \u00ab Le port autonome de Marseille ? peuch\u00e8re c\u2019est la famille \u00bb.<br \/>\nUne visite au port de Marseille est toujours particuli\u00e8re, et ce n\u2019est pas M. <a href=\"&#x6d;&#97;i&#x6c;&#116;o&#x3a;&#x6e;&#97;&#x62;&#x69;&#108;&#46;&#x61;&#98;s&#x69;&#x40;&#101;&#x6d;&#x73;&#101;&#46;&#x66;&#114;\">Nabil Absi<\/a>, enseignant-chercheur au d\u00e9partement\u00a0 Sciences de la Fabrication et Logistique, organisateur de la journ\u00e9e qui va dire le contraire. <em>\u00ab La visite du port je la fais chaque ann\u00e9e et j\u2019apprends toujours de nouvelles choses \u00bb<\/em> explique-t-il.<\/p>\n<p>Pour bien comprendre pourquoi le port de Marseille est si \u00e9tonnant, il faut bien int\u00e9grer qu\u2019il est situ\u00e9 \u00e0 deux endroits diff\u00e9rents. En effet, pour les Marseillais, g\u00e9rer un port \u00e9tait trop simple, ils ont donc d\u00e9cid\u00e9 dans construire un second \u00e0 Fos-sur-Mer. Plus grand, plus moderne et plus comp\u00e9titif, ce second port permet \u00e0 tous les navires en provenance de l\u2019Asie, de l\u2019Europe de l\u2019Est et du Moyen-Orient de pouvoir d\u00e9charger leur marchandise en Europe.<\/p>\n<p>Ce nouveau port est une structure multimodale. On peut l\u2019atteindre de multiples fa\u00e7ons.\u00a0 Par la route, c\u2019est d\u2019ailleurs ce que nous avons fait. C\u2019est une strat\u00e9gie un peu simple. Par la mer, classique sans originalit\u00e9. Via le Rh\u00f4ne qui se jette dans la mer juste \u00e0 c\u00f4t\u00e9. Strat\u00e9gie habile en provenance de Lyon mais pas de Bordeaux. Par les rails, ce qui simplifie beaucoup de choses surtout si on a la carte TGVmax. L&rsquo;ultime mani\u00e8re, pour moi la plus pertinente, passe par le pipeline qui vient de Suisse. Cela permet de transporter tout types de liquides, p\u00e9trole, huile et fromages coulants suisses, des moyens qui font transiter plus d\u2019un million de tonnes de marchandises.<\/p>\n<p><img loading=\"lazy\" decoding=\"async\" class=\"alignnone wp-image-16106\" src=\"https:\/\/www.mines-stetienne.fr\/panoramines\/wp-content\/uploads\/sites\/3\/2019\/01\/DeuxMarseille1.jpg\" alt=\"\" width=\"689\" height=\"306\" srcset=\"https:\/\/www.mines-stetienne.fr\/panoramines\/wp-content\/uploads\/sites\/3\/2019\/01\/DeuxMarseille1.jpg 700w, https:\/\/www.mines-stetienne.fr\/panoramines\/wp-content\/uploads\/sites\/3\/2019\/01\/DeuxMarseille1-300x133.jpg 300w\" sizes=\"auto, (max-width: 689px) 100vw, 689px\" \/><\/p>\n<p>\u00c0 Fos-Marseille, on ne parle pas de quai de d\u00e9chargement mais de darse. C\u2019est pareil mais c\u2019est diff\u00e9rent. On y accoste des bateaux, on les d\u00e9charge mais c\u2019est plus grand qu\u2019un quai. Il existe deux darses \u00e0 Fos, situ\u00e9es de fa\u00e7on \u00e0 \u00eatre \u00e0 l\u2019abri du vent pour permettre de d\u00e9charger les produits plus facilement.<\/p>\n<p>Le plus impressionnant \u00e0 Fos c\u2019est la couleur : en effet, chaque transporteur a d\u00e9cid\u00e9 de choisir une couleur diff\u00e9rente pour bien identifier son conteneur. Du coup, quand on observe une zone de d\u00e9chargement de marchandises, c\u2019est comme si on regardait le g\u00e2teau multicolore de sa petite ni\u00e8ce lors de son anniversaire.<\/p>\n<p>J\u2019ai \u00e9voqu\u00e9 Fos mais Marseille alors ? Le port de Marseille est un monument. Les marseillais ont bien essay\u00e9 de l\u2019inscrire au patrimoine mondial de l\u2019Unesco, dans la cat\u00e9gorie \u00ab monument religieux \u00bb mais ils n\u2019ont pas eu de r\u00e9ponse de l\u2019organisation.<br \/>\nPlus s\u00e9rieusement, le port est actuellement en pleine restructuration. Les marseillais cherchent \u00e0 r\u00e9investir les infrastructures datant pour certaines de plus de 200 ans.<br \/>\nLa forme 10 en est le parfait exemple (<em>une forme est grosso modo un trou dans lequel on met un bateau \u00e0 cale s\u00e8che pour le r\u00e9parer)<\/em>. \u00c0 l&rsquo;abandon, il y a 10 ans, elle est aujourd\u2019hui en pleins travaux, et son carnet de commande d\u00e9j\u00e0 bien rempli.<\/p>\n<p>\u00c0 \u00e9couter notre guide, marseillaise de c\u0153ur, le port de Marseille c\u2019est un peu comme le PSG au football. Je ne suis pas s\u00fbr qu\u2019elle appr\u00e9ciera la comparaison d\u2019ailleurs. Mais \u00e0 l\u2019\u00e9couter, on ressent un attachement particulier presque absurde \u00e0 une structure dont la logistique est tout bonnement impressionnante. Marseille et son port, c\u2019est tout une histoire d\u2019amour.<\/p>\n<hr \/>\n<p>&nbsp;<\/p>\n","protected":false},"excerpt":{"rendered":"<p>Dans le cadre de l\u2019enjeu technologique Information Technology et Supply chain (ITS), dispens\u00e9 en 3e ann\u00e9e du cursus ISMIN, les \u00e9l\u00e8ves-ing\u00e9nieurs \u00e9taient convi\u00e9s \u00e0 visiter le port de Marseille le 18 janvier dernier. L\u2019objectif de cette visite \u00e9tait d\u2019appr\u00e9hender l\u2019importance &hellip;<\/p>\n","protected":false},"author":3,"featured_media":16107,"comment_status":"closed","ping_status":"open","sticky":false,"template":"","format":"standard","meta":{"_relevanssi_hide_post":"","_relevanssi_hide_content":"","_relevanssi_pin_for_all":"","_relevanssi_pin_keywords":"","_relevanssi_unpin_keywords":"","_relevanssi_related_keywords":"","_relevanssi_related_include_ids":"","_relevanssi_related_exclude_ids":"","_relevanssi_related_no_append":"","_relevanssi_related_not_related":"","_relevanssi_related_posts":"","_relevanssi_noindex_reason":"","footnotes":""},"categories":[6],"tags":[42,525,411],"class_list":["post-16104","post","type-post","status-publish","format-standard","has-post-thumbnail","hentry","category-formation","tag-ismin","tag-marseille","tag-region-sud-paca"],"pp_statuses_selecting_workflow":false,"pp_workflow_action":"current","pp_status_selection":"publish","pp_force_visibility":null,"pp_subpost_visibility":null,"pp_inherited_force_visibility":null,"pp_inherited_subpost_visibility":null,"yoast_head":"<!-- This site is optimized with the Yoast SEO plugin v27.5 - https:\/\/yoast.com\/product\/yoast-seo-wordpress\/ -->\n<title>&quot;Un port, deux territoires&quot; - Panoramines<\/title>\n<meta name=\"robots\" content=\"index, follow, max-snippet:-1, max-image-preview:large, max-video-preview:-1\" \/>\n<link rel=\"canonical\" href=\"https:\/\/www.mines-stetienne.fr\/panoramines\/2019\/02\/04\/un-port-deux-territoires\/\" \/>\n<meta property=\"og:locale\" content=\"fr_FR\" \/>\n<meta property=\"og:type\" content=\"article\" \/>\n<meta property=\"og:title\" content=\"&quot;Un port, deux territoires&quot; - Panoramines\" \/>\n<meta property=\"og:description\" content=\"Dans le cadre de l\u2019enjeu technologique Information Technology et Supply chain (ITS), dispens\u00e9 en 3e ann\u00e9e du cursus ISMIN, les \u00e9l\u00e8ves-ing\u00e9nieurs \u00e9taient convi\u00e9s \u00e0 visiter le port de Marseille le 18 janvier dernier. L\u2019objectif de cette visite \u00e9tait d\u2019appr\u00e9hender l\u2019importance &hellip;\" \/>\n<meta property=\"og:url\" content=\"https:\/\/www.mines-stetienne.fr\/panoramines\/2019\/02\/04\/un-port-deux-territoires\/\" \/>\n<meta property=\"og:site_name\" content=\"Panoramines\" \/>\n<meta property=\"article:published_time\" content=\"2019-02-04T13:23:14+00:00\" \/>\n<meta property=\"article:modified_time\" content=\"2024-03-07T15:13:09+00:00\" \/>\n<meta property=\"og:image\" content=\"https:\/\/www.mines-stetienne.fr\/panoramines\/wp-content\/uploads\/sites\/3\/2019\/01\/UneMarseille.jpg\" \/>\n\t<meta property=\"og:image:width\" content=\"700\" \/>\n\t<meta property=\"og:image:height\" content=\"329\" \/>\n\t<meta property=\"og:image:type\" content=\"image\/jpeg\" \/>\n<meta name=\"author\" content=\"Nathalie\" \/>\n<meta name=\"twitter:card\" content=\"summary_large_image\" \/>\n<meta name=\"twitter:label1\" content=\"\u00c9crit par\" \/>\n\t<meta name=\"twitter:data1\" content=\" Nathalie\" \/>\n\t<meta name=\"twitter:label2\" content=\"Dur\u00e9e de lecture estim\u00e9e\" \/>\n\t<meta name=\"twitter:data2\" content=\"4 minutes\" \/>\n<script type=\"application\/ld+json\" class=\"yoast-schema-graph\">{\"@context\":\"https:\\\/\\\/schema.org\",\"@graph\":[{\"@type\":\"Article\",\"@id\":\"https:\\\/\\\/www.mines-stetienne.fr\\\/panoramines\\\/2019\\\/02\\\/04\\\/un-port-deux-territoires\\\/#article\",\"isPartOf\":{\"@id\":\"https:\\\/\\\/www.mines-stetienne.fr\\\/panoramines\\\/2019\\\/02\\\/04\\\/un-port-deux-territoires\\\/\"},\"author\":{\"name\":\"Nathalie\",\"@id\":\"https:\\\/\\\/www.mines-stetienne.fr\\\/panoramines\\\/#\\\/schema\\\/person\\\/95e752e6dedac604ce4535123e0f8df7\"},\"headline\":\"\u00ab\u00a0Un port, deux territoires\u00a0\u00bb\",\"datePublished\":\"2019-02-04T13:23:14+00:00\",\"dateModified\":\"2024-03-07T15:13:09+00:00\",\"mainEntityOfPage\":{\"@id\":\"https:\\\/\\\/www.mines-stetienne.fr\\\/panoramines\\\/2019\\\/02\\\/04\\\/un-port-deux-territoires\\\/\"},\"wordCount\":708,\"image\":{\"@id\":\"https:\\\/\\\/www.mines-stetienne.fr\\\/panoramines\\\/2019\\\/02\\\/04\\\/un-port-deux-territoires\\\/#primaryimage\"},\"thumbnailUrl\":\"https:\\\/\\\/www.mines-stetienne.fr\\\/panoramines\\\/wp-content\\\/uploads\\\/sites\\\/3\\\/2019\\\/01\\\/UneMarseille.jpg\",\"keywords\":[\"ISMIN\",\"Marseille\",\"R\u00e9gion Sud-PACA\"],\"articleSection\":[\"Formation\"],\"inLanguage\":\"fr-FR\"},{\"@type\":\"WebPage\",\"@id\":\"https:\\\/\\\/www.mines-stetienne.fr\\\/panoramines\\\/2019\\\/02\\\/04\\\/un-port-deux-territoires\\\/\",\"url\":\"https:\\\/\\\/www.mines-stetienne.fr\\\/panoramines\\\/2019\\\/02\\\/04\\\/un-port-deux-territoires\\\/\",\"name\":\"\\\"Un port, deux territoires\\\" - Panoramines\",\"isPartOf\":{\"@id\":\"https:\\\/\\\/www.mines-stetienne.fr\\\/panoramines\\\/#website\"},\"primaryImageOfPage\":{\"@id\":\"https:\\\/\\\/www.mines-stetienne.fr\\\/panoramines\\\/2019\\\/02\\\/04\\\/un-port-deux-territoires\\\/#primaryimage\"},\"image\":{\"@id\":\"https:\\\/\\\/www.mines-stetienne.fr\\\/panoramines\\\/2019\\\/02\\\/04\\\/un-port-deux-territoires\\\/#primaryimage\"},\"thumbnailUrl\":\"https:\\\/\\\/www.mines-stetienne.fr\\\/panoramines\\\/wp-content\\\/uploads\\\/sites\\\/3\\\/2019\\\/01\\\/UneMarseille.jpg\",\"datePublished\":\"2019-02-04T13:23:14+00:00\",\"dateModified\":\"2024-03-07T15:13:09+00:00\",\"author\":{\"@id\":\"https:\\\/\\\/www.mines-stetienne.fr\\\/panoramines\\\/#\\\/schema\\\/person\\\/95e752e6dedac604ce4535123e0f8df7\"},\"breadcrumb\":{\"@id\":\"https:\\\/\\\/www.mines-stetienne.fr\\\/panoramines\\\/2019\\\/02\\\/04\\\/un-port-deux-territoires\\\/#breadcrumb\"},\"inLanguage\":\"fr-FR\",\"potentialAction\":[{\"@type\":\"ReadAction\",\"target\":[\"https:\\\/\\\/www.mines-stetienne.fr\\\/panoramines\\\/2019\\\/02\\\/04\\\/un-port-deux-territoires\\\/\"]}]},{\"@type\":\"ImageObject\",\"inLanguage\":\"fr-FR\",\"@id\":\"https:\\\/\\\/www.mines-stetienne.fr\\\/panoramines\\\/2019\\\/02\\\/04\\\/un-port-deux-territoires\\\/#primaryimage\",\"url\":\"https:\\\/\\\/www.mines-stetienne.fr\\\/panoramines\\\/wp-content\\\/uploads\\\/sites\\\/3\\\/2019\\\/01\\\/UneMarseille.jpg\",\"contentUrl\":\"https:\\\/\\\/www.mines-stetienne.fr\\\/panoramines\\\/wp-content\\\/uploads\\\/sites\\\/3\\\/2019\\\/01\\\/UneMarseille.jpg\",\"width\":700,\"height\":329},{\"@type\":\"BreadcrumbList\",\"@id\":\"https:\\\/\\\/www.mines-stetienne.fr\\\/panoramines\\\/2019\\\/02\\\/04\\\/un-port-deux-territoires\\\/#breadcrumb\",\"itemListElement\":[{\"@type\":\"ListItem\",\"position\":1,\"name\":\"Accueil\",\"item\":\"https:\\\/\\\/www.mines-stetienne.fr\\\/panoramines\\\/\"},{\"@type\":\"ListItem\",\"position\":2,\"name\":\"\u00ab\u00a0Un port, deux territoires\u00a0\u00bb\"}]},{\"@type\":\"WebSite\",\"@id\":\"https:\\\/\\\/www.mines-stetienne.fr\\\/panoramines\\\/#website\",\"url\":\"https:\\\/\\\/www.mines-stetienne.fr\\\/panoramines\\\/\",\"name\":\"Panoramines\",\"description\":\"Panoramines, l\u2019actualit\u00e9 de MINES Saint-\u00c9tienne\",\"potentialAction\":[{\"@type\":\"SearchAction\",\"target\":{\"@type\":\"EntryPoint\",\"urlTemplate\":\"https:\\\/\\\/www.mines-stetienne.fr\\\/panoramines\\\/?s={search_term_string}\"},\"query-input\":{\"@type\":\"PropertyValueSpecification\",\"valueRequired\":true,\"valueName\":\"search_term_string\"}}],\"inLanguage\":\"fr-FR\"},{\"@type\":\"Person\",\"@id\":\"https:\\\/\\\/www.mines-stetienne.fr\\\/panoramines\\\/#\\\/schema\\\/person\\\/95e752e6dedac604ce4535123e0f8df7\",\"name\":\"Nathalie\",\"image\":{\"@type\":\"ImageObject\",\"inLanguage\":\"fr-FR\",\"@id\":\"https:\\\/\\\/www.mines-stetienne.fr\\\/panoramines\\\/wp-content\\\/uploads\\\/sites\\\/3\\\/2021\\\/07\\\/logo-75x75-1.png\",\"url\":\"https:\\\/\\\/www.mines-stetienne.fr\\\/panoramines\\\/wp-content\\\/uploads\\\/sites\\\/3\\\/2021\\\/07\\\/logo-75x75-1.png\",\"contentUrl\":\"https:\\\/\\\/www.mines-stetienne.fr\\\/panoramines\\\/wp-content\\\/uploads\\\/sites\\\/3\\\/2021\\\/07\\\/logo-75x75-1.png\",\"caption\":\"Nathalie\"},\"url\":\"https:\\\/\\\/www.mines-stetienne.fr\\\/panoramines\\\/author\\\/nathalie\\\/\"}]}<\/script>\n<!-- \/ Yoast SEO plugin. -->","yoast_head_json":{"title":"\"Un port, deux territoires\" - Panoramines","robots":{"index":"index","follow":"follow","max-snippet":"max-snippet:-1","max-image-preview":"max-image-preview:large","max-video-preview":"max-video-preview:-1"},"canonical":"https:\/\/www.mines-stetienne.fr\/panoramines\/2019\/02\/04\/un-port-deux-territoires\/","og_locale":"fr_FR","og_type":"article","og_title":"\"Un port, deux territoires\" - Panoramines","og_description":"Dans le cadre de l\u2019enjeu technologique Information Technology et Supply chain (ITS), dispens\u00e9 en 3e ann\u00e9e du cursus ISMIN, les \u00e9l\u00e8ves-ing\u00e9nieurs \u00e9taient convi\u00e9s \u00e0 visiter le port de Marseille le 18 janvier dernier. L\u2019objectif de cette visite \u00e9tait d\u2019appr\u00e9hender l\u2019importance &hellip;","og_url":"https:\/\/www.mines-stetienne.fr\/panoramines\/2019\/02\/04\/un-port-deux-territoires\/","og_site_name":"Panoramines","article_published_time":"2019-02-04T13:23:14+00:00","article_modified_time":"2024-03-07T15:13:09+00:00","og_image":[{"width":700,"height":329,"url":"https:\/\/www.mines-stetienne.fr\/panoramines\/wp-content\/uploads\/sites\/3\/2019\/01\/UneMarseille.jpg","type":"image\/jpeg"}],"author":"Nathalie","twitter_card":"summary_large_image","twitter_misc":{"\u00c9crit par":" Nathalie","Dur\u00e9e de lecture estim\u00e9e":"4 minutes"},"schema":{"@context":"https:\/\/schema.org","@graph":[{"@type":"Article","@id":"https:\/\/www.mines-stetienne.fr\/panoramines\/2019\/02\/04\/un-port-deux-territoires\/#article","isPartOf":{"@id":"https:\/\/www.mines-stetienne.fr\/panoramines\/2019\/02\/04\/un-port-deux-territoires\/"},"author":{"name":"Nathalie","@id":"https:\/\/www.mines-stetienne.fr\/panoramines\/#\/schema\/person\/95e752e6dedac604ce4535123e0f8df7"},"headline":"\u00ab\u00a0Un port, deux territoires\u00a0\u00bb","datePublished":"2019-02-04T13:23:14+00:00","dateModified":"2024-03-07T15:13:09+00:00","mainEntityOfPage":{"@id":"https:\/\/www.mines-stetienne.fr\/panoramines\/2019\/02\/04\/un-port-deux-territoires\/"},"wordCount":708,"image":{"@id":"https:\/\/www.mines-stetienne.fr\/panoramines\/2019\/02\/04\/un-port-deux-territoires\/#primaryimage"},"thumbnailUrl":"https:\/\/www.mines-stetienne.fr\/panoramines\/wp-content\/uploads\/sites\/3\/2019\/01\/UneMarseille.jpg","keywords":["ISMIN","Marseille","R\u00e9gion Sud-PACA"],"articleSection":["Formation"],"inLanguage":"fr-FR"},{"@type":"WebPage","@id":"https:\/\/www.mines-stetienne.fr\/panoramines\/2019\/02\/04\/un-port-deux-territoires\/","url":"https:\/\/www.mines-stetienne.fr\/panoramines\/2019\/02\/04\/un-port-deux-territoires\/","name":"\"Un port, deux territoires\" - Panoramines","isPartOf":{"@id":"https:\/\/www.mines-stetienne.fr\/panoramines\/#website"},"primaryImageOfPage":{"@id":"https:\/\/www.mines-stetienne.fr\/panoramines\/2019\/02\/04\/un-port-deux-territoires\/#primaryimage"},"image":{"@id":"https:\/\/www.mines-stetienne.fr\/panoramines\/2019\/02\/04\/un-port-deux-territoires\/#primaryimage"},"thumbnailUrl":"https:\/\/www.mines-stetienne.fr\/panoramines\/wp-content\/uploads\/sites\/3\/2019\/01\/UneMarseille.jpg","datePublished":"2019-02-04T13:23:14+00:00","dateModified":"2024-03-07T15:13:09+00:00","author":{"@id":"https:\/\/www.mines-stetienne.fr\/panoramines\/#\/schema\/person\/95e752e6dedac604ce4535123e0f8df7"},"breadcrumb":{"@id":"https:\/\/www.mines-stetienne.fr\/panoramines\/2019\/02\/04\/un-port-deux-territoires\/#breadcrumb"},"inLanguage":"fr-FR","potentialAction":[{"@type":"ReadAction","target":["https:\/\/www.mines-stetienne.fr\/panoramines\/2019\/02\/04\/un-port-deux-territoires\/"]}]},{"@type":"ImageObject","inLanguage":"fr-FR","@id":"https:\/\/www.mines-stetienne.fr\/panoramines\/2019\/02\/04\/un-port-deux-territoires\/#primaryimage","url":"https:\/\/www.mines-stetienne.fr\/panoramines\/wp-content\/uploads\/sites\/3\/2019\/01\/UneMarseille.jpg","contentUrl":"https:\/\/www.mines-stetienne.fr\/panoramines\/wp-content\/uploads\/sites\/3\/2019\/01\/UneMarseille.jpg","width":700,"height":329},{"@type":"BreadcrumbList","@id":"https:\/\/www.mines-stetienne.fr\/panoramines\/2019\/02\/04\/un-port-deux-territoires\/#breadcrumb","itemListElement":[{"@type":"ListItem","position":1,"name":"Accueil","item":"https:\/\/www.mines-stetienne.fr\/panoramines\/"},{"@type":"ListItem","position":2,"name":"\u00ab\u00a0Un port, deux territoires\u00a0\u00bb"}]},{"@type":"WebSite","@id":"https:\/\/www.mines-stetienne.fr\/panoramines\/#website","url":"https:\/\/www.mines-stetienne.fr\/panoramines\/","name":"Panoramines","description":"Panoramines, l\u2019actualit\u00e9 de MINES Saint-\u00c9tienne","potentialAction":[{"@type":"SearchAction","target":{"@type":"EntryPoint","urlTemplate":"https:\/\/www.mines-stetienne.fr\/panoramines\/?s={search_term_string}"},"query-input":{"@type":"PropertyValueSpecification","valueRequired":true,"valueName":"search_term_string"}}],"inLanguage":"fr-FR"},{"@type":"Person","@id":"https:\/\/www.mines-stetienne.fr\/panoramines\/#\/schema\/person\/95e752e6dedac604ce4535123e0f8df7","name":"Nathalie","image":{"@type":"ImageObject","inLanguage":"fr-FR","@id":"https:\/\/www.mines-stetienne.fr\/panoramines\/wp-content\/uploads\/sites\/3\/2021\/07\/logo-75x75-1.png","url":"https:\/\/www.mines-stetienne.fr\/panoramines\/wp-content\/uploads\/sites\/3\/2021\/07\/logo-75x75-1.png","contentUrl":"https:\/\/www.mines-stetienne.fr\/panoramines\/wp-content\/uploads\/sites\/3\/2021\/07\/logo-75x75-1.png","caption":"Nathalie"},"url":"https:\/\/www.mines-stetienne.fr\/panoramines\/author\/nathalie\/"}]}},"_links":{"self":[{"href":"https:\/\/www.mines-stetienne.fr\/panoramines\/wp-json\/wp\/v2\/posts\/16104","targetHints":{"allow":["GET"]}}],"collection":[{"href":"https:\/\/www.mines-stetienne.fr\/panoramines\/wp-json\/wp\/v2\/posts"}],"about":[{"href":"https:\/\/www.mines-stetienne.fr\/panoramines\/wp-json\/wp\/v2\/types\/post"}],"author":[{"embeddable":true,"href":"https:\/\/www.mines-stetienne.fr\/panoramines\/wp-json\/wp\/v2\/users\/3"}],"replies":[{"embeddable":true,"href":"https:\/\/www.mines-stetienne.fr\/panoramines\/wp-json\/wp\/v2\/comments?post=16104"}],"version-history":[{"count":7,"href":"https:\/\/www.mines-stetienne.fr\/panoramines\/wp-json\/wp\/v2\/posts\/16104\/revisions"}],"predecessor-version":[{"id":16138,"href":"https:\/\/www.mines-stetienne.fr\/panoramines\/wp-json\/wp\/v2\/posts\/16104\/revisions\/16138"}],"wp:featuredmedia":[{"embeddable":true,"href":"https:\/\/www.mines-stetienne.fr\/panoramines\/wp-json\/wp\/v2\/media\/16107"}],"wp:attachment":[{"href":"https:\/\/www.mines-stetienne.fr\/panoramines\/wp-json\/wp\/v2\/media?parent=16104"}],"wp:term":[{"taxonomy":"category","embeddable":true,"href":"https:\/\/www.mines-stetienne.fr\/panoramines\/wp-json\/wp\/v2\/categories?post=16104"},{"taxonomy":"post_tag","embeddable":true,"href":"https:\/\/www.mines-stetienne.fr\/panoramines\/wp-json\/wp\/v2\/tags?post=16104"}],"curies":[{"name":"wp","href":"https:\/\/api.w.org\/{rel}","templated":true}]}}